{"id":86341,"date":"2022-10-18T11:00:00","date_gmt":"2022-10-18T09:00:00","guid":{"rendered":"https:\/\/www.iemj.org\/?p=86341"},"modified":"2025-04-16T15:04:57","modified_gmt":"2025-04-16T13:04:57","slug":"kalarash-musique-klezmer-chansons-yiddish-et-francaises","status":"publish","type":"post","link":"https:\/\/www.iemj.org\/de\/kalarash-musique-klezmer-chansons-yiddish-et-francaises\/","title":{"rendered":"KALARASH &#8211; Klezmer-Musik, jiddische und franz\u00f6sische Lieder"},"content":{"rendered":"\n<div class=\"wp-block-group\"><div class=\"wp-block-group__inner-container is-layout-flow wp-block-group-is-layout-flow\">\n<h3>&nbsp;<\/h3>\n<h3 id=\"2-eael-table-of-content\" class=\"post_excerpt eael-heading-content\">8. CD DER ENTDECKUNGEN-SAMMLUNG<\/h3>\n<p><!--more--><\/p>\n<p><em>Kalarash<\/em> bezieht sich auf eine bekannte Klezmer-Melodie, aber auch auf eine kleine Stadt in Moldawien (C\u0103l\u0103ra\u0219i, was \u201eDie Reiter\u201c bedeutet), in deren Stra\u00dfen Melodien erklingen, die von rum\u00e4nischer, Zigeuner- und Klezmer-Folklore inspiriert sind. Auf diesem Anspruch gest\u00fctzt l\u00e4sst sich die 2010 in Besan\u00e7on von der Geigerin Agathe Llorca und dem Cembalisten David Lefebvre gegr\u00fcndete Gruppe Kalarash von diesen kleinen Streichorchestern \u2013 dem taraf f\u00fcr die rum\u00e4nische L\u0103utar-Musik oder dem Kapelye f\u00fcr die Klezmer-Musik \u2013 inspirieren und interpretiert mal zeremonielle, mal lebhafte Tanzmelodien, jiddische Kabarettlieder, rum\u00e4nische Balladen und andere \u00dcberraschungen.<\/p>\n<p>Die vorliegende Kompilation umfasst Klezmer-Melodien, jiddische und franz\u00f6sische Lieder, die uns in die verr\u00fcckte Welt dieser Gruppe von sechs fr\u00f6hlichen Gesellen entf\u00fchren.<\/p>\n<p>Eine belebende CD, die man unm\u00e4\u00dfig genie\u00dfen kann&#8230;<\/p>\n<p>Diese CD wurde mit der Unterst\u00fctzung der Stiftung f\u00fcr Franz\u00f6sisches Judentum&nbsp;(<a class=\"spip_out\" href=\"https:\/\/www.fondationjudaisme.org\/\" target=\"_blank\" rel=\"external noopener\">Fondation du Juda\u00efsme Fran\u00e7ais<\/a>),&nbsp;der Stiftung zur Erinnerung an die Shoah&nbsp;(<a class=\"spip_out\" href=\"http:\/\/www.fondationshoah.org\/\" target=\"_blank\" rel=\"external noopener\">Fondation pour la M\u00e9moire de la Shoah<\/a>), der&nbsp;<a class=\"spip_out\" href=\"https:\/\/www.iemj.org\/fondation-henriette-halphen\/\" target=\"_blank\" rel=\"noopener\">Henriette Halphen<\/a>&nbsp;und Ir\u00e8ne und Jacques Darmon&nbsp;Stiftung, und unter der Schirmherrschaft der FJF und der&nbsp;<a class=\"spip_out\" href=\"https:\/\/www.aiu.org\/fr\/alliance-israelite-universelle\" target=\"_blank\" rel=\"external noopener\">Alliance Isra\u00e9lite Universelle<\/a>&nbsp;hergestellt.<\/p>\n<h2 id=\"3-eael-table-of-content\" class=\"eael-heading-content\"><a href=\"https:\/\/www.iemj.org\/de\/product\/kalarash-klezmer-music-yiddish-and-french-songs\" target=\"_blank\" rel=\"noopener\">Diese CD online im IEMJ-Shop kaufen<\/a><\/h2>\n<p><strong>Informationen\/Bestellungen \/ Kontakt unter<\/strong>&nbsp;01 45 82 20 52 oder&nbsp;<a href=\"https:\/\/www.iemj.org\/de\/melodies-hebraiques-pour-violoncelle-et-piano\/contact@iemj.org\" target=\"_blank\" rel=\"noopener\">contact@iemj.org<\/a><\/p>\n<p><img fetchpriority=\"high\" decoding=\"async\" class=\"wp-image-86274 aligncenter\" src=\"https:\/\/www.iemj.org\/wp-content\/uploads\/2022\/07\/Couv4-CDD8-Kalarash-avec-tranche-300x256.jpg\" alt=\"\" width=\"669\" height=\"571\" srcset=\"https:\/\/www.iemj.org\/wp-content\/uploads\/2022\/07\/Couv4-CDD8-Kalarash-avec-tranche-300x256.jpg 300w, https:\/\/www.iemj.org\/wp-content\/uploads\/2022\/07\/Couv4-CDD8-Kalarash-avec-tranche-600x512.jpg 600w, https:\/\/www.iemj.org\/wp-content\/uploads\/2022\/07\/Couv4-CDD8-Kalarash-avec-tranche.jpg 720w\" sizes=\"(max-width: 669px) 100vw, 669px\" \/><\/p>\n<\/div><\/div>\n\n\n\n<div class=\"wp-block-group\"><div class=\"wp-block-group__inner-container is-layout-flow wp-block-group-is-layout-flow\">\n<figure class=\"wp-block-embed is-type-video is-provider-youtube wp-block-embed-youtube wp-embed-aspect-16-9 wp-has-aspect-ratio\"><div class=\"wp-block-embed__wrapper\">\n<iframe title=\"CLIP de KALARASH\" width=\"640\" height=\"360\" src=\"https:\/\/www.youtube.com\/embed\/bvNyL2Cqhh4?feature=oembed\" frameborder=\"0\" allow=\"accelerometer; autoplay; clipboard-write; encrypted-media; gyroscope; picture-in-picture; web-share\" referrerpolicy=\"strict-origin-when-cross-origin\" allowfullscreen><\/iframe>\n<\/div><\/figure>\n<\/div><\/div>\n\n\n\n<figure class=\"wp-block-image size-large\"><img decoding=\"async\" width=\"1024\" height=\"133\" src=\"https:\/\/www.iemj.org\/wp-content\/uploads\/2024\/03\/AUDIO-PLAYER-1024x133.png\" alt=\"\" class=\"wp-image-110606\" srcset=\"https:\/\/www.iemj.org\/wp-content\/uploads\/2024\/03\/AUDIO-PLAYER-1024x133.png 1024w, https:\/\/www.iemj.org\/wp-content\/uploads\/2024\/03\/AUDIO-PLAYER-300x39.png 300w, https:\/\/www.iemj.org\/wp-content\/uploads\/2024\/03\/AUDIO-PLAYER-768x100.png 768w, https:\/\/www.iemj.org\/wp-content\/uploads\/2024\/03\/AUDIO-PLAYER-600x78.png 600w, https:\/\/www.iemj.org\/wp-content\/uploads\/2024\/03\/AUDIO-PLAYER.png 1210w\" sizes=\"(max-width: 1024px) 100vw, 1024px\" \/><\/figure>\n","protected":false},"excerpt":{"rendered":"<p>&nbsp; 8. CD DER ENTDECKUNGEN-SAMMLUNG &nbsp; 8. CD DER ENTDECKUNGEN-SAMMLUNG<\/p>\n","protected":false},"author":5,"featured_media":86269,"comment_status":"closed","ping_status":"closed","sticky":false,"template":"","format":"standard","meta":{"_acf_changed":false,"footnotes":""},"categories":[1393,2203,1390],"tags":[],"technique":[],"squelettes":[],"sujet":[],"formation":[],"genre":[1875,1864],"fonds":[],"tradition":[],"type-de-contenu":[],"interprete-compositeur":[],"frise":[],"type-devenement":[],"tableaux-liens-externes":[],"class_list":["post-86341","post","type-post","status-publish","format-standard","has-post-thumbnail","hentry","category-cd-iemj-de","category-entdeckungen-sammlung-de","category-veroffentlichungen-de","genre-klezmer-de","genre-yiddish-de"],"acf":[],"yoast_head":"<!-- This site is optimized with the Yoast SEO plugin v27.3 - https:\/\/yoast.com\/product\/yoast-seo-wordpress\/ -->\n<title>KALARASH - Klezmer-Musik, jiddische und franz\u00f6sische Lieder - Institut Europ\u00e9en des Musiques Juives<\/title>\n<meta name=\"robots\" content=\"index, follow, max-snippet:-1, max-image-preview:large, max-video-preview:-1\" \/>\n<link rel=\"canonical\" href=\"https:\/\/www.iemj.org\/de\/kalarash-musique-klezmer-chansons-yiddish-et-francaises\/\" \/>\n<meta property=\"og:locale\" content=\"de_DE\" \/>\n<meta property=\"og:type\" content=\"article\" \/>\n<meta property=\"og:title\" content=\"KALARASH - Klezmer-Musik, jiddische und franz\u00f6sische Lieder - Institut Europ\u00e9en des Musiques Juives\" \/>\n<meta property=\"og:description\" content=\"&nbsp; 8. CD DER ENTDECKUNGEN-SAMMLUNG &nbsp; 8. CD DER ENTDECKUNGEN-SAMMLUNG\" \/>\n<meta property=\"og:url\" content=\"https:\/\/www.iemj.org\/de\/kalarash-musique-klezmer-chansons-yiddish-et-francaises\/\" \/>\n<meta property=\"og:site_name\" content=\"Institut Europ\u00e9en des Musiques Juives\" \/>\n<meta property=\"article:publisher\" content=\"https:\/\/www.facebook.com\/MusiquesJuives\/\" \/>\n<meta property=\"article:published_time\" content=\"2022-10-18T09:00:00+00:00\" \/>\n<meta property=\"article:modified_time\" content=\"2025-04-16T13:04:57+00:00\" \/>\n<meta property=\"og:image\" content=\"https:\/\/www.iemj.org\/wp-content\/uploads\/2022\/07\/Couv-CDD8-Kalarash-pour-site-1.jpg\" \/>\n\t<meta property=\"og:image:width\" content=\"450\" \/>\n\t<meta property=\"og:image:height\" content=\"404\" \/>\n\t<meta property=\"og:image:type\" content=\"image\/jpeg\" \/>\n<meta name=\"author\" content=\"Jacqueline ROTEN\" \/>\n<meta name=\"twitter:card\" content=\"summary_large_image\" \/>\n<meta name=\"twitter:label1\" content=\"Verfasst von\" \/>\n\t<meta name=\"twitter:data1\" content=\"Jacqueline ROTEN\" \/>\n\t<meta name=\"twitter:label2\" content=\"Gesch\u00e4tzte Lesezeit\" \/>\n\t<meta name=\"twitter:data2\" content=\"2\u00a0Minuten\" \/>\n<script type=\"application\/ld+json\" class=\"yoast-schema-graph\">{\"@context\":\"https:\\\/\\\/schema.org\",\"@graph\":[{\"@type\":\"Article\",\"@id\":\"https:\\\/\\\/www.iemj.org\\\/de\\\/kalarash-musique-klezmer-chansons-yiddish-et-francaises\\\/#article\",\"isPartOf\":{\"@id\":\"https:\\\/\\\/www.iemj.org\\\/de\\\/kalarash-musique-klezmer-chansons-yiddish-et-francaises\\\/\"},\"author\":{\"name\":\"Jacqueline ROTEN\",\"@id\":\"https:\\\/\\\/www.iemj.org\\\/de\\\/#\\\/schema\\\/person\\\/358e26c18aca017fcc4cc15437f7279c\"},\"headline\":\"KALARASH &#8211; Klezmer-Musik, jiddische und franz\u00f6sische Lieder\",\"datePublished\":\"2022-10-18T09:00:00+00:00\",\"dateModified\":\"2025-04-16T13:04:57+00:00\",\"mainEntityOfPage\":{\"@id\":\"https:\\\/\\\/www.iemj.org\\\/de\\\/kalarash-musique-klezmer-chansons-yiddish-et-francaises\\\/\"},\"wordCount\":238,\"publisher\":{\"@id\":\"https:\\\/\\\/www.iemj.org\\\/de\\\/#organization\"},\"image\":{\"@id\":\"https:\\\/\\\/www.iemj.org\\\/de\\\/kalarash-musique-klezmer-chansons-yiddish-et-francaises\\\/#primaryimage\"},\"thumbnailUrl\":\"https:\\\/\\\/www.iemj.org\\\/wp-content\\\/uploads\\\/2022\\\/07\\\/Couv-CDD8-Kalarash-pour-site-1.jpg\",\"articleSection\":[\"CD IEMJ\",\"Entdeckungen Sammlung\",\"Ver\u00f6ffentlichungen\"],\"inLanguage\":\"de\"},{\"@type\":\"WebPage\",\"@id\":\"https:\\\/\\\/www.iemj.org\\\/de\\\/kalarash-musique-klezmer-chansons-yiddish-et-francaises\\\/\",\"url\":\"https:\\\/\\\/www.iemj.org\\\/de\\\/kalarash-musique-klezmer-chansons-yiddish-et-francaises\\\/\",\"name\":\"KALARASH - Klezmer-Musik, jiddische und franz\u00f6sische Lieder - Institut Europ\u00e9en des Musiques Juives\",\"isPartOf\":{\"@id\":\"https:\\\/\\\/www.iemj.org\\\/de\\\/#website\"},\"primaryImageOfPage\":{\"@id\":\"https:\\\/\\\/www.iemj.org\\\/de\\\/kalarash-musique-klezmer-chansons-yiddish-et-francaises\\\/#primaryimage\"},\"image\":{\"@id\":\"https:\\\/\\\/www.iemj.org\\\/de\\\/kalarash-musique-klezmer-chansons-yiddish-et-francaises\\\/#primaryimage\"},\"thumbnailUrl\":\"https:\\\/\\\/www.iemj.org\\\/wp-content\\\/uploads\\\/2022\\\/07\\\/Couv-CDD8-Kalarash-pour-site-1.jpg\",\"datePublished\":\"2022-10-18T09:00:00+00:00\",\"dateModified\":\"2025-04-16T13:04:57+00:00\",\"breadcrumb\":{\"@id\":\"https:\\\/\\\/www.iemj.org\\\/de\\\/kalarash-musique-klezmer-chansons-yiddish-et-francaises\\\/#breadcrumb\"},\"inLanguage\":\"de\",\"potentialAction\":[{\"@type\":\"ReadAction\",\"target\":[\"https:\\\/\\\/www.iemj.org\\\/de\\\/kalarash-musique-klezmer-chansons-yiddish-et-francaises\\\/\"]}]},{\"@type\":\"ImageObject\",\"inLanguage\":\"de\",\"@id\":\"https:\\\/\\\/www.iemj.org\\\/de\\\/kalarash-musique-klezmer-chansons-yiddish-et-francaises\\\/#primaryimage\",\"url\":\"https:\\\/\\\/www.iemj.org\\\/wp-content\\\/uploads\\\/2022\\\/07\\\/Couv-CDD8-Kalarash-pour-site-1.jpg\",\"contentUrl\":\"https:\\\/\\\/www.iemj.org\\\/wp-content\\\/uploads\\\/2022\\\/07\\\/Couv-CDD8-Kalarash-pour-site-1.jpg\",\"width\":450,\"height\":404},{\"@type\":\"BreadcrumbList\",\"@id\":\"https:\\\/\\\/www.iemj.org\\\/de\\\/kalarash-musique-klezmer-chansons-yiddish-et-francaises\\\/#breadcrumb\",\"itemListElement\":[{\"@type\":\"ListItem\",\"position\":1,\"name\":\"Accueil\",\"item\":\"https:\\\/\\\/www.iemj.org\\\/de\\\/\"},{\"@type\":\"ListItem\",\"position\":2,\"name\":\"KALARASH &#8211; Klezmer-Musik, jiddische und franz\u00f6sische Lieder\"}]},{\"@type\":\"WebSite\",\"@id\":\"https:\\\/\\\/www.iemj.org\\\/de\\\/#website\",\"url\":\"https:\\\/\\\/www.iemj.org\\\/de\\\/\",\"name\":\"Institut Europ\u00e9en des Musiques Juives\",\"description\":\"Des traditions musicales \u00e0 la port\u00e9e de tous\",\"publisher\":{\"@id\":\"https:\\\/\\\/www.iemj.org\\\/de\\\/#organization\"},\"potentialAction\":[{\"@type\":\"SearchAction\",\"target\":{\"@type\":\"EntryPoint\",\"urlTemplate\":\"https:\\\/\\\/www.iemj.org\\\/de\\\/?s={search_term_string}\"},\"query-input\":{\"@type\":\"PropertyValueSpecification\",\"valueRequired\":true,\"valueName\":\"search_term_string\"}}],\"inLanguage\":\"de\"},{\"@type\":\"Organization\",\"@id\":\"https:\\\/\\\/www.iemj.org\\\/de\\\/#organization\",\"name\":\"Institut Europ\u00e9en des Musiques Juives\",\"url\":\"https:\\\/\\\/www.iemj.org\\\/de\\\/\",\"logo\":{\"@type\":\"ImageObject\",\"inLanguage\":\"de\",\"@id\":\"https:\\\/\\\/www.iemj.org\\\/de\\\/#\\\/schema\\\/logo\\\/image\\\/\",\"url\":\"https:\\\/\\\/www.iemj.org\\\/wp-content\\\/uploads\\\/2021\\\/09\\\/Logo-IEMJ-Paypal.jpg\",\"contentUrl\":\"https:\\\/\\\/www.iemj.org\\\/wp-content\\\/uploads\\\/2021\\\/09\\\/Logo-IEMJ-Paypal.jpg\",\"width\":150,\"height\":50,\"caption\":\"Institut Europ\u00e9en des Musiques Juives\"},\"image\":{\"@id\":\"https:\\\/\\\/www.iemj.org\\\/de\\\/#\\\/schema\\\/logo\\\/image\\\/\"},\"sameAs\":[\"https:\\\/\\\/www.facebook.com\\\/MusiquesJuives\\\/\",\"https:\\\/\\\/www.instagram.com\\\/musiquesjuives\\\/\",\"https:\\\/\\\/www.youtube.com\\\/user\\\/musiquesjuives\"]},{\"@type\":\"Person\",\"@id\":\"https:\\\/\\\/www.iemj.org\\\/de\\\/#\\\/schema\\\/person\\\/358e26c18aca017fcc4cc15437f7279c\",\"name\":\"Jacqueline ROTEN\",\"image\":{\"@type\":\"ImageObject\",\"inLanguage\":\"de\",\"@id\":\"https:\\\/\\\/secure.gravatar.com\\\/avatar\\\/5964256d6c6957de3a3505278957e0fb2a35119ac47ea41827a65301213c810b?s=96&d=mm&r=g\",\"url\":\"https:\\\/\\\/secure.gravatar.com\\\/avatar\\\/5964256d6c6957de3a3505278957e0fb2a35119ac47ea41827a65301213c810b?s=96&d=mm&r=g\",\"contentUrl\":\"https:\\\/\\\/secure.gravatar.com\\\/avatar\\\/5964256d6c6957de3a3505278957e0fb2a35119ac47ea41827a65301213c810b?s=96&d=mm&r=g\",\"caption\":\"Jacqueline ROTEN\"}}]}<\/script>\n<!-- \/ Yoast SEO plugin. -->","yoast_head_json":{"title":"KALARASH - Klezmer-Musik, jiddische und franz\u00f6sische Lieder - Institut Europ\u00e9en des Musiques Juives","robots":{"index":"index","follow":"follow","max-snippet":"max-snippet:-1","max-image-preview":"max-image-preview:large","max-video-preview":"max-video-preview:-1"},"canonical":"https:\/\/www.iemj.org\/de\/kalarash-musique-klezmer-chansons-yiddish-et-francaises\/","og_locale":"de_DE","og_type":"article","og_title":"KALARASH - Klezmer-Musik, jiddische und franz\u00f6sische Lieder - Institut Europ\u00e9en des Musiques Juives","og_description":"&nbsp; 8. CD DER ENTDECKUNGEN-SAMMLUNG &nbsp; 8. CD DER ENTDECKUNGEN-SAMMLUNG","og_url":"https:\/\/www.iemj.org\/de\/kalarash-musique-klezmer-chansons-yiddish-et-francaises\/","og_site_name":"Institut Europ\u00e9en des Musiques Juives","article_publisher":"https:\/\/www.facebook.com\/MusiquesJuives\/","article_published_time":"2022-10-18T09:00:00+00:00","article_modified_time":"2025-04-16T13:04:57+00:00","og_image":[{"width":450,"height":404,"url":"https:\/\/www.iemj.org\/wp-content\/uploads\/2022\/07\/Couv-CDD8-Kalarash-pour-site-1.jpg","type":"image\/jpeg"}],"author":"Jacqueline ROTEN","twitter_card":"summary_large_image","twitter_misc":{"Verfasst von":"Jacqueline ROTEN","Gesch\u00e4tzte Lesezeit":"2\u00a0Minuten"},"schema":{"@context":"https:\/\/schema.org","@graph":[{"@type":"Article","@id":"https:\/\/www.iemj.org\/de\/kalarash-musique-klezmer-chansons-yiddish-et-francaises\/#article","isPartOf":{"@id":"https:\/\/www.iemj.org\/de\/kalarash-musique-klezmer-chansons-yiddish-et-francaises\/"},"author":{"name":"Jacqueline ROTEN","@id":"https:\/\/www.iemj.org\/de\/#\/schema\/person\/358e26c18aca017fcc4cc15437f7279c"},"headline":"KALARASH &#8211; Klezmer-Musik, jiddische und franz\u00f6sische Lieder","datePublished":"2022-10-18T09:00:00+00:00","dateModified":"2025-04-16T13:04:57+00:00","mainEntityOfPage":{"@id":"https:\/\/www.iemj.org\/de\/kalarash-musique-klezmer-chansons-yiddish-et-francaises\/"},"wordCount":238,"publisher":{"@id":"https:\/\/www.iemj.org\/de\/#organization"},"image":{"@id":"https:\/\/www.iemj.org\/de\/kalarash-musique-klezmer-chansons-yiddish-et-francaises\/#primaryimage"},"thumbnailUrl":"https:\/\/www.iemj.org\/wp-content\/uploads\/2022\/07\/Couv-CDD8-Kalarash-pour-site-1.jpg","articleSection":["CD IEMJ","Entdeckungen Sammlung","Ver\u00f6ffentlichungen"],"inLanguage":"de"},{"@type":"WebPage","@id":"https:\/\/www.iemj.org\/de\/kalarash-musique-klezmer-chansons-yiddish-et-francaises\/","url":"https:\/\/www.iemj.org\/de\/kalarash-musique-klezmer-chansons-yiddish-et-francaises\/","name":"KALARASH - Klezmer-Musik, jiddische und franz\u00f6sische Lieder - Institut Europ\u00e9en des Musiques Juives","isPartOf":{"@id":"https:\/\/www.iemj.org\/de\/#website"},"primaryImageOfPage":{"@id":"https:\/\/www.iemj.org\/de\/kalarash-musique-klezmer-chansons-yiddish-et-francaises\/#primaryimage"},"image":{"@id":"https:\/\/www.iemj.org\/de\/kalarash-musique-klezmer-chansons-yiddish-et-francaises\/#primaryimage"},"thumbnailUrl":"https:\/\/www.iemj.org\/wp-content\/uploads\/2022\/07\/Couv-CDD8-Kalarash-pour-site-1.jpg","datePublished":"2022-10-18T09:00:00+00:00","dateModified":"2025-04-16T13:04:57+00:00","breadcrumb":{"@id":"https:\/\/www.iemj.org\/de\/kalarash-musique-klezmer-chansons-yiddish-et-francaises\/#breadcrumb"},"inLanguage":"de","potentialAction":[{"@type":"ReadAction","target":["https:\/\/www.iemj.org\/de\/kalarash-musique-klezmer-chansons-yiddish-et-francaises\/"]}]},{"@type":"ImageObject","inLanguage":"de","@id":"https:\/\/www.iemj.org\/de\/kalarash-musique-klezmer-chansons-yiddish-et-francaises\/#primaryimage","url":"https:\/\/www.iemj.org\/wp-content\/uploads\/2022\/07\/Couv-CDD8-Kalarash-pour-site-1.jpg","contentUrl":"https:\/\/www.iemj.org\/wp-content\/uploads\/2022\/07\/Couv-CDD8-Kalarash-pour-site-1.jpg","width":450,"height":404},{"@type":"BreadcrumbList","@id":"https:\/\/www.iemj.org\/de\/kalarash-musique-klezmer-chansons-yiddish-et-francaises\/#breadcrumb","itemListElement":[{"@type":"ListItem","position":1,"name":"Accueil","item":"https:\/\/www.iemj.org\/de\/"},{"@type":"ListItem","position":2,"name":"KALARASH &#8211; Klezmer-Musik, jiddische und franz\u00f6sische Lieder"}]},{"@type":"WebSite","@id":"https:\/\/www.iemj.org\/de\/#website","url":"https:\/\/www.iemj.org\/de\/","name":"Institut Europ\u00e9en des Musiques Juives","description":"Des traditions musicales \u00e0 la port\u00e9e de tous","publisher":{"@id":"https:\/\/www.iemj.org\/de\/#organization"},"potentialAction":[{"@type":"SearchAction","target":{"@type":"EntryPoint","urlTemplate":"https:\/\/www.iemj.org\/de\/?s={search_term_string}"},"query-input":{"@type":"PropertyValueSpecification","valueRequired":true,"valueName":"search_term_string"}}],"inLanguage":"de"},{"@type":"Organization","@id":"https:\/\/www.iemj.org\/de\/#organization","name":"Institut Europ\u00e9en des Musiques Juives","url":"https:\/\/www.iemj.org\/de\/","logo":{"@type":"ImageObject","inLanguage":"de","@id":"https:\/\/www.iemj.org\/de\/#\/schema\/logo\/image\/","url":"https:\/\/www.iemj.org\/wp-content\/uploads\/2021\/09\/Logo-IEMJ-Paypal.jpg","contentUrl":"https:\/\/www.iemj.org\/wp-content\/uploads\/2021\/09\/Logo-IEMJ-Paypal.jpg","width":150,"height":50,"caption":"Institut Europ\u00e9en des Musiques Juives"},"image":{"@id":"https:\/\/www.iemj.org\/de\/#\/schema\/logo\/image\/"},"sameAs":["https:\/\/www.facebook.com\/MusiquesJuives\/","https:\/\/www.instagram.com\/musiquesjuives\/","https:\/\/www.youtube.com\/user\/musiquesjuives"]},{"@type":"Person","@id":"https:\/\/www.iemj.org\/de\/#\/schema\/person\/358e26c18aca017fcc4cc15437f7279c","name":"Jacqueline ROTEN","image":{"@type":"ImageObject","inLanguage":"de","@id":"https:\/\/secure.gravatar.com\/avatar\/5964256d6c6957de3a3505278957e0fb2a35119ac47ea41827a65301213c810b?s=96&d=mm&r=g","url":"https:\/\/secure.gravatar.com\/avatar\/5964256d6c6957de3a3505278957e0fb2a35119ac47ea41827a65301213c810b?s=96&d=mm&r=g","contentUrl":"https:\/\/secure.gravatar.com\/avatar\/5964256d6c6957de3a3505278957e0fb2a35119ac47ea41827a65301213c810b?s=96&d=mm&r=g","caption":"Jacqueline ROTEN"}}]}},"_links":{"self":[{"href":"https:\/\/www.iemj.org\/de\/wp-json\/wp\/v2\/posts\/86341","targetHints":{"allow":["GET"]}}],"collection":[{"href":"https:\/\/www.iemj.org\/de\/wp-json\/wp\/v2\/posts"}],"about":[{"href":"https:\/\/www.iemj.org\/de\/wp-json\/wp\/v2\/types\/post"}],"author":[{"embeddable":true,"href":"https:\/\/www.iemj.org\/de\/wp-json\/wp\/v2\/users\/5"}],"replies":[{"embeddable":true,"href":"https:\/\/www.iemj.org\/de\/wp-json\/wp\/v2\/comments?post=86341"}],"version-history":[{"count":0,"href":"https:\/\/www.iemj.org\/de\/wp-json\/wp\/v2\/posts\/86341\/revisions"}],"wp:featuredmedia":[{"embeddable":true,"href":"https:\/\/www.iemj.org\/de\/wp-json\/wp\/v2\/media\/86269"}],"wp:attachment":[{"href":"https:\/\/www.iemj.org\/de\/wp-json\/wp\/v2\/media?parent=86341"}],"wp:term":[{"taxonomy":"category","embeddable":true,"href":"https:\/\/www.iemj.org\/de\/wp-json\/wp\/v2\/categories?post=86341"},{"taxonomy":"post_tag","embeddable":true,"href":"https:\/\/www.iemj.org\/de\/wp-json\/wp\/v2\/tags?post=86341"},{"taxonomy":"technique","embeddable":true,"href":"https:\/\/www.iemj.org\/de\/wp-json\/wp\/v2\/technique?post=86341"},{"taxonomy":"squelettes","embeddable":true,"href":"https:\/\/www.iemj.org\/de\/wp-json\/wp\/v2\/squelettes?post=86341"},{"taxonomy":"sujet","embeddable":true,"href":"https:\/\/www.iemj.org\/de\/wp-json\/wp\/v2\/sujet?post=86341"},{"taxonomy":"formation","embeddable":true,"href":"https:\/\/www.iemj.org\/de\/wp-json\/wp\/v2\/formation?post=86341"},{"taxonomy":"genre","embeddable":true,"href":"https:\/\/www.iemj.org\/de\/wp-json\/wp\/v2\/genre?post=86341"},{"taxonomy":"fonds","embeddable":true,"href":"https:\/\/www.iemj.org\/de\/wp-json\/wp\/v2\/fonds?post=86341"},{"taxonomy":"tradition","embeddable":true,"href":"https:\/\/www.iemj.org\/de\/wp-json\/wp\/v2\/tradition?post=86341"},{"taxonomy":"type-de-contenu","embeddable":true,"href":"https:\/\/www.iemj.org\/de\/wp-json\/wp\/v2\/type-de-contenu?post=86341"},{"taxonomy":"interprete-compositeur","embeddable":true,"href":"https:\/\/www.iemj.org\/de\/wp-json\/wp\/v2\/interprete-compositeur?post=86341"},{"taxonomy":"frise","embeddable":true,"href":"https:\/\/www.iemj.org\/de\/wp-json\/wp\/v2\/frise?post=86341"},{"taxonomy":"type-devenement","embeddable":true,"href":"https:\/\/www.iemj.org\/de\/wp-json\/wp\/v2\/type-devenement?post=86341"},{"taxonomy":"tableaux-liens-externes","embeddable":true,"href":"https:\/\/www.iemj.org\/de\/wp-json\/wp\/v2\/tableaux-liens-externes?post=86341"}],"curies":[{"name":"wp","href":"https:\/\/api.w.org\/{rel}","templated":true}]}}