{"id":86546,"date":"2022-07-27T17:00:13","date_gmt":"2022-07-27T15:00:13","guid":{"rendered":"https:\/\/www.iemj.org\/thieves-of-dreams-zlodeji-snu-lenka-lichtenberg\/"},"modified":"2025-04-16T15:42:12","modified_gmt":"2025-04-16T13:42:12","slug":"thieves-of-dreams-zlodeji-snu-lenka-lichtenberg","status":"publish","type":"post","link":"https:\/\/www.iemj.org\/de\/thieves-of-dreams-zlodeji-snu-lenka-lichtenberg\/","title":{"rendered":"Thieves of Dreams &#8211; Zlod\u011bji sn\u016f"},"content":{"rendered":"<p>Als ihre Mutter vor kurzem starb, entdeckte Lenka Lichterberg zwei abgerissene Notizb\u00fccher mit handgeschrieben Gedichten ihrer Gro\u00dfmutter Anna Hana Friesov\u00e1 (1901-1987), die diese im Konzentrationslager Theresienstadt, wo sie w\u00e4hrend des Zweiten Weltkrieges inhaftiert war, geschrieben hatte. Lenka war \u00fcberrascht als sie entdeckte, dass es sich bei den meisten dieser Gedichte um intime Fantasien und Liebesgedichte handelte, von denen man nie erwartet h\u00e4tte, dass sie an der Schwelle zum Tod geschrieben wurden.<\/p>\n<p>\u201eIch stelle mir vor, dass die Verse, die sie schrieb, den einzigen Moment des Tages darstellten, in dem meine Gro\u00dfmutter eine gewisse Kontrolle \u00fcber ihr Leben hatte. Sie tr\u00e4umte von dieser Fantasiewelt, um die Grausamkeiten der realen Welt zu \u00fcberleben\u201c. Lenka entschied also, diese Geschichten durch die Musik wieder zum Leben zu erwecken, in dieser erstaunlichen Erz\u00e4hlung, die davon berichtet, wie ihre Mutter und ihre Gro\u00dfmutter Theresienstadt \u00fcberlebten \u2013 und ihren Verstand behielten.<\/p>\n<p>Die Gedichte wurden von sieben kanadischen und tschechischen Komponisten vertont. Die \u00fcppigen Arrangements, die ein breites musikalisches Spektrum bieten, reichen vom Streichsextett \u00fcber Beatboxen und Sprechgesang bis hin zu einem Jazz-Trio und A-cappella-Liedern, und Instrumente mit warmen Klangfarben wie Marimba, Tabla und Bassklarinette werden verwendet. Diese Instrumente begleiten harmonisch den breiten, drei Oktaven umfassenden Tonumfang von Lenkas Stimme.<\/p>\n<p>Das Album von Lenka Lichtenberg entf\u00fchrt uns in eine Fantasiewelt, in der der Traum \u00fcber die Realit\u00e4t siegt und die Harmonie der Kl\u00e4nge den Schrecken des Krieges transzendiert&#8230;<\/p>\n<p>Mehr erfahren <a href=\"https:\/\/lenkalichtenberg.com\/thieves-of-dreams\">https:\/\/lenkalichtenberg.com\/thieves-of-dreams<\/a><\/p>\n<p><a href=\"https:\/\/www.iemj.org\/en\/les-faces-cachees-de-la-musique-juive-lenka-lichtenberg\/\" target=\"_blank\" rel=\"noopener\">Radiosendung Les faces cach\u00e9es de la musique juive : Lenka Lichtenberg anh\u00f6ren<\/a><\/p>\n<p><img fetchpriority=\"high\" decoding=\"async\" class=\" wp-image-86508 aligncenter\" src=\"https:\/\/www.iemj.org\/wp-content\/uploads\/2022\/07\/Pages-de-CD_1985_LIV_redim-300x150.jpg\" alt=\"\" width=\"700\" height=\"350\" srcset=\"https:\/\/www.iemj.org\/wp-content\/uploads\/2022\/07\/Pages-de-CD_1985_LIV_redim-300x150.jpg 300w, https:\/\/www.iemj.org\/wp-content\/uploads\/2022\/07\/Pages-de-CD_1985_LIV_redim-768x385.jpg 768w, https:\/\/www.iemj.org\/wp-content\/uploads\/2022\/07\/Pages-de-CD_1985_LIV_redim-600x301.jpg 600w, https:\/\/www.iemj.org\/wp-content\/uploads\/2022\/07\/Pages-de-CD_1985_LIV_redim.jpg 800w\" sizes=\"(max-width: 700px) 100vw, 700px\" \/><\/p>\n<p><img decoding=\"async\" class=\"aligncenter wp-image-86503\" src=\"https:\/\/www.iemj.org\/wp-content\/uploads\/2022\/07\/Pages-de-CD_1985_LIV-2_redim-300x148.jpg\" alt=\"\" width=\"700\" height=\"346\" srcset=\"https:\/\/www.iemj.org\/wp-content\/uploads\/2022\/07\/Pages-de-CD_1985_LIV-2_redim-300x148.jpg 300w, https:\/\/www.iemj.org\/wp-content\/uploads\/2022\/07\/Pages-de-CD_1985_LIV-2_redim-768x379.jpg 768w, https:\/\/www.iemj.org\/wp-content\/uploads\/2022\/07\/Pages-de-CD_1985_LIV-2_redim-600x296.jpg 600w, https:\/\/www.iemj.org\/wp-content\/uploads\/2022\/07\/Pages-de-CD_1985_LIV-2_redim.jpg 850w\" sizes=\"(max-width: 700px) 100vw, 700px\" \/><\/p>\n\n<div class=\"wp-block-image\">\n<figure class=\"aligncenter size-large\"><img decoding=\"async\" width=\"1024\" height=\"133\" src=\"https:\/\/www.iemj.org\/wp-content\/uploads\/2024\/03\/AUDIO-PLAYER-1024x133.png\" alt=\"\" class=\"wp-image-110606\" srcset=\"https:\/\/www.iemj.org\/wp-content\/uploads\/2024\/03\/AUDIO-PLAYER-1024x133.png 1024w, https:\/\/www.iemj.org\/wp-content\/uploads\/2024\/03\/AUDIO-PLAYER-300x39.png 300w, https:\/\/www.iemj.org\/wp-content\/uploads\/2024\/03\/AUDIO-PLAYER-768x100.png 768w, https:\/\/www.iemj.org\/wp-content\/uploads\/2024\/03\/AUDIO-PLAYER-600x78.png 600w, https:\/\/www.iemj.org\/wp-content\/uploads\/2024\/03\/AUDIO-PLAYER.png 1210w\" sizes=\"(max-width: 1024px) 100vw, 1024px\" \/><\/figure>\n<\/div>","protected":false},"excerpt":{"rendered":"<p>Als ihre Mutter vor kurzem starb, entdeckte Lenka Lichterberg zwei abgerissene Notizb\u00fccher mit handgeschrieben Gedichten ihrer Gro\u00dfmutter Anna Hana Friesov\u00e1 (1901-1987), die diese im Konzentrationslager Theresienstadt, wo sie w\u00e4hrend des<\/p>\n","protected":false},"author":5,"featured_media":86498,"comment_status":"closed","ping_status":"closed","sticky":false,"template":"","format":"standard","meta":{"_acf_changed":false,"footnotes":""},"categories":[1571,1558,1561],"tags":[],"technique":[],"squelettes":[],"sujet":[1801],"formation":[],"genre":[],"fonds":[],"tradition":[],"type-de-contenu":[],"interprete-compositeur":[],"frise":[],"type-devenement":[],"tableaux-liens-externes":[],"class_list":["post-86546","post","type-post","status-publish","format-standard","has-post-thumbnail","hentry","category-cd-de","category-die-sammlungen-de","category-letzte-neuerwerbungen-de","sujet-shoah-de-2"],"acf":[],"yoast_head":"<!-- This site is optimized with the Yoast SEO plugin v27.3 - https:\/\/yoast.com\/product\/yoast-seo-wordpress\/ -->\n<title>Thieves of Dreams - Zlod\u011bji sn\u016f - Institut Europ\u00e9en des Musiques Juives<\/title>\n<meta name=\"robots\" content=\"index, follow, max-snippet:-1, max-image-preview:large, max-video-preview:-1\" \/>\n<link rel=\"canonical\" href=\"https:\/\/www.iemj.org\/de\/thieves-of-dreams-zlodeji-snu-lenka-lichtenberg\/\" \/>\n<meta property=\"og:locale\" content=\"de_DE\" \/>\n<meta property=\"og:type\" content=\"article\" \/>\n<meta property=\"og:title\" content=\"Thieves of Dreams - Zlod\u011bji sn\u016f - Institut Europ\u00e9en des Musiques Juives\" \/>\n<meta property=\"og:description\" content=\"Als ihre Mutter vor kurzem starb, entdeckte Lenka Lichterberg zwei abgerissene Notizb\u00fccher mit handgeschrieben Gedichten ihrer Gro\u00dfmutter Anna Hana Friesov\u00e1 (1901-1987), die diese im Konzentrationslager Theresienstadt, wo sie w\u00e4hrend des\" \/>\n<meta property=\"og:url\" content=\"https:\/\/www.iemj.org\/de\/thieves-of-dreams-zlodeji-snu-lenka-lichtenberg\/\" \/>\n<meta property=\"og:site_name\" content=\"Institut Europ\u00e9en des Musiques Juives\" \/>\n<meta property=\"article:publisher\" content=\"https:\/\/www.facebook.com\/MusiquesJuives\/\" \/>\n<meta property=\"article:published_time\" content=\"2022-07-27T15:00:13+00:00\" \/>\n<meta property=\"article:modified_time\" content=\"2025-04-16T13:42:12+00:00\" \/>\n<meta property=\"og:image\" content=\"https:\/\/www.iemj.org\/wp-content\/uploads\/2022\/07\/Logo-article-2.jpg\" \/>\n\t<meta property=\"og:image:width\" content=\"361\" \/>\n\t<meta property=\"og:image:height\" content=\"350\" \/>\n\t<meta property=\"og:image:type\" content=\"image\/jpeg\" \/>\n<meta name=\"author\" content=\"Jacqueline ROTEN\" \/>\n<meta name=\"twitter:card\" content=\"summary_large_image\" \/>\n<meta name=\"twitter:label1\" content=\"Verfasst von\" \/>\n\t<meta name=\"twitter:data1\" content=\"Jacqueline ROTEN\" \/>\n\t<meta name=\"twitter:label2\" content=\"Gesch\u00e4tzte Lesezeit\" \/>\n\t<meta name=\"twitter:data2\" content=\"2\u00a0Minuten\" \/>\n<script type=\"application\/ld+json\" class=\"yoast-schema-graph\">{\"@context\":\"https:\\\/\\\/schema.org\",\"@graph\":[{\"@type\":\"Article\",\"@id\":\"https:\\\/\\\/www.iemj.org\\\/de\\\/thieves-of-dreams-zlodeji-snu-lenka-lichtenberg\\\/#article\",\"isPartOf\":{\"@id\":\"https:\\\/\\\/www.iemj.org\\\/de\\\/thieves-of-dreams-zlodeji-snu-lenka-lichtenberg\\\/\"},\"author\":{\"name\":\"Jacqueline ROTEN\",\"@id\":\"https:\\\/\\\/www.iemj.org\\\/de\\\/#\\\/schema\\\/person\\\/358e26c18aca017fcc4cc15437f7279c\"},\"headline\":\"Thieves of Dreams &#8211; Zlod\u011bji sn\u016f\",\"datePublished\":\"2022-07-27T15:00:13+00:00\",\"dateModified\":\"2025-04-16T13:42:12+00:00\",\"mainEntityOfPage\":{\"@id\":\"https:\\\/\\\/www.iemj.org\\\/de\\\/thieves-of-dreams-zlodeji-snu-lenka-lichtenberg\\\/\"},\"wordCount\":266,\"publisher\":{\"@id\":\"https:\\\/\\\/www.iemj.org\\\/de\\\/#organization\"},\"image\":{\"@id\":\"https:\\\/\\\/www.iemj.org\\\/de\\\/thieves-of-dreams-zlodeji-snu-lenka-lichtenberg\\\/#primaryimage\"},\"thumbnailUrl\":\"https:\\\/\\\/www.iemj.org\\\/wp-content\\\/uploads\\\/2022\\\/07\\\/Logo-article-2.jpg\",\"articleSection\":[\"CD\",\"Die Sammlungen\",\"Letzte Neuerwerbungen\"],\"inLanguage\":\"de\"},{\"@type\":\"WebPage\",\"@id\":\"https:\\\/\\\/www.iemj.org\\\/de\\\/thieves-of-dreams-zlodeji-snu-lenka-lichtenberg\\\/\",\"url\":\"https:\\\/\\\/www.iemj.org\\\/de\\\/thieves-of-dreams-zlodeji-snu-lenka-lichtenberg\\\/\",\"name\":\"Thieves of Dreams - Zlod\u011bji sn\u016f - Institut Europ\u00e9en des Musiques Juives\",\"isPartOf\":{\"@id\":\"https:\\\/\\\/www.iemj.org\\\/de\\\/#website\"},\"primaryImageOfPage\":{\"@id\":\"https:\\\/\\\/www.iemj.org\\\/de\\\/thieves-of-dreams-zlodeji-snu-lenka-lichtenberg\\\/#primaryimage\"},\"image\":{\"@id\":\"https:\\\/\\\/www.iemj.org\\\/de\\\/thieves-of-dreams-zlodeji-snu-lenka-lichtenberg\\\/#primaryimage\"},\"thumbnailUrl\":\"https:\\\/\\\/www.iemj.org\\\/wp-content\\\/uploads\\\/2022\\\/07\\\/Logo-article-2.jpg\",\"datePublished\":\"2022-07-27T15:00:13+00:00\",\"dateModified\":\"2025-04-16T13:42:12+00:00\",\"breadcrumb\":{\"@id\":\"https:\\\/\\\/www.iemj.org\\\/de\\\/thieves-of-dreams-zlodeji-snu-lenka-lichtenberg\\\/#breadcrumb\"},\"inLanguage\":\"de\",\"potentialAction\":[{\"@type\":\"ReadAction\",\"target\":[\"https:\\\/\\\/www.iemj.org\\\/de\\\/thieves-of-dreams-zlodeji-snu-lenka-lichtenberg\\\/\"]}]},{\"@type\":\"ImageObject\",\"inLanguage\":\"de\",\"@id\":\"https:\\\/\\\/www.iemj.org\\\/de\\\/thieves-of-dreams-zlodeji-snu-lenka-lichtenberg\\\/#primaryimage\",\"url\":\"https:\\\/\\\/www.iemj.org\\\/wp-content\\\/uploads\\\/2022\\\/07\\\/Logo-article-2.jpg\",\"contentUrl\":\"https:\\\/\\\/www.iemj.org\\\/wp-content\\\/uploads\\\/2022\\\/07\\\/Logo-article-2.jpg\",\"width\":361,\"height\":350},{\"@type\":\"BreadcrumbList\",\"@id\":\"https:\\\/\\\/www.iemj.org\\\/de\\\/thieves-of-dreams-zlodeji-snu-lenka-lichtenberg\\\/#breadcrumb\",\"itemListElement\":[{\"@type\":\"ListItem\",\"position\":1,\"name\":\"Accueil\",\"item\":\"https:\\\/\\\/www.iemj.org\\\/de\\\/\"},{\"@type\":\"ListItem\",\"position\":2,\"name\":\"Thieves of Dreams &#8211; Zlod\u011bji sn\u016f\"}]},{\"@type\":\"WebSite\",\"@id\":\"https:\\\/\\\/www.iemj.org\\\/de\\\/#website\",\"url\":\"https:\\\/\\\/www.iemj.org\\\/de\\\/\",\"name\":\"Institut Europ\u00e9en des Musiques Juives\",\"description\":\"Des traditions musicales \u00e0 la port\u00e9e de tous\",\"publisher\":{\"@id\":\"https:\\\/\\\/www.iemj.org\\\/de\\\/#organization\"},\"potentialAction\":[{\"@type\":\"SearchAction\",\"target\":{\"@type\":\"EntryPoint\",\"urlTemplate\":\"https:\\\/\\\/www.iemj.org\\\/de\\\/?s={search_term_string}\"},\"query-input\":{\"@type\":\"PropertyValueSpecification\",\"valueRequired\":true,\"valueName\":\"search_term_string\"}}],\"inLanguage\":\"de\"},{\"@type\":\"Organization\",\"@id\":\"https:\\\/\\\/www.iemj.org\\\/de\\\/#organization\",\"name\":\"Institut Europ\u00e9en des Musiques Juives\",\"url\":\"https:\\\/\\\/www.iemj.org\\\/de\\\/\",\"logo\":{\"@type\":\"ImageObject\",\"inLanguage\":\"de\",\"@id\":\"https:\\\/\\\/www.iemj.org\\\/de\\\/#\\\/schema\\\/logo\\\/image\\\/\",\"url\":\"https:\\\/\\\/www.iemj.org\\\/wp-content\\\/uploads\\\/2021\\\/09\\\/Logo-IEMJ-Paypal.jpg\",\"contentUrl\":\"https:\\\/\\\/www.iemj.org\\\/wp-content\\\/uploads\\\/2021\\\/09\\\/Logo-IEMJ-Paypal.jpg\",\"width\":150,\"height\":50,\"caption\":\"Institut Europ\u00e9en des Musiques Juives\"},\"image\":{\"@id\":\"https:\\\/\\\/www.iemj.org\\\/de\\\/#\\\/schema\\\/logo\\\/image\\\/\"},\"sameAs\":[\"https:\\\/\\\/www.facebook.com\\\/MusiquesJuives\\\/\",\"https:\\\/\\\/www.instagram.com\\\/musiquesjuives\\\/\",\"https:\\\/\\\/www.youtube.com\\\/user\\\/musiquesjuives\"]},{\"@type\":\"Person\",\"@id\":\"https:\\\/\\\/www.iemj.org\\\/de\\\/#\\\/schema\\\/person\\\/358e26c18aca017fcc4cc15437f7279c\",\"name\":\"Jacqueline ROTEN\",\"image\":{\"@type\":\"ImageObject\",\"inLanguage\":\"de\",\"@id\":\"https:\\\/\\\/secure.gravatar.com\\\/avatar\\\/5964256d6c6957de3a3505278957e0fb2a35119ac47ea41827a65301213c810b?s=96&d=mm&r=g\",\"url\":\"https:\\\/\\\/secure.gravatar.com\\\/avatar\\\/5964256d6c6957de3a3505278957e0fb2a35119ac47ea41827a65301213c810b?s=96&d=mm&r=g\",\"contentUrl\":\"https:\\\/\\\/secure.gravatar.com\\\/avatar\\\/5964256d6c6957de3a3505278957e0fb2a35119ac47ea41827a65301213c810b?s=96&d=mm&r=g\",\"caption\":\"Jacqueline ROTEN\"}}]}<\/script>\n<!-- \/ Yoast SEO plugin. -->","yoast_head_json":{"title":"Thieves of Dreams - Zlod\u011bji sn\u016f - Institut Europ\u00e9en des Musiques Juives","robots":{"index":"index","follow":"follow","max-snippet":"max-snippet:-1","max-image-preview":"max-image-preview:large","max-video-preview":"max-video-preview:-1"},"canonical":"https:\/\/www.iemj.org\/de\/thieves-of-dreams-zlodeji-snu-lenka-lichtenberg\/","og_locale":"de_DE","og_type":"article","og_title":"Thieves of Dreams - Zlod\u011bji sn\u016f - Institut Europ\u00e9en des Musiques Juives","og_description":"Als ihre Mutter vor kurzem starb, entdeckte Lenka Lichterberg zwei abgerissene Notizb\u00fccher mit handgeschrieben Gedichten ihrer Gro\u00dfmutter Anna Hana Friesov\u00e1 (1901-1987), die diese im Konzentrationslager Theresienstadt, wo sie w\u00e4hrend des","og_url":"https:\/\/www.iemj.org\/de\/thieves-of-dreams-zlodeji-snu-lenka-lichtenberg\/","og_site_name":"Institut Europ\u00e9en des Musiques Juives","article_publisher":"https:\/\/www.facebook.com\/MusiquesJuives\/","article_published_time":"2022-07-27T15:00:13+00:00","article_modified_time":"2025-04-16T13:42:12+00:00","og_image":[{"width":361,"height":350,"url":"https:\/\/www.iemj.org\/wp-content\/uploads\/2022\/07\/Logo-article-2.jpg","type":"image\/jpeg"}],"author":"Jacqueline ROTEN","twitter_card":"summary_large_image","twitter_misc":{"Verfasst von":"Jacqueline ROTEN","Gesch\u00e4tzte Lesezeit":"2\u00a0Minuten"},"schema":{"@context":"https:\/\/schema.org","@graph":[{"@type":"Article","@id":"https:\/\/www.iemj.org\/de\/thieves-of-dreams-zlodeji-snu-lenka-lichtenberg\/#article","isPartOf":{"@id":"https:\/\/www.iemj.org\/de\/thieves-of-dreams-zlodeji-snu-lenka-lichtenberg\/"},"author":{"name":"Jacqueline ROTEN","@id":"https:\/\/www.iemj.org\/de\/#\/schema\/person\/358e26c18aca017fcc4cc15437f7279c"},"headline":"Thieves of Dreams &#8211; Zlod\u011bji sn\u016f","datePublished":"2022-07-27T15:00:13+00:00","dateModified":"2025-04-16T13:42:12+00:00","mainEntityOfPage":{"@id":"https:\/\/www.iemj.org\/de\/thieves-of-dreams-zlodeji-snu-lenka-lichtenberg\/"},"wordCount":266,"publisher":{"@id":"https:\/\/www.iemj.org\/de\/#organization"},"image":{"@id":"https:\/\/www.iemj.org\/de\/thieves-of-dreams-zlodeji-snu-lenka-lichtenberg\/#primaryimage"},"thumbnailUrl":"https:\/\/www.iemj.org\/wp-content\/uploads\/2022\/07\/Logo-article-2.jpg","articleSection":["CD","Die Sammlungen","Letzte Neuerwerbungen"],"inLanguage":"de"},{"@type":"WebPage","@id":"https:\/\/www.iemj.org\/de\/thieves-of-dreams-zlodeji-snu-lenka-lichtenberg\/","url":"https:\/\/www.iemj.org\/de\/thieves-of-dreams-zlodeji-snu-lenka-lichtenberg\/","name":"Thieves of Dreams - Zlod\u011bji sn\u016f - Institut Europ\u00e9en des Musiques Juives","isPartOf":{"@id":"https:\/\/www.iemj.org\/de\/#website"},"primaryImageOfPage":{"@id":"https:\/\/www.iemj.org\/de\/thieves-of-dreams-zlodeji-snu-lenka-lichtenberg\/#primaryimage"},"image":{"@id":"https:\/\/www.iemj.org\/de\/thieves-of-dreams-zlodeji-snu-lenka-lichtenberg\/#primaryimage"},"thumbnailUrl":"https:\/\/www.iemj.org\/wp-content\/uploads\/2022\/07\/Logo-article-2.jpg","datePublished":"2022-07-27T15:00:13+00:00","dateModified":"2025-04-16T13:42:12+00:00","breadcrumb":{"@id":"https:\/\/www.iemj.org\/de\/thieves-of-dreams-zlodeji-snu-lenka-lichtenberg\/#breadcrumb"},"inLanguage":"de","potentialAction":[{"@type":"ReadAction","target":["https:\/\/www.iemj.org\/de\/thieves-of-dreams-zlodeji-snu-lenka-lichtenberg\/"]}]},{"@type":"ImageObject","inLanguage":"de","@id":"https:\/\/www.iemj.org\/de\/thieves-of-dreams-zlodeji-snu-lenka-lichtenberg\/#primaryimage","url":"https:\/\/www.iemj.org\/wp-content\/uploads\/2022\/07\/Logo-article-2.jpg","contentUrl":"https:\/\/www.iemj.org\/wp-content\/uploads\/2022\/07\/Logo-article-2.jpg","width":361,"height":350},{"@type":"BreadcrumbList","@id":"https:\/\/www.iemj.org\/de\/thieves-of-dreams-zlodeji-snu-lenka-lichtenberg\/#breadcrumb","itemListElement":[{"@type":"ListItem","position":1,"name":"Accueil","item":"https:\/\/www.iemj.org\/de\/"},{"@type":"ListItem","position":2,"name":"Thieves of Dreams &#8211; Zlod\u011bji sn\u016f"}]},{"@type":"WebSite","@id":"https:\/\/www.iemj.org\/de\/#website","url":"https:\/\/www.iemj.org\/de\/","name":"Institut Europ\u00e9en des Musiques Juives","description":"Des traditions musicales \u00e0 la port\u00e9e de tous","publisher":{"@id":"https:\/\/www.iemj.org\/de\/#organization"},"potentialAction":[{"@type":"SearchAction","target":{"@type":"EntryPoint","urlTemplate":"https:\/\/www.iemj.org\/de\/?s={search_term_string}"},"query-input":{"@type":"PropertyValueSpecification","valueRequired":true,"valueName":"search_term_string"}}],"inLanguage":"de"},{"@type":"Organization","@id":"https:\/\/www.iemj.org\/de\/#organization","name":"Institut Europ\u00e9en des Musiques Juives","url":"https:\/\/www.iemj.org\/de\/","logo":{"@type":"ImageObject","inLanguage":"de","@id":"https:\/\/www.iemj.org\/de\/#\/schema\/logo\/image\/","url":"https:\/\/www.iemj.org\/wp-content\/uploads\/2021\/09\/Logo-IEMJ-Paypal.jpg","contentUrl":"https:\/\/www.iemj.org\/wp-content\/uploads\/2021\/09\/Logo-IEMJ-Paypal.jpg","width":150,"height":50,"caption":"Institut Europ\u00e9en des Musiques Juives"},"image":{"@id":"https:\/\/www.iemj.org\/de\/#\/schema\/logo\/image\/"},"sameAs":["https:\/\/www.facebook.com\/MusiquesJuives\/","https:\/\/www.instagram.com\/musiquesjuives\/","https:\/\/www.youtube.com\/user\/musiquesjuives"]},{"@type":"Person","@id":"https:\/\/www.iemj.org\/de\/#\/schema\/person\/358e26c18aca017fcc4cc15437f7279c","name":"Jacqueline ROTEN","image":{"@type":"ImageObject","inLanguage":"de","@id":"https:\/\/secure.gravatar.com\/avatar\/5964256d6c6957de3a3505278957e0fb2a35119ac47ea41827a65301213c810b?s=96&d=mm&r=g","url":"https:\/\/secure.gravatar.com\/avatar\/5964256d6c6957de3a3505278957e0fb2a35119ac47ea41827a65301213c810b?s=96&d=mm&r=g","contentUrl":"https:\/\/secure.gravatar.com\/avatar\/5964256d6c6957de3a3505278957e0fb2a35119ac47ea41827a65301213c810b?s=96&d=mm&r=g","caption":"Jacqueline ROTEN"}}]}},"_links":{"self":[{"href":"https:\/\/www.iemj.org\/de\/wp-json\/wp\/v2\/posts\/86546","targetHints":{"allow":["GET"]}}],"collection":[{"href":"https:\/\/www.iemj.org\/de\/wp-json\/wp\/v2\/posts"}],"about":[{"href":"https:\/\/www.iemj.org\/de\/wp-json\/wp\/v2\/types\/post"}],"author":[{"embeddable":true,"href":"https:\/\/www.iemj.org\/de\/wp-json\/wp\/v2\/users\/5"}],"replies":[{"embeddable":true,"href":"https:\/\/www.iemj.org\/de\/wp-json\/wp\/v2\/comments?post=86546"}],"version-history":[{"count":0,"href":"https:\/\/www.iemj.org\/de\/wp-json\/wp\/v2\/posts\/86546\/revisions"}],"wp:featuredmedia":[{"embeddable":true,"href":"https:\/\/www.iemj.org\/de\/wp-json\/wp\/v2\/media\/86498"}],"wp:attachment":[{"href":"https:\/\/www.iemj.org\/de\/wp-json\/wp\/v2\/media?parent=86546"}],"wp:term":[{"taxonomy":"category","embeddable":true,"href":"https:\/\/www.iemj.org\/de\/wp-json\/wp\/v2\/categories?post=86546"},{"taxonomy":"post_tag","embeddable":true,"href":"https:\/\/www.iemj.org\/de\/wp-json\/wp\/v2\/tags?post=86546"},{"taxonomy":"technique","embeddable":true,"href":"https:\/\/www.iemj.org\/de\/wp-json\/wp\/v2\/technique?post=86546"},{"taxonomy":"squelettes","embeddable":true,"href":"https:\/\/www.iemj.org\/de\/wp-json\/wp\/v2\/squelettes?post=86546"},{"taxonomy":"sujet","embeddable":true,"href":"https:\/\/www.iemj.org\/de\/wp-json\/wp\/v2\/sujet?post=86546"},{"taxonomy":"formation","embeddable":true,"href":"https:\/\/www.iemj.org\/de\/wp-json\/wp\/v2\/formation?post=86546"},{"taxonomy":"genre","embeddable":true,"href":"https:\/\/www.iemj.org\/de\/wp-json\/wp\/v2\/genre?post=86546"},{"taxonomy":"fonds","embeddable":true,"href":"https:\/\/www.iemj.org\/de\/wp-json\/wp\/v2\/fonds?post=86546"},{"taxonomy":"tradition","embeddable":true,"href":"https:\/\/www.iemj.org\/de\/wp-json\/wp\/v2\/tradition?post=86546"},{"taxonomy":"type-de-contenu","embeddable":true,"href":"https:\/\/www.iemj.org\/de\/wp-json\/wp\/v2\/type-de-contenu?post=86546"},{"taxonomy":"interprete-compositeur","embeddable":true,"href":"https:\/\/www.iemj.org\/de\/wp-json\/wp\/v2\/interprete-compositeur?post=86546"},{"taxonomy":"frise","embeddable":true,"href":"https:\/\/www.iemj.org\/de\/wp-json\/wp\/v2\/frise?post=86546"},{"taxonomy":"type-devenement","embeddable":true,"href":"https:\/\/www.iemj.org\/de\/wp-json\/wp\/v2\/type-devenement?post=86546"},{"taxonomy":"tableaux-liens-externes","embeddable":true,"href":"https:\/\/www.iemj.org\/de\/wp-json\/wp\/v2\/tableaux-liens-externes?post=86546"}],"curies":[{"name":"wp","href":"https:\/\/api.w.org\/{rel}","templated":true}]}}