{"id":86607,"date":"2020-12-01T11:38:50","date_gmt":"2020-12-01T10:38:50","guid":{"rendered":"https:\/\/www.iemj.org\/goldenshteyn-german-1934-2006\/"},"modified":"2022-07-28T15:32:15","modified_gmt":"2022-07-28T13:32:15","slug":"goldenshteyn-german-1934-2006","status":"publish","type":"post","link":"https:\/\/www.iemj.org\/de\/goldenshteyn-german-1934-2006\/","title":{"rendered":"Goldenshteyn, German (1934-2006)"},"content":{"rendered":"<p>\u00a0<\/p>\n<p>German Goldenshteyn wurde 1934 in Otaci (in Bessarabien), vorher in Rum\u00e4nien, Teil des heutigen Moldawiens.<br \/>W\u00e4hrend des Zweiten Weltkriegs trat Rum\u00e4nien in den Krieg mit den Achsenm\u00e4chten (Deutschland, Italien und Japan) ein. German Goldenshteyn und seine gesamte Familie wurden daraufhin in einem rum\u00e4nischen Ghetto namens Berschad interniert. Seine Eltern \u00fcberlebten nicht und starben an den Folgen von Krankheiten und Entbehrungen. Ende 1944 wurden German und zwei seiner Br\u00fcder in ein Waisenhaus in Odessa gebracht. Etwa ein Jahr sp\u00e4ter kam der Leiter eines sowjetischen Milit\u00e4rorchesters, um die musikalischen F\u00e4higkeiten der Kinder zu testen. Er w\u00e4hlte zehn von ihnen aus, darunter German und einen seiner Br\u00fcder, und erleichterte ihnen damit die Aufnahme in eine Musikschule in Odessa, wo German Klarinette lernte.<\/p>\n<p><img fetchpriority=\"high\" decoding=\"async\" class=\" alignright  wp-image-29281\" src=\"https:\/\/www.iemj.org\/wp-content\/uploads\/2020\/12\/bessarabie_redim_480px_larg.jpg\" alt=\"bessarabie_redim_480px_larg.jpg\" width=\"354\" height=\"260\" align=\"right\" \/>German Goldenshteyn leistete seinen Milit\u00e4rdienst im Orchester der Roten Armee ab und zog 1956 in die Ukraine, wo er in der Stadt Mohyliw-Podilskyj als Maschinist arbeitete und gleichzeitig Mitglied eines kleinen Hochzeitsorchesters wurde, das in der ganzen Region auftrat. Er reiste von Dorf zu Dorf und von Stadt zu Stadt, wie es die traditionellen Klezmorim im 18. und fr\u00fchen 19. Jahrhundert machten. Auf seinen Streifz\u00fcgen lernte er Musiker kennen, die ihm Hunderte von bessarabischen, volkst\u00fcmlichen und traditionellen Melodien beibrachten.<\/p>\n<p>Bessarabien befand sich damals am Kreuzungspunkt verschiedener Kulturen &#8211; j\u00fcdisch, zigeunerisch, osmanisch, slawisch, balkanisch &#8230; und das Zusammenleben all dieser Traditionen bildete ein reiches und kontrastreiches Repertoire. Obwohl das sowjetische Nachkriegsregime versuchte, die j\u00fcdische Kultur auszul\u00f6schen, gelang es der Musik, diese Unterdr\u00fcckung zu \u00fcberleben. Goldenshteyn spielte Tausende von Simhas, Horas, Sirbas und Freylekhs. Er lernte sie sehr schnell, aber da er Beschwerden bei der Erinnerung an alle Melodien hatte, angew\u00f6hnte er sich dazu, sie gewissenhaft in Notizb\u00fcchern festzuhalten. Sooft er eine neue Melodie lernte, schrieb er sie sofort ab, um sie nicht zu vergessen.<\/p>\n<p>Jahr f\u00fcr Jahr transkribierte er nicht weniger als tausend Melodien in seine Notizb\u00fccher und nahm sie 1994 mit, als er an den Vereinigten Staaten ankam. Viele dieser Melodien waren vor ihm noch nie dokumentiert worden.<\/p>\n<p>Da er aus der Alten Welt war, genauso wie viele seiner Vorg\u00e4nger, Dave Tarras, Naftule Brandwein, Goldenshteyn schilderte eine der neuesten Bindungen mit der Klezmer-Tradition Osteuropas.\u00a0<\/p>\n<p>Er starb 2006 auf Long Island, im Staat von New-York, an einem Herzanfall w\u00e4hrend einer Angelpartie.<\/p>\n<p><a href=\"http:\/\/www.rachelnet.net\/F\/?func=find-c&amp;ccl_term=WRD+%3D+German+Goldenshteyn&amp;local_base=iemcg\" target=\"_blank\" rel=\"noopener\">Sehen Sie sich unsere Sammlungen zu German Goldenshteyn an <\/a><\/p>\n\n\n<div class=\"wp-block-columns are-vertically-aligned-center is-layout-flex wp-container-core-columns-is-layout-9d6595d7 wp-block-columns-is-layout-flex\">\n<div class=\"wp-block-column is-vertically-aligned-center is-layout-flow wp-block-column-is-layout-flow\"><div class=\"wp-block-image\">\n<figure class=\"aligncenter size-large\"><img decoding=\"async\" width=\"262\" height=\"350\" src=\"https:\/\/www.iemj.org\/wp-content\/uploads\/2020\/12\/recueil_de_partitions_350px_vertic.jpg\" alt=\"recueil_de_partitions_350px_vertic.jpg\" class=\"wp-image-29283\"\/><figcaption><strong><strong>Partitur f\u00fcr Klarinette aus dem Repertoire von German Goldenshteyn<\/strong><\/strong><\/figcaption><\/figure>\n<\/div><\/div>\n\n\n\n<div class=\"wp-block-column is-vertically-aligned-center is-layout-flow wp-block-column-is-layout-flow\"><div class=\"wp-block-image\">\n<figure class=\"aligncenter size-large is-resized\"><img decoding=\"async\" src=\"https:\/\/www.iemj.org\/wp-content\/uploads\/2020\/12\/couverture_disque_german_goldenshteyn_redim_250px.jpg\" alt=\"couverture_disque_german_goldenshteyn_redim_250px.jpg\" class=\"wp-image-29285\" width=\"250\" height=\"250\"\/><figcaption><strong><strong>Schallplatte German Goldenshteyn<\/strong><\/strong><\/figcaption><\/figure>\n<\/div>\n\n\n<p><\/p>\n<\/div>\n<\/div>\n\n\n\n<figure class=\"wp-block-embed is-type-video is-provider-youtube wp-block-embed-youtube wp-embed-aspect-16-9 wp-has-aspect-ratio\"><div class=\"wp-block-embed__wrapper\">\n<iframe title=\"Treasures of the CTMD Archive - German Goldenshteyn\" width=\"640\" height=\"360\" src=\"https:\/\/www.youtube.com\/embed\/kfV9dIJWyRU?feature=oembed\" frameborder=\"0\" allow=\"accelerometer; autoplay; clipboard-write; encrypted-media; gyroscope; picture-in-picture; web-share\" referrerpolicy=\"strict-origin-when-cross-origin\" allowfullscreen><\/iframe>\n<\/div><\/figure>\n","protected":false},"excerpt":{"rendered":"<p>\u00a0 German Goldenshteyn wurde 1934 in Otaci (in Bessarabien), vorher in Rum\u00e4nien, Teil des heutigen Moldawiens.W\u00e4hrend des Zweiten Weltkriegs trat Rum\u00e4nien in den Krieg mit den Achsenm\u00e4chten (Deutschland, Italien und<\/p>\n","protected":false},"author":5,"featured_media":86608,"comment_status":"closed","ping_status":"closed","sticky":false,"template":"","format":"standard","meta":{"_acf_changed":false,"footnotes":""},"categories":[1415],"tags":[],"technique":[],"squelettes":[],"sujet":[],"formation":[],"genre":[1875],"fonds":[],"tradition":[],"type-de-contenu":[],"interprete-compositeur":[],"frise":[],"type-devenement":[],"tableaux-liens-externes":[],"class_list":["post-86607","post","type-post","status-publish","format-standard","has-post-thumbnail","hentry","category-biografien-de","genre-klezmer-de"],"acf":[],"yoast_head":"<!-- This site is optimized with the Yoast SEO plugin v27.3 - https:\/\/yoast.com\/product\/yoast-seo-wordpress\/ -->\n<title>Goldenshteyn, German (1934-2006) - Institut Europ\u00e9en des Musiques Juives<\/title>\n<meta name=\"robots\" content=\"index, follow, max-snippet:-1, max-image-preview:large, max-video-preview:-1\" \/>\n<link rel=\"canonical\" href=\"https:\/\/www.iemj.org\/de\/goldenshteyn-german-1934-2006\/\" \/>\n<meta property=\"og:locale\" content=\"de_DE\" \/>\n<meta property=\"og:type\" content=\"article\" \/>\n<meta property=\"og:title\" content=\"Goldenshteyn, German (1934-2006) - Institut Europ\u00e9en des Musiques Juives\" \/>\n<meta property=\"og:description\" content=\"\u00a0 German Goldenshteyn wurde 1934 in Otaci (in Bessarabien), vorher in Rum\u00e4nien, Teil des heutigen Moldawiens.W\u00e4hrend des Zweiten Weltkriegs trat Rum\u00e4nien in den Krieg mit den Achsenm\u00e4chten (Deutschland, Italien und\" \/>\n<meta property=\"og:url\" content=\"https:\/\/www.iemj.org\/de\/goldenshteyn-german-1934-2006\/\" \/>\n<meta property=\"og:site_name\" content=\"Institut Europ\u00e9en des Musiques Juives\" \/>\n<meta property=\"article:publisher\" content=\"https:\/\/www.facebook.com\/MusiquesJuives\/\" \/>\n<meta property=\"article:published_time\" content=\"2020-12-01T10:38:50+00:00\" \/>\n<meta property=\"article:modified_time\" content=\"2022-07-28T13:32:15+00:00\" \/>\n<meta property=\"og:image\" content=\"https:\/\/www.iemj.org\/wp-content\/uploads\/2020\/12\/arton4809-e1616951787482.jpg\" \/>\n\t<meta property=\"og:image:width\" content=\"170\" \/>\n\t<meta property=\"og:image:height\" content=\"218\" \/>\n\t<meta property=\"og:image:type\" content=\"image\/jpeg\" \/>\n<meta name=\"author\" content=\"Jacqueline ROTEN\" \/>\n<meta name=\"twitter:card\" content=\"summary_large_image\" \/>\n<meta name=\"twitter:label1\" content=\"Verfasst von\" \/>\n\t<meta name=\"twitter:data1\" content=\"Jacqueline ROTEN\" \/>\n\t<meta name=\"twitter:label2\" content=\"Gesch\u00e4tzte Lesezeit\" \/>\n\t<meta name=\"twitter:data2\" content=\"3\u00a0Minuten\" \/>\n<script type=\"application\/ld+json\" class=\"yoast-schema-graph\">{\"@context\":\"https:\\\/\\\/schema.org\",\"@graph\":[{\"@type\":\"Article\",\"@id\":\"https:\\\/\\\/www.iemj.org\\\/de\\\/goldenshteyn-german-1934-2006\\\/#article\",\"isPartOf\":{\"@id\":\"https:\\\/\\\/www.iemj.org\\\/de\\\/goldenshteyn-german-1934-2006\\\/\"},\"author\":{\"name\":\"Jacqueline ROTEN\",\"@id\":\"https:\\\/\\\/www.iemj.org\\\/de\\\/#\\\/schema\\\/person\\\/358e26c18aca017fcc4cc15437f7279c\"},\"headline\":\"Goldenshteyn, German (1934-2006)\",\"datePublished\":\"2020-12-01T10:38:50+00:00\",\"dateModified\":\"2022-07-28T13:32:15+00:00\",\"mainEntityOfPage\":{\"@id\":\"https:\\\/\\\/www.iemj.org\\\/de\\\/goldenshteyn-german-1934-2006\\\/\"},\"wordCount\":416,\"publisher\":{\"@id\":\"https:\\\/\\\/www.iemj.org\\\/de\\\/#organization\"},\"image\":{\"@id\":\"https:\\\/\\\/www.iemj.org\\\/de\\\/goldenshteyn-german-1934-2006\\\/#primaryimage\"},\"thumbnailUrl\":\"https:\\\/\\\/www.iemj.org\\\/wp-content\\\/uploads\\\/2020\\\/12\\\/arton4809-e1616951787482.jpg\",\"articleSection\":[\"Biografien\"],\"inLanguage\":\"de\"},{\"@type\":\"WebPage\",\"@id\":\"https:\\\/\\\/www.iemj.org\\\/de\\\/goldenshteyn-german-1934-2006\\\/\",\"url\":\"https:\\\/\\\/www.iemj.org\\\/de\\\/goldenshteyn-german-1934-2006\\\/\",\"name\":\"Goldenshteyn, German (1934-2006) - Institut Europ\u00e9en des Musiques Juives\",\"isPartOf\":{\"@id\":\"https:\\\/\\\/www.iemj.org\\\/de\\\/#website\"},\"primaryImageOfPage\":{\"@id\":\"https:\\\/\\\/www.iemj.org\\\/de\\\/goldenshteyn-german-1934-2006\\\/#primaryimage\"},\"image\":{\"@id\":\"https:\\\/\\\/www.iemj.org\\\/de\\\/goldenshteyn-german-1934-2006\\\/#primaryimage\"},\"thumbnailUrl\":\"https:\\\/\\\/www.iemj.org\\\/wp-content\\\/uploads\\\/2020\\\/12\\\/arton4809-e1616951787482.jpg\",\"datePublished\":\"2020-12-01T10:38:50+00:00\",\"dateModified\":\"2022-07-28T13:32:15+00:00\",\"breadcrumb\":{\"@id\":\"https:\\\/\\\/www.iemj.org\\\/de\\\/goldenshteyn-german-1934-2006\\\/#breadcrumb\"},\"inLanguage\":\"de\",\"potentialAction\":[{\"@type\":\"ReadAction\",\"target\":[\"https:\\\/\\\/www.iemj.org\\\/de\\\/goldenshteyn-german-1934-2006\\\/\"]}]},{\"@type\":\"ImageObject\",\"inLanguage\":\"de\",\"@id\":\"https:\\\/\\\/www.iemj.org\\\/de\\\/goldenshteyn-german-1934-2006\\\/#primaryimage\",\"url\":\"https:\\\/\\\/www.iemj.org\\\/wp-content\\\/uploads\\\/2020\\\/12\\\/arton4809-e1616951787482.jpg\",\"contentUrl\":\"https:\\\/\\\/www.iemj.org\\\/wp-content\\\/uploads\\\/2020\\\/12\\\/arton4809-e1616951787482.jpg\",\"width\":170,\"height\":218},{\"@type\":\"BreadcrumbList\",\"@id\":\"https:\\\/\\\/www.iemj.org\\\/de\\\/goldenshteyn-german-1934-2006\\\/#breadcrumb\",\"itemListElement\":[{\"@type\":\"ListItem\",\"position\":1,\"name\":\"Accueil\",\"item\":\"https:\\\/\\\/www.iemj.org\\\/de\\\/\"},{\"@type\":\"ListItem\",\"position\":2,\"name\":\"Goldenshteyn, German (1934-2006)\"}]},{\"@type\":\"WebSite\",\"@id\":\"https:\\\/\\\/www.iemj.org\\\/de\\\/#website\",\"url\":\"https:\\\/\\\/www.iemj.org\\\/de\\\/\",\"name\":\"Institut Europ\u00e9en des Musiques Juives\",\"description\":\"Des traditions musicales \u00e0 la port\u00e9e de tous\",\"publisher\":{\"@id\":\"https:\\\/\\\/www.iemj.org\\\/de\\\/#organization\"},\"potentialAction\":[{\"@type\":\"SearchAction\",\"target\":{\"@type\":\"EntryPoint\",\"urlTemplate\":\"https:\\\/\\\/www.iemj.org\\\/de\\\/?s={search_term_string}\"},\"query-input\":{\"@type\":\"PropertyValueSpecification\",\"valueRequired\":true,\"valueName\":\"search_term_string\"}}],\"inLanguage\":\"de\"},{\"@type\":\"Organization\",\"@id\":\"https:\\\/\\\/www.iemj.org\\\/de\\\/#organization\",\"name\":\"Institut Europ\u00e9en des Musiques Juives\",\"url\":\"https:\\\/\\\/www.iemj.org\\\/de\\\/\",\"logo\":{\"@type\":\"ImageObject\",\"inLanguage\":\"de\",\"@id\":\"https:\\\/\\\/www.iemj.org\\\/de\\\/#\\\/schema\\\/logo\\\/image\\\/\",\"url\":\"https:\\\/\\\/www.iemj.org\\\/wp-content\\\/uploads\\\/2021\\\/09\\\/Logo-IEMJ-Paypal.jpg\",\"contentUrl\":\"https:\\\/\\\/www.iemj.org\\\/wp-content\\\/uploads\\\/2021\\\/09\\\/Logo-IEMJ-Paypal.jpg\",\"width\":150,\"height\":50,\"caption\":\"Institut Europ\u00e9en des Musiques Juives\"},\"image\":{\"@id\":\"https:\\\/\\\/www.iemj.org\\\/de\\\/#\\\/schema\\\/logo\\\/image\\\/\"},\"sameAs\":[\"https:\\\/\\\/www.facebook.com\\\/MusiquesJuives\\\/\",\"https:\\\/\\\/www.instagram.com\\\/musiquesjuives\\\/\",\"https:\\\/\\\/www.youtube.com\\\/user\\\/musiquesjuives\"]},{\"@type\":\"Person\",\"@id\":\"https:\\\/\\\/www.iemj.org\\\/de\\\/#\\\/schema\\\/person\\\/358e26c18aca017fcc4cc15437f7279c\",\"name\":\"Jacqueline ROTEN\",\"image\":{\"@type\":\"ImageObject\",\"inLanguage\":\"de\",\"@id\":\"https:\\\/\\\/secure.gravatar.com\\\/avatar\\\/5964256d6c6957de3a3505278957e0fb2a35119ac47ea41827a65301213c810b?s=96&d=mm&r=g\",\"url\":\"https:\\\/\\\/secure.gravatar.com\\\/avatar\\\/5964256d6c6957de3a3505278957e0fb2a35119ac47ea41827a65301213c810b?s=96&d=mm&r=g\",\"contentUrl\":\"https:\\\/\\\/secure.gravatar.com\\\/avatar\\\/5964256d6c6957de3a3505278957e0fb2a35119ac47ea41827a65301213c810b?s=96&d=mm&r=g\",\"caption\":\"Jacqueline ROTEN\"}}]}<\/script>\n<!-- \/ Yoast SEO plugin. -->","yoast_head_json":{"title":"Goldenshteyn, German (1934-2006) - Institut Europ\u00e9en des Musiques Juives","robots":{"index":"index","follow":"follow","max-snippet":"max-snippet:-1","max-image-preview":"max-image-preview:large","max-video-preview":"max-video-preview:-1"},"canonical":"https:\/\/www.iemj.org\/de\/goldenshteyn-german-1934-2006\/","og_locale":"de_DE","og_type":"article","og_title":"Goldenshteyn, German (1934-2006) - Institut Europ\u00e9en des Musiques Juives","og_description":"\u00a0 German Goldenshteyn wurde 1934 in Otaci (in Bessarabien), vorher in Rum\u00e4nien, Teil des heutigen Moldawiens.W\u00e4hrend des Zweiten Weltkriegs trat Rum\u00e4nien in den Krieg mit den Achsenm\u00e4chten (Deutschland, Italien und","og_url":"https:\/\/www.iemj.org\/de\/goldenshteyn-german-1934-2006\/","og_site_name":"Institut Europ\u00e9en des Musiques Juives","article_publisher":"https:\/\/www.facebook.com\/MusiquesJuives\/","article_published_time":"2020-12-01T10:38:50+00:00","article_modified_time":"2022-07-28T13:32:15+00:00","og_image":[{"width":170,"height":218,"url":"https:\/\/www.iemj.org\/wp-content\/uploads\/2020\/12\/arton4809-e1616951787482.jpg","type":"image\/jpeg"}],"author":"Jacqueline ROTEN","twitter_card":"summary_large_image","twitter_misc":{"Verfasst von":"Jacqueline ROTEN","Gesch\u00e4tzte Lesezeit":"3\u00a0Minuten"},"schema":{"@context":"https:\/\/schema.org","@graph":[{"@type":"Article","@id":"https:\/\/www.iemj.org\/de\/goldenshteyn-german-1934-2006\/#article","isPartOf":{"@id":"https:\/\/www.iemj.org\/de\/goldenshteyn-german-1934-2006\/"},"author":{"name":"Jacqueline ROTEN","@id":"https:\/\/www.iemj.org\/de\/#\/schema\/person\/358e26c18aca017fcc4cc15437f7279c"},"headline":"Goldenshteyn, German (1934-2006)","datePublished":"2020-12-01T10:38:50+00:00","dateModified":"2022-07-28T13:32:15+00:00","mainEntityOfPage":{"@id":"https:\/\/www.iemj.org\/de\/goldenshteyn-german-1934-2006\/"},"wordCount":416,"publisher":{"@id":"https:\/\/www.iemj.org\/de\/#organization"},"image":{"@id":"https:\/\/www.iemj.org\/de\/goldenshteyn-german-1934-2006\/#primaryimage"},"thumbnailUrl":"https:\/\/www.iemj.org\/wp-content\/uploads\/2020\/12\/arton4809-e1616951787482.jpg","articleSection":["Biografien"],"inLanguage":"de"},{"@type":"WebPage","@id":"https:\/\/www.iemj.org\/de\/goldenshteyn-german-1934-2006\/","url":"https:\/\/www.iemj.org\/de\/goldenshteyn-german-1934-2006\/","name":"Goldenshteyn, German (1934-2006) - Institut Europ\u00e9en des Musiques Juives","isPartOf":{"@id":"https:\/\/www.iemj.org\/de\/#website"},"primaryImageOfPage":{"@id":"https:\/\/www.iemj.org\/de\/goldenshteyn-german-1934-2006\/#primaryimage"},"image":{"@id":"https:\/\/www.iemj.org\/de\/goldenshteyn-german-1934-2006\/#primaryimage"},"thumbnailUrl":"https:\/\/www.iemj.org\/wp-content\/uploads\/2020\/12\/arton4809-e1616951787482.jpg","datePublished":"2020-12-01T10:38:50+00:00","dateModified":"2022-07-28T13:32:15+00:00","breadcrumb":{"@id":"https:\/\/www.iemj.org\/de\/goldenshteyn-german-1934-2006\/#breadcrumb"},"inLanguage":"de","potentialAction":[{"@type":"ReadAction","target":["https:\/\/www.iemj.org\/de\/goldenshteyn-german-1934-2006\/"]}]},{"@type":"ImageObject","inLanguage":"de","@id":"https:\/\/www.iemj.org\/de\/goldenshteyn-german-1934-2006\/#primaryimage","url":"https:\/\/www.iemj.org\/wp-content\/uploads\/2020\/12\/arton4809-e1616951787482.jpg","contentUrl":"https:\/\/www.iemj.org\/wp-content\/uploads\/2020\/12\/arton4809-e1616951787482.jpg","width":170,"height":218},{"@type":"BreadcrumbList","@id":"https:\/\/www.iemj.org\/de\/goldenshteyn-german-1934-2006\/#breadcrumb","itemListElement":[{"@type":"ListItem","position":1,"name":"Accueil","item":"https:\/\/www.iemj.org\/de\/"},{"@type":"ListItem","position":2,"name":"Goldenshteyn, German (1934-2006)"}]},{"@type":"WebSite","@id":"https:\/\/www.iemj.org\/de\/#website","url":"https:\/\/www.iemj.org\/de\/","name":"Institut Europ\u00e9en des Musiques Juives","description":"Des traditions musicales \u00e0 la port\u00e9e de tous","publisher":{"@id":"https:\/\/www.iemj.org\/de\/#organization"},"potentialAction":[{"@type":"SearchAction","target":{"@type":"EntryPoint","urlTemplate":"https:\/\/www.iemj.org\/de\/?s={search_term_string}"},"query-input":{"@type":"PropertyValueSpecification","valueRequired":true,"valueName":"search_term_string"}}],"inLanguage":"de"},{"@type":"Organization","@id":"https:\/\/www.iemj.org\/de\/#organization","name":"Institut Europ\u00e9en des Musiques Juives","url":"https:\/\/www.iemj.org\/de\/","logo":{"@type":"ImageObject","inLanguage":"de","@id":"https:\/\/www.iemj.org\/de\/#\/schema\/logo\/image\/","url":"https:\/\/www.iemj.org\/wp-content\/uploads\/2021\/09\/Logo-IEMJ-Paypal.jpg","contentUrl":"https:\/\/www.iemj.org\/wp-content\/uploads\/2021\/09\/Logo-IEMJ-Paypal.jpg","width":150,"height":50,"caption":"Institut Europ\u00e9en des Musiques Juives"},"image":{"@id":"https:\/\/www.iemj.org\/de\/#\/schema\/logo\/image\/"},"sameAs":["https:\/\/www.facebook.com\/MusiquesJuives\/","https:\/\/www.instagram.com\/musiquesjuives\/","https:\/\/www.youtube.com\/user\/musiquesjuives"]},{"@type":"Person","@id":"https:\/\/www.iemj.org\/de\/#\/schema\/person\/358e26c18aca017fcc4cc15437f7279c","name":"Jacqueline ROTEN","image":{"@type":"ImageObject","inLanguage":"de","@id":"https:\/\/secure.gravatar.com\/avatar\/5964256d6c6957de3a3505278957e0fb2a35119ac47ea41827a65301213c810b?s=96&d=mm&r=g","url":"https:\/\/secure.gravatar.com\/avatar\/5964256d6c6957de3a3505278957e0fb2a35119ac47ea41827a65301213c810b?s=96&d=mm&r=g","contentUrl":"https:\/\/secure.gravatar.com\/avatar\/5964256d6c6957de3a3505278957e0fb2a35119ac47ea41827a65301213c810b?s=96&d=mm&r=g","caption":"Jacqueline ROTEN"}}]}},"_links":{"self":[{"href":"https:\/\/www.iemj.org\/de\/wp-json\/wp\/v2\/posts\/86607","targetHints":{"allow":["GET"]}}],"collection":[{"href":"https:\/\/www.iemj.org\/de\/wp-json\/wp\/v2\/posts"}],"about":[{"href":"https:\/\/www.iemj.org\/de\/wp-json\/wp\/v2\/types\/post"}],"author":[{"embeddable":true,"href":"https:\/\/www.iemj.org\/de\/wp-json\/wp\/v2\/users\/5"}],"replies":[{"embeddable":true,"href":"https:\/\/www.iemj.org\/de\/wp-json\/wp\/v2\/comments?post=86607"}],"version-history":[{"count":0,"href":"https:\/\/www.iemj.org\/de\/wp-json\/wp\/v2\/posts\/86607\/revisions"}],"wp:featuredmedia":[{"embeddable":true,"href":"https:\/\/www.iemj.org\/de\/wp-json\/wp\/v2\/media\/86608"}],"wp:attachment":[{"href":"https:\/\/www.iemj.org\/de\/wp-json\/wp\/v2\/media?parent=86607"}],"wp:term":[{"taxonomy":"category","embeddable":true,"href":"https:\/\/www.iemj.org\/de\/wp-json\/wp\/v2\/categories?post=86607"},{"taxonomy":"post_tag","embeddable":true,"href":"https:\/\/www.iemj.org\/de\/wp-json\/wp\/v2\/tags?post=86607"},{"taxonomy":"technique","embeddable":true,"href":"https:\/\/www.iemj.org\/de\/wp-json\/wp\/v2\/technique?post=86607"},{"taxonomy":"squelettes","embeddable":true,"href":"https:\/\/www.iemj.org\/de\/wp-json\/wp\/v2\/squelettes?post=86607"},{"taxonomy":"sujet","embeddable":true,"href":"https:\/\/www.iemj.org\/de\/wp-json\/wp\/v2\/sujet?post=86607"},{"taxonomy":"formation","embeddable":true,"href":"https:\/\/www.iemj.org\/de\/wp-json\/wp\/v2\/formation?post=86607"},{"taxonomy":"genre","embeddable":true,"href":"https:\/\/www.iemj.org\/de\/wp-json\/wp\/v2\/genre?post=86607"},{"taxonomy":"fonds","embeddable":true,"href":"https:\/\/www.iemj.org\/de\/wp-json\/wp\/v2\/fonds?post=86607"},{"taxonomy":"tradition","embeddable":true,"href":"https:\/\/www.iemj.org\/de\/wp-json\/wp\/v2\/tradition?post=86607"},{"taxonomy":"type-de-contenu","embeddable":true,"href":"https:\/\/www.iemj.org\/de\/wp-json\/wp\/v2\/type-de-contenu?post=86607"},{"taxonomy":"interprete-compositeur","embeddable":true,"href":"https:\/\/www.iemj.org\/de\/wp-json\/wp\/v2\/interprete-compositeur?post=86607"},{"taxonomy":"frise","embeddable":true,"href":"https:\/\/www.iemj.org\/de\/wp-json\/wp\/v2\/frise?post=86607"},{"taxonomy":"type-devenement","embeddable":true,"href":"https:\/\/www.iemj.org\/de\/wp-json\/wp\/v2\/type-devenement?post=86607"},{"taxonomy":"tableaux-liens-externes","embeddable":true,"href":"https:\/\/www.iemj.org\/de\/wp-json\/wp\/v2\/tableaux-liens-externes?post=86607"}],"curies":[{"name":"wp","href":"https:\/\/api.w.org\/{rel}","templated":true}]}}