{"id":86627,"date":"2013-06-04T10:14:15","date_gmt":"2013-06-04T08:14:15","guid":{"rendered":"https:\/\/www.iemj.org\/greif-olivier-1950-2000\/"},"modified":"2022-07-28T16:21:39","modified_gmt":"2022-07-28T14:21:39","slug":"greif-olivier-1950-2000","status":"publish","type":"post","link":"https:\/\/www.iemj.org\/de\/greif-olivier-1950-2000\/","title":{"rendered":"Greif, Olivier (1950-2000)"},"content":{"rendered":"<p>Olivier Greif wurde am 3. Januar 1950 in Paris geboren. Sein Vater studierte das Klavier in Polen, bevor er nach Frankreich auswanderte und Arzt wurde. Als Wunderkind trat Olivier mit zehn Jahren in das CNSM in Paris ein und bildete sich sp\u00e4ter in New York bei Luciano Berio weiter.<\/p>\n<p>Von 1961 bis 1981 verfasste er eine erste Serie sehr pers\u00f6nlicher Werke, die sich von den g\u00e4ngigen Str\u00f6mungen abhoben. Nach einer zehnj\u00e4hrigen \u201espirituellen Suche\u201c bei einem in New York ans\u00e4ssigen indischen Meister schrieb er ab 1991 eine neue Serie intensiver und d\u00fcsterer Werke: \u201eIn den letzten zehn Jahren seines Lebens hat Olivier Greif Meisterwerke aufgestapelt\u201c (Nicolas Bacri).<\/p>\n<p>Er sprach \u00fcber Themen, die seine Kindheit gepr\u00e4gt haben: den Krieg, den Aufenthalt seines Vaters in Auschwitz und das Verschwinden eines gro\u00dfen Teils seiner Familie in den Lagern.<\/p>\n<p>Er war zweimal schwer krank und starb am 13. Mai 2000 im Alter von 50 Jahren in seinem Haus. Olivier Greif beginnt derzeit, sich als einer der ganz gro\u00dfen Komponisten des 20.<\/p>\n","protected":false},"excerpt":{"rendered":"<p>Olivier Greif wurde am 3. Januar 1950 in Paris geboren. Sein Vater studierte das Klavier in Polen, bevor er nach Frankreich auswanderte und Arzt wurde. Als Wunderkind trat Olivier mit<\/p>\n","protected":false},"author":1050,"featured_media":86628,"comment_status":"closed","ping_status":"open","sticky":false,"template":"","format":"standard","meta":{"_acf_changed":false,"footnotes":""},"categories":[1415],"tags":[],"technique":[],"squelettes":[],"sujet":[],"formation":[],"genre":[],"fonds":[],"tradition":[],"type-de-contenu":[],"interprete-compositeur":[],"frise":[],"type-devenement":[],"tableaux-liens-externes":[],"class_list":["post-86627","post","type-post","status-publish","format-standard","has-post-thumbnail","hentry","category-biografien-de"],"acf":[],"yoast_head":"<!-- This site is optimized with the Yoast SEO plugin v27.3 - https:\/\/yoast.com\/product\/yoast-seo-wordpress\/ -->\n<title>Greif, Olivier (1950-2000) - Institut Europ\u00e9en des Musiques Juives<\/title>\n<meta name=\"robots\" content=\"index, follow, max-snippet:-1, max-image-preview:large, max-video-preview:-1\" \/>\n<link rel=\"canonical\" href=\"https:\/\/www.iemj.org\/de\/greif-olivier-1950-2000\/\" \/>\n<meta property=\"og:locale\" content=\"de_DE\" \/>\n<meta property=\"og:type\" content=\"article\" \/>\n<meta property=\"og:title\" content=\"Greif, Olivier (1950-2000) - Institut Europ\u00e9en des Musiques Juives\" \/>\n<meta property=\"og:description\" content=\"Olivier Greif wurde am 3. Januar 1950 in Paris geboren. Sein Vater studierte das Klavier in Polen, bevor er nach Frankreich auswanderte und Arzt wurde. Als Wunderkind trat Olivier mit\" \/>\n<meta property=\"og:url\" content=\"https:\/\/www.iemj.org\/de\/greif-olivier-1950-2000\/\" \/>\n<meta property=\"og:site_name\" content=\"Institut Europ\u00e9en des Musiques Juives\" \/>\n<meta property=\"article:publisher\" content=\"https:\/\/www.facebook.com\/MusiquesJuives\/\" \/>\n<meta property=\"article:published_time\" content=\"2013-06-04T08:14:15+00:00\" \/>\n<meta property=\"article:modified_time\" content=\"2022-07-28T14:21:39+00:00\" \/>\n<meta property=\"og:image\" content=\"https:\/\/www.iemj.org\/wp-content\/uploads\/2013\/06\/arton711-e1617030252633.jpg\" \/>\n\t<meta property=\"og:image:width\" content=\"285\" \/>\n\t<meta property=\"og:image:height\" content=\"218\" \/>\n\t<meta property=\"og:image:type\" content=\"image\/jpeg\" \/>\n<meta name=\"author\" content=\"ncochin\" \/>\n<meta name=\"twitter:card\" content=\"summary_large_image\" \/>\n<meta name=\"twitter:label1\" content=\"Verfasst von\" \/>\n\t<meta name=\"twitter:data1\" content=\"ncochin\" \/>\n\t<meta name=\"twitter:label2\" content=\"Gesch\u00e4tzte Lesezeit\" \/>\n\t<meta name=\"twitter:data2\" content=\"1\u00a0Minute\" \/>\n<script type=\"application\/ld+json\" class=\"yoast-schema-graph\">{\"@context\":\"https:\\\/\\\/schema.org\",\"@graph\":[{\"@type\":\"Article\",\"@id\":\"https:\\\/\\\/www.iemj.org\\\/de\\\/greif-olivier-1950-2000\\\/#article\",\"isPartOf\":{\"@id\":\"https:\\\/\\\/www.iemj.org\\\/de\\\/greif-olivier-1950-2000\\\/\"},\"author\":{\"name\":\"ncochin\",\"@id\":\"https:\\\/\\\/www.iemj.org\\\/de\\\/#\\\/schema\\\/person\\\/f826ad11b0cd58dd99babe0a3fbcb86e\"},\"headline\":\"Greif, Olivier (1950-2000)\",\"datePublished\":\"2013-06-04T08:14:15+00:00\",\"dateModified\":\"2022-07-28T14:21:39+00:00\",\"mainEntityOfPage\":{\"@id\":\"https:\\\/\\\/www.iemj.org\\\/de\\\/greif-olivier-1950-2000\\\/\"},\"wordCount\":170,\"publisher\":{\"@id\":\"https:\\\/\\\/www.iemj.org\\\/de\\\/#organization\"},\"image\":{\"@id\":\"https:\\\/\\\/www.iemj.org\\\/de\\\/greif-olivier-1950-2000\\\/#primaryimage\"},\"thumbnailUrl\":\"https:\\\/\\\/www.iemj.org\\\/wp-content\\\/uploads\\\/2013\\\/06\\\/arton711-e1617030252633.jpg\",\"articleSection\":[\"Biografien\"],\"inLanguage\":\"de\"},{\"@type\":\"WebPage\",\"@id\":\"https:\\\/\\\/www.iemj.org\\\/de\\\/greif-olivier-1950-2000\\\/\",\"url\":\"https:\\\/\\\/www.iemj.org\\\/de\\\/greif-olivier-1950-2000\\\/\",\"name\":\"Greif, Olivier (1950-2000) - Institut Europ\u00e9en des Musiques Juives\",\"isPartOf\":{\"@id\":\"https:\\\/\\\/www.iemj.org\\\/de\\\/#website\"},\"primaryImageOfPage\":{\"@id\":\"https:\\\/\\\/www.iemj.org\\\/de\\\/greif-olivier-1950-2000\\\/#primaryimage\"},\"image\":{\"@id\":\"https:\\\/\\\/www.iemj.org\\\/de\\\/greif-olivier-1950-2000\\\/#primaryimage\"},\"thumbnailUrl\":\"https:\\\/\\\/www.iemj.org\\\/wp-content\\\/uploads\\\/2013\\\/06\\\/arton711-e1617030252633.jpg\",\"datePublished\":\"2013-06-04T08:14:15+00:00\",\"dateModified\":\"2022-07-28T14:21:39+00:00\",\"breadcrumb\":{\"@id\":\"https:\\\/\\\/www.iemj.org\\\/de\\\/greif-olivier-1950-2000\\\/#breadcrumb\"},\"inLanguage\":\"de\",\"potentialAction\":[{\"@type\":\"ReadAction\",\"target\":[\"https:\\\/\\\/www.iemj.org\\\/de\\\/greif-olivier-1950-2000\\\/\"]}]},{\"@type\":\"ImageObject\",\"inLanguage\":\"de\",\"@id\":\"https:\\\/\\\/www.iemj.org\\\/de\\\/greif-olivier-1950-2000\\\/#primaryimage\",\"url\":\"https:\\\/\\\/www.iemj.org\\\/wp-content\\\/uploads\\\/2013\\\/06\\\/arton711-e1617030252633.jpg\",\"contentUrl\":\"https:\\\/\\\/www.iemj.org\\\/wp-content\\\/uploads\\\/2013\\\/06\\\/arton711-e1617030252633.jpg\",\"width\":285,\"height\":218},{\"@type\":\"BreadcrumbList\",\"@id\":\"https:\\\/\\\/www.iemj.org\\\/de\\\/greif-olivier-1950-2000\\\/#breadcrumb\",\"itemListElement\":[{\"@type\":\"ListItem\",\"position\":1,\"name\":\"Accueil\",\"item\":\"https:\\\/\\\/www.iemj.org\\\/de\\\/\"},{\"@type\":\"ListItem\",\"position\":2,\"name\":\"Greif, Olivier (1950-2000)\"}]},{\"@type\":\"WebSite\",\"@id\":\"https:\\\/\\\/www.iemj.org\\\/de\\\/#website\",\"url\":\"https:\\\/\\\/www.iemj.org\\\/de\\\/\",\"name\":\"Institut Europ\u00e9en des Musiques Juives\",\"description\":\"Des traditions musicales \u00e0 la port\u00e9e de tous\",\"publisher\":{\"@id\":\"https:\\\/\\\/www.iemj.org\\\/de\\\/#organization\"},\"potentialAction\":[{\"@type\":\"SearchAction\",\"target\":{\"@type\":\"EntryPoint\",\"urlTemplate\":\"https:\\\/\\\/www.iemj.org\\\/de\\\/?s={search_term_string}\"},\"query-input\":{\"@type\":\"PropertyValueSpecification\",\"valueRequired\":true,\"valueName\":\"search_term_string\"}}],\"inLanguage\":\"de\"},{\"@type\":\"Organization\",\"@id\":\"https:\\\/\\\/www.iemj.org\\\/de\\\/#organization\",\"name\":\"Institut Europ\u00e9en des Musiques Juives\",\"url\":\"https:\\\/\\\/www.iemj.org\\\/de\\\/\",\"logo\":{\"@type\":\"ImageObject\",\"inLanguage\":\"de\",\"@id\":\"https:\\\/\\\/www.iemj.org\\\/de\\\/#\\\/schema\\\/logo\\\/image\\\/\",\"url\":\"https:\\\/\\\/www.iemj.org\\\/wp-content\\\/uploads\\\/2021\\\/09\\\/Logo-IEMJ-Paypal.jpg\",\"contentUrl\":\"https:\\\/\\\/www.iemj.org\\\/wp-content\\\/uploads\\\/2021\\\/09\\\/Logo-IEMJ-Paypal.jpg\",\"width\":150,\"height\":50,\"caption\":\"Institut Europ\u00e9en des Musiques Juives\"},\"image\":{\"@id\":\"https:\\\/\\\/www.iemj.org\\\/de\\\/#\\\/schema\\\/logo\\\/image\\\/\"},\"sameAs\":[\"https:\\\/\\\/www.facebook.com\\\/MusiquesJuives\\\/\",\"https:\\\/\\\/www.instagram.com\\\/musiquesjuives\\\/\",\"https:\\\/\\\/www.youtube.com\\\/user\\\/musiquesjuives\"]},{\"@type\":\"Person\",\"@id\":\"https:\\\/\\\/www.iemj.org\\\/de\\\/#\\\/schema\\\/person\\\/f826ad11b0cd58dd99babe0a3fbcb86e\",\"name\":\"ncochin\",\"image\":{\"@type\":\"ImageObject\",\"inLanguage\":\"de\",\"@id\":\"https:\\\/\\\/secure.gravatar.com\\\/avatar\\\/4499f551e6a9b8c28bd3132f28d79657b2cb55ff363257726f67e89c95e2a33c?s=96&d=mm&r=g\",\"url\":\"https:\\\/\\\/secure.gravatar.com\\\/avatar\\\/4499f551e6a9b8c28bd3132f28d79657b2cb55ff363257726f67e89c95e2a33c?s=96&d=mm&r=g\",\"contentUrl\":\"https:\\\/\\\/secure.gravatar.com\\\/avatar\\\/4499f551e6a9b8c28bd3132f28d79657b2cb55ff363257726f67e89c95e2a33c?s=96&d=mm&r=g\",\"caption\":\"ncochin\"}}]}<\/script>\n<!-- \/ Yoast SEO plugin. -->","yoast_head_json":{"title":"Greif, Olivier (1950-2000) - Institut Europ\u00e9en des Musiques Juives","robots":{"index":"index","follow":"follow","max-snippet":"max-snippet:-1","max-image-preview":"max-image-preview:large","max-video-preview":"max-video-preview:-1"},"canonical":"https:\/\/www.iemj.org\/de\/greif-olivier-1950-2000\/","og_locale":"de_DE","og_type":"article","og_title":"Greif, Olivier (1950-2000) - Institut Europ\u00e9en des Musiques Juives","og_description":"Olivier Greif wurde am 3. Januar 1950 in Paris geboren. Sein Vater studierte das Klavier in Polen, bevor er nach Frankreich auswanderte und Arzt wurde. Als Wunderkind trat Olivier mit","og_url":"https:\/\/www.iemj.org\/de\/greif-olivier-1950-2000\/","og_site_name":"Institut Europ\u00e9en des Musiques Juives","article_publisher":"https:\/\/www.facebook.com\/MusiquesJuives\/","article_published_time":"2013-06-04T08:14:15+00:00","article_modified_time":"2022-07-28T14:21:39+00:00","og_image":[{"width":285,"height":218,"url":"https:\/\/www.iemj.org\/wp-content\/uploads\/2013\/06\/arton711-e1617030252633.jpg","type":"image\/jpeg"}],"author":"ncochin","twitter_card":"summary_large_image","twitter_misc":{"Verfasst von":"ncochin","Gesch\u00e4tzte Lesezeit":"1\u00a0Minute"},"schema":{"@context":"https:\/\/schema.org","@graph":[{"@type":"Article","@id":"https:\/\/www.iemj.org\/de\/greif-olivier-1950-2000\/#article","isPartOf":{"@id":"https:\/\/www.iemj.org\/de\/greif-olivier-1950-2000\/"},"author":{"name":"ncochin","@id":"https:\/\/www.iemj.org\/de\/#\/schema\/person\/f826ad11b0cd58dd99babe0a3fbcb86e"},"headline":"Greif, Olivier (1950-2000)","datePublished":"2013-06-04T08:14:15+00:00","dateModified":"2022-07-28T14:21:39+00:00","mainEntityOfPage":{"@id":"https:\/\/www.iemj.org\/de\/greif-olivier-1950-2000\/"},"wordCount":170,"publisher":{"@id":"https:\/\/www.iemj.org\/de\/#organization"},"image":{"@id":"https:\/\/www.iemj.org\/de\/greif-olivier-1950-2000\/#primaryimage"},"thumbnailUrl":"https:\/\/www.iemj.org\/wp-content\/uploads\/2013\/06\/arton711-e1617030252633.jpg","articleSection":["Biografien"],"inLanguage":"de"},{"@type":"WebPage","@id":"https:\/\/www.iemj.org\/de\/greif-olivier-1950-2000\/","url":"https:\/\/www.iemj.org\/de\/greif-olivier-1950-2000\/","name":"Greif, Olivier (1950-2000) - Institut Europ\u00e9en des Musiques Juives","isPartOf":{"@id":"https:\/\/www.iemj.org\/de\/#website"},"primaryImageOfPage":{"@id":"https:\/\/www.iemj.org\/de\/greif-olivier-1950-2000\/#primaryimage"},"image":{"@id":"https:\/\/www.iemj.org\/de\/greif-olivier-1950-2000\/#primaryimage"},"thumbnailUrl":"https:\/\/www.iemj.org\/wp-content\/uploads\/2013\/06\/arton711-e1617030252633.jpg","datePublished":"2013-06-04T08:14:15+00:00","dateModified":"2022-07-28T14:21:39+00:00","breadcrumb":{"@id":"https:\/\/www.iemj.org\/de\/greif-olivier-1950-2000\/#breadcrumb"},"inLanguage":"de","potentialAction":[{"@type":"ReadAction","target":["https:\/\/www.iemj.org\/de\/greif-olivier-1950-2000\/"]}]},{"@type":"ImageObject","inLanguage":"de","@id":"https:\/\/www.iemj.org\/de\/greif-olivier-1950-2000\/#primaryimage","url":"https:\/\/www.iemj.org\/wp-content\/uploads\/2013\/06\/arton711-e1617030252633.jpg","contentUrl":"https:\/\/www.iemj.org\/wp-content\/uploads\/2013\/06\/arton711-e1617030252633.jpg","width":285,"height":218},{"@type":"BreadcrumbList","@id":"https:\/\/www.iemj.org\/de\/greif-olivier-1950-2000\/#breadcrumb","itemListElement":[{"@type":"ListItem","position":1,"name":"Accueil","item":"https:\/\/www.iemj.org\/de\/"},{"@type":"ListItem","position":2,"name":"Greif, Olivier (1950-2000)"}]},{"@type":"WebSite","@id":"https:\/\/www.iemj.org\/de\/#website","url":"https:\/\/www.iemj.org\/de\/","name":"Institut Europ\u00e9en des Musiques Juives","description":"Des traditions musicales \u00e0 la port\u00e9e de tous","publisher":{"@id":"https:\/\/www.iemj.org\/de\/#organization"},"potentialAction":[{"@type":"SearchAction","target":{"@type":"EntryPoint","urlTemplate":"https:\/\/www.iemj.org\/de\/?s={search_term_string}"},"query-input":{"@type":"PropertyValueSpecification","valueRequired":true,"valueName":"search_term_string"}}],"inLanguage":"de"},{"@type":"Organization","@id":"https:\/\/www.iemj.org\/de\/#organization","name":"Institut Europ\u00e9en des Musiques Juives","url":"https:\/\/www.iemj.org\/de\/","logo":{"@type":"ImageObject","inLanguage":"de","@id":"https:\/\/www.iemj.org\/de\/#\/schema\/logo\/image\/","url":"https:\/\/www.iemj.org\/wp-content\/uploads\/2021\/09\/Logo-IEMJ-Paypal.jpg","contentUrl":"https:\/\/www.iemj.org\/wp-content\/uploads\/2021\/09\/Logo-IEMJ-Paypal.jpg","width":150,"height":50,"caption":"Institut Europ\u00e9en des Musiques Juives"},"image":{"@id":"https:\/\/www.iemj.org\/de\/#\/schema\/logo\/image\/"},"sameAs":["https:\/\/www.facebook.com\/MusiquesJuives\/","https:\/\/www.instagram.com\/musiquesjuives\/","https:\/\/www.youtube.com\/user\/musiquesjuives"]},{"@type":"Person","@id":"https:\/\/www.iemj.org\/de\/#\/schema\/person\/f826ad11b0cd58dd99babe0a3fbcb86e","name":"ncochin","image":{"@type":"ImageObject","inLanguage":"de","@id":"https:\/\/secure.gravatar.com\/avatar\/4499f551e6a9b8c28bd3132f28d79657b2cb55ff363257726f67e89c95e2a33c?s=96&d=mm&r=g","url":"https:\/\/secure.gravatar.com\/avatar\/4499f551e6a9b8c28bd3132f28d79657b2cb55ff363257726f67e89c95e2a33c?s=96&d=mm&r=g","contentUrl":"https:\/\/secure.gravatar.com\/avatar\/4499f551e6a9b8c28bd3132f28d79657b2cb55ff363257726f67e89c95e2a33c?s=96&d=mm&r=g","caption":"ncochin"}}]}},"_links":{"self":[{"href":"https:\/\/www.iemj.org\/de\/wp-json\/wp\/v2\/posts\/86627","targetHints":{"allow":["GET"]}}],"collection":[{"href":"https:\/\/www.iemj.org\/de\/wp-json\/wp\/v2\/posts"}],"about":[{"href":"https:\/\/www.iemj.org\/de\/wp-json\/wp\/v2\/types\/post"}],"author":[{"embeddable":true,"href":"https:\/\/www.iemj.org\/de\/wp-json\/wp\/v2\/users\/1050"}],"replies":[{"embeddable":true,"href":"https:\/\/www.iemj.org\/de\/wp-json\/wp\/v2\/comments?post=86627"}],"version-history":[{"count":0,"href":"https:\/\/www.iemj.org\/de\/wp-json\/wp\/v2\/posts\/86627\/revisions"}],"wp:featuredmedia":[{"embeddable":true,"href":"https:\/\/www.iemj.org\/de\/wp-json\/wp\/v2\/media\/86628"}],"wp:attachment":[{"href":"https:\/\/www.iemj.org\/de\/wp-json\/wp\/v2\/media?parent=86627"}],"wp:term":[{"taxonomy":"category","embeddable":true,"href":"https:\/\/www.iemj.org\/de\/wp-json\/wp\/v2\/categories?post=86627"},{"taxonomy":"post_tag","embeddable":true,"href":"https:\/\/www.iemj.org\/de\/wp-json\/wp\/v2\/tags?post=86627"},{"taxonomy":"technique","embeddable":true,"href":"https:\/\/www.iemj.org\/de\/wp-json\/wp\/v2\/technique?post=86627"},{"taxonomy":"squelettes","embeddable":true,"href":"https:\/\/www.iemj.org\/de\/wp-json\/wp\/v2\/squelettes?post=86627"},{"taxonomy":"sujet","embeddable":true,"href":"https:\/\/www.iemj.org\/de\/wp-json\/wp\/v2\/sujet?post=86627"},{"taxonomy":"formation","embeddable":true,"href":"https:\/\/www.iemj.org\/de\/wp-json\/wp\/v2\/formation?post=86627"},{"taxonomy":"genre","embeddable":true,"href":"https:\/\/www.iemj.org\/de\/wp-json\/wp\/v2\/genre?post=86627"},{"taxonomy":"fonds","embeddable":true,"href":"https:\/\/www.iemj.org\/de\/wp-json\/wp\/v2\/fonds?post=86627"},{"taxonomy":"tradition","embeddable":true,"href":"https:\/\/www.iemj.org\/de\/wp-json\/wp\/v2\/tradition?post=86627"},{"taxonomy":"type-de-contenu","embeddable":true,"href":"https:\/\/www.iemj.org\/de\/wp-json\/wp\/v2\/type-de-contenu?post=86627"},{"taxonomy":"interprete-compositeur","embeddable":true,"href":"https:\/\/www.iemj.org\/de\/wp-json\/wp\/v2\/interprete-compositeur?post=86627"},{"taxonomy":"frise","embeddable":true,"href":"https:\/\/www.iemj.org\/de\/wp-json\/wp\/v2\/frise?post=86627"},{"taxonomy":"type-devenement","embeddable":true,"href":"https:\/\/www.iemj.org\/de\/wp-json\/wp\/v2\/type-devenement?post=86627"},{"taxonomy":"tableaux-liens-externes","embeddable":true,"href":"https:\/\/www.iemj.org\/de\/wp-json\/wp\/v2\/tableaux-liens-externes?post=86627"}],"curies":[{"name":"wp","href":"https:\/\/api.w.org\/{rel}","templated":true}]}}