{"id":86653,"date":"2019-03-14T16:24:46","date_gmt":"2019-03-14T15:24:46","guid":{"rendered":"https:\/\/www.iemj.org\/ben-yosef-benyamin-rafael-1870-1928\/"},"modified":"2022-07-28T17:10:12","modified_gmt":"2022-07-28T15:10:12","slug":"ben-yosef-benyamin-rafael-1870-1928","status":"publish","type":"post","link":"https:\/\/www.iemj.org\/de\/ben-yosef-benyamin-rafael-1870-1928\/","title":{"rendered":"Ben Yosef, Benyamin Rafael (1870-1928)"},"content":{"rendered":"<p>Benyamin Rafael ben Yosef wurde 1870 in Adrianopel (heute Edirne) in der T\u00fcrkei geboren. \u00dcber seine Mutter entstammt er einer Linie von Rabbinern, darunter Behmohar Rafael (1815-1878), Oberrabbiner von Adrianopel und sp\u00e4ter von Amts wegen Oberrabbiner von Philippopoli (in Rumelien in Bulgarien).<br \/>\nAls Liebhaber alter B\u00fccher und Manuskripte widmete er sein Leben dem Djudezmo, einer Sprache, die immer mehr in den Familienbereich gedr\u00e4ngt wird und in der viele W\u00f6rter t\u00fcrkischen, italienischen und franz\u00f6sischen Ursprungs enthalten sind.<\/p>\n<figure style=\"width: 303px\" class=\"wp-caption alignright\"><img fetchpriority=\"high\" decoding=\"async\" src=\"https:\/\/www.iemj.org\/wp-content\/uploads\/2019\/03\/malc._et_benyam_jeunes101_photo_entiere_recadree_et_retaillee380px_vertic.jpg\" alt=\"malc._et_benyam_jeunes101_photo_entiere_recadree_et_retaillee380px_vertic.jpg\" width=\"303\" height=\"261\" align=\"right\" data-description=\"&quot;&lt;strong\" \/><figcaption class=\"wp-caption-text\"><strong>Benyamin und Malkuna (seine Frau)<\/strong><\/figcaption><\/figure>\n<p>Nach seiner Heirat zog er um 1895 nach Balat, einem j\u00fcdischen Viertel in Konstantinopel (Istanbul) am europ\u00e4ischen Ufer des Bosporus.<br \/>\nW\u00e4hrend den drei ersten Jahrzehnten des 20. Jahrhunderts wurde er als den wichtigsten Verleger von Konstantinopel betrachtet. Der Beginn seiner T\u00e4tigkeit als Drucker und Verleger wird auf das Jahr 1898 mit dem Erscheinen des <em>Sefer me-&#8218;Am Lo&#8217;ez Ester <\/em>datiert.<br \/>\nIn dieser Zeit entstand das Bed\u00fcrfnis, zahlreiche Titel aus allen literarischen Genres ins J\u00fcdisch-Spanische zu adaptieren und\/oder zu \u00fcbersetzen, darunter auch Romane \u2013 <em>Paul und Virginie, Jardin des histoires (Garten der Geschichten), Le fils repenti (Der reuige Sohn), Les deux jumeaux (Die beiden Zwillinge), Don Miguel San Salvador, le neveu maudit (Der verfluchte Neffe), Salvator und Paolina, Juan Lobo, <\/em><em>La belle histoire de Robinson ou Le veau d\u2019or<\/em><em> (<\/em><em>Die sch\u00f6ne Geschichte von Robinson oder Das goldene Kalb)<\/em> \u2013 die in der Regel zun\u00e4chst als Fortsetzungsromane in der Presse ver\u00f6ffentlicht wurden<\/p>\n<p>Neben seiner anerkannten T\u00e4tigkeit als Verleger war Benyamin Rafael ben Yosef ein echter Sammler alter Manuskripte und B\u00fccher, eine T\u00e4tigkeit, die er auf seinen Reisen vor allem in den Nahen Osten entwickelte.<\/p>\n<p>Der Bereich der Religion und der liturgischen Ges\u00e4nge geh\u00f6rte zu Benyamins bevorzugten Themen.<br \/>\n1910 gab er in Konstantinopel das <em>Sefer jaim va-jesed <\/em>(Sammlung von Gesetzen und Gebr\u00e4uchen in Bezug auf Kranke und Tote) heraus; dreizehn Jahre sp\u00e4ter folgte die Herausgabe des <em>Sefer renanot u-bakashot<\/em>\u2026<\/p>\n<p>Benyamin, der sich f\u00fcr sephardische religi\u00f6se Lieder, insbesondere <em>Pijjutim<\/em> und <em>Maftirim<\/em> (religi\u00f6se Gedichte und Hymnen), begeisterte, bat 1926 Isaac Eliyahu Navon (Dichter, Musiker und Namensvetter des Politikers), der \u00fcbrigens aus derselben Stadt stammte, um die umfassendste Zusammenstellung bekannter <em>Maftirim<\/em>. Die beeindruckende Ver\u00f6ffentlichung der \u201eLieder Israels im Land des Orients\u201c (<em>Shire Israel be-Eretz ha-Kedem <\/em>oder SHIBA) hat in religi\u00f6sen Kreisen, bei Dichtern und Musikern auf sehr positive Kritik sto\u00dfen.<\/p>\n<p>Eine der Titelseiten auf J\u00fcdisch-Spanisch:<\/p>\n<p style=\"text-align: center;\"><em>Diferentes Kantes Arekojidos de Manuskritos VyejosOvra de Poetas kon Kantes de Shabbath<\/em><br \/>\n<em>i Moadim del Anyo<\/em><br \/>\n<em>i Alegrias de Mila i BodasEl Editor, Vendedor de Livros Muevos i Viejos<\/em><\/p>\n<p style=\"text-align: center;\"><em>Benyamin Rafael ben Yosef<\/em><br \/>\n<em>Anyo 5686*<\/em><\/p>\n<p>*\u00a0\u201eVerschiedene Lieder, die nach alten Manuskripten gesammelt wurden. Werke von Dichtern mit Liedern zum Schabbat, Moadim des Jahres, zur Mila und zur Hochzeit\u201c<\/p>\n<p><img decoding=\"async\" class=\" alignleft  wp-image-23101\" src=\"https:\/\/www.iemj.org\/wp-content\/uploads\/2019\/03\/le_fassil029_compressed_380px_vertic.jpg\" alt=\"le_fassil029_compressed_380px_vertic.jpg\" width=\"243\" height=\"359\" align=\"left\" srcset=\"https:\/\/www.iemj.org\/wp-content\/uploads\/2019\/03\/le_fassil029_compressed_380px_vertic.jpg 257w, https:\/\/www.iemj.org\/wp-content\/uploads\/2019\/03\/le_fassil029_compressed_380px_vertic-203x300.jpg 203w\" sizes=\"(max-width: 243px) 100vw, 243px\" \/><\/p>\n<p>Zur gleichen Zeit gab Benyamin Rafael ben Yosef unter der Aufsicht des ber\u00fchmten Chasans Isaac ben Solomon Algazi, der 1923 zum \u201eKantor\u201c und musikalischen Leiter der italienischen Synagoge in Istanbul im Stadtteil Galata ernannt worden war, eine Auswahl orientalisch-j\u00fcdischer Lieder mit dem Titel \u201eAuszug aus dem Husseini-Fassil\u201c heraus: Diese Lieder enthalten die Referenzen des liturgischen Dichters Israel Nadschara und des ber\u00fchmten Rabbiners aus Smyrna, Abraham Ha-Cohen Ariyas.<\/p>\n<p>Bis in seine letzten Jahre gab Benyamin weiterhin religi\u00f6se Lieder heraus. <em>Los piyutim de los dias temerosos<\/em> aus dem Jahr 1927 erschienen erst zum Zeitpunkt seines Todes (Druckerei La Konkerensia).<\/p>\n<p>Er bem\u00fchte sich auch um die Ver\u00f6ffentlichung von Sammlungen von <em>Romansas<\/em>, (Lieder und Gedichte f\u00fcr Br\u00e4ute, Neugeborene und ihre M\u00fctter), die nach den Sitten des Osmanischen Reiches herausgegeben wurden.<\/p>\n<p>Neben Ver\u00f6ffentlichungen und Adaptionen von \u201eklassischer\u201c Literatur, Ver\u00f6ffentlichungen bez\u00fcglich des religi\u00f6sen Bereichs und Ver\u00f6ffentlichungen von \u201etraditionellen\u201c Liedern in Djudezmo lie\u00df es ihm Benyamin angelegen sein, auch Werke ins J\u00fcdisch-Spanische zu \u00fcbersetzen, die sich insbesondere mit sozio-politischen Themen befassen, wie z. B. <em>Cinco anyos de mi vida<\/em>, das \u00fcber die Dreyfus-Aff\u00e4re berichtete. Es war eine \u00dcberraschung, den Briefwechsel zwischen Dreyfus und seiner Frau Lucie auf Djudezmo lesen zu k\u00f6nnen. Tats\u00e4chlich baten Benyamins Kunden nach den Auswirkungen der Dreyfus-Aff\u00e4re ihn darum, die \u201ej\u00fcdisch-spanische Version\u201c der Geschichte in ihrer Bibliothek zu haben.<\/p>\n<p>In einem besonderen Kontext der Verwischung kultureller Identit\u00e4ten starb Benyamin Rafael ben Yosef, der einen wichtigen Beitrag zur sephardischen Kultur und ihrer Verbreitung leistete, 1928 unerwartet.<\/p>\n<p><strong>Quellen:<\/strong><br \/>\nBiografie ergestellt nach:<br \/>\n\u2013 Den von Lydia B\u00e9har-Velay (Enkeltochter von Benyamin Rafael ben Yosef) und ihrem Mann, Philippe Velay, belieferten biografischen Elementen<br \/>\n\u2013 dem Artikel \u201eLe sauvetage familial d\u2019une m\u00e9moire\u201c <em>(die Familienrettung einer Erinerrung)<\/em> von Lydia B\u00e9har-Velay und Philippe Velay, im Kaminando I Avalando N\u00b07, Rubrik Figures du Monde S\u00e9pharade ver\u00f6ffentlicht<\/p>\n<p><a href=\"http:\/\/www.rachelnet.net\/F\/?func=find-c&amp;ccl_term=WRD%3Dmaftirim+sauf+maftir&amp;local_base=iemcg&amp;x=13&amp;y=13\" target=\"_blank\" rel=\"noopener\">T\u00fcrkische synagogalen Musikaufnahmen (Maftirim\u2026) anh\u00f6ren<\/a><br \/>\n<a href=\"https:\/\/www.iemj.org\/de\/musiques-des-juifs-de-turquie\/\" target=\"_blank\" rel=\"noopener\"><br \/>\nDie Playlist \u00fcber die Musik der t\u00fcrkischen Juden anh\u00f6ren<\/a><\/p>\n","protected":false},"excerpt":{"rendered":"<p>Benyamin Rafael ben Yosef wurde 1870 in Adrianopel (heute Edirne) in der T\u00fcrkei geboren. \u00dcber seine Mutter entstammt er einer Linie von Rabbinern, darunter Behmohar Rafael (1815-1878), Oberrabbiner von Adrianopel<\/p>\n","protected":false},"author":5,"featured_media":86654,"comment_status":"closed","ping_status":"open","sticky":false,"template":"","format":"standard","meta":{"_acf_changed":false,"footnotes":""},"categories":[1415],"tags":[],"technique":[],"squelettes":[585],"sujet":[2131],"formation":[],"genre":[1888],"fonds":[],"tradition":[1966],"type-de-contenu":[],"interprete-compositeur":[],"frise":[],"type-devenement":[],"tableaux-liens-externes":[],"class_list":["post-86653","post","type-post","status-publish","format-standard","has-post-thumbnail","hentry","category-biografien-de","squelettes-contenu","sujet-tuerkei-de","genre-judaisch-spanisch-de","tradition-sephardischer-ritus-de"],"acf":[],"yoast_head":"<!-- This site is optimized with the Yoast SEO plugin v27.3 - https:\/\/yoast.com\/product\/yoast-seo-wordpress\/ -->\n<title>Ben Yosef, Benyamin Rafael (1870-1928) - Institut Europ\u00e9en des Musiques Juives<\/title>\n<meta name=\"robots\" content=\"index, follow, max-snippet:-1, max-image-preview:large, max-video-preview:-1\" \/>\n<link rel=\"canonical\" href=\"https:\/\/www.iemj.org\/de\/ben-yosef-benyamin-rafael-1870-1928\/\" \/>\n<meta property=\"og:locale\" content=\"de_DE\" \/>\n<meta property=\"og:type\" content=\"article\" \/>\n<meta property=\"og:title\" content=\"Ben Yosef, Benyamin Rafael (1870-1928) - Institut Europ\u00e9en des Musiques Juives\" \/>\n<meta property=\"og:description\" content=\"Benyamin Rafael ben Yosef wurde 1870 in Adrianopel (heute Edirne) in der T\u00fcrkei geboren. \u00dcber seine Mutter entstammt er einer Linie von Rabbinern, darunter Behmohar Rafael (1815-1878), Oberrabbiner von Adrianopel\" \/>\n<meta property=\"og:url\" content=\"https:\/\/www.iemj.org\/de\/ben-yosef-benyamin-rafael-1870-1928\/\" \/>\n<meta property=\"og:site_name\" content=\"Institut Europ\u00e9en des Musiques Juives\" \/>\n<meta property=\"article:publisher\" content=\"https:\/\/www.facebook.com\/MusiquesJuives\/\" \/>\n<meta property=\"article:published_time\" content=\"2019-03-14T15:24:46+00:00\" \/>\n<meta property=\"article:modified_time\" content=\"2022-07-28T15:10:12+00:00\" \/>\n<meta property=\"og:image\" content=\"https:\/\/www.iemj.org\/wp-content\/uploads\/2019\/03\/arton4014-e1617023072810.jpg\" \/>\n\t<meta property=\"og:image:width\" content=\"139\" \/>\n\t<meta property=\"og:image:height\" content=\"218\" \/>\n\t<meta property=\"og:image:type\" content=\"image\/jpeg\" \/>\n<meta name=\"author\" content=\"Jacqueline ROTEN\" \/>\n<meta name=\"twitter:card\" content=\"summary_large_image\" \/>\n<meta name=\"twitter:label1\" content=\"Verfasst von\" \/>\n\t<meta name=\"twitter:data1\" content=\"Jacqueline ROTEN\" \/>\n\t<meta name=\"twitter:label2\" content=\"Gesch\u00e4tzte Lesezeit\" \/>\n\t<meta name=\"twitter:data2\" content=\"5\u00a0Minuten\" \/>\n<script type=\"application\/ld+json\" class=\"yoast-schema-graph\">{\"@context\":\"https:\\\/\\\/schema.org\",\"@graph\":[{\"@type\":\"Article\",\"@id\":\"https:\\\/\\\/www.iemj.org\\\/de\\\/ben-yosef-benyamin-rafael-1870-1928\\\/#article\",\"isPartOf\":{\"@id\":\"https:\\\/\\\/www.iemj.org\\\/de\\\/ben-yosef-benyamin-rafael-1870-1928\\\/\"},\"author\":{\"name\":\"Jacqueline ROTEN\",\"@id\":\"https:\\\/\\\/www.iemj.org\\\/de\\\/#\\\/schema\\\/person\\\/358e26c18aca017fcc4cc15437f7279c\"},\"headline\":\"Ben Yosef, Benyamin Rafael (1870-1928)\",\"datePublished\":\"2019-03-14T15:24:46+00:00\",\"dateModified\":\"2022-07-28T15:10:12+00:00\",\"mainEntityOfPage\":{\"@id\":\"https:\\\/\\\/www.iemj.org\\\/de\\\/ben-yosef-benyamin-rafael-1870-1928\\\/\"},\"wordCount\":806,\"publisher\":{\"@id\":\"https:\\\/\\\/www.iemj.org\\\/de\\\/#organization\"},\"image\":{\"@id\":\"https:\\\/\\\/www.iemj.org\\\/de\\\/ben-yosef-benyamin-rafael-1870-1928\\\/#primaryimage\"},\"thumbnailUrl\":\"https:\\\/\\\/www.iemj.org\\\/wp-content\\\/uploads\\\/2019\\\/03\\\/arton4014-e1617023072810.jpg\",\"articleSection\":[\"Biografien\"],\"inLanguage\":\"de\"},{\"@type\":\"WebPage\",\"@id\":\"https:\\\/\\\/www.iemj.org\\\/de\\\/ben-yosef-benyamin-rafael-1870-1928\\\/\",\"url\":\"https:\\\/\\\/www.iemj.org\\\/de\\\/ben-yosef-benyamin-rafael-1870-1928\\\/\",\"name\":\"Ben Yosef, Benyamin Rafael (1870-1928) - Institut Europ\u00e9en des Musiques Juives\",\"isPartOf\":{\"@id\":\"https:\\\/\\\/www.iemj.org\\\/de\\\/#website\"},\"primaryImageOfPage\":{\"@id\":\"https:\\\/\\\/www.iemj.org\\\/de\\\/ben-yosef-benyamin-rafael-1870-1928\\\/#primaryimage\"},\"image\":{\"@id\":\"https:\\\/\\\/www.iemj.org\\\/de\\\/ben-yosef-benyamin-rafael-1870-1928\\\/#primaryimage\"},\"thumbnailUrl\":\"https:\\\/\\\/www.iemj.org\\\/wp-content\\\/uploads\\\/2019\\\/03\\\/arton4014-e1617023072810.jpg\",\"datePublished\":\"2019-03-14T15:24:46+00:00\",\"dateModified\":\"2022-07-28T15:10:12+00:00\",\"breadcrumb\":{\"@id\":\"https:\\\/\\\/www.iemj.org\\\/de\\\/ben-yosef-benyamin-rafael-1870-1928\\\/#breadcrumb\"},\"inLanguage\":\"de\",\"potentialAction\":[{\"@type\":\"ReadAction\",\"target\":[\"https:\\\/\\\/www.iemj.org\\\/de\\\/ben-yosef-benyamin-rafael-1870-1928\\\/\"]}]},{\"@type\":\"ImageObject\",\"inLanguage\":\"de\",\"@id\":\"https:\\\/\\\/www.iemj.org\\\/de\\\/ben-yosef-benyamin-rafael-1870-1928\\\/#primaryimage\",\"url\":\"https:\\\/\\\/www.iemj.org\\\/wp-content\\\/uploads\\\/2019\\\/03\\\/arton4014-e1617023072810.jpg\",\"contentUrl\":\"https:\\\/\\\/www.iemj.org\\\/wp-content\\\/uploads\\\/2019\\\/03\\\/arton4014-e1617023072810.jpg\",\"width\":139,\"height\":218},{\"@type\":\"BreadcrumbList\",\"@id\":\"https:\\\/\\\/www.iemj.org\\\/de\\\/ben-yosef-benyamin-rafael-1870-1928\\\/#breadcrumb\",\"itemListElement\":[{\"@type\":\"ListItem\",\"position\":1,\"name\":\"Accueil\",\"item\":\"https:\\\/\\\/www.iemj.org\\\/de\\\/\"},{\"@type\":\"ListItem\",\"position\":2,\"name\":\"Ben Yosef, Benyamin Rafael (1870-1928)\"}]},{\"@type\":\"WebSite\",\"@id\":\"https:\\\/\\\/www.iemj.org\\\/de\\\/#website\",\"url\":\"https:\\\/\\\/www.iemj.org\\\/de\\\/\",\"name\":\"Institut Europ\u00e9en des Musiques Juives\",\"description\":\"Des traditions musicales \u00e0 la port\u00e9e de tous\",\"publisher\":{\"@id\":\"https:\\\/\\\/www.iemj.org\\\/de\\\/#organization\"},\"potentialAction\":[{\"@type\":\"SearchAction\",\"target\":{\"@type\":\"EntryPoint\",\"urlTemplate\":\"https:\\\/\\\/www.iemj.org\\\/de\\\/?s={search_term_string}\"},\"query-input\":{\"@type\":\"PropertyValueSpecification\",\"valueRequired\":true,\"valueName\":\"search_term_string\"}}],\"inLanguage\":\"de\"},{\"@type\":\"Organization\",\"@id\":\"https:\\\/\\\/www.iemj.org\\\/de\\\/#organization\",\"name\":\"Institut Europ\u00e9en des Musiques Juives\",\"url\":\"https:\\\/\\\/www.iemj.org\\\/de\\\/\",\"logo\":{\"@type\":\"ImageObject\",\"inLanguage\":\"de\",\"@id\":\"https:\\\/\\\/www.iemj.org\\\/de\\\/#\\\/schema\\\/logo\\\/image\\\/\",\"url\":\"https:\\\/\\\/www.iemj.org\\\/wp-content\\\/uploads\\\/2021\\\/09\\\/Logo-IEMJ-Paypal.jpg\",\"contentUrl\":\"https:\\\/\\\/www.iemj.org\\\/wp-content\\\/uploads\\\/2021\\\/09\\\/Logo-IEMJ-Paypal.jpg\",\"width\":150,\"height\":50,\"caption\":\"Institut Europ\u00e9en des Musiques Juives\"},\"image\":{\"@id\":\"https:\\\/\\\/www.iemj.org\\\/de\\\/#\\\/schema\\\/logo\\\/image\\\/\"},\"sameAs\":[\"https:\\\/\\\/www.facebook.com\\\/MusiquesJuives\\\/\",\"https:\\\/\\\/www.instagram.com\\\/musiquesjuives\\\/\",\"https:\\\/\\\/www.youtube.com\\\/user\\\/musiquesjuives\"]},{\"@type\":\"Person\",\"@id\":\"https:\\\/\\\/www.iemj.org\\\/de\\\/#\\\/schema\\\/person\\\/358e26c18aca017fcc4cc15437f7279c\",\"name\":\"Jacqueline ROTEN\",\"image\":{\"@type\":\"ImageObject\",\"inLanguage\":\"de\",\"@id\":\"https:\\\/\\\/secure.gravatar.com\\\/avatar\\\/5964256d6c6957de3a3505278957e0fb2a35119ac47ea41827a65301213c810b?s=96&d=mm&r=g\",\"url\":\"https:\\\/\\\/secure.gravatar.com\\\/avatar\\\/5964256d6c6957de3a3505278957e0fb2a35119ac47ea41827a65301213c810b?s=96&d=mm&r=g\",\"contentUrl\":\"https:\\\/\\\/secure.gravatar.com\\\/avatar\\\/5964256d6c6957de3a3505278957e0fb2a35119ac47ea41827a65301213c810b?s=96&d=mm&r=g\",\"caption\":\"Jacqueline ROTEN\"}}]}<\/script>\n<!-- \/ Yoast SEO plugin. -->","yoast_head_json":{"title":"Ben Yosef, Benyamin Rafael (1870-1928) - Institut Europ\u00e9en des Musiques Juives","robots":{"index":"index","follow":"follow","max-snippet":"max-snippet:-1","max-image-preview":"max-image-preview:large","max-video-preview":"max-video-preview:-1"},"canonical":"https:\/\/www.iemj.org\/de\/ben-yosef-benyamin-rafael-1870-1928\/","og_locale":"de_DE","og_type":"article","og_title":"Ben Yosef, Benyamin Rafael (1870-1928) - Institut Europ\u00e9en des Musiques Juives","og_description":"Benyamin Rafael ben Yosef wurde 1870 in Adrianopel (heute Edirne) in der T\u00fcrkei geboren. \u00dcber seine Mutter entstammt er einer Linie von Rabbinern, darunter Behmohar Rafael (1815-1878), Oberrabbiner von Adrianopel","og_url":"https:\/\/www.iemj.org\/de\/ben-yosef-benyamin-rafael-1870-1928\/","og_site_name":"Institut Europ\u00e9en des Musiques Juives","article_publisher":"https:\/\/www.facebook.com\/MusiquesJuives\/","article_published_time":"2019-03-14T15:24:46+00:00","article_modified_time":"2022-07-28T15:10:12+00:00","og_image":[{"width":139,"height":218,"url":"https:\/\/www.iemj.org\/wp-content\/uploads\/2019\/03\/arton4014-e1617023072810.jpg","type":"image\/jpeg"}],"author":"Jacqueline ROTEN","twitter_card":"summary_large_image","twitter_misc":{"Verfasst von":"Jacqueline ROTEN","Gesch\u00e4tzte Lesezeit":"5\u00a0Minuten"},"schema":{"@context":"https:\/\/schema.org","@graph":[{"@type":"Article","@id":"https:\/\/www.iemj.org\/de\/ben-yosef-benyamin-rafael-1870-1928\/#article","isPartOf":{"@id":"https:\/\/www.iemj.org\/de\/ben-yosef-benyamin-rafael-1870-1928\/"},"author":{"name":"Jacqueline ROTEN","@id":"https:\/\/www.iemj.org\/de\/#\/schema\/person\/358e26c18aca017fcc4cc15437f7279c"},"headline":"Ben Yosef, Benyamin Rafael (1870-1928)","datePublished":"2019-03-14T15:24:46+00:00","dateModified":"2022-07-28T15:10:12+00:00","mainEntityOfPage":{"@id":"https:\/\/www.iemj.org\/de\/ben-yosef-benyamin-rafael-1870-1928\/"},"wordCount":806,"publisher":{"@id":"https:\/\/www.iemj.org\/de\/#organization"},"image":{"@id":"https:\/\/www.iemj.org\/de\/ben-yosef-benyamin-rafael-1870-1928\/#primaryimage"},"thumbnailUrl":"https:\/\/www.iemj.org\/wp-content\/uploads\/2019\/03\/arton4014-e1617023072810.jpg","articleSection":["Biografien"],"inLanguage":"de"},{"@type":"WebPage","@id":"https:\/\/www.iemj.org\/de\/ben-yosef-benyamin-rafael-1870-1928\/","url":"https:\/\/www.iemj.org\/de\/ben-yosef-benyamin-rafael-1870-1928\/","name":"Ben Yosef, Benyamin Rafael (1870-1928) - Institut Europ\u00e9en des Musiques Juives","isPartOf":{"@id":"https:\/\/www.iemj.org\/de\/#website"},"primaryImageOfPage":{"@id":"https:\/\/www.iemj.org\/de\/ben-yosef-benyamin-rafael-1870-1928\/#primaryimage"},"image":{"@id":"https:\/\/www.iemj.org\/de\/ben-yosef-benyamin-rafael-1870-1928\/#primaryimage"},"thumbnailUrl":"https:\/\/www.iemj.org\/wp-content\/uploads\/2019\/03\/arton4014-e1617023072810.jpg","datePublished":"2019-03-14T15:24:46+00:00","dateModified":"2022-07-28T15:10:12+00:00","breadcrumb":{"@id":"https:\/\/www.iemj.org\/de\/ben-yosef-benyamin-rafael-1870-1928\/#breadcrumb"},"inLanguage":"de","potentialAction":[{"@type":"ReadAction","target":["https:\/\/www.iemj.org\/de\/ben-yosef-benyamin-rafael-1870-1928\/"]}]},{"@type":"ImageObject","inLanguage":"de","@id":"https:\/\/www.iemj.org\/de\/ben-yosef-benyamin-rafael-1870-1928\/#primaryimage","url":"https:\/\/www.iemj.org\/wp-content\/uploads\/2019\/03\/arton4014-e1617023072810.jpg","contentUrl":"https:\/\/www.iemj.org\/wp-content\/uploads\/2019\/03\/arton4014-e1617023072810.jpg","width":139,"height":218},{"@type":"BreadcrumbList","@id":"https:\/\/www.iemj.org\/de\/ben-yosef-benyamin-rafael-1870-1928\/#breadcrumb","itemListElement":[{"@type":"ListItem","position":1,"name":"Accueil","item":"https:\/\/www.iemj.org\/de\/"},{"@type":"ListItem","position":2,"name":"Ben Yosef, Benyamin Rafael (1870-1928)"}]},{"@type":"WebSite","@id":"https:\/\/www.iemj.org\/de\/#website","url":"https:\/\/www.iemj.org\/de\/","name":"Institut Europ\u00e9en des Musiques Juives","description":"Des traditions musicales \u00e0 la port\u00e9e de tous","publisher":{"@id":"https:\/\/www.iemj.org\/de\/#organization"},"potentialAction":[{"@type":"SearchAction","target":{"@type":"EntryPoint","urlTemplate":"https:\/\/www.iemj.org\/de\/?s={search_term_string}"},"query-input":{"@type":"PropertyValueSpecification","valueRequired":true,"valueName":"search_term_string"}}],"inLanguage":"de"},{"@type":"Organization","@id":"https:\/\/www.iemj.org\/de\/#organization","name":"Institut Europ\u00e9en des Musiques Juives","url":"https:\/\/www.iemj.org\/de\/","logo":{"@type":"ImageObject","inLanguage":"de","@id":"https:\/\/www.iemj.org\/de\/#\/schema\/logo\/image\/","url":"https:\/\/www.iemj.org\/wp-content\/uploads\/2021\/09\/Logo-IEMJ-Paypal.jpg","contentUrl":"https:\/\/www.iemj.org\/wp-content\/uploads\/2021\/09\/Logo-IEMJ-Paypal.jpg","width":150,"height":50,"caption":"Institut Europ\u00e9en des Musiques Juives"},"image":{"@id":"https:\/\/www.iemj.org\/de\/#\/schema\/logo\/image\/"},"sameAs":["https:\/\/www.facebook.com\/MusiquesJuives\/","https:\/\/www.instagram.com\/musiquesjuives\/","https:\/\/www.youtube.com\/user\/musiquesjuives"]},{"@type":"Person","@id":"https:\/\/www.iemj.org\/de\/#\/schema\/person\/358e26c18aca017fcc4cc15437f7279c","name":"Jacqueline ROTEN","image":{"@type":"ImageObject","inLanguage":"de","@id":"https:\/\/secure.gravatar.com\/avatar\/5964256d6c6957de3a3505278957e0fb2a35119ac47ea41827a65301213c810b?s=96&d=mm&r=g","url":"https:\/\/secure.gravatar.com\/avatar\/5964256d6c6957de3a3505278957e0fb2a35119ac47ea41827a65301213c810b?s=96&d=mm&r=g","contentUrl":"https:\/\/secure.gravatar.com\/avatar\/5964256d6c6957de3a3505278957e0fb2a35119ac47ea41827a65301213c810b?s=96&d=mm&r=g","caption":"Jacqueline ROTEN"}}]}},"_links":{"self":[{"href":"https:\/\/www.iemj.org\/de\/wp-json\/wp\/v2\/posts\/86653","targetHints":{"allow":["GET"]}}],"collection":[{"href":"https:\/\/www.iemj.org\/de\/wp-json\/wp\/v2\/posts"}],"about":[{"href":"https:\/\/www.iemj.org\/de\/wp-json\/wp\/v2\/types\/post"}],"author":[{"embeddable":true,"href":"https:\/\/www.iemj.org\/de\/wp-json\/wp\/v2\/users\/5"}],"replies":[{"embeddable":true,"href":"https:\/\/www.iemj.org\/de\/wp-json\/wp\/v2\/comments?post=86653"}],"version-history":[{"count":0,"href":"https:\/\/www.iemj.org\/de\/wp-json\/wp\/v2\/posts\/86653\/revisions"}],"wp:featuredmedia":[{"embeddable":true,"href":"https:\/\/www.iemj.org\/de\/wp-json\/wp\/v2\/media\/86654"}],"wp:attachment":[{"href":"https:\/\/www.iemj.org\/de\/wp-json\/wp\/v2\/media?parent=86653"}],"wp:term":[{"taxonomy":"category","embeddable":true,"href":"https:\/\/www.iemj.org\/de\/wp-json\/wp\/v2\/categories?post=86653"},{"taxonomy":"post_tag","embeddable":true,"href":"https:\/\/www.iemj.org\/de\/wp-json\/wp\/v2\/tags?post=86653"},{"taxonomy":"technique","embeddable":true,"href":"https:\/\/www.iemj.org\/de\/wp-json\/wp\/v2\/technique?post=86653"},{"taxonomy":"squelettes","embeddable":true,"href":"https:\/\/www.iemj.org\/de\/wp-json\/wp\/v2\/squelettes?post=86653"},{"taxonomy":"sujet","embeddable":true,"href":"https:\/\/www.iemj.org\/de\/wp-json\/wp\/v2\/sujet?post=86653"},{"taxonomy":"formation","embeddable":true,"href":"https:\/\/www.iemj.org\/de\/wp-json\/wp\/v2\/formation?post=86653"},{"taxonomy":"genre","embeddable":true,"href":"https:\/\/www.iemj.org\/de\/wp-json\/wp\/v2\/genre?post=86653"},{"taxonomy":"fonds","embeddable":true,"href":"https:\/\/www.iemj.org\/de\/wp-json\/wp\/v2\/fonds?post=86653"},{"taxonomy":"tradition","embeddable":true,"href":"https:\/\/www.iemj.org\/de\/wp-json\/wp\/v2\/tradition?post=86653"},{"taxonomy":"type-de-contenu","embeddable":true,"href":"https:\/\/www.iemj.org\/de\/wp-json\/wp\/v2\/type-de-contenu?post=86653"},{"taxonomy":"interprete-compositeur","embeddable":true,"href":"https:\/\/www.iemj.org\/de\/wp-json\/wp\/v2\/interprete-compositeur?post=86653"},{"taxonomy":"frise","embeddable":true,"href":"https:\/\/www.iemj.org\/de\/wp-json\/wp\/v2\/frise?post=86653"},{"taxonomy":"type-devenement","embeddable":true,"href":"https:\/\/www.iemj.org\/de\/wp-json\/wp\/v2\/type-devenement?post=86653"},{"taxonomy":"tableaux-liens-externes","embeddable":true,"href":"https:\/\/www.iemj.org\/de\/wp-json\/wp\/v2\/tableaux-liens-externes?post=86653"}],"curies":[{"name":"wp","href":"https:\/\/api.w.org\/{rel}","templated":true}]}}