{"id":86709,"date":"2013-05-16T12:56:45","date_gmt":"2013-05-16T10:56:45","guid":{"rendered":"https:\/\/www.iemj.org\/alkan-charles-valentin-1813-1888\/"},"modified":"2022-08-30T11:33:43","modified_gmt":"2022-08-30T09:33:43","slug":"alkan-charles-valentin-1813-1888","status":"publish","type":"post","link":"https:\/\/www.iemj.org\/de\/alkan-charles-valentin-1813-1888\/","title":{"rendered":"Alkan, Charles-Valentin (1813-1888)"},"content":{"rendered":"<p>Alkan wurde im j\u00fcdischen Glauben geboren und starb auch so. Zusammen mit seinen Geschwistern, die als Morhange geboren wurden, nahm er den hebr\u00e4ischen Vornamen seines Vaters als Familiennamen an und wurde zu Charles-Valentin Alkan dem \u00c4ltesten. Da er viele alte Sprachen kannte (Hebr\u00e4isch, Latein, Griechisch, Syrisch), \u00fcbersetzte er nicht nur das Alte, sondern auch das Neue Testament. Er schrieb einem deutsch-j\u00fcdischen Freund, Stephen Heller, dass es besser sei, Jude zu sein, um das Neue Testament richtig zu verstehen&#8230; aber er zerst\u00f6rte seine \u00dcbersetzung. Er plante, die Bibel zu vertonen, begann aber nie damit.<\/p>\n<p>Er trat nur selten in Konzerten auf und hatte sich einen Ruf als Misanthrop aufgebaut, insbesondere nach seinem Misserfolg im Jahr 1848, als er sich um die Stelle des Klavierprofessors am Konservatorium bewarb, die schlie\u00dflich an Marmontel vergeben wurde. Dennoch war er ein angesehener P\u00e4dagoge und verdiente seinen Lebensunterhalt mit dem Unterrichten.<\/p>\n<p>Er arbeitete punktuell mit dem Konsistorium bei der Umgestaltung und Vereinheitlichung der Liturgie zusammen, komponierte aber insgesamt nur zwei eigentliche liturgische St\u00fccke auf Wunsch des Chasans Samuel Naumburg (<em>Etz Chaim<\/em> und <em>Halleluja <\/em><span class=\"footnote_referrer\"><a role=\"button\" tabindex=\"0\" onclick=\"footnote_moveToReference_86709_1('footnote_plugin_reference_86709_1_1');\" onkeypress=\"footnote_moveToReference_86709_1('footnote_plugin_reference_86709_1_1');\" ><sup id=\"footnote_plugin_tooltip_86709_1_1\" class=\"footnote_plugin_tooltip_text\">[1]<\/sup><\/a><span id=\"footnote_plugin_tooltip_text_86709_1_1\" class=\"footnote_tooltip\">Aufnahmen und Partituren sind am Institut Europ\u00e9en des Musiques Juives einsehbar<\/span><\/span><script type=\"text\/javascript\"> jQuery('#footnote_plugin_tooltip_86709_1_1').tooltip({ tip: '#footnote_plugin_tooltip_text_86709_1_1', tipClass: 'footnote_tooltip', effect: 'fade', predelay: 0, fadeInSpeed: 200, delay: 400, fadeOutSpeed: 200, position: 'top center', relative: true, offset: [-7, 0], });<\/script>). Er nahm die Stelle als Organist der Synagoge in der Stra\u00dfe Notre-Dame de Nazareth an (die erste der gro\u00dfen Synagogen, die im 19. Jahrhundert in Paris errichtet wurden, bevor la Victoire, les Tournelles, Buffault usw.), &#8230; um einige Tage sp\u00e4ter zu k\u00fcndigen! Er schrieb eine Sammlung von <em>Pri\u00e8res pour orgue (Gebeten f\u00fcr Orgel)<\/em>, einige davon mit einem hebr\u00e4ischen Text eingeleitet, doch diese ansonsten sehr gelungenen St\u00fccke waren ebenso sehr freie Kompositionen wie Gebete. Er schrieb eine <em>Paraphrase sur le Psaume 137<\/em> (Paraphrase \u00fcber Psalm 137 &#8211; Al N&#8217;harot Bavel), gab ihr jedoch den lateinischen Titel <em>Super flumina Babylonis<\/em>, und das Werk war einem Abt gewidmet. Der Text seines Psalms 41 ist ebenfalls auf Lateinisch.<\/p>\n<p>Er schrieb kurze <em>M\u00e9lodies juives<\/em> (j\u00fcdische Melodien), doch die erste (<em>Adon Olom Ascher Moloch<\/em>, in aschkenasischer Aussprache) tr\u00e4gt die Worte <em>Andon \u00d4lom, Ansch\u00e9r molac&#8217;h<\/em>, ohne dass man, da Alkan nichts zuf\u00e4llig schreibt, die Ursache oder den Ursprung dieser \u00c4nderungen genau kennt. Die dritte ist eine Melodie&#8230; ohne Worte, f\u00fcr Orgel, \u00fcber ein Thema, von dem die Musikwissenschaftlerin Anny Kessous-Dreyfus gezeigt hat, dass es bereits von Benedetto Marcello verwendet wurde, einem venezianischen Komponisten des 18. Jahrhunderts, der als Christ an der j\u00fcdischen Liturgie interessiert war. Diese Melodien waren au\u00dferdem einer russischen Aristokratin gewidmet, \u201eZina de Mansouroff\u201c, \u00fcber die wir nichts wissen (wahrscheinlich eine Sch\u00fclerin, vielleicht eine Geliebte?), au\u00dfer dass sie Gesellschaftsdame der Zarin wurde, eine Funktion, die wenig mit der j\u00fcdischen Melodie zu tun hat.<\/p>\n<p>Alkan zitierte den Propheten Micha in der Einleitung des dritten Satzes (Adagio) seiner <em>Gro\u00dfen Sonate f\u00fcr Klavier und Violoncello<\/em>, die zweifellos sein erfolgreichstes Werk ist und scheinbar vollkommen profan ist. Dieser dritte Satz wurde in C-Dur geschrieben, einer meditativen Tonart, die auch in <em>Etz Chaim<\/em> zu finden ist.<\/p>\n<p>Alkan starb 1888, als er von seiner Bibliothek erschlagen wurde, w\u00e4hrend er darin nach dem Talmud suchte, laut einer hartn\u00e4ckigen Legende, die wahrscheinlich falsch, aber passend f\u00fcr unseren gro\u00dfen Mann ist. Er wurde am Ostersonntag auf dem israelitischen Quadrat des Friedhofs von Montmartre beigesetzt&#8230;<\/p>\n<p>In seinem Testament vermachte er einen Teil seines Besitzes seinem leiblichen Sohn Elie Miriam Delaborde und seinem j\u00fcngeren Bruder Napol\u00e9on Alkan (beides Toppianisten) und sah eine Rente f\u00fcr einen j\u00e4hrlichen Wettbewerb f\u00fcr Kantaten \u00fcber biblische Themen vor, ein Wettbewerb, der nie zustande kam.<\/p>\n<p><a href=\"http:\/\/www.alkansociety.org\/\" target=\"_blank\" rel=\"noopener\">Mehr \u00fcber Charles-Valentin Alkan erfahren<\/a><br \/>\n<a href=\"http:\/\/alkan.assos.free.fr\/alkan\/04_partitions_fr_2.html\" target=\"_blank\" rel=\"noopener\">Online Partituren von Charles-Valentin Alkan ansehen<\/a><br \/>\n<a href=\"http:\/\/www.rachelnet.net\/F\/?func=find-c&amp;ccl_term=WRD+%3D+alkan&amp;local_base=iemcg\" target=\"_blank\" rel=\"noopener\">Unser Archiv zu Charles-Valentin Alkan ansehen<\/a><\/p>\n<div class=\"speaker-mute footnotes_reference_container\"> <div class=\"footnote_container_prepare\"><p><span role=\"button\" tabindex=\"0\" class=\"footnote_reference_container_label pointer\" onclick=\"footnote_expand_collapse_reference_container_86709_1();\">&#x202F;<\/span><span role=\"button\" tabindex=\"0\" class=\"footnote_reference_container_collapse_button\" style=\"display: none;\" onclick=\"footnote_expand_collapse_reference_container_86709_1();\">[<a id=\"footnote_reference_container_collapse_button_86709_1\">+<\/a>]<\/span><\/p><\/div> <div id=\"footnote_references_container_86709_1\" style=\"\"><table class=\"footnotes_table footnote-reference-container\"><caption class=\"accessibility\">References<\/caption> <tbody> \r\n\r\n<tr class=\"footnotes_plugin_reference_row\"> <th scope=\"row\" class=\"footnote_plugin_index_combi pointer\"  onclick=\"footnote_moveToAnchor_86709_1('footnote_plugin_tooltip_86709_1_1');\"><a id=\"footnote_plugin_reference_86709_1_1\" class=\"footnote_backlink\">1<\/a><\/th> <td class=\"footnote_plugin_text\">Aufnahmen und Partituren sind am Institut Europ\u00e9en des Musiques Juives einsehbar<\/td><\/tr>\r\n\r\n <\/tbody> <\/table> <\/div><\/div><script type=\"text\/javascript\"> function footnote_expand_reference_container_86709_1() { jQuery('#footnote_references_container_86709_1').show(); jQuery('#footnote_reference_container_collapse_button_86709_1').text('\u2212'); } function footnote_collapse_reference_container_86709_1() { jQuery('#footnote_references_container_86709_1').hide(); jQuery('#footnote_reference_container_collapse_button_86709_1').text('+'); } function footnote_expand_collapse_reference_container_86709_1() { if (jQuery('#footnote_references_container_86709_1').is(':hidden')) { footnote_expand_reference_container_86709_1(); } else { footnote_collapse_reference_container_86709_1(); } } function footnote_moveToReference_86709_1(p_str_TargetID) { footnote_expand_reference_container_86709_1(); var l_obj_Target = jQuery('#' + p_str_TargetID); if (l_obj_Target.length) { jQuery( 'html, body' ).delay( 0 ); jQuery('html, body').animate({ scrollTop: l_obj_Target.offset().top - window.innerHeight * 0.2 }, 380); } } function footnote_moveToAnchor_86709_1(p_str_TargetID) { footnote_expand_reference_container_86709_1(); var l_obj_Target = jQuery('#' + p_str_TargetID); if (l_obj_Target.length) { jQuery( 'html, body' ).delay( 0 ); jQuery('html, body').animate({ scrollTop: l_obj_Target.offset().top - window.innerHeight * 0.2 }, 380); } }<\/script>","protected":false},"excerpt":{"rendered":"<p>Alkan wurde im j\u00fcdischen Glauben geboren und starb auch so. Zusammen mit seinen Geschwistern, die als Morhange geboren wurden, nahm er den hebr\u00e4ischen Vornamen seines Vaters als Familiennamen an und<\/p>\n","protected":false},"author":1050,"featured_media":51284,"comment_status":"closed","ping_status":"open","sticky":false,"template":"","format":"standard","meta":{"_acf_changed":false,"footnotes":""},"categories":[1415],"tags":[],"technique":[],"squelettes":[],"sujet":[],"formation":[],"genre":[],"fonds":[],"tradition":[],"type-de-contenu":[],"interprete-compositeur":[],"frise":[],"type-devenement":[],"tableaux-liens-externes":[],"class_list":["post-86709","post","type-post","status-publish","format-standard","has-post-thumbnail","hentry","category-biografien-de"],"acf":[],"yoast_head":"<!-- This site is optimized with the Yoast SEO plugin v27.3 - https:\/\/yoast.com\/product\/yoast-seo-wordpress\/ -->\n<title>Alkan, Charles-Valentin (1813-1888) - Institut Europ\u00e9en des Musiques Juives<\/title>\n<meta name=\"robots\" content=\"index, follow, max-snippet:-1, max-image-preview:large, max-video-preview:-1\" \/>\n<link rel=\"canonical\" href=\"https:\/\/www.iemj.org\/de\/alkan-charles-valentin-1813-1888\/\" \/>\n<meta property=\"og:locale\" content=\"de_DE\" \/>\n<meta property=\"og:type\" content=\"article\" \/>\n<meta property=\"og:title\" content=\"Alkan, Charles-Valentin (1813-1888) - Institut Europ\u00e9en des Musiques Juives\" \/>\n<meta property=\"og:description\" content=\"Alkan wurde im j\u00fcdischen Glauben geboren und starb auch so. Zusammen mit seinen Geschwistern, die als Morhange geboren wurden, nahm er den hebr\u00e4ischen Vornamen seines Vaters als Familiennamen an und\" \/>\n<meta property=\"og:url\" content=\"https:\/\/www.iemj.org\/de\/alkan-charles-valentin-1813-1888\/\" \/>\n<meta property=\"og:site_name\" content=\"Institut Europ\u00e9en des Musiques Juives\" \/>\n<meta property=\"article:publisher\" content=\"https:\/\/www.facebook.com\/MusiquesJuives\/\" \/>\n<meta property=\"article:published_time\" content=\"2013-05-16T10:56:45+00:00\" \/>\n<meta property=\"article:modified_time\" content=\"2022-08-30T09:33:43+00:00\" \/>\n<meta property=\"og:image\" content=\"https:\/\/www.iemj.org\/wp-content\/uploads\/2013\/05\/arton696-e1661852005848.jpg\" \/>\n\t<meta property=\"og:image:width\" content=\"164\" \/>\n\t<meta property=\"og:image:height\" content=\"218\" \/>\n\t<meta property=\"og:image:type\" content=\"image\/jpeg\" \/>\n<meta name=\"author\" content=\"ncochin\" \/>\n<meta name=\"twitter:card\" content=\"summary_large_image\" \/>\n<meta name=\"twitter:label1\" content=\"Verfasst von\" \/>\n\t<meta name=\"twitter:data1\" content=\"ncochin\" \/>\n\t<meta name=\"twitter:label2\" content=\"Gesch\u00e4tzte Lesezeit\" \/>\n\t<meta name=\"twitter:data2\" content=\"4\u00a0Minuten\" \/>\n<script type=\"application\/ld+json\" class=\"yoast-schema-graph\">{\"@context\":\"https:\\\/\\\/schema.org\",\"@graph\":[{\"@type\":\"Article\",\"@id\":\"https:\\\/\\\/www.iemj.org\\\/de\\\/alkan-charles-valentin-1813-1888\\\/#article\",\"isPartOf\":{\"@id\":\"https:\\\/\\\/www.iemj.org\\\/de\\\/alkan-charles-valentin-1813-1888\\\/\"},\"author\":{\"name\":\"ncochin\",\"@id\":\"https:\\\/\\\/www.iemj.org\\\/de\\\/#\\\/schema\\\/person\\\/f826ad11b0cd58dd99babe0a3fbcb86e\"},\"headline\":\"Alkan, Charles-Valentin (1813-1888)\",\"datePublished\":\"2013-05-16T10:56:45+00:00\",\"dateModified\":\"2022-08-30T09:33:43+00:00\",\"mainEntityOfPage\":{\"@id\":\"https:\\\/\\\/www.iemj.org\\\/de\\\/alkan-charles-valentin-1813-1888\\\/\"},\"wordCount\":614,\"publisher\":{\"@id\":\"https:\\\/\\\/www.iemj.org\\\/de\\\/#organization\"},\"image\":{\"@id\":\"https:\\\/\\\/www.iemj.org\\\/de\\\/alkan-charles-valentin-1813-1888\\\/#primaryimage\"},\"thumbnailUrl\":\"https:\\\/\\\/www.iemj.org\\\/wp-content\\\/uploads\\\/2013\\\/05\\\/arton696-e1661852005848.jpg\",\"articleSection\":[\"Biografien\"],\"inLanguage\":\"de\"},{\"@type\":\"WebPage\",\"@id\":\"https:\\\/\\\/www.iemj.org\\\/de\\\/alkan-charles-valentin-1813-1888\\\/\",\"url\":\"https:\\\/\\\/www.iemj.org\\\/de\\\/alkan-charles-valentin-1813-1888\\\/\",\"name\":\"Alkan, Charles-Valentin (1813-1888) - Institut Europ\u00e9en des Musiques Juives\",\"isPartOf\":{\"@id\":\"https:\\\/\\\/www.iemj.org\\\/de\\\/#website\"},\"primaryImageOfPage\":{\"@id\":\"https:\\\/\\\/www.iemj.org\\\/de\\\/alkan-charles-valentin-1813-1888\\\/#primaryimage\"},\"image\":{\"@id\":\"https:\\\/\\\/www.iemj.org\\\/de\\\/alkan-charles-valentin-1813-1888\\\/#primaryimage\"},\"thumbnailUrl\":\"https:\\\/\\\/www.iemj.org\\\/wp-content\\\/uploads\\\/2013\\\/05\\\/arton696-e1661852005848.jpg\",\"datePublished\":\"2013-05-16T10:56:45+00:00\",\"dateModified\":\"2022-08-30T09:33:43+00:00\",\"breadcrumb\":{\"@id\":\"https:\\\/\\\/www.iemj.org\\\/de\\\/alkan-charles-valentin-1813-1888\\\/#breadcrumb\"},\"inLanguage\":\"de\",\"potentialAction\":[{\"@type\":\"ReadAction\",\"target\":[\"https:\\\/\\\/www.iemj.org\\\/de\\\/alkan-charles-valentin-1813-1888\\\/\"]}]},{\"@type\":\"ImageObject\",\"inLanguage\":\"de\",\"@id\":\"https:\\\/\\\/www.iemj.org\\\/de\\\/alkan-charles-valentin-1813-1888\\\/#primaryimage\",\"url\":\"https:\\\/\\\/www.iemj.org\\\/wp-content\\\/uploads\\\/2013\\\/05\\\/arton696-e1661852005848.jpg\",\"contentUrl\":\"https:\\\/\\\/www.iemj.org\\\/wp-content\\\/uploads\\\/2013\\\/05\\\/arton696-e1661852005848.jpg\",\"width\":164,\"height\":218},{\"@type\":\"BreadcrumbList\",\"@id\":\"https:\\\/\\\/www.iemj.org\\\/de\\\/alkan-charles-valentin-1813-1888\\\/#breadcrumb\",\"itemListElement\":[{\"@type\":\"ListItem\",\"position\":1,\"name\":\"Accueil\",\"item\":\"https:\\\/\\\/www.iemj.org\\\/de\\\/\"},{\"@type\":\"ListItem\",\"position\":2,\"name\":\"Alkan, Charles-Valentin (1813-1888)\"}]},{\"@type\":\"WebSite\",\"@id\":\"https:\\\/\\\/www.iemj.org\\\/de\\\/#website\",\"url\":\"https:\\\/\\\/www.iemj.org\\\/de\\\/\",\"name\":\"Institut Europ\u00e9en des Musiques Juives\",\"description\":\"Des traditions musicales \u00e0 la port\u00e9e de tous\",\"publisher\":{\"@id\":\"https:\\\/\\\/www.iemj.org\\\/de\\\/#organization\"},\"potentialAction\":[{\"@type\":\"SearchAction\",\"target\":{\"@type\":\"EntryPoint\",\"urlTemplate\":\"https:\\\/\\\/www.iemj.org\\\/de\\\/?s={search_term_string}\"},\"query-input\":{\"@type\":\"PropertyValueSpecification\",\"valueRequired\":true,\"valueName\":\"search_term_string\"}}],\"inLanguage\":\"de\"},{\"@type\":\"Organization\",\"@id\":\"https:\\\/\\\/www.iemj.org\\\/de\\\/#organization\",\"name\":\"Institut Europ\u00e9en des Musiques Juives\",\"url\":\"https:\\\/\\\/www.iemj.org\\\/de\\\/\",\"logo\":{\"@type\":\"ImageObject\",\"inLanguage\":\"de\",\"@id\":\"https:\\\/\\\/www.iemj.org\\\/de\\\/#\\\/schema\\\/logo\\\/image\\\/\",\"url\":\"https:\\\/\\\/www.iemj.org\\\/wp-content\\\/uploads\\\/2021\\\/09\\\/Logo-IEMJ-Paypal.jpg\",\"contentUrl\":\"https:\\\/\\\/www.iemj.org\\\/wp-content\\\/uploads\\\/2021\\\/09\\\/Logo-IEMJ-Paypal.jpg\",\"width\":150,\"height\":50,\"caption\":\"Institut Europ\u00e9en des Musiques Juives\"},\"image\":{\"@id\":\"https:\\\/\\\/www.iemj.org\\\/de\\\/#\\\/schema\\\/logo\\\/image\\\/\"},\"sameAs\":[\"https:\\\/\\\/www.facebook.com\\\/MusiquesJuives\\\/\",\"https:\\\/\\\/www.instagram.com\\\/musiquesjuives\\\/\",\"https:\\\/\\\/www.youtube.com\\\/user\\\/musiquesjuives\"]},{\"@type\":\"Person\",\"@id\":\"https:\\\/\\\/www.iemj.org\\\/de\\\/#\\\/schema\\\/person\\\/f826ad11b0cd58dd99babe0a3fbcb86e\",\"name\":\"ncochin\",\"image\":{\"@type\":\"ImageObject\",\"inLanguage\":\"de\",\"@id\":\"https:\\\/\\\/secure.gravatar.com\\\/avatar\\\/4499f551e6a9b8c28bd3132f28d79657b2cb55ff363257726f67e89c95e2a33c?s=96&d=mm&r=g\",\"url\":\"https:\\\/\\\/secure.gravatar.com\\\/avatar\\\/4499f551e6a9b8c28bd3132f28d79657b2cb55ff363257726f67e89c95e2a33c?s=96&d=mm&r=g\",\"contentUrl\":\"https:\\\/\\\/secure.gravatar.com\\\/avatar\\\/4499f551e6a9b8c28bd3132f28d79657b2cb55ff363257726f67e89c95e2a33c?s=96&d=mm&r=g\",\"caption\":\"ncochin\"}}]}<\/script>\n<!-- \/ Yoast SEO plugin. -->","yoast_head_json":{"title":"Alkan, Charles-Valentin (1813-1888) - Institut Europ\u00e9en des Musiques Juives","robots":{"index":"index","follow":"follow","max-snippet":"max-snippet:-1","max-image-preview":"max-image-preview:large","max-video-preview":"max-video-preview:-1"},"canonical":"https:\/\/www.iemj.org\/de\/alkan-charles-valentin-1813-1888\/","og_locale":"de_DE","og_type":"article","og_title":"Alkan, Charles-Valentin (1813-1888) - Institut Europ\u00e9en des Musiques Juives","og_description":"Alkan wurde im j\u00fcdischen Glauben geboren und starb auch so. Zusammen mit seinen Geschwistern, die als Morhange geboren wurden, nahm er den hebr\u00e4ischen Vornamen seines Vaters als Familiennamen an und","og_url":"https:\/\/www.iemj.org\/de\/alkan-charles-valentin-1813-1888\/","og_site_name":"Institut Europ\u00e9en des Musiques Juives","article_publisher":"https:\/\/www.facebook.com\/MusiquesJuives\/","article_published_time":"2013-05-16T10:56:45+00:00","article_modified_time":"2022-08-30T09:33:43+00:00","og_image":[{"width":164,"height":218,"url":"https:\/\/www.iemj.org\/wp-content\/uploads\/2013\/05\/arton696-e1661852005848.jpg","type":"image\/jpeg"}],"author":"ncochin","twitter_card":"summary_large_image","twitter_misc":{"Verfasst von":"ncochin","Gesch\u00e4tzte Lesezeit":"4\u00a0Minuten"},"schema":{"@context":"https:\/\/schema.org","@graph":[{"@type":"Article","@id":"https:\/\/www.iemj.org\/de\/alkan-charles-valentin-1813-1888\/#article","isPartOf":{"@id":"https:\/\/www.iemj.org\/de\/alkan-charles-valentin-1813-1888\/"},"author":{"name":"ncochin","@id":"https:\/\/www.iemj.org\/de\/#\/schema\/person\/f826ad11b0cd58dd99babe0a3fbcb86e"},"headline":"Alkan, Charles-Valentin (1813-1888)","datePublished":"2013-05-16T10:56:45+00:00","dateModified":"2022-08-30T09:33:43+00:00","mainEntityOfPage":{"@id":"https:\/\/www.iemj.org\/de\/alkan-charles-valentin-1813-1888\/"},"wordCount":614,"publisher":{"@id":"https:\/\/www.iemj.org\/de\/#organization"},"image":{"@id":"https:\/\/www.iemj.org\/de\/alkan-charles-valentin-1813-1888\/#primaryimage"},"thumbnailUrl":"https:\/\/www.iemj.org\/wp-content\/uploads\/2013\/05\/arton696-e1661852005848.jpg","articleSection":["Biografien"],"inLanguage":"de"},{"@type":"WebPage","@id":"https:\/\/www.iemj.org\/de\/alkan-charles-valentin-1813-1888\/","url":"https:\/\/www.iemj.org\/de\/alkan-charles-valentin-1813-1888\/","name":"Alkan, Charles-Valentin (1813-1888) - Institut Europ\u00e9en des Musiques Juives","isPartOf":{"@id":"https:\/\/www.iemj.org\/de\/#website"},"primaryImageOfPage":{"@id":"https:\/\/www.iemj.org\/de\/alkan-charles-valentin-1813-1888\/#primaryimage"},"image":{"@id":"https:\/\/www.iemj.org\/de\/alkan-charles-valentin-1813-1888\/#primaryimage"},"thumbnailUrl":"https:\/\/www.iemj.org\/wp-content\/uploads\/2013\/05\/arton696-e1661852005848.jpg","datePublished":"2013-05-16T10:56:45+00:00","dateModified":"2022-08-30T09:33:43+00:00","breadcrumb":{"@id":"https:\/\/www.iemj.org\/de\/alkan-charles-valentin-1813-1888\/#breadcrumb"},"inLanguage":"de","potentialAction":[{"@type":"ReadAction","target":["https:\/\/www.iemj.org\/de\/alkan-charles-valentin-1813-1888\/"]}]},{"@type":"ImageObject","inLanguage":"de","@id":"https:\/\/www.iemj.org\/de\/alkan-charles-valentin-1813-1888\/#primaryimage","url":"https:\/\/www.iemj.org\/wp-content\/uploads\/2013\/05\/arton696-e1661852005848.jpg","contentUrl":"https:\/\/www.iemj.org\/wp-content\/uploads\/2013\/05\/arton696-e1661852005848.jpg","width":164,"height":218},{"@type":"BreadcrumbList","@id":"https:\/\/www.iemj.org\/de\/alkan-charles-valentin-1813-1888\/#breadcrumb","itemListElement":[{"@type":"ListItem","position":1,"name":"Accueil","item":"https:\/\/www.iemj.org\/de\/"},{"@type":"ListItem","position":2,"name":"Alkan, Charles-Valentin (1813-1888)"}]},{"@type":"WebSite","@id":"https:\/\/www.iemj.org\/de\/#website","url":"https:\/\/www.iemj.org\/de\/","name":"Institut Europ\u00e9en des Musiques Juives","description":"Des traditions musicales \u00e0 la port\u00e9e de tous","publisher":{"@id":"https:\/\/www.iemj.org\/de\/#organization"},"potentialAction":[{"@type":"SearchAction","target":{"@type":"EntryPoint","urlTemplate":"https:\/\/www.iemj.org\/de\/?s={search_term_string}"},"query-input":{"@type":"PropertyValueSpecification","valueRequired":true,"valueName":"search_term_string"}}],"inLanguage":"de"},{"@type":"Organization","@id":"https:\/\/www.iemj.org\/de\/#organization","name":"Institut Europ\u00e9en des Musiques Juives","url":"https:\/\/www.iemj.org\/de\/","logo":{"@type":"ImageObject","inLanguage":"de","@id":"https:\/\/www.iemj.org\/de\/#\/schema\/logo\/image\/","url":"https:\/\/www.iemj.org\/wp-content\/uploads\/2021\/09\/Logo-IEMJ-Paypal.jpg","contentUrl":"https:\/\/www.iemj.org\/wp-content\/uploads\/2021\/09\/Logo-IEMJ-Paypal.jpg","width":150,"height":50,"caption":"Institut Europ\u00e9en des Musiques Juives"},"image":{"@id":"https:\/\/www.iemj.org\/de\/#\/schema\/logo\/image\/"},"sameAs":["https:\/\/www.facebook.com\/MusiquesJuives\/","https:\/\/www.instagram.com\/musiquesjuives\/","https:\/\/www.youtube.com\/user\/musiquesjuives"]},{"@type":"Person","@id":"https:\/\/www.iemj.org\/de\/#\/schema\/person\/f826ad11b0cd58dd99babe0a3fbcb86e","name":"ncochin","image":{"@type":"ImageObject","inLanguage":"de","@id":"https:\/\/secure.gravatar.com\/avatar\/4499f551e6a9b8c28bd3132f28d79657b2cb55ff363257726f67e89c95e2a33c?s=96&d=mm&r=g","url":"https:\/\/secure.gravatar.com\/avatar\/4499f551e6a9b8c28bd3132f28d79657b2cb55ff363257726f67e89c95e2a33c?s=96&d=mm&r=g","contentUrl":"https:\/\/secure.gravatar.com\/avatar\/4499f551e6a9b8c28bd3132f28d79657b2cb55ff363257726f67e89c95e2a33c?s=96&d=mm&r=g","caption":"ncochin"}}]}},"_links":{"self":[{"href":"https:\/\/www.iemj.org\/de\/wp-json\/wp\/v2\/posts\/86709","targetHints":{"allow":["GET"]}}],"collection":[{"href":"https:\/\/www.iemj.org\/de\/wp-json\/wp\/v2\/posts"}],"about":[{"href":"https:\/\/www.iemj.org\/de\/wp-json\/wp\/v2\/types\/post"}],"author":[{"embeddable":true,"href":"https:\/\/www.iemj.org\/de\/wp-json\/wp\/v2\/users\/1050"}],"replies":[{"embeddable":true,"href":"https:\/\/www.iemj.org\/de\/wp-json\/wp\/v2\/comments?post=86709"}],"version-history":[{"count":0,"href":"https:\/\/www.iemj.org\/de\/wp-json\/wp\/v2\/posts\/86709\/revisions"}],"wp:featuredmedia":[{"embeddable":true,"href":"https:\/\/www.iemj.org\/de\/wp-json\/wp\/v2\/media\/51284"}],"wp:attachment":[{"href":"https:\/\/www.iemj.org\/de\/wp-json\/wp\/v2\/media?parent=86709"}],"wp:term":[{"taxonomy":"category","embeddable":true,"href":"https:\/\/www.iemj.org\/de\/wp-json\/wp\/v2\/categories?post=86709"},{"taxonomy":"post_tag","embeddable":true,"href":"https:\/\/www.iemj.org\/de\/wp-json\/wp\/v2\/tags?post=86709"},{"taxonomy":"technique","embeddable":true,"href":"https:\/\/www.iemj.org\/de\/wp-json\/wp\/v2\/technique?post=86709"},{"taxonomy":"squelettes","embeddable":true,"href":"https:\/\/www.iemj.org\/de\/wp-json\/wp\/v2\/squelettes?post=86709"},{"taxonomy":"sujet","embeddable":true,"href":"https:\/\/www.iemj.org\/de\/wp-json\/wp\/v2\/sujet?post=86709"},{"taxonomy":"formation","embeddable":true,"href":"https:\/\/www.iemj.org\/de\/wp-json\/wp\/v2\/formation?post=86709"},{"taxonomy":"genre","embeddable":true,"href":"https:\/\/www.iemj.org\/de\/wp-json\/wp\/v2\/genre?post=86709"},{"taxonomy":"fonds","embeddable":true,"href":"https:\/\/www.iemj.org\/de\/wp-json\/wp\/v2\/fonds?post=86709"},{"taxonomy":"tradition","embeddable":true,"href":"https:\/\/www.iemj.org\/de\/wp-json\/wp\/v2\/tradition?post=86709"},{"taxonomy":"type-de-contenu","embeddable":true,"href":"https:\/\/www.iemj.org\/de\/wp-json\/wp\/v2\/type-de-contenu?post=86709"},{"taxonomy":"interprete-compositeur","embeddable":true,"href":"https:\/\/www.iemj.org\/de\/wp-json\/wp\/v2\/interprete-compositeur?post=86709"},{"taxonomy":"frise","embeddable":true,"href":"https:\/\/www.iemj.org\/de\/wp-json\/wp\/v2\/frise?post=86709"},{"taxonomy":"type-devenement","embeddable":true,"href":"https:\/\/www.iemj.org\/de\/wp-json\/wp\/v2\/type-devenement?post=86709"},{"taxonomy":"tableaux-liens-externes","embeddable":true,"href":"https:\/\/www.iemj.org\/de\/wp-json\/wp\/v2\/tableaux-liens-externes?post=86709"}],"curies":[{"name":"wp","href":"https:\/\/api.w.org\/{rel}","templated":true}]}}