{"id":86715,"date":"2014-12-11T11:37:27","date_gmt":"2014-12-11T10:37:27","guid":{"rendered":"https:\/\/www.iemj.org\/alman-samuel-1877-1947\/"},"modified":"2025-09-02T09:32:41","modified_gmt":"2025-09-02T07:32:41","slug":"alman-samuel-1877-1947","status":"publish","type":"post","link":"https:\/\/www.iemj.org\/de\/alman-samuel-1877-1947\/","title":{"rendered":"Alman, Samuel (1877-1947)"},"content":{"rendered":"<p>Samuel Alman wurde 1877 in Sobolewka (Russland) geboren. Er war der sechste einer Familie von vierzehn Kindern, sein Vater war Talmudist und Musiker, seine Mutter Amateurdichterin. Ab 5 sang er im Chor der Synagoge, und wurde bald Solist. Er wurde als das \u201esingende Kind von Sobolewka\u201c bezeichnet. Mit 10 lernte er, Musik zu lesen. Mit 17 trat er in das Konservatorium von Odessa ein und begann, liturgische Musikst\u00fccke zu schreiben. W\u00e4hrend den vier Jahren seines Milit\u00e4rdienstes war er Teil der Musiker der russischen Armee. Danach besuchte er das Konservatorium von Kischinew.<\/p>\n<p><img decoding=\"async\" class=\" alignright size-full wp-image-4440\" src=\"https:\/\/www.iemj.org\/wp-content\/uploads\/2014\/12\/p_938_vig.jpg\" alt=\"p_938_vig.jpg\" width=\"179\" height=\"230\" align=\"right\" \/><\/p>\n<p>Da er ein Zeuge der Pogrome war, die dort 1903 stattfinden, entschied er, nach London zu gehen, wo ein Unkel eingerichtet war. In England setzte er sein Musikstudium an der Guildhall School of Music und dann am Royal College of Music fort. W\u00e4hrend dem Ersten Weltkrieg unterbrach er sein Doktorat.<\/p>\n<p>Bald bekam er die Stelle des Chorleiters der Gro\u00dfen Synagoge von London, und dann der Synagoge im Stadtteil Hampstead f\u00fcr 22 Jahren. <br \/>Er leitete auch der London Hazzanim Choir und gr\u00fcndete die Halevi Choal Society, deren Repertoire hebr\u00e4ische und jiddische, oft Eigenkompositionen umfasst.<br \/>1911 und 1912 leitete er Konzerte von synagogaler Musik in der Queen\u2019s Hall und im Royal Albert Halls. <br \/>Neben diesen Aktivit\u00e4ten komponierte Samuel Alman St\u00fccke f\u00fcr Klavier, Orgel (Eleven short pieces for the Organ), Streichquartett (Ebraica Quartet Suite, 1932), Bearbeitungen jiddischer Volkslieder sowie die erste gro\u00dfe jiddische Oper Melech Ahaz (K\u00f6nig Ahas), die 1912 uraufgef\u00fchrt wurde.<\/p>\n<p><img decoding=\"async\" class=\" alignleft size-full wp-image-4442\" src=\"https:\/\/www.iemj.org\/wp-content\/uploads\/2014\/12\/p_952_vig.jpg\" alt=\"p_952_vig.jpg\" width=\"166\" height=\"230\" align=\"left\" \/><\/p>\n<p>Er komponierte auch liturgische Musik f\u00fcr die Syagoge, in den er offizierte. <br \/>Seine Kompositionen waren oft den gro\u00dfen Chasanim seiner Zeit gewidmet (Halter, Shechter und Boyars) und waren f\u00fcr Chor, Kantor, Klavier und Orgel geschrieben.<br \/>1925 und 1938 ver\u00f6ffentlichte er eine zweib\u00e4ndige Sammlung von St\u00fccken f\u00fcr Kantor und Chor, mit dem Titel \u00ab Shirei Beit ha-Knesset \u00bb, f\u00fcr die Schabbat-Gottesdienste. Der erste Band, in Berlin ver\u00f6ffentlicht, versammelte 55 St\u00fccke, darunter Eigenkompositionen. Der zweite Band wurde im Oxford University Press ver\u00f6ffentlicht, und umfasste 97 St\u00fccke f\u00fcr die Jamim Noraim.<\/p>\n<p><img decoding=\"async\" class=\" alignright size-full wp-image-4444\" src=\"https:\/\/www.iemj.org\/wp-content\/uploads\/2014\/12\/p_4022_vig.jpg\" alt=\"p_4022_vig.jpg\" width=\"167\" height=\"230\" align=\"right\" \/><\/p>\n<p>1929 fand in der Wigmore Hall ein Recital mit seinen Werken statt. Es war ein gro\u00dfer Erfolg. Es handelte sich um das erste Konzert mit j\u00fcdischer Musik, das in dieser Halle stattfand.<\/p>\n<p>1933 wurde er gebeten, das 1899 ver\u00f6ffentlichte \u201eBlue Book, The Voice of Prayer and Praise &#8211; A Handbook of Synagogue Music\u201c auf den neuesten Stand zu bringen. Es handelt sich dabei um eine erg\u00e4nzte Ausgabe des zehn Jahre zuvor ver\u00f6ffentlichten &#8222;Shirei Kenesset Yisrael &#8211; A Handbook of Synagogue Music for Congregational Singing&#8220;. Samuel Alman f\u00fcgte somit 58 St\u00fccke hinzu, darunter 15 Eigenkompositionen. Es war geplant, dass jedes Gemeindemitglied, jeder Gl\u00e4ubige, ein Exemplar der Sammlung haben sollte, um den Gesang w\u00e4hrend des Gottesdienstes zu verfolgen.<\/p>\n<p><img loading=\"lazy\" decoding=\"async\" class=\" alignleft size-full wp-image-4446\" src=\"https:\/\/www.iemj.org\/wp-content\/uploads\/2014\/12\/p_4024_vig.jpg\" alt=\"p_4024_vig.jpg\" width=\"167\" height=\"230\" align=\"left\" \/>Samuel Alman starb 1947.<\/p>\n<p>Samuel Alman gilt als der bedeutendste englische Komponist j\u00fcdischer liturgischer Musik und schuf ein Werk, das die gesamte synagogale Musik in London beeinflusste.<\/p>\n<p><a href=\"http:\/\/www.shulmusic.org\/sheetmusic\/index.html\" target=\"_blank\" rel=\"noopener\">Partituren von Samuel Alman finden <\/a><br \/><a href=\"http:\/\/www.rachelnet.net\/F\/?func=find-c&amp;ccl_term=WRD+%3D+samuel+alman&amp;local_base=iemcg\" target=\"_blank\" rel=\"noopener\"> Unser Archiv \u00fcber Samuel Alman durchsuchen<\/a><\/p>\n\n\n<h2 class=\"wp-block-heading\"><\/h2>\n\n\n<div class=\"wp-block-image\">\n<figure class=\"aligncenter size-large\"><img loading=\"lazy\" decoding=\"async\" width=\"1024\" height=\"133\" src=\"https:\/\/www.iemj.org\/wp-content\/uploads\/2024\/03\/AUDIO-PLAYER-1024x133.png\" alt=\"\" class=\"wp-image-110606\" srcset=\"https:\/\/www.iemj.org\/wp-content\/uploads\/2024\/03\/AUDIO-PLAYER-1024x133.png 1024w, https:\/\/www.iemj.org\/wp-content\/uploads\/2024\/03\/AUDIO-PLAYER-300x39.png 300w, https:\/\/www.iemj.org\/wp-content\/uploads\/2024\/03\/AUDIO-PLAYER-768x100.png 768w, https:\/\/www.iemj.org\/wp-content\/uploads\/2024\/03\/AUDIO-PLAYER-600x78.png 600w, https:\/\/www.iemj.org\/wp-content\/uploads\/2024\/03\/AUDIO-PLAYER.png 1210w\" sizes=\"(max-width: 1024px) 100vw, 1024px\" \/><\/figure>\n<\/div>\n\n\n<div class=\"wp-block-file\"><a id=\"wp-block-file--media-4afee722-ae6e-4876-8bab-5d4004e155de\" href=\"https:\/\/www.iemj.org\/wp-content\/uploads\/2018\/04\/cd_56_08.mp3\">Kiddousch du vendredi soir (EXTRAIT) &#8211; Samuel Alman<\/a><\/div>\n\n\n\n<div class=\"wp-block-file\"><a id=\"wp-block-file--media-d64bdb0b-a18e-46e1-a347-c7f335e3e432\" href=\"https:\/\/www.iemj.org\/wp-content\/uploads\/2018\/04\/cd_347_05.mp3\">Chomer Israel (EXTRAIT) &#8211; Samuel Alman<\/a><\/div>\n\n\n\n<div class=\"wp-block-file\"><a id=\"wp-block-file--media-ad55f4f8-8930-407a-acfb-c541e2f0f81e\" href=\"https:\/\/www.iemj.org\/wp-content\/uploads\/2018\/04\/cd_812a_14-2.mp3\">Hashkiveinou (EXTRAIT) &#8211; Samuel Alman<\/a><\/div>\n","protected":false},"excerpt":{"rendered":"<p>Samuel Alman wurde 1877 in Sobolewka (Russland) geboren. Er war der sechste einer Familie von vierzehn Kindern, sein Vater war Talmudist und Musiker, seine Mutter Amateurdichterin. Ab 5 sang er<\/p>\n","protected":false},"author":1045,"featured_media":86716,"comment_status":"closed","ping_status":"open","sticky":false,"template":"","format":"standard","meta":{"_acf_changed":false,"footnotes":""},"categories":[1415],"tags":[],"technique":[],"squelettes":[],"sujet":[],"formation":[],"genre":[1891],"fonds":[],"tradition":[],"type-de-contenu":[],"interprete-compositeur":[3281],"frise":[],"type-devenement":[],"tableaux-liens-externes":[],"class_list":["post-86715","post","type-post","status-publish","format-standard","has-post-thumbnail","hentry","category-biografien-de","genre-liturgie-de","interprete-compositeur-samuel-alman-de"],"acf":[],"yoast_head":"<!-- This site is optimized with the Yoast SEO plugin v27.3 - https:\/\/yoast.com\/product\/yoast-seo-wordpress\/ -->\n<title>Alman, Samuel (1877-1947) - Institut Europ\u00e9en des Musiques Juives<\/title>\n<meta name=\"robots\" content=\"index, follow, max-snippet:-1, max-image-preview:large, max-video-preview:-1\" \/>\n<link rel=\"canonical\" href=\"https:\/\/www.iemj.org\/de\/alman-samuel-1877-1947\/\" \/>\n<meta property=\"og:locale\" content=\"de_DE\" \/>\n<meta property=\"og:type\" content=\"article\" \/>\n<meta property=\"og:title\" content=\"Alman, Samuel (1877-1947) - Institut Europ\u00e9en des Musiques Juives\" \/>\n<meta property=\"og:description\" content=\"Samuel Alman wurde 1877 in Sobolewka (Russland) geboren. Er war der sechste einer Familie von vierzehn Kindern, sein Vater war Talmudist und Musiker, seine Mutter Amateurdichterin. Ab 5 sang er\" \/>\n<meta property=\"og:url\" content=\"https:\/\/www.iemj.org\/de\/alman-samuel-1877-1947\/\" \/>\n<meta property=\"og:site_name\" content=\"Institut Europ\u00e9en des Musiques Juives\" \/>\n<meta property=\"article:publisher\" content=\"https:\/\/www.facebook.com\/MusiquesJuives\/\" \/>\n<meta property=\"article:published_time\" content=\"2014-12-11T10:37:27+00:00\" \/>\n<meta property=\"article:modified_time\" content=\"2025-09-02T07:32:41+00:00\" \/>\n<meta property=\"og:image\" content=\"https:\/\/www.iemj.org\/wp-content\/uploads\/2014\/12\/arton414-e1617027772725.jpg\" \/>\n\t<meta property=\"og:image:width\" content=\"177\" \/>\n\t<meta property=\"og:image:height\" content=\"218\" \/>\n\t<meta property=\"og:image:type\" content=\"image\/jpeg\" \/>\n<meta name=\"author\" content=\"Herv\u00e9 Roten\" \/>\n<meta name=\"twitter:card\" content=\"summary_large_image\" \/>\n<meta name=\"twitter:label1\" content=\"Verfasst von\" \/>\n\t<meta name=\"twitter:data1\" content=\"Herv\u00e9 Roten\" \/>\n\t<meta name=\"twitter:label2\" content=\"Gesch\u00e4tzte Lesezeit\" \/>\n\t<meta name=\"twitter:data2\" content=\"4\u00a0Minuten\" \/>\n<script type=\"application\/ld+json\" class=\"yoast-schema-graph\">{\"@context\":\"https:\\\/\\\/schema.org\",\"@graph\":[{\"@type\":\"Article\",\"@id\":\"https:\\\/\\\/www.iemj.org\\\/de\\\/alman-samuel-1877-1947\\\/#article\",\"isPartOf\":{\"@id\":\"https:\\\/\\\/www.iemj.org\\\/de\\\/alman-samuel-1877-1947\\\/\"},\"author\":{\"name\":\"Herv\u00e9 Roten\",\"@id\":\"https:\\\/\\\/www.iemj.org\\\/de\\\/#\\\/schema\\\/person\\\/906134402c29d5c76e7b726261dd4bbd\"},\"headline\":\"Alman, Samuel (1877-1947)\",\"datePublished\":\"2014-12-11T10:37:27+00:00\",\"dateModified\":\"2025-09-02T07:32:41+00:00\",\"mainEntityOfPage\":{\"@id\":\"https:\\\/\\\/www.iemj.org\\\/de\\\/alman-samuel-1877-1947\\\/\"},\"wordCount\":520,\"publisher\":{\"@id\":\"https:\\\/\\\/www.iemj.org\\\/de\\\/#organization\"},\"image\":{\"@id\":\"https:\\\/\\\/www.iemj.org\\\/de\\\/alman-samuel-1877-1947\\\/#primaryimage\"},\"thumbnailUrl\":\"https:\\\/\\\/www.iemj.org\\\/wp-content\\\/uploads\\\/2014\\\/12\\\/arton414-e1617027772725.jpg\",\"articleSection\":[\"Biografien\"],\"inLanguage\":\"de\"},{\"@type\":\"WebPage\",\"@id\":\"https:\\\/\\\/www.iemj.org\\\/de\\\/alman-samuel-1877-1947\\\/\",\"url\":\"https:\\\/\\\/www.iemj.org\\\/de\\\/alman-samuel-1877-1947\\\/\",\"name\":\"Alman, Samuel (1877-1947) - Institut Europ\u00e9en des Musiques Juives\",\"isPartOf\":{\"@id\":\"https:\\\/\\\/www.iemj.org\\\/de\\\/#website\"},\"primaryImageOfPage\":{\"@id\":\"https:\\\/\\\/www.iemj.org\\\/de\\\/alman-samuel-1877-1947\\\/#primaryimage\"},\"image\":{\"@id\":\"https:\\\/\\\/www.iemj.org\\\/de\\\/alman-samuel-1877-1947\\\/#primaryimage\"},\"thumbnailUrl\":\"https:\\\/\\\/www.iemj.org\\\/wp-content\\\/uploads\\\/2014\\\/12\\\/arton414-e1617027772725.jpg\",\"datePublished\":\"2014-12-11T10:37:27+00:00\",\"dateModified\":\"2025-09-02T07:32:41+00:00\",\"breadcrumb\":{\"@id\":\"https:\\\/\\\/www.iemj.org\\\/de\\\/alman-samuel-1877-1947\\\/#breadcrumb\"},\"inLanguage\":\"de\",\"potentialAction\":[{\"@type\":\"ReadAction\",\"target\":[\"https:\\\/\\\/www.iemj.org\\\/de\\\/alman-samuel-1877-1947\\\/\"]}]},{\"@type\":\"ImageObject\",\"inLanguage\":\"de\",\"@id\":\"https:\\\/\\\/www.iemj.org\\\/de\\\/alman-samuel-1877-1947\\\/#primaryimage\",\"url\":\"https:\\\/\\\/www.iemj.org\\\/wp-content\\\/uploads\\\/2014\\\/12\\\/arton414-e1617027772725.jpg\",\"contentUrl\":\"https:\\\/\\\/www.iemj.org\\\/wp-content\\\/uploads\\\/2014\\\/12\\\/arton414-e1617027772725.jpg\",\"width\":177,\"height\":218},{\"@type\":\"BreadcrumbList\",\"@id\":\"https:\\\/\\\/www.iemj.org\\\/de\\\/alman-samuel-1877-1947\\\/#breadcrumb\",\"itemListElement\":[{\"@type\":\"ListItem\",\"position\":1,\"name\":\"Accueil\",\"item\":\"https:\\\/\\\/www.iemj.org\\\/de\\\/\"},{\"@type\":\"ListItem\",\"position\":2,\"name\":\"Alman, Samuel (1877-1947)\"}]},{\"@type\":\"WebSite\",\"@id\":\"https:\\\/\\\/www.iemj.org\\\/de\\\/#website\",\"url\":\"https:\\\/\\\/www.iemj.org\\\/de\\\/\",\"name\":\"Institut Europ\u00e9en des Musiques Juives\",\"description\":\"Des traditions musicales \u00e0 la port\u00e9e de tous\",\"publisher\":{\"@id\":\"https:\\\/\\\/www.iemj.org\\\/de\\\/#organization\"},\"potentialAction\":[{\"@type\":\"SearchAction\",\"target\":{\"@type\":\"EntryPoint\",\"urlTemplate\":\"https:\\\/\\\/www.iemj.org\\\/de\\\/?s={search_term_string}\"},\"query-input\":{\"@type\":\"PropertyValueSpecification\",\"valueRequired\":true,\"valueName\":\"search_term_string\"}}],\"inLanguage\":\"de\"},{\"@type\":\"Organization\",\"@id\":\"https:\\\/\\\/www.iemj.org\\\/de\\\/#organization\",\"name\":\"Institut Europ\u00e9en des Musiques Juives\",\"url\":\"https:\\\/\\\/www.iemj.org\\\/de\\\/\",\"logo\":{\"@type\":\"ImageObject\",\"inLanguage\":\"de\",\"@id\":\"https:\\\/\\\/www.iemj.org\\\/de\\\/#\\\/schema\\\/logo\\\/image\\\/\",\"url\":\"https:\\\/\\\/www.iemj.org\\\/wp-content\\\/uploads\\\/2021\\\/09\\\/Logo-IEMJ-Paypal.jpg\",\"contentUrl\":\"https:\\\/\\\/www.iemj.org\\\/wp-content\\\/uploads\\\/2021\\\/09\\\/Logo-IEMJ-Paypal.jpg\",\"width\":150,\"height\":50,\"caption\":\"Institut Europ\u00e9en des Musiques Juives\"},\"image\":{\"@id\":\"https:\\\/\\\/www.iemj.org\\\/de\\\/#\\\/schema\\\/logo\\\/image\\\/\"},\"sameAs\":[\"https:\\\/\\\/www.facebook.com\\\/MusiquesJuives\\\/\",\"https:\\\/\\\/www.instagram.com\\\/musiquesjuives\\\/\",\"https:\\\/\\\/www.youtube.com\\\/user\\\/musiquesjuives\"]},{\"@type\":\"Person\",\"@id\":\"https:\\\/\\\/www.iemj.org\\\/de\\\/#\\\/schema\\\/person\\\/906134402c29d5c76e7b726261dd4bbd\",\"name\":\"Herv\u00e9 Roten\",\"image\":{\"@type\":\"ImageObject\",\"inLanguage\":\"de\",\"@id\":\"https:\\\/\\\/secure.gravatar.com\\\/avatar\\\/f96ad2db538a26481f18384936b5cd0610c92d390c4dc382209216d455f685ff?s=96&d=mm&r=g\",\"url\":\"https:\\\/\\\/secure.gravatar.com\\\/avatar\\\/f96ad2db538a26481f18384936b5cd0610c92d390c4dc382209216d455f685ff?s=96&d=mm&r=g\",\"contentUrl\":\"https:\\\/\\\/secure.gravatar.com\\\/avatar\\\/f96ad2db538a26481f18384936b5cd0610c92d390c4dc382209216d455f685ff?s=96&d=mm&r=g\",\"caption\":\"Herv\u00e9 Roten\"}}]}<\/script>\n<!-- \/ Yoast SEO plugin. -->","yoast_head_json":{"title":"Alman, Samuel (1877-1947) - Institut Europ\u00e9en des Musiques Juives","robots":{"index":"index","follow":"follow","max-snippet":"max-snippet:-1","max-image-preview":"max-image-preview:large","max-video-preview":"max-video-preview:-1"},"canonical":"https:\/\/www.iemj.org\/de\/alman-samuel-1877-1947\/","og_locale":"de_DE","og_type":"article","og_title":"Alman, Samuel (1877-1947) - Institut Europ\u00e9en des Musiques Juives","og_description":"Samuel Alman wurde 1877 in Sobolewka (Russland) geboren. Er war der sechste einer Familie von vierzehn Kindern, sein Vater war Talmudist und Musiker, seine Mutter Amateurdichterin. Ab 5 sang er","og_url":"https:\/\/www.iemj.org\/de\/alman-samuel-1877-1947\/","og_site_name":"Institut Europ\u00e9en des Musiques Juives","article_publisher":"https:\/\/www.facebook.com\/MusiquesJuives\/","article_published_time":"2014-12-11T10:37:27+00:00","article_modified_time":"2025-09-02T07:32:41+00:00","og_image":[{"width":177,"height":218,"url":"https:\/\/www.iemj.org\/wp-content\/uploads\/2014\/12\/arton414-e1617027772725.jpg","type":"image\/jpeg"}],"author":"Herv\u00e9 Roten","twitter_card":"summary_large_image","twitter_misc":{"Verfasst von":"Herv\u00e9 Roten","Gesch\u00e4tzte Lesezeit":"4\u00a0Minuten"},"schema":{"@context":"https:\/\/schema.org","@graph":[{"@type":"Article","@id":"https:\/\/www.iemj.org\/de\/alman-samuel-1877-1947\/#article","isPartOf":{"@id":"https:\/\/www.iemj.org\/de\/alman-samuel-1877-1947\/"},"author":{"name":"Herv\u00e9 Roten","@id":"https:\/\/www.iemj.org\/de\/#\/schema\/person\/906134402c29d5c76e7b726261dd4bbd"},"headline":"Alman, Samuel (1877-1947)","datePublished":"2014-12-11T10:37:27+00:00","dateModified":"2025-09-02T07:32:41+00:00","mainEntityOfPage":{"@id":"https:\/\/www.iemj.org\/de\/alman-samuel-1877-1947\/"},"wordCount":520,"publisher":{"@id":"https:\/\/www.iemj.org\/de\/#organization"},"image":{"@id":"https:\/\/www.iemj.org\/de\/alman-samuel-1877-1947\/#primaryimage"},"thumbnailUrl":"https:\/\/www.iemj.org\/wp-content\/uploads\/2014\/12\/arton414-e1617027772725.jpg","articleSection":["Biografien"],"inLanguage":"de"},{"@type":"WebPage","@id":"https:\/\/www.iemj.org\/de\/alman-samuel-1877-1947\/","url":"https:\/\/www.iemj.org\/de\/alman-samuel-1877-1947\/","name":"Alman, Samuel (1877-1947) - Institut Europ\u00e9en des Musiques Juives","isPartOf":{"@id":"https:\/\/www.iemj.org\/de\/#website"},"primaryImageOfPage":{"@id":"https:\/\/www.iemj.org\/de\/alman-samuel-1877-1947\/#primaryimage"},"image":{"@id":"https:\/\/www.iemj.org\/de\/alman-samuel-1877-1947\/#primaryimage"},"thumbnailUrl":"https:\/\/www.iemj.org\/wp-content\/uploads\/2014\/12\/arton414-e1617027772725.jpg","datePublished":"2014-12-11T10:37:27+00:00","dateModified":"2025-09-02T07:32:41+00:00","breadcrumb":{"@id":"https:\/\/www.iemj.org\/de\/alman-samuel-1877-1947\/#breadcrumb"},"inLanguage":"de","potentialAction":[{"@type":"ReadAction","target":["https:\/\/www.iemj.org\/de\/alman-samuel-1877-1947\/"]}]},{"@type":"ImageObject","inLanguage":"de","@id":"https:\/\/www.iemj.org\/de\/alman-samuel-1877-1947\/#primaryimage","url":"https:\/\/www.iemj.org\/wp-content\/uploads\/2014\/12\/arton414-e1617027772725.jpg","contentUrl":"https:\/\/www.iemj.org\/wp-content\/uploads\/2014\/12\/arton414-e1617027772725.jpg","width":177,"height":218},{"@type":"BreadcrumbList","@id":"https:\/\/www.iemj.org\/de\/alman-samuel-1877-1947\/#breadcrumb","itemListElement":[{"@type":"ListItem","position":1,"name":"Accueil","item":"https:\/\/www.iemj.org\/de\/"},{"@type":"ListItem","position":2,"name":"Alman, Samuel (1877-1947)"}]},{"@type":"WebSite","@id":"https:\/\/www.iemj.org\/de\/#website","url":"https:\/\/www.iemj.org\/de\/","name":"Institut Europ\u00e9en des Musiques Juives","description":"Des traditions musicales \u00e0 la port\u00e9e de tous","publisher":{"@id":"https:\/\/www.iemj.org\/de\/#organization"},"potentialAction":[{"@type":"SearchAction","target":{"@type":"EntryPoint","urlTemplate":"https:\/\/www.iemj.org\/de\/?s={search_term_string}"},"query-input":{"@type":"PropertyValueSpecification","valueRequired":true,"valueName":"search_term_string"}}],"inLanguage":"de"},{"@type":"Organization","@id":"https:\/\/www.iemj.org\/de\/#organization","name":"Institut Europ\u00e9en des Musiques Juives","url":"https:\/\/www.iemj.org\/de\/","logo":{"@type":"ImageObject","inLanguage":"de","@id":"https:\/\/www.iemj.org\/de\/#\/schema\/logo\/image\/","url":"https:\/\/www.iemj.org\/wp-content\/uploads\/2021\/09\/Logo-IEMJ-Paypal.jpg","contentUrl":"https:\/\/www.iemj.org\/wp-content\/uploads\/2021\/09\/Logo-IEMJ-Paypal.jpg","width":150,"height":50,"caption":"Institut Europ\u00e9en des Musiques Juives"},"image":{"@id":"https:\/\/www.iemj.org\/de\/#\/schema\/logo\/image\/"},"sameAs":["https:\/\/www.facebook.com\/MusiquesJuives\/","https:\/\/www.instagram.com\/musiquesjuives\/","https:\/\/www.youtube.com\/user\/musiquesjuives"]},{"@type":"Person","@id":"https:\/\/www.iemj.org\/de\/#\/schema\/person\/906134402c29d5c76e7b726261dd4bbd","name":"Herv\u00e9 Roten","image":{"@type":"ImageObject","inLanguage":"de","@id":"https:\/\/secure.gravatar.com\/avatar\/f96ad2db538a26481f18384936b5cd0610c92d390c4dc382209216d455f685ff?s=96&d=mm&r=g","url":"https:\/\/secure.gravatar.com\/avatar\/f96ad2db538a26481f18384936b5cd0610c92d390c4dc382209216d455f685ff?s=96&d=mm&r=g","contentUrl":"https:\/\/secure.gravatar.com\/avatar\/f96ad2db538a26481f18384936b5cd0610c92d390c4dc382209216d455f685ff?s=96&d=mm&r=g","caption":"Herv\u00e9 Roten"}}]}},"_links":{"self":[{"href":"https:\/\/www.iemj.org\/de\/wp-json\/wp\/v2\/posts\/86715","targetHints":{"allow":["GET"]}}],"collection":[{"href":"https:\/\/www.iemj.org\/de\/wp-json\/wp\/v2\/posts"}],"about":[{"href":"https:\/\/www.iemj.org\/de\/wp-json\/wp\/v2\/types\/post"}],"author":[{"embeddable":true,"href":"https:\/\/www.iemj.org\/de\/wp-json\/wp\/v2\/users\/1045"}],"replies":[{"embeddable":true,"href":"https:\/\/www.iemj.org\/de\/wp-json\/wp\/v2\/comments?post=86715"}],"version-history":[{"count":0,"href":"https:\/\/www.iemj.org\/de\/wp-json\/wp\/v2\/posts\/86715\/revisions"}],"wp:featuredmedia":[{"embeddable":true,"href":"https:\/\/www.iemj.org\/de\/wp-json\/wp\/v2\/media\/86716"}],"wp:attachment":[{"href":"https:\/\/www.iemj.org\/de\/wp-json\/wp\/v2\/media?parent=86715"}],"wp:term":[{"taxonomy":"category","embeddable":true,"href":"https:\/\/www.iemj.org\/de\/wp-json\/wp\/v2\/categories?post=86715"},{"taxonomy":"post_tag","embeddable":true,"href":"https:\/\/www.iemj.org\/de\/wp-json\/wp\/v2\/tags?post=86715"},{"taxonomy":"technique","embeddable":true,"href":"https:\/\/www.iemj.org\/de\/wp-json\/wp\/v2\/technique?post=86715"},{"taxonomy":"squelettes","embeddable":true,"href":"https:\/\/www.iemj.org\/de\/wp-json\/wp\/v2\/squelettes?post=86715"},{"taxonomy":"sujet","embeddable":true,"href":"https:\/\/www.iemj.org\/de\/wp-json\/wp\/v2\/sujet?post=86715"},{"taxonomy":"formation","embeddable":true,"href":"https:\/\/www.iemj.org\/de\/wp-json\/wp\/v2\/formation?post=86715"},{"taxonomy":"genre","embeddable":true,"href":"https:\/\/www.iemj.org\/de\/wp-json\/wp\/v2\/genre?post=86715"},{"taxonomy":"fonds","embeddable":true,"href":"https:\/\/www.iemj.org\/de\/wp-json\/wp\/v2\/fonds?post=86715"},{"taxonomy":"tradition","embeddable":true,"href":"https:\/\/www.iemj.org\/de\/wp-json\/wp\/v2\/tradition?post=86715"},{"taxonomy":"type-de-contenu","embeddable":true,"href":"https:\/\/www.iemj.org\/de\/wp-json\/wp\/v2\/type-de-contenu?post=86715"},{"taxonomy":"interprete-compositeur","embeddable":true,"href":"https:\/\/www.iemj.org\/de\/wp-json\/wp\/v2\/interprete-compositeur?post=86715"},{"taxonomy":"frise","embeddable":true,"href":"https:\/\/www.iemj.org\/de\/wp-json\/wp\/v2\/frise?post=86715"},{"taxonomy":"type-devenement","embeddable":true,"href":"https:\/\/www.iemj.org\/de\/wp-json\/wp\/v2\/type-devenement?post=86715"},{"taxonomy":"tableaux-liens-externes","embeddable":true,"href":"https:\/\/www.iemj.org\/de\/wp-json\/wp\/v2\/tableaux-liens-externes?post=86715"}],"curies":[{"name":"wp","href":"https:\/\/api.w.org\/{rel}","templated":true}]}}