{"id":86722,"date":"2011-10-23T15:39:13","date_gmt":"2011-10-23T13:39:13","guid":{"rendered":"https:\/\/www.iemj.org\/argov-zohar-1955-1987\/"},"modified":"2025-10-05T12:21:52","modified_gmt":"2025-10-05T10:21:52","slug":"argov-zohar-1955-1987","status":"publish","type":"post","link":"https:\/\/www.iemj.org\/de\/argov-zohar-1955-1987\/","title":{"rendered":"Argov, Zohar (1955-1987)"},"content":{"rendered":"<p>Zohar Argov, der eigentlich Zohar Orkabi hie\u00df, war ein israelischer S\u00e4nger, am 16. Juli 1955 in der Stadt Rischon LeZion in Israel geboren. Zohar Argov war jemenitischer Herkunft und stammte aus einer einfachen Familie. Er war das \u00e4lteste von zehn Kindern. Seit der Kindheit f\u00f6rderte er eine gewisse Begabung f\u00fcr den Gesang, vor allem in der jemenitischen Gemeinschaft.<\/p>\n<p>Seit dem Anfang seiner Karriere war seine Musik \u2013 von den Soldaten sehr beliebt \u2013 in jede Milit\u00e4rbasis zu h\u00f6ren, obwohl er selbst aus Familiengr\u00fcnden beim Milit\u00e4r nicht dienen konnte.<\/p>\n<p>Sein erstes Album <strong><em>Elinor <\/em><\/strong>(1981) enthielt die Titel \u201e<strong>Sod HaMazalot<\/strong>\u201c (\u201eDas Geheimnis des Tierkreises\u201c) und \u201e<strong>Mah Lakh Yaldah\u201c<\/strong> (\u201eWas hast du, M\u00e4dchen?\u201c), als W\u00fcrdigung seiner Ex-Frau Braha. 1982 gewann er beim ber\u00fchmten Musikfestival \u201eLamnastseach Shir Mizmor\u201c den Titel des besten israelischen S\u00e4ngers mit seinem Hit<strong> \u201eHaPerah BeGani\u201c<\/strong> (\u201eDie Blume meines Gartens\u201c).<\/p>\n<p><img decoding=\"async\" class=\"alignright\" src=\"https:\/\/www.iemj.org\/wp-content\/uploads\/2011\/10\/zohar_festival_500px.jpg\" alt=\"zohar_festival_500px.jpg\" width=\"205\" height=\"183\" align=\"middle\" \/>Seine Musikerfolge erlaubten es ihm, seine pers\u00f6nlichen Probleme, vor allem seine Drogenabh\u00e4ngigkeit, zur Seite zu legen. So wurde er einer der ersten israelischen S\u00e4nger, die kommerziellen und nationalen Erfolg im Bereich der Musik im Stil des Nahen Ostens (<em>Mizrachi<\/em>) gewannen. Und seine wachsende Beliebheit, neben <strong>Avihu Medina<\/strong>, <strong>Haim Moshe<\/strong> und <strong>Margalit Tzanani<\/strong>, nahm an der Anerkennung der orientalischen Juden gegen\u00fcber der Hegemonie der Aschkenasim in Israel teil.<\/p>\n<p>Zohar Argovs Lieder haben f\u00fcr Thema: Liebe, Leid, Entt\u00e4uschung, Freude. Er wird immer noch von vielen als ein Wunder der israelischen Musik betrachtet.<\/p>\n<p><em>\u201eEr konnte perfekte Aufnahmen in einem Take machen, und wenn man ihn bat, einen anderen Take zu machen, konnte er perfekt eine v\u00f6llig andere Version singen\u201c <\/em><strong>Nancy Brandes<\/strong>, Arrangeur und Dirigent.<\/p>\n<p>Mit 32 brachte sich Zohar Argov in seiner Zelle in Rischon LeZion um, seine Geburtsstadt, am 6. November 1987, eine Nacht nach seiner Festnahme durch die Polizei.<\/p>\n<p>Nach seinem Tod behielt Zohar Argov weiterhin seinen unbestrittenen Status als \u201eHaMelekh\u201c-K\u00f6nig der orientalischen Musik in Israel. Sein wichtiger Beitrag zur israelischen Kultur wurde weithin anerkannt. Das breite \u00d6ffentlichkeit-Label Hed Arzi widmete ihm ein Doppelalbum <strong>The Best of Zohar Argov<\/strong>. Ein Film \u00fcber sein Leben mit dem Titel <strong>Zohar<\/strong> wurde 1993 ver\u00f6ffentlicht, gefolgt von einem Theaterst\u00fcck, das 2010 auf der B\u00fchne des Cameri Theaters in Tel Aviv aufgef\u00fchrt wurde.<\/p>\n<p>Seit 2007 sind in Rischon LeZion sowie in Tel Aviv zwei Stra\u00dfen nach ihm benannt.<\/p>\n<p><strong>Ein Live-Medley von einer Hochzeit ansehen, die er in den 80er Jahren moderiert hat<\/strong><\/p>\n<p><iframe src=\"https:\/\/www.youtube.com\/embed\/v8PjqODEkrE\" width=\"560\" height=\"315\" frameborder=\"0\" allowfullscreen=\"allowfullscreen\"><\/iframe><\/p>\n<p><img fetchpriority=\"high\" decoding=\"async\" class=\"wp-image-110606 aligncenter\" src=\"https:\/\/www.iemj.org\/wp-content\/uploads\/2024\/03\/AUDIO-PLAYER-300x39.png\" alt=\"\" width=\"900\" height=\"117\" srcset=\"https:\/\/www.iemj.org\/wp-content\/uploads\/2024\/03\/AUDIO-PLAYER-300x39.png 300w, https:\/\/www.iemj.org\/wp-content\/uploads\/2024\/03\/AUDIO-PLAYER-1024x133.png 1024w, https:\/\/www.iemj.org\/wp-content\/uploads\/2024\/03\/AUDIO-PLAYER-768x100.png 768w, https:\/\/www.iemj.org\/wp-content\/uploads\/2024\/03\/AUDIO-PLAYER-600x78.png 600w, https:\/\/www.iemj.org\/wp-content\/uploads\/2024\/03\/AUDIO-PLAYER.png 1210w\" sizes=\"(max-width: 900px) 100vw, 900px\" \/><\/p>\n","protected":false},"excerpt":{"rendered":"<p>Zohar Argov, der eigentlich Zohar Orkabi hie\u00df, war ein israelischer S\u00e4nger, am 16. Juli 1955 in der Stadt Rischon LeZion in Israel geboren. Zohar Argov war jemenitischer Herkunft und stammte<\/p>\n","protected":false},"author":1045,"featured_media":86723,"comment_status":"closed","ping_status":"closed","sticky":false,"template":"","format":"standard","meta":{"_acf_changed":false,"footnotes":""},"categories":[1415],"tags":[],"technique":[],"squelettes":[],"sujet":[],"formation":[],"genre":[],"fonds":[],"tradition":[],"type-de-contenu":[],"interprete-compositeur":[],"frise":[],"type-devenement":[],"tableaux-liens-externes":[],"class_list":["post-86722","post","type-post","status-publish","format-standard","has-post-thumbnail","hentry","category-biografien-de"],"acf":[],"yoast_head":"<!-- This site is optimized with the Yoast SEO plugin v27.3 - https:\/\/yoast.com\/product\/yoast-seo-wordpress\/ -->\n<title>Argov, Zohar (1955-1987) - Institut Europ\u00e9en des Musiques Juives<\/title>\n<meta name=\"robots\" content=\"index, follow, max-snippet:-1, max-image-preview:large, max-video-preview:-1\" \/>\n<link rel=\"canonical\" href=\"https:\/\/www.iemj.org\/de\/argov-zohar-1955-1987\/\" \/>\n<meta property=\"og:locale\" content=\"de_DE\" \/>\n<meta property=\"og:type\" content=\"article\" \/>\n<meta property=\"og:title\" content=\"Argov, Zohar (1955-1987) - Institut Europ\u00e9en des Musiques Juives\" \/>\n<meta property=\"og:description\" content=\"Zohar Argov, der eigentlich Zohar Orkabi hie\u00df, war ein israelischer S\u00e4nger, am 16. Juli 1955 in der Stadt Rischon LeZion in Israel geboren. Zohar Argov war jemenitischer Herkunft und stammte\" \/>\n<meta property=\"og:url\" content=\"https:\/\/www.iemj.org\/de\/argov-zohar-1955-1987\/\" \/>\n<meta property=\"og:site_name\" content=\"Institut Europ\u00e9en des Musiques Juives\" \/>\n<meta property=\"article:publisher\" content=\"https:\/\/www.facebook.com\/MusiquesJuives\/\" \/>\n<meta property=\"article:published_time\" content=\"2011-10-23T13:39:13+00:00\" \/>\n<meta property=\"article:modified_time\" content=\"2025-10-05T10:21:52+00:00\" \/>\n<meta property=\"og:image\" content=\"https:\/\/www.iemj.org\/wp-content\/uploads\/2011\/10\/arton312-e1617031789709.jpg\" \/>\n\t<meta property=\"og:image:width\" content=\"210\" \/>\n\t<meta property=\"og:image:height\" content=\"218\" \/>\n\t<meta property=\"og:image:type\" content=\"image\/jpeg\" \/>\n<meta name=\"author\" content=\"Herv\u00e9 Roten\" \/>\n<meta name=\"twitter:card\" content=\"summary_large_image\" \/>\n<meta name=\"twitter:label1\" content=\"Verfasst von\" \/>\n\t<meta name=\"twitter:data1\" content=\"Herv\u00e9 Roten\" \/>\n\t<meta name=\"twitter:label2\" content=\"Gesch\u00e4tzte Lesezeit\" \/>\n\t<meta name=\"twitter:data2\" content=\"3\u00a0Minuten\" \/>\n<script type=\"application\/ld+json\" class=\"yoast-schema-graph\">{\"@context\":\"https:\\\/\\\/schema.org\",\"@graph\":[{\"@type\":\"Article\",\"@id\":\"https:\\\/\\\/www.iemj.org\\\/de\\\/argov-zohar-1955-1987\\\/#article\",\"isPartOf\":{\"@id\":\"https:\\\/\\\/www.iemj.org\\\/de\\\/argov-zohar-1955-1987\\\/\"},\"author\":{\"name\":\"Herv\u00e9 Roten\",\"@id\":\"https:\\\/\\\/www.iemj.org\\\/de\\\/#\\\/schema\\\/person\\\/906134402c29d5c76e7b726261dd4bbd\"},\"headline\":\"Argov, Zohar (1955-1987)\",\"datePublished\":\"2011-10-23T13:39:13+00:00\",\"dateModified\":\"2025-10-05T10:21:52+00:00\",\"mainEntityOfPage\":{\"@id\":\"https:\\\/\\\/www.iemj.org\\\/de\\\/argov-zohar-1955-1987\\\/\"},\"wordCount\":401,\"publisher\":{\"@id\":\"https:\\\/\\\/www.iemj.org\\\/de\\\/#organization\"},\"image\":{\"@id\":\"https:\\\/\\\/www.iemj.org\\\/de\\\/argov-zohar-1955-1987\\\/#primaryimage\"},\"thumbnailUrl\":\"https:\\\/\\\/www.iemj.org\\\/wp-content\\\/uploads\\\/2011\\\/10\\\/arton312-e1617031789709.jpg\",\"articleSection\":[\"Biografien\"],\"inLanguage\":\"de\"},{\"@type\":\"WebPage\",\"@id\":\"https:\\\/\\\/www.iemj.org\\\/de\\\/argov-zohar-1955-1987\\\/\",\"url\":\"https:\\\/\\\/www.iemj.org\\\/de\\\/argov-zohar-1955-1987\\\/\",\"name\":\"Argov, Zohar (1955-1987) - Institut Europ\u00e9en des Musiques Juives\",\"isPartOf\":{\"@id\":\"https:\\\/\\\/www.iemj.org\\\/de\\\/#website\"},\"primaryImageOfPage\":{\"@id\":\"https:\\\/\\\/www.iemj.org\\\/de\\\/argov-zohar-1955-1987\\\/#primaryimage\"},\"image\":{\"@id\":\"https:\\\/\\\/www.iemj.org\\\/de\\\/argov-zohar-1955-1987\\\/#primaryimage\"},\"thumbnailUrl\":\"https:\\\/\\\/www.iemj.org\\\/wp-content\\\/uploads\\\/2011\\\/10\\\/arton312-e1617031789709.jpg\",\"datePublished\":\"2011-10-23T13:39:13+00:00\",\"dateModified\":\"2025-10-05T10:21:52+00:00\",\"breadcrumb\":{\"@id\":\"https:\\\/\\\/www.iemj.org\\\/de\\\/argov-zohar-1955-1987\\\/#breadcrumb\"},\"inLanguage\":\"de\",\"potentialAction\":[{\"@type\":\"ReadAction\",\"target\":[\"https:\\\/\\\/www.iemj.org\\\/de\\\/argov-zohar-1955-1987\\\/\"]}]},{\"@type\":\"ImageObject\",\"inLanguage\":\"de\",\"@id\":\"https:\\\/\\\/www.iemj.org\\\/de\\\/argov-zohar-1955-1987\\\/#primaryimage\",\"url\":\"https:\\\/\\\/www.iemj.org\\\/wp-content\\\/uploads\\\/2011\\\/10\\\/arton312-e1617031789709.jpg\",\"contentUrl\":\"https:\\\/\\\/www.iemj.org\\\/wp-content\\\/uploads\\\/2011\\\/10\\\/arton312-e1617031789709.jpg\",\"width\":210,\"height\":218},{\"@type\":\"BreadcrumbList\",\"@id\":\"https:\\\/\\\/www.iemj.org\\\/de\\\/argov-zohar-1955-1987\\\/#breadcrumb\",\"itemListElement\":[{\"@type\":\"ListItem\",\"position\":1,\"name\":\"Accueil\",\"item\":\"https:\\\/\\\/www.iemj.org\\\/de\\\/\"},{\"@type\":\"ListItem\",\"position\":2,\"name\":\"Argov, Zohar (1955-1987)\"}]},{\"@type\":\"WebSite\",\"@id\":\"https:\\\/\\\/www.iemj.org\\\/de\\\/#website\",\"url\":\"https:\\\/\\\/www.iemj.org\\\/de\\\/\",\"name\":\"Institut Europ\u00e9en des Musiques Juives\",\"description\":\"Des traditions musicales \u00e0 la port\u00e9e de tous\",\"publisher\":{\"@id\":\"https:\\\/\\\/www.iemj.org\\\/de\\\/#organization\"},\"potentialAction\":[{\"@type\":\"SearchAction\",\"target\":{\"@type\":\"EntryPoint\",\"urlTemplate\":\"https:\\\/\\\/www.iemj.org\\\/de\\\/?s={search_term_string}\"},\"query-input\":{\"@type\":\"PropertyValueSpecification\",\"valueRequired\":true,\"valueName\":\"search_term_string\"}}],\"inLanguage\":\"de\"},{\"@type\":\"Organization\",\"@id\":\"https:\\\/\\\/www.iemj.org\\\/de\\\/#organization\",\"name\":\"Institut Europ\u00e9en des Musiques Juives\",\"url\":\"https:\\\/\\\/www.iemj.org\\\/de\\\/\",\"logo\":{\"@type\":\"ImageObject\",\"inLanguage\":\"de\",\"@id\":\"https:\\\/\\\/www.iemj.org\\\/de\\\/#\\\/schema\\\/logo\\\/image\\\/\",\"url\":\"https:\\\/\\\/www.iemj.org\\\/wp-content\\\/uploads\\\/2021\\\/09\\\/Logo-IEMJ-Paypal.jpg\",\"contentUrl\":\"https:\\\/\\\/www.iemj.org\\\/wp-content\\\/uploads\\\/2021\\\/09\\\/Logo-IEMJ-Paypal.jpg\",\"width\":150,\"height\":50,\"caption\":\"Institut Europ\u00e9en des Musiques Juives\"},\"image\":{\"@id\":\"https:\\\/\\\/www.iemj.org\\\/de\\\/#\\\/schema\\\/logo\\\/image\\\/\"},\"sameAs\":[\"https:\\\/\\\/www.facebook.com\\\/MusiquesJuives\\\/\",\"https:\\\/\\\/www.instagram.com\\\/musiquesjuives\\\/\",\"https:\\\/\\\/www.youtube.com\\\/user\\\/musiquesjuives\"]},{\"@type\":\"Person\",\"@id\":\"https:\\\/\\\/www.iemj.org\\\/de\\\/#\\\/schema\\\/person\\\/906134402c29d5c76e7b726261dd4bbd\",\"name\":\"Herv\u00e9 Roten\",\"image\":{\"@type\":\"ImageObject\",\"inLanguage\":\"de\",\"@id\":\"https:\\\/\\\/secure.gravatar.com\\\/avatar\\\/f96ad2db538a26481f18384936b5cd0610c92d390c4dc382209216d455f685ff?s=96&d=mm&r=g\",\"url\":\"https:\\\/\\\/secure.gravatar.com\\\/avatar\\\/f96ad2db538a26481f18384936b5cd0610c92d390c4dc382209216d455f685ff?s=96&d=mm&r=g\",\"contentUrl\":\"https:\\\/\\\/secure.gravatar.com\\\/avatar\\\/f96ad2db538a26481f18384936b5cd0610c92d390c4dc382209216d455f685ff?s=96&d=mm&r=g\",\"caption\":\"Herv\u00e9 Roten\"}}]}<\/script>\n<!-- \/ Yoast SEO plugin. -->","yoast_head_json":{"title":"Argov, Zohar (1955-1987) - Institut Europ\u00e9en des Musiques Juives","robots":{"index":"index","follow":"follow","max-snippet":"max-snippet:-1","max-image-preview":"max-image-preview:large","max-video-preview":"max-video-preview:-1"},"canonical":"https:\/\/www.iemj.org\/de\/argov-zohar-1955-1987\/","og_locale":"de_DE","og_type":"article","og_title":"Argov, Zohar (1955-1987) - Institut Europ\u00e9en des Musiques Juives","og_description":"Zohar Argov, der eigentlich Zohar Orkabi hie\u00df, war ein israelischer S\u00e4nger, am 16. Juli 1955 in der Stadt Rischon LeZion in Israel geboren. Zohar Argov war jemenitischer Herkunft und stammte","og_url":"https:\/\/www.iemj.org\/de\/argov-zohar-1955-1987\/","og_site_name":"Institut Europ\u00e9en des Musiques Juives","article_publisher":"https:\/\/www.facebook.com\/MusiquesJuives\/","article_published_time":"2011-10-23T13:39:13+00:00","article_modified_time":"2025-10-05T10:21:52+00:00","og_image":[{"width":210,"height":218,"url":"https:\/\/www.iemj.org\/wp-content\/uploads\/2011\/10\/arton312-e1617031789709.jpg","type":"image\/jpeg"}],"author":"Herv\u00e9 Roten","twitter_card":"summary_large_image","twitter_misc":{"Verfasst von":"Herv\u00e9 Roten","Gesch\u00e4tzte Lesezeit":"3\u00a0Minuten"},"schema":{"@context":"https:\/\/schema.org","@graph":[{"@type":"Article","@id":"https:\/\/www.iemj.org\/de\/argov-zohar-1955-1987\/#article","isPartOf":{"@id":"https:\/\/www.iemj.org\/de\/argov-zohar-1955-1987\/"},"author":{"name":"Herv\u00e9 Roten","@id":"https:\/\/www.iemj.org\/de\/#\/schema\/person\/906134402c29d5c76e7b726261dd4bbd"},"headline":"Argov, Zohar (1955-1987)","datePublished":"2011-10-23T13:39:13+00:00","dateModified":"2025-10-05T10:21:52+00:00","mainEntityOfPage":{"@id":"https:\/\/www.iemj.org\/de\/argov-zohar-1955-1987\/"},"wordCount":401,"publisher":{"@id":"https:\/\/www.iemj.org\/de\/#organization"},"image":{"@id":"https:\/\/www.iemj.org\/de\/argov-zohar-1955-1987\/#primaryimage"},"thumbnailUrl":"https:\/\/www.iemj.org\/wp-content\/uploads\/2011\/10\/arton312-e1617031789709.jpg","articleSection":["Biografien"],"inLanguage":"de"},{"@type":"WebPage","@id":"https:\/\/www.iemj.org\/de\/argov-zohar-1955-1987\/","url":"https:\/\/www.iemj.org\/de\/argov-zohar-1955-1987\/","name":"Argov, Zohar (1955-1987) - Institut Europ\u00e9en des Musiques Juives","isPartOf":{"@id":"https:\/\/www.iemj.org\/de\/#website"},"primaryImageOfPage":{"@id":"https:\/\/www.iemj.org\/de\/argov-zohar-1955-1987\/#primaryimage"},"image":{"@id":"https:\/\/www.iemj.org\/de\/argov-zohar-1955-1987\/#primaryimage"},"thumbnailUrl":"https:\/\/www.iemj.org\/wp-content\/uploads\/2011\/10\/arton312-e1617031789709.jpg","datePublished":"2011-10-23T13:39:13+00:00","dateModified":"2025-10-05T10:21:52+00:00","breadcrumb":{"@id":"https:\/\/www.iemj.org\/de\/argov-zohar-1955-1987\/#breadcrumb"},"inLanguage":"de","potentialAction":[{"@type":"ReadAction","target":["https:\/\/www.iemj.org\/de\/argov-zohar-1955-1987\/"]}]},{"@type":"ImageObject","inLanguage":"de","@id":"https:\/\/www.iemj.org\/de\/argov-zohar-1955-1987\/#primaryimage","url":"https:\/\/www.iemj.org\/wp-content\/uploads\/2011\/10\/arton312-e1617031789709.jpg","contentUrl":"https:\/\/www.iemj.org\/wp-content\/uploads\/2011\/10\/arton312-e1617031789709.jpg","width":210,"height":218},{"@type":"BreadcrumbList","@id":"https:\/\/www.iemj.org\/de\/argov-zohar-1955-1987\/#breadcrumb","itemListElement":[{"@type":"ListItem","position":1,"name":"Accueil","item":"https:\/\/www.iemj.org\/de\/"},{"@type":"ListItem","position":2,"name":"Argov, Zohar (1955-1987)"}]},{"@type":"WebSite","@id":"https:\/\/www.iemj.org\/de\/#website","url":"https:\/\/www.iemj.org\/de\/","name":"Institut Europ\u00e9en des Musiques Juives","description":"Des traditions musicales \u00e0 la port\u00e9e de tous","publisher":{"@id":"https:\/\/www.iemj.org\/de\/#organization"},"potentialAction":[{"@type":"SearchAction","target":{"@type":"EntryPoint","urlTemplate":"https:\/\/www.iemj.org\/de\/?s={search_term_string}"},"query-input":{"@type":"PropertyValueSpecification","valueRequired":true,"valueName":"search_term_string"}}],"inLanguage":"de"},{"@type":"Organization","@id":"https:\/\/www.iemj.org\/de\/#organization","name":"Institut Europ\u00e9en des Musiques Juives","url":"https:\/\/www.iemj.org\/de\/","logo":{"@type":"ImageObject","inLanguage":"de","@id":"https:\/\/www.iemj.org\/de\/#\/schema\/logo\/image\/","url":"https:\/\/www.iemj.org\/wp-content\/uploads\/2021\/09\/Logo-IEMJ-Paypal.jpg","contentUrl":"https:\/\/www.iemj.org\/wp-content\/uploads\/2021\/09\/Logo-IEMJ-Paypal.jpg","width":150,"height":50,"caption":"Institut Europ\u00e9en des Musiques Juives"},"image":{"@id":"https:\/\/www.iemj.org\/de\/#\/schema\/logo\/image\/"},"sameAs":["https:\/\/www.facebook.com\/MusiquesJuives\/","https:\/\/www.instagram.com\/musiquesjuives\/","https:\/\/www.youtube.com\/user\/musiquesjuives"]},{"@type":"Person","@id":"https:\/\/www.iemj.org\/de\/#\/schema\/person\/906134402c29d5c76e7b726261dd4bbd","name":"Herv\u00e9 Roten","image":{"@type":"ImageObject","inLanguage":"de","@id":"https:\/\/secure.gravatar.com\/avatar\/f96ad2db538a26481f18384936b5cd0610c92d390c4dc382209216d455f685ff?s=96&d=mm&r=g","url":"https:\/\/secure.gravatar.com\/avatar\/f96ad2db538a26481f18384936b5cd0610c92d390c4dc382209216d455f685ff?s=96&d=mm&r=g","contentUrl":"https:\/\/secure.gravatar.com\/avatar\/f96ad2db538a26481f18384936b5cd0610c92d390c4dc382209216d455f685ff?s=96&d=mm&r=g","caption":"Herv\u00e9 Roten"}}]}},"_links":{"self":[{"href":"https:\/\/www.iemj.org\/de\/wp-json\/wp\/v2\/posts\/86722","targetHints":{"allow":["GET"]}}],"collection":[{"href":"https:\/\/www.iemj.org\/de\/wp-json\/wp\/v2\/posts"}],"about":[{"href":"https:\/\/www.iemj.org\/de\/wp-json\/wp\/v2\/types\/post"}],"author":[{"embeddable":true,"href":"https:\/\/www.iemj.org\/de\/wp-json\/wp\/v2\/users\/1045"}],"replies":[{"embeddable":true,"href":"https:\/\/www.iemj.org\/de\/wp-json\/wp\/v2\/comments?post=86722"}],"version-history":[{"count":1,"href":"https:\/\/www.iemj.org\/de\/wp-json\/wp\/v2\/posts\/86722\/revisions"}],"predecessor-version":[{"id":126334,"href":"https:\/\/www.iemj.org\/de\/wp-json\/wp\/v2\/posts\/86722\/revisions\/126334"}],"wp:featuredmedia":[{"embeddable":true,"href":"https:\/\/www.iemj.org\/de\/wp-json\/wp\/v2\/media\/86723"}],"wp:attachment":[{"href":"https:\/\/www.iemj.org\/de\/wp-json\/wp\/v2\/media?parent=86722"}],"wp:term":[{"taxonomy":"category","embeddable":true,"href":"https:\/\/www.iemj.org\/de\/wp-json\/wp\/v2\/categories?post=86722"},{"taxonomy":"post_tag","embeddable":true,"href":"https:\/\/www.iemj.org\/de\/wp-json\/wp\/v2\/tags?post=86722"},{"taxonomy":"technique","embeddable":true,"href":"https:\/\/www.iemj.org\/de\/wp-json\/wp\/v2\/technique?post=86722"},{"taxonomy":"squelettes","embeddable":true,"href":"https:\/\/www.iemj.org\/de\/wp-json\/wp\/v2\/squelettes?post=86722"},{"taxonomy":"sujet","embeddable":true,"href":"https:\/\/www.iemj.org\/de\/wp-json\/wp\/v2\/sujet?post=86722"},{"taxonomy":"formation","embeddable":true,"href":"https:\/\/www.iemj.org\/de\/wp-json\/wp\/v2\/formation?post=86722"},{"taxonomy":"genre","embeddable":true,"href":"https:\/\/www.iemj.org\/de\/wp-json\/wp\/v2\/genre?post=86722"},{"taxonomy":"fonds","embeddable":true,"href":"https:\/\/www.iemj.org\/de\/wp-json\/wp\/v2\/fonds?post=86722"},{"taxonomy":"tradition","embeddable":true,"href":"https:\/\/www.iemj.org\/de\/wp-json\/wp\/v2\/tradition?post=86722"},{"taxonomy":"type-de-contenu","embeddable":true,"href":"https:\/\/www.iemj.org\/de\/wp-json\/wp\/v2\/type-de-contenu?post=86722"},{"taxonomy":"interprete-compositeur","embeddable":true,"href":"https:\/\/www.iemj.org\/de\/wp-json\/wp\/v2\/interprete-compositeur?post=86722"},{"taxonomy":"frise","embeddable":true,"href":"https:\/\/www.iemj.org\/de\/wp-json\/wp\/v2\/frise?post=86722"},{"taxonomy":"type-devenement","embeddable":true,"href":"https:\/\/www.iemj.org\/de\/wp-json\/wp\/v2\/type-devenement?post=86722"},{"taxonomy":"tableaux-liens-externes","embeddable":true,"href":"https:\/\/www.iemj.org\/de\/wp-json\/wp\/v2\/tableaux-liens-externes?post=86722"}],"curies":[{"name":"wp","href":"https:\/\/api.w.org\/{rel}","templated":true}]}}