{"id":86730,"date":"2016-05-24T10:04:02","date_gmt":"2016-05-24T08:04:02","guid":{"rendered":"https:\/\/www.iemj.org\/arom-simha-1930\/"},"modified":"2024-04-18T18:01:39","modified_gmt":"2024-04-18T16:01:39","slug":"arom-simha-1930","status":"publish","type":"post","link":"https:\/\/www.iemj.org\/de\/arom-simha-1930\/","title":{"rendered":"Arom, Simha (1930)"},"content":{"rendered":"<p><strong>Simha Arom<\/strong>\u00a0wurde 1930 in D\u00fcsseldorf geboren. Nach der Reichskristallnacht von November 1938 war seine Familie gezwungen, das Nazideutschland f\u00fcr Belgien, danach Frankreich, zu verlassen. <br \/>Sie waren im Lager von Rivesaltes bis 1941 interniert, Simha kam hinaus. Ohne Nachrichten von seinen Eltern reiste er mit 14 nach Pal\u00e4stina aus. Da er am Unabh\u00e4ngigkeitskrieg Israels teilnahm und 1948 verletzt wurde, unternahm er ein Musikstudium und wurde Erster Hornist im Jerusalem Symphony Orchestra.<\/p>\n<p>In den 60er Jahren wurde er vom israelischen Staat nach der Zentralafrikanischen Republik gesendet, <img decoding=\"async\" class=\" alignright  wp-image-10806\" src=\"https:\/\/www.iemj.org\/wp-content\/uploads\/2016\/05\/photo_simha_avec_fil_tendu_redim.jpg\" alt=\"photo_simha_avec_fil_tendu_redim.jpg\" width=\"232\" height=\"154\" align=\"right\" \/>um dort eine Fanfare zu gr\u00fcnden; Er wurde von der traditionellen Musik dieses Landes fasziniert, insbesondere von der Vokalpolyphonie der Ba Aka Pygm\u00e4en. Er trat 1968 in das CNRS &#8211; Centre National de Recherche Scientifique (staatliches\u00a0Zentrum\u00a0f\u00fcr\u00a0Wissenschaftsforschung) ein und erhielt dort 1984 die Silbermedaille. Von 1971 bis 1991 kehrte er jedes Jahr in Begleitung von Ethnolinguisten und Studenten in das Feld zur\u00fcck, um die Musik aufzunehmen, um sie zu studieren und zu konservieren.<\/p>\n<p>Simha Arom, der am Conservatoire National Sup\u00e9rieur de Musique (Nationales Musikkonservatorium) in Paris den ersten Preis f\u00fcr Horn gewann und Musikethnologe wurde, besch\u00e4ftigte sich mit der Aufdeckung impliziter musikalischer Systeme und der Art und Weise, wie eine Kultur ihre kognitiven Kategorien, die sie durch ihre Musik beweist werden, aufbaut \u2013 mit Hilfe von Experimenten interaktiver Art. Seine Arbeit beruht auf der Annahme, dass Felddaten nur dann g\u00fcltig sind, wenn sie durch kognitive Daten der untersuchten Kultur best\u00e4tigt werden k\u00f6nnen.<\/p>\n<p><img decoding=\"async\" class=\" alignleft  wp-image-10808\" src=\"https:\/\/www.iemj.org\/wp-content\/uploads\/2016\/05\/photo_simha_avec_3_pygmees_redim.jpg\" alt=\"photo_simha_avec_3_pygmees_redim.jpg\" width=\"268\" height=\"177\" align=\"left\" \/><\/p>\n<p>Seine Forschungsarbeiten betreffen die zeitliche Organisation der Musik, musikalische Skalen, polyphone Techniken, Musik im sozialen System und die Entwicklung konzeptueller Werkzeuge zur Kategorisierung, Analyse und Modellierung traditioneller Musik. Aus einer haupts\u00e4chtlich beschreibenden Disziplin versuchte er, eine eigenst\u00e4ndige Wissenschaft mit all ihren Attributen zu machen: Experimentieren, Verifizieren, Validieren, Modellieren, Konzeptualisieren und Rekonstruieren auf synthetischem Wege<\/p>\n<h3><strong>Sammlung der j\u00fcdischen Musiken<\/strong><\/h3>\n<p style=\"padding-left: 40px;\">Simha Arom hat in Israel\u00a0<a href=\"https:\/\/www.iemj.org\/le-chant-liturgique-juif-ethiopien\/\">Aufnahme \u00fcber die\u00a0<strong>Juden<\/strong><\/a><strong> \u00c4thiopiens<\/strong> mit <a href=\"https:\/\/ethnomusicologie.revues.org\/2072\">Olivier Tourny<\/a>, von dem er der Doktorvater war, durchgef\u00fchrt. In den 1980er Jahren f\u00fchrte ihn sein Leben in Israel in Verbindung mit seinem Interesse an den vielen traditionellen afrikanischen Traditionen, die er studiert hatte, zum Studium der \u00e4thiopischen j\u00fcdischen Priester und ebnete so den Weg f\u00fcr neue und aufregende Forschungen, nat\u00fcrlich in Zusammenarbeit mit der Hebr\u00e4ischen Universit\u00e4t in Jerusalem.<br \/><a href=\"https:\/\/www.iemj.org\/le-chant-liturgique-juif-ethiopien-2\/\">Die Radiosendung des <strong>IEMJ<\/strong>\u00a0\u201cLe chant liturgique juif \u00e9thiopien\u201d (<em>Der \u00e4thiopisch-j\u00fcdische liturgische Gesang)<\/em> vom 30. August 2011 anh\u00f6ren.<\/a><\/p>\n<p style=\"padding-left: 40px;\">Au\u00dferdem nahm <strong>Simha Arom<\/strong> 1994 mit <strong><a href=\"https:\/\/www.iemj.org\/de\/adler-israel-1925-2009\/\" target=\"_blank\" rel=\"noopener\">Isra\u00ebl Adler<\/a><\/strong> und\u00a0<strong>Herv\u00e9 Roten<\/strong>, Leiter des Institut Europ\u00e9en des Musiques Juives, an einer vom Verein Yuval und dem Forschungszentrum f\u00fcr j\u00fcdische Musik in Jerusalem organisierten Mission zur Aufnahme von Juden in Djerba teil.<\/p>\n<p><em>Simha Arom ist emeritierter Forschungsdirektor am CNRS, Gr\u00fcndungsmitglied der <strong>Soci\u00e9t\u00e9 fran\u00e7aise d&#8217;ethnomusicologie <\/strong><\/em>(Franz\u00f6sische Gesellschaft f\u00fcr Ethnomusikologie)<em>, der Soci\u00e9t\u00e9 fran\u00e7aise d&#8217;analyse musicale <\/em>(Franz\u00f6sische Gesellschaft f\u00fcr Musikanalyse)<em>, der European Society for the Cognitive Sciences of Music (ESCOM) und des European Seminar in Ethnomusicology; Au\u00dferdem ist er Mitglied der Soci\u00e9t\u00e9 fran\u00e7aise de musicologie <\/em>(Franz\u00f6sische Gesellschaft f\u00fcr Musikologie) <em>und des Board of Directors des Projekts The Universe of Music (UNESCO).<\/em><\/p>\n<p><em>Sein Tonarchiv wurde 2011 in der Phonothek der Biblioth\u00e8que nationale de France hinterlegt.<\/em><\/p>\n<p><em>Simha Arom erhielt 2014 den <strong>Prix Francine et Antoine Bernheim<\/strong>, der von der <strong>Fondation du juda\u00efsme fran\u00e7ais<\/strong> <\/em>(Stiftung f\u00fcr das franz\u00f6sische Judentum) <em>verliehen wird.<\/em><\/p>\n<p><strong>Mission in Djerba, September 1994:<\/strong><\/p>\n<figure style=\"width: 316px\" class=\"wp-caption alignleft\"><img fetchpriority=\"high\" decoding=\"async\" class=\"\" src=\"https:\/\/www.iemj.org\/wp-content\/uploads\/2016\/05\/djerba_israel_adler_et_herve_roten_atelier_poterie_1994-09_redim_25_.jpg\" alt=\"djerba_israel_adler_et_herve_roten_atelier_poterie_1994-09_redim_25_.jpg\" width=\"316\" height=\"215\" align=\"left\" data-description=\"&quot;&lt;em\" \/><figcaption class=\"wp-caption-text\"><strong>Israel Adler und Herv\u00e9 Roten in einer T\u00f6pferei<\/strong><\/figcaption><\/figure>\n<figure style=\"width: 222px\" class=\"wp-caption alignright\"><img loading=\"lazy\" decoding=\"async\" class=\"\" src=\"https:\/\/www.iemj.org\/wp-content\/uploads\/2016\/05\/djerba_simha_arom_et_israel_adler_ds_rue_du_gd_quartier_1994-09_redim_25_.jpg\" alt=\"djerba_simha_arom_et_israel_adler_ds_rue_du_gd_quartier_1994-09_redim_25_.jpg\" width=\"222\" height=\"325\" align=\"left\" data-description=\"&quot;&lt;em\" \/><figcaption class=\"wp-caption-text\"><strong>Simha Arom und Israel Adler, Stra\u00dfe hara kabira (gro\u00dfes Viertel)<\/strong>\u00a0<\/figcaption><\/figure>\n<figure style=\"width: 314px\" class=\"wp-caption alignleft\"><img loading=\"lazy\" decoding=\"async\" class=\"\" src=\"https:\/\/www.iemj.org\/wp-content\/uploads\/2016\/05\/djerba_simha_arom_bet_israel_adler_syna_la_ghriba_1994-09_redim_25_.jpg\" alt=\"djerba_simha_arom_bet_israel_adler_syna_la_ghriba_1994-09_redim_25_.jpg\" width=\"314\" height=\"216\" align=\"left\" data-description=\"&quot;&lt;em\" \/><figcaption class=\"wp-caption-text\"><strong>Simha Arom und Israel Adler, Synagoge der Ghriba<\/strong><\/figcaption><\/figure>\n\n","protected":false},"excerpt":{"rendered":"<p>Simha Arom\u00a0wurde 1930 in D\u00fcsseldorf geboren. Nach der Reichskristallnacht von November 1938 war seine Familie gezwungen, das Nazideutschland f\u00fcr Belgien, danach Frankreich, zu verlassen. Sie waren im Lager von Rivesaltes<\/p>\n","protected":false},"author":5,"featured_media":86732,"comment_status":"closed","ping_status":"open","sticky":false,"template":"","format":"standard","meta":{"_acf_changed":false,"footnotes":""},"categories":[1415],"tags":[2082],"technique":[],"squelettes":[],"sujet":[],"formation":[],"genre":[],"fonds":[],"tradition":[],"type-de-contenu":[],"interprete-compositeur":[],"frise":[],"type-devenement":[],"tableaux-liens-externes":[],"class_list":["post-86730","post","type-post","status-publish","format-standard","has-post-thumbnail","hentry","category-biografien-de","tag-athiopien-de"],"acf":[],"yoast_head":"<!-- This site is optimized with the Yoast SEO plugin v27.3 - https:\/\/yoast.com\/product\/yoast-seo-wordpress\/ -->\n<title>Arom, Simha (1930) - Institut Europ\u00e9en des Musiques Juives<\/title>\n<meta name=\"robots\" content=\"index, follow, max-snippet:-1, max-image-preview:large, max-video-preview:-1\" \/>\n<link rel=\"canonical\" href=\"https:\/\/www.iemj.org\/de\/arom-simha-1930\/\" \/>\n<meta property=\"og:locale\" content=\"de_DE\" \/>\n<meta property=\"og:type\" content=\"article\" \/>\n<meta property=\"og:title\" content=\"Arom, Simha (1930) - Institut Europ\u00e9en des Musiques Juives\" \/>\n<meta property=\"og:description\" content=\"Simha Arom\u00a0wurde 1930 in D\u00fcsseldorf geboren. Nach der Reichskristallnacht von November 1938 war seine Familie gezwungen, das Nazideutschland f\u00fcr Belgien, danach Frankreich, zu verlassen. Sie waren im Lager von Rivesaltes\" \/>\n<meta property=\"og:url\" content=\"https:\/\/www.iemj.org\/de\/arom-simha-1930\/\" \/>\n<meta property=\"og:site_name\" content=\"Institut Europ\u00e9en des Musiques Juives\" \/>\n<meta property=\"article:publisher\" content=\"https:\/\/www.facebook.com\/MusiquesJuives\/\" \/>\n<meta property=\"article:published_time\" content=\"2016-05-24T08:04:02+00:00\" \/>\n<meta property=\"article:modified_time\" content=\"2024-04-18T16:01:39+00:00\" \/>\n<meta property=\"og:image\" content=\"https:\/\/www.iemj.org\/wp-content\/uploads\/2016\/05\/Logo-bio-Simha-Arom-nv-site-e1618076676599.jpg\" \/>\n\t<meta property=\"og:image:width\" content=\"213\" \/>\n\t<meta property=\"og:image:height\" content=\"218\" \/>\n\t<meta property=\"og:image:type\" content=\"image\/jpeg\" \/>\n<meta name=\"author\" content=\"Jacqueline ROTEN\" \/>\n<meta name=\"twitter:card\" content=\"summary_large_image\" \/>\n<meta name=\"twitter:label1\" content=\"Verfasst von\" \/>\n\t<meta name=\"twitter:data1\" content=\"Jacqueline ROTEN\" \/>\n\t<meta name=\"twitter:label2\" content=\"Gesch\u00e4tzte Lesezeit\" \/>\n\t<meta name=\"twitter:data2\" content=\"5\u00a0Minuten\" \/>\n<script type=\"application\/ld+json\" class=\"yoast-schema-graph\">{\"@context\":\"https:\\\/\\\/schema.org\",\"@graph\":[{\"@type\":\"Article\",\"@id\":\"https:\\\/\\\/www.iemj.org\\\/de\\\/arom-simha-1930\\\/#article\",\"isPartOf\":{\"@id\":\"https:\\\/\\\/www.iemj.org\\\/de\\\/arom-simha-1930\\\/\"},\"author\":{\"name\":\"Jacqueline ROTEN\",\"@id\":\"https:\\\/\\\/www.iemj.org\\\/de\\\/#\\\/schema\\\/person\\\/358e26c18aca017fcc4cc15437f7279c\"},\"headline\":\"Arom, Simha (1930)\",\"datePublished\":\"2016-05-24T08:04:02+00:00\",\"dateModified\":\"2024-04-18T16:01:39+00:00\",\"mainEntityOfPage\":{\"@id\":\"https:\\\/\\\/www.iemj.org\\\/de\\\/arom-simha-1930\\\/\"},\"wordCount\":618,\"publisher\":{\"@id\":\"https:\\\/\\\/www.iemj.org\\\/de\\\/#organization\"},\"image\":{\"@id\":\"https:\\\/\\\/www.iemj.org\\\/de\\\/arom-simha-1930\\\/#primaryimage\"},\"thumbnailUrl\":\"https:\\\/\\\/www.iemj.org\\\/wp-content\\\/uploads\\\/2016\\\/05\\\/Logo-bio-Simha-Arom-nv-site-e1618076676599.jpg\",\"keywords\":[\"\u00c4thiopien\"],\"articleSection\":[\"Biografien\"],\"inLanguage\":\"de\"},{\"@type\":\"WebPage\",\"@id\":\"https:\\\/\\\/www.iemj.org\\\/de\\\/arom-simha-1930\\\/\",\"url\":\"https:\\\/\\\/www.iemj.org\\\/de\\\/arom-simha-1930\\\/\",\"name\":\"Arom, Simha (1930) - Institut Europ\u00e9en des Musiques Juives\",\"isPartOf\":{\"@id\":\"https:\\\/\\\/www.iemj.org\\\/de\\\/#website\"},\"primaryImageOfPage\":{\"@id\":\"https:\\\/\\\/www.iemj.org\\\/de\\\/arom-simha-1930\\\/#primaryimage\"},\"image\":{\"@id\":\"https:\\\/\\\/www.iemj.org\\\/de\\\/arom-simha-1930\\\/#primaryimage\"},\"thumbnailUrl\":\"https:\\\/\\\/www.iemj.org\\\/wp-content\\\/uploads\\\/2016\\\/05\\\/Logo-bio-Simha-Arom-nv-site-e1618076676599.jpg\",\"datePublished\":\"2016-05-24T08:04:02+00:00\",\"dateModified\":\"2024-04-18T16:01:39+00:00\",\"breadcrumb\":{\"@id\":\"https:\\\/\\\/www.iemj.org\\\/de\\\/arom-simha-1930\\\/#breadcrumb\"},\"inLanguage\":\"de\",\"potentialAction\":[{\"@type\":\"ReadAction\",\"target\":[\"https:\\\/\\\/www.iemj.org\\\/de\\\/arom-simha-1930\\\/\"]}]},{\"@type\":\"ImageObject\",\"inLanguage\":\"de\",\"@id\":\"https:\\\/\\\/www.iemj.org\\\/de\\\/arom-simha-1930\\\/#primaryimage\",\"url\":\"https:\\\/\\\/www.iemj.org\\\/wp-content\\\/uploads\\\/2016\\\/05\\\/Logo-bio-Simha-Arom-nv-site-e1618076676599.jpg\",\"contentUrl\":\"https:\\\/\\\/www.iemj.org\\\/wp-content\\\/uploads\\\/2016\\\/05\\\/Logo-bio-Simha-Arom-nv-site-e1618076676599.jpg\",\"width\":213,\"height\":218},{\"@type\":\"BreadcrumbList\",\"@id\":\"https:\\\/\\\/www.iemj.org\\\/de\\\/arom-simha-1930\\\/#breadcrumb\",\"itemListElement\":[{\"@type\":\"ListItem\",\"position\":1,\"name\":\"Accueil\",\"item\":\"https:\\\/\\\/www.iemj.org\\\/de\\\/\"},{\"@type\":\"ListItem\",\"position\":2,\"name\":\"Arom, Simha (1930)\"}]},{\"@type\":\"WebSite\",\"@id\":\"https:\\\/\\\/www.iemj.org\\\/de\\\/#website\",\"url\":\"https:\\\/\\\/www.iemj.org\\\/de\\\/\",\"name\":\"Institut Europ\u00e9en des Musiques Juives\",\"description\":\"Des traditions musicales \u00e0 la port\u00e9e de tous\",\"publisher\":{\"@id\":\"https:\\\/\\\/www.iemj.org\\\/de\\\/#organization\"},\"potentialAction\":[{\"@type\":\"SearchAction\",\"target\":{\"@type\":\"EntryPoint\",\"urlTemplate\":\"https:\\\/\\\/www.iemj.org\\\/de\\\/?s={search_term_string}\"},\"query-input\":{\"@type\":\"PropertyValueSpecification\",\"valueRequired\":true,\"valueName\":\"search_term_string\"}}],\"inLanguage\":\"de\"},{\"@type\":\"Organization\",\"@id\":\"https:\\\/\\\/www.iemj.org\\\/de\\\/#organization\",\"name\":\"Institut Europ\u00e9en des Musiques Juives\",\"url\":\"https:\\\/\\\/www.iemj.org\\\/de\\\/\",\"logo\":{\"@type\":\"ImageObject\",\"inLanguage\":\"de\",\"@id\":\"https:\\\/\\\/www.iemj.org\\\/de\\\/#\\\/schema\\\/logo\\\/image\\\/\",\"url\":\"https:\\\/\\\/www.iemj.org\\\/wp-content\\\/uploads\\\/2021\\\/09\\\/Logo-IEMJ-Paypal.jpg\",\"contentUrl\":\"https:\\\/\\\/www.iemj.org\\\/wp-content\\\/uploads\\\/2021\\\/09\\\/Logo-IEMJ-Paypal.jpg\",\"width\":150,\"height\":50,\"caption\":\"Institut Europ\u00e9en des Musiques Juives\"},\"image\":{\"@id\":\"https:\\\/\\\/www.iemj.org\\\/de\\\/#\\\/schema\\\/logo\\\/image\\\/\"},\"sameAs\":[\"https:\\\/\\\/www.facebook.com\\\/MusiquesJuives\\\/\",\"https:\\\/\\\/www.instagram.com\\\/musiquesjuives\\\/\",\"https:\\\/\\\/www.youtube.com\\\/user\\\/musiquesjuives\"]},{\"@type\":\"Person\",\"@id\":\"https:\\\/\\\/www.iemj.org\\\/de\\\/#\\\/schema\\\/person\\\/358e26c18aca017fcc4cc15437f7279c\",\"name\":\"Jacqueline ROTEN\",\"image\":{\"@type\":\"ImageObject\",\"inLanguage\":\"de\",\"@id\":\"https:\\\/\\\/secure.gravatar.com\\\/avatar\\\/5964256d6c6957de3a3505278957e0fb2a35119ac47ea41827a65301213c810b?s=96&d=mm&r=g\",\"url\":\"https:\\\/\\\/secure.gravatar.com\\\/avatar\\\/5964256d6c6957de3a3505278957e0fb2a35119ac47ea41827a65301213c810b?s=96&d=mm&r=g\",\"contentUrl\":\"https:\\\/\\\/secure.gravatar.com\\\/avatar\\\/5964256d6c6957de3a3505278957e0fb2a35119ac47ea41827a65301213c810b?s=96&d=mm&r=g\",\"caption\":\"Jacqueline ROTEN\"}}]}<\/script>\n<!-- \/ Yoast SEO plugin. -->","yoast_head_json":{"title":"Arom, Simha (1930) - Institut Europ\u00e9en des Musiques Juives","robots":{"index":"index","follow":"follow","max-snippet":"max-snippet:-1","max-image-preview":"max-image-preview:large","max-video-preview":"max-video-preview:-1"},"canonical":"https:\/\/www.iemj.org\/de\/arom-simha-1930\/","og_locale":"de_DE","og_type":"article","og_title":"Arom, Simha (1930) - Institut Europ\u00e9en des Musiques Juives","og_description":"Simha Arom\u00a0wurde 1930 in D\u00fcsseldorf geboren. Nach der Reichskristallnacht von November 1938 war seine Familie gezwungen, das Nazideutschland f\u00fcr Belgien, danach Frankreich, zu verlassen. Sie waren im Lager von Rivesaltes","og_url":"https:\/\/www.iemj.org\/de\/arom-simha-1930\/","og_site_name":"Institut Europ\u00e9en des Musiques Juives","article_publisher":"https:\/\/www.facebook.com\/MusiquesJuives\/","article_published_time":"2016-05-24T08:04:02+00:00","article_modified_time":"2024-04-18T16:01:39+00:00","og_image":[{"width":213,"height":218,"url":"https:\/\/www.iemj.org\/wp-content\/uploads\/2016\/05\/Logo-bio-Simha-Arom-nv-site-e1618076676599.jpg","type":"image\/jpeg"}],"author":"Jacqueline ROTEN","twitter_card":"summary_large_image","twitter_misc":{"Verfasst von":"Jacqueline ROTEN","Gesch\u00e4tzte Lesezeit":"5\u00a0Minuten"},"schema":{"@context":"https:\/\/schema.org","@graph":[{"@type":"Article","@id":"https:\/\/www.iemj.org\/de\/arom-simha-1930\/#article","isPartOf":{"@id":"https:\/\/www.iemj.org\/de\/arom-simha-1930\/"},"author":{"name":"Jacqueline ROTEN","@id":"https:\/\/www.iemj.org\/de\/#\/schema\/person\/358e26c18aca017fcc4cc15437f7279c"},"headline":"Arom, Simha (1930)","datePublished":"2016-05-24T08:04:02+00:00","dateModified":"2024-04-18T16:01:39+00:00","mainEntityOfPage":{"@id":"https:\/\/www.iemj.org\/de\/arom-simha-1930\/"},"wordCount":618,"publisher":{"@id":"https:\/\/www.iemj.org\/de\/#organization"},"image":{"@id":"https:\/\/www.iemj.org\/de\/arom-simha-1930\/#primaryimage"},"thumbnailUrl":"https:\/\/www.iemj.org\/wp-content\/uploads\/2016\/05\/Logo-bio-Simha-Arom-nv-site-e1618076676599.jpg","keywords":["\u00c4thiopien"],"articleSection":["Biografien"],"inLanguage":"de"},{"@type":"WebPage","@id":"https:\/\/www.iemj.org\/de\/arom-simha-1930\/","url":"https:\/\/www.iemj.org\/de\/arom-simha-1930\/","name":"Arom, Simha (1930) - Institut Europ\u00e9en des Musiques Juives","isPartOf":{"@id":"https:\/\/www.iemj.org\/de\/#website"},"primaryImageOfPage":{"@id":"https:\/\/www.iemj.org\/de\/arom-simha-1930\/#primaryimage"},"image":{"@id":"https:\/\/www.iemj.org\/de\/arom-simha-1930\/#primaryimage"},"thumbnailUrl":"https:\/\/www.iemj.org\/wp-content\/uploads\/2016\/05\/Logo-bio-Simha-Arom-nv-site-e1618076676599.jpg","datePublished":"2016-05-24T08:04:02+00:00","dateModified":"2024-04-18T16:01:39+00:00","breadcrumb":{"@id":"https:\/\/www.iemj.org\/de\/arom-simha-1930\/#breadcrumb"},"inLanguage":"de","potentialAction":[{"@type":"ReadAction","target":["https:\/\/www.iemj.org\/de\/arom-simha-1930\/"]}]},{"@type":"ImageObject","inLanguage":"de","@id":"https:\/\/www.iemj.org\/de\/arom-simha-1930\/#primaryimage","url":"https:\/\/www.iemj.org\/wp-content\/uploads\/2016\/05\/Logo-bio-Simha-Arom-nv-site-e1618076676599.jpg","contentUrl":"https:\/\/www.iemj.org\/wp-content\/uploads\/2016\/05\/Logo-bio-Simha-Arom-nv-site-e1618076676599.jpg","width":213,"height":218},{"@type":"BreadcrumbList","@id":"https:\/\/www.iemj.org\/de\/arom-simha-1930\/#breadcrumb","itemListElement":[{"@type":"ListItem","position":1,"name":"Accueil","item":"https:\/\/www.iemj.org\/de\/"},{"@type":"ListItem","position":2,"name":"Arom, Simha (1930)"}]},{"@type":"WebSite","@id":"https:\/\/www.iemj.org\/de\/#website","url":"https:\/\/www.iemj.org\/de\/","name":"Institut Europ\u00e9en des Musiques Juives","description":"Des traditions musicales \u00e0 la port\u00e9e de tous","publisher":{"@id":"https:\/\/www.iemj.org\/de\/#organization"},"potentialAction":[{"@type":"SearchAction","target":{"@type":"EntryPoint","urlTemplate":"https:\/\/www.iemj.org\/de\/?s={search_term_string}"},"query-input":{"@type":"PropertyValueSpecification","valueRequired":true,"valueName":"search_term_string"}}],"inLanguage":"de"},{"@type":"Organization","@id":"https:\/\/www.iemj.org\/de\/#organization","name":"Institut Europ\u00e9en des Musiques Juives","url":"https:\/\/www.iemj.org\/de\/","logo":{"@type":"ImageObject","inLanguage":"de","@id":"https:\/\/www.iemj.org\/de\/#\/schema\/logo\/image\/","url":"https:\/\/www.iemj.org\/wp-content\/uploads\/2021\/09\/Logo-IEMJ-Paypal.jpg","contentUrl":"https:\/\/www.iemj.org\/wp-content\/uploads\/2021\/09\/Logo-IEMJ-Paypal.jpg","width":150,"height":50,"caption":"Institut Europ\u00e9en des Musiques Juives"},"image":{"@id":"https:\/\/www.iemj.org\/de\/#\/schema\/logo\/image\/"},"sameAs":["https:\/\/www.facebook.com\/MusiquesJuives\/","https:\/\/www.instagram.com\/musiquesjuives\/","https:\/\/www.youtube.com\/user\/musiquesjuives"]},{"@type":"Person","@id":"https:\/\/www.iemj.org\/de\/#\/schema\/person\/358e26c18aca017fcc4cc15437f7279c","name":"Jacqueline ROTEN","image":{"@type":"ImageObject","inLanguage":"de","@id":"https:\/\/secure.gravatar.com\/avatar\/5964256d6c6957de3a3505278957e0fb2a35119ac47ea41827a65301213c810b?s=96&d=mm&r=g","url":"https:\/\/secure.gravatar.com\/avatar\/5964256d6c6957de3a3505278957e0fb2a35119ac47ea41827a65301213c810b?s=96&d=mm&r=g","contentUrl":"https:\/\/secure.gravatar.com\/avatar\/5964256d6c6957de3a3505278957e0fb2a35119ac47ea41827a65301213c810b?s=96&d=mm&r=g","caption":"Jacqueline ROTEN"}}]}},"_links":{"self":[{"href":"https:\/\/www.iemj.org\/de\/wp-json\/wp\/v2\/posts\/86730","targetHints":{"allow":["GET"]}}],"collection":[{"href":"https:\/\/www.iemj.org\/de\/wp-json\/wp\/v2\/posts"}],"about":[{"href":"https:\/\/www.iemj.org\/de\/wp-json\/wp\/v2\/types\/post"}],"author":[{"embeddable":true,"href":"https:\/\/www.iemj.org\/de\/wp-json\/wp\/v2\/users\/5"}],"replies":[{"embeddable":true,"href":"https:\/\/www.iemj.org\/de\/wp-json\/wp\/v2\/comments?post=86730"}],"version-history":[{"count":0,"href":"https:\/\/www.iemj.org\/de\/wp-json\/wp\/v2\/posts\/86730\/revisions"}],"wp:featuredmedia":[{"embeddable":true,"href":"https:\/\/www.iemj.org\/de\/wp-json\/wp\/v2\/media\/86732"}],"wp:attachment":[{"href":"https:\/\/www.iemj.org\/de\/wp-json\/wp\/v2\/media?parent=86730"}],"wp:term":[{"taxonomy":"category","embeddable":true,"href":"https:\/\/www.iemj.org\/de\/wp-json\/wp\/v2\/categories?post=86730"},{"taxonomy":"post_tag","embeddable":true,"href":"https:\/\/www.iemj.org\/de\/wp-json\/wp\/v2\/tags?post=86730"},{"taxonomy":"technique","embeddable":true,"href":"https:\/\/www.iemj.org\/de\/wp-json\/wp\/v2\/technique?post=86730"},{"taxonomy":"squelettes","embeddable":true,"href":"https:\/\/www.iemj.org\/de\/wp-json\/wp\/v2\/squelettes?post=86730"},{"taxonomy":"sujet","embeddable":true,"href":"https:\/\/www.iemj.org\/de\/wp-json\/wp\/v2\/sujet?post=86730"},{"taxonomy":"formation","embeddable":true,"href":"https:\/\/www.iemj.org\/de\/wp-json\/wp\/v2\/formation?post=86730"},{"taxonomy":"genre","embeddable":true,"href":"https:\/\/www.iemj.org\/de\/wp-json\/wp\/v2\/genre?post=86730"},{"taxonomy":"fonds","embeddable":true,"href":"https:\/\/www.iemj.org\/de\/wp-json\/wp\/v2\/fonds?post=86730"},{"taxonomy":"tradition","embeddable":true,"href":"https:\/\/www.iemj.org\/de\/wp-json\/wp\/v2\/tradition?post=86730"},{"taxonomy":"type-de-contenu","embeddable":true,"href":"https:\/\/www.iemj.org\/de\/wp-json\/wp\/v2\/type-de-contenu?post=86730"},{"taxonomy":"interprete-compositeur","embeddable":true,"href":"https:\/\/www.iemj.org\/de\/wp-json\/wp\/v2\/interprete-compositeur?post=86730"},{"taxonomy":"frise","embeddable":true,"href":"https:\/\/www.iemj.org\/de\/wp-json\/wp\/v2\/frise?post=86730"},{"taxonomy":"type-devenement","embeddable":true,"href":"https:\/\/www.iemj.org\/de\/wp-json\/wp\/v2\/type-devenement?post=86730"},{"taxonomy":"tableaux-liens-externes","embeddable":true,"href":"https:\/\/www.iemj.org\/de\/wp-json\/wp\/v2\/tableaux-liens-externes?post=86730"}],"curies":[{"name":"wp","href":"https:\/\/api.w.org\/{rel}","templated":true}]}}