{"id":86747,"date":"2020-03-18T16:53:17","date_gmt":"2020-03-18T15:53:17","guid":{"rendered":"https:\/\/www.iemj.org\/arrouasse-maurice-1932-2017\/"},"modified":"2022-08-30T15:27:19","modified_gmt":"2022-08-30T13:27:19","slug":"arrouasse-maurice-1932-2017","status":"publish","type":"post","link":"https:\/\/www.iemj.org\/de\/arrouasse-maurice-1932-2017\/","title":{"rendered":"Arrouasse, Maurice (1932-2017)"},"content":{"rendered":"<p>Maurice Arrouasse wurde am 31. Juli 1932 in Tlemcen (Algerien) in einer Geschwisterreihe von 10 Kindern geboren. Er stamm aus einer einfachen, aber gl\u00fccklichen Familie. Gl\u00fccklich war auch das soziale Leben zwischen die verschiedenen religi\u00f6sen Gemeinschaften des Algeriens vor der Unabh\u00e4ngigkeit, bis zum Jahr 1962, als die junge Maurice Arrouasse und seine Familie gezwungen waren, nach dem Stadthafen von Oran zu erlangen, um in einen Boot (das \u201eVille d\u2019Oran\u201c) in Richtung Frankreich zu steigen. Die Fahrt dauerte 36 Stunden, bis die Familie die \u2026 Marseille erreichte. Die Arouasse erlangen dann nach Paris mit dem Zug, eine Reise, die damals zwischen 11 und 12 Stunden dauerte.<\/p>\n<p><img decoding=\"async\" class=\" alignright  wp-image-51311\" src=\"https:\/\/www.iemj.org\/wp-content\/uploads\/2020\/03\/1.famille_de_ma_avec_les_enfants_300px_vertic.jpg\" alt=\"1.famille_de_ma_avec_les_enfants_300px_vertic.jpg\" width=\"168\" height=\"255\" align=\"right\" \/><\/p>\n<p>Das Anfang des neuen Pariser Lebens von Maurice Arrouasse war schwierig, bis er sich geografisch und finanziell gesehen stabilisieren konnte. Kurz nach seiner Ankunft in Paris wurde Maurice zuerst als Schwei\u00dffachingenieur im Unternehmen Saint Gobin eingestellt, dann \u00f6ffnete er 1976 sein erstes Unternehmen von Waschsalons.<\/p>\n<p>Im selben Jahr, anl\u00e4sslich der Bar Mitwa seines Sohnes Serge, die er selbst organisiert, versuchte er sich in die neue T\u00e4tigkeit des Caterers, zu einer Zeit, als die koschere Nahrung in Paris noch nicht so verbreitet war, wie sie heute ist. Er erhielt seine Kaschrut-Zertifizierung Anfang der 80er Jahren, gleichzeitig wurde er durch die Vermittlung seines Freundes und Radiomoderators Maurice Azoulay bei Radio Shalom aufgenommen, dem 1981 gegr\u00fcndeten, sehr jungen freien j\u00fcdischen Radio in Paris.<\/p>\n<p><img fetchpriority=\"high\" decoding=\"async\" class=\" alignleft  wp-image-51314\" src=\"https:\/\/www.iemj.org\/wp-content\/uploads\/2020\/03\/2._a_radio_shalom_300px_horiz.jpg\" alt=\"2._a_radio_shalom_300px_horiz.jpg\" width=\"280\" height=\"193\" align=\"left\" \/><\/p>\n<p>In diesem Radio moderierte er ungef\u00e4hr 30 Jahre lang \u201eOrientissimo\u201c, eine Sendung \u00fcber die j\u00fcdisch-\u00f6stliche Musik, die den Zuh\u00f6rer die M\u00f6glichkeit gab, ein Musikst\u00fcck seiner Familie oder seinen Freunden live zu widmen. Mit dieser Sendung konnte es Maurice Arrouasse w\u00e4hrend seiner 3 Jahrzehnte am Mikrofon, mit seinen zahlreichen Zuh\u00f6rern eine gem\u00fctliche Stimmung zu schaffen. Bei zahlreichen Sendungen empfing er auch die gro\u00dfen Namen der orientalischen Musik.<\/p>\n<p>\u00a0<\/p>\n<p><img decoding=\"async\" class=\" alignright  wp-image-51317\" src=\"https:\/\/www.iemj.org\/wp-content\/uploads\/2020\/03\/3._concert_avec_blond-luc_cherki_et_autres_300px_horiz.jpg\" alt=\"3._concert_avec_blond-luc_cherki_et_autres_300px_horiz.jpg\" width=\"282\" height=\"193\" align=\"right\" \/>Er war Besitzer einer wichtigen Sammlung orientalischer Musik und war f\u00fcr die Bewahrung dieses wertvollen Erben bedacht. Er legte 2015 am Institut Europ\u00e9en des Musiques Juives mehr als 300 Dokumenten hinter, vor allem Aufnahmen, aber auch Familienfotos. Dieser <a href=\"https:\/\/www.iemj.org\/fonds-depose-par-maurice-arrouasse\/\">Dieser Maurice Arrouasse Bestand<\/a>\u00a0ist von nun ab auf den Katalog der Sammlungen des IEMJ oder nach Terminvereinbarung einsehbar.<\/p>\n<p>Maurice Arrouasse verstarb am 4. Oktober 2017, w\u00e4hrend der j\u00fcdischen Feiertage im Monat Tischri, und hinterlie\u00df k\u00fcnftigen Generationen eine Dokumentation, die ein besseres Verst\u00e4ndnis der j\u00fcdischen Musik Nordafrikas und des Nahen Ostens erm\u00f6glicht.<\/p>\n<p><a href=\"https:\/\/www.iemj.org\/de\/fonds-depose-par-maurice-arrouasse\/\" target=\"_blank\" rel=\"noopener\">Den Bestand Maurice Arrouasse ansehen<\/a><\/p>\n\n\n<p><\/p>\n","protected":false},"excerpt":{"rendered":"<p>Maurice Arrouasse wurde am 31. Juli 1932 in Tlemcen (Algerien) in einer Geschwisterreihe von 10 Kindern geboren. Er stamm aus einer einfachen, aber gl\u00fccklichen Familie. Gl\u00fccklich war auch das soziale<\/p>\n","protected":false},"author":5,"featured_media":51307,"comment_status":"closed","ping_status":"closed","sticky":false,"template":"","format":"standard","meta":{"_acf_changed":false,"footnotes":""},"categories":[1415],"tags":[],"technique":[],"squelettes":[],"sujet":[],"formation":[],"genre":[1914],"fonds":[],"tradition":[],"type-de-contenu":[],"interprete-compositeur":[],"frise":[],"type-devenement":[],"tableaux-liens-externes":[],"class_list":["post-86747","post","type-post","status-publish","format-standard","has-post-thumbnail","hentry","category-biografien-de","genre-oriental-de"],"acf":[],"yoast_head":"<!-- This site is optimized with the Yoast SEO plugin v27.3 - https:\/\/yoast.com\/product\/yoast-seo-wordpress\/ -->\n<title>Arrouasse, Maurice (1932-2017) - Institut Europ\u00e9en des Musiques Juives<\/title>\n<meta name=\"robots\" content=\"index, follow, max-snippet:-1, max-image-preview:large, max-video-preview:-1\" \/>\n<link rel=\"canonical\" href=\"https:\/\/www.iemj.org\/de\/arrouasse-maurice-1932-2017\/\" \/>\n<meta property=\"og:locale\" content=\"de_DE\" \/>\n<meta property=\"og:type\" content=\"article\" \/>\n<meta property=\"og:title\" content=\"Arrouasse, Maurice (1932-2017) - Institut Europ\u00e9en des Musiques Juives\" \/>\n<meta property=\"og:description\" content=\"Maurice Arrouasse wurde am 31. Juli 1932 in Tlemcen (Algerien) in einer Geschwisterreihe von 10 Kindern geboren. Er stamm aus einer einfachen, aber gl\u00fccklichen Familie. Gl\u00fccklich war auch das soziale\" \/>\n<meta property=\"og:url\" content=\"https:\/\/www.iemj.org\/de\/arrouasse-maurice-1932-2017\/\" \/>\n<meta property=\"og:site_name\" content=\"Institut Europ\u00e9en des Musiques Juives\" \/>\n<meta property=\"article:publisher\" content=\"https:\/\/www.facebook.com\/MusiquesJuives\/\" \/>\n<meta property=\"article:published_time\" content=\"2020-03-18T15:53:17+00:00\" \/>\n<meta property=\"article:modified_time\" content=\"2022-08-30T13:27:19+00:00\" \/>\n<meta property=\"og:image\" content=\"https:\/\/www.iemj.org\/wp-content\/uploads\/2020\/03\/arton4609-e1661864991315.jpg\" \/>\n\t<meta property=\"og:image:width\" content=\"160\" \/>\n\t<meta property=\"og:image:height\" content=\"218\" \/>\n\t<meta property=\"og:image:type\" content=\"image\/jpeg\" \/>\n<meta name=\"author\" content=\"Jacqueline ROTEN\" \/>\n<meta name=\"twitter:card\" content=\"summary_large_image\" \/>\n<meta name=\"twitter:label1\" content=\"Verfasst von\" \/>\n\t<meta name=\"twitter:data1\" content=\"Jacqueline ROTEN\" \/>\n\t<meta name=\"twitter:label2\" content=\"Gesch\u00e4tzte Lesezeit\" \/>\n\t<meta name=\"twitter:data2\" content=\"3\u00a0Minuten\" \/>\n<script type=\"application\/ld+json\" class=\"yoast-schema-graph\">{\"@context\":\"https:\\\/\\\/schema.org\",\"@graph\":[{\"@type\":\"Article\",\"@id\":\"https:\\\/\\\/www.iemj.org\\\/de\\\/arrouasse-maurice-1932-2017\\\/#article\",\"isPartOf\":{\"@id\":\"https:\\\/\\\/www.iemj.org\\\/de\\\/arrouasse-maurice-1932-2017\\\/\"},\"author\":{\"name\":\"Jacqueline ROTEN\",\"@id\":\"https:\\\/\\\/www.iemj.org\\\/de\\\/#\\\/schema\\\/person\\\/358e26c18aca017fcc4cc15437f7279c\"},\"headline\":\"Arrouasse, Maurice (1932-2017)\",\"datePublished\":\"2020-03-18T15:53:17+00:00\",\"dateModified\":\"2022-08-30T13:27:19+00:00\",\"mainEntityOfPage\":{\"@id\":\"https:\\\/\\\/www.iemj.org\\\/de\\\/arrouasse-maurice-1932-2017\\\/\"},\"wordCount\":401,\"publisher\":{\"@id\":\"https:\\\/\\\/www.iemj.org\\\/de\\\/#organization\"},\"image\":{\"@id\":\"https:\\\/\\\/www.iemj.org\\\/de\\\/arrouasse-maurice-1932-2017\\\/#primaryimage\"},\"thumbnailUrl\":\"https:\\\/\\\/www.iemj.org\\\/wp-content\\\/uploads\\\/2020\\\/03\\\/arton4609-e1661864991315.jpg\",\"articleSection\":[\"Biografien\"],\"inLanguage\":\"de\"},{\"@type\":\"WebPage\",\"@id\":\"https:\\\/\\\/www.iemj.org\\\/de\\\/arrouasse-maurice-1932-2017\\\/\",\"url\":\"https:\\\/\\\/www.iemj.org\\\/de\\\/arrouasse-maurice-1932-2017\\\/\",\"name\":\"Arrouasse, Maurice (1932-2017) - Institut Europ\u00e9en des Musiques Juives\",\"isPartOf\":{\"@id\":\"https:\\\/\\\/www.iemj.org\\\/de\\\/#website\"},\"primaryImageOfPage\":{\"@id\":\"https:\\\/\\\/www.iemj.org\\\/de\\\/arrouasse-maurice-1932-2017\\\/#primaryimage\"},\"image\":{\"@id\":\"https:\\\/\\\/www.iemj.org\\\/de\\\/arrouasse-maurice-1932-2017\\\/#primaryimage\"},\"thumbnailUrl\":\"https:\\\/\\\/www.iemj.org\\\/wp-content\\\/uploads\\\/2020\\\/03\\\/arton4609-e1661864991315.jpg\",\"datePublished\":\"2020-03-18T15:53:17+00:00\",\"dateModified\":\"2022-08-30T13:27:19+00:00\",\"breadcrumb\":{\"@id\":\"https:\\\/\\\/www.iemj.org\\\/de\\\/arrouasse-maurice-1932-2017\\\/#breadcrumb\"},\"inLanguage\":\"de\",\"potentialAction\":[{\"@type\":\"ReadAction\",\"target\":[\"https:\\\/\\\/www.iemj.org\\\/de\\\/arrouasse-maurice-1932-2017\\\/\"]}]},{\"@type\":\"ImageObject\",\"inLanguage\":\"de\",\"@id\":\"https:\\\/\\\/www.iemj.org\\\/de\\\/arrouasse-maurice-1932-2017\\\/#primaryimage\",\"url\":\"https:\\\/\\\/www.iemj.org\\\/wp-content\\\/uploads\\\/2020\\\/03\\\/arton4609-e1661864991315.jpg\",\"contentUrl\":\"https:\\\/\\\/www.iemj.org\\\/wp-content\\\/uploads\\\/2020\\\/03\\\/arton4609-e1661864991315.jpg\",\"width\":160,\"height\":218},{\"@type\":\"BreadcrumbList\",\"@id\":\"https:\\\/\\\/www.iemj.org\\\/de\\\/arrouasse-maurice-1932-2017\\\/#breadcrumb\",\"itemListElement\":[{\"@type\":\"ListItem\",\"position\":1,\"name\":\"Accueil\",\"item\":\"https:\\\/\\\/www.iemj.org\\\/de\\\/\"},{\"@type\":\"ListItem\",\"position\":2,\"name\":\"Arrouasse, Maurice (1932-2017)\"}]},{\"@type\":\"WebSite\",\"@id\":\"https:\\\/\\\/www.iemj.org\\\/de\\\/#website\",\"url\":\"https:\\\/\\\/www.iemj.org\\\/de\\\/\",\"name\":\"Institut Europ\u00e9en des Musiques Juives\",\"description\":\"Des traditions musicales \u00e0 la port\u00e9e de tous\",\"publisher\":{\"@id\":\"https:\\\/\\\/www.iemj.org\\\/de\\\/#organization\"},\"potentialAction\":[{\"@type\":\"SearchAction\",\"target\":{\"@type\":\"EntryPoint\",\"urlTemplate\":\"https:\\\/\\\/www.iemj.org\\\/de\\\/?s={search_term_string}\"},\"query-input\":{\"@type\":\"PropertyValueSpecification\",\"valueRequired\":true,\"valueName\":\"search_term_string\"}}],\"inLanguage\":\"de\"},{\"@type\":\"Organization\",\"@id\":\"https:\\\/\\\/www.iemj.org\\\/de\\\/#organization\",\"name\":\"Institut Europ\u00e9en des Musiques Juives\",\"url\":\"https:\\\/\\\/www.iemj.org\\\/de\\\/\",\"logo\":{\"@type\":\"ImageObject\",\"inLanguage\":\"de\",\"@id\":\"https:\\\/\\\/www.iemj.org\\\/de\\\/#\\\/schema\\\/logo\\\/image\\\/\",\"url\":\"https:\\\/\\\/www.iemj.org\\\/wp-content\\\/uploads\\\/2021\\\/09\\\/Logo-IEMJ-Paypal.jpg\",\"contentUrl\":\"https:\\\/\\\/www.iemj.org\\\/wp-content\\\/uploads\\\/2021\\\/09\\\/Logo-IEMJ-Paypal.jpg\",\"width\":150,\"height\":50,\"caption\":\"Institut Europ\u00e9en des Musiques Juives\"},\"image\":{\"@id\":\"https:\\\/\\\/www.iemj.org\\\/de\\\/#\\\/schema\\\/logo\\\/image\\\/\"},\"sameAs\":[\"https:\\\/\\\/www.facebook.com\\\/MusiquesJuives\\\/\",\"https:\\\/\\\/www.instagram.com\\\/musiquesjuives\\\/\",\"https:\\\/\\\/www.youtube.com\\\/user\\\/musiquesjuives\"]},{\"@type\":\"Person\",\"@id\":\"https:\\\/\\\/www.iemj.org\\\/de\\\/#\\\/schema\\\/person\\\/358e26c18aca017fcc4cc15437f7279c\",\"name\":\"Jacqueline ROTEN\",\"image\":{\"@type\":\"ImageObject\",\"inLanguage\":\"de\",\"@id\":\"https:\\\/\\\/secure.gravatar.com\\\/avatar\\\/5964256d6c6957de3a3505278957e0fb2a35119ac47ea41827a65301213c810b?s=96&d=mm&r=g\",\"url\":\"https:\\\/\\\/secure.gravatar.com\\\/avatar\\\/5964256d6c6957de3a3505278957e0fb2a35119ac47ea41827a65301213c810b?s=96&d=mm&r=g\",\"contentUrl\":\"https:\\\/\\\/secure.gravatar.com\\\/avatar\\\/5964256d6c6957de3a3505278957e0fb2a35119ac47ea41827a65301213c810b?s=96&d=mm&r=g\",\"caption\":\"Jacqueline ROTEN\"}}]}<\/script>\n<!-- \/ Yoast SEO plugin. -->","yoast_head_json":{"title":"Arrouasse, Maurice (1932-2017) - Institut Europ\u00e9en des Musiques Juives","robots":{"index":"index","follow":"follow","max-snippet":"max-snippet:-1","max-image-preview":"max-image-preview:large","max-video-preview":"max-video-preview:-1"},"canonical":"https:\/\/www.iemj.org\/de\/arrouasse-maurice-1932-2017\/","og_locale":"de_DE","og_type":"article","og_title":"Arrouasse, Maurice (1932-2017) - Institut Europ\u00e9en des Musiques Juives","og_description":"Maurice Arrouasse wurde am 31. Juli 1932 in Tlemcen (Algerien) in einer Geschwisterreihe von 10 Kindern geboren. Er stamm aus einer einfachen, aber gl\u00fccklichen Familie. Gl\u00fccklich war auch das soziale","og_url":"https:\/\/www.iemj.org\/de\/arrouasse-maurice-1932-2017\/","og_site_name":"Institut Europ\u00e9en des Musiques Juives","article_publisher":"https:\/\/www.facebook.com\/MusiquesJuives\/","article_published_time":"2020-03-18T15:53:17+00:00","article_modified_time":"2022-08-30T13:27:19+00:00","og_image":[{"width":160,"height":218,"url":"https:\/\/www.iemj.org\/wp-content\/uploads\/2020\/03\/arton4609-e1661864991315.jpg","type":"image\/jpeg"}],"author":"Jacqueline ROTEN","twitter_card":"summary_large_image","twitter_misc":{"Verfasst von":"Jacqueline ROTEN","Gesch\u00e4tzte Lesezeit":"3\u00a0Minuten"},"schema":{"@context":"https:\/\/schema.org","@graph":[{"@type":"Article","@id":"https:\/\/www.iemj.org\/de\/arrouasse-maurice-1932-2017\/#article","isPartOf":{"@id":"https:\/\/www.iemj.org\/de\/arrouasse-maurice-1932-2017\/"},"author":{"name":"Jacqueline ROTEN","@id":"https:\/\/www.iemj.org\/de\/#\/schema\/person\/358e26c18aca017fcc4cc15437f7279c"},"headline":"Arrouasse, Maurice (1932-2017)","datePublished":"2020-03-18T15:53:17+00:00","dateModified":"2022-08-30T13:27:19+00:00","mainEntityOfPage":{"@id":"https:\/\/www.iemj.org\/de\/arrouasse-maurice-1932-2017\/"},"wordCount":401,"publisher":{"@id":"https:\/\/www.iemj.org\/de\/#organization"},"image":{"@id":"https:\/\/www.iemj.org\/de\/arrouasse-maurice-1932-2017\/#primaryimage"},"thumbnailUrl":"https:\/\/www.iemj.org\/wp-content\/uploads\/2020\/03\/arton4609-e1661864991315.jpg","articleSection":["Biografien"],"inLanguage":"de"},{"@type":"WebPage","@id":"https:\/\/www.iemj.org\/de\/arrouasse-maurice-1932-2017\/","url":"https:\/\/www.iemj.org\/de\/arrouasse-maurice-1932-2017\/","name":"Arrouasse, Maurice (1932-2017) - Institut Europ\u00e9en des Musiques Juives","isPartOf":{"@id":"https:\/\/www.iemj.org\/de\/#website"},"primaryImageOfPage":{"@id":"https:\/\/www.iemj.org\/de\/arrouasse-maurice-1932-2017\/#primaryimage"},"image":{"@id":"https:\/\/www.iemj.org\/de\/arrouasse-maurice-1932-2017\/#primaryimage"},"thumbnailUrl":"https:\/\/www.iemj.org\/wp-content\/uploads\/2020\/03\/arton4609-e1661864991315.jpg","datePublished":"2020-03-18T15:53:17+00:00","dateModified":"2022-08-30T13:27:19+00:00","breadcrumb":{"@id":"https:\/\/www.iemj.org\/de\/arrouasse-maurice-1932-2017\/#breadcrumb"},"inLanguage":"de","potentialAction":[{"@type":"ReadAction","target":["https:\/\/www.iemj.org\/de\/arrouasse-maurice-1932-2017\/"]}]},{"@type":"ImageObject","inLanguage":"de","@id":"https:\/\/www.iemj.org\/de\/arrouasse-maurice-1932-2017\/#primaryimage","url":"https:\/\/www.iemj.org\/wp-content\/uploads\/2020\/03\/arton4609-e1661864991315.jpg","contentUrl":"https:\/\/www.iemj.org\/wp-content\/uploads\/2020\/03\/arton4609-e1661864991315.jpg","width":160,"height":218},{"@type":"BreadcrumbList","@id":"https:\/\/www.iemj.org\/de\/arrouasse-maurice-1932-2017\/#breadcrumb","itemListElement":[{"@type":"ListItem","position":1,"name":"Accueil","item":"https:\/\/www.iemj.org\/de\/"},{"@type":"ListItem","position":2,"name":"Arrouasse, Maurice (1932-2017)"}]},{"@type":"WebSite","@id":"https:\/\/www.iemj.org\/de\/#website","url":"https:\/\/www.iemj.org\/de\/","name":"Institut Europ\u00e9en des Musiques Juives","description":"Des traditions musicales \u00e0 la port\u00e9e de tous","publisher":{"@id":"https:\/\/www.iemj.org\/de\/#organization"},"potentialAction":[{"@type":"SearchAction","target":{"@type":"EntryPoint","urlTemplate":"https:\/\/www.iemj.org\/de\/?s={search_term_string}"},"query-input":{"@type":"PropertyValueSpecification","valueRequired":true,"valueName":"search_term_string"}}],"inLanguage":"de"},{"@type":"Organization","@id":"https:\/\/www.iemj.org\/de\/#organization","name":"Institut Europ\u00e9en des Musiques Juives","url":"https:\/\/www.iemj.org\/de\/","logo":{"@type":"ImageObject","inLanguage":"de","@id":"https:\/\/www.iemj.org\/de\/#\/schema\/logo\/image\/","url":"https:\/\/www.iemj.org\/wp-content\/uploads\/2021\/09\/Logo-IEMJ-Paypal.jpg","contentUrl":"https:\/\/www.iemj.org\/wp-content\/uploads\/2021\/09\/Logo-IEMJ-Paypal.jpg","width":150,"height":50,"caption":"Institut Europ\u00e9en des Musiques Juives"},"image":{"@id":"https:\/\/www.iemj.org\/de\/#\/schema\/logo\/image\/"},"sameAs":["https:\/\/www.facebook.com\/MusiquesJuives\/","https:\/\/www.instagram.com\/musiquesjuives\/","https:\/\/www.youtube.com\/user\/musiquesjuives"]},{"@type":"Person","@id":"https:\/\/www.iemj.org\/de\/#\/schema\/person\/358e26c18aca017fcc4cc15437f7279c","name":"Jacqueline ROTEN","image":{"@type":"ImageObject","inLanguage":"de","@id":"https:\/\/secure.gravatar.com\/avatar\/5964256d6c6957de3a3505278957e0fb2a35119ac47ea41827a65301213c810b?s=96&d=mm&r=g","url":"https:\/\/secure.gravatar.com\/avatar\/5964256d6c6957de3a3505278957e0fb2a35119ac47ea41827a65301213c810b?s=96&d=mm&r=g","contentUrl":"https:\/\/secure.gravatar.com\/avatar\/5964256d6c6957de3a3505278957e0fb2a35119ac47ea41827a65301213c810b?s=96&d=mm&r=g","caption":"Jacqueline ROTEN"}}]}},"_links":{"self":[{"href":"https:\/\/www.iemj.org\/de\/wp-json\/wp\/v2\/posts\/86747","targetHints":{"allow":["GET"]}}],"collection":[{"href":"https:\/\/www.iemj.org\/de\/wp-json\/wp\/v2\/posts"}],"about":[{"href":"https:\/\/www.iemj.org\/de\/wp-json\/wp\/v2\/types\/post"}],"author":[{"embeddable":true,"href":"https:\/\/www.iemj.org\/de\/wp-json\/wp\/v2\/users\/5"}],"replies":[{"embeddable":true,"href":"https:\/\/www.iemj.org\/de\/wp-json\/wp\/v2\/comments?post=86747"}],"version-history":[{"count":0,"href":"https:\/\/www.iemj.org\/de\/wp-json\/wp\/v2\/posts\/86747\/revisions"}],"wp:featuredmedia":[{"embeddable":true,"href":"https:\/\/www.iemj.org\/de\/wp-json\/wp\/v2\/media\/51307"}],"wp:attachment":[{"href":"https:\/\/www.iemj.org\/de\/wp-json\/wp\/v2\/media?parent=86747"}],"wp:term":[{"taxonomy":"category","embeddable":true,"href":"https:\/\/www.iemj.org\/de\/wp-json\/wp\/v2\/categories?post=86747"},{"taxonomy":"post_tag","embeddable":true,"href":"https:\/\/www.iemj.org\/de\/wp-json\/wp\/v2\/tags?post=86747"},{"taxonomy":"technique","embeddable":true,"href":"https:\/\/www.iemj.org\/de\/wp-json\/wp\/v2\/technique?post=86747"},{"taxonomy":"squelettes","embeddable":true,"href":"https:\/\/www.iemj.org\/de\/wp-json\/wp\/v2\/squelettes?post=86747"},{"taxonomy":"sujet","embeddable":true,"href":"https:\/\/www.iemj.org\/de\/wp-json\/wp\/v2\/sujet?post=86747"},{"taxonomy":"formation","embeddable":true,"href":"https:\/\/www.iemj.org\/de\/wp-json\/wp\/v2\/formation?post=86747"},{"taxonomy":"genre","embeddable":true,"href":"https:\/\/www.iemj.org\/de\/wp-json\/wp\/v2\/genre?post=86747"},{"taxonomy":"fonds","embeddable":true,"href":"https:\/\/www.iemj.org\/de\/wp-json\/wp\/v2\/fonds?post=86747"},{"taxonomy":"tradition","embeddable":true,"href":"https:\/\/www.iemj.org\/de\/wp-json\/wp\/v2\/tradition?post=86747"},{"taxonomy":"type-de-contenu","embeddable":true,"href":"https:\/\/www.iemj.org\/de\/wp-json\/wp\/v2\/type-de-contenu?post=86747"},{"taxonomy":"interprete-compositeur","embeddable":true,"href":"https:\/\/www.iemj.org\/de\/wp-json\/wp\/v2\/interprete-compositeur?post=86747"},{"taxonomy":"frise","embeddable":true,"href":"https:\/\/www.iemj.org\/de\/wp-json\/wp\/v2\/frise?post=86747"},{"taxonomy":"type-devenement","embeddable":true,"href":"https:\/\/www.iemj.org\/de\/wp-json\/wp\/v2\/type-devenement?post=86747"},{"taxonomy":"tableaux-liens-externes","embeddable":true,"href":"https:\/\/www.iemj.org\/de\/wp-json\/wp\/v2\/tableaux-liens-externes?post=86747"}],"curies":[{"name":"wp","href":"https:\/\/api.w.org\/{rel}","templated":true}]}}