{"id":86819,"date":"2013-05-23T17:04:12","date_gmt":"2013-05-23T15:04:12","guid":{"rendered":"https:\/\/www.iemj.org\/barraine-elsa-1910-1999\/"},"modified":"2022-08-31T15:34:01","modified_gmt":"2022-08-31T13:34:01","slug":"barraine-elsa-1910-1999","status":"publish","type":"post","link":"https:\/\/www.iemj.org\/de\/barraine-elsa-1910-1999\/","title":{"rendered":"Barraine, Elsa (1910-1999)"},"content":{"rendered":"<p>Elsa Barraine ist die Tochter von Mathieu Barraine, einem Solocellisten im Orchester der Pariser Oper, der wie die anderen j\u00fcdischen Musiker des Orchesters w\u00e4hrend der Besatzung entlassen wurde. Sie studierte am Conservatoire national sup\u00e9rieur de musique de Paris (CNSM) bei Georges Caussade, Jean Gallon und Paul Dukas (sie war unter anderem in der selben Klasse wie Olivier Messiaen).<\/p>\n<p>1928 gewann sie den zweiten Grand Prix de Rome mit \u201eHeracles \u00e0 Delpes\u201c und 1929 den ersten Grand Prix mit der Kantate \u201eLa Vierge guerri\u00e8re\u201c auf ein Gedicht von Armand Foucher basiert, einer geistlichen Trilogie \u00fcber Jeanne d&#8217;Arc.<\/p>\n<figure id=\"attachment_5797\" aria-describedby=\"caption-attachment-5797\" style=\"width: 568px\" class=\"wp-caption aligncenter\"><img fetchpriority=\"high\" decoding=\"async\" class=\"wp-image-5797\" src=\"https:\/\/www.iemj.org\/wp-content\/uploads\/2013\/05\/la_classe_de_paul_dukas_en_1929_copyright_musicologie.org_.jpg\" alt=\"la_classe_de_paul_dukas_en_1929_copyright_musicologie.org.jpg\" width=\"568\" height=\"357\" align=\"middle\" \/><figcaption id=\"caption-attachment-5797\" class=\"wp-caption-text\"><strong><em>Klasse von Paul Dukas im Jahr 1929 : Von links nach rechts, in der N\u00e4he des Klaviers : Pierre Maillard-Verger, Elsa Barraine (mit verschr\u00e4nkten Armen), Yvonne Desportes, Tony Aubin, Pierre Revel, Georges Favre, Paul Dukas, Ren\u00e9 Duclos, Georges Hugon, Maurice Durufl\u00e9. Rechts, sitzend : Claude Arrieu, Olivier Messiaen.<\/em><\/strong><\/figcaption><\/figure>\n<p>Von 1936 bis 1939 war Elsa Barraine Gesangsleiterin beim Orchestre national de la Radiodiffusion fran\u00e7aise. 1938 trat sie nach dem M\u00fcnchner Abkommen der Kommunistischen Partei Frankreichs bei. Im Jahr 1941 wurde sie von allen \u00c4mtern ausgeschlossen und ging in den Widerstand. Dank Roger Desormi\u00e8re arbeitete sie an der Op\u00e9ra-Comique in Paris, wurde festgenommen und sp\u00e4ter dank eines Beamten der Polizeipr\u00e4fektur wieder freigelassen. Ihr Vater, der Jude war, starb am 24. September 1943. Nachdem sie einer Mausefalle entkommen war, ging sie unter dem Namen Catherine Bonnard in den Untergrund. Ab Ende 1944 arbeitete sie als Musikkolumnistin f\u00fcr die Zeitung l&#8217;Humanit\u00e9.<br \/><br \/><\/p>\n<p>Von 1944 bis 1946 war Elsa Barraine Direktorin des Orchestre National und musikalische Leiterin des Verlags Chant du Monde. 1953 wurde sie zur Professorin am Conservatoire national sup\u00e9rieur de Paris ernannt und unterrichtete dort von 1969 bis 1973 Analyse. 1972-1974 war sie Inspektorin der nationalen Lyriktheater in der Musikdirektion des Kulturministeriums. In den 1980er Jahren begann sie Chinesisch und Russisch zu studieren, reiste nach China und nahm an zahlreichen Treffen und Veranstaltungen in der Sowjetunion teil.<\/p>\n<p>Elsa Barraine starb am 20. M\u00e4rz 1999 im Alter von 89 Jahren in Stra\u00dfburg.<\/p>\n<p><strong>Ihr Werk<\/strong><\/p>\n<p>Als talentierte Komponistin schrieb sie Orchestermusik (drei <em>Symphonies<\/em>, eine <em>Fantaisie<\/em> f\u00fcr Klavier und Orchester, eine <em>Suite astrologique<\/em> f\u00fcr kleines Orchester&#8230;), B\u00fchnenmusik (<em>Le Roi-bossu, Le Mur, La Chanson du mal-aim\u00e9, Les Paysans<\/em>&#8230;), Kammer- und Instrumentalmusik (<em>Quintette \u00e0 vent<\/em>, <em>Musique rituelle<\/em> f\u00fcr Orgel, Gongs und Xylorimba) und Chormusik: <em>Hymne \u00e0 la lumi\u00e8re<\/em> f\u00fcr Sopran und Orchester, <em>Po\u00e9sie ininterrompue<\/em> <em>(Cantate sur des po\u00e8mes de Paul Eluard)<\/em>, <em>Cantate du Vendredi Saint<\/em>.<\/p>\n<p>Ein kleiner Teil seiner Werke ist vom Judentum inspiriert: <em>Pogromes<\/em>, f\u00fcr Orchester (1933), <em>3 Chansons h\u00e9bra\u00efques<\/em> (1935), <em>4 Chants juifs<\/em> (1937), <em>Suite juive<\/em>, f\u00fcr Geige und Klavier (1951).<\/p>\n<p>Steckbrief erstellt von Herv\u00e9 Roten und Bruno Fraitag nach\u00a0<a href=\"https:\/\/www.musicologie.org\/Biographies\/b\/barraine.html\">Musicologie.org<\/a> und\u00a0<a href=\"http:\/\/www.musimem.com\/prix-rome-1920-1929.htm#barraine.%3C\/em%3E%3C\/font%3E\">Musica et memoria<\/a> .<\/p>\n<ul>\n<li><a href=\"http:\/\/www.rachelnet.net\/F\/?func=find-c&amp;ccl_term=WRD+%3D+Barraine&amp;local_base=iemcg\" target=\"_blank\" rel=\"noopener\">Das IEMJ-Archiv von Elsa Barraine ansehen.<\/a><\/li>\n<li><a href=\"http:\/\/www.rachelnet.net\/F\/?func=find-c&amp;ccl_term=WRD+%3D+Barraine+ET+WFT+%3D+MU&amp;local_base=iemcg\" target=\"_blank\" rel=\"noopener\">3 Ausz\u00fcge aus den Quatre chants juifs von Elsa Barraine <\/a>, aus dem Album <a href=\"https:\/\/www.iemj.org\/de\/confluences-2\/\">Confluence(s) de Benjamin Alunni<\/a><\/li>\n<li><a href=\"https:\/\/www.francemusique.fr\/emissions\/musicopolis\/elsa-barraine-a-paris-en-1958-1-5-59075\" target=\"_blank\" rel=\"noopener\">Die Sendung France Musique Musicopolis anh\u00f6ren, die Elsa Barraine gewidmet ist.<\/a><\/li>\n<\/ul>\n\n\n<figure class=\"wp-block-embed is-type-video is-provider-youtube wp-block-embed-youtube wp-embed-aspect-4-3 wp-has-aspect-ratio\"><div class=\"wp-block-embed__wrapper\">\n<iframe title=\"Elsa Barraine (1910-1999) : Symphonie n\u00b0 2 (1938)\" width=\"640\" height=\"480\" src=\"https:\/\/www.youtube.com\/embed\/yPnUkjjfpp0?feature=oembed\" frameborder=\"0\" allow=\"accelerometer; autoplay; clipboard-write; encrypted-media; gyroscope; picture-in-picture; web-share\" referrerpolicy=\"strict-origin-when-cross-origin\" allowfullscreen><\/iframe>\n<\/div><\/figure>\n","protected":false},"excerpt":{"rendered":"<p>Elsa Barraine ist die Tochter von Mathieu Barraine, einem Solocellisten im Orchester der Pariser Oper, der wie die anderen j\u00fcdischen Musiker des Orchesters w\u00e4hrend der Besatzung entlassen wurde. Sie studierte<\/p>\n","protected":false},"author":1050,"featured_media":86821,"comment_status":"closed","ping_status":"open","sticky":false,"template":"","format":"standard","meta":{"_acf_changed":false,"footnotes":""},"categories":[1415],"tags":[],"technique":[],"squelettes":[],"sujet":[],"formation":[],"genre":[],"fonds":[],"tradition":[],"type-de-contenu":[],"interprete-compositeur":[],"frise":[],"type-devenement":[],"tableaux-liens-externes":[],"class_list":["post-86819","post","type-post","status-publish","format-standard","has-post-thumbnail","hentry","category-biografien-de"],"acf":[],"yoast_head":"<!-- This site is optimized with the Yoast SEO plugin v27.3 - https:\/\/yoast.com\/product\/yoast-seo-wordpress\/ -->\n<title>Barraine, Elsa (1910-1999) - Institut Europ\u00e9en des Musiques Juives<\/title>\n<meta name=\"robots\" content=\"index, follow, max-snippet:-1, max-image-preview:large, max-video-preview:-1\" \/>\n<link rel=\"canonical\" href=\"https:\/\/www.iemj.org\/de\/barraine-elsa-1910-1999\/\" \/>\n<meta property=\"og:locale\" content=\"de_DE\" \/>\n<meta property=\"og:type\" content=\"article\" \/>\n<meta property=\"og:title\" content=\"Barraine, Elsa (1910-1999) - Institut Europ\u00e9en des Musiques Juives\" \/>\n<meta property=\"og:description\" content=\"Elsa Barraine ist die Tochter von Mathieu Barraine, einem Solocellisten im Orchester der Pariser Oper, der wie die anderen j\u00fcdischen Musiker des Orchesters w\u00e4hrend der Besatzung entlassen wurde. Sie studierte\" \/>\n<meta property=\"og:url\" content=\"https:\/\/www.iemj.org\/de\/barraine-elsa-1910-1999\/\" \/>\n<meta property=\"og:site_name\" content=\"Institut Europ\u00e9en des Musiques Juives\" \/>\n<meta property=\"article:publisher\" content=\"https:\/\/www.facebook.com\/MusiquesJuives\/\" \/>\n<meta property=\"article:published_time\" content=\"2013-05-23T15:04:12+00:00\" \/>\n<meta property=\"article:modified_time\" content=\"2022-08-31T13:34:01+00:00\" \/>\n<meta property=\"og:image\" content=\"https:\/\/www.iemj.org\/wp-content\/uploads\/2013\/05\/logo-bio-Elsa-Barraine-e1617030583958.jpg\" \/>\n\t<meta property=\"og:image:width\" content=\"196\" \/>\n\t<meta property=\"og:image:height\" content=\"218\" \/>\n\t<meta property=\"og:image:type\" content=\"image\/jpeg\" \/>\n<meta name=\"author\" content=\"ncochin\" \/>\n<meta name=\"twitter:card\" content=\"summary_large_image\" \/>\n<meta name=\"twitter:label1\" content=\"Verfasst von\" \/>\n\t<meta name=\"twitter:data1\" content=\"ncochin\" \/>\n\t<meta name=\"twitter:label2\" content=\"Gesch\u00e4tzte Lesezeit\" \/>\n\t<meta name=\"twitter:data2\" content=\"3\u00a0Minuten\" \/>\n<script type=\"application\/ld+json\" class=\"yoast-schema-graph\">{\"@context\":\"https:\\\/\\\/schema.org\",\"@graph\":[{\"@type\":\"Article\",\"@id\":\"https:\\\/\\\/www.iemj.org\\\/de\\\/barraine-elsa-1910-1999\\\/#article\",\"isPartOf\":{\"@id\":\"https:\\\/\\\/www.iemj.org\\\/de\\\/barraine-elsa-1910-1999\\\/\"},\"author\":{\"name\":\"ncochin\",\"@id\":\"https:\\\/\\\/www.iemj.org\\\/de\\\/#\\\/schema\\\/person\\\/f826ad11b0cd58dd99babe0a3fbcb86e\"},\"headline\":\"Barraine, Elsa (1910-1999)\",\"datePublished\":\"2013-05-23T15:04:12+00:00\",\"dateModified\":\"2022-08-31T13:34:01+00:00\",\"mainEntityOfPage\":{\"@id\":\"https:\\\/\\\/www.iemj.org\\\/de\\\/barraine-elsa-1910-1999\\\/\"},\"wordCount\":495,\"publisher\":{\"@id\":\"https:\\\/\\\/www.iemj.org\\\/de\\\/#organization\"},\"image\":{\"@id\":\"https:\\\/\\\/www.iemj.org\\\/de\\\/barraine-elsa-1910-1999\\\/#primaryimage\"},\"thumbnailUrl\":\"https:\\\/\\\/www.iemj.org\\\/wp-content\\\/uploads\\\/2013\\\/05\\\/logo-bio-Elsa-Barraine-e1617030583958.jpg\",\"articleSection\":[\"Biografien\"],\"inLanguage\":\"de\"},{\"@type\":\"WebPage\",\"@id\":\"https:\\\/\\\/www.iemj.org\\\/de\\\/barraine-elsa-1910-1999\\\/\",\"url\":\"https:\\\/\\\/www.iemj.org\\\/de\\\/barraine-elsa-1910-1999\\\/\",\"name\":\"Barraine, Elsa (1910-1999) - Institut Europ\u00e9en des Musiques Juives\",\"isPartOf\":{\"@id\":\"https:\\\/\\\/www.iemj.org\\\/de\\\/#website\"},\"primaryImageOfPage\":{\"@id\":\"https:\\\/\\\/www.iemj.org\\\/de\\\/barraine-elsa-1910-1999\\\/#primaryimage\"},\"image\":{\"@id\":\"https:\\\/\\\/www.iemj.org\\\/de\\\/barraine-elsa-1910-1999\\\/#primaryimage\"},\"thumbnailUrl\":\"https:\\\/\\\/www.iemj.org\\\/wp-content\\\/uploads\\\/2013\\\/05\\\/logo-bio-Elsa-Barraine-e1617030583958.jpg\",\"datePublished\":\"2013-05-23T15:04:12+00:00\",\"dateModified\":\"2022-08-31T13:34:01+00:00\",\"breadcrumb\":{\"@id\":\"https:\\\/\\\/www.iemj.org\\\/de\\\/barraine-elsa-1910-1999\\\/#breadcrumb\"},\"inLanguage\":\"de\",\"potentialAction\":[{\"@type\":\"ReadAction\",\"target\":[\"https:\\\/\\\/www.iemj.org\\\/de\\\/barraine-elsa-1910-1999\\\/\"]}]},{\"@type\":\"ImageObject\",\"inLanguage\":\"de\",\"@id\":\"https:\\\/\\\/www.iemj.org\\\/de\\\/barraine-elsa-1910-1999\\\/#primaryimage\",\"url\":\"https:\\\/\\\/www.iemj.org\\\/wp-content\\\/uploads\\\/2013\\\/05\\\/logo-bio-Elsa-Barraine-e1617030583958.jpg\",\"contentUrl\":\"https:\\\/\\\/www.iemj.org\\\/wp-content\\\/uploads\\\/2013\\\/05\\\/logo-bio-Elsa-Barraine-e1617030583958.jpg\",\"width\":196,\"height\":218},{\"@type\":\"BreadcrumbList\",\"@id\":\"https:\\\/\\\/www.iemj.org\\\/de\\\/barraine-elsa-1910-1999\\\/#breadcrumb\",\"itemListElement\":[{\"@type\":\"ListItem\",\"position\":1,\"name\":\"Accueil\",\"item\":\"https:\\\/\\\/www.iemj.org\\\/de\\\/\"},{\"@type\":\"ListItem\",\"position\":2,\"name\":\"Barraine, Elsa (1910-1999)\"}]},{\"@type\":\"WebSite\",\"@id\":\"https:\\\/\\\/www.iemj.org\\\/de\\\/#website\",\"url\":\"https:\\\/\\\/www.iemj.org\\\/de\\\/\",\"name\":\"Institut Europ\u00e9en des Musiques Juives\",\"description\":\"Des traditions musicales \u00e0 la port\u00e9e de tous\",\"publisher\":{\"@id\":\"https:\\\/\\\/www.iemj.org\\\/de\\\/#organization\"},\"potentialAction\":[{\"@type\":\"SearchAction\",\"target\":{\"@type\":\"EntryPoint\",\"urlTemplate\":\"https:\\\/\\\/www.iemj.org\\\/de\\\/?s={search_term_string}\"},\"query-input\":{\"@type\":\"PropertyValueSpecification\",\"valueRequired\":true,\"valueName\":\"search_term_string\"}}],\"inLanguage\":\"de\"},{\"@type\":\"Organization\",\"@id\":\"https:\\\/\\\/www.iemj.org\\\/de\\\/#organization\",\"name\":\"Institut Europ\u00e9en des Musiques Juives\",\"url\":\"https:\\\/\\\/www.iemj.org\\\/de\\\/\",\"logo\":{\"@type\":\"ImageObject\",\"inLanguage\":\"de\",\"@id\":\"https:\\\/\\\/www.iemj.org\\\/de\\\/#\\\/schema\\\/logo\\\/image\\\/\",\"url\":\"https:\\\/\\\/www.iemj.org\\\/wp-content\\\/uploads\\\/2021\\\/09\\\/Logo-IEMJ-Paypal.jpg\",\"contentUrl\":\"https:\\\/\\\/www.iemj.org\\\/wp-content\\\/uploads\\\/2021\\\/09\\\/Logo-IEMJ-Paypal.jpg\",\"width\":150,\"height\":50,\"caption\":\"Institut Europ\u00e9en des Musiques Juives\"},\"image\":{\"@id\":\"https:\\\/\\\/www.iemj.org\\\/de\\\/#\\\/schema\\\/logo\\\/image\\\/\"},\"sameAs\":[\"https:\\\/\\\/www.facebook.com\\\/MusiquesJuives\\\/\",\"https:\\\/\\\/www.instagram.com\\\/musiquesjuives\\\/\",\"https:\\\/\\\/www.youtube.com\\\/user\\\/musiquesjuives\"]},{\"@type\":\"Person\",\"@id\":\"https:\\\/\\\/www.iemj.org\\\/de\\\/#\\\/schema\\\/person\\\/f826ad11b0cd58dd99babe0a3fbcb86e\",\"name\":\"ncochin\",\"image\":{\"@type\":\"ImageObject\",\"inLanguage\":\"de\",\"@id\":\"https:\\\/\\\/secure.gravatar.com\\\/avatar\\\/4499f551e6a9b8c28bd3132f28d79657b2cb55ff363257726f67e89c95e2a33c?s=96&d=mm&r=g\",\"url\":\"https:\\\/\\\/secure.gravatar.com\\\/avatar\\\/4499f551e6a9b8c28bd3132f28d79657b2cb55ff363257726f67e89c95e2a33c?s=96&d=mm&r=g\",\"contentUrl\":\"https:\\\/\\\/secure.gravatar.com\\\/avatar\\\/4499f551e6a9b8c28bd3132f28d79657b2cb55ff363257726f67e89c95e2a33c?s=96&d=mm&r=g\",\"caption\":\"ncochin\"}}]}<\/script>\n<!-- \/ Yoast SEO plugin. -->","yoast_head_json":{"title":"Barraine, Elsa (1910-1999) - Institut Europ\u00e9en des Musiques Juives","robots":{"index":"index","follow":"follow","max-snippet":"max-snippet:-1","max-image-preview":"max-image-preview:large","max-video-preview":"max-video-preview:-1"},"canonical":"https:\/\/www.iemj.org\/de\/barraine-elsa-1910-1999\/","og_locale":"de_DE","og_type":"article","og_title":"Barraine, Elsa (1910-1999) - Institut Europ\u00e9en des Musiques Juives","og_description":"Elsa Barraine ist die Tochter von Mathieu Barraine, einem Solocellisten im Orchester der Pariser Oper, der wie die anderen j\u00fcdischen Musiker des Orchesters w\u00e4hrend der Besatzung entlassen wurde. Sie studierte","og_url":"https:\/\/www.iemj.org\/de\/barraine-elsa-1910-1999\/","og_site_name":"Institut Europ\u00e9en des Musiques Juives","article_publisher":"https:\/\/www.facebook.com\/MusiquesJuives\/","article_published_time":"2013-05-23T15:04:12+00:00","article_modified_time":"2022-08-31T13:34:01+00:00","og_image":[{"width":196,"height":218,"url":"https:\/\/www.iemj.org\/wp-content\/uploads\/2013\/05\/logo-bio-Elsa-Barraine-e1617030583958.jpg","type":"image\/jpeg"}],"author":"ncochin","twitter_card":"summary_large_image","twitter_misc":{"Verfasst von":"ncochin","Gesch\u00e4tzte Lesezeit":"3\u00a0Minuten"},"schema":{"@context":"https:\/\/schema.org","@graph":[{"@type":"Article","@id":"https:\/\/www.iemj.org\/de\/barraine-elsa-1910-1999\/#article","isPartOf":{"@id":"https:\/\/www.iemj.org\/de\/barraine-elsa-1910-1999\/"},"author":{"name":"ncochin","@id":"https:\/\/www.iemj.org\/de\/#\/schema\/person\/f826ad11b0cd58dd99babe0a3fbcb86e"},"headline":"Barraine, Elsa (1910-1999)","datePublished":"2013-05-23T15:04:12+00:00","dateModified":"2022-08-31T13:34:01+00:00","mainEntityOfPage":{"@id":"https:\/\/www.iemj.org\/de\/barraine-elsa-1910-1999\/"},"wordCount":495,"publisher":{"@id":"https:\/\/www.iemj.org\/de\/#organization"},"image":{"@id":"https:\/\/www.iemj.org\/de\/barraine-elsa-1910-1999\/#primaryimage"},"thumbnailUrl":"https:\/\/www.iemj.org\/wp-content\/uploads\/2013\/05\/logo-bio-Elsa-Barraine-e1617030583958.jpg","articleSection":["Biografien"],"inLanguage":"de"},{"@type":"WebPage","@id":"https:\/\/www.iemj.org\/de\/barraine-elsa-1910-1999\/","url":"https:\/\/www.iemj.org\/de\/barraine-elsa-1910-1999\/","name":"Barraine, Elsa (1910-1999) - Institut Europ\u00e9en des Musiques Juives","isPartOf":{"@id":"https:\/\/www.iemj.org\/de\/#website"},"primaryImageOfPage":{"@id":"https:\/\/www.iemj.org\/de\/barraine-elsa-1910-1999\/#primaryimage"},"image":{"@id":"https:\/\/www.iemj.org\/de\/barraine-elsa-1910-1999\/#primaryimage"},"thumbnailUrl":"https:\/\/www.iemj.org\/wp-content\/uploads\/2013\/05\/logo-bio-Elsa-Barraine-e1617030583958.jpg","datePublished":"2013-05-23T15:04:12+00:00","dateModified":"2022-08-31T13:34:01+00:00","breadcrumb":{"@id":"https:\/\/www.iemj.org\/de\/barraine-elsa-1910-1999\/#breadcrumb"},"inLanguage":"de","potentialAction":[{"@type":"ReadAction","target":["https:\/\/www.iemj.org\/de\/barraine-elsa-1910-1999\/"]}]},{"@type":"ImageObject","inLanguage":"de","@id":"https:\/\/www.iemj.org\/de\/barraine-elsa-1910-1999\/#primaryimage","url":"https:\/\/www.iemj.org\/wp-content\/uploads\/2013\/05\/logo-bio-Elsa-Barraine-e1617030583958.jpg","contentUrl":"https:\/\/www.iemj.org\/wp-content\/uploads\/2013\/05\/logo-bio-Elsa-Barraine-e1617030583958.jpg","width":196,"height":218},{"@type":"BreadcrumbList","@id":"https:\/\/www.iemj.org\/de\/barraine-elsa-1910-1999\/#breadcrumb","itemListElement":[{"@type":"ListItem","position":1,"name":"Accueil","item":"https:\/\/www.iemj.org\/de\/"},{"@type":"ListItem","position":2,"name":"Barraine, Elsa (1910-1999)"}]},{"@type":"WebSite","@id":"https:\/\/www.iemj.org\/de\/#website","url":"https:\/\/www.iemj.org\/de\/","name":"Institut Europ\u00e9en des Musiques Juives","description":"Des traditions musicales \u00e0 la port\u00e9e de tous","publisher":{"@id":"https:\/\/www.iemj.org\/de\/#organization"},"potentialAction":[{"@type":"SearchAction","target":{"@type":"EntryPoint","urlTemplate":"https:\/\/www.iemj.org\/de\/?s={search_term_string}"},"query-input":{"@type":"PropertyValueSpecification","valueRequired":true,"valueName":"search_term_string"}}],"inLanguage":"de"},{"@type":"Organization","@id":"https:\/\/www.iemj.org\/de\/#organization","name":"Institut Europ\u00e9en des Musiques Juives","url":"https:\/\/www.iemj.org\/de\/","logo":{"@type":"ImageObject","inLanguage":"de","@id":"https:\/\/www.iemj.org\/de\/#\/schema\/logo\/image\/","url":"https:\/\/www.iemj.org\/wp-content\/uploads\/2021\/09\/Logo-IEMJ-Paypal.jpg","contentUrl":"https:\/\/www.iemj.org\/wp-content\/uploads\/2021\/09\/Logo-IEMJ-Paypal.jpg","width":150,"height":50,"caption":"Institut Europ\u00e9en des Musiques Juives"},"image":{"@id":"https:\/\/www.iemj.org\/de\/#\/schema\/logo\/image\/"},"sameAs":["https:\/\/www.facebook.com\/MusiquesJuives\/","https:\/\/www.instagram.com\/musiquesjuives\/","https:\/\/www.youtube.com\/user\/musiquesjuives"]},{"@type":"Person","@id":"https:\/\/www.iemj.org\/de\/#\/schema\/person\/f826ad11b0cd58dd99babe0a3fbcb86e","name":"ncochin","image":{"@type":"ImageObject","inLanguage":"de","@id":"https:\/\/secure.gravatar.com\/avatar\/4499f551e6a9b8c28bd3132f28d79657b2cb55ff363257726f67e89c95e2a33c?s=96&d=mm&r=g","url":"https:\/\/secure.gravatar.com\/avatar\/4499f551e6a9b8c28bd3132f28d79657b2cb55ff363257726f67e89c95e2a33c?s=96&d=mm&r=g","contentUrl":"https:\/\/secure.gravatar.com\/avatar\/4499f551e6a9b8c28bd3132f28d79657b2cb55ff363257726f67e89c95e2a33c?s=96&d=mm&r=g","caption":"ncochin"}}]}},"_links":{"self":[{"href":"https:\/\/www.iemj.org\/de\/wp-json\/wp\/v2\/posts\/86819","targetHints":{"allow":["GET"]}}],"collection":[{"href":"https:\/\/www.iemj.org\/de\/wp-json\/wp\/v2\/posts"}],"about":[{"href":"https:\/\/www.iemj.org\/de\/wp-json\/wp\/v2\/types\/post"}],"author":[{"embeddable":true,"href":"https:\/\/www.iemj.org\/de\/wp-json\/wp\/v2\/users\/1050"}],"replies":[{"embeddable":true,"href":"https:\/\/www.iemj.org\/de\/wp-json\/wp\/v2\/comments?post=86819"}],"version-history":[{"count":0,"href":"https:\/\/www.iemj.org\/de\/wp-json\/wp\/v2\/posts\/86819\/revisions"}],"wp:featuredmedia":[{"embeddable":true,"href":"https:\/\/www.iemj.org\/de\/wp-json\/wp\/v2\/media\/86821"}],"wp:attachment":[{"href":"https:\/\/www.iemj.org\/de\/wp-json\/wp\/v2\/media?parent=86819"}],"wp:term":[{"taxonomy":"category","embeddable":true,"href":"https:\/\/www.iemj.org\/de\/wp-json\/wp\/v2\/categories?post=86819"},{"taxonomy":"post_tag","embeddable":true,"href":"https:\/\/www.iemj.org\/de\/wp-json\/wp\/v2\/tags?post=86819"},{"taxonomy":"technique","embeddable":true,"href":"https:\/\/www.iemj.org\/de\/wp-json\/wp\/v2\/technique?post=86819"},{"taxonomy":"squelettes","embeddable":true,"href":"https:\/\/www.iemj.org\/de\/wp-json\/wp\/v2\/squelettes?post=86819"},{"taxonomy":"sujet","embeddable":true,"href":"https:\/\/www.iemj.org\/de\/wp-json\/wp\/v2\/sujet?post=86819"},{"taxonomy":"formation","embeddable":true,"href":"https:\/\/www.iemj.org\/de\/wp-json\/wp\/v2\/formation?post=86819"},{"taxonomy":"genre","embeddable":true,"href":"https:\/\/www.iemj.org\/de\/wp-json\/wp\/v2\/genre?post=86819"},{"taxonomy":"fonds","embeddable":true,"href":"https:\/\/www.iemj.org\/de\/wp-json\/wp\/v2\/fonds?post=86819"},{"taxonomy":"tradition","embeddable":true,"href":"https:\/\/www.iemj.org\/de\/wp-json\/wp\/v2\/tradition?post=86819"},{"taxonomy":"type-de-contenu","embeddable":true,"href":"https:\/\/www.iemj.org\/de\/wp-json\/wp\/v2\/type-de-contenu?post=86819"},{"taxonomy":"interprete-compositeur","embeddable":true,"href":"https:\/\/www.iemj.org\/de\/wp-json\/wp\/v2\/interprete-compositeur?post=86819"},{"taxonomy":"frise","embeddable":true,"href":"https:\/\/www.iemj.org\/de\/wp-json\/wp\/v2\/frise?post=86819"},{"taxonomy":"type-devenement","embeddable":true,"href":"https:\/\/www.iemj.org\/de\/wp-json\/wp\/v2\/type-devenement?post=86819"},{"taxonomy":"tableaux-liens-externes","embeddable":true,"href":"https:\/\/www.iemj.org\/de\/wp-json\/wp\/v2\/tableaux-liens-externes?post=86819"}],"curies":[{"name":"wp","href":"https:\/\/api.w.org\/{rel}","templated":true}]}}