{"id":86834,"date":"2016-06-14T16:09:54","date_gmt":"2016-06-14T14:09:54","guid":{"rendered":"https:\/\/www.iemj.org\/binn-sylvain-1911-1999\/"},"modified":"2022-08-31T16:28:06","modified_gmt":"2022-08-31T14:28:06","slug":"binn-sylvain-1911-1999","status":"publish","type":"post","link":"https:\/\/www.iemj.org\/de\/binn-sylvain-1911-1999\/","title":{"rendered":"Binn, Sylvain (1911-1999)"},"content":{"rendered":"<p>Sylvain Binn wurde am 8 M\u00e4rz 1911 geboren. Sein Vater, Salomon Binn, stammte aus Litauen und war damals \u201eChasan\u201c (Kantor) der j\u00fcdischen Gemeinde in Luxemburg. Seine Mutter, Sidonie Guggenheim, stammte aus Deutschland.<\/p>\n<p>1920 zog die Familie Binn nach Metz (Moselle), wo Salomon Binn zum \u201eErsten Chasan\u201c ernannt wurde, ein Amt, das er bis zu seinem Tod im Jahr 1954 aus\u00fcbte.<\/p>\n<p>Sylvain Binn besuchte das Lyc\u00e9e Metz und studierte anschlie\u00dfend Zahnchirurgie an der Fakult\u00e4t in Nancy. Parallel dazu studierte er Musik am Conservatoire de Metz in den F\u00e4chern Klavier, musikalische Elementarlehre, Musikschrift und Komposition.<\/p>\n<p>Als leidenschaftlicher Anh\u00e4nger der j\u00fcdischen Musik, in die er aufgrund des Berufs seines Vaters seit seiner fr\u00fchen Kindheit eingebettet war, eignete er sich umfassende Kenntnisse der synagogalen Musik an, wie sie damals in den sogenannten Konsistorialsynagogen (und auch heute noch in den liberalen Synagogen) praktiziert wurde, wo der Gottesdienst vom Chasan, einem Chor und einer Orgelbegleitung ausgef\u00fchrt wird.<\/p>\n<figure id=\"attachment_11076\" aria-describedby=\"caption-attachment-11076\" style=\"width: 269px\" class=\"wp-caption alignright\"><img fetchpriority=\"high\" decoding=\"async\" class=\"wp-image-11076 size-full\" src=\"https:\/\/www.iemj.org\/wp-content\/uploads\/2016\/06\/i_74a.jpg\" alt=\"i_74a.jpg\" width=\"269\" height=\"189\" \/><figcaption id=\"caption-attachment-11076\" class=\"wp-caption-text\"><strong>Sylvain BINN leitet dem Chor<\/strong><\/figcaption><\/figure>\n<p>Sylvain Binn k\u00fcmmerte sich aktiv um den Chor der Synagoge in Metz, den er gelegentlich in Vertretung des ordentlichen Chorleiters (Max Rosenzweig) leitete.<\/p>\n<p>Im Jahr 1940 heiratete er Ir\u00e8ne Wolff. Die Familie Wolff war eine alte lothringisch-j\u00fcdische Familie, die seit mehreren Generationen in Waldwisse ans\u00e4ssig war. Irenes Vater, David Wolff, war Vorsitzender der j\u00fcdischen Gemeinde in Waldwisse. Das Ehepaar hat zwei S\u00f6hne gehabt: Serge (1944) und Daniel (1946-1996).<\/p>\n<p>Die Hochzeit fand am 8. Mai 1940 statt, dem Tag der deutschen Offensive gegen Belgien. Am Tag nach der Hochzeit wurde Sylvain mobilisiert und einige Wochen sp\u00e4ter gefangen genommen. Die jungen Eheleute blieben drei Jahre lang getrennt.<\/p>\n<p>Sylvain Binn, der in Deutschland in verschiedenen Offizierslagern (OFLAG) gefangen gehalten wurde, gelang 1943 nach zwei gescheiterten Versuchen die Flucht. Er schloss sich seiner Frau und seinen Eltern an, die nach Grenoble geflohen waren.<\/p>\n<p>Nach der Befreiung kehrte die Familie nach Metz zur\u00fcck, wo Sylvain seine Zahnarztpraxis wieder aufnahm, die er kurz vor dem Krieg er\u00f6ffnet hatte. Sein Vater Salomon nahm seine T\u00e4tigkeit als Chasan wieder auf. Sylvain nahm auch seine musikalische T\u00e4tigkeit zugunsten des Chors der Synagoge wieder auf.<\/p>\n<figure id=\"attachment_11081\" aria-describedby=\"caption-attachment-11081\" style=\"width: 483px\" class=\"wp-caption aligncenter\"><img decoding=\"async\" class=\"wp-image-11081\" src=\"https:\/\/www.iemj.org\/wp-content\/uploads\/2016\/06\/i_72_reduite-300x208.jpg\" alt=\"i_72_reduite.jpg\" width=\"483\" height=\"335\" srcset=\"https:\/\/www.iemj.org\/wp-content\/uploads\/2016\/06\/i_72_reduite-300x208.jpg 300w, https:\/\/www.iemj.org\/wp-content\/uploads\/2016\/06\/i_72_reduite.jpg 448w\" sizes=\"(max-width: 483px) 100vw, 483px\" \/><figcaption id=\"caption-attachment-11081\" class=\"wp-caption-text\"><strong>Gro\u00dfes Konzert synagogaler Musik in Stra\u00dfburg (wahrscheinlich vor 1953) Joseph BORIN, Salomon BINN, Emile KA\u00c7MANN, Rabbiner POLIATCHEK, Paul LAZARIUS, Sylvain BINN<\/strong><\/figcaption><\/figure>\n<p>Au\u00dferdem entwickelte er eine intensive Besch\u00e4ftigung mit weltlicher Musik, indem er an der Gr\u00fcndung der ALAM \u2013 Association Lorraine des Amis de la Musique <em>(Lothringische Vereinigung der Freunde der Musik)<\/em> \u2013 mitwirkte, die prestigetr\u00e4chtigen Konzerte organisierte. Im Rahmen der ALAM gr\u00fcndeten Sylvain Binn und Pastor Griesbeck einen interreligi\u00f6sen Chor, der Konzerte mit geistlicher Musik in verschiedenen Gottesh\u00e4usern gab, insbesondere in der Synagoge von Metz, wo der \u201eService Sacr\u00e9\u201c <em>(Heiliger Dienst)<\/em> von Darius Milhaud und der \u201eService Sacr\u00e9\u201c <em>(Heiliger Dienst)<\/em> von Ernest Bloch mit dem Stadtorchester von Metz aufgef\u00fchrt wurden.<\/p>\n<p>En 1984, Sylvain Binn et son \u00e9pouse s\u2019installent \u00e0 Paris pour leur retraite.<\/p>\n<p>1984 zogen Sylvain Binn und seine Frau nach Paris, um dort ihren Ruhestand zu verbringen. Bis zu seinem Tod im Jahr 1999 nahm Sylvain aktiv am j\u00fcdischen Musikleben in Paris teil. Insbesondere in der Synagoge der Victoire, wo er regelm\u00e4\u00dfig anstelle von Maurice Benhamou den Chor leitete oder bei Hochzeiten und Gedenkfeiern die Orgel spielte.<\/p>\n<figure id=\"attachment_11079\" aria-describedby=\"caption-attachment-11079\" style=\"width: 430px\" class=\"wp-caption aligncenter\"><img decoding=\"async\" class=\"wp-image-11079\" src=\"https:\/\/www.iemj.org\/wp-content\/uploads\/2016\/06\/i_69-300x194.jpg\" alt=\"i_69.jpg\" width=\"430\" height=\"278\" srcset=\"https:\/\/www.iemj.org\/wp-content\/uploads\/2016\/06\/i_69-300x194.jpg 300w, https:\/\/www.iemj.org\/wp-content\/uploads\/2016\/06\/i_69.jpg 448w\" sizes=\"(max-width: 430px) 100vw, 430px\" \/><figcaption id=\"caption-attachment-11079\" class=\"wp-caption-text\"><strong>Konzert des Heiligen Dienstes von Ernest BLOCH vom 3. M\u00e4rz 1967 an der Gro\u00dfen Synagoge von Metz Sylvain BINN, Emile KA\u00c7MANN, Albert KIRCH<\/strong><\/figcaption><\/figure>\n<p>Er komponierte Arrangements f\u00fcr Chor und Orgel von traditionellen religi\u00f6sen Liedern, schrieb Artikel \u00fcber synagogale Musik und trat in der Sendung \u201e\u00c9coute Isra\u00ebl\u201c <em>(\u201eH\u00f6r Israel an\u201c)<\/em> auf.<\/p>\n<p>Er hinterlie\u00df zahlreiche Notizen und Artikel, Kompositionen, Arrangements und Harmonisierungen sowie eine Bibliothek mit handgeschriebenen und gedruckten Partituren, B\u00fcchern und Artikeln \u00fcber j\u00fcdische Musik.<\/p>\n<p>Diese Dokumente wurden beim Institut Europ\u00e9en des Musiques Juives hinterlegt, wo sie nun eingesehen werden k\u00f6nnen.<\/p>\n<p><a href=\"http:\/\/www.rachelnet.net\/F\/?func=find-c&amp;ccl_term=WRD%3DBinn%2C+Sylvain&amp;local_base=reb01&amp;x=12&amp;y=4\" target=\"_blank\" rel=\"noopener\">In unseren Archiven \u00fcber Sylvain Binn nachsehen<\/a><\/p>\n","protected":false},"excerpt":{"rendered":"<p>Sylvain Binn wurde am 8 M\u00e4rz 1911 geboren. Sein Vater, Salomon Binn, stammte aus Litauen und war damals \u201eChasan\u201c (Kantor) der j\u00fcdischen Gemeinde in Luxemburg. Seine Mutter, Sidonie Guggenheim, stammte<\/p>\n","protected":false},"author":5,"featured_media":86835,"comment_status":"closed","ping_status":"open","sticky":false,"template":"","format":"standard","meta":{"_acf_changed":false,"footnotes":""},"categories":[1415],"tags":[],"technique":[],"squelettes":[],"sujet":[2099],"formation":[],"genre":[],"fonds":[],"tradition":[],"type-de-contenu":[],"interprete-compositeur":[],"frise":[],"type-devenement":[],"tableaux-liens-externes":[],"class_list":["post-86834","post","type-post","status-publish","format-standard","has-post-thumbnail","hentry","category-biografien-de","sujet-elsass-lothringen-de"],"acf":[],"yoast_head":"<!-- This site is optimized with the Yoast SEO plugin v27.3 - https:\/\/yoast.com\/product\/yoast-seo-wordpress\/ -->\n<title>Binn, Sylvain (1911-1999) - Institut Europ\u00e9en des Musiques Juives<\/title>\n<meta name=\"robots\" content=\"index, follow, max-snippet:-1, max-image-preview:large, max-video-preview:-1\" \/>\n<link rel=\"canonical\" href=\"https:\/\/www.iemj.org\/de\/binn-sylvain-1911-1999\/\" \/>\n<meta property=\"og:locale\" content=\"de_DE\" \/>\n<meta property=\"og:type\" content=\"article\" \/>\n<meta property=\"og:title\" content=\"Binn, Sylvain (1911-1999) - Institut Europ\u00e9en des Musiques Juives\" \/>\n<meta property=\"og:description\" content=\"Sylvain Binn wurde am 8 M\u00e4rz 1911 geboren. Sein Vater, Salomon Binn, stammte aus Litauen und war damals \u201eChasan\u201c (Kantor) der j\u00fcdischen Gemeinde in Luxemburg. Seine Mutter, Sidonie Guggenheim, stammte\" \/>\n<meta property=\"og:url\" content=\"https:\/\/www.iemj.org\/de\/binn-sylvain-1911-1999\/\" \/>\n<meta property=\"og:site_name\" content=\"Institut Europ\u00e9en des Musiques Juives\" \/>\n<meta property=\"article:publisher\" content=\"https:\/\/www.facebook.com\/MusiquesJuives\/\" \/>\n<meta property=\"article:published_time\" content=\"2016-06-14T14:09:54+00:00\" \/>\n<meta property=\"article:modified_time\" content=\"2022-08-31T14:28:06+00:00\" \/>\n<meta property=\"og:image\" content=\"https:\/\/www.iemj.org\/wp-content\/uploads\/2016\/06\/photo-logo-bio-Sylvain-Binn-nv-site-e1618230527590.jpg\" \/>\n\t<meta property=\"og:image:width\" content=\"161\" \/>\n\t<meta property=\"og:image:height\" content=\"218\" \/>\n\t<meta property=\"og:image:type\" content=\"image\/jpeg\" \/>\n<meta name=\"author\" content=\"Jacqueline ROTEN\" \/>\n<meta name=\"twitter:card\" content=\"summary_large_image\" \/>\n<meta name=\"twitter:label1\" content=\"Verfasst von\" \/>\n\t<meta name=\"twitter:data1\" content=\"Jacqueline ROTEN\" \/>\n\t<meta name=\"twitter:label2\" content=\"Gesch\u00e4tzte Lesezeit\" \/>\n\t<meta name=\"twitter:data2\" content=\"5\u00a0Minuten\" \/>\n<script type=\"application\/ld+json\" class=\"yoast-schema-graph\">{\"@context\":\"https:\\\/\\\/schema.org\",\"@graph\":[{\"@type\":\"Article\",\"@id\":\"https:\\\/\\\/www.iemj.org\\\/de\\\/binn-sylvain-1911-1999\\\/#article\",\"isPartOf\":{\"@id\":\"https:\\\/\\\/www.iemj.org\\\/de\\\/binn-sylvain-1911-1999\\\/\"},\"author\":{\"name\":\"Jacqueline ROTEN\",\"@id\":\"https:\\\/\\\/www.iemj.org\\\/de\\\/#\\\/schema\\\/person\\\/358e26c18aca017fcc4cc15437f7279c\"},\"headline\":\"Binn, Sylvain (1911-1999)\",\"datePublished\":\"2016-06-14T14:09:54+00:00\",\"dateModified\":\"2022-08-31T14:28:06+00:00\",\"mainEntityOfPage\":{\"@id\":\"https:\\\/\\\/www.iemj.org\\\/de\\\/binn-sylvain-1911-1999\\\/\"},\"wordCount\":669,\"publisher\":{\"@id\":\"https:\\\/\\\/www.iemj.org\\\/de\\\/#organization\"},\"image\":{\"@id\":\"https:\\\/\\\/www.iemj.org\\\/de\\\/binn-sylvain-1911-1999\\\/#primaryimage\"},\"thumbnailUrl\":\"https:\\\/\\\/www.iemj.org\\\/wp-content\\\/uploads\\\/2016\\\/06\\\/photo-logo-bio-Sylvain-Binn-nv-site-e1618230527590.jpg\",\"articleSection\":[\"Biografien\"],\"inLanguage\":\"de\"},{\"@type\":\"WebPage\",\"@id\":\"https:\\\/\\\/www.iemj.org\\\/de\\\/binn-sylvain-1911-1999\\\/\",\"url\":\"https:\\\/\\\/www.iemj.org\\\/de\\\/binn-sylvain-1911-1999\\\/\",\"name\":\"Binn, Sylvain (1911-1999) - Institut Europ\u00e9en des Musiques Juives\",\"isPartOf\":{\"@id\":\"https:\\\/\\\/www.iemj.org\\\/de\\\/#website\"},\"primaryImageOfPage\":{\"@id\":\"https:\\\/\\\/www.iemj.org\\\/de\\\/binn-sylvain-1911-1999\\\/#primaryimage\"},\"image\":{\"@id\":\"https:\\\/\\\/www.iemj.org\\\/de\\\/binn-sylvain-1911-1999\\\/#primaryimage\"},\"thumbnailUrl\":\"https:\\\/\\\/www.iemj.org\\\/wp-content\\\/uploads\\\/2016\\\/06\\\/photo-logo-bio-Sylvain-Binn-nv-site-e1618230527590.jpg\",\"datePublished\":\"2016-06-14T14:09:54+00:00\",\"dateModified\":\"2022-08-31T14:28:06+00:00\",\"breadcrumb\":{\"@id\":\"https:\\\/\\\/www.iemj.org\\\/de\\\/binn-sylvain-1911-1999\\\/#breadcrumb\"},\"inLanguage\":\"de\",\"potentialAction\":[{\"@type\":\"ReadAction\",\"target\":[\"https:\\\/\\\/www.iemj.org\\\/de\\\/binn-sylvain-1911-1999\\\/\"]}]},{\"@type\":\"ImageObject\",\"inLanguage\":\"de\",\"@id\":\"https:\\\/\\\/www.iemj.org\\\/de\\\/binn-sylvain-1911-1999\\\/#primaryimage\",\"url\":\"https:\\\/\\\/www.iemj.org\\\/wp-content\\\/uploads\\\/2016\\\/06\\\/photo-logo-bio-Sylvain-Binn-nv-site-e1618230527590.jpg\",\"contentUrl\":\"https:\\\/\\\/www.iemj.org\\\/wp-content\\\/uploads\\\/2016\\\/06\\\/photo-logo-bio-Sylvain-Binn-nv-site-e1618230527590.jpg\",\"width\":161,\"height\":218},{\"@type\":\"BreadcrumbList\",\"@id\":\"https:\\\/\\\/www.iemj.org\\\/de\\\/binn-sylvain-1911-1999\\\/#breadcrumb\",\"itemListElement\":[{\"@type\":\"ListItem\",\"position\":1,\"name\":\"Accueil\",\"item\":\"https:\\\/\\\/www.iemj.org\\\/de\\\/\"},{\"@type\":\"ListItem\",\"position\":2,\"name\":\"Binn, Sylvain (1911-1999)\"}]},{\"@type\":\"WebSite\",\"@id\":\"https:\\\/\\\/www.iemj.org\\\/de\\\/#website\",\"url\":\"https:\\\/\\\/www.iemj.org\\\/de\\\/\",\"name\":\"Institut Europ\u00e9en des Musiques Juives\",\"description\":\"Des traditions musicales \u00e0 la port\u00e9e de tous\",\"publisher\":{\"@id\":\"https:\\\/\\\/www.iemj.org\\\/de\\\/#organization\"},\"potentialAction\":[{\"@type\":\"SearchAction\",\"target\":{\"@type\":\"EntryPoint\",\"urlTemplate\":\"https:\\\/\\\/www.iemj.org\\\/de\\\/?s={search_term_string}\"},\"query-input\":{\"@type\":\"PropertyValueSpecification\",\"valueRequired\":true,\"valueName\":\"search_term_string\"}}],\"inLanguage\":\"de\"},{\"@type\":\"Organization\",\"@id\":\"https:\\\/\\\/www.iemj.org\\\/de\\\/#organization\",\"name\":\"Institut Europ\u00e9en des Musiques Juives\",\"url\":\"https:\\\/\\\/www.iemj.org\\\/de\\\/\",\"logo\":{\"@type\":\"ImageObject\",\"inLanguage\":\"de\",\"@id\":\"https:\\\/\\\/www.iemj.org\\\/de\\\/#\\\/schema\\\/logo\\\/image\\\/\",\"url\":\"https:\\\/\\\/www.iemj.org\\\/wp-content\\\/uploads\\\/2021\\\/09\\\/Logo-IEMJ-Paypal.jpg\",\"contentUrl\":\"https:\\\/\\\/www.iemj.org\\\/wp-content\\\/uploads\\\/2021\\\/09\\\/Logo-IEMJ-Paypal.jpg\",\"width\":150,\"height\":50,\"caption\":\"Institut Europ\u00e9en des Musiques Juives\"},\"image\":{\"@id\":\"https:\\\/\\\/www.iemj.org\\\/de\\\/#\\\/schema\\\/logo\\\/image\\\/\"},\"sameAs\":[\"https:\\\/\\\/www.facebook.com\\\/MusiquesJuives\\\/\",\"https:\\\/\\\/www.instagram.com\\\/musiquesjuives\\\/\",\"https:\\\/\\\/www.youtube.com\\\/user\\\/musiquesjuives\"]},{\"@type\":\"Person\",\"@id\":\"https:\\\/\\\/www.iemj.org\\\/de\\\/#\\\/schema\\\/person\\\/358e26c18aca017fcc4cc15437f7279c\",\"name\":\"Jacqueline ROTEN\",\"image\":{\"@type\":\"ImageObject\",\"inLanguage\":\"de\",\"@id\":\"https:\\\/\\\/secure.gravatar.com\\\/avatar\\\/5964256d6c6957de3a3505278957e0fb2a35119ac47ea41827a65301213c810b?s=96&d=mm&r=g\",\"url\":\"https:\\\/\\\/secure.gravatar.com\\\/avatar\\\/5964256d6c6957de3a3505278957e0fb2a35119ac47ea41827a65301213c810b?s=96&d=mm&r=g\",\"contentUrl\":\"https:\\\/\\\/secure.gravatar.com\\\/avatar\\\/5964256d6c6957de3a3505278957e0fb2a35119ac47ea41827a65301213c810b?s=96&d=mm&r=g\",\"caption\":\"Jacqueline ROTEN\"}}]}<\/script>\n<!-- \/ Yoast SEO plugin. -->","yoast_head_json":{"title":"Binn, Sylvain (1911-1999) - Institut Europ\u00e9en des Musiques Juives","robots":{"index":"index","follow":"follow","max-snippet":"max-snippet:-1","max-image-preview":"max-image-preview:large","max-video-preview":"max-video-preview:-1"},"canonical":"https:\/\/www.iemj.org\/de\/binn-sylvain-1911-1999\/","og_locale":"de_DE","og_type":"article","og_title":"Binn, Sylvain (1911-1999) - Institut Europ\u00e9en des Musiques Juives","og_description":"Sylvain Binn wurde am 8 M\u00e4rz 1911 geboren. Sein Vater, Salomon Binn, stammte aus Litauen und war damals \u201eChasan\u201c (Kantor) der j\u00fcdischen Gemeinde in Luxemburg. Seine Mutter, Sidonie Guggenheim, stammte","og_url":"https:\/\/www.iemj.org\/de\/binn-sylvain-1911-1999\/","og_site_name":"Institut Europ\u00e9en des Musiques Juives","article_publisher":"https:\/\/www.facebook.com\/MusiquesJuives\/","article_published_time":"2016-06-14T14:09:54+00:00","article_modified_time":"2022-08-31T14:28:06+00:00","og_image":[{"width":161,"height":218,"url":"https:\/\/www.iemj.org\/wp-content\/uploads\/2016\/06\/photo-logo-bio-Sylvain-Binn-nv-site-e1618230527590.jpg","type":"image\/jpeg"}],"author":"Jacqueline ROTEN","twitter_card":"summary_large_image","twitter_misc":{"Verfasst von":"Jacqueline ROTEN","Gesch\u00e4tzte Lesezeit":"5\u00a0Minuten"},"schema":{"@context":"https:\/\/schema.org","@graph":[{"@type":"Article","@id":"https:\/\/www.iemj.org\/de\/binn-sylvain-1911-1999\/#article","isPartOf":{"@id":"https:\/\/www.iemj.org\/de\/binn-sylvain-1911-1999\/"},"author":{"name":"Jacqueline ROTEN","@id":"https:\/\/www.iemj.org\/de\/#\/schema\/person\/358e26c18aca017fcc4cc15437f7279c"},"headline":"Binn, Sylvain (1911-1999)","datePublished":"2016-06-14T14:09:54+00:00","dateModified":"2022-08-31T14:28:06+00:00","mainEntityOfPage":{"@id":"https:\/\/www.iemj.org\/de\/binn-sylvain-1911-1999\/"},"wordCount":669,"publisher":{"@id":"https:\/\/www.iemj.org\/de\/#organization"},"image":{"@id":"https:\/\/www.iemj.org\/de\/binn-sylvain-1911-1999\/#primaryimage"},"thumbnailUrl":"https:\/\/www.iemj.org\/wp-content\/uploads\/2016\/06\/photo-logo-bio-Sylvain-Binn-nv-site-e1618230527590.jpg","articleSection":["Biografien"],"inLanguage":"de"},{"@type":"WebPage","@id":"https:\/\/www.iemj.org\/de\/binn-sylvain-1911-1999\/","url":"https:\/\/www.iemj.org\/de\/binn-sylvain-1911-1999\/","name":"Binn, Sylvain (1911-1999) - Institut Europ\u00e9en des Musiques Juives","isPartOf":{"@id":"https:\/\/www.iemj.org\/de\/#website"},"primaryImageOfPage":{"@id":"https:\/\/www.iemj.org\/de\/binn-sylvain-1911-1999\/#primaryimage"},"image":{"@id":"https:\/\/www.iemj.org\/de\/binn-sylvain-1911-1999\/#primaryimage"},"thumbnailUrl":"https:\/\/www.iemj.org\/wp-content\/uploads\/2016\/06\/photo-logo-bio-Sylvain-Binn-nv-site-e1618230527590.jpg","datePublished":"2016-06-14T14:09:54+00:00","dateModified":"2022-08-31T14:28:06+00:00","breadcrumb":{"@id":"https:\/\/www.iemj.org\/de\/binn-sylvain-1911-1999\/#breadcrumb"},"inLanguage":"de","potentialAction":[{"@type":"ReadAction","target":["https:\/\/www.iemj.org\/de\/binn-sylvain-1911-1999\/"]}]},{"@type":"ImageObject","inLanguage":"de","@id":"https:\/\/www.iemj.org\/de\/binn-sylvain-1911-1999\/#primaryimage","url":"https:\/\/www.iemj.org\/wp-content\/uploads\/2016\/06\/photo-logo-bio-Sylvain-Binn-nv-site-e1618230527590.jpg","contentUrl":"https:\/\/www.iemj.org\/wp-content\/uploads\/2016\/06\/photo-logo-bio-Sylvain-Binn-nv-site-e1618230527590.jpg","width":161,"height":218},{"@type":"BreadcrumbList","@id":"https:\/\/www.iemj.org\/de\/binn-sylvain-1911-1999\/#breadcrumb","itemListElement":[{"@type":"ListItem","position":1,"name":"Accueil","item":"https:\/\/www.iemj.org\/de\/"},{"@type":"ListItem","position":2,"name":"Binn, Sylvain (1911-1999)"}]},{"@type":"WebSite","@id":"https:\/\/www.iemj.org\/de\/#website","url":"https:\/\/www.iemj.org\/de\/","name":"Institut Europ\u00e9en des Musiques Juives","description":"Des traditions musicales \u00e0 la port\u00e9e de tous","publisher":{"@id":"https:\/\/www.iemj.org\/de\/#organization"},"potentialAction":[{"@type":"SearchAction","target":{"@type":"EntryPoint","urlTemplate":"https:\/\/www.iemj.org\/de\/?s={search_term_string}"},"query-input":{"@type":"PropertyValueSpecification","valueRequired":true,"valueName":"search_term_string"}}],"inLanguage":"de"},{"@type":"Organization","@id":"https:\/\/www.iemj.org\/de\/#organization","name":"Institut Europ\u00e9en des Musiques Juives","url":"https:\/\/www.iemj.org\/de\/","logo":{"@type":"ImageObject","inLanguage":"de","@id":"https:\/\/www.iemj.org\/de\/#\/schema\/logo\/image\/","url":"https:\/\/www.iemj.org\/wp-content\/uploads\/2021\/09\/Logo-IEMJ-Paypal.jpg","contentUrl":"https:\/\/www.iemj.org\/wp-content\/uploads\/2021\/09\/Logo-IEMJ-Paypal.jpg","width":150,"height":50,"caption":"Institut Europ\u00e9en des Musiques Juives"},"image":{"@id":"https:\/\/www.iemj.org\/de\/#\/schema\/logo\/image\/"},"sameAs":["https:\/\/www.facebook.com\/MusiquesJuives\/","https:\/\/www.instagram.com\/musiquesjuives\/","https:\/\/www.youtube.com\/user\/musiquesjuives"]},{"@type":"Person","@id":"https:\/\/www.iemj.org\/de\/#\/schema\/person\/358e26c18aca017fcc4cc15437f7279c","name":"Jacqueline ROTEN","image":{"@type":"ImageObject","inLanguage":"de","@id":"https:\/\/secure.gravatar.com\/avatar\/5964256d6c6957de3a3505278957e0fb2a35119ac47ea41827a65301213c810b?s=96&d=mm&r=g","url":"https:\/\/secure.gravatar.com\/avatar\/5964256d6c6957de3a3505278957e0fb2a35119ac47ea41827a65301213c810b?s=96&d=mm&r=g","contentUrl":"https:\/\/secure.gravatar.com\/avatar\/5964256d6c6957de3a3505278957e0fb2a35119ac47ea41827a65301213c810b?s=96&d=mm&r=g","caption":"Jacqueline ROTEN"}}]}},"_links":{"self":[{"href":"https:\/\/www.iemj.org\/de\/wp-json\/wp\/v2\/posts\/86834","targetHints":{"allow":["GET"]}}],"collection":[{"href":"https:\/\/www.iemj.org\/de\/wp-json\/wp\/v2\/posts"}],"about":[{"href":"https:\/\/www.iemj.org\/de\/wp-json\/wp\/v2\/types\/post"}],"author":[{"embeddable":true,"href":"https:\/\/www.iemj.org\/de\/wp-json\/wp\/v2\/users\/5"}],"replies":[{"embeddable":true,"href":"https:\/\/www.iemj.org\/de\/wp-json\/wp\/v2\/comments?post=86834"}],"version-history":[{"count":0,"href":"https:\/\/www.iemj.org\/de\/wp-json\/wp\/v2\/posts\/86834\/revisions"}],"wp:featuredmedia":[{"embeddable":true,"href":"https:\/\/www.iemj.org\/de\/wp-json\/wp\/v2\/media\/86835"}],"wp:attachment":[{"href":"https:\/\/www.iemj.org\/de\/wp-json\/wp\/v2\/media?parent=86834"}],"wp:term":[{"taxonomy":"category","embeddable":true,"href":"https:\/\/www.iemj.org\/de\/wp-json\/wp\/v2\/categories?post=86834"},{"taxonomy":"post_tag","embeddable":true,"href":"https:\/\/www.iemj.org\/de\/wp-json\/wp\/v2\/tags?post=86834"},{"taxonomy":"technique","embeddable":true,"href":"https:\/\/www.iemj.org\/de\/wp-json\/wp\/v2\/technique?post=86834"},{"taxonomy":"squelettes","embeddable":true,"href":"https:\/\/www.iemj.org\/de\/wp-json\/wp\/v2\/squelettes?post=86834"},{"taxonomy":"sujet","embeddable":true,"href":"https:\/\/www.iemj.org\/de\/wp-json\/wp\/v2\/sujet?post=86834"},{"taxonomy":"formation","embeddable":true,"href":"https:\/\/www.iemj.org\/de\/wp-json\/wp\/v2\/formation?post=86834"},{"taxonomy":"genre","embeddable":true,"href":"https:\/\/www.iemj.org\/de\/wp-json\/wp\/v2\/genre?post=86834"},{"taxonomy":"fonds","embeddable":true,"href":"https:\/\/www.iemj.org\/de\/wp-json\/wp\/v2\/fonds?post=86834"},{"taxonomy":"tradition","embeddable":true,"href":"https:\/\/www.iemj.org\/de\/wp-json\/wp\/v2\/tradition?post=86834"},{"taxonomy":"type-de-contenu","embeddable":true,"href":"https:\/\/www.iemj.org\/de\/wp-json\/wp\/v2\/type-de-contenu?post=86834"},{"taxonomy":"interprete-compositeur","embeddable":true,"href":"https:\/\/www.iemj.org\/de\/wp-json\/wp\/v2\/interprete-compositeur?post=86834"},{"taxonomy":"frise","embeddable":true,"href":"https:\/\/www.iemj.org\/de\/wp-json\/wp\/v2\/frise?post=86834"},{"taxonomy":"type-devenement","embeddable":true,"href":"https:\/\/www.iemj.org\/de\/wp-json\/wp\/v2\/type-devenement?post=86834"},{"taxonomy":"tableaux-liens-externes","embeddable":true,"href":"https:\/\/www.iemj.org\/de\/wp-json\/wp\/v2\/tableaux-liens-externes?post=86834"}],"curies":[{"name":"wp","href":"https:\/\/api.w.org\/{rel}","templated":true}]}}