{"id":86846,"date":"2016-09-05T15:25:40","date_gmt":"2016-09-05T13:25:40","guid":{"rendered":"https:\/\/www.iemj.org\/cahen-danvers-albert-1846-1903\/"},"modified":"2025-06-18T11:39:44","modified_gmt":"2025-06-18T09:39:44","slug":"cahen-danvers-albert-1846-1903","status":"publish","type":"post","link":"https:\/\/www.iemj.org\/de\/cahen-danvers-albert-1846-1903\/","title":{"rendered":"Cahen d&#8217;Anvers, Albert (1846-1903)"},"content":{"rendered":"<p class=\"post_excerpt\">Nach dem Booklet aus der <a href=\"https:\/\/www.iemj.org\/de\/albert-cahen-danvers\/\">CD Albert Cahen d&#8217;Anvers &#8211; int\u00e9grale des m\u00e9lodies<\/a><\/p>\n<p><!--more--><\/p>\n<p>Albert Cahen war ein franz\u00f6sischer Komponist, er wurde in Anvers am 8. Januar 1846 geboren und starb in La Turbie am 27. Februar 1903. Er stammte aus einer Antwerpener Bankiersfamilie, den Cahen d&#8217;Anvers, und war Sch\u00fcler des Komponisten C\u00e9sar Franck. Er ist insbesondere f\u00fcr seine Operetten bekannt, und es sind seine \u201eMelodien\u201c, mit denen der Komponist in die Geschichte einging.<br \/>\nAls er 1903 starb, kam sein Gro\u00dfes Konzertklavier, Erard, das er auf Anraten seines Lehrers C\u00e9sar Franck erworben hatte, in den Musiksalon des Familienwohnsitzes im Schloss Champs-sur-Marne.<\/p>\n<p>Albert Cahen d\u2019Anvers kam aus einer Bankiersdynastie. Seine Br\u00fcder, \u00c9douard, Rapha\u00ebl und Louis, waren alle im Gesch\u00e4ft t\u00e4tig. Nur Albert, der von seinen Verwandten als Original oder sogar als Au\u00dfenseiter betrachtet wurde, wollte eine musikalische Karriere einschlagen.<\/p>\n<p>Albert Cahen war ein eifriger Sch\u00fcler von C\u00e9sar Franck, einem der V\u00e4ter der modernen franz\u00f6sischen Musik, und behauptete sich gegen seine Familie als Komponist.<\/p>\n<p>Die Urauff\u00fchrung seiner Franck gewidmeten Oper \u201eLe V\u00e9nitien\u201c veranlasste seinen Meister zu folgender Bemerkung: \u201eDie Soiree am Montag war eine der besten meines musikalischen Lebens [&#8230;] Ich hatte gehofft, dass sie gut sein w\u00fcrde, aber alle meine Erwartungen wurden \u00fcbertroffen.\u201c<\/p>\n<p><strong>Lucien Pat\u00e9,<\/strong> der Dichter- und Juristenfreund von C\u00e9sar Franck und Albert Cahen, inspirierte beide zu Melodien, insbesondere das Gedicht <em>Lied<\/em>, das C\u00e9sar Franck vertonte und \u201emeinem Freund Albert Cahen\u201c widmete, oder Cahens Melodie <em>Son \u00e2me<\/em>, die ebenfalls auf ein Gedicht von Lucien Pat\u00e9 vertont wurde<strong>. <\/strong><\/p>\n<p>Die musikalische Produktion von Albert Cahen ist bedeutend. Man findet dort ein mythologisches Gedicht (<em>Endymion<\/em>), Opern (<em>Dianora<\/em>, <em>Le V\u00e9nitien<\/em>), komische Opern (<em>Louisette\u2026<\/em>), ein lyrisches Drama (<em>La femme de Claude<\/em>), Ballettmusiken (<em>Fleurs des neiges, La belle au bois dormant<\/em>), die B\u00fchnenmusik zu den \u201eBurgraves\u201c von Hugo, einen Triumphmarsch, der anl\u00e4sslich der Weltausstellung von 1900 geschrieben wurde, Kammermusikst\u00fccke\u2026<\/p>\n<p>Der Einfluss von C\u00e9sar Franck lie\u00df sich an der gro\u00dfen harmonischen Sorgfalt und dem offensichtlichen Willen zur Struktur in Cahens Melodien beobachten. Sein Korpus an Melodien enth\u00e4lt sowohl Zyklen als auch einzelne Melodien, und man kann eine gro\u00dfe Vielfalt an Stimmungen und deren musikalischer Verarbeitung beobachten.<\/p>\n<p><img decoding=\"async\" class=\" wp-image-121748 alignright\" src=\"https:\/\/www.iemj.org\/wp-content\/uploads\/2025\/06\/Portrait-Cahen-dAnvers-par-Renoir-248x300.jpg\" alt=\"\" width=\"175\" height=\"212\" srcset=\"https:\/\/www.iemj.org\/wp-content\/uploads\/2025\/06\/Portrait-Cahen-dAnvers-par-Renoir-248x300.jpg 248w, https:\/\/www.iemj.org\/wp-content\/uploads\/2025\/06\/Portrait-Cahen-dAnvers-par-Renoir.jpg 413w\" sizes=\"(max-width: 175px) 100vw, 175px\" \/>Seine musikalischen Referenzen und seine tiefe Verbundenheit mit der ihn umgebenden Musikwelt sind in seinem gesamten Werk pr\u00e4gnant, insbesondere durch die zahlreichen Widmungen, die man auf seinen Melodien findet.<\/p>\n<p>Au\u00dferdem veranstaltete Albert Cahen in seinem Privathaus, das kleine Hotel de Villars in der Rue de Grenelle, Konzertabende, an denen die gesamte Pariser Prominenz der damaligen Zeit teilnahm, was den Musikern gute finanzielle Einnahmen bescherte und f\u00fcr alle anderen eine willkommene Gelegenheit zu Begegnungen darstellte. Der Maler Pierre Auguste Renoir schuf hier 1881 sein ber\u00fchmtes Portr\u00e4t <em>(siehe nebenstehend)<\/em>.<\/p>\n<p><a href=\"https:\/\/www.iemj.org\/de\/albert-cahen-danvers\/\">In der CD Albert Cahen d\u2019Anvers \u2013 int\u00e9grale des m\u00e9lodies nachsehen<\/a><\/p>\n","protected":false},"excerpt":{"rendered":"<p>Nach dem Booklet aus der CD Albert Cahen d&#8217;Anvers &#8211; int\u00e9grale des m\u00e9lodies<\/p>\n","protected":false},"author":5,"featured_media":51516,"comment_status":"closed","ping_status":"open","sticky":false,"template":"","format":"standard","meta":{"_acf_changed":false,"footnotes":""},"categories":[1415],"tags":[],"technique":[],"squelettes":[],"sujet":[],"formation":[],"genre":[],"fonds":[],"tradition":[],"type-de-contenu":[],"interprete-compositeur":[],"frise":[],"type-devenement":[],"tableaux-liens-externes":[],"class_list":["post-86846","post","type-post","status-publish","format-standard","has-post-thumbnail","hentry","category-biografien-de"],"acf":[],"yoast_head":"<!-- This site is optimized with the Yoast SEO plugin v27.3 - https:\/\/yoast.com\/product\/yoast-seo-wordpress\/ -->\n<title>Cahen d&#039;Anvers, Albert (1846-1903) - Institut Europ\u00e9en des Musiques Juives<\/title>\n<meta name=\"robots\" content=\"index, follow, max-snippet:-1, max-image-preview:large, max-video-preview:-1\" \/>\n<link rel=\"canonical\" href=\"https:\/\/www.iemj.org\/de\/cahen-danvers-albert-1846-1903\/\" \/>\n<meta property=\"og:locale\" content=\"de_DE\" \/>\n<meta property=\"og:type\" content=\"article\" \/>\n<meta property=\"og:title\" content=\"Cahen d&#039;Anvers, Albert (1846-1903) - Institut Europ\u00e9en des Musiques Juives\" \/>\n<meta property=\"og:description\" content=\"Nach dem Booklet aus der CD Albert Cahen d&#8217;Anvers &#8211; int\u00e9grale des m\u00e9lodies\" \/>\n<meta property=\"og:url\" content=\"https:\/\/www.iemj.org\/de\/cahen-danvers-albert-1846-1903\/\" \/>\n<meta property=\"og:site_name\" content=\"Institut Europ\u00e9en des Musiques Juives\" \/>\n<meta property=\"article:publisher\" content=\"https:\/\/www.facebook.com\/MusiquesJuives\/\" \/>\n<meta property=\"article:published_time\" content=\"2016-09-05T13:25:40+00:00\" \/>\n<meta property=\"article:modified_time\" content=\"2025-06-18T09:39:44+00:00\" \/>\n<meta property=\"og:image\" content=\"https:\/\/www.iemj.org\/wp-content\/uploads\/2025\/04\/Cahen-dAnvers_Logo-Bio-3.jpg\" \/>\n\t<meta property=\"og:image:width\" content=\"168\" \/>\n\t<meta property=\"og:image:height\" content=\"218\" \/>\n\t<meta property=\"og:image:type\" content=\"image\/jpeg\" \/>\n<meta name=\"author\" content=\"Jacqueline ROTEN\" \/>\n<meta name=\"twitter:card\" content=\"summary_large_image\" \/>\n<meta name=\"twitter:label1\" content=\"Verfasst von\" \/>\n\t<meta name=\"twitter:data1\" content=\"Jacqueline ROTEN\" \/>\n\t<meta name=\"twitter:label2\" content=\"Gesch\u00e4tzte Lesezeit\" \/>\n\t<meta name=\"twitter:data2\" content=\"3\u00a0Minuten\" \/>\n<script type=\"application\/ld+json\" class=\"yoast-schema-graph\">{\"@context\":\"https:\\\/\\\/schema.org\",\"@graph\":[{\"@type\":\"Article\",\"@id\":\"https:\\\/\\\/www.iemj.org\\\/de\\\/cahen-danvers-albert-1846-1903\\\/#article\",\"isPartOf\":{\"@id\":\"https:\\\/\\\/www.iemj.org\\\/de\\\/cahen-danvers-albert-1846-1903\\\/\"},\"author\":{\"name\":\"Jacqueline ROTEN\",\"@id\":\"https:\\\/\\\/www.iemj.org\\\/de\\\/#\\\/schema\\\/person\\\/358e26c18aca017fcc4cc15437f7279c\"},\"headline\":\"Cahen d&#8217;Anvers, Albert (1846-1903)\",\"datePublished\":\"2016-09-05T13:25:40+00:00\",\"dateModified\":\"2025-06-18T09:39:44+00:00\",\"mainEntityOfPage\":{\"@id\":\"https:\\\/\\\/www.iemj.org\\\/de\\\/cahen-danvers-albert-1846-1903\\\/\"},\"wordCount\":483,\"publisher\":{\"@id\":\"https:\\\/\\\/www.iemj.org\\\/de\\\/#organization\"},\"image\":{\"@id\":\"https:\\\/\\\/www.iemj.org\\\/de\\\/cahen-danvers-albert-1846-1903\\\/#primaryimage\"},\"thumbnailUrl\":\"https:\\\/\\\/www.iemj.org\\\/wp-content\\\/uploads\\\/2025\\\/04\\\/Cahen-dAnvers_Logo-Bio-3.jpg\",\"articleSection\":[\"Biografien\"],\"inLanguage\":\"de\"},{\"@type\":\"WebPage\",\"@id\":\"https:\\\/\\\/www.iemj.org\\\/de\\\/cahen-danvers-albert-1846-1903\\\/\",\"url\":\"https:\\\/\\\/www.iemj.org\\\/de\\\/cahen-danvers-albert-1846-1903\\\/\",\"name\":\"Cahen d'Anvers, Albert (1846-1903) - Institut Europ\u00e9en des Musiques Juives\",\"isPartOf\":{\"@id\":\"https:\\\/\\\/www.iemj.org\\\/de\\\/#website\"},\"primaryImageOfPage\":{\"@id\":\"https:\\\/\\\/www.iemj.org\\\/de\\\/cahen-danvers-albert-1846-1903\\\/#primaryimage\"},\"image\":{\"@id\":\"https:\\\/\\\/www.iemj.org\\\/de\\\/cahen-danvers-albert-1846-1903\\\/#primaryimage\"},\"thumbnailUrl\":\"https:\\\/\\\/www.iemj.org\\\/wp-content\\\/uploads\\\/2025\\\/04\\\/Cahen-dAnvers_Logo-Bio-3.jpg\",\"datePublished\":\"2016-09-05T13:25:40+00:00\",\"dateModified\":\"2025-06-18T09:39:44+00:00\",\"breadcrumb\":{\"@id\":\"https:\\\/\\\/www.iemj.org\\\/de\\\/cahen-danvers-albert-1846-1903\\\/#breadcrumb\"},\"inLanguage\":\"de\",\"potentialAction\":[{\"@type\":\"ReadAction\",\"target\":[\"https:\\\/\\\/www.iemj.org\\\/de\\\/cahen-danvers-albert-1846-1903\\\/\"]}]},{\"@type\":\"ImageObject\",\"inLanguage\":\"de\",\"@id\":\"https:\\\/\\\/www.iemj.org\\\/de\\\/cahen-danvers-albert-1846-1903\\\/#primaryimage\",\"url\":\"https:\\\/\\\/www.iemj.org\\\/wp-content\\\/uploads\\\/2025\\\/04\\\/Cahen-dAnvers_Logo-Bio-3.jpg\",\"contentUrl\":\"https:\\\/\\\/www.iemj.org\\\/wp-content\\\/uploads\\\/2025\\\/04\\\/Cahen-dAnvers_Logo-Bio-3.jpg\",\"width\":168,\"height\":218},{\"@type\":\"BreadcrumbList\",\"@id\":\"https:\\\/\\\/www.iemj.org\\\/de\\\/cahen-danvers-albert-1846-1903\\\/#breadcrumb\",\"itemListElement\":[{\"@type\":\"ListItem\",\"position\":1,\"name\":\"Accueil\",\"item\":\"https:\\\/\\\/www.iemj.org\\\/de\\\/\"},{\"@type\":\"ListItem\",\"position\":2,\"name\":\"Cahen d&#8217;Anvers, Albert (1846-1903)\"}]},{\"@type\":\"WebSite\",\"@id\":\"https:\\\/\\\/www.iemj.org\\\/de\\\/#website\",\"url\":\"https:\\\/\\\/www.iemj.org\\\/de\\\/\",\"name\":\"Institut Europ\u00e9en des Musiques Juives\",\"description\":\"Des traditions musicales \u00e0 la port\u00e9e de tous\",\"publisher\":{\"@id\":\"https:\\\/\\\/www.iemj.org\\\/de\\\/#organization\"},\"potentialAction\":[{\"@type\":\"SearchAction\",\"target\":{\"@type\":\"EntryPoint\",\"urlTemplate\":\"https:\\\/\\\/www.iemj.org\\\/de\\\/?s={search_term_string}\"},\"query-input\":{\"@type\":\"PropertyValueSpecification\",\"valueRequired\":true,\"valueName\":\"search_term_string\"}}],\"inLanguage\":\"de\"},{\"@type\":\"Organization\",\"@id\":\"https:\\\/\\\/www.iemj.org\\\/de\\\/#organization\",\"name\":\"Institut Europ\u00e9en des Musiques Juives\",\"url\":\"https:\\\/\\\/www.iemj.org\\\/de\\\/\",\"logo\":{\"@type\":\"ImageObject\",\"inLanguage\":\"de\",\"@id\":\"https:\\\/\\\/www.iemj.org\\\/de\\\/#\\\/schema\\\/logo\\\/image\\\/\",\"url\":\"https:\\\/\\\/www.iemj.org\\\/wp-content\\\/uploads\\\/2021\\\/09\\\/Logo-IEMJ-Paypal.jpg\",\"contentUrl\":\"https:\\\/\\\/www.iemj.org\\\/wp-content\\\/uploads\\\/2021\\\/09\\\/Logo-IEMJ-Paypal.jpg\",\"width\":150,\"height\":50,\"caption\":\"Institut Europ\u00e9en des Musiques Juives\"},\"image\":{\"@id\":\"https:\\\/\\\/www.iemj.org\\\/de\\\/#\\\/schema\\\/logo\\\/image\\\/\"},\"sameAs\":[\"https:\\\/\\\/www.facebook.com\\\/MusiquesJuives\\\/\",\"https:\\\/\\\/www.instagram.com\\\/musiquesjuives\\\/\",\"https:\\\/\\\/www.youtube.com\\\/user\\\/musiquesjuives\"]},{\"@type\":\"Person\",\"@id\":\"https:\\\/\\\/www.iemj.org\\\/de\\\/#\\\/schema\\\/person\\\/358e26c18aca017fcc4cc15437f7279c\",\"name\":\"Jacqueline ROTEN\",\"image\":{\"@type\":\"ImageObject\",\"inLanguage\":\"de\",\"@id\":\"https:\\\/\\\/secure.gravatar.com\\\/avatar\\\/5964256d6c6957de3a3505278957e0fb2a35119ac47ea41827a65301213c810b?s=96&d=mm&r=g\",\"url\":\"https:\\\/\\\/secure.gravatar.com\\\/avatar\\\/5964256d6c6957de3a3505278957e0fb2a35119ac47ea41827a65301213c810b?s=96&d=mm&r=g\",\"contentUrl\":\"https:\\\/\\\/secure.gravatar.com\\\/avatar\\\/5964256d6c6957de3a3505278957e0fb2a35119ac47ea41827a65301213c810b?s=96&d=mm&r=g\",\"caption\":\"Jacqueline ROTEN\"}}]}<\/script>\n<!-- \/ Yoast SEO plugin. -->","yoast_head_json":{"title":"Cahen d'Anvers, Albert (1846-1903) - Institut Europ\u00e9en des Musiques Juives","robots":{"index":"index","follow":"follow","max-snippet":"max-snippet:-1","max-image-preview":"max-image-preview:large","max-video-preview":"max-video-preview:-1"},"canonical":"https:\/\/www.iemj.org\/de\/cahen-danvers-albert-1846-1903\/","og_locale":"de_DE","og_type":"article","og_title":"Cahen d'Anvers, Albert (1846-1903) - Institut Europ\u00e9en des Musiques Juives","og_description":"Nach dem Booklet aus der CD Albert Cahen d&#8217;Anvers &#8211; int\u00e9grale des m\u00e9lodies","og_url":"https:\/\/www.iemj.org\/de\/cahen-danvers-albert-1846-1903\/","og_site_name":"Institut Europ\u00e9en des Musiques Juives","article_publisher":"https:\/\/www.facebook.com\/MusiquesJuives\/","article_published_time":"2016-09-05T13:25:40+00:00","article_modified_time":"2025-06-18T09:39:44+00:00","og_image":[{"width":168,"height":218,"url":"https:\/\/www.iemj.org\/wp-content\/uploads\/2025\/04\/Cahen-dAnvers_Logo-Bio-3.jpg","type":"image\/jpeg"}],"author":"Jacqueline ROTEN","twitter_card":"summary_large_image","twitter_misc":{"Verfasst von":"Jacqueline ROTEN","Gesch\u00e4tzte Lesezeit":"3\u00a0Minuten"},"schema":{"@context":"https:\/\/schema.org","@graph":[{"@type":"Article","@id":"https:\/\/www.iemj.org\/de\/cahen-danvers-albert-1846-1903\/#article","isPartOf":{"@id":"https:\/\/www.iemj.org\/de\/cahen-danvers-albert-1846-1903\/"},"author":{"name":"Jacqueline ROTEN","@id":"https:\/\/www.iemj.org\/de\/#\/schema\/person\/358e26c18aca017fcc4cc15437f7279c"},"headline":"Cahen d&#8217;Anvers, Albert (1846-1903)","datePublished":"2016-09-05T13:25:40+00:00","dateModified":"2025-06-18T09:39:44+00:00","mainEntityOfPage":{"@id":"https:\/\/www.iemj.org\/de\/cahen-danvers-albert-1846-1903\/"},"wordCount":483,"publisher":{"@id":"https:\/\/www.iemj.org\/de\/#organization"},"image":{"@id":"https:\/\/www.iemj.org\/de\/cahen-danvers-albert-1846-1903\/#primaryimage"},"thumbnailUrl":"https:\/\/www.iemj.org\/wp-content\/uploads\/2025\/04\/Cahen-dAnvers_Logo-Bio-3.jpg","articleSection":["Biografien"],"inLanguage":"de"},{"@type":"WebPage","@id":"https:\/\/www.iemj.org\/de\/cahen-danvers-albert-1846-1903\/","url":"https:\/\/www.iemj.org\/de\/cahen-danvers-albert-1846-1903\/","name":"Cahen d'Anvers, Albert (1846-1903) - Institut Europ\u00e9en des Musiques Juives","isPartOf":{"@id":"https:\/\/www.iemj.org\/de\/#website"},"primaryImageOfPage":{"@id":"https:\/\/www.iemj.org\/de\/cahen-danvers-albert-1846-1903\/#primaryimage"},"image":{"@id":"https:\/\/www.iemj.org\/de\/cahen-danvers-albert-1846-1903\/#primaryimage"},"thumbnailUrl":"https:\/\/www.iemj.org\/wp-content\/uploads\/2025\/04\/Cahen-dAnvers_Logo-Bio-3.jpg","datePublished":"2016-09-05T13:25:40+00:00","dateModified":"2025-06-18T09:39:44+00:00","breadcrumb":{"@id":"https:\/\/www.iemj.org\/de\/cahen-danvers-albert-1846-1903\/#breadcrumb"},"inLanguage":"de","potentialAction":[{"@type":"ReadAction","target":["https:\/\/www.iemj.org\/de\/cahen-danvers-albert-1846-1903\/"]}]},{"@type":"ImageObject","inLanguage":"de","@id":"https:\/\/www.iemj.org\/de\/cahen-danvers-albert-1846-1903\/#primaryimage","url":"https:\/\/www.iemj.org\/wp-content\/uploads\/2025\/04\/Cahen-dAnvers_Logo-Bio-3.jpg","contentUrl":"https:\/\/www.iemj.org\/wp-content\/uploads\/2025\/04\/Cahen-dAnvers_Logo-Bio-3.jpg","width":168,"height":218},{"@type":"BreadcrumbList","@id":"https:\/\/www.iemj.org\/de\/cahen-danvers-albert-1846-1903\/#breadcrumb","itemListElement":[{"@type":"ListItem","position":1,"name":"Accueil","item":"https:\/\/www.iemj.org\/de\/"},{"@type":"ListItem","position":2,"name":"Cahen d&#8217;Anvers, Albert (1846-1903)"}]},{"@type":"WebSite","@id":"https:\/\/www.iemj.org\/de\/#website","url":"https:\/\/www.iemj.org\/de\/","name":"Institut Europ\u00e9en des Musiques Juives","description":"Des traditions musicales \u00e0 la port\u00e9e de tous","publisher":{"@id":"https:\/\/www.iemj.org\/de\/#organization"},"potentialAction":[{"@type":"SearchAction","target":{"@type":"EntryPoint","urlTemplate":"https:\/\/www.iemj.org\/de\/?s={search_term_string}"},"query-input":{"@type":"PropertyValueSpecification","valueRequired":true,"valueName":"search_term_string"}}],"inLanguage":"de"},{"@type":"Organization","@id":"https:\/\/www.iemj.org\/de\/#organization","name":"Institut Europ\u00e9en des Musiques Juives","url":"https:\/\/www.iemj.org\/de\/","logo":{"@type":"ImageObject","inLanguage":"de","@id":"https:\/\/www.iemj.org\/de\/#\/schema\/logo\/image\/","url":"https:\/\/www.iemj.org\/wp-content\/uploads\/2021\/09\/Logo-IEMJ-Paypal.jpg","contentUrl":"https:\/\/www.iemj.org\/wp-content\/uploads\/2021\/09\/Logo-IEMJ-Paypal.jpg","width":150,"height":50,"caption":"Institut Europ\u00e9en des Musiques Juives"},"image":{"@id":"https:\/\/www.iemj.org\/de\/#\/schema\/logo\/image\/"},"sameAs":["https:\/\/www.facebook.com\/MusiquesJuives\/","https:\/\/www.instagram.com\/musiquesjuives\/","https:\/\/www.youtube.com\/user\/musiquesjuives"]},{"@type":"Person","@id":"https:\/\/www.iemj.org\/de\/#\/schema\/person\/358e26c18aca017fcc4cc15437f7279c","name":"Jacqueline ROTEN","image":{"@type":"ImageObject","inLanguage":"de","@id":"https:\/\/secure.gravatar.com\/avatar\/5964256d6c6957de3a3505278957e0fb2a35119ac47ea41827a65301213c810b?s=96&d=mm&r=g","url":"https:\/\/secure.gravatar.com\/avatar\/5964256d6c6957de3a3505278957e0fb2a35119ac47ea41827a65301213c810b?s=96&d=mm&r=g","contentUrl":"https:\/\/secure.gravatar.com\/avatar\/5964256d6c6957de3a3505278957e0fb2a35119ac47ea41827a65301213c810b?s=96&d=mm&r=g","caption":"Jacqueline ROTEN"}}]}},"_links":{"self":[{"href":"https:\/\/www.iemj.org\/de\/wp-json\/wp\/v2\/posts\/86846","targetHints":{"allow":["GET"]}}],"collection":[{"href":"https:\/\/www.iemj.org\/de\/wp-json\/wp\/v2\/posts"}],"about":[{"href":"https:\/\/www.iemj.org\/de\/wp-json\/wp\/v2\/types\/post"}],"author":[{"embeddable":true,"href":"https:\/\/www.iemj.org\/de\/wp-json\/wp\/v2\/users\/5"}],"replies":[{"embeddable":true,"href":"https:\/\/www.iemj.org\/de\/wp-json\/wp\/v2\/comments?post=86846"}],"version-history":[{"count":0,"href":"https:\/\/www.iemj.org\/de\/wp-json\/wp\/v2\/posts\/86846\/revisions"}],"wp:featuredmedia":[{"embeddable":true,"href":"https:\/\/www.iemj.org\/de\/wp-json\/wp\/v2\/media\/51516"}],"wp:attachment":[{"href":"https:\/\/www.iemj.org\/de\/wp-json\/wp\/v2\/media?parent=86846"}],"wp:term":[{"taxonomy":"category","embeddable":true,"href":"https:\/\/www.iemj.org\/de\/wp-json\/wp\/v2\/categories?post=86846"},{"taxonomy":"post_tag","embeddable":true,"href":"https:\/\/www.iemj.org\/de\/wp-json\/wp\/v2\/tags?post=86846"},{"taxonomy":"technique","embeddable":true,"href":"https:\/\/www.iemj.org\/de\/wp-json\/wp\/v2\/technique?post=86846"},{"taxonomy":"squelettes","embeddable":true,"href":"https:\/\/www.iemj.org\/de\/wp-json\/wp\/v2\/squelettes?post=86846"},{"taxonomy":"sujet","embeddable":true,"href":"https:\/\/www.iemj.org\/de\/wp-json\/wp\/v2\/sujet?post=86846"},{"taxonomy":"formation","embeddable":true,"href":"https:\/\/www.iemj.org\/de\/wp-json\/wp\/v2\/formation?post=86846"},{"taxonomy":"genre","embeddable":true,"href":"https:\/\/www.iemj.org\/de\/wp-json\/wp\/v2\/genre?post=86846"},{"taxonomy":"fonds","embeddable":true,"href":"https:\/\/www.iemj.org\/de\/wp-json\/wp\/v2\/fonds?post=86846"},{"taxonomy":"tradition","embeddable":true,"href":"https:\/\/www.iemj.org\/de\/wp-json\/wp\/v2\/tradition?post=86846"},{"taxonomy":"type-de-contenu","embeddable":true,"href":"https:\/\/www.iemj.org\/de\/wp-json\/wp\/v2\/type-de-contenu?post=86846"},{"taxonomy":"interprete-compositeur","embeddable":true,"href":"https:\/\/www.iemj.org\/de\/wp-json\/wp\/v2\/interprete-compositeur?post=86846"},{"taxonomy":"frise","embeddable":true,"href":"https:\/\/www.iemj.org\/de\/wp-json\/wp\/v2\/frise?post=86846"},{"taxonomy":"type-devenement","embeddable":true,"href":"https:\/\/www.iemj.org\/de\/wp-json\/wp\/v2\/type-devenement?post=86846"},{"taxonomy":"tableaux-liens-externes","embeddable":true,"href":"https:\/\/www.iemj.org\/de\/wp-json\/wp\/v2\/tableaux-liens-externes?post=86846"}],"curies":[{"name":"wp","href":"https:\/\/api.w.org\/{rel}","templated":true}]}}