{"id":86968,"date":"2020-10-13T11:15:23","date_gmt":"2020-10-13T09:15:23","guid":{"rendered":"https:\/\/www.iemj.org\/loeb-robert-1903-1965\/"},"modified":"2022-09-13T09:47:49","modified_gmt":"2022-09-13T07:47:49","slug":"loeb-robert-1903-1965","status":"publish","type":"post","link":"https:\/\/www.iemj.org\/de\/loeb-robert-1903-1965\/","title":{"rendered":"Loeb, Robert (1903-1965)"},"content":{"rendered":"<p>Robert LOEB (dessen hebr\u00e4ischer Name Eliezer Ben Hachover Mosch\u00e9 ist) wurde am 7. April 1903 in Basel in der Schweiz geboren. Seine Eltern, Moise Loeb, in Duppigheim geboren, und Mathilde Lang, in Giromagny geboren und urspr\u00fcnglich aus Stotzheim, waren Els\u00e4sser.<br \/>\nEr wuchs in einer Familie mit f\u00fcnf Kindern auf \u2013 zwei \u00e4lteren Schwestern und einem j\u00fcngeren Bruder und einer j\u00fcngeren Schwester \u2013 und besuchte die Schule in Basel, wo er am Konservatorium ein Gesangsstudium begann. Da er \u00fcber eine sch\u00f6ne Tenorstimme verf\u00fcgte, trat er 1919 im Alter von 16 Jahren in das von Dr. Carlebach geleitete Israelitische Seminar in K\u00f6ln ein.<\/p>\n<p>Am ersten Oktober 1925 trat er sein Amt als Kantor (<em>Chasan<\/em>) in der j\u00fcdischen Gemeinde von Lausanne in der Schweiz an.<\/p>\n<p><img decoding=\"async\" class=\"\" src=\"https:\/\/www.iemj.org\/wp-content\/uploads\/2020\/10\/robert_loeb-1936_redim_415px_vertic.jpg\" alt=\"robert_loeb-1936_redim_415px_vertic.jpg\" width=\"152\" height=\"297\" align=\"right\" data-description=\"&lt;strong&gt;Robert Loeb, 1936&lt;\/strong&gt;\" \/><\/p>\n<p>Im Laufe des Jahres 1927 wurde er zum Ersten Kantor der j\u00fcdischen Gemeinde in Colmar, Frankreich, gew\u00e4hlt.<\/p>\n<p>Bis Mitte der Jahre 1938 behielt er seine Stelle als Kantor in den j\u00fcdischen Gemeinden von Altkirch, Saint-Di\u00e9-des-Vosges und Erstein in Ostfrankreich bei.<\/p>\n<p>Am 17. Oktober 1927 heiratete er in Colmar Madeleine Marie Bigard, von der er sich 1933 scheiden lie\u00df, ohne Nachkommenschaft zu haben.<\/p>\n<p>Am 20. M\u00e4rz 1936 heiratete er in zweiter Ehe Franja, genannt Friedel Warszawski, die 1903 in Zgierz bei \u0141\u00f3d\u017a, Polen, geboren wurde und seit 1906 in Basel lebte. Im selben Jahr, am 25. Dezember 1936, wurde seine Tochter Myriam geboren, am 22. Juni 1939 sein Sohn Ren\u00e9.<\/p>\n<p><img fetchpriority=\"high\" decoding=\"async\" class=\" alignleft size-full wp-image-29260\" src=\"https:\/\/www.iemj.org\/wp-content\/uploads\/2020\/10\/robert_2-1.jpg\" alt=\"robert_2-1.jpg\" width=\"230\" height=\"296\" align=\"left\" \/><\/p>\n<p>Da Robert Loeb, der eine ausl\u00e4ndische Staatsangeh\u00f6rigkeit besa\u00df, ab 1938 das Amt als Kantor in Elsass nicht mehr aus\u00fcben durfte, sollte er zur\u00fcck nach der Schweiz kehren. In den 30er Jahren gab es in der Schweiz mehr als 20 j\u00fcdische Gemeinde. Da das Amt als Kantor in jeder dieser Gemeinde schon bekleidet war, konnte er keine Stelle finden. Aus diesem Grund trat er im Grenzwachtkorps der Schweizer Armee.<\/p>\n<p>September 1939 erfolgte die Generalmobilmachung der Schweizer Armee. Das Grenzwachtkorps wurde automatisch aufgel\u00f6st, und die Soldaten dieser Einheit wurden wieder in ihre eigentlichen Armeeeinheiten eingegliedert. Von der Generalmobilmachung bis zum Ende des Zweiten Weltkrieges hat Robert Loeb ungef\u00e4hr 1200 Tage Milit\u00e4rdienst abgeleistet.<\/p>\n<p>Nach dem Waffenstillstand wurde er zum Kantor in St. Louis, einer Stadt an der Grenze zu Basel im D\u00e9partement Haut-Rhin, ernannt.<\/p>\n<p>Ab den 1930er Jahren, auch w\u00e4hrend der Kriegsjahre, trat Robert Loeb bei liturgischen Konzerten auf Radio Basel als Gesangssolist auf, wobei er von seiner \u00e4lteren Schwester Sylvie Loeb, einer Klavierlehrerin, am Klavier begleitet wurde.<\/p>\n<p>1946 wurde er endg\u00fcltig als Erster Kantor in Luxemburg, der Hauptstadt des Gro\u00dfherzogtums, eingestellt. Im August 1946 zog er von Basel nach Luxemburg, wo er bis Anfang 1959 blieb und aus gesundheitlichen Gr\u00fcnden auf dieses Amt verzichten musste. Er blieb in Luxemburg und starb dort am 18. Juli 1965 im Alter von 62 Jahren. Er wurde auf dem israelitischen Friedhof in Luxemburg-Limpertsberg beigesetzt.<\/p>\n<p><a href=\"http:\/\/www.rachelnet.net\/F\/?func=find-c&amp;ccl_term=WHOL+%3D+loeb&amp;local_base=iemcg\" target=\"_blank\" rel=\"noopener\">Sehen Sie sich den Fonds Robert Loeb an <\/a><\/p>\n","protected":false},"excerpt":{"rendered":"<p>Robert LOEB (dessen hebr\u00e4ischer Name Eliezer Ben Hachover Mosch\u00e9 ist) wurde am 7. April 1903 in Basel in der Schweiz geboren. Seine Eltern, Moise Loeb, in Duppigheim geboren, und Mathilde<\/p>\n","protected":false},"author":5,"featured_media":52128,"comment_status":"closed","ping_status":"closed","sticky":false,"template":"","format":"standard","meta":{"_acf_changed":false,"footnotes":""},"categories":[1415],"tags":[],"technique":[],"squelettes":[],"sujet":[2099],"formation":[],"genre":[1891],"fonds":[],"tradition":[],"type-de-contenu":[],"interprete-compositeur":[],"frise":[],"type-devenement":[],"tableaux-liens-externes":[],"class_list":["post-86968","post","type-post","status-publish","format-standard","has-post-thumbnail","hentry","category-biografien-de","sujet-elsass-lothringen-de","genre-liturgie-de"],"acf":[],"yoast_head":"<!-- This site is optimized with the Yoast SEO plugin v27.3 - https:\/\/yoast.com\/product\/yoast-seo-wordpress\/ -->\n<title>Loeb, Robert (1903-1965) - Institut Europ\u00e9en des Musiques Juives<\/title>\n<meta name=\"robots\" content=\"index, follow, max-snippet:-1, max-image-preview:large, max-video-preview:-1\" \/>\n<link rel=\"canonical\" href=\"https:\/\/www.iemj.org\/de\/loeb-robert-1903-1965\/\" \/>\n<meta property=\"og:locale\" content=\"de_DE\" \/>\n<meta property=\"og:type\" content=\"article\" \/>\n<meta property=\"og:title\" content=\"Loeb, Robert (1903-1965) - Institut Europ\u00e9en des Musiques Juives\" \/>\n<meta property=\"og:description\" content=\"Robert LOEB (dessen hebr\u00e4ischer Name Eliezer Ben Hachover Mosch\u00e9 ist) wurde am 7. April 1903 in Basel in der Schweiz geboren. Seine Eltern, Moise Loeb, in Duppigheim geboren, und Mathilde\" \/>\n<meta property=\"og:url\" content=\"https:\/\/www.iemj.org\/de\/loeb-robert-1903-1965\/\" \/>\n<meta property=\"og:site_name\" content=\"Institut Europ\u00e9en des Musiques Juives\" \/>\n<meta property=\"article:publisher\" content=\"https:\/\/www.facebook.com\/MusiquesJuives\/\" \/>\n<meta property=\"article:published_time\" content=\"2020-10-13T09:15:23+00:00\" \/>\n<meta property=\"article:modified_time\" content=\"2022-09-13T07:47:49+00:00\" \/>\n<meta property=\"og:image\" content=\"https:\/\/www.iemj.org\/wp-content\/uploads\/2020\/10\/arton4803-e1625057730638.jpg\" \/>\n\t<meta property=\"og:image:width\" content=\"169\" \/>\n\t<meta property=\"og:image:height\" content=\"218\" \/>\n\t<meta property=\"og:image:type\" content=\"image\/jpeg\" \/>\n<meta name=\"author\" content=\"Jacqueline ROTEN\" \/>\n<meta name=\"twitter:card\" content=\"summary_large_image\" \/>\n<meta name=\"twitter:label1\" content=\"Verfasst von\" \/>\n\t<meta name=\"twitter:data1\" content=\"Jacqueline ROTEN\" \/>\n\t<meta name=\"twitter:label2\" content=\"Gesch\u00e4tzte Lesezeit\" \/>\n\t<meta name=\"twitter:data2\" content=\"3\u00a0Minuten\" \/>\n<script type=\"application\/ld+json\" class=\"yoast-schema-graph\">{\"@context\":\"https:\\\/\\\/schema.org\",\"@graph\":[{\"@type\":\"Article\",\"@id\":\"https:\\\/\\\/www.iemj.org\\\/de\\\/loeb-robert-1903-1965\\\/#article\",\"isPartOf\":{\"@id\":\"https:\\\/\\\/www.iemj.org\\\/de\\\/loeb-robert-1903-1965\\\/\"},\"author\":{\"name\":\"Jacqueline ROTEN\",\"@id\":\"https:\\\/\\\/www.iemj.org\\\/de\\\/#\\\/schema\\\/person\\\/358e26c18aca017fcc4cc15437f7279c\"},\"headline\":\"Loeb, Robert (1903-1965)\",\"datePublished\":\"2020-10-13T09:15:23+00:00\",\"dateModified\":\"2022-09-13T07:47:49+00:00\",\"mainEntityOfPage\":{\"@id\":\"https:\\\/\\\/www.iemj.org\\\/de\\\/loeb-robert-1903-1965\\\/\"},\"wordCount\":468,\"publisher\":{\"@id\":\"https:\\\/\\\/www.iemj.org\\\/de\\\/#organization\"},\"image\":{\"@id\":\"https:\\\/\\\/www.iemj.org\\\/de\\\/loeb-robert-1903-1965\\\/#primaryimage\"},\"thumbnailUrl\":\"https:\\\/\\\/www.iemj.org\\\/wp-content\\\/uploads\\\/2020\\\/10\\\/arton4803-e1625057730638.jpg\",\"articleSection\":[\"Biografien\"],\"inLanguage\":\"de\"},{\"@type\":\"WebPage\",\"@id\":\"https:\\\/\\\/www.iemj.org\\\/de\\\/loeb-robert-1903-1965\\\/\",\"url\":\"https:\\\/\\\/www.iemj.org\\\/de\\\/loeb-robert-1903-1965\\\/\",\"name\":\"Loeb, Robert (1903-1965) - Institut Europ\u00e9en des Musiques Juives\",\"isPartOf\":{\"@id\":\"https:\\\/\\\/www.iemj.org\\\/de\\\/#website\"},\"primaryImageOfPage\":{\"@id\":\"https:\\\/\\\/www.iemj.org\\\/de\\\/loeb-robert-1903-1965\\\/#primaryimage\"},\"image\":{\"@id\":\"https:\\\/\\\/www.iemj.org\\\/de\\\/loeb-robert-1903-1965\\\/#primaryimage\"},\"thumbnailUrl\":\"https:\\\/\\\/www.iemj.org\\\/wp-content\\\/uploads\\\/2020\\\/10\\\/arton4803-e1625057730638.jpg\",\"datePublished\":\"2020-10-13T09:15:23+00:00\",\"dateModified\":\"2022-09-13T07:47:49+00:00\",\"breadcrumb\":{\"@id\":\"https:\\\/\\\/www.iemj.org\\\/de\\\/loeb-robert-1903-1965\\\/#breadcrumb\"},\"inLanguage\":\"de\",\"potentialAction\":[{\"@type\":\"ReadAction\",\"target\":[\"https:\\\/\\\/www.iemj.org\\\/de\\\/loeb-robert-1903-1965\\\/\"]}]},{\"@type\":\"ImageObject\",\"inLanguage\":\"de\",\"@id\":\"https:\\\/\\\/www.iemj.org\\\/de\\\/loeb-robert-1903-1965\\\/#primaryimage\",\"url\":\"https:\\\/\\\/www.iemj.org\\\/wp-content\\\/uploads\\\/2020\\\/10\\\/arton4803-e1625057730638.jpg\",\"contentUrl\":\"https:\\\/\\\/www.iemj.org\\\/wp-content\\\/uploads\\\/2020\\\/10\\\/arton4803-e1625057730638.jpg\",\"width\":169,\"height\":218},{\"@type\":\"BreadcrumbList\",\"@id\":\"https:\\\/\\\/www.iemj.org\\\/de\\\/loeb-robert-1903-1965\\\/#breadcrumb\",\"itemListElement\":[{\"@type\":\"ListItem\",\"position\":1,\"name\":\"Accueil\",\"item\":\"https:\\\/\\\/www.iemj.org\\\/de\\\/\"},{\"@type\":\"ListItem\",\"position\":2,\"name\":\"Loeb, Robert (1903-1965)\"}]},{\"@type\":\"WebSite\",\"@id\":\"https:\\\/\\\/www.iemj.org\\\/de\\\/#website\",\"url\":\"https:\\\/\\\/www.iemj.org\\\/de\\\/\",\"name\":\"Institut Europ\u00e9en des Musiques Juives\",\"description\":\"Des traditions musicales \u00e0 la port\u00e9e de tous\",\"publisher\":{\"@id\":\"https:\\\/\\\/www.iemj.org\\\/de\\\/#organization\"},\"potentialAction\":[{\"@type\":\"SearchAction\",\"target\":{\"@type\":\"EntryPoint\",\"urlTemplate\":\"https:\\\/\\\/www.iemj.org\\\/de\\\/?s={search_term_string}\"},\"query-input\":{\"@type\":\"PropertyValueSpecification\",\"valueRequired\":true,\"valueName\":\"search_term_string\"}}],\"inLanguage\":\"de\"},{\"@type\":\"Organization\",\"@id\":\"https:\\\/\\\/www.iemj.org\\\/de\\\/#organization\",\"name\":\"Institut Europ\u00e9en des Musiques Juives\",\"url\":\"https:\\\/\\\/www.iemj.org\\\/de\\\/\",\"logo\":{\"@type\":\"ImageObject\",\"inLanguage\":\"de\",\"@id\":\"https:\\\/\\\/www.iemj.org\\\/de\\\/#\\\/schema\\\/logo\\\/image\\\/\",\"url\":\"https:\\\/\\\/www.iemj.org\\\/wp-content\\\/uploads\\\/2021\\\/09\\\/Logo-IEMJ-Paypal.jpg\",\"contentUrl\":\"https:\\\/\\\/www.iemj.org\\\/wp-content\\\/uploads\\\/2021\\\/09\\\/Logo-IEMJ-Paypal.jpg\",\"width\":150,\"height\":50,\"caption\":\"Institut Europ\u00e9en des Musiques Juives\"},\"image\":{\"@id\":\"https:\\\/\\\/www.iemj.org\\\/de\\\/#\\\/schema\\\/logo\\\/image\\\/\"},\"sameAs\":[\"https:\\\/\\\/www.facebook.com\\\/MusiquesJuives\\\/\",\"https:\\\/\\\/www.instagram.com\\\/musiquesjuives\\\/\",\"https:\\\/\\\/www.youtube.com\\\/user\\\/musiquesjuives\"]},{\"@type\":\"Person\",\"@id\":\"https:\\\/\\\/www.iemj.org\\\/de\\\/#\\\/schema\\\/person\\\/358e26c18aca017fcc4cc15437f7279c\",\"name\":\"Jacqueline ROTEN\",\"image\":{\"@type\":\"ImageObject\",\"inLanguage\":\"de\",\"@id\":\"https:\\\/\\\/secure.gravatar.com\\\/avatar\\\/5964256d6c6957de3a3505278957e0fb2a35119ac47ea41827a65301213c810b?s=96&d=mm&r=g\",\"url\":\"https:\\\/\\\/secure.gravatar.com\\\/avatar\\\/5964256d6c6957de3a3505278957e0fb2a35119ac47ea41827a65301213c810b?s=96&d=mm&r=g\",\"contentUrl\":\"https:\\\/\\\/secure.gravatar.com\\\/avatar\\\/5964256d6c6957de3a3505278957e0fb2a35119ac47ea41827a65301213c810b?s=96&d=mm&r=g\",\"caption\":\"Jacqueline ROTEN\"}}]}<\/script>\n<!-- \/ Yoast SEO plugin. -->","yoast_head_json":{"title":"Loeb, Robert (1903-1965) - Institut Europ\u00e9en des Musiques Juives","robots":{"index":"index","follow":"follow","max-snippet":"max-snippet:-1","max-image-preview":"max-image-preview:large","max-video-preview":"max-video-preview:-1"},"canonical":"https:\/\/www.iemj.org\/de\/loeb-robert-1903-1965\/","og_locale":"de_DE","og_type":"article","og_title":"Loeb, Robert (1903-1965) - Institut Europ\u00e9en des Musiques Juives","og_description":"Robert LOEB (dessen hebr\u00e4ischer Name Eliezer Ben Hachover Mosch\u00e9 ist) wurde am 7. April 1903 in Basel in der Schweiz geboren. Seine Eltern, Moise Loeb, in Duppigheim geboren, und Mathilde","og_url":"https:\/\/www.iemj.org\/de\/loeb-robert-1903-1965\/","og_site_name":"Institut Europ\u00e9en des Musiques Juives","article_publisher":"https:\/\/www.facebook.com\/MusiquesJuives\/","article_published_time":"2020-10-13T09:15:23+00:00","article_modified_time":"2022-09-13T07:47:49+00:00","og_image":[{"width":169,"height":218,"url":"https:\/\/www.iemj.org\/wp-content\/uploads\/2020\/10\/arton4803-e1625057730638.jpg","type":"image\/jpeg"}],"author":"Jacqueline ROTEN","twitter_card":"summary_large_image","twitter_misc":{"Verfasst von":"Jacqueline ROTEN","Gesch\u00e4tzte Lesezeit":"3\u00a0Minuten"},"schema":{"@context":"https:\/\/schema.org","@graph":[{"@type":"Article","@id":"https:\/\/www.iemj.org\/de\/loeb-robert-1903-1965\/#article","isPartOf":{"@id":"https:\/\/www.iemj.org\/de\/loeb-robert-1903-1965\/"},"author":{"name":"Jacqueline ROTEN","@id":"https:\/\/www.iemj.org\/de\/#\/schema\/person\/358e26c18aca017fcc4cc15437f7279c"},"headline":"Loeb, Robert (1903-1965)","datePublished":"2020-10-13T09:15:23+00:00","dateModified":"2022-09-13T07:47:49+00:00","mainEntityOfPage":{"@id":"https:\/\/www.iemj.org\/de\/loeb-robert-1903-1965\/"},"wordCount":468,"publisher":{"@id":"https:\/\/www.iemj.org\/de\/#organization"},"image":{"@id":"https:\/\/www.iemj.org\/de\/loeb-robert-1903-1965\/#primaryimage"},"thumbnailUrl":"https:\/\/www.iemj.org\/wp-content\/uploads\/2020\/10\/arton4803-e1625057730638.jpg","articleSection":["Biografien"],"inLanguage":"de"},{"@type":"WebPage","@id":"https:\/\/www.iemj.org\/de\/loeb-robert-1903-1965\/","url":"https:\/\/www.iemj.org\/de\/loeb-robert-1903-1965\/","name":"Loeb, Robert (1903-1965) - Institut Europ\u00e9en des Musiques Juives","isPartOf":{"@id":"https:\/\/www.iemj.org\/de\/#website"},"primaryImageOfPage":{"@id":"https:\/\/www.iemj.org\/de\/loeb-robert-1903-1965\/#primaryimage"},"image":{"@id":"https:\/\/www.iemj.org\/de\/loeb-robert-1903-1965\/#primaryimage"},"thumbnailUrl":"https:\/\/www.iemj.org\/wp-content\/uploads\/2020\/10\/arton4803-e1625057730638.jpg","datePublished":"2020-10-13T09:15:23+00:00","dateModified":"2022-09-13T07:47:49+00:00","breadcrumb":{"@id":"https:\/\/www.iemj.org\/de\/loeb-robert-1903-1965\/#breadcrumb"},"inLanguage":"de","potentialAction":[{"@type":"ReadAction","target":["https:\/\/www.iemj.org\/de\/loeb-robert-1903-1965\/"]}]},{"@type":"ImageObject","inLanguage":"de","@id":"https:\/\/www.iemj.org\/de\/loeb-robert-1903-1965\/#primaryimage","url":"https:\/\/www.iemj.org\/wp-content\/uploads\/2020\/10\/arton4803-e1625057730638.jpg","contentUrl":"https:\/\/www.iemj.org\/wp-content\/uploads\/2020\/10\/arton4803-e1625057730638.jpg","width":169,"height":218},{"@type":"BreadcrumbList","@id":"https:\/\/www.iemj.org\/de\/loeb-robert-1903-1965\/#breadcrumb","itemListElement":[{"@type":"ListItem","position":1,"name":"Accueil","item":"https:\/\/www.iemj.org\/de\/"},{"@type":"ListItem","position":2,"name":"Loeb, Robert (1903-1965)"}]},{"@type":"WebSite","@id":"https:\/\/www.iemj.org\/de\/#website","url":"https:\/\/www.iemj.org\/de\/","name":"Institut Europ\u00e9en des Musiques Juives","description":"Des traditions musicales \u00e0 la port\u00e9e de tous","publisher":{"@id":"https:\/\/www.iemj.org\/de\/#organization"},"potentialAction":[{"@type":"SearchAction","target":{"@type":"EntryPoint","urlTemplate":"https:\/\/www.iemj.org\/de\/?s={search_term_string}"},"query-input":{"@type":"PropertyValueSpecification","valueRequired":true,"valueName":"search_term_string"}}],"inLanguage":"de"},{"@type":"Organization","@id":"https:\/\/www.iemj.org\/de\/#organization","name":"Institut Europ\u00e9en des Musiques Juives","url":"https:\/\/www.iemj.org\/de\/","logo":{"@type":"ImageObject","inLanguage":"de","@id":"https:\/\/www.iemj.org\/de\/#\/schema\/logo\/image\/","url":"https:\/\/www.iemj.org\/wp-content\/uploads\/2021\/09\/Logo-IEMJ-Paypal.jpg","contentUrl":"https:\/\/www.iemj.org\/wp-content\/uploads\/2021\/09\/Logo-IEMJ-Paypal.jpg","width":150,"height":50,"caption":"Institut Europ\u00e9en des Musiques Juives"},"image":{"@id":"https:\/\/www.iemj.org\/de\/#\/schema\/logo\/image\/"},"sameAs":["https:\/\/www.facebook.com\/MusiquesJuives\/","https:\/\/www.instagram.com\/musiquesjuives\/","https:\/\/www.youtube.com\/user\/musiquesjuives"]},{"@type":"Person","@id":"https:\/\/www.iemj.org\/de\/#\/schema\/person\/358e26c18aca017fcc4cc15437f7279c","name":"Jacqueline ROTEN","image":{"@type":"ImageObject","inLanguage":"de","@id":"https:\/\/secure.gravatar.com\/avatar\/5964256d6c6957de3a3505278957e0fb2a35119ac47ea41827a65301213c810b?s=96&d=mm&r=g","url":"https:\/\/secure.gravatar.com\/avatar\/5964256d6c6957de3a3505278957e0fb2a35119ac47ea41827a65301213c810b?s=96&d=mm&r=g","contentUrl":"https:\/\/secure.gravatar.com\/avatar\/5964256d6c6957de3a3505278957e0fb2a35119ac47ea41827a65301213c810b?s=96&d=mm&r=g","caption":"Jacqueline ROTEN"}}]}},"_links":{"self":[{"href":"https:\/\/www.iemj.org\/de\/wp-json\/wp\/v2\/posts\/86968","targetHints":{"allow":["GET"]}}],"collection":[{"href":"https:\/\/www.iemj.org\/de\/wp-json\/wp\/v2\/posts"}],"about":[{"href":"https:\/\/www.iemj.org\/de\/wp-json\/wp\/v2\/types\/post"}],"author":[{"embeddable":true,"href":"https:\/\/www.iemj.org\/de\/wp-json\/wp\/v2\/users\/5"}],"replies":[{"embeddable":true,"href":"https:\/\/www.iemj.org\/de\/wp-json\/wp\/v2\/comments?post=86968"}],"version-history":[{"count":0,"href":"https:\/\/www.iemj.org\/de\/wp-json\/wp\/v2\/posts\/86968\/revisions"}],"wp:featuredmedia":[{"embeddable":true,"href":"https:\/\/www.iemj.org\/de\/wp-json\/wp\/v2\/media\/52128"}],"wp:attachment":[{"href":"https:\/\/www.iemj.org\/de\/wp-json\/wp\/v2\/media?parent=86968"}],"wp:term":[{"taxonomy":"category","embeddable":true,"href":"https:\/\/www.iemj.org\/de\/wp-json\/wp\/v2\/categories?post=86968"},{"taxonomy":"post_tag","embeddable":true,"href":"https:\/\/www.iemj.org\/de\/wp-json\/wp\/v2\/tags?post=86968"},{"taxonomy":"technique","embeddable":true,"href":"https:\/\/www.iemj.org\/de\/wp-json\/wp\/v2\/technique?post=86968"},{"taxonomy":"squelettes","embeddable":true,"href":"https:\/\/www.iemj.org\/de\/wp-json\/wp\/v2\/squelettes?post=86968"},{"taxonomy":"sujet","embeddable":true,"href":"https:\/\/www.iemj.org\/de\/wp-json\/wp\/v2\/sujet?post=86968"},{"taxonomy":"formation","embeddable":true,"href":"https:\/\/www.iemj.org\/de\/wp-json\/wp\/v2\/formation?post=86968"},{"taxonomy":"genre","embeddable":true,"href":"https:\/\/www.iemj.org\/de\/wp-json\/wp\/v2\/genre?post=86968"},{"taxonomy":"fonds","embeddable":true,"href":"https:\/\/www.iemj.org\/de\/wp-json\/wp\/v2\/fonds?post=86968"},{"taxonomy":"tradition","embeddable":true,"href":"https:\/\/www.iemj.org\/de\/wp-json\/wp\/v2\/tradition?post=86968"},{"taxonomy":"type-de-contenu","embeddable":true,"href":"https:\/\/www.iemj.org\/de\/wp-json\/wp\/v2\/type-de-contenu?post=86968"},{"taxonomy":"interprete-compositeur","embeddable":true,"href":"https:\/\/www.iemj.org\/de\/wp-json\/wp\/v2\/interprete-compositeur?post=86968"},{"taxonomy":"frise","embeddable":true,"href":"https:\/\/www.iemj.org\/de\/wp-json\/wp\/v2\/frise?post=86968"},{"taxonomy":"type-devenement","embeddable":true,"href":"https:\/\/www.iemj.org\/de\/wp-json\/wp\/v2\/type-devenement?post=86968"},{"taxonomy":"tableaux-liens-externes","embeddable":true,"href":"https:\/\/www.iemj.org\/de\/wp-json\/wp\/v2\/tableaux-liens-externes?post=86968"}],"curies":[{"name":"wp","href":"https:\/\/api.w.org\/{rel}","templated":true}]}}