{"id":86991,"date":"2013-02-17T13:41:55","date_gmt":"2013-02-17T12:41:55","guid":{"rendered":"https:\/\/www.iemj.org\/heymann-michel-1952\/"},"modified":"2025-03-31T10:42:59","modified_gmt":"2025-03-31T08:42:59","slug":"heymann-michel-1952","status":"publish","type":"post","link":"https:\/\/www.iemj.org\/de\/heymann-michel-1952\/","title":{"rendered":"Heymann, Michel (1952)"},"content":{"rendered":"<p>Michel Heymann wurde am 25. April 1952 in Stra\u00dfburg geboren und war der letzte Sch\u00fcler vor der endg\u00fcltigen Schlie\u00dfung der Schule der Kantoren in Paris. Er war jedoch zun\u00e4chst und vor allem der Sch\u00fcler von Herrn <a href=\"http:\/\/www.judaisme-alsalor.fr\/histoire\/rabbins\/hazanim\/bjoseph.htm\" target=\"_blank\" rel=\"noopener\">Bertrand Joseph<\/a> \u05d6\u201d\u05dc, einem ehemaligen Kantor, der in Stra\u00dfburg amtierte, der ihm die synagogale Kunst und das Verantwortungsbewusstsein, das mit diesem Amt einhergeht, vermittelt hat.<\/p>\n<p>1969, ab dem Alter von 17 Jahren, half oder ersetzte er Kantoren in Ingwiller, S\u00e9lestat, Troyes, Metz und Thionville.<br \/>Mit 21, im September 1973, wurde er nach Haguenau berufen. Nach sieben Jahren verlie\u00df er diese Stelle, um im Oktober 1980 die Stelle in Mulhouse anzunehmen. Er war zw\u00f6lf Jahre lang in dieser Stadt t\u00e4tig und nahm Kassetten und Compact Discs auf, um die els\u00e4ssische Liturgie zu bewahren. Im Dezember 1991 verlieh ihm der franz\u00f6sische Minister f\u00fcr Kultur und Kommunikation die Ehrenmedaille der Musik- und Chorvereine als Anerkennung f\u00fcr seine Arbeit im Bereich der Liturgie und der von ihm gegr\u00fcndeten Ch\u00f6re. Michel Heymann bildete Sch\u00fcler f\u00fcr die Gemeinden in Ostfrankreich aus. Er ist einer der letzten Tr\u00e4ger der spezifischen aschkenasischen Liturgie des Rheintals und insbesondere der Regionen Elsass und Lothringen.<\/p>\n<p>Im August 2001 wurde er zum Pr\u00e4sidenten der Vereinigung der Kantoren aus Elsass und Lothringen ernannt.<\/p>\n<p>Seit August 1992 ist Michel Heymann Kantor der Israelitischen Gemeinde in Luxemburg. Dort hat er einen neuen Chor gegr\u00fcndet, der ihn manchmal bei den Schabbat-Gottesdiensten und an Feiertagen begleitet. Er wird oft im In- und Ausland gebeten, an offiziellen Zeremonien oder Konzerten teilzunehmen. Im April 2017 machte er seinen Anspruch auf Ruhestand geltend, wobei er weiterhin von Zeit zu Zeit in Luxemburg und in den Gemeinden, die ihn einladen, amtiert. Seit Juli 2017 leitet er den <a href=\"http:\/\/www.judaisme-alsalor.fr\/histoire\/villes\/nancy\/\/chorale.htm\" target=\"_blank\" rel=\"noopener\">Synagogalchor in Nancy<\/a>.<\/p>\n<p>Im Dezember 2022 hat Michel Heymann sein Musikarchiv dem Institut Europ\u00e9en des Musiques Juives \u00fcbergeben.<\/p>\n<p>Michel Heymann sang mit einigen der ber\u00fchmtesten Chasanim wie Estrongo Nachama \u05d6 &#8222;\u05dc (Berlin) Mosche Stern (USA) Adolphe Attia (Paris) Benjamin Muller (Antwerpen) Benzion Miller (USA) Rapha\u00ebl Cohen (Paris) und gro\u00dfen Ch\u00f6ren, darunter der Chor der Gro\u00dfen Synagoge von Stra\u00dfburg, das Vokalensemble f\u00fcr hebr\u00e4ische Musik ebenfalls aus Stra\u00dfburg mit seinen sechzig Choristen, der Chor der Synagoge der Victoire in Paris und mit dem Chor der Chasanim aus Jerusalem.<\/p>\n<ul>\n<li><a href=\"http:\/\/www.rachelnet.net\/F\/?func=find-c&amp;ccl_term=WHOL+%3D+Michel+Heymann&amp;local_base=iemcg\" target=\"_blank\" rel=\"noopener\">Sehen Sie sich den Michel Heymann-Fonds an.<\/a><\/li>\n<li><a href=\"http:\/\/www.rachelnet.net\/F\/?func=find-c&amp;ccl_term=WAMS+%3D+Michel+Heymann&amp;local_base=iemcg\" target=\"_blank\" rel=\"noopener\">Audio- und Videodokumente von Michel Heymann anh\u00f6ren.<\/a><\/li>\n<li><a href=\"https:\/\/www.iemj.org\/de\/michel-heymann-et-la-liturgie-ashkenaze-de-la-vallee-du-rhin\/\" target=\"_blank\" rel=\"noopener\">Sehen Sie das Video \u201eMichel Heymann und die aschkenasische Liturgie im Rheintal\u201c.<\/a><\/li>\n<li><a href=\"http:\/\/www.judaisme-alsalor.fr\/histoire\/rabbins\/hazanim\/heyman.htm\" target=\"_blank\" rel=\"noopener\">Mehr \u00fcber Michel Heymann erfahren und St\u00fccke Online anh\u00f6ren<\/a><\/li>\n<\/ul>\n\n\n<p><\/p>\n","protected":false},"excerpt":{"rendered":"<p>Michel Heymann wurde am 25. April 1952 in Stra\u00dfburg geboren und war der letzte Sch\u00fcler vor der endg\u00fcltigen Schlie\u00dfung der Schule der Kantoren in Paris. Er war jedoch zun\u00e4chst und<\/p>\n","protected":false},"author":1045,"featured_media":51916,"comment_status":"closed","ping_status":"open","sticky":false,"template":"","format":"standard","meta":{"_acf_changed":false,"footnotes":""},"categories":[1415],"tags":[],"technique":[],"squelettes":[],"sujet":[2099],"formation":[],"genre":[1891],"fonds":[],"tradition":[1983],"type-de-contenu":[],"interprete-compositeur":[3268],"frise":[],"type-devenement":[],"tableaux-liens-externes":[],"class_list":["post-86991","post","type-post","status-publish","format-standard","has-post-thumbnail","hentry","category-biografien-de","sujet-elsass-lothringen-de","genre-liturgie-de","tradition-aschkenasischer-ritus-de","interprete-compositeur-michel-heymann-de"],"acf":[],"yoast_head":"<!-- This site is optimized with the Yoast SEO plugin v27.3 - https:\/\/yoast.com\/product\/yoast-seo-wordpress\/ -->\n<title>Heymann, Michel (1952) - Institut Europ\u00e9en des Musiques Juives<\/title>\n<meta name=\"robots\" content=\"index, follow, max-snippet:-1, max-image-preview:large, max-video-preview:-1\" \/>\n<link rel=\"canonical\" href=\"https:\/\/www.iemj.org\/de\/heymann-michel-1952\/\" \/>\n<meta property=\"og:locale\" content=\"de_DE\" \/>\n<meta property=\"og:type\" content=\"article\" \/>\n<meta property=\"og:title\" content=\"Heymann, Michel (1952) - Institut Europ\u00e9en des Musiques Juives\" \/>\n<meta property=\"og:description\" content=\"Michel Heymann wurde am 25. April 1952 in Stra\u00dfburg geboren und war der letzte Sch\u00fcler vor der endg\u00fcltigen Schlie\u00dfung der Schule der Kantoren in Paris. Er war jedoch zun\u00e4chst und\" \/>\n<meta property=\"og:url\" content=\"https:\/\/www.iemj.org\/de\/heymann-michel-1952\/\" \/>\n<meta property=\"og:site_name\" content=\"Institut Europ\u00e9en des Musiques Juives\" \/>\n<meta property=\"article:publisher\" content=\"https:\/\/www.facebook.com\/MusiquesJuives\/\" \/>\n<meta property=\"article:published_time\" content=\"2013-02-17T12:41:55+00:00\" \/>\n<meta property=\"article:modified_time\" content=\"2025-03-31T08:42:59+00:00\" \/>\n<meta property=\"og:image\" content=\"https:\/\/www.iemj.org\/wp-content\/uploads\/2013\/02\/arton652-e1625044884258.jpg\" \/>\n\t<meta property=\"og:image:width\" content=\"229\" \/>\n\t<meta property=\"og:image:height\" content=\"218\" \/>\n\t<meta property=\"og:image:type\" content=\"image\/jpeg\" \/>\n<meta name=\"author\" content=\"Herv\u00e9 Roten\" \/>\n<meta name=\"twitter:card\" content=\"summary_large_image\" \/>\n<meta name=\"twitter:label1\" content=\"Verfasst von\" \/>\n\t<meta name=\"twitter:data1\" content=\"Herv\u00e9 Roten\" \/>\n\t<meta name=\"twitter:label2\" content=\"Gesch\u00e4tzte Lesezeit\" \/>\n\t<meta name=\"twitter:data2\" content=\"3\u00a0Minuten\" \/>\n<script type=\"application\/ld+json\" class=\"yoast-schema-graph\">{\"@context\":\"https:\\\/\\\/schema.org\",\"@graph\":[{\"@type\":\"Article\",\"@id\":\"https:\\\/\\\/www.iemj.org\\\/de\\\/heymann-michel-1952\\\/#article\",\"isPartOf\":{\"@id\":\"https:\\\/\\\/www.iemj.org\\\/de\\\/heymann-michel-1952\\\/\"},\"author\":{\"name\":\"Herv\u00e9 Roten\",\"@id\":\"https:\\\/\\\/www.iemj.org\\\/de\\\/#\\\/schema\\\/person\\\/906134402c29d5c76e7b726261dd4bbd\"},\"headline\":\"Heymann, Michel (1952)\",\"datePublished\":\"2013-02-17T12:41:55+00:00\",\"dateModified\":\"2025-03-31T08:42:59+00:00\",\"mainEntityOfPage\":{\"@id\":\"https:\\\/\\\/www.iemj.org\\\/de\\\/heymann-michel-1952\\\/\"},\"wordCount\":423,\"publisher\":{\"@id\":\"https:\\\/\\\/www.iemj.org\\\/de\\\/#organization\"},\"image\":{\"@id\":\"https:\\\/\\\/www.iemj.org\\\/de\\\/heymann-michel-1952\\\/#primaryimage\"},\"thumbnailUrl\":\"https:\\\/\\\/www.iemj.org\\\/wp-content\\\/uploads\\\/2013\\\/02\\\/arton652-e1625044884258.jpg\",\"articleSection\":[\"Biografien\"],\"inLanguage\":\"de\"},{\"@type\":\"WebPage\",\"@id\":\"https:\\\/\\\/www.iemj.org\\\/de\\\/heymann-michel-1952\\\/\",\"url\":\"https:\\\/\\\/www.iemj.org\\\/de\\\/heymann-michel-1952\\\/\",\"name\":\"Heymann, Michel (1952) - Institut Europ\u00e9en des Musiques Juives\",\"isPartOf\":{\"@id\":\"https:\\\/\\\/www.iemj.org\\\/de\\\/#website\"},\"primaryImageOfPage\":{\"@id\":\"https:\\\/\\\/www.iemj.org\\\/de\\\/heymann-michel-1952\\\/#primaryimage\"},\"image\":{\"@id\":\"https:\\\/\\\/www.iemj.org\\\/de\\\/heymann-michel-1952\\\/#primaryimage\"},\"thumbnailUrl\":\"https:\\\/\\\/www.iemj.org\\\/wp-content\\\/uploads\\\/2013\\\/02\\\/arton652-e1625044884258.jpg\",\"datePublished\":\"2013-02-17T12:41:55+00:00\",\"dateModified\":\"2025-03-31T08:42:59+00:00\",\"breadcrumb\":{\"@id\":\"https:\\\/\\\/www.iemj.org\\\/de\\\/heymann-michel-1952\\\/#breadcrumb\"},\"inLanguage\":\"de\",\"potentialAction\":[{\"@type\":\"ReadAction\",\"target\":[\"https:\\\/\\\/www.iemj.org\\\/de\\\/heymann-michel-1952\\\/\"]}]},{\"@type\":\"ImageObject\",\"inLanguage\":\"de\",\"@id\":\"https:\\\/\\\/www.iemj.org\\\/de\\\/heymann-michel-1952\\\/#primaryimage\",\"url\":\"https:\\\/\\\/www.iemj.org\\\/wp-content\\\/uploads\\\/2013\\\/02\\\/arton652-e1625044884258.jpg\",\"contentUrl\":\"https:\\\/\\\/www.iemj.org\\\/wp-content\\\/uploads\\\/2013\\\/02\\\/arton652-e1625044884258.jpg\",\"width\":229,\"height\":218},{\"@type\":\"BreadcrumbList\",\"@id\":\"https:\\\/\\\/www.iemj.org\\\/de\\\/heymann-michel-1952\\\/#breadcrumb\",\"itemListElement\":[{\"@type\":\"ListItem\",\"position\":1,\"name\":\"Accueil\",\"item\":\"https:\\\/\\\/www.iemj.org\\\/de\\\/\"},{\"@type\":\"ListItem\",\"position\":2,\"name\":\"Heymann, Michel (1952)\"}]},{\"@type\":\"WebSite\",\"@id\":\"https:\\\/\\\/www.iemj.org\\\/de\\\/#website\",\"url\":\"https:\\\/\\\/www.iemj.org\\\/de\\\/\",\"name\":\"Institut Europ\u00e9en des Musiques Juives\",\"description\":\"Des traditions musicales \u00e0 la port\u00e9e de tous\",\"publisher\":{\"@id\":\"https:\\\/\\\/www.iemj.org\\\/de\\\/#organization\"},\"potentialAction\":[{\"@type\":\"SearchAction\",\"target\":{\"@type\":\"EntryPoint\",\"urlTemplate\":\"https:\\\/\\\/www.iemj.org\\\/de\\\/?s={search_term_string}\"},\"query-input\":{\"@type\":\"PropertyValueSpecification\",\"valueRequired\":true,\"valueName\":\"search_term_string\"}}],\"inLanguage\":\"de\"},{\"@type\":\"Organization\",\"@id\":\"https:\\\/\\\/www.iemj.org\\\/de\\\/#organization\",\"name\":\"Institut Europ\u00e9en des Musiques Juives\",\"url\":\"https:\\\/\\\/www.iemj.org\\\/de\\\/\",\"logo\":{\"@type\":\"ImageObject\",\"inLanguage\":\"de\",\"@id\":\"https:\\\/\\\/www.iemj.org\\\/de\\\/#\\\/schema\\\/logo\\\/image\\\/\",\"url\":\"https:\\\/\\\/www.iemj.org\\\/wp-content\\\/uploads\\\/2021\\\/09\\\/Logo-IEMJ-Paypal.jpg\",\"contentUrl\":\"https:\\\/\\\/www.iemj.org\\\/wp-content\\\/uploads\\\/2021\\\/09\\\/Logo-IEMJ-Paypal.jpg\",\"width\":150,\"height\":50,\"caption\":\"Institut Europ\u00e9en des Musiques Juives\"},\"image\":{\"@id\":\"https:\\\/\\\/www.iemj.org\\\/de\\\/#\\\/schema\\\/logo\\\/image\\\/\"},\"sameAs\":[\"https:\\\/\\\/www.facebook.com\\\/MusiquesJuives\\\/\",\"https:\\\/\\\/www.instagram.com\\\/musiquesjuives\\\/\",\"https:\\\/\\\/www.youtube.com\\\/user\\\/musiquesjuives\"]},{\"@type\":\"Person\",\"@id\":\"https:\\\/\\\/www.iemj.org\\\/de\\\/#\\\/schema\\\/person\\\/906134402c29d5c76e7b726261dd4bbd\",\"name\":\"Herv\u00e9 Roten\",\"image\":{\"@type\":\"ImageObject\",\"inLanguage\":\"de\",\"@id\":\"https:\\\/\\\/secure.gravatar.com\\\/avatar\\\/f96ad2db538a26481f18384936b5cd0610c92d390c4dc382209216d455f685ff?s=96&d=mm&r=g\",\"url\":\"https:\\\/\\\/secure.gravatar.com\\\/avatar\\\/f96ad2db538a26481f18384936b5cd0610c92d390c4dc382209216d455f685ff?s=96&d=mm&r=g\",\"contentUrl\":\"https:\\\/\\\/secure.gravatar.com\\\/avatar\\\/f96ad2db538a26481f18384936b5cd0610c92d390c4dc382209216d455f685ff?s=96&d=mm&r=g\",\"caption\":\"Herv\u00e9 Roten\"}}]}<\/script>\n<!-- \/ Yoast SEO plugin. -->","yoast_head_json":{"title":"Heymann, Michel (1952) - Institut Europ\u00e9en des Musiques Juives","robots":{"index":"index","follow":"follow","max-snippet":"max-snippet:-1","max-image-preview":"max-image-preview:large","max-video-preview":"max-video-preview:-1"},"canonical":"https:\/\/www.iemj.org\/de\/heymann-michel-1952\/","og_locale":"de_DE","og_type":"article","og_title":"Heymann, Michel (1952) - Institut Europ\u00e9en des Musiques Juives","og_description":"Michel Heymann wurde am 25. April 1952 in Stra\u00dfburg geboren und war der letzte Sch\u00fcler vor der endg\u00fcltigen Schlie\u00dfung der Schule der Kantoren in Paris. Er war jedoch zun\u00e4chst und","og_url":"https:\/\/www.iemj.org\/de\/heymann-michel-1952\/","og_site_name":"Institut Europ\u00e9en des Musiques Juives","article_publisher":"https:\/\/www.facebook.com\/MusiquesJuives\/","article_published_time":"2013-02-17T12:41:55+00:00","article_modified_time":"2025-03-31T08:42:59+00:00","og_image":[{"width":229,"height":218,"url":"https:\/\/www.iemj.org\/wp-content\/uploads\/2013\/02\/arton652-e1625044884258.jpg","type":"image\/jpeg"}],"author":"Herv\u00e9 Roten","twitter_card":"summary_large_image","twitter_misc":{"Verfasst von":"Herv\u00e9 Roten","Gesch\u00e4tzte Lesezeit":"3\u00a0Minuten"},"schema":{"@context":"https:\/\/schema.org","@graph":[{"@type":"Article","@id":"https:\/\/www.iemj.org\/de\/heymann-michel-1952\/#article","isPartOf":{"@id":"https:\/\/www.iemj.org\/de\/heymann-michel-1952\/"},"author":{"name":"Herv\u00e9 Roten","@id":"https:\/\/www.iemj.org\/de\/#\/schema\/person\/906134402c29d5c76e7b726261dd4bbd"},"headline":"Heymann, Michel (1952)","datePublished":"2013-02-17T12:41:55+00:00","dateModified":"2025-03-31T08:42:59+00:00","mainEntityOfPage":{"@id":"https:\/\/www.iemj.org\/de\/heymann-michel-1952\/"},"wordCount":423,"publisher":{"@id":"https:\/\/www.iemj.org\/de\/#organization"},"image":{"@id":"https:\/\/www.iemj.org\/de\/heymann-michel-1952\/#primaryimage"},"thumbnailUrl":"https:\/\/www.iemj.org\/wp-content\/uploads\/2013\/02\/arton652-e1625044884258.jpg","articleSection":["Biografien"],"inLanguage":"de"},{"@type":"WebPage","@id":"https:\/\/www.iemj.org\/de\/heymann-michel-1952\/","url":"https:\/\/www.iemj.org\/de\/heymann-michel-1952\/","name":"Heymann, Michel (1952) - Institut Europ\u00e9en des Musiques Juives","isPartOf":{"@id":"https:\/\/www.iemj.org\/de\/#website"},"primaryImageOfPage":{"@id":"https:\/\/www.iemj.org\/de\/heymann-michel-1952\/#primaryimage"},"image":{"@id":"https:\/\/www.iemj.org\/de\/heymann-michel-1952\/#primaryimage"},"thumbnailUrl":"https:\/\/www.iemj.org\/wp-content\/uploads\/2013\/02\/arton652-e1625044884258.jpg","datePublished":"2013-02-17T12:41:55+00:00","dateModified":"2025-03-31T08:42:59+00:00","breadcrumb":{"@id":"https:\/\/www.iemj.org\/de\/heymann-michel-1952\/#breadcrumb"},"inLanguage":"de","potentialAction":[{"@type":"ReadAction","target":["https:\/\/www.iemj.org\/de\/heymann-michel-1952\/"]}]},{"@type":"ImageObject","inLanguage":"de","@id":"https:\/\/www.iemj.org\/de\/heymann-michel-1952\/#primaryimage","url":"https:\/\/www.iemj.org\/wp-content\/uploads\/2013\/02\/arton652-e1625044884258.jpg","contentUrl":"https:\/\/www.iemj.org\/wp-content\/uploads\/2013\/02\/arton652-e1625044884258.jpg","width":229,"height":218},{"@type":"BreadcrumbList","@id":"https:\/\/www.iemj.org\/de\/heymann-michel-1952\/#breadcrumb","itemListElement":[{"@type":"ListItem","position":1,"name":"Accueil","item":"https:\/\/www.iemj.org\/de\/"},{"@type":"ListItem","position":2,"name":"Heymann, Michel (1952)"}]},{"@type":"WebSite","@id":"https:\/\/www.iemj.org\/de\/#website","url":"https:\/\/www.iemj.org\/de\/","name":"Institut Europ\u00e9en des Musiques Juives","description":"Des traditions musicales \u00e0 la port\u00e9e de tous","publisher":{"@id":"https:\/\/www.iemj.org\/de\/#organization"},"potentialAction":[{"@type":"SearchAction","target":{"@type":"EntryPoint","urlTemplate":"https:\/\/www.iemj.org\/de\/?s={search_term_string}"},"query-input":{"@type":"PropertyValueSpecification","valueRequired":true,"valueName":"search_term_string"}}],"inLanguage":"de"},{"@type":"Organization","@id":"https:\/\/www.iemj.org\/de\/#organization","name":"Institut Europ\u00e9en des Musiques Juives","url":"https:\/\/www.iemj.org\/de\/","logo":{"@type":"ImageObject","inLanguage":"de","@id":"https:\/\/www.iemj.org\/de\/#\/schema\/logo\/image\/","url":"https:\/\/www.iemj.org\/wp-content\/uploads\/2021\/09\/Logo-IEMJ-Paypal.jpg","contentUrl":"https:\/\/www.iemj.org\/wp-content\/uploads\/2021\/09\/Logo-IEMJ-Paypal.jpg","width":150,"height":50,"caption":"Institut Europ\u00e9en des Musiques Juives"},"image":{"@id":"https:\/\/www.iemj.org\/de\/#\/schema\/logo\/image\/"},"sameAs":["https:\/\/www.facebook.com\/MusiquesJuives\/","https:\/\/www.instagram.com\/musiquesjuives\/","https:\/\/www.youtube.com\/user\/musiquesjuives"]},{"@type":"Person","@id":"https:\/\/www.iemj.org\/de\/#\/schema\/person\/906134402c29d5c76e7b726261dd4bbd","name":"Herv\u00e9 Roten","image":{"@type":"ImageObject","inLanguage":"de","@id":"https:\/\/secure.gravatar.com\/avatar\/f96ad2db538a26481f18384936b5cd0610c92d390c4dc382209216d455f685ff?s=96&d=mm&r=g","url":"https:\/\/secure.gravatar.com\/avatar\/f96ad2db538a26481f18384936b5cd0610c92d390c4dc382209216d455f685ff?s=96&d=mm&r=g","contentUrl":"https:\/\/secure.gravatar.com\/avatar\/f96ad2db538a26481f18384936b5cd0610c92d390c4dc382209216d455f685ff?s=96&d=mm&r=g","caption":"Herv\u00e9 Roten"}}]}},"_links":{"self":[{"href":"https:\/\/www.iemj.org\/de\/wp-json\/wp\/v2\/posts\/86991","targetHints":{"allow":["GET"]}}],"collection":[{"href":"https:\/\/www.iemj.org\/de\/wp-json\/wp\/v2\/posts"}],"about":[{"href":"https:\/\/www.iemj.org\/de\/wp-json\/wp\/v2\/types\/post"}],"author":[{"embeddable":true,"href":"https:\/\/www.iemj.org\/de\/wp-json\/wp\/v2\/users\/1045"}],"replies":[{"embeddable":true,"href":"https:\/\/www.iemj.org\/de\/wp-json\/wp\/v2\/comments?post=86991"}],"version-history":[{"count":0,"href":"https:\/\/www.iemj.org\/de\/wp-json\/wp\/v2\/posts\/86991\/revisions"}],"wp:featuredmedia":[{"embeddable":true,"href":"https:\/\/www.iemj.org\/de\/wp-json\/wp\/v2\/media\/51916"}],"wp:attachment":[{"href":"https:\/\/www.iemj.org\/de\/wp-json\/wp\/v2\/media?parent=86991"}],"wp:term":[{"taxonomy":"category","embeddable":true,"href":"https:\/\/www.iemj.org\/de\/wp-json\/wp\/v2\/categories?post=86991"},{"taxonomy":"post_tag","embeddable":true,"href":"https:\/\/www.iemj.org\/de\/wp-json\/wp\/v2\/tags?post=86991"},{"taxonomy":"technique","embeddable":true,"href":"https:\/\/www.iemj.org\/de\/wp-json\/wp\/v2\/technique?post=86991"},{"taxonomy":"squelettes","embeddable":true,"href":"https:\/\/www.iemj.org\/de\/wp-json\/wp\/v2\/squelettes?post=86991"},{"taxonomy":"sujet","embeddable":true,"href":"https:\/\/www.iemj.org\/de\/wp-json\/wp\/v2\/sujet?post=86991"},{"taxonomy":"formation","embeddable":true,"href":"https:\/\/www.iemj.org\/de\/wp-json\/wp\/v2\/formation?post=86991"},{"taxonomy":"genre","embeddable":true,"href":"https:\/\/www.iemj.org\/de\/wp-json\/wp\/v2\/genre?post=86991"},{"taxonomy":"fonds","embeddable":true,"href":"https:\/\/www.iemj.org\/de\/wp-json\/wp\/v2\/fonds?post=86991"},{"taxonomy":"tradition","embeddable":true,"href":"https:\/\/www.iemj.org\/de\/wp-json\/wp\/v2\/tradition?post=86991"},{"taxonomy":"type-de-contenu","embeddable":true,"href":"https:\/\/www.iemj.org\/de\/wp-json\/wp\/v2\/type-de-contenu?post=86991"},{"taxonomy":"interprete-compositeur","embeddable":true,"href":"https:\/\/www.iemj.org\/de\/wp-json\/wp\/v2\/interprete-compositeur?post=86991"},{"taxonomy":"frise","embeddable":true,"href":"https:\/\/www.iemj.org\/de\/wp-json\/wp\/v2\/frise?post=86991"},{"taxonomy":"type-devenement","embeddable":true,"href":"https:\/\/www.iemj.org\/de\/wp-json\/wp\/v2\/type-devenement?post=86991"},{"taxonomy":"tableaux-liens-externes","embeddable":true,"href":"https:\/\/www.iemj.org\/de\/wp-json\/wp\/v2\/tableaux-liens-externes?post=86991"}],"curies":[{"name":"wp","href":"https:\/\/api.w.org\/{rel}","templated":true}]}}