{"id":87250,"date":"2022-09-13T17:21:31","date_gmt":"2022-09-13T15:21:31","guid":{"rendered":"https:\/\/www.iemj.org\/roch-hachana-3\/"},"modified":"2022-12-29T10:28:33","modified_gmt":"2022-12-29T09:28:33","slug":"le-seder-de-roch-hachana-chez-les-juifs-d-afrique-du-nord","status":"publish","type":"post","link":"https:\/\/www.iemj.org\/de\/le-seder-de-roch-hachana-chez-les-juifs-d-afrique-du-nord\/","title":{"rendered":"Der Seder von Rosch Haschana bei den Nordafrikanischen Juden"},"content":{"rendered":"<p>Rosch Haschana (\u05e8\u05d0\u05e9 \u05d4\u05e9\u05e0\u05d4) ist ein Fest, das den Beginn des neuen j\u00fcdischen Jahres markiert. Es wird sowohl in Israel als auch in der Diaspora an den ersten beiden Tagen des Monats Tichri gefeiert, der je nach Jahr in den September oder Oktober f\u00e4llt.<\/p>\n<p><!--more--><\/p>\n<p>In der Bibel als <em>Zikhrone teru\u02bfa<\/em> (Erinnerung an das Gel\u00e4ut) (Lev 23,24) oder <em>Jom teru\u02bfa<\/em> (Tag des Gel\u00e4uts) (Num 29,1) bezeichnet, wird Rosch Haschana durch den Klang des Schofars (Widderhorn) gekennzeichnet, das die Opferung Isaaks und den Bund G&#8217;ttes mit den Kindern Abrahams symbolisiert. In der m\u00fcndlichen Tradition werden die beiden Tage von Rosch Haschana zu den Tagen des Gerichts und leiten eine zehnt\u00e4gige Periode der Bu\u00dfe (<em>Aseret&#8216; Jemei Zhuwa<\/em>) ein, die auf die gro\u00dfe Vergebung (Jom Kippur) wartet.<\/p>\n<h3><strong>Symbolik des Seders an Rosch Haschana<\/strong><\/h3>\n<p><img fetchpriority=\"high\" decoding=\"async\" class=\"wp-image-87155 size-full alignright\" src=\"https:\/\/www.iemj.org\/wp-content\/uploads\/2022\/09\/TABLE-DU-SEDER.jpg\" alt=\"\" width=\"350\" height=\"198\" srcset=\"https:\/\/www.iemj.org\/wp-content\/uploads\/2022\/09\/TABLE-DU-SEDER.jpg 350w, https:\/\/www.iemj.org\/wp-content\/uploads\/2022\/09\/TABLE-DU-SEDER-300x170.jpg 300w\" sizes=\"(max-width: 350px) 100vw, 350px\" \/>Der Seder in der Nacht von Rosch Haschana besteht aus dem Verzehr symbolischer Speisen &#8211; bekannt als <em>Simanim<\/em> (Zeichen) &#8211; und dem Rezitieren von Gebeten. Diese Tradition ist mindestens 2000 Jahre alt und wurde in ihren Anf\u00e4ngen in den Gemeinden des Mittelmeerraums praktiziert.<\/p>\n<p>Auf dem Sedertisch stehen also Lebensmittel, die &#8211; manchmal durch Wortspiele &#8211; an das hoffentlich s\u00fc\u00dfe und gl\u00fcckliche Jahr erinnern. Saure oder herbe Lebensmittel werden vermieden und stattdessen s\u00fc\u00dfe Speisen wie in Honig getauchte \u00c4pfel verwendet. Dieser Brauch, der im Talmud erw\u00e4hnt wird, hat verschiedene Varianten erfahren und wurde von den Kabbalisten in Safed stark weiterentwickelt.<\/p>\n<h3><strong>Das Ritual <\/strong><strong>beim Seder an Rosch Haschana<\/strong><\/h3>\n<p><img decoding=\"async\" class=\"size-medium wp-image-87161 alignleft\" src=\"https:\/\/www.iemj.org\/wp-content\/uploads\/2022\/09\/PLATEAU-DU-SEDER-300x200.jpg\" alt=\"\" width=\"300\" height=\"200\" srcset=\"https:\/\/www.iemj.org\/wp-content\/uploads\/2022\/09\/PLATEAU-DU-SEDER-300x200.jpg 300w, https:\/\/www.iemj.org\/wp-content\/uploads\/2022\/09\/PLATEAU-DU-SEDER.jpg 350w\" sizes=\"(max-width: 300px) 100vw, 300px\" \/>W\u00e4hrend des Rosch-Haschana-Seders werden Gem\u00fcse (R\u00fcben, Lauch, K\u00fcrbis, wei\u00dfe Bohnen, K\u00fcrbis), Obst (Granatapfel, Datteln, in Zucker gekochte oder in Honig getauchte \u00c4pfel) und sogar ein Widder- oder Fischkopf verzehrt.<\/p>\n<p>Diese Nahrungsmittel wurden ausgew\u00e4hlt, weil ihre aram\u00e4ischen Namen an hebr\u00e4ische W\u00fcnsche f\u00fcr das neue Jahr ankn\u00fcpften. Der Verzehr jeder dieser Speisen wird von einem Gebet begleitet. Es wird in einer von Gemeinde zu Gemeinde unterschiedlichen Melodie gesungen, w\u00e4hrend man das Nahrungsmittel unmittelbar vor dem Essen in der rechten Hand h\u00e4lt.<\/p>\n<h3><strong>Segensw\u00fcnsche und Gesang<\/strong><\/h3>\n<p>Nach dem Rezitieren des Kiddusch, dem H\u00e4ndewaschen und dem Verzehr des Brotes werden die folgenden Speisen verzehrt:<\/p>\n<ul>\n<li>Datteln (\u05de\u05e8\u05d9\u05dd).<\/li>\n<\/ul>\n<p>Man nimmt eine davon und singt den ersten Segen:<\/p>\n<p>\u05d1\u05bc\u05b8\u05e8\u05d5\u05bc\u05da\u05b0 \u05d0\u05b7\u05ea\u05bc\u05b8\u05d4 \u05d4&#8216; \u05d0\u05b1\u05dc\u05b9\u05d4\u05d9\u05e0\u05d5\u05bc \u05de\u05b6\u05dc\u05b6\u05da\u05b0 \u05d4\u05b8\u05e2\u05d5\u05b9\u05dc\u05b8\u05dd \u05d1\u05bc\u05d5\u05b9\u05e8\u05b5\u05d0 \u05e4\u05bc\u05b0\u05e8\u05b4\u05d9 \u05d4\u05b8\u05e2\u05b5\u05e5<\/p>\n<p>Baru&#8217;h ata Ado-naj Elohenu mele&#8217;h haolam bore peri haets.<\/p>\n<p>Gepriesen seist du, Ewiger, unser G&#8217;tt, K\u00f6nig des Universums, der du die Frucht des Baumes erschaffst.<\/p>\n<p><b>AUDIO 1 : Segen der 1. Dattel &#8211; Avner Azoulay<\/b><\/p>\n<audio class=\"wp-audio-shortcode\" id=\"audio-87250-1\" preload=\"none\" style=\"width: 100%;\" controls=\"controls\"><source type=\"audio\/mpeg\" src=\"https:\/\/www.iemj.org\/wp-content\/uploads\/2022\/09\/01_Benediction-de-la-1ere-datte_Avner-Azoulay.mp3?_=1\" \/><a href=\"https:\/\/www.iemj.org\/wp-content\/uploads\/2022\/09\/01_Benediction-de-la-1ere-datte_Avner-Azoulay.mp3\">https:\/\/www.iemj.org\/wp-content\/uploads\/2022\/09\/01_Benediction-de-la-1ere-datte_Avner-Azoulay.mp3<\/a><\/audio>\n<p>Man isst diese Dattel, nimmt dann eine zweite und singt:<\/p>\n<p>\u05d9\u05b0\u05d4\u05b4\u05d9 \u05e8\u05b8\u05e6\u05d5\u05b9\u05df \u05de\u05b4\u05dc\u05bc\u05b0\u05e4\u05b8\u05e0\u05b6\u05d9\u05da\u05b8 \u05d4&#8216; \u05d0\u05b1\u05dc\u05b9\u05d4\u05d9\u05e0\u05d5\u05bc \u05d5\u05b5\u05d0\u05dc\u05b9\u05b5\u05d4\u05d9 \u05d0\u05b2\u05d1\u05d5\u05b9\u05ea\u05b5\u05d9\u05e0\u05d5\u05bc, \u05e9\u05c1\u05b6\u05d9\u05bc\u05b4\u05ea\u05bc\u05b7\u05de\u05bc\u05d5\u05bc \u05d0\u05d5\u05b9\u05d9\u05b0\u05d1\u05b5\u05d9\u05e0\u05d5\u05bc \u05d5\u05b0\u05e9\u05c2\u05d5\u05b9\u05e0\u05b0\u05d0\u05b5\u05d9\u05e0\u05d5\u05bc \u05d5\u05b0\u05db\u05b8\u05dc \u05de\u05b0\u05d1\u05b7\u05e7\u05b0\u05e9\u05c1\u05b5\u05d9 \u05e8\u05b8\u05e2\u05b8\u05ea\u05b5\u05e0\u05d5\u05bc<\/p>\n<p>Jehi ratson milefane&#8217;ha Ado-naj Elo-Henu vElohe avotenu, cheyitamu ojvenu vessonenu veehol mevakche ra&#8217;atenu.<\/p>\n<p>M\u00f6ge es Dein Wille sein, Ewiger, unser D.G., und D.G. unserer V\u00e4ter, dass es ein Ende gibt mit unseren Feinden, denen, die uns hassen, und allen, die uns B\u00f6ses wollen.<\/p>\n<p><b>AUDIO 2 : Segen der zweiten Dattel &#8211; Avner Azoulay<\/b><\/p>\n<audio class=\"wp-audio-shortcode\" id=\"audio-87250-2\" preload=\"none\" style=\"width: 100%;\" controls=\"controls\"><source type=\"audio\/mpeg\" src=\"https:\/\/www.iemj.org\/wp-content\/uploads\/2022\/09\/02_Benediction-de-la-2eme-datte_Avner-Azoulay.mp3?_=2\" \/><a href=\"https:\/\/www.iemj.org\/wp-content\/uploads\/2022\/09\/02_Benediction-de-la-2eme-datte_Avner-Azoulay.mp3\">https:\/\/www.iemj.org\/wp-content\/uploads\/2022\/09\/02_Benediction-de-la-2eme-datte_Avner-Azoulay.mp3<\/a><\/audio>\n<ul>\n<li>Wei\u00dfe Bohnen (\u05e8\u05d5\u05d1\u05d9\u05d0\u2014\u05dc\u05d5\u05d1\u05d9\u05d0)<\/li>\n<\/ul>\n<p>(Der folgende Segen \u00fcber das Gem\u00fcse wird nur gesprochen, wenn der Segen \u00fcber das Brot nicht gesprochen wurde.)<\/p>\n<p>\u05d1\u05bc\u05b8\u05e8\u05d5\u05bc\u05da\u05b0 \u05d0\u05b7\u05ea\u05bc\u05b8\u05d4 \u05d4&#8216; \u05d0\u05b1\u05dc\u05b9\u05d4\u05d9\u05e0\u05d5\u05bc \u05de\u05b6\u05dc\u05b6\u05da\u05b0 \u05d4\u05b8\u05e2\u05d5\u05b9\u05dc\u05b8\u05dd \u05d1\u05bc\u05d5\u05b9\u05e8\u05b5\u05d0 \u05e4\u05bc\u05b0\u05e8\u05b4\u05d9 \u05d4\u05b8\u05d0\u05b2\u05d3\u05b8\u05de\u05b8\u05d4<\/p>\n<p>Baru&#8217;h ata Ado-naj Elohenu Mele&#8217;h Haolam bore peri haadamah.<\/p>\n<p>Gepriesen seist du, Ewiger, unser G&#8217;tt, K\u00f6nig des Universums, der du die Frucht der Erde erschaffst.<\/p>\n<p><b>AUDIO 3: Segen vor wei\u00dfen Bohnen &#8211; Avner Azoulay<\/b><\/p>\n<audio class=\"wp-audio-shortcode\" id=\"audio-87250-3\" preload=\"none\" style=\"width: 100%;\" controls=\"controls\"><source type=\"audio\/mpeg\" src=\"https:\/\/www.iemj.org\/wp-content\/uploads\/2022\/09\/03_Benediction-avant-haricots-blancs-_Avner-Azoulay.mp3?_=3\" \/><a href=\"https:\/\/www.iemj.org\/wp-content\/uploads\/2022\/09\/03_Benediction-avant-haricots-blancs-_Avner-Azoulay.mp3\">https:\/\/www.iemj.org\/wp-content\/uploads\/2022\/09\/03_Benediction-avant-haricots-blancs-_Avner-Azoulay.mp3<\/a><\/audio>\n<p>Man nimmt ein paar wei\u00dfe Bohnen und sagt:<\/p>\n<p>\u05d9\u05b0\u05d4\u05b4\u05d9 \u05e8\u05b8\u05e6\u05d5\u05b9\u05df \u05de\u05b4\u05dc\u05bc\u05b0\u05e4\u05b8\u05e0\u05b6\u05d9\u05da\u05b8 \u05d4&#8216; \u05d0\u05b1\u05dc\u05b9\u05d4\u05d9\u05e0\u05d5\u05bc \u05d5\u05b5\u05d0\u05dc\u05b9\u05b5\u05d4\u05d9 \u05d0\u05b2\u05d1\u05d5\u05b9\u05ea\u05b5\u05d9\u05e0\u05d5\u05bc, \u05e9\u05c1\u05b6\u05d9\u05bc\u05b4\u05e8\u05b0\u05d1\u05bc\u05d5\u05bc \u05d6\u05b8\u05db\u05b4\u05d9\u05bc\u05d5\u05b9\u05ea\u05b5\u05d9\u05e0\u05d5\u05bc \u05d5\u05bc\u05ea\u05b0\u05dc\u05b7\u05d1\u05bc\u05b0\u05d1\u05b5\u05e0\u05d5\u05bc<\/p>\n<p>Yehi ratson milefane&#8217;ha Ado-naj Elo-henu vElo-he avotenu, cheyirbu zakhuyotenu utelabevenu.<\/p>\n<p>M\u00f6ge es Dein Wille sein, Ewiger, unser D.G. und D.G. unserer V\u00e4ter, dass unsere Verdienste sich vermehren und Du uns zu Herzen nimmst.<\/p>\n<p><b>AUDIO 4: Segen der wei\u00dfen Bohnen &#8211; Avner Azoulay<\/b><\/p>\n<audio class=\"wp-audio-shortcode\" id=\"audio-87250-4\" preload=\"none\" style=\"width: 100%;\" controls=\"controls\"><source type=\"audio\/mpeg\" src=\"https:\/\/www.iemj.org\/wp-content\/uploads\/2022\/09\/04_Benediction-des-haricots-blancs-_Avner-Azoulay.mp3?_=4\" \/><a href=\"https:\/\/www.iemj.org\/wp-content\/uploads\/2022\/09\/04_Benediction-des-haricots-blancs-_Avner-Azoulay.mp3\">https:\/\/www.iemj.org\/wp-content\/uploads\/2022\/09\/04_Benediction-des-haricots-blancs-_Avner-Azoulay.mp3<\/a><\/audio>\n<ul>\n<li>Der Lauch\u00a0(\u05db\u05e8\u05ea\u05d9)<\/li>\n<\/ul>\n<p>Man f\u00fchrt etwas Lauch an den Mund und stimmt folgenden Segensspruch an:<\/p>\n<p>\u05d9\u05b0\u05d4\u05b4\u05d9 \u05e8\u05b8\u05e6\u05d5\u05b9\u05df \u05de\u05b4\u05dc\u05bc\u05b0\u05e4\u05b8\u05e0\u05b6\u05d9\u05da\u05b8 \u05d4&#8216; \u05d0\u05b1\u05dc\u05b9\u05d4\u05d9\u05e0\u05d5\u05bc \u05d5\u05b5\u05d0\u05dc\u05b9\u05b5\u05d4\u05d9 \u05d0\u05b2\u05d1\u05d5\u05b9\u05ea\u05b5\u05d9\u05e0\u05d5\u05bc, \u05e9\u05c1\u05b6\u05d9\u05bc\u05b4\u05db\u05bc\u05b8\u05e8\u05b0\u05ea\u05d5\u05bc \u05d0\u05d5\u05b9\u05d9\u05b0\u05d1\u05b5\u05d9\u05e0\u05d5\u05bc \u05d5\u05b0\u05e9\u05c2\u05d5\u05b9\u05e0\u05b0\u05d0\u05b5\u05d9\u05e0\u05d5\u05bc \u05d5\u05b0\u05db\u05b8\u05dc \u05de\u05b0\u05d1\u05b7\u05e7\u05b0\u05e9\u05c1\u05b5\u05d9 \u05e8\u05b8\u05e2\u05b8\u05ea\u05b5\u05e0\u05d5\u05bc<\/p>\n<p>Jehi ratson milefane&#8217;ha Ado-naj Elo-henu vElo-he avotenu, cheyi&#8217;hretu ojvenu vessonenu ve&#8217;hol mevakche ra&#8217;atenu<\/p>\n<p>M\u00f6ge es Dein Wille sein, Ewiger, unser D.G., und D.G. unserer V\u00e4ter, dass unsere Feinde niedergeschlagen werden, die uns hassen, und alle, die uns B\u00f6ses wollen.<\/p>\n<p><b>AUDIO 5: Segnung von Lauch &#8211; Avner Azoulay<\/b><\/p>\n<audio class=\"wp-audio-shortcode\" id=\"audio-87250-5\" preload=\"none\" style=\"width: 100%;\" controls=\"controls\"><source type=\"audio\/mpeg\" src=\"https:\/\/www.iemj.org\/wp-content\/uploads\/2022\/09\/05_Benediction-des-poireaux_Avner-Azoulay.mp3?_=5\" \/><a href=\"https:\/\/www.iemj.org\/wp-content\/uploads\/2022\/09\/05_Benediction-des-poireaux_Avner-Azoulay.mp3\">https:\/\/www.iemj.org\/wp-content\/uploads\/2022\/09\/05_Benediction-des-poireaux_Avner-Azoulay.mp3<\/a><\/audio>\n<ul>\n<li>Die R\u00fcben\u00a0(\u05e1\u05dc\u05e7\u05d0)<\/li>\n<\/ul>\n<p>Man nimmt R\u00fcben und singt:<\/p>\n<p>\u05d9\u05b0\u05d4\u05b4\u05d9 \u05e8\u05b8\u05e6\u05d5\u05b9\u05df \u05de\u05b4\u05dc\u05bc\u05b0\u05e4\u05b8\u05e0\u05b6\u05d9\u05da\u05b8 \u05d4&#8216; \u05d0\u05b1\u05dc\u05b9\u05d4\u05d9\u05e0\u05d5\u05bc \u05d5\u05b5\u05d0\u05dc\u05b9\u05b5\u05d4\u05d9 \u05d0\u05b2\u05d1\u05d5\u05b9\u05ea\u05b5\u05d9\u05e0\u05d5\u05bc, \u05e9\u05c1\u05b6\u05d9\u05bc\u05b4\u05e1\u05b0\u05ea\u05bc\u05b7\u05dc\u05bc\u05b0\u05e7\u05d5\u05bc \u05d0\u05d5\u05b9\u05d9\u05b0\u05d1\u05b5\u05d9\u05e0\u05d5\u05bc \u05d5\u05b0\u05e9\u05c2\u05d5\u05b9\u05e0\u05b0\u05d0\u05b5\u05d9\u05e0\u05d5\u05bc \u05d5\u05b0\u05db\u05b8\u05dc \u05de\u05b0\u05d1\u05b7\u05e7\u05b0\u05e9\u05c1\u05b5\u05d9 \u05e8\u05b8\u05e2\u05b8\u05ea\u05b5\u05e0\u05d5\u05bc<\/p>\n<p>Jehi ratson milefane&#8217;ha Ado-naj Elo-Henu vElo-he avotenu, cheyistalku ojvenu vessonenu ve&#8217;hol mevakche ra&#8217;atenu.<\/p>\n<p>M\u00f6ge es Dein Wille sein, Ewiger, unser D.G., und D.G. unserer V\u00e4ter, dass unsere Feinde verschwinden, die uns hassen, und alle, die uns B\u00f6ses wollen.<\/p>\n<p><b>AUDIO 6: Segnung der R\u00fcben &#8211; Avner Azoulay<\/b><\/p>\n<audio class=\"wp-audio-shortcode\" id=\"audio-87250-6\" preload=\"none\" style=\"width: 100%;\" controls=\"controls\"><source type=\"audio\/mpeg\" src=\"https:\/\/www.iemj.org\/wp-content\/uploads\/2022\/09\/06_Benediction-des-betteraves_Avner-Azoulay.mp3?_=6\" \/><a href=\"https:\/\/www.iemj.org\/wp-content\/uploads\/2022\/09\/06_Benediction-des-betteraves_Avner-Azoulay.mp3\">https:\/\/www.iemj.org\/wp-content\/uploads\/2022\/09\/06_Benediction-des-betteraves_Avner-Azoulay.mp3<\/a><\/audio>\n<p>Der K\u00fcrbis\u00a0(\u05e7\u05e8\u05d0)<\/p>\n<p>Man nimmt den K\u00fcrbis und singt:<\/p>\n<p>\u05d9\u05b0\u05d4\u05b4\u05d9 \u05e8\u05b8\u05e6\u05d5\u05b9\u05df \u05de\u05b4\u05dc\u05bc\u05b0\u05e4\u05b8\u05e0\u05b6\u05d9\u05da\u05b8 \u05d4&#8216; \u05d0\u05b1\u05dc\u05b9\u05d4\u05d9\u05e0\u05d5\u05bc \u05d5\u05b5\u05d0\u05dc\u05b9\u05b5\u05d4\u05d9 \u05d0\u05b2\u05d1\u05d5\u05b9\u05ea\u05b5\u05d9\u05e0\u05d5\u05bc, \u05e9\u05c1\u05b6\u05ea\u05bc\u05b4\u05e7\u05b0\u05e8\u05b7\u05e2 \u05e8\u05d5\u05b9\u05e2\u05b7 \u05d2\u05bc\u05b0\u05d6\u05b7\u05e8 \u05d3\u05bc\u05b4\u05d9\u05e0\u05b5\u05e0\u05d5\u05bc, \u05d5\u05b0\u05d9\u05b4\u05e7\u05bc\u05b8\u05e8\u05b0\u05d0\u05d5\u05bc \u05dc\u05b0\u05e4\u05b8\u05e0\u05b6\u05d9\u05da\u05b8 \u05d6\u05b8\u05db\u05b4\u05d9\u05bc\u05d5\u05b9\u05ea\u05b5\u05d9\u05e0\u05d5\u05bc<\/p>\n<p>Jehi ratson milefane&#8217;ha Ado-naj Elo-henu vElo-he avotenu, chetikra&#8216; ro&#8217;a gzar dinenu, veyikaru lefane&#8217;ha za&#8217;hiyotenu.<\/p>\n<p>M\u00f6ge es Dein Wille sein, Ewiger, unser D.G. und D.G. unserer V\u00e4ter, dass das B\u00f6se unseres Urteils zerrissen wird und dass unsere Verdienste vor Dir verk\u00fcndet werden.<\/p>\n<p><b>AUDIO 7: Segen des K\u00fcrbis &#8211; Avner Azoulay<\/b><\/p>\n<audio class=\"wp-audio-shortcode\" id=\"audio-87250-7\" preload=\"none\" style=\"width: 100%;\" controls=\"controls\"><source type=\"audio\/mpeg\" src=\"https:\/\/www.iemj.org\/wp-content\/uploads\/2022\/09\/07_Benediction-de-la-courge_Avner-Azoulay.mp3?_=7\" \/><a href=\"https:\/\/www.iemj.org\/wp-content\/uploads\/2022\/09\/07_Benediction-de-la-courge_Avner-Azoulay.mp3\">https:\/\/www.iemj.org\/wp-content\/uploads\/2022\/09\/07_Benediction-de-la-courge_Avner-Azoulay.mp3<\/a><\/audio>\n<ul>\n<li>Der Granatapfel\u00a0(\u05e8\u05d9\u05de\u05d5\u05df)<\/li>\n<\/ul>\n<p>Man nimmt den Granatapfel und singt:<\/p>\n<p>\u05d9\u05b0\u05d4\u05b4\u05d9 \u05e8\u05b8\u05e6\u05d5\u05b9\u05df \u05de\u05b4\u05dc\u05bc\u05b0\u05e4\u05b8\u05e0\u05b6\u05d9\u05da\u05b8 \u05d4&#8216; \u05d0\u05b1\u05dc\u05b9\u05d4\u05d9\u05e0\u05d5\u05bc \u05d5\u05b5\u05d0\u05dc\u05b9\u05b5\u05d4\u05d9 \u05d0\u05b2\u05d1\u05d5\u05b9\u05ea\u05b5\u05d9\u05e0\u05d5\u05bc, \u05e9\u05c1\u05b6\u05e0\u05bc\u05b4\u05d4\u05b0\u05d9\u05b6\u05d4 \u05de\u05b0\u05dc\u05b5\u05d0\u05b4\u05d9\u05dd \u05de\u05b4\u05e6\u05b0\u05d5\u05b9\u05ea \u05db\u05bc\u05b8\u05e8\u05b4\u05de\u05bc\u05d5\u05b9\u05df<\/p>\n<p>Jehi ratson milefane&#8217;ha Ado-naj Elo-henu vElo-he avotenu, chenihye meleyim mitsvot karimon.<\/p>\n<p>M\u00f6ge es Dein Wille sein, Ewiger, unser D.G. und D.G. unserer V\u00e4ter, dass wir mit Mizwot gef\u00fcllt werden, wie der Granatapfel [mit K\u00f6rnern gef\u00fcllt ist].<\/p>\n<p><b>AUDIO 8: Segen des Granatapfels &#8211; Variante 1 &#8211; Avner Azoulay<\/b><\/p>\n<audio class=\"wp-audio-shortcode\" id=\"audio-87250-8\" preload=\"none\" style=\"width: 100%;\" controls=\"controls\"><source type=\"audio\/mpeg\" src=\"https:\/\/www.iemj.org\/wp-content\/uploads\/2022\/09\/08_Benediction-de-la-grenade_variante-1_Avner-Azoulay.mp3?_=8\" \/><a href=\"https:\/\/www.iemj.org\/wp-content\/uploads\/2022\/09\/08_Benediction-de-la-grenade_variante-1_Avner-Azoulay.mp3\">https:\/\/www.iemj.org\/wp-content\/uploads\/2022\/09\/08_Benediction-de-la-grenade_variante-1_Avner-Azoulay.mp3<\/a><\/audio>\n<p>Manche sagen stattdessen:<\/p>\n<p>\u05d9\u05b0\u05d4\u05b4\u05d9 \u05e8\u05b8\u05e6\u05d5\u05b9\u05df \u05de\u05b4\u05dc\u05bc\u05b0\u05e4\u05b8\u05e0\u05b6\u05d9\u05da\u05b8 \u05d4&#8216; \u05d0\u05b1\u05dc\u05b9\u05d4\u05d9\u05e0\u05d5\u05bc \u05d5\u05b5\u05d0\u05dc\u05b9\u05b5\u05d4\u05d9 \u05d0\u05b2\u05d1\u05d5\u05b9\u05ea\u05b5\u05d9\u05e0\u05d5\u05bc, \u05e9\u05c1\u05b6\u05d9\u05bc\u05b4\u05e8\u05b0\u05d1\u05bc\u05d5\u05bc \u05d6\u05b8\u05db\u05b4\u05d9\u05bc\u05d5\u05b9\u05ea\u05b5\u05d9\u05e0\u05d5\u05bc \u05db\u05bc\u05b8\u05e8\u05b4\u05de\u05bc\u05d5\u05b9\u05df<\/p>\n<p>Jehi ratson milefane&#8217;ha Ado-naj Elo-henu vElo-he avotenu, cheyirbu sa&#8217;hiyotenu karimon.<\/p>\n<p>M\u00f6ge es Dein Wille sein, Ewiger, unser D.G. und D.G. unserer V\u00e4ter, dass unsere Verdienste sich vermehren wie [die K\u00f6rner des] Granatapfels.<\/p>\n<p><strong>AUDIO 9: Segen des Granatapfels &#8211; Variante 2\u00a0&#8211; Avner Azoulay<\/strong><\/p>\n<audio class=\"wp-audio-shortcode\" id=\"audio-87250-9\" preload=\"none\" style=\"width: 100%;\" controls=\"controls\"><source type=\"audio\/mpeg\" src=\"https:\/\/www.iemj.org\/wp-content\/uploads\/2022\/09\/09_Benediction-de-la-grenade_variante-2_Avner-Azoulay.mp3?_=9\" \/><a href=\"https:\/\/www.iemj.org\/wp-content\/uploads\/2022\/09\/09_Benediction-de-la-grenade_variante-2_Avner-Azoulay.mp3\">https:\/\/www.iemj.org\/wp-content\/uploads\/2022\/09\/09_Benediction-de-la-grenade_variante-2_Avner-Azoulay.mp3<\/a><\/audio>\n<p>Der Apfel und der Honig (\u05ea\u05e4\u05d5\u05d7 \u05d1\u05d3\u05d1\u05e9)<\/p>\n<p>Man taucht den Apfel in Honig &#8211; manche pflegen auch in Zucker gekochten Apfel zu verwenden &#8211; und rezitiert:<\/p>\n<p>\u05d9\u05b0\u05d4\u05b4\u05d9 \u05e8\u05b8\u05e6\u05d5\u05b9\u05df \u05de\u05b4\u05dc\u05bc\u05b0\u05e4\u05b8\u05e0\u05b6\u05d9\u05da\u05b8 \u05d4&#8216; \u05d0\u05b1\u05dc\u05b9\u05d4\u05d9\u05e0\u05d5\u05bc \u05d5\u05b5\u05d0\u05dc\u05b9\u05b5\u05d4\u05d9 \u05d0\u05b2\u05d1\u05d5\u05b9\u05ea\u05b5\u05d9\u05e0\u05d5\u05bc, \u05e9\u05c1\u05b6\u05ea\u05bc\u05b0\u05d7\u05b7\u05d3\u05bc\u05b5\u05e9\u05c1 \u05e2\u05b8\u05dc\u05b5\u05d9\u05e0\u05d5\u05bc \u05e9\u05c1\u05b8\u05e0\u05b8\u05d4 \u05d8\u05d5\u05b9\u05d1\u05b8\u05d4 \u05d5\u05bc\u05de\u05b0\u05ea\u05d5\u05bc\u05e7\u05b8\u05d4 \u05db\u05bc\u05b7\u05d3\u05bc\u05b0\u05d1\u05b8\u05e9\u05c1<\/p>\n<p>Jehi ratson milefane&#8217;ha Ado-naj Elo-Henu vElo-he avotenu, schete&#8217;hadesch alenu schana towa umetuka kadewasch.<\/p>\n<p>M\u00f6ge es Dein Wille sein, Ewiger, unser D.G. und D.G. unserer V\u00e4ter, dass Du f\u00fcr uns ein gutes und honigs\u00fc\u00dfes Jahr erneuerst.<\/p>\n<p><strong>AUDIO 10: Segen des Apfels &#8211; Avner Azoulay<\/strong><\/p>\n<audio class=\"wp-audio-shortcode\" id=\"audio-87250-10\" preload=\"none\" style=\"width: 100%;\" controls=\"controls\"><source type=\"audio\/mpeg\" src=\"https:\/\/www.iemj.org\/wp-content\/uploads\/2022\/09\/10_Benediction-de-la-pomme_Avner-Azoulay.mp3?_=10\" \/><a href=\"https:\/\/www.iemj.org\/wp-content\/uploads\/2022\/09\/10_Benediction-de-la-pomme_Avner-Azoulay.mp3\">https:\/\/www.iemj.org\/wp-content\/uploads\/2022\/09\/10_Benediction-de-la-pomme_Avner-Azoulay.mp3<\/a><\/audio>\n<ul>\n<li>Der Kopf eines Widders (oder eines anderen koscheren Tieres oder Fisches)\u00a0(\u05e8\u05d0\u05e9 \u05db\u05d1\u05e9)<\/li>\n<\/ul>\n<p>Man nimmt etwas Fleisch und singt den folgenden Segen:<\/p>\n<p>\u05d9\u05b0\u05d4\u05b4\u05d9 \u05e8\u05b8\u05e6\u05d5\u05b9\u05df \u05de\u05b4\u05dc\u05bc\u05b0\u05e4\u05b8\u05e0\u05b6\u05d9\u05da\u05b8 \u05d4&#8216; \u05d0\u05b1\u05dc\u05b9\u05d4\u05d9\u05e0\u05d5\u05bc \u05d5\u05b5\u05d0\u05dc\u05b9\u05b5\u05d4\u05d9 \u05d0\u05b2\u05d1\u05d5\u05b9\u05ea\u05b5\u05d9\u05e0\u05d5\u05bc, \u05e9\u05c1\u05b6\u05e0\u05bc\u05b4\u05d4\u05b0\u05d9\u05b6\u05d4 \u05dc\u05b0\u05e8\u05b9\u05d0\u05e9\u05c1 \u05d5\u05b0\u05dc\u05b9\u05d0 \u05dc\u05b0\u05d6\u05b8\u05e0\u05b8\u05d1<\/p>\n<p>Jehi ratson milefane&#8217;ha Ado-nai Elo-Henu vElo-he avotenu, chenihye lerosh velo lezanav.<\/p>\n<p>M\u00f6ge es Dein Wille sein, Ewiger, unser D.G. und D.G. unserer V\u00e4ter, dass wir an der Spitze stehen und nicht am Schwanz<\/p>\n<p><b>AUDIO 11: Segnung des Kopfes eines Fisches oder Widders &#8211; Avner Azoulay<\/b><\/p>\n<audio class=\"wp-audio-shortcode\" id=\"audio-87250-11\" preload=\"none\" style=\"width: 100%;\" controls=\"controls\"><source type=\"audio\/mpeg\" src=\"https:\/\/www.iemj.org\/wp-content\/uploads\/2022\/09\/11_Benediction-de-la-tete-de-poisson-ou-belier_Avner-Azoulay.mp3?_=11\" \/><a href=\"https:\/\/www.iemj.org\/wp-content\/uploads\/2022\/09\/11_Benediction-de-la-tete-de-poisson-ou-belier_Avner-Azoulay.mp3\">https:\/\/www.iemj.org\/wp-content\/uploads\/2022\/09\/11_Benediction-de-la-tete-de-poisson-ou-belier_Avner-Azoulay.mp3<\/a><\/audio>\n<p>Das Folgende wird nur f\u00fcr einen Widderkopf hinzugef\u00fcgt :<\/p>\n<p>\u05d5\u05b0\u05ea\u05b4\u05d6\u05b0\u05db\u05bc\u05b9\u05e8 \u05dc\u05b8\u05e0\u05d5\u05bc \u05e2\u05b2\u05e7\u05b5\u05d3\u05b8\u05ea\u05d5\u05b9 \u05d5\u05b0\u05d0\u05b5\u05d9\u05dc\u05d5\u05b9 \u05e9\u05c1\u05b6\u05dc \u05d9\u05b4\u05e6\u05b0\u05d7\u05b8\u05e7 \u05d0\u05b8\u05d1\u05b4\u05d9\u05e0\u05d5\u05bc \u05d1\u05bc\u05b6\u05df \u05d0\u05b7\u05d1\u05b0\u05e8\u05b8\u05d4\u05b8\u05dd \u05d0\u05b8\u05d1\u05b4\u05d9\u05e0\u05d5\u05bc \u05e2\u05b7\u05dc\u05b5\u05d9\u05d4\u05b6\u05dd \u05d4\u05b7\u05e9\u05bc\u05c1\u05b8\u05dc\u05d5\u05b9\u05dd<\/p>\n<p>Vetizkor lanu akedato shel Yits&#8217;hak avinou ben Avraham avinou ale&#8217;hem hashalom.<\/p>\n<p>Und Du wirst f\u00fcr uns der Bindung unseres Vaters Isaak gedenken, des Sohnes unseres Vaters Abraham, Friede sei mit ihnen.<\/p>\n<p><b>AUDIO 12: Segen des Widderkopfes &#8211; Teil 2 &#8211; Avner Azoulay<\/b><\/p>\n<audio class=\"wp-audio-shortcode\" id=\"audio-87250-12\" preload=\"none\" style=\"width: 100%;\" controls=\"controls\"><source type=\"audio\/mpeg\" src=\"https:\/\/www.iemj.org\/wp-content\/uploads\/2022\/09\/12_Benediction-tete-de-belier-2nde-partie_Avner-Azoulay.mp3?_=12\" \/><a href=\"https:\/\/www.iemj.org\/wp-content\/uploads\/2022\/09\/12_Benediction-tete-de-belier-2nde-partie_Avner-Azoulay.mp3\">https:\/\/www.iemj.org\/wp-content\/uploads\/2022\/09\/12_Benediction-tete-de-belier-2nde-partie_Avner-Azoulay.mp3<\/a><\/audio>\n<p>Im Player unter diesem Artikel finden Sie die Aufnahmen dieser etwas verzierteren Segnungen im traditionellen marokkanischen Ritus.<\/p>\n<p>Viel Spa\u00df beim Probieren und &#8230; Schana Tova!<\/p>\n<p><a href=\"https:\/\/www.iemj.org\/de\/sujet\/rosch-haschana-de\/\" target=\"_blank\" rel=\"noopener\">Andere Artikel auf unserer Webseite \u00fcber Musik zu Rosch Haschana besuchen.<\/a><\/p>\n<p><a href=\"http:\/\/www.rachelnet.net\/F\/?func=find-c&amp;ccl_term=WRD+%3D+Roch+Hachana&amp;local_base=iemcg\" target=\"_blank\" rel=\"noopener\">Sehen Sie sich unsere Musiksammlungen zu Rosch-Haschana an.<\/a><\/p>\n","protected":false},"excerpt":{"rendered":"<p>Rosch Haschana (\u05e8\u05d0\u05e9 \u05d4\u05e9\u05e0\u05d4) ist ein Fest, das den Beginn des neuen j\u00fcdischen Jahres markiert. Es wird sowohl in Israel als auch in der Diaspora an den ersten beiden Tagen<\/p>\n","protected":false},"author":5,"featured_media":87133,"comment_status":"closed","ping_status":"closed","sticky":false,"template":"","format":"standard","meta":{"_acf_changed":false,"footnotes":""},"categories":[1406,1410],"tags":[],"technique":[],"squelettes":[],"sujet":[1850],"formation":[],"genre":[],"fonds":[],"tradition":[],"type-de-contenu":[],"interprete-compositeur":[],"frise":[],"type-devenement":[],"tableaux-liens-externes":[],"class_list":["post-87250","post","type-post","status-publish","format-standard","has-post-thumbnail","hentry","category-hintergrundartikel-de","category-liturgische-musik-de","sujet-rosch-haschana-de"],"acf":[],"yoast_head":"<!-- This site is optimized with the Yoast SEO plugin v27.3 - https:\/\/yoast.com\/product\/yoast-seo-wordpress\/ -->\n<title>Der Seder von Rosch Haschana bei den Nordafrikanischen Juden - Institut Europ\u00e9en des Musiques Juives<\/title>\n<meta name=\"robots\" content=\"index, follow, max-snippet:-1, max-image-preview:large, max-video-preview:-1\" \/>\n<link rel=\"canonical\" href=\"https:\/\/www.iemj.org\/de\/le-seder-de-roch-hachana-chez-les-juifs-d-afrique-du-nord\/\" \/>\n<meta property=\"og:locale\" content=\"de_DE\" \/>\n<meta property=\"og:type\" content=\"article\" \/>\n<meta property=\"og:title\" content=\"Der Seder von Rosch Haschana bei den Nordafrikanischen Juden - Institut Europ\u00e9en des Musiques Juives\" \/>\n<meta property=\"og:description\" content=\"Rosch Haschana (\u05e8\u05d0\u05e9 \u05d4\u05e9\u05e0\u05d4) ist ein Fest, das den Beginn des neuen j\u00fcdischen Jahres markiert. Es wird sowohl in Israel als auch in der Diaspora an den ersten beiden Tagen\" \/>\n<meta property=\"og:url\" content=\"https:\/\/www.iemj.org\/de\/le-seder-de-roch-hachana-chez-les-juifs-d-afrique-du-nord\/\" \/>\n<meta property=\"og:site_name\" content=\"Institut Europ\u00e9en des Musiques Juives\" \/>\n<meta property=\"article:publisher\" content=\"https:\/\/www.facebook.com\/MusiquesJuives\/\" \/>\n<meta property=\"article:published_time\" content=\"2022-09-13T15:21:31+00:00\" \/>\n<meta property=\"article:modified_time\" content=\"2022-12-29T09:28:33+00:00\" \/>\n<meta property=\"og:image\" content=\"https:\/\/www.iemj.org\/wp-content\/uploads\/2022\/09\/Logo-Roch-Hachana.jpg\" \/>\n\t<meta property=\"og:image:width\" content=\"500\" \/>\n\t<meta property=\"og:image:height\" content=\"500\" \/>\n\t<meta property=\"og:image:type\" content=\"image\/jpeg\" \/>\n<meta name=\"author\" content=\"Jacqueline ROTEN\" \/>\n<meta name=\"twitter:card\" content=\"summary_large_image\" \/>\n<meta name=\"twitter:label1\" content=\"Verfasst von\" \/>\n\t<meta name=\"twitter:data1\" content=\"Jacqueline ROTEN\" \/>\n\t<meta name=\"twitter:label2\" content=\"Gesch\u00e4tzte Lesezeit\" \/>\n\t<meta name=\"twitter:data2\" content=\"7\u00a0Minuten\" \/>\n<script type=\"application\/ld+json\" class=\"yoast-schema-graph\">{\"@context\":\"https:\\\/\\\/schema.org\",\"@graph\":[{\"@type\":\"Article\",\"@id\":\"https:\\\/\\\/www.iemj.org\\\/de\\\/le-seder-de-roch-hachana-chez-les-juifs-d-afrique-du-nord\\\/#article\",\"isPartOf\":{\"@id\":\"https:\\\/\\\/www.iemj.org\\\/de\\\/le-seder-de-roch-hachana-chez-les-juifs-d-afrique-du-nord\\\/\"},\"author\":{\"name\":\"Jacqueline ROTEN\",\"@id\":\"https:\\\/\\\/www.iemj.org\\\/de\\\/#\\\/schema\\\/person\\\/358e26c18aca017fcc4cc15437f7279c\"},\"headline\":\"Der Seder von Rosch Haschana bei den Nordafrikanischen Juden\",\"datePublished\":\"2022-09-13T15:21:31+00:00\",\"dateModified\":\"2022-12-29T09:28:33+00:00\",\"mainEntityOfPage\":{\"@id\":\"https:\\\/\\\/www.iemj.org\\\/de\\\/le-seder-de-roch-hachana-chez-les-juifs-d-afrique-du-nord\\\/\"},\"wordCount\":1302,\"publisher\":{\"@id\":\"https:\\\/\\\/www.iemj.org\\\/de\\\/#organization\"},\"image\":{\"@id\":\"https:\\\/\\\/www.iemj.org\\\/de\\\/le-seder-de-roch-hachana-chez-les-juifs-d-afrique-du-nord\\\/#primaryimage\"},\"thumbnailUrl\":\"https:\\\/\\\/www.iemj.org\\\/wp-content\\\/uploads\\\/2022\\\/09\\\/Logo-Roch-Hachana.jpg\",\"articleSection\":[\"Hintergrundartikel\",\"Liturgische Musik\"],\"inLanguage\":\"de\"},{\"@type\":\"WebPage\",\"@id\":\"https:\\\/\\\/www.iemj.org\\\/de\\\/le-seder-de-roch-hachana-chez-les-juifs-d-afrique-du-nord\\\/\",\"url\":\"https:\\\/\\\/www.iemj.org\\\/de\\\/le-seder-de-roch-hachana-chez-les-juifs-d-afrique-du-nord\\\/\",\"name\":\"Der Seder von Rosch Haschana bei den Nordafrikanischen Juden - Institut Europ\u00e9en des Musiques Juives\",\"isPartOf\":{\"@id\":\"https:\\\/\\\/www.iemj.org\\\/de\\\/#website\"},\"primaryImageOfPage\":{\"@id\":\"https:\\\/\\\/www.iemj.org\\\/de\\\/le-seder-de-roch-hachana-chez-les-juifs-d-afrique-du-nord\\\/#primaryimage\"},\"image\":{\"@id\":\"https:\\\/\\\/www.iemj.org\\\/de\\\/le-seder-de-roch-hachana-chez-les-juifs-d-afrique-du-nord\\\/#primaryimage\"},\"thumbnailUrl\":\"https:\\\/\\\/www.iemj.org\\\/wp-content\\\/uploads\\\/2022\\\/09\\\/Logo-Roch-Hachana.jpg\",\"datePublished\":\"2022-09-13T15:21:31+00:00\",\"dateModified\":\"2022-12-29T09:28:33+00:00\",\"breadcrumb\":{\"@id\":\"https:\\\/\\\/www.iemj.org\\\/de\\\/le-seder-de-roch-hachana-chez-les-juifs-d-afrique-du-nord\\\/#breadcrumb\"},\"inLanguage\":\"de\",\"potentialAction\":[{\"@type\":\"ReadAction\",\"target\":[\"https:\\\/\\\/www.iemj.org\\\/de\\\/le-seder-de-roch-hachana-chez-les-juifs-d-afrique-du-nord\\\/\"]}]},{\"@type\":\"ImageObject\",\"inLanguage\":\"de\",\"@id\":\"https:\\\/\\\/www.iemj.org\\\/de\\\/le-seder-de-roch-hachana-chez-les-juifs-d-afrique-du-nord\\\/#primaryimage\",\"url\":\"https:\\\/\\\/www.iemj.org\\\/wp-content\\\/uploads\\\/2022\\\/09\\\/Logo-Roch-Hachana.jpg\",\"contentUrl\":\"https:\\\/\\\/www.iemj.org\\\/wp-content\\\/uploads\\\/2022\\\/09\\\/Logo-Roch-Hachana.jpg\",\"width\":500,\"height\":500},{\"@type\":\"BreadcrumbList\",\"@id\":\"https:\\\/\\\/www.iemj.org\\\/de\\\/le-seder-de-roch-hachana-chez-les-juifs-d-afrique-du-nord\\\/#breadcrumb\",\"itemListElement\":[{\"@type\":\"ListItem\",\"position\":1,\"name\":\"Accueil\",\"item\":\"https:\\\/\\\/www.iemj.org\\\/de\\\/\"},{\"@type\":\"ListItem\",\"position\":2,\"name\":\"Der Seder von Rosch Haschana bei den Nordafrikanischen Juden\"}]},{\"@type\":\"WebSite\",\"@id\":\"https:\\\/\\\/www.iemj.org\\\/de\\\/#website\",\"url\":\"https:\\\/\\\/www.iemj.org\\\/de\\\/\",\"name\":\"Institut Europ\u00e9en des Musiques Juives\",\"description\":\"Des traditions musicales \u00e0 la port\u00e9e de tous\",\"publisher\":{\"@id\":\"https:\\\/\\\/www.iemj.org\\\/de\\\/#organization\"},\"potentialAction\":[{\"@type\":\"SearchAction\",\"target\":{\"@type\":\"EntryPoint\",\"urlTemplate\":\"https:\\\/\\\/www.iemj.org\\\/de\\\/?s={search_term_string}\"},\"query-input\":{\"@type\":\"PropertyValueSpecification\",\"valueRequired\":true,\"valueName\":\"search_term_string\"}}],\"inLanguage\":\"de\"},{\"@type\":\"Organization\",\"@id\":\"https:\\\/\\\/www.iemj.org\\\/de\\\/#organization\",\"name\":\"Institut Europ\u00e9en des Musiques Juives\",\"url\":\"https:\\\/\\\/www.iemj.org\\\/de\\\/\",\"logo\":{\"@type\":\"ImageObject\",\"inLanguage\":\"de\",\"@id\":\"https:\\\/\\\/www.iemj.org\\\/de\\\/#\\\/schema\\\/logo\\\/image\\\/\",\"url\":\"https:\\\/\\\/www.iemj.org\\\/wp-content\\\/uploads\\\/2021\\\/09\\\/Logo-IEMJ-Paypal.jpg\",\"contentUrl\":\"https:\\\/\\\/www.iemj.org\\\/wp-content\\\/uploads\\\/2021\\\/09\\\/Logo-IEMJ-Paypal.jpg\",\"width\":150,\"height\":50,\"caption\":\"Institut Europ\u00e9en des Musiques Juives\"},\"image\":{\"@id\":\"https:\\\/\\\/www.iemj.org\\\/de\\\/#\\\/schema\\\/logo\\\/image\\\/\"},\"sameAs\":[\"https:\\\/\\\/www.facebook.com\\\/MusiquesJuives\\\/\",\"https:\\\/\\\/www.instagram.com\\\/musiquesjuives\\\/\",\"https:\\\/\\\/www.youtube.com\\\/user\\\/musiquesjuives\"]},{\"@type\":\"Person\",\"@id\":\"https:\\\/\\\/www.iemj.org\\\/de\\\/#\\\/schema\\\/person\\\/358e26c18aca017fcc4cc15437f7279c\",\"name\":\"Jacqueline ROTEN\",\"image\":{\"@type\":\"ImageObject\",\"inLanguage\":\"de\",\"@id\":\"https:\\\/\\\/secure.gravatar.com\\\/avatar\\\/5964256d6c6957de3a3505278957e0fb2a35119ac47ea41827a65301213c810b?s=96&d=mm&r=g\",\"url\":\"https:\\\/\\\/secure.gravatar.com\\\/avatar\\\/5964256d6c6957de3a3505278957e0fb2a35119ac47ea41827a65301213c810b?s=96&d=mm&r=g\",\"contentUrl\":\"https:\\\/\\\/secure.gravatar.com\\\/avatar\\\/5964256d6c6957de3a3505278957e0fb2a35119ac47ea41827a65301213c810b?s=96&d=mm&r=g\",\"caption\":\"Jacqueline ROTEN\"}}]}<\/script>\n<!-- \/ Yoast SEO plugin. -->","yoast_head_json":{"title":"Der Seder von Rosch Haschana bei den Nordafrikanischen Juden - Institut Europ\u00e9en des Musiques Juives","robots":{"index":"index","follow":"follow","max-snippet":"max-snippet:-1","max-image-preview":"max-image-preview:large","max-video-preview":"max-video-preview:-1"},"canonical":"https:\/\/www.iemj.org\/de\/le-seder-de-roch-hachana-chez-les-juifs-d-afrique-du-nord\/","og_locale":"de_DE","og_type":"article","og_title":"Der Seder von Rosch Haschana bei den Nordafrikanischen Juden - Institut Europ\u00e9en des Musiques Juives","og_description":"Rosch Haschana (\u05e8\u05d0\u05e9 \u05d4\u05e9\u05e0\u05d4) ist ein Fest, das den Beginn des neuen j\u00fcdischen Jahres markiert. Es wird sowohl in Israel als auch in der Diaspora an den ersten beiden Tagen","og_url":"https:\/\/www.iemj.org\/de\/le-seder-de-roch-hachana-chez-les-juifs-d-afrique-du-nord\/","og_site_name":"Institut Europ\u00e9en des Musiques Juives","article_publisher":"https:\/\/www.facebook.com\/MusiquesJuives\/","article_published_time":"2022-09-13T15:21:31+00:00","article_modified_time":"2022-12-29T09:28:33+00:00","og_image":[{"width":500,"height":500,"url":"https:\/\/www.iemj.org\/wp-content\/uploads\/2022\/09\/Logo-Roch-Hachana.jpg","type":"image\/jpeg"}],"author":"Jacqueline ROTEN","twitter_card":"summary_large_image","twitter_misc":{"Verfasst von":"Jacqueline ROTEN","Gesch\u00e4tzte Lesezeit":"7\u00a0Minuten"},"schema":{"@context":"https:\/\/schema.org","@graph":[{"@type":"Article","@id":"https:\/\/www.iemj.org\/de\/le-seder-de-roch-hachana-chez-les-juifs-d-afrique-du-nord\/#article","isPartOf":{"@id":"https:\/\/www.iemj.org\/de\/le-seder-de-roch-hachana-chez-les-juifs-d-afrique-du-nord\/"},"author":{"name":"Jacqueline ROTEN","@id":"https:\/\/www.iemj.org\/de\/#\/schema\/person\/358e26c18aca017fcc4cc15437f7279c"},"headline":"Der Seder von Rosch Haschana bei den Nordafrikanischen Juden","datePublished":"2022-09-13T15:21:31+00:00","dateModified":"2022-12-29T09:28:33+00:00","mainEntityOfPage":{"@id":"https:\/\/www.iemj.org\/de\/le-seder-de-roch-hachana-chez-les-juifs-d-afrique-du-nord\/"},"wordCount":1302,"publisher":{"@id":"https:\/\/www.iemj.org\/de\/#organization"},"image":{"@id":"https:\/\/www.iemj.org\/de\/le-seder-de-roch-hachana-chez-les-juifs-d-afrique-du-nord\/#primaryimage"},"thumbnailUrl":"https:\/\/www.iemj.org\/wp-content\/uploads\/2022\/09\/Logo-Roch-Hachana.jpg","articleSection":["Hintergrundartikel","Liturgische Musik"],"inLanguage":"de"},{"@type":"WebPage","@id":"https:\/\/www.iemj.org\/de\/le-seder-de-roch-hachana-chez-les-juifs-d-afrique-du-nord\/","url":"https:\/\/www.iemj.org\/de\/le-seder-de-roch-hachana-chez-les-juifs-d-afrique-du-nord\/","name":"Der Seder von Rosch Haschana bei den Nordafrikanischen Juden - Institut Europ\u00e9en des Musiques Juives","isPartOf":{"@id":"https:\/\/www.iemj.org\/de\/#website"},"primaryImageOfPage":{"@id":"https:\/\/www.iemj.org\/de\/le-seder-de-roch-hachana-chez-les-juifs-d-afrique-du-nord\/#primaryimage"},"image":{"@id":"https:\/\/www.iemj.org\/de\/le-seder-de-roch-hachana-chez-les-juifs-d-afrique-du-nord\/#primaryimage"},"thumbnailUrl":"https:\/\/www.iemj.org\/wp-content\/uploads\/2022\/09\/Logo-Roch-Hachana.jpg","datePublished":"2022-09-13T15:21:31+00:00","dateModified":"2022-12-29T09:28:33+00:00","breadcrumb":{"@id":"https:\/\/www.iemj.org\/de\/le-seder-de-roch-hachana-chez-les-juifs-d-afrique-du-nord\/#breadcrumb"},"inLanguage":"de","potentialAction":[{"@type":"ReadAction","target":["https:\/\/www.iemj.org\/de\/le-seder-de-roch-hachana-chez-les-juifs-d-afrique-du-nord\/"]}]},{"@type":"ImageObject","inLanguage":"de","@id":"https:\/\/www.iemj.org\/de\/le-seder-de-roch-hachana-chez-les-juifs-d-afrique-du-nord\/#primaryimage","url":"https:\/\/www.iemj.org\/wp-content\/uploads\/2022\/09\/Logo-Roch-Hachana.jpg","contentUrl":"https:\/\/www.iemj.org\/wp-content\/uploads\/2022\/09\/Logo-Roch-Hachana.jpg","width":500,"height":500},{"@type":"BreadcrumbList","@id":"https:\/\/www.iemj.org\/de\/le-seder-de-roch-hachana-chez-les-juifs-d-afrique-du-nord\/#breadcrumb","itemListElement":[{"@type":"ListItem","position":1,"name":"Accueil","item":"https:\/\/www.iemj.org\/de\/"},{"@type":"ListItem","position":2,"name":"Der Seder von Rosch Haschana bei den Nordafrikanischen Juden"}]},{"@type":"WebSite","@id":"https:\/\/www.iemj.org\/de\/#website","url":"https:\/\/www.iemj.org\/de\/","name":"Institut Europ\u00e9en des Musiques Juives","description":"Des traditions musicales \u00e0 la port\u00e9e de tous","publisher":{"@id":"https:\/\/www.iemj.org\/de\/#organization"},"potentialAction":[{"@type":"SearchAction","target":{"@type":"EntryPoint","urlTemplate":"https:\/\/www.iemj.org\/de\/?s={search_term_string}"},"query-input":{"@type":"PropertyValueSpecification","valueRequired":true,"valueName":"search_term_string"}}],"inLanguage":"de"},{"@type":"Organization","@id":"https:\/\/www.iemj.org\/de\/#organization","name":"Institut Europ\u00e9en des Musiques Juives","url":"https:\/\/www.iemj.org\/de\/","logo":{"@type":"ImageObject","inLanguage":"de","@id":"https:\/\/www.iemj.org\/de\/#\/schema\/logo\/image\/","url":"https:\/\/www.iemj.org\/wp-content\/uploads\/2021\/09\/Logo-IEMJ-Paypal.jpg","contentUrl":"https:\/\/www.iemj.org\/wp-content\/uploads\/2021\/09\/Logo-IEMJ-Paypal.jpg","width":150,"height":50,"caption":"Institut Europ\u00e9en des Musiques Juives"},"image":{"@id":"https:\/\/www.iemj.org\/de\/#\/schema\/logo\/image\/"},"sameAs":["https:\/\/www.facebook.com\/MusiquesJuives\/","https:\/\/www.instagram.com\/musiquesjuives\/","https:\/\/www.youtube.com\/user\/musiquesjuives"]},{"@type":"Person","@id":"https:\/\/www.iemj.org\/de\/#\/schema\/person\/358e26c18aca017fcc4cc15437f7279c","name":"Jacqueline ROTEN","image":{"@type":"ImageObject","inLanguage":"de","@id":"https:\/\/secure.gravatar.com\/avatar\/5964256d6c6957de3a3505278957e0fb2a35119ac47ea41827a65301213c810b?s=96&d=mm&r=g","url":"https:\/\/secure.gravatar.com\/avatar\/5964256d6c6957de3a3505278957e0fb2a35119ac47ea41827a65301213c810b?s=96&d=mm&r=g","contentUrl":"https:\/\/secure.gravatar.com\/avatar\/5964256d6c6957de3a3505278957e0fb2a35119ac47ea41827a65301213c810b?s=96&d=mm&r=g","caption":"Jacqueline ROTEN"}}]}},"_links":{"self":[{"href":"https:\/\/www.iemj.org\/de\/wp-json\/wp\/v2\/posts\/87250","targetHints":{"allow":["GET"]}}],"collection":[{"href":"https:\/\/www.iemj.org\/de\/wp-json\/wp\/v2\/posts"}],"about":[{"href":"https:\/\/www.iemj.org\/de\/wp-json\/wp\/v2\/types\/post"}],"author":[{"embeddable":true,"href":"https:\/\/www.iemj.org\/de\/wp-json\/wp\/v2\/users\/5"}],"replies":[{"embeddable":true,"href":"https:\/\/www.iemj.org\/de\/wp-json\/wp\/v2\/comments?post=87250"}],"version-history":[{"count":0,"href":"https:\/\/www.iemj.org\/de\/wp-json\/wp\/v2\/posts\/87250\/revisions"}],"wp:featuredmedia":[{"embeddable":true,"href":"https:\/\/www.iemj.org\/de\/wp-json\/wp\/v2\/media\/87133"}],"wp:attachment":[{"href":"https:\/\/www.iemj.org\/de\/wp-json\/wp\/v2\/media?parent=87250"}],"wp:term":[{"taxonomy":"category","embeddable":true,"href":"https:\/\/www.iemj.org\/de\/wp-json\/wp\/v2\/categories?post=87250"},{"taxonomy":"post_tag","embeddable":true,"href":"https:\/\/www.iemj.org\/de\/wp-json\/wp\/v2\/tags?post=87250"},{"taxonomy":"technique","embeddable":true,"href":"https:\/\/www.iemj.org\/de\/wp-json\/wp\/v2\/technique?post=87250"},{"taxonomy":"squelettes","embeddable":true,"href":"https:\/\/www.iemj.org\/de\/wp-json\/wp\/v2\/squelettes?post=87250"},{"taxonomy":"sujet","embeddable":true,"href":"https:\/\/www.iemj.org\/de\/wp-json\/wp\/v2\/sujet?post=87250"},{"taxonomy":"formation","embeddable":true,"href":"https:\/\/www.iemj.org\/de\/wp-json\/wp\/v2\/formation?post=87250"},{"taxonomy":"genre","embeddable":true,"href":"https:\/\/www.iemj.org\/de\/wp-json\/wp\/v2\/genre?post=87250"},{"taxonomy":"fonds","embeddable":true,"href":"https:\/\/www.iemj.org\/de\/wp-json\/wp\/v2\/fonds?post=87250"},{"taxonomy":"tradition","embeddable":true,"href":"https:\/\/www.iemj.org\/de\/wp-json\/wp\/v2\/tradition?post=87250"},{"taxonomy":"type-de-contenu","embeddable":true,"href":"https:\/\/www.iemj.org\/de\/wp-json\/wp\/v2\/type-de-contenu?post=87250"},{"taxonomy":"interprete-compositeur","embeddable":true,"href":"https:\/\/www.iemj.org\/de\/wp-json\/wp\/v2\/interprete-compositeur?post=87250"},{"taxonomy":"frise","embeddable":true,"href":"https:\/\/www.iemj.org\/de\/wp-json\/wp\/v2\/frise?post=87250"},{"taxonomy":"type-devenement","embeddable":true,"href":"https:\/\/www.iemj.org\/de\/wp-json\/wp\/v2\/type-devenement?post=87250"},{"taxonomy":"tableaux-liens-externes","embeddable":true,"href":"https:\/\/www.iemj.org\/de\/wp-json\/wp\/v2\/tableaux-liens-externes?post=87250"}],"curies":[{"name":"wp","href":"https:\/\/api.w.org\/{rel}","templated":true}]}}