{"id":87460,"date":"2020-11-30T11:08:12","date_gmt":"2020-11-30T10:08:12","guid":{"rendered":"https:\/\/www.iemj.org\/berceuses-du-monde-entier\/"},"modified":"2025-10-07T14:41:04","modified_gmt":"2025-10-07T12:41:04","slug":"berceuses-du-monde-entier","status":"publish","type":"post","link":"https:\/\/www.iemj.org\/de\/berceuses-du-monde-entier\/","title":{"rendered":"Berceuses du monde entier"},"content":{"rendered":"<p>Die Vinyl-Schallplatte 33 Umdrehungen\u00a0<em>Berceuses du monde entier<\/em>\u00a0<em>(Wiegenlieder der ganzen Welt) <\/em>sieht ziemlich einfach und schlicht auch, hat jedoch eine verborgene Besonderheit: Ein Reliefillustration von\u00a0<a href=\"https:\/\/de.wikipedia.org\/wiki\/Henri_Galeron\">Henri Galeron<\/a>.<\/p>\n<p><img fetchpriority=\"high\" decoding=\"async\" class=\" aligncenter size-full wp-image-30144\" src=\"https:\/\/www.iemj.org\/wp-content\/uploads\/2020\/11\/doc1_berceuses_du_monde_entier.jpg\" alt=\"doc1_berceuses_du_monde_entier.jpg\" width=\"724\" height=\"347\" align=\"middle\" srcset=\"https:\/\/www.iemj.org\/wp-content\/uploads\/2020\/11\/doc1_berceuses_du_monde_entier.jpg 724w, https:\/\/www.iemj.org\/wp-content\/uploads\/2020\/11\/doc1_berceuses_du_monde_entier-300x144.jpg 300w, https:\/\/www.iemj.org\/wp-content\/uploads\/2020\/11\/doc1_berceuses_du_monde_entier-600x288.jpg 600w\" sizes=\"(max-width: 724px) 100vw, 724px\" \/><\/p>\n<p>Diese Art von Reliefbildern wird im Allgemeinen eher f\u00fcr hochwertige Kinderb\u00fccher als f\u00fcr Schallplattenh\u00fclle verwendet, was diesem Dokument unleugbare Seltenheit und Reiz verleiht.<\/p>\n<p><img decoding=\"async\" class=\" aligncenter size-full wp-image-30146\" src=\"https:\/\/www.iemj.org\/wp-content\/uploads\/2020\/11\/doc2_berceuses_du_monde_entier.jpg\" alt=\"doc2_berceuses_du_monde_entier.jpg\" width=\"500\" height=\"256\" align=\"middle\" srcset=\"https:\/\/www.iemj.org\/wp-content\/uploads\/2020\/11\/doc2_berceuses_du_monde_entier.jpg 500w, https:\/\/www.iemj.org\/wp-content\/uploads\/2020\/11\/doc2_berceuses_du_monde_entier-300x154.jpg 300w\" sizes=\"(max-width: 500px) 100vw, 500px\" \/><\/p>\n<p>Diese 1995 vom Label <em>Le Chant du Monde<\/em> ver\u00f6ffentlichte Platte, enth\u00e4lt 15 klassische Wiegenlieder aus den franz\u00f6sischen, jiddischen, russischen, britischen, afrikanischen oder kreolischen Folkloren. Sie entstand aus der Zusammenarbeit hervorragender K\u00fcnstler: Colette Magny, Naomi Moody, Talila, Marina Vlady und Brenda Wootton.<\/p>\n<p>Was f\u00fcr ein Spa\u00df, diese Platte voller Sanftheit zu h\u00f6ren und dabei die 3D-Details der Innenh\u00fclle anzusehen!<\/p>\n<p><img decoding=\"async\" class=\" aligncenter size-full wp-image-30148\" src=\"https:\/\/www.iemj.org\/wp-content\/uploads\/2020\/11\/doc3_berceuses_du_monde_entier-2.jpg\" alt=\"doc3_berceuses_du_monde_entier-2.jpg\" width=\"1800\" height=\"840\" align=\"middle\" srcset=\"https:\/\/www.iemj.org\/wp-content\/uploads\/2020\/11\/doc3_berceuses_du_monde_entier-2.jpg 1800w, https:\/\/www.iemj.org\/wp-content\/uploads\/2020\/11\/doc3_berceuses_du_monde_entier-2-300x140.jpg 300w, https:\/\/www.iemj.org\/wp-content\/uploads\/2020\/11\/doc3_berceuses_du_monde_entier-2-1024x478.jpg 1024w, https:\/\/www.iemj.org\/wp-content\/uploads\/2020\/11\/doc3_berceuses_du_monde_entier-2-768x358.jpg 768w, https:\/\/www.iemj.org\/wp-content\/uploads\/2020\/11\/doc3_berceuses_du_monde_entier-2-1536x717.jpg 1536w, https:\/\/www.iemj.org\/wp-content\/uploads\/2020\/11\/doc3_berceuses_du_monde_entier-2-600x280.jpg 600w\" sizes=\"(max-width: 1800px) 100vw, 1800px\" \/><\/p>\n\n<div class=\"wp-block-image\">\n<figure class=\"aligncenter size-large\"><img loading=\"lazy\" decoding=\"async\" width=\"1024\" height=\"133\" src=\"https:\/\/www.iemj.org\/wp-content\/uploads\/2024\/03\/AUDIO-PLAYER-1024x133.png\" alt=\"\" class=\"wp-image-110606\" srcset=\"https:\/\/www.iemj.org\/wp-content\/uploads\/2024\/03\/AUDIO-PLAYER-1024x133.png 1024w, https:\/\/www.iemj.org\/wp-content\/uploads\/2024\/03\/AUDIO-PLAYER-300x39.png 300w, https:\/\/www.iemj.org\/wp-content\/uploads\/2024\/03\/AUDIO-PLAYER-768x100.png 768w, https:\/\/www.iemj.org\/wp-content\/uploads\/2024\/03\/AUDIO-PLAYER-600x78.png 600w, https:\/\/www.iemj.org\/wp-content\/uploads\/2024\/03\/AUDIO-PLAYER.png 1210w\" sizes=\"(max-width: 1024px) 100vw, 1024px\" \/><\/figure>\n<\/div>\n\n\n<div class=\"wp-block-file\"><a id=\"wp-block-file--media-c4ca977f-0309-4f07-87cf-534c13636ae6\" href=\"https:\/\/www.iemj.org\/wp-content\/uploads\/2020\/11\/le_p_tit_quinquin_desrousseaux_-_colette_magny_extrait_.mp3\">1) Le p&#8217;tit Quinquin (Desrousseaux) &#8211; Colette Magny (Extrait)<\/a><\/div>\n\n\n\n<div class=\"wp-block-file\"><a id=\"wp-block-file--media-8713b62c-fe6a-4611-bd67-dc04fbc4ef0e\" href=\"https:\/\/www.iemj.org\/wp-content\/uploads\/2020\/11\/chlof_mein_kind_dors_mon_enfant_-_talila_extrait_.mp3\">2) Chlof mein kind (Dors mon enfant) &#8211; Talila (Extrait)<\/a><\/div>\n\n\n\n<div class=\"wp-block-file\"><a id=\"wp-block-file--media-7104aa4f-4097-4ae5-a2b8-89ae6ed05f59\" href=\"https:\/\/www.iemj.org\/wp-content\/uploads\/2020\/11\/berceuse_cosaque_-_marina_vlady_extrait_.mp3\">3) Berceuse cosaque &#8211; Marina Vlady (Extrait)<\/a><\/div>\n\n\n\n<div class=\"wp-block-file\"><a id=\"wp-block-file--media-36b2c630-ec46-4038-9a61-20ee23dde8d9\" href=\"https:\/\/www.iemj.org\/wp-content\/uploads\/2020\/11\/suo_gan_cradle_song_-_brenda_wootton_extrait_.mp3\">4) Suo Gan (Cradle song) &#8211; Brenda Wootton (Extrait)<\/a><\/div>\n\n\n\n<div class=\"wp-block-file\"><a id=\"wp-block-file--media-5000bdf7-aed4-40bf-845f-ddd54a4c1445\" href=\"https:\/\/www.iemj.org\/wp-content\/uploads\/2020\/11\/who_dat_-_naomi_moody_extrait_.mp3\">5) Who dat ? &#8211; Naomi Moody (Extrait)<\/a><\/div>\n","protected":false},"excerpt":{"rendered":"<p>Die Vinyl-Schallplatte 33 Umdrehungen\u00a0Berceuses du monde entier\u00a0(Wiegenlieder der ganzen Welt) sieht ziemlich einfach und schlicht auch, hat jedoch eine verborgene Besonderheit: Ein Reliefillustration von\u00a0Henri Galeron. Diese Art von Reliefbildern wird<\/p>\n","protected":false},"author":1052,"featured_media":87461,"comment_status":"closed","ping_status":"closed","sticky":false,"template":"","format":"standard","meta":{"_acf_changed":false,"footnotes":""},"categories":[1563],"tags":[],"technique":[],"squelettes":[],"sujet":[],"formation":[],"genre":[],"fonds":[],"tradition":[],"type-de-contenu":[],"interprete-compositeur":[],"frise":[],"type-devenement":[],"tableaux-liens-externes":[],"class_list":["post-87460","post","type-post","status-publish","format-standard","has-post-thumbnail","hentry","category-highlights-de"],"acf":[],"yoast_head":"<!-- This site is optimized with the Yoast SEO plugin v27.3 - https:\/\/yoast.com\/product\/yoast-seo-wordpress\/ -->\n<title>Berceuses du monde entier - Institut Europ\u00e9en des Musiques Juives<\/title>\n<meta name=\"robots\" content=\"index, follow, max-snippet:-1, max-image-preview:large, max-video-preview:-1\" \/>\n<link rel=\"canonical\" href=\"https:\/\/www.iemj.org\/de\/berceuses-du-monde-entier\/\" \/>\n<meta property=\"og:locale\" content=\"de_DE\" \/>\n<meta property=\"og:type\" content=\"article\" \/>\n<meta property=\"og:title\" content=\"Berceuses du monde entier - Institut Europ\u00e9en des Musiques Juives\" \/>\n<meta property=\"og:description\" content=\"Die Vinyl-Schallplatte 33 Umdrehungen\u00a0Berceuses du monde entier\u00a0(Wiegenlieder der ganzen Welt) sieht ziemlich einfach und schlicht auch, hat jedoch eine verborgene Besonderheit: Ein Reliefillustration von\u00a0Henri Galeron. Diese Art von Reliefbildern wird\" \/>\n<meta property=\"og:url\" content=\"https:\/\/www.iemj.org\/de\/berceuses-du-monde-entier\/\" \/>\n<meta property=\"og:site_name\" content=\"Institut Europ\u00e9en des Musiques Juives\" \/>\n<meta property=\"article:publisher\" content=\"https:\/\/www.facebook.com\/MusiquesJuives\/\" \/>\n<meta property=\"article:published_time\" content=\"2020-11-30T10:08:12+00:00\" \/>\n<meta property=\"article:modified_time\" content=\"2025-10-07T12:41:04+00:00\" \/>\n<meta property=\"og:image\" content=\"https:\/\/www.iemj.org\/wp-content\/uploads\/2020\/11\/arton4927-e1618505992123.jpg\" \/>\n\t<meta property=\"og:image:width\" content=\"350\" \/>\n\t<meta property=\"og:image:height\" content=\"350\" \/>\n\t<meta property=\"og:image:type\" content=\"image\/jpeg\" \/>\n<meta name=\"author\" content=\"Lea Couderc\" \/>\n<meta name=\"twitter:card\" content=\"summary_large_image\" \/>\n<meta name=\"twitter:label1\" content=\"Verfasst von\" \/>\n\t<meta name=\"twitter:data1\" content=\"Lea Couderc\" \/>\n\t<meta name=\"twitter:label2\" content=\"Gesch\u00e4tzte Lesezeit\" \/>\n\t<meta name=\"twitter:data2\" content=\"2\u00a0Minuten\" \/>\n<script type=\"application\/ld+json\" class=\"yoast-schema-graph\">{\"@context\":\"https:\\\/\\\/schema.org\",\"@graph\":[{\"@type\":\"Article\",\"@id\":\"https:\\\/\\\/www.iemj.org\\\/de\\\/berceuses-du-monde-entier\\\/#article\",\"isPartOf\":{\"@id\":\"https:\\\/\\\/www.iemj.org\\\/de\\\/berceuses-du-monde-entier\\\/\"},\"author\":{\"name\":\"Lea Couderc\",\"@id\":\"https:\\\/\\\/www.iemj.org\\\/de\\\/#\\\/schema\\\/person\\\/e2ad57f2c4be119c7ed8ab79036807a9\"},\"headline\":\"Berceuses du monde entier\",\"datePublished\":\"2020-11-30T10:08:12+00:00\",\"dateModified\":\"2025-10-07T12:41:04+00:00\",\"mainEntityOfPage\":{\"@id\":\"https:\\\/\\\/www.iemj.org\\\/de\\\/berceuses-du-monde-entier\\\/\"},\"wordCount\":159,\"publisher\":{\"@id\":\"https:\\\/\\\/www.iemj.org\\\/de\\\/#organization\"},\"image\":{\"@id\":\"https:\\\/\\\/www.iemj.org\\\/de\\\/berceuses-du-monde-entier\\\/#primaryimage\"},\"thumbnailUrl\":\"https:\\\/\\\/www.iemj.org\\\/wp-content\\\/uploads\\\/2020\\\/11\\\/arton4927-e1618505992123.jpg\",\"articleSection\":[\"Highlights\"],\"inLanguage\":\"de\"},{\"@type\":\"WebPage\",\"@id\":\"https:\\\/\\\/www.iemj.org\\\/de\\\/berceuses-du-monde-entier\\\/\",\"url\":\"https:\\\/\\\/www.iemj.org\\\/de\\\/berceuses-du-monde-entier\\\/\",\"name\":\"Berceuses du monde entier - Institut Europ\u00e9en des Musiques Juives\",\"isPartOf\":{\"@id\":\"https:\\\/\\\/www.iemj.org\\\/de\\\/#website\"},\"primaryImageOfPage\":{\"@id\":\"https:\\\/\\\/www.iemj.org\\\/de\\\/berceuses-du-monde-entier\\\/#primaryimage\"},\"image\":{\"@id\":\"https:\\\/\\\/www.iemj.org\\\/de\\\/berceuses-du-monde-entier\\\/#primaryimage\"},\"thumbnailUrl\":\"https:\\\/\\\/www.iemj.org\\\/wp-content\\\/uploads\\\/2020\\\/11\\\/arton4927-e1618505992123.jpg\",\"datePublished\":\"2020-11-30T10:08:12+00:00\",\"dateModified\":\"2025-10-07T12:41:04+00:00\",\"breadcrumb\":{\"@id\":\"https:\\\/\\\/www.iemj.org\\\/de\\\/berceuses-du-monde-entier\\\/#breadcrumb\"},\"inLanguage\":\"de\",\"potentialAction\":[{\"@type\":\"ReadAction\",\"target\":[\"https:\\\/\\\/www.iemj.org\\\/de\\\/berceuses-du-monde-entier\\\/\"]}]},{\"@type\":\"ImageObject\",\"inLanguage\":\"de\",\"@id\":\"https:\\\/\\\/www.iemj.org\\\/de\\\/berceuses-du-monde-entier\\\/#primaryimage\",\"url\":\"https:\\\/\\\/www.iemj.org\\\/wp-content\\\/uploads\\\/2020\\\/11\\\/arton4927-e1618505992123.jpg\",\"contentUrl\":\"https:\\\/\\\/www.iemj.org\\\/wp-content\\\/uploads\\\/2020\\\/11\\\/arton4927-e1618505992123.jpg\",\"width\":350,\"height\":350},{\"@type\":\"BreadcrumbList\",\"@id\":\"https:\\\/\\\/www.iemj.org\\\/de\\\/berceuses-du-monde-entier\\\/#breadcrumb\",\"itemListElement\":[{\"@type\":\"ListItem\",\"position\":1,\"name\":\"Accueil\",\"item\":\"https:\\\/\\\/www.iemj.org\\\/de\\\/\"},{\"@type\":\"ListItem\",\"position\":2,\"name\":\"Berceuses du monde entier\"}]},{\"@type\":\"WebSite\",\"@id\":\"https:\\\/\\\/www.iemj.org\\\/de\\\/#website\",\"url\":\"https:\\\/\\\/www.iemj.org\\\/de\\\/\",\"name\":\"Institut Europ\u00e9en des Musiques Juives\",\"description\":\"Des traditions musicales \u00e0 la port\u00e9e de tous\",\"publisher\":{\"@id\":\"https:\\\/\\\/www.iemj.org\\\/de\\\/#organization\"},\"potentialAction\":[{\"@type\":\"SearchAction\",\"target\":{\"@type\":\"EntryPoint\",\"urlTemplate\":\"https:\\\/\\\/www.iemj.org\\\/de\\\/?s={search_term_string}\"},\"query-input\":{\"@type\":\"PropertyValueSpecification\",\"valueRequired\":true,\"valueName\":\"search_term_string\"}}],\"inLanguage\":\"de\"},{\"@type\":\"Organization\",\"@id\":\"https:\\\/\\\/www.iemj.org\\\/de\\\/#organization\",\"name\":\"Institut Europ\u00e9en des Musiques Juives\",\"url\":\"https:\\\/\\\/www.iemj.org\\\/de\\\/\",\"logo\":{\"@type\":\"ImageObject\",\"inLanguage\":\"de\",\"@id\":\"https:\\\/\\\/www.iemj.org\\\/de\\\/#\\\/schema\\\/logo\\\/image\\\/\",\"url\":\"https:\\\/\\\/www.iemj.org\\\/wp-content\\\/uploads\\\/2021\\\/09\\\/Logo-IEMJ-Paypal.jpg\",\"contentUrl\":\"https:\\\/\\\/www.iemj.org\\\/wp-content\\\/uploads\\\/2021\\\/09\\\/Logo-IEMJ-Paypal.jpg\",\"width\":150,\"height\":50,\"caption\":\"Institut Europ\u00e9en des Musiques Juives\"},\"image\":{\"@id\":\"https:\\\/\\\/www.iemj.org\\\/de\\\/#\\\/schema\\\/logo\\\/image\\\/\"},\"sameAs\":[\"https:\\\/\\\/www.facebook.com\\\/MusiquesJuives\\\/\",\"https:\\\/\\\/www.instagram.com\\\/musiquesjuives\\\/\",\"https:\\\/\\\/www.youtube.com\\\/user\\\/musiquesjuives\"]},{\"@type\":\"Person\",\"@id\":\"https:\\\/\\\/www.iemj.org\\\/de\\\/#\\\/schema\\\/person\\\/e2ad57f2c4be119c7ed8ab79036807a9\",\"name\":\"Lea Couderc\",\"image\":{\"@type\":\"ImageObject\",\"inLanguage\":\"de\",\"@id\":\"https:\\\/\\\/secure.gravatar.com\\\/avatar\\\/46ee021475d60aeff17a7e490b79dea5a5684bb392ab7fd1494027411df8ba23?s=96&d=mm&r=g\",\"url\":\"https:\\\/\\\/secure.gravatar.com\\\/avatar\\\/46ee021475d60aeff17a7e490b79dea5a5684bb392ab7fd1494027411df8ba23?s=96&d=mm&r=g\",\"contentUrl\":\"https:\\\/\\\/secure.gravatar.com\\\/avatar\\\/46ee021475d60aeff17a7e490b79dea5a5684bb392ab7fd1494027411df8ba23?s=96&d=mm&r=g\",\"caption\":\"Lea Couderc\"}}]}<\/script>\n<!-- \/ Yoast SEO plugin. -->","yoast_head_json":{"title":"Berceuses du monde entier - Institut Europ\u00e9en des Musiques Juives","robots":{"index":"index","follow":"follow","max-snippet":"max-snippet:-1","max-image-preview":"max-image-preview:large","max-video-preview":"max-video-preview:-1"},"canonical":"https:\/\/www.iemj.org\/de\/berceuses-du-monde-entier\/","og_locale":"de_DE","og_type":"article","og_title":"Berceuses du monde entier - Institut Europ\u00e9en des Musiques Juives","og_description":"Die Vinyl-Schallplatte 33 Umdrehungen\u00a0Berceuses du monde entier\u00a0(Wiegenlieder der ganzen Welt) sieht ziemlich einfach und schlicht auch, hat jedoch eine verborgene Besonderheit: Ein Reliefillustration von\u00a0Henri Galeron. Diese Art von Reliefbildern wird","og_url":"https:\/\/www.iemj.org\/de\/berceuses-du-monde-entier\/","og_site_name":"Institut Europ\u00e9en des Musiques Juives","article_publisher":"https:\/\/www.facebook.com\/MusiquesJuives\/","article_published_time":"2020-11-30T10:08:12+00:00","article_modified_time":"2025-10-07T12:41:04+00:00","og_image":[{"width":350,"height":350,"url":"https:\/\/www.iemj.org\/wp-content\/uploads\/2020\/11\/arton4927-e1618505992123.jpg","type":"image\/jpeg"}],"author":"Lea Couderc","twitter_card":"summary_large_image","twitter_misc":{"Verfasst von":"Lea Couderc","Gesch\u00e4tzte Lesezeit":"2\u00a0Minuten"},"schema":{"@context":"https:\/\/schema.org","@graph":[{"@type":"Article","@id":"https:\/\/www.iemj.org\/de\/berceuses-du-monde-entier\/#article","isPartOf":{"@id":"https:\/\/www.iemj.org\/de\/berceuses-du-monde-entier\/"},"author":{"name":"Lea Couderc","@id":"https:\/\/www.iemj.org\/de\/#\/schema\/person\/e2ad57f2c4be119c7ed8ab79036807a9"},"headline":"Berceuses du monde entier","datePublished":"2020-11-30T10:08:12+00:00","dateModified":"2025-10-07T12:41:04+00:00","mainEntityOfPage":{"@id":"https:\/\/www.iemj.org\/de\/berceuses-du-monde-entier\/"},"wordCount":159,"publisher":{"@id":"https:\/\/www.iemj.org\/de\/#organization"},"image":{"@id":"https:\/\/www.iemj.org\/de\/berceuses-du-monde-entier\/#primaryimage"},"thumbnailUrl":"https:\/\/www.iemj.org\/wp-content\/uploads\/2020\/11\/arton4927-e1618505992123.jpg","articleSection":["Highlights"],"inLanguage":"de"},{"@type":"WebPage","@id":"https:\/\/www.iemj.org\/de\/berceuses-du-monde-entier\/","url":"https:\/\/www.iemj.org\/de\/berceuses-du-monde-entier\/","name":"Berceuses du monde entier - Institut Europ\u00e9en des Musiques Juives","isPartOf":{"@id":"https:\/\/www.iemj.org\/de\/#website"},"primaryImageOfPage":{"@id":"https:\/\/www.iemj.org\/de\/berceuses-du-monde-entier\/#primaryimage"},"image":{"@id":"https:\/\/www.iemj.org\/de\/berceuses-du-monde-entier\/#primaryimage"},"thumbnailUrl":"https:\/\/www.iemj.org\/wp-content\/uploads\/2020\/11\/arton4927-e1618505992123.jpg","datePublished":"2020-11-30T10:08:12+00:00","dateModified":"2025-10-07T12:41:04+00:00","breadcrumb":{"@id":"https:\/\/www.iemj.org\/de\/berceuses-du-monde-entier\/#breadcrumb"},"inLanguage":"de","potentialAction":[{"@type":"ReadAction","target":["https:\/\/www.iemj.org\/de\/berceuses-du-monde-entier\/"]}]},{"@type":"ImageObject","inLanguage":"de","@id":"https:\/\/www.iemj.org\/de\/berceuses-du-monde-entier\/#primaryimage","url":"https:\/\/www.iemj.org\/wp-content\/uploads\/2020\/11\/arton4927-e1618505992123.jpg","contentUrl":"https:\/\/www.iemj.org\/wp-content\/uploads\/2020\/11\/arton4927-e1618505992123.jpg","width":350,"height":350},{"@type":"BreadcrumbList","@id":"https:\/\/www.iemj.org\/de\/berceuses-du-monde-entier\/#breadcrumb","itemListElement":[{"@type":"ListItem","position":1,"name":"Accueil","item":"https:\/\/www.iemj.org\/de\/"},{"@type":"ListItem","position":2,"name":"Berceuses du monde entier"}]},{"@type":"WebSite","@id":"https:\/\/www.iemj.org\/de\/#website","url":"https:\/\/www.iemj.org\/de\/","name":"Institut Europ\u00e9en des Musiques Juives","description":"Des traditions musicales \u00e0 la port\u00e9e de tous","publisher":{"@id":"https:\/\/www.iemj.org\/de\/#organization"},"potentialAction":[{"@type":"SearchAction","target":{"@type":"EntryPoint","urlTemplate":"https:\/\/www.iemj.org\/de\/?s={search_term_string}"},"query-input":{"@type":"PropertyValueSpecification","valueRequired":true,"valueName":"search_term_string"}}],"inLanguage":"de"},{"@type":"Organization","@id":"https:\/\/www.iemj.org\/de\/#organization","name":"Institut Europ\u00e9en des Musiques Juives","url":"https:\/\/www.iemj.org\/de\/","logo":{"@type":"ImageObject","inLanguage":"de","@id":"https:\/\/www.iemj.org\/de\/#\/schema\/logo\/image\/","url":"https:\/\/www.iemj.org\/wp-content\/uploads\/2021\/09\/Logo-IEMJ-Paypal.jpg","contentUrl":"https:\/\/www.iemj.org\/wp-content\/uploads\/2021\/09\/Logo-IEMJ-Paypal.jpg","width":150,"height":50,"caption":"Institut Europ\u00e9en des Musiques Juives"},"image":{"@id":"https:\/\/www.iemj.org\/de\/#\/schema\/logo\/image\/"},"sameAs":["https:\/\/www.facebook.com\/MusiquesJuives\/","https:\/\/www.instagram.com\/musiquesjuives\/","https:\/\/www.youtube.com\/user\/musiquesjuives"]},{"@type":"Person","@id":"https:\/\/www.iemj.org\/de\/#\/schema\/person\/e2ad57f2c4be119c7ed8ab79036807a9","name":"Lea Couderc","image":{"@type":"ImageObject","inLanguage":"de","@id":"https:\/\/secure.gravatar.com\/avatar\/46ee021475d60aeff17a7e490b79dea5a5684bb392ab7fd1494027411df8ba23?s=96&d=mm&r=g","url":"https:\/\/secure.gravatar.com\/avatar\/46ee021475d60aeff17a7e490b79dea5a5684bb392ab7fd1494027411df8ba23?s=96&d=mm&r=g","contentUrl":"https:\/\/secure.gravatar.com\/avatar\/46ee021475d60aeff17a7e490b79dea5a5684bb392ab7fd1494027411df8ba23?s=96&d=mm&r=g","caption":"Lea Couderc"}}]}},"_links":{"self":[{"href":"https:\/\/www.iemj.org\/de\/wp-json\/wp\/v2\/posts\/87460","targetHints":{"allow":["GET"]}}],"collection":[{"href":"https:\/\/www.iemj.org\/de\/wp-json\/wp\/v2\/posts"}],"about":[{"href":"https:\/\/www.iemj.org\/de\/wp-json\/wp\/v2\/types\/post"}],"author":[{"embeddable":true,"href":"https:\/\/www.iemj.org\/de\/wp-json\/wp\/v2\/users\/1052"}],"replies":[{"embeddable":true,"href":"https:\/\/www.iemj.org\/de\/wp-json\/wp\/v2\/comments?post=87460"}],"version-history":[{"count":1,"href":"https:\/\/www.iemj.org\/de\/wp-json\/wp\/v2\/posts\/87460\/revisions"}],"predecessor-version":[{"id":126462,"href":"https:\/\/www.iemj.org\/de\/wp-json\/wp\/v2\/posts\/87460\/revisions\/126462"}],"wp:featuredmedia":[{"embeddable":true,"href":"https:\/\/www.iemj.org\/de\/wp-json\/wp\/v2\/media\/87461"}],"wp:attachment":[{"href":"https:\/\/www.iemj.org\/de\/wp-json\/wp\/v2\/media?parent=87460"}],"wp:term":[{"taxonomy":"category","embeddable":true,"href":"https:\/\/www.iemj.org\/de\/wp-json\/wp\/v2\/categories?post=87460"},{"taxonomy":"post_tag","embeddable":true,"href":"https:\/\/www.iemj.org\/de\/wp-json\/wp\/v2\/tags?post=87460"},{"taxonomy":"technique","embeddable":true,"href":"https:\/\/www.iemj.org\/de\/wp-json\/wp\/v2\/technique?post=87460"},{"taxonomy":"squelettes","embeddable":true,"href":"https:\/\/www.iemj.org\/de\/wp-json\/wp\/v2\/squelettes?post=87460"},{"taxonomy":"sujet","embeddable":true,"href":"https:\/\/www.iemj.org\/de\/wp-json\/wp\/v2\/sujet?post=87460"},{"taxonomy":"formation","embeddable":true,"href":"https:\/\/www.iemj.org\/de\/wp-json\/wp\/v2\/formation?post=87460"},{"taxonomy":"genre","embeddable":true,"href":"https:\/\/www.iemj.org\/de\/wp-json\/wp\/v2\/genre?post=87460"},{"taxonomy":"fonds","embeddable":true,"href":"https:\/\/www.iemj.org\/de\/wp-json\/wp\/v2\/fonds?post=87460"},{"taxonomy":"tradition","embeddable":true,"href":"https:\/\/www.iemj.org\/de\/wp-json\/wp\/v2\/tradition?post=87460"},{"taxonomy":"type-de-contenu","embeddable":true,"href":"https:\/\/www.iemj.org\/de\/wp-json\/wp\/v2\/type-de-contenu?post=87460"},{"taxonomy":"interprete-compositeur","embeddable":true,"href":"https:\/\/www.iemj.org\/de\/wp-json\/wp\/v2\/interprete-compositeur?post=87460"},{"taxonomy":"frise","embeddable":true,"href":"https:\/\/www.iemj.org\/de\/wp-json\/wp\/v2\/frise?post=87460"},{"taxonomy":"type-devenement","embeddable":true,"href":"https:\/\/www.iemj.org\/de\/wp-json\/wp\/v2\/type-devenement?post=87460"},{"taxonomy":"tableaux-liens-externes","embeddable":true,"href":"https:\/\/www.iemj.org\/de\/wp-json\/wp\/v2\/tableaux-liens-externes?post=87460"}],"curies":[{"name":"wp","href":"https:\/\/api.w.org\/{rel}","templated":true}]}}