{"id":87518,"date":"2020-02-04T12:33:24","date_gmt":"2020-02-04T11:33:24","guid":{"rendered":"https:\/\/www.iemj.org\/cohen-judith\/"},"modified":"2025-09-10T16:22:20","modified_gmt":"2025-09-10T14:22:20","slug":"cohen-judith","status":"publish","type":"post","link":"https:\/\/www.iemj.org\/de\/cohen-judith\/","title":{"rendered":"Cohen, Judith"},"content":{"rendered":"<p>Judith Cohen, S\u00e4ngerin, Interpretin mittelalterlicher und traditioneller Volksinstrumente, Musikethnologin und Universit\u00e4tsprofessorin, wurde am 9. Dezember 1949 in Montreal geboren.<\/p>\n<p>In den 1970er Jahren unternahm sie zahlreiche Reisen (franz\u00f6sischsprachiges Kanada, Osteuropa, Spanien, Portugal, Marokko, T\u00fcrkei usw.), auf denen sie sich mit verschiedenen Musikrepertoires vertraut machte, z. B. Musik und Tanz vom Balkan, regionale Musik aus Spanien und Portugal, Lieder aus dem franz\u00f6sischsprachigen Kanada (Qu\u00e9bec, Akadien, franz\u00f6sischsprachige Ontario usw.), Lieder in Jiddisch (der Sprache ihrer Gro\u00dfeltern), J\u00fcdisch-Spanisch usw.<\/p>\n<p><img fetchpriority=\"high\" decoding=\"async\" class=\" alignright size-full wp-image-27021\" src=\"https:\/\/www.iemj.org\/wp-content\/uploads\/2020\/02\/gerineldo_sous-titree.jpg\" alt=\"gerineldo_sous-titree.jpg\" width=\"280\" height=\"189\" align=\"right\" \/>In den 1980er Jahren sang sie ein Repertoire traditioneller j\u00fcdisch-spanischer Musik aus Marokko und spielte mehrere Saiteninstrumente in der Gruppe <a href=\"https:\/\/www.cjnews.com\/en-francais\/le-grand-retour-sur-scene-de-gerineldo\">Gerineldo<\/a>, die 1981 von Oro Anahory-Librowicz geleitet und gegr\u00fcndet wurde, zusammen mit Kelly Sultan Amar und dem legend\u00e4ren <a href=\"https:\/\/www.iemj.org\/de\/levy-solly-1939-2020\/\" target=\"_blank\" rel=\"noopener\">Solly L\u00e9vy<\/a>. Sp\u00e4ter schloss sich der Geiger, Oud-Spieler und Perkussionist Charly Edry der Band an, die weltweit gastierte.<\/p>\n<p>1980 stellte Judith Cohen seine Masterarbeit \u00fcber <em>die Rolle der musikalischen Frauen des mittelalterlichen Spaniens in den christlichen, j\u00fcdischen und moslemischen Gemeinschaften<\/em> (Universit\u00e4t Montreal) vor, und 1989 seine Doktorarbeit \u00fcber <em>das j\u00fcdisch-spanische Gesang in den sephardischen Gemeinschaften von Montreal und Toronto<\/em> (Universit\u00e4t Montr\u00e9al).<\/p>\n<figure id=\"attachment_27023\" aria-describedby=\"caption-attachment-27023\" style=\"width: 250px\" class=\"wp-caption alignleft\"><img decoding=\"async\" class=\"wp-image-27023 size-full\" src=\"https:\/\/www.iemj.org\/wp-content\/uploads\/2020\/02\/judith_cohen_avec_sa_fille_tamar_illana_sous_titree_250px_larg.jpg\" alt=\"judith_cohen_avec_sa_fille_tamar_illana_sous_titree_250px_larg.jpg\" width=\"250\" height=\"195\" align=\"left\" \/><figcaption id=\"caption-attachment-27023\" class=\"wp-caption-text\"><span style=\"color: #333399;\"><small>Judith Cohen mit ihrer Tochter Tamar Ilana<\/small><\/span><\/figcaption><\/figure>\n<p>Im Sommer reiste sie weiter, vor allem nach Spanien, in die T\u00fcrkei, nach Griechenland und Israel, begleitet von ihrer Tochter\u00a0<a href=\"https:\/\/www.iemj.org\/en\/tamar-ilana-the-sefardi-judy-garland\/\" target=\"_blank\" rel=\"noopener\">Tamar Ilana<\/a>, die ihre B\u00fchnenkarriere bereits im Alter von 4 oder 5 Jahren begann.<\/p>\n<p>Von 1977 bis 1982 unterrichtete Judith Cohen an der Concordia University und an zahlreichen Schulen in Toronto als reisende Lehrerin; Sie leitete zahlreiche Workshops, Seminare und Spezialkurse f\u00fcr Kinder und Erwachsene. Im Jahr 1991 erhielt sie ein Forschungsstipendium der Universit\u00e4t Toronto und machte eine Postdoktorandenstudie \u00fcber j\u00fcdisch-spanischen Gesang, w\u00e4hrend sie an der York University in Toronto unterrichtete. Ein Teil ihrer Forschung befasste sich mit der Rolle der Musik bei den Krypto-Juden in Portugal. So hatte sie das Gl\u00fcck, die <em>rezadeiras<\/em>, die krypto-j\u00fcdischen Sakristane-Frauen, die heute ausgestorben sind, zu treffen und aufzunehmen.<\/p>\n<p>Seit den 2000er Jahren setzt sie ihre musikethnologische Forschung fort, wobei sie vor allem die Themen jiddischer und j\u00fcdisch-spanischer Lieder vergleicht. Sie ist au\u00dferdem assoziierte Forscherin an den Universit\u00e4ten Carlton (Ottawa), Concordia (Montreal), Haifa (Israel) und am INETE (Portugal).<\/p>\n<figure id=\"attachment_27025\" aria-describedby=\"caption-attachment-27025\" style=\"width: 188px\" class=\"wp-caption alignright\"><img decoding=\"async\" class=\"wp-image-27025 size-full\" src=\"https:\/\/www.iemj.org\/wp-content\/uploads\/2020\/02\/ensemble_medieval_sans_cuer_sous-titree_240px_vertic.jpg\" alt=\"ensemble_medieval_sans_cuer_sous-titree_240px_vertic.jpg\" width=\"188\" height=\"240\" align=\"right\" \/><figcaption id=\"caption-attachment-27025\" class=\"wp-caption-text\"><span style=\"color: #333399;\"><small>Mittelalterliches Ensemble Sans Cuer<\/small><\/span><\/figcaption><\/figure>\n<p>Als hervorragende Interpretin gibt Judith Cohen weiterhin Liederabende und Lichtbildervortr\u00e4ge \u00fcber j\u00fcdisch-spanische, jiddische, spanische, kanadische, franz\u00f6sische, Balkan- und mittelalterliche Traditionen, wobei sie sich selbst auf Drehleier, Oud, Darbuka, Berg-Dulcimer und verschiedenen alten Blas- und Saiteninstrumenten begleitet.<\/p>\n<p>Ihre Inspirationen bezieht Judith Cohen aus den vielen Reisen, die sie im Laufe ihres Lebens unternommen hat. \u201eIch bin viel gereist, viele Jahre lang. Auf Reisen langweilt man sich nie\u201c, sagt sie.<\/p>\n<p><a href=\"https:\/\/www.judithcohen.ca\/\" target=\"_blank\" rel=\"noopener\">Die Webseite von Judith Cohen besuchen<\/a><\/p>\n<p><a href=\"http:\/\/www.rachelnet.net\/F\/?func=find-c&amp;ccl_term=WRD+%3D+Cohen+AND+WRD+%3D+Judith&amp;local_base=iemcg\" target=\"_blank\" rel=\"noopener\">Im Archivbestand \u00fcber Judith Cohen nachsehen<\/a><\/p>\n\n\n<h2 class=\"wp-block-heading\"><\/h2>\n\n\n<div class=\"wp-block-image\">\n<figure class=\"aligncenter size-large\"><img loading=\"lazy\" decoding=\"async\" width=\"1024\" height=\"133\" src=\"https:\/\/www.iemj.org\/wp-content\/uploads\/2024\/03\/AUDIO-PLAYER-1024x133.png\" alt=\"\" class=\"wp-image-110606\" srcset=\"https:\/\/www.iemj.org\/wp-content\/uploads\/2024\/03\/AUDIO-PLAYER-1024x133.png 1024w, https:\/\/www.iemj.org\/wp-content\/uploads\/2024\/03\/AUDIO-PLAYER-300x39.png 300w, https:\/\/www.iemj.org\/wp-content\/uploads\/2024\/03\/AUDIO-PLAYER-768x100.png 768w, https:\/\/www.iemj.org\/wp-content\/uploads\/2024\/03\/AUDIO-PLAYER-600x78.png 600w, https:\/\/www.iemj.org\/wp-content\/uploads\/2024\/03\/AUDIO-PLAYER.png 1210w\" sizes=\"(max-width: 1024px) 100vw, 1024px\" \/><\/figure>\n<\/div>\n\n\n<div class=\"wp-block-file\"><a id=\"wp-block-file--media-e5f0a498-b8d2-441e-9a65-12e9fffb9e1e\" href=\"https:\/\/www.iemj.org\/wp-content\/uploads\/2020\/02\/1_primavera_en_salonica_extrait_.mp3\">1) Primavera en Sal\u00f3nica (Extrait)<\/a><\/div>\n\n\n\n<div class=\"wp-block-file\"><a id=\"wp-block-file--media-ca018f81-bafc-4f46-b471-92f698db2ea1\" href=\"https:\/\/www.iemj.org\/wp-content\/uploads\/2020\/02\/2_por_autrui_movrai_mon_chant_extrait_.mp3\">2) Por Autrui Movrai mon Chant (Extrait)<\/a><\/div>\n\n\n\n<div class=\"wp-block-file\"><a id=\"wp-block-file--media-34b4bbd7-774e-4d74-b318-1fd97db264d1\" href=\"https:\/\/www.iemj.org\/wp-content\/uploads\/2020\/02\/3_cantar_de_hilula_extrait_-_gerineldo.mp3\">3) Cantar de Hilul\u00e1 (Extrait) &#8211; Gerineldo<\/a><\/div>\n\n\n\n<div class=\"wp-block-file\"><a id=\"wp-block-file--media-d717891b-a9d4-4345-8221-42f6a8f39017\" href=\"https:\/\/www.iemj.org\/wp-content\/uploads\/2020\/02\/4_las_prendas_del_ajuar_extrait_-_gerineldo.mp3\">4) Las prendas del ajuar (Extrait) &#8211; Gerineldo<\/a><\/div>\n\n\n\n<div class=\"wp-block-file\"><a id=\"wp-block-file--media-f3507db3-6dce-4af1-afec-a1f401f2966e\" href=\"https:\/\/www.iemj.org\/wp-content\/uploads\/2020\/02\/5_la_cima_ao_castelo_extrait_.mp3\">5) L\u00e1 Cima Ao castelo (Extrait)<\/a><\/div>\n","protected":false},"excerpt":{"rendered":"<p>Judith Cohen, S\u00e4ngerin, Interpretin mittelalterlicher und traditioneller Volksinstrumente, Musikethnologin und Universit\u00e4tsprofessorin, wurde am 9. Dezember 1949 in Montreal geboren. In den 1970er Jahren unternahm sie zahlreiche Reisen (franz\u00f6sischsprachiges Kanada, Osteuropa,<\/p>\n","protected":false},"author":1045,"featured_media":87519,"comment_status":"closed","ping_status":"closed","sticky":false,"template":"","format":"standard","meta":{"_acf_changed":false,"footnotes":""},"categories":[1415],"tags":[],"technique":[],"squelettes":[],"sujet":[],"formation":[],"genre":[1888],"fonds":[],"tradition":[],"type-de-contenu":[],"interprete-compositeur":[],"frise":[],"type-devenement":[],"tableaux-liens-externes":[],"class_list":["post-87518","post","type-post","status-publish","format-standard","has-post-thumbnail","hentry","category-biografien-de","genre-judaisch-spanisch-de"],"acf":[],"yoast_head":"<!-- This site is optimized with the Yoast SEO plugin v27.3 - https:\/\/yoast.com\/product\/yoast-seo-wordpress\/ -->\n<title>Cohen, Judith - Institut Europ\u00e9en des Musiques Juives<\/title>\n<meta name=\"robots\" content=\"index, follow, max-snippet:-1, max-image-preview:large, max-video-preview:-1\" \/>\n<link rel=\"canonical\" href=\"https:\/\/www.iemj.org\/de\/cohen-judith\/\" \/>\n<meta property=\"og:locale\" content=\"de_DE\" \/>\n<meta property=\"og:type\" content=\"article\" \/>\n<meta property=\"og:title\" content=\"Cohen, Judith - Institut Europ\u00e9en des Musiques Juives\" \/>\n<meta property=\"og:description\" content=\"Judith Cohen, S\u00e4ngerin, Interpretin mittelalterlicher und traditioneller Volksinstrumente, Musikethnologin und Universit\u00e4tsprofessorin, wurde am 9. Dezember 1949 in Montreal geboren. In den 1970er Jahren unternahm sie zahlreiche Reisen (franz\u00f6sischsprachiges Kanada, Osteuropa,\" \/>\n<meta property=\"og:url\" content=\"https:\/\/www.iemj.org\/de\/cohen-judith\/\" \/>\n<meta property=\"og:site_name\" content=\"Institut Europ\u00e9en des Musiques Juives\" \/>\n<meta property=\"article:publisher\" content=\"https:\/\/www.facebook.com\/MusiquesJuives\/\" \/>\n<meta property=\"article:published_time\" content=\"2020-02-04T11:33:24+00:00\" \/>\n<meta property=\"article:modified_time\" content=\"2025-09-10T14:22:20+00:00\" \/>\n<meta property=\"og:image\" content=\"https:\/\/www.iemj.org\/wp-content\/uploads\/2020\/02\/arton4530-e1617013752805.jpg\" \/>\n\t<meta property=\"og:image:width\" content=\"244\" \/>\n\t<meta property=\"og:image:height\" content=\"218\" \/>\n\t<meta property=\"og:image:type\" content=\"image\/jpeg\" \/>\n<meta name=\"author\" content=\"Herv\u00e9 Roten\" \/>\n<meta name=\"twitter:card\" content=\"summary_large_image\" \/>\n<meta name=\"twitter:label1\" content=\"Verfasst von\" \/>\n\t<meta name=\"twitter:data1\" content=\"Herv\u00e9 Roten\" \/>\n\t<meta name=\"twitter:label2\" content=\"Gesch\u00e4tzte Lesezeit\" \/>\n\t<meta name=\"twitter:data2\" content=\"4\u00a0Minuten\" \/>\n<script type=\"application\/ld+json\" class=\"yoast-schema-graph\">{\"@context\":\"https:\\\/\\\/schema.org\",\"@graph\":[{\"@type\":\"Article\",\"@id\":\"https:\\\/\\\/www.iemj.org\\\/de\\\/cohen-judith\\\/#article\",\"isPartOf\":{\"@id\":\"https:\\\/\\\/www.iemj.org\\\/de\\\/cohen-judith\\\/\"},\"author\":{\"name\":\"Herv\u00e9 Roten\",\"@id\":\"https:\\\/\\\/www.iemj.org\\\/de\\\/#\\\/schema\\\/person\\\/906134402c29d5c76e7b726261dd4bbd\"},\"headline\":\"Cohen, Judith\",\"datePublished\":\"2020-02-04T11:33:24+00:00\",\"dateModified\":\"2025-09-10T14:22:20+00:00\",\"mainEntityOfPage\":{\"@id\":\"https:\\\/\\\/www.iemj.org\\\/de\\\/cohen-judith\\\/\"},\"wordCount\":498,\"publisher\":{\"@id\":\"https:\\\/\\\/www.iemj.org\\\/de\\\/#organization\"},\"image\":{\"@id\":\"https:\\\/\\\/www.iemj.org\\\/de\\\/cohen-judith\\\/#primaryimage\"},\"thumbnailUrl\":\"https:\\\/\\\/www.iemj.org\\\/wp-content\\\/uploads\\\/2020\\\/02\\\/arton4530-e1617013752805.jpg\",\"articleSection\":[\"Biografien\"],\"inLanguage\":\"de\"},{\"@type\":\"WebPage\",\"@id\":\"https:\\\/\\\/www.iemj.org\\\/de\\\/cohen-judith\\\/\",\"url\":\"https:\\\/\\\/www.iemj.org\\\/de\\\/cohen-judith\\\/\",\"name\":\"Cohen, Judith - Institut Europ\u00e9en des Musiques Juives\",\"isPartOf\":{\"@id\":\"https:\\\/\\\/www.iemj.org\\\/de\\\/#website\"},\"primaryImageOfPage\":{\"@id\":\"https:\\\/\\\/www.iemj.org\\\/de\\\/cohen-judith\\\/#primaryimage\"},\"image\":{\"@id\":\"https:\\\/\\\/www.iemj.org\\\/de\\\/cohen-judith\\\/#primaryimage\"},\"thumbnailUrl\":\"https:\\\/\\\/www.iemj.org\\\/wp-content\\\/uploads\\\/2020\\\/02\\\/arton4530-e1617013752805.jpg\",\"datePublished\":\"2020-02-04T11:33:24+00:00\",\"dateModified\":\"2025-09-10T14:22:20+00:00\",\"breadcrumb\":{\"@id\":\"https:\\\/\\\/www.iemj.org\\\/de\\\/cohen-judith\\\/#breadcrumb\"},\"inLanguage\":\"de\",\"potentialAction\":[{\"@type\":\"ReadAction\",\"target\":[\"https:\\\/\\\/www.iemj.org\\\/de\\\/cohen-judith\\\/\"]}]},{\"@type\":\"ImageObject\",\"inLanguage\":\"de\",\"@id\":\"https:\\\/\\\/www.iemj.org\\\/de\\\/cohen-judith\\\/#primaryimage\",\"url\":\"https:\\\/\\\/www.iemj.org\\\/wp-content\\\/uploads\\\/2020\\\/02\\\/arton4530-e1617013752805.jpg\",\"contentUrl\":\"https:\\\/\\\/www.iemj.org\\\/wp-content\\\/uploads\\\/2020\\\/02\\\/arton4530-e1617013752805.jpg\",\"width\":244,\"height\":218},{\"@type\":\"BreadcrumbList\",\"@id\":\"https:\\\/\\\/www.iemj.org\\\/de\\\/cohen-judith\\\/#breadcrumb\",\"itemListElement\":[{\"@type\":\"ListItem\",\"position\":1,\"name\":\"Accueil\",\"item\":\"https:\\\/\\\/www.iemj.org\\\/de\\\/\"},{\"@type\":\"ListItem\",\"position\":2,\"name\":\"Cohen, Judith\"}]},{\"@type\":\"WebSite\",\"@id\":\"https:\\\/\\\/www.iemj.org\\\/de\\\/#website\",\"url\":\"https:\\\/\\\/www.iemj.org\\\/de\\\/\",\"name\":\"Institut Europ\u00e9en des Musiques Juives\",\"description\":\"Des traditions musicales \u00e0 la port\u00e9e de tous\",\"publisher\":{\"@id\":\"https:\\\/\\\/www.iemj.org\\\/de\\\/#organization\"},\"potentialAction\":[{\"@type\":\"SearchAction\",\"target\":{\"@type\":\"EntryPoint\",\"urlTemplate\":\"https:\\\/\\\/www.iemj.org\\\/de\\\/?s={search_term_string}\"},\"query-input\":{\"@type\":\"PropertyValueSpecification\",\"valueRequired\":true,\"valueName\":\"search_term_string\"}}],\"inLanguage\":\"de\"},{\"@type\":\"Organization\",\"@id\":\"https:\\\/\\\/www.iemj.org\\\/de\\\/#organization\",\"name\":\"Institut Europ\u00e9en des Musiques Juives\",\"url\":\"https:\\\/\\\/www.iemj.org\\\/de\\\/\",\"logo\":{\"@type\":\"ImageObject\",\"inLanguage\":\"de\",\"@id\":\"https:\\\/\\\/www.iemj.org\\\/de\\\/#\\\/schema\\\/logo\\\/image\\\/\",\"url\":\"https:\\\/\\\/www.iemj.org\\\/wp-content\\\/uploads\\\/2021\\\/09\\\/Logo-IEMJ-Paypal.jpg\",\"contentUrl\":\"https:\\\/\\\/www.iemj.org\\\/wp-content\\\/uploads\\\/2021\\\/09\\\/Logo-IEMJ-Paypal.jpg\",\"width\":150,\"height\":50,\"caption\":\"Institut Europ\u00e9en des Musiques Juives\"},\"image\":{\"@id\":\"https:\\\/\\\/www.iemj.org\\\/de\\\/#\\\/schema\\\/logo\\\/image\\\/\"},\"sameAs\":[\"https:\\\/\\\/www.facebook.com\\\/MusiquesJuives\\\/\",\"https:\\\/\\\/www.instagram.com\\\/musiquesjuives\\\/\",\"https:\\\/\\\/www.youtube.com\\\/user\\\/musiquesjuives\"]},{\"@type\":\"Person\",\"@id\":\"https:\\\/\\\/www.iemj.org\\\/de\\\/#\\\/schema\\\/person\\\/906134402c29d5c76e7b726261dd4bbd\",\"name\":\"Herv\u00e9 Roten\",\"image\":{\"@type\":\"ImageObject\",\"inLanguage\":\"de\",\"@id\":\"https:\\\/\\\/secure.gravatar.com\\\/avatar\\\/f96ad2db538a26481f18384936b5cd0610c92d390c4dc382209216d455f685ff?s=96&d=mm&r=g\",\"url\":\"https:\\\/\\\/secure.gravatar.com\\\/avatar\\\/f96ad2db538a26481f18384936b5cd0610c92d390c4dc382209216d455f685ff?s=96&d=mm&r=g\",\"contentUrl\":\"https:\\\/\\\/secure.gravatar.com\\\/avatar\\\/f96ad2db538a26481f18384936b5cd0610c92d390c4dc382209216d455f685ff?s=96&d=mm&r=g\",\"caption\":\"Herv\u00e9 Roten\"}}]}<\/script>\n<!-- \/ Yoast SEO plugin. -->","yoast_head_json":{"title":"Cohen, Judith - Institut Europ\u00e9en des Musiques Juives","robots":{"index":"index","follow":"follow","max-snippet":"max-snippet:-1","max-image-preview":"max-image-preview:large","max-video-preview":"max-video-preview:-1"},"canonical":"https:\/\/www.iemj.org\/de\/cohen-judith\/","og_locale":"de_DE","og_type":"article","og_title":"Cohen, Judith - Institut Europ\u00e9en des Musiques Juives","og_description":"Judith Cohen, S\u00e4ngerin, Interpretin mittelalterlicher und traditioneller Volksinstrumente, Musikethnologin und Universit\u00e4tsprofessorin, wurde am 9. Dezember 1949 in Montreal geboren. In den 1970er Jahren unternahm sie zahlreiche Reisen (franz\u00f6sischsprachiges Kanada, Osteuropa,","og_url":"https:\/\/www.iemj.org\/de\/cohen-judith\/","og_site_name":"Institut Europ\u00e9en des Musiques Juives","article_publisher":"https:\/\/www.facebook.com\/MusiquesJuives\/","article_published_time":"2020-02-04T11:33:24+00:00","article_modified_time":"2025-09-10T14:22:20+00:00","og_image":[{"width":244,"height":218,"url":"https:\/\/www.iemj.org\/wp-content\/uploads\/2020\/02\/arton4530-e1617013752805.jpg","type":"image\/jpeg"}],"author":"Herv\u00e9 Roten","twitter_card":"summary_large_image","twitter_misc":{"Verfasst von":"Herv\u00e9 Roten","Gesch\u00e4tzte Lesezeit":"4\u00a0Minuten"},"schema":{"@context":"https:\/\/schema.org","@graph":[{"@type":"Article","@id":"https:\/\/www.iemj.org\/de\/cohen-judith\/#article","isPartOf":{"@id":"https:\/\/www.iemj.org\/de\/cohen-judith\/"},"author":{"name":"Herv\u00e9 Roten","@id":"https:\/\/www.iemj.org\/de\/#\/schema\/person\/906134402c29d5c76e7b726261dd4bbd"},"headline":"Cohen, Judith","datePublished":"2020-02-04T11:33:24+00:00","dateModified":"2025-09-10T14:22:20+00:00","mainEntityOfPage":{"@id":"https:\/\/www.iemj.org\/de\/cohen-judith\/"},"wordCount":498,"publisher":{"@id":"https:\/\/www.iemj.org\/de\/#organization"},"image":{"@id":"https:\/\/www.iemj.org\/de\/cohen-judith\/#primaryimage"},"thumbnailUrl":"https:\/\/www.iemj.org\/wp-content\/uploads\/2020\/02\/arton4530-e1617013752805.jpg","articleSection":["Biografien"],"inLanguage":"de"},{"@type":"WebPage","@id":"https:\/\/www.iemj.org\/de\/cohen-judith\/","url":"https:\/\/www.iemj.org\/de\/cohen-judith\/","name":"Cohen, Judith - Institut Europ\u00e9en des Musiques Juives","isPartOf":{"@id":"https:\/\/www.iemj.org\/de\/#website"},"primaryImageOfPage":{"@id":"https:\/\/www.iemj.org\/de\/cohen-judith\/#primaryimage"},"image":{"@id":"https:\/\/www.iemj.org\/de\/cohen-judith\/#primaryimage"},"thumbnailUrl":"https:\/\/www.iemj.org\/wp-content\/uploads\/2020\/02\/arton4530-e1617013752805.jpg","datePublished":"2020-02-04T11:33:24+00:00","dateModified":"2025-09-10T14:22:20+00:00","breadcrumb":{"@id":"https:\/\/www.iemj.org\/de\/cohen-judith\/#breadcrumb"},"inLanguage":"de","potentialAction":[{"@type":"ReadAction","target":["https:\/\/www.iemj.org\/de\/cohen-judith\/"]}]},{"@type":"ImageObject","inLanguage":"de","@id":"https:\/\/www.iemj.org\/de\/cohen-judith\/#primaryimage","url":"https:\/\/www.iemj.org\/wp-content\/uploads\/2020\/02\/arton4530-e1617013752805.jpg","contentUrl":"https:\/\/www.iemj.org\/wp-content\/uploads\/2020\/02\/arton4530-e1617013752805.jpg","width":244,"height":218},{"@type":"BreadcrumbList","@id":"https:\/\/www.iemj.org\/de\/cohen-judith\/#breadcrumb","itemListElement":[{"@type":"ListItem","position":1,"name":"Accueil","item":"https:\/\/www.iemj.org\/de\/"},{"@type":"ListItem","position":2,"name":"Cohen, Judith"}]},{"@type":"WebSite","@id":"https:\/\/www.iemj.org\/de\/#website","url":"https:\/\/www.iemj.org\/de\/","name":"Institut Europ\u00e9en des Musiques Juives","description":"Des traditions musicales \u00e0 la port\u00e9e de tous","publisher":{"@id":"https:\/\/www.iemj.org\/de\/#organization"},"potentialAction":[{"@type":"SearchAction","target":{"@type":"EntryPoint","urlTemplate":"https:\/\/www.iemj.org\/de\/?s={search_term_string}"},"query-input":{"@type":"PropertyValueSpecification","valueRequired":true,"valueName":"search_term_string"}}],"inLanguage":"de"},{"@type":"Organization","@id":"https:\/\/www.iemj.org\/de\/#organization","name":"Institut Europ\u00e9en des Musiques Juives","url":"https:\/\/www.iemj.org\/de\/","logo":{"@type":"ImageObject","inLanguage":"de","@id":"https:\/\/www.iemj.org\/de\/#\/schema\/logo\/image\/","url":"https:\/\/www.iemj.org\/wp-content\/uploads\/2021\/09\/Logo-IEMJ-Paypal.jpg","contentUrl":"https:\/\/www.iemj.org\/wp-content\/uploads\/2021\/09\/Logo-IEMJ-Paypal.jpg","width":150,"height":50,"caption":"Institut Europ\u00e9en des Musiques Juives"},"image":{"@id":"https:\/\/www.iemj.org\/de\/#\/schema\/logo\/image\/"},"sameAs":["https:\/\/www.facebook.com\/MusiquesJuives\/","https:\/\/www.instagram.com\/musiquesjuives\/","https:\/\/www.youtube.com\/user\/musiquesjuives"]},{"@type":"Person","@id":"https:\/\/www.iemj.org\/de\/#\/schema\/person\/906134402c29d5c76e7b726261dd4bbd","name":"Herv\u00e9 Roten","image":{"@type":"ImageObject","inLanguage":"de","@id":"https:\/\/secure.gravatar.com\/avatar\/f96ad2db538a26481f18384936b5cd0610c92d390c4dc382209216d455f685ff?s=96&d=mm&r=g","url":"https:\/\/secure.gravatar.com\/avatar\/f96ad2db538a26481f18384936b5cd0610c92d390c4dc382209216d455f685ff?s=96&d=mm&r=g","contentUrl":"https:\/\/secure.gravatar.com\/avatar\/f96ad2db538a26481f18384936b5cd0610c92d390c4dc382209216d455f685ff?s=96&d=mm&r=g","caption":"Herv\u00e9 Roten"}}]}},"_links":{"self":[{"href":"https:\/\/www.iemj.org\/de\/wp-json\/wp\/v2\/posts\/87518","targetHints":{"allow":["GET"]}}],"collection":[{"href":"https:\/\/www.iemj.org\/de\/wp-json\/wp\/v2\/posts"}],"about":[{"href":"https:\/\/www.iemj.org\/de\/wp-json\/wp\/v2\/types\/post"}],"author":[{"embeddable":true,"href":"https:\/\/www.iemj.org\/de\/wp-json\/wp\/v2\/users\/1045"}],"replies":[{"embeddable":true,"href":"https:\/\/www.iemj.org\/de\/wp-json\/wp\/v2\/comments?post=87518"}],"version-history":[{"count":0,"href":"https:\/\/www.iemj.org\/de\/wp-json\/wp\/v2\/posts\/87518\/revisions"}],"wp:featuredmedia":[{"embeddable":true,"href":"https:\/\/www.iemj.org\/de\/wp-json\/wp\/v2\/media\/87519"}],"wp:attachment":[{"href":"https:\/\/www.iemj.org\/de\/wp-json\/wp\/v2\/media?parent=87518"}],"wp:term":[{"taxonomy":"category","embeddable":true,"href":"https:\/\/www.iemj.org\/de\/wp-json\/wp\/v2\/categories?post=87518"},{"taxonomy":"post_tag","embeddable":true,"href":"https:\/\/www.iemj.org\/de\/wp-json\/wp\/v2\/tags?post=87518"},{"taxonomy":"technique","embeddable":true,"href":"https:\/\/www.iemj.org\/de\/wp-json\/wp\/v2\/technique?post=87518"},{"taxonomy":"squelettes","embeddable":true,"href":"https:\/\/www.iemj.org\/de\/wp-json\/wp\/v2\/squelettes?post=87518"},{"taxonomy":"sujet","embeddable":true,"href":"https:\/\/www.iemj.org\/de\/wp-json\/wp\/v2\/sujet?post=87518"},{"taxonomy":"formation","embeddable":true,"href":"https:\/\/www.iemj.org\/de\/wp-json\/wp\/v2\/formation?post=87518"},{"taxonomy":"genre","embeddable":true,"href":"https:\/\/www.iemj.org\/de\/wp-json\/wp\/v2\/genre?post=87518"},{"taxonomy":"fonds","embeddable":true,"href":"https:\/\/www.iemj.org\/de\/wp-json\/wp\/v2\/fonds?post=87518"},{"taxonomy":"tradition","embeddable":true,"href":"https:\/\/www.iemj.org\/de\/wp-json\/wp\/v2\/tradition?post=87518"},{"taxonomy":"type-de-contenu","embeddable":true,"href":"https:\/\/www.iemj.org\/de\/wp-json\/wp\/v2\/type-de-contenu?post=87518"},{"taxonomy":"interprete-compositeur","embeddable":true,"href":"https:\/\/www.iemj.org\/de\/wp-json\/wp\/v2\/interprete-compositeur?post=87518"},{"taxonomy":"frise","embeddable":true,"href":"https:\/\/www.iemj.org\/de\/wp-json\/wp\/v2\/frise?post=87518"},{"taxonomy":"type-devenement","embeddable":true,"href":"https:\/\/www.iemj.org\/de\/wp-json\/wp\/v2\/type-devenement?post=87518"},{"taxonomy":"tableaux-liens-externes","embeddable":true,"href":"https:\/\/www.iemj.org\/de\/wp-json\/wp\/v2\/tableaux-liens-externes?post=87518"}],"curies":[{"name":"wp","href":"https:\/\/api.w.org\/{rel}","templated":true}]}}