{"id":87589,"date":"2015-09-01T16:14:24","date_gmt":"2015-09-01T14:14:24","guid":{"rendered":"https:\/\/www.iemj.org\/cooper-adrienne-1946-2011\/"},"modified":"2025-09-02T09:54:17","modified_gmt":"2025-09-02T07:54:17","slug":"cooper-adrienne-1946-2011","status":"publish","type":"post","link":"https:\/\/www.iemj.org\/de\/cooper-adrienne-1946-2011\/","title":{"rendered":"Cooper, Adrienne (1946-2011)"},"content":{"rendered":"<p>Adrienne Khana Cooper (1. September 1946 \u2013 25. Dezember 2011) war S\u00e4ngerin \u2013 eine der gr\u00f6\u00dften Interpretinnen jiddischer Lieder unserer Zeit \u2013 und Aktivistin. Durch die Ausstrahlung ihrer P\u00e4dagogik spielte sie eine wichtige Rolle beim Wiederaufleben der Klezmer-Musik. \u00a0<\/p>\n<p>Sie war auch Konrektorin am YIVO, dem jiddischen wissenschaftlichen Institut in New-York, Leiterin der Programmgestaltung am Museum der Chinesen in Amerika, und Leiterin der Programme am Workmen\u2019s Circle (Der Arbeter Ring, Zirkel der Arbeiter).<\/p>\n<p>Sie mitbegr\u00fcndete Klezkamp, und war Mitglied des B\u00fcros der Vereinigung \u201eJews for Racial and Economic Justice\u201c (JFREJ) bis Sommer 2011, als bei ihr Krebs diagnostiziert wurde, welcher sie am 25. Dezember 2011 dahinraffte.\u00a0<\/p>\n<p>Ihre Tochter Sarah Gordon ist S\u00e4ngerin, n\u00e4mlich mit ihrer Gruppe \u201eYiddish Princess\u201c.<\/p>\n<p><a href=\"http:\/\/www.adriennecooper.com\/\" target=\"_blank\" rel=\"noopener\">Ihre Webseite<\/a> besuchen<\/p>\n<p><a href=\"http:\/\/www.yiddishbookcenter.org\/oral-history\/adrienne-cooper\">Ihr Interview auf die Webseite des Yiddish Book Center<\/a> ansehen<\/p>\n<p><iframe src=\"https:\/\/archive.org\/embed\/AdrienneCooper28dec2010YiddishBookCenter_821\" width=\"640\" height=\"480\" frameborder=\"0\" allowfullscreen=\"allowfullscreen\"><\/iframe><\/p>\n<p>Dar\u00fcber mehr auf die Webseite\u00a0<a href=\"http:\/\/jwa.org\/weremember\/cooper-adrienne\">Jewish Women Archives<\/a> lesen<\/p>\n<p>Ihr Nachruf im\u00a0<a href=\"http:\/\/www.nytimes.com\/2011\/12\/29\/arts\/music\/adrienne-cooper-expert-on-yiddish-music-is-dead-at-65.html?_r=0\">New York Times<\/a>, am 28. Dezember 2011<\/p>\n<p><a href=\"https:\/\/www.iemj.org\/en\/hidden-sides-of-jewish-music-tribute-to-adrienne-cooper\/\" target=\"_blank\" rel=\"noopener\">Die Radiosendung Les faces cach\u00e9es de la musique juive anh\u00f6ren, von H\u00e9l\u00e8ne Engel moderiert, die dem Gedenken an Adrienne Cooper gewidmet ist.<\/a><\/p>\n<p><strong>Abgespieltes Video<\/strong>\u00a0(Ausschnitt):<br \/>Adrienne Cooper interpretiert \u201e<em>Dem Fideles Neshome<\/em>\u201d (die Seele der Geige), auf dem Album <em>Vaserl<\/em>, das 1978 vom Yugntruf (Ruf der Jugend) ver\u00f6ffentlicht wurde, um neue jiddische Lieder der jungen K\u00fcnstlergeneration vorzustellen. Das Lied wurde von Josh Waletzky nach einem Gedicht von Shike Driz komponiert.\u00a0<\/p>\n\n\n<h2 class=\"wp-block-heading\"><\/h2>\n\n\n<div class=\"wp-block-image\">\n<figure class=\"aligncenter size-large\"><img fetchpriority=\"high\" decoding=\"async\" width=\"1024\" height=\"133\" src=\"https:\/\/www.iemj.org\/wp-content\/uploads\/2024\/03\/AUDIO-PLAYER-1024x133.png\" alt=\"\" class=\"wp-image-110606\" srcset=\"https:\/\/www.iemj.org\/wp-content\/uploads\/2024\/03\/AUDIO-PLAYER-1024x133.png 1024w, https:\/\/www.iemj.org\/wp-content\/uploads\/2024\/03\/AUDIO-PLAYER-300x39.png 300w, https:\/\/www.iemj.org\/wp-content\/uploads\/2024\/03\/AUDIO-PLAYER-768x100.png 768w, https:\/\/www.iemj.org\/wp-content\/uploads\/2024\/03\/AUDIO-PLAYER-600x78.png 600w, https:\/\/www.iemj.org\/wp-content\/uploads\/2024\/03\/AUDIO-PLAYER.png 1210w\" sizes=\"(max-width: 1024px) 100vw, 1024px\" \/><\/figure>\n<\/div>\n\n\n<div class=\"wp-block-file\"><a id=\"wp-block-file--media-8e889af3-a124-4e5d-a0ac-902ab5ea7875\" href=\"https:\/\/www.iemj.org\/wp-content\/uploads\/2015\/09\/d33-30_310_05_t.mp3\">&#8222;Dem Fideles Neshome&#8220;<\/a><\/div>\n","protected":false},"excerpt":{"rendered":"<p>Adrienne Khana Cooper (1. September 1946 \u2013 25. Dezember 2011) war S\u00e4ngerin \u2013 eine der gr\u00f6\u00dften Interpretinnen jiddischer Lieder unserer Zeit \u2013 und Aktivistin. Durch die Ausstrahlung ihrer P\u00e4dagogik spielte<\/p>\n","protected":false},"author":1051,"featured_media":87591,"comment_status":"closed","ping_status":"open","sticky":false,"template":"","format":"standard","meta":{"_acf_changed":false,"footnotes":""},"categories":[1415],"tags":[],"technique":[],"squelettes":[],"sujet":[],"formation":[],"genre":[1864],"fonds":[],"tradition":[],"type-de-contenu":[],"interprete-compositeur":[],"frise":[],"type-devenement":[],"tableaux-liens-externes":[],"class_list":["post-87589","post","type-post","status-publish","format-standard","has-post-thumbnail","hentry","category-biografien-de","genre-yiddish-de"],"acf":[],"yoast_head":"<!-- This site is optimized with the Yoast SEO plugin v27.3 - https:\/\/yoast.com\/product\/yoast-seo-wordpress\/ -->\n<title>Cooper, Adrienne (1946-2011) - Institut Europ\u00e9en des Musiques Juives<\/title>\n<meta name=\"robots\" content=\"index, follow, max-snippet:-1, max-image-preview:large, max-video-preview:-1\" \/>\n<link rel=\"canonical\" href=\"https:\/\/www.iemj.org\/de\/cooper-adrienne-1946-2011\/\" \/>\n<meta property=\"og:locale\" content=\"de_DE\" \/>\n<meta property=\"og:type\" content=\"article\" \/>\n<meta property=\"og:title\" content=\"Cooper, Adrienne (1946-2011) - Institut Europ\u00e9en des Musiques Juives\" \/>\n<meta property=\"og:description\" content=\"Adrienne Khana Cooper (1. September 1946 \u2013 25. Dezember 2011) war S\u00e4ngerin \u2013 eine der gr\u00f6\u00dften Interpretinnen jiddischer Lieder unserer Zeit \u2013 und Aktivistin. Durch die Ausstrahlung ihrer P\u00e4dagogik spielte\" \/>\n<meta property=\"og:url\" content=\"https:\/\/www.iemj.org\/de\/cooper-adrienne-1946-2011\/\" \/>\n<meta property=\"og:site_name\" content=\"Institut Europ\u00e9en des Musiques Juives\" \/>\n<meta property=\"article:publisher\" content=\"https:\/\/www.facebook.com\/MusiquesJuives\/\" \/>\n<meta property=\"article:published_time\" content=\"2015-09-01T14:14:24+00:00\" \/>\n<meta property=\"article:modified_time\" content=\"2025-09-02T07:54:17+00:00\" \/>\n<meta property=\"og:image\" content=\"https:\/\/www.iemj.org\/wp-content\/uploads\/2015\/09\/Photo-Adrienne-Cooper-nv-site-IEMJ-e1617026590954.jpg\" \/>\n\t<meta property=\"og:image:width\" content=\"218\" \/>\n\t<meta property=\"og:image:height\" content=\"218\" \/>\n\t<meta property=\"og:image:type\" content=\"image\/jpeg\" \/>\n<meta name=\"author\" content=\"Eleonore Biezunski\" \/>\n<meta name=\"twitter:card\" content=\"summary_large_image\" \/>\n<meta name=\"twitter:label1\" content=\"Verfasst von\" \/>\n\t<meta name=\"twitter:data1\" content=\"Eleonore Biezunski\" \/>\n\t<meta name=\"twitter:label2\" content=\"Gesch\u00e4tzte Lesezeit\" \/>\n\t<meta name=\"twitter:data2\" content=\"2\u00a0Minuten\" \/>\n<script type=\"application\/ld+json\" class=\"yoast-schema-graph\">{\"@context\":\"https:\\\/\\\/schema.org\",\"@graph\":[{\"@type\":\"Article\",\"@id\":\"https:\\\/\\\/www.iemj.org\\\/de\\\/cooper-adrienne-1946-2011\\\/#article\",\"isPartOf\":{\"@id\":\"https:\\\/\\\/www.iemj.org\\\/de\\\/cooper-adrienne-1946-2011\\\/\"},\"author\":{\"name\":\"Eleonore Biezunski\",\"@id\":\"https:\\\/\\\/www.iemj.org\\\/de\\\/#\\\/schema\\\/person\\\/b642ef6ac700534beb3a478a1044fc58\"},\"headline\":\"Cooper, Adrienne (1946-2011)\",\"datePublished\":\"2015-09-01T14:14:24+00:00\",\"dateModified\":\"2025-09-02T07:54:17+00:00\",\"mainEntityOfPage\":{\"@id\":\"https:\\\/\\\/www.iemj.org\\\/de\\\/cooper-adrienne-1946-2011\\\/\"},\"wordCount\":226,\"publisher\":{\"@id\":\"https:\\\/\\\/www.iemj.org\\\/de\\\/#organization\"},\"image\":{\"@id\":\"https:\\\/\\\/www.iemj.org\\\/de\\\/cooper-adrienne-1946-2011\\\/#primaryimage\"},\"thumbnailUrl\":\"https:\\\/\\\/www.iemj.org\\\/wp-content\\\/uploads\\\/2015\\\/09\\\/Photo-Adrienne-Cooper-nv-site-IEMJ-e1617026590954.jpg\",\"articleSection\":[\"Biografien\"],\"inLanguage\":\"de\"},{\"@type\":\"WebPage\",\"@id\":\"https:\\\/\\\/www.iemj.org\\\/de\\\/cooper-adrienne-1946-2011\\\/\",\"url\":\"https:\\\/\\\/www.iemj.org\\\/de\\\/cooper-adrienne-1946-2011\\\/\",\"name\":\"Cooper, Adrienne (1946-2011) - Institut Europ\u00e9en des Musiques Juives\",\"isPartOf\":{\"@id\":\"https:\\\/\\\/www.iemj.org\\\/de\\\/#website\"},\"primaryImageOfPage\":{\"@id\":\"https:\\\/\\\/www.iemj.org\\\/de\\\/cooper-adrienne-1946-2011\\\/#primaryimage\"},\"image\":{\"@id\":\"https:\\\/\\\/www.iemj.org\\\/de\\\/cooper-adrienne-1946-2011\\\/#primaryimage\"},\"thumbnailUrl\":\"https:\\\/\\\/www.iemj.org\\\/wp-content\\\/uploads\\\/2015\\\/09\\\/Photo-Adrienne-Cooper-nv-site-IEMJ-e1617026590954.jpg\",\"datePublished\":\"2015-09-01T14:14:24+00:00\",\"dateModified\":\"2025-09-02T07:54:17+00:00\",\"breadcrumb\":{\"@id\":\"https:\\\/\\\/www.iemj.org\\\/de\\\/cooper-adrienne-1946-2011\\\/#breadcrumb\"},\"inLanguage\":\"de\",\"potentialAction\":[{\"@type\":\"ReadAction\",\"target\":[\"https:\\\/\\\/www.iemj.org\\\/de\\\/cooper-adrienne-1946-2011\\\/\"]}]},{\"@type\":\"ImageObject\",\"inLanguage\":\"de\",\"@id\":\"https:\\\/\\\/www.iemj.org\\\/de\\\/cooper-adrienne-1946-2011\\\/#primaryimage\",\"url\":\"https:\\\/\\\/www.iemj.org\\\/wp-content\\\/uploads\\\/2015\\\/09\\\/Photo-Adrienne-Cooper-nv-site-IEMJ-e1617026590954.jpg\",\"contentUrl\":\"https:\\\/\\\/www.iemj.org\\\/wp-content\\\/uploads\\\/2015\\\/09\\\/Photo-Adrienne-Cooper-nv-site-IEMJ-e1617026590954.jpg\",\"width\":218,\"height\":218},{\"@type\":\"BreadcrumbList\",\"@id\":\"https:\\\/\\\/www.iemj.org\\\/de\\\/cooper-adrienne-1946-2011\\\/#breadcrumb\",\"itemListElement\":[{\"@type\":\"ListItem\",\"position\":1,\"name\":\"Accueil\",\"item\":\"https:\\\/\\\/www.iemj.org\\\/de\\\/\"},{\"@type\":\"ListItem\",\"position\":2,\"name\":\"Cooper, Adrienne (1946-2011)\"}]},{\"@type\":\"WebSite\",\"@id\":\"https:\\\/\\\/www.iemj.org\\\/de\\\/#website\",\"url\":\"https:\\\/\\\/www.iemj.org\\\/de\\\/\",\"name\":\"Institut Europ\u00e9en des Musiques Juives\",\"description\":\"Des traditions musicales \u00e0 la port\u00e9e de tous\",\"publisher\":{\"@id\":\"https:\\\/\\\/www.iemj.org\\\/de\\\/#organization\"},\"potentialAction\":[{\"@type\":\"SearchAction\",\"target\":{\"@type\":\"EntryPoint\",\"urlTemplate\":\"https:\\\/\\\/www.iemj.org\\\/de\\\/?s={search_term_string}\"},\"query-input\":{\"@type\":\"PropertyValueSpecification\",\"valueRequired\":true,\"valueName\":\"search_term_string\"}}],\"inLanguage\":\"de\"},{\"@type\":\"Organization\",\"@id\":\"https:\\\/\\\/www.iemj.org\\\/de\\\/#organization\",\"name\":\"Institut Europ\u00e9en des Musiques Juives\",\"url\":\"https:\\\/\\\/www.iemj.org\\\/de\\\/\",\"logo\":{\"@type\":\"ImageObject\",\"inLanguage\":\"de\",\"@id\":\"https:\\\/\\\/www.iemj.org\\\/de\\\/#\\\/schema\\\/logo\\\/image\\\/\",\"url\":\"https:\\\/\\\/www.iemj.org\\\/wp-content\\\/uploads\\\/2021\\\/09\\\/Logo-IEMJ-Paypal.jpg\",\"contentUrl\":\"https:\\\/\\\/www.iemj.org\\\/wp-content\\\/uploads\\\/2021\\\/09\\\/Logo-IEMJ-Paypal.jpg\",\"width\":150,\"height\":50,\"caption\":\"Institut Europ\u00e9en des Musiques Juives\"},\"image\":{\"@id\":\"https:\\\/\\\/www.iemj.org\\\/de\\\/#\\\/schema\\\/logo\\\/image\\\/\"},\"sameAs\":[\"https:\\\/\\\/www.facebook.com\\\/MusiquesJuives\\\/\",\"https:\\\/\\\/www.instagram.com\\\/musiquesjuives\\\/\",\"https:\\\/\\\/www.youtube.com\\\/user\\\/musiquesjuives\"]},{\"@type\":\"Person\",\"@id\":\"https:\\\/\\\/www.iemj.org\\\/de\\\/#\\\/schema\\\/person\\\/b642ef6ac700534beb3a478a1044fc58\",\"name\":\"Eleonore Biezunski\",\"image\":{\"@type\":\"ImageObject\",\"inLanguage\":\"de\",\"@id\":\"https:\\\/\\\/secure.gravatar.com\\\/avatar\\\/23ebe6af626286145e05768bed85e683b6fb680909f71fae7052aa52346a660a?s=96&d=mm&r=g\",\"url\":\"https:\\\/\\\/secure.gravatar.com\\\/avatar\\\/23ebe6af626286145e05768bed85e683b6fb680909f71fae7052aa52346a660a?s=96&d=mm&r=g\",\"contentUrl\":\"https:\\\/\\\/secure.gravatar.com\\\/avatar\\\/23ebe6af626286145e05768bed85e683b6fb680909f71fae7052aa52346a660a?s=96&d=mm&r=g\",\"caption\":\"Eleonore Biezunski\"}}]}<\/script>\n<!-- \/ Yoast SEO plugin. -->","yoast_head_json":{"title":"Cooper, Adrienne (1946-2011) - Institut Europ\u00e9en des Musiques Juives","robots":{"index":"index","follow":"follow","max-snippet":"max-snippet:-1","max-image-preview":"max-image-preview:large","max-video-preview":"max-video-preview:-1"},"canonical":"https:\/\/www.iemj.org\/de\/cooper-adrienne-1946-2011\/","og_locale":"de_DE","og_type":"article","og_title":"Cooper, Adrienne (1946-2011) - Institut Europ\u00e9en des Musiques Juives","og_description":"Adrienne Khana Cooper (1. September 1946 \u2013 25. Dezember 2011) war S\u00e4ngerin \u2013 eine der gr\u00f6\u00dften Interpretinnen jiddischer Lieder unserer Zeit \u2013 und Aktivistin. Durch die Ausstrahlung ihrer P\u00e4dagogik spielte","og_url":"https:\/\/www.iemj.org\/de\/cooper-adrienne-1946-2011\/","og_site_name":"Institut Europ\u00e9en des Musiques Juives","article_publisher":"https:\/\/www.facebook.com\/MusiquesJuives\/","article_published_time":"2015-09-01T14:14:24+00:00","article_modified_time":"2025-09-02T07:54:17+00:00","og_image":[{"width":218,"height":218,"url":"https:\/\/www.iemj.org\/wp-content\/uploads\/2015\/09\/Photo-Adrienne-Cooper-nv-site-IEMJ-e1617026590954.jpg","type":"image\/jpeg"}],"author":"Eleonore Biezunski","twitter_card":"summary_large_image","twitter_misc":{"Verfasst von":"Eleonore Biezunski","Gesch\u00e4tzte Lesezeit":"2\u00a0Minuten"},"schema":{"@context":"https:\/\/schema.org","@graph":[{"@type":"Article","@id":"https:\/\/www.iemj.org\/de\/cooper-adrienne-1946-2011\/#article","isPartOf":{"@id":"https:\/\/www.iemj.org\/de\/cooper-adrienne-1946-2011\/"},"author":{"name":"Eleonore Biezunski","@id":"https:\/\/www.iemj.org\/de\/#\/schema\/person\/b642ef6ac700534beb3a478a1044fc58"},"headline":"Cooper, Adrienne (1946-2011)","datePublished":"2015-09-01T14:14:24+00:00","dateModified":"2025-09-02T07:54:17+00:00","mainEntityOfPage":{"@id":"https:\/\/www.iemj.org\/de\/cooper-adrienne-1946-2011\/"},"wordCount":226,"publisher":{"@id":"https:\/\/www.iemj.org\/de\/#organization"},"image":{"@id":"https:\/\/www.iemj.org\/de\/cooper-adrienne-1946-2011\/#primaryimage"},"thumbnailUrl":"https:\/\/www.iemj.org\/wp-content\/uploads\/2015\/09\/Photo-Adrienne-Cooper-nv-site-IEMJ-e1617026590954.jpg","articleSection":["Biografien"],"inLanguage":"de"},{"@type":"WebPage","@id":"https:\/\/www.iemj.org\/de\/cooper-adrienne-1946-2011\/","url":"https:\/\/www.iemj.org\/de\/cooper-adrienne-1946-2011\/","name":"Cooper, Adrienne (1946-2011) - Institut Europ\u00e9en des Musiques Juives","isPartOf":{"@id":"https:\/\/www.iemj.org\/de\/#website"},"primaryImageOfPage":{"@id":"https:\/\/www.iemj.org\/de\/cooper-adrienne-1946-2011\/#primaryimage"},"image":{"@id":"https:\/\/www.iemj.org\/de\/cooper-adrienne-1946-2011\/#primaryimage"},"thumbnailUrl":"https:\/\/www.iemj.org\/wp-content\/uploads\/2015\/09\/Photo-Adrienne-Cooper-nv-site-IEMJ-e1617026590954.jpg","datePublished":"2015-09-01T14:14:24+00:00","dateModified":"2025-09-02T07:54:17+00:00","breadcrumb":{"@id":"https:\/\/www.iemj.org\/de\/cooper-adrienne-1946-2011\/#breadcrumb"},"inLanguage":"de","potentialAction":[{"@type":"ReadAction","target":["https:\/\/www.iemj.org\/de\/cooper-adrienne-1946-2011\/"]}]},{"@type":"ImageObject","inLanguage":"de","@id":"https:\/\/www.iemj.org\/de\/cooper-adrienne-1946-2011\/#primaryimage","url":"https:\/\/www.iemj.org\/wp-content\/uploads\/2015\/09\/Photo-Adrienne-Cooper-nv-site-IEMJ-e1617026590954.jpg","contentUrl":"https:\/\/www.iemj.org\/wp-content\/uploads\/2015\/09\/Photo-Adrienne-Cooper-nv-site-IEMJ-e1617026590954.jpg","width":218,"height":218},{"@type":"BreadcrumbList","@id":"https:\/\/www.iemj.org\/de\/cooper-adrienne-1946-2011\/#breadcrumb","itemListElement":[{"@type":"ListItem","position":1,"name":"Accueil","item":"https:\/\/www.iemj.org\/de\/"},{"@type":"ListItem","position":2,"name":"Cooper, Adrienne (1946-2011)"}]},{"@type":"WebSite","@id":"https:\/\/www.iemj.org\/de\/#website","url":"https:\/\/www.iemj.org\/de\/","name":"Institut Europ\u00e9en des Musiques Juives","description":"Des traditions musicales \u00e0 la port\u00e9e de tous","publisher":{"@id":"https:\/\/www.iemj.org\/de\/#organization"},"potentialAction":[{"@type":"SearchAction","target":{"@type":"EntryPoint","urlTemplate":"https:\/\/www.iemj.org\/de\/?s={search_term_string}"},"query-input":{"@type":"PropertyValueSpecification","valueRequired":true,"valueName":"search_term_string"}}],"inLanguage":"de"},{"@type":"Organization","@id":"https:\/\/www.iemj.org\/de\/#organization","name":"Institut Europ\u00e9en des Musiques Juives","url":"https:\/\/www.iemj.org\/de\/","logo":{"@type":"ImageObject","inLanguage":"de","@id":"https:\/\/www.iemj.org\/de\/#\/schema\/logo\/image\/","url":"https:\/\/www.iemj.org\/wp-content\/uploads\/2021\/09\/Logo-IEMJ-Paypal.jpg","contentUrl":"https:\/\/www.iemj.org\/wp-content\/uploads\/2021\/09\/Logo-IEMJ-Paypal.jpg","width":150,"height":50,"caption":"Institut Europ\u00e9en des Musiques Juives"},"image":{"@id":"https:\/\/www.iemj.org\/de\/#\/schema\/logo\/image\/"},"sameAs":["https:\/\/www.facebook.com\/MusiquesJuives\/","https:\/\/www.instagram.com\/musiquesjuives\/","https:\/\/www.youtube.com\/user\/musiquesjuives"]},{"@type":"Person","@id":"https:\/\/www.iemj.org\/de\/#\/schema\/person\/b642ef6ac700534beb3a478a1044fc58","name":"Eleonore Biezunski","image":{"@type":"ImageObject","inLanguage":"de","@id":"https:\/\/secure.gravatar.com\/avatar\/23ebe6af626286145e05768bed85e683b6fb680909f71fae7052aa52346a660a?s=96&d=mm&r=g","url":"https:\/\/secure.gravatar.com\/avatar\/23ebe6af626286145e05768bed85e683b6fb680909f71fae7052aa52346a660a?s=96&d=mm&r=g","contentUrl":"https:\/\/secure.gravatar.com\/avatar\/23ebe6af626286145e05768bed85e683b6fb680909f71fae7052aa52346a660a?s=96&d=mm&r=g","caption":"Eleonore Biezunski"}}]}},"_links":{"self":[{"href":"https:\/\/www.iemj.org\/de\/wp-json\/wp\/v2\/posts\/87589","targetHints":{"allow":["GET"]}}],"collection":[{"href":"https:\/\/www.iemj.org\/de\/wp-json\/wp\/v2\/posts"}],"about":[{"href":"https:\/\/www.iemj.org\/de\/wp-json\/wp\/v2\/types\/post"}],"author":[{"embeddable":true,"href":"https:\/\/www.iemj.org\/de\/wp-json\/wp\/v2\/users\/1051"}],"replies":[{"embeddable":true,"href":"https:\/\/www.iemj.org\/de\/wp-json\/wp\/v2\/comments?post=87589"}],"version-history":[{"count":0,"href":"https:\/\/www.iemj.org\/de\/wp-json\/wp\/v2\/posts\/87589\/revisions"}],"wp:featuredmedia":[{"embeddable":true,"href":"https:\/\/www.iemj.org\/de\/wp-json\/wp\/v2\/media\/87591"}],"wp:attachment":[{"href":"https:\/\/www.iemj.org\/de\/wp-json\/wp\/v2\/media?parent=87589"}],"wp:term":[{"taxonomy":"category","embeddable":true,"href":"https:\/\/www.iemj.org\/de\/wp-json\/wp\/v2\/categories?post=87589"},{"taxonomy":"post_tag","embeddable":true,"href":"https:\/\/www.iemj.org\/de\/wp-json\/wp\/v2\/tags?post=87589"},{"taxonomy":"technique","embeddable":true,"href":"https:\/\/www.iemj.org\/de\/wp-json\/wp\/v2\/technique?post=87589"},{"taxonomy":"squelettes","embeddable":true,"href":"https:\/\/www.iemj.org\/de\/wp-json\/wp\/v2\/squelettes?post=87589"},{"taxonomy":"sujet","embeddable":true,"href":"https:\/\/www.iemj.org\/de\/wp-json\/wp\/v2\/sujet?post=87589"},{"taxonomy":"formation","embeddable":true,"href":"https:\/\/www.iemj.org\/de\/wp-json\/wp\/v2\/formation?post=87589"},{"taxonomy":"genre","embeddable":true,"href":"https:\/\/www.iemj.org\/de\/wp-json\/wp\/v2\/genre?post=87589"},{"taxonomy":"fonds","embeddable":true,"href":"https:\/\/www.iemj.org\/de\/wp-json\/wp\/v2\/fonds?post=87589"},{"taxonomy":"tradition","embeddable":true,"href":"https:\/\/www.iemj.org\/de\/wp-json\/wp\/v2\/tradition?post=87589"},{"taxonomy":"type-de-contenu","embeddable":true,"href":"https:\/\/www.iemj.org\/de\/wp-json\/wp\/v2\/type-de-contenu?post=87589"},{"taxonomy":"interprete-compositeur","embeddable":true,"href":"https:\/\/www.iemj.org\/de\/wp-json\/wp\/v2\/interprete-compositeur?post=87589"},{"taxonomy":"frise","embeddable":true,"href":"https:\/\/www.iemj.org\/de\/wp-json\/wp\/v2\/frise?post=87589"},{"taxonomy":"type-devenement","embeddable":true,"href":"https:\/\/www.iemj.org\/de\/wp-json\/wp\/v2\/type-devenement?post=87589"},{"taxonomy":"tableaux-liens-externes","embeddable":true,"href":"https:\/\/www.iemj.org\/de\/wp-json\/wp\/v2\/tableaux-liens-externes?post=87589"}],"curies":[{"name":"wp","href":"https:\/\/api.w.org\/{rel}","templated":true}]}}