{"id":87651,"date":"2020-02-26T12:52:03","date_gmt":"2020-02-26T11:52:03","guid":{"rendered":"https:\/\/www.iemj.org\/le-service-sacre-de-leon-algazi\/"},"modified":"2022-09-21T14:27:25","modified_gmt":"2022-09-21T12:27:25","slug":"le-service-sacre-de-leon-algazi","status":"publish","type":"post","link":"https:\/\/www.iemj.org\/de\/le-service-sacre-de-leon-algazi\/","title":{"rendered":"LE SERVICE SACR\u00c9 von L\u00c9ON ALGAZI"},"content":{"rendered":"<p><em>Le Service sacr\u00e9<\/em>\u00a0<em>(Der heilige Gottesdient)<\/em> von L\u00e9on Algazi, von dem Komponist 1954 in seiner liturgischen und musikalischen Sendung <em>\u00c9coute Isra\u00ebl<\/em> <em>(H\u00f6r Israel an)<\/em> vorgestellt, wurde auf acht Pyral-Schellackplatte gebrannt, die 2019 von seiner Enkelin B\u00e9atrice Algazi beim IEMJ hinterlegt wurden.<\/p>\n<p><em>\u00c9coute Isra\u00ebl <\/em>war eine w\u00f6chentliche Radiosendung des ORTF, die zwischen 1948 und 1971 von <a href=\"https:\/\/www.iemj.org\/de\/algazi-leon-1890-1971\/\">L\u00e9on Algazi<\/a> produziert und moderiert wurde. Sie war der Nachfolger der Sendung <em>La Voix d&#8217;Isra\u00eb (Die Stimme Israels)<\/em>, die Algazi 1929 ins Leben gerufen hatte.<\/p>\n<p>Dieses Archiv erm\u00f6glicht es uns, den gesamten <em>Service Sacr\u00e9<\/em> vom Samstagmorgen von L\u00e9on Algazi f\u00fcr Solisten, Chor und Orgel zu h\u00f6ren, der am 1. Januar 1954 im Radio ausgestrahlt wurde. Die Ausf\u00fchrenden waren Marie-Louise Girot (Orgel), Emile Ka\u00e7mann (Bass), Eli Taub (Tenor) und das Vokalensemble La Voix d&#8217;Isra\u00ebl unter der Leitung von L\u00e9on Algazi.<\/p>\n<p>Der <em>Service Sacr\u00e9<\/em> wurde auf Wunsch des Emanu-EI-Tempels in New York und seines Musikdirektors, Lazare Saminsky, komponiert. L\u00e9on Algazi leitete die erste Auff\u00fchrung seines Werkes im Februar 1952 im Emanu-EI-Tempel w\u00e4hrend eines Samstagmorgengottesdienstes.<\/p>\n<p>Um das gesamte Werk zu rekonstruieren, mussten wir eine Montage durchf\u00fchren. Die Pyral-Schallplatten wurden n\u00e4mlich nicht nacheinander gebrannt: So enth\u00e4lt beispielsweise die Platte 3 auf der A-Seite den Teil 5 und auf der B-Seite den Teil 7.<\/p>\n<p><img fetchpriority=\"high\" decoding=\"async\" class=\" aligncenter size-full wp-image-87683\" src=\"https:\/\/www.iemj.org\/wp-content\/uploads\/2020\/02\/doc_disque_3_500px.jpg\" alt=\"doc_disque_3_500px.jpg\" width=\"600\" height=\"349\" align=\"center\" srcset=\"https:\/\/www.iemj.org\/wp-content\/uploads\/2020\/02\/doc_disque_3_500px.jpg 600w, https:\/\/www.iemj.org\/wp-content\/uploads\/2020\/02\/doc_disque_3_500px-300x175.jpg 300w\" sizes=\"(max-width: 600px) 100vw, 600px\" \/><\/p>\n<p><strong>Montage der Spuren:<\/strong><img decoding=\"async\" class=\" aligncenter size-full wp-image-87684\" src=\"https:\/\/www.iemj.org\/wp-content\/uploads\/2020\/02\/session_premiere.jpg\" alt=\"session_premiere.jpg\" width=\"800\" height=\"60\" align=\"center\" srcset=\"https:\/\/www.iemj.org\/wp-content\/uploads\/2020\/02\/session_premiere.jpg 800w, https:\/\/www.iemj.org\/wp-content\/uploads\/2020\/02\/session_premiere-300x23.jpg 300w, https:\/\/www.iemj.org\/wp-content\/uploads\/2020\/02\/session_premiere-768x58.jpg 768w, https:\/\/www.iemj.org\/wp-content\/uploads\/2020\/02\/session_premiere-600x45.jpg 600w\" sizes=\"(max-width: 800px) 100vw, 800px\" \/>Die digitalisierten Audios wurden anschlie\u00dfend mit den Ger\u00e4ten des IEMJ restauriert, um die H\u00f6rbarkeit zu verbessern<\/p>\n<h3>Einige Erl\u00e4uterungen zur \u201ePyral\u201c-Platten:<\/h3>\n<p><img decoding=\"async\" class=\"wp-image-87685 alignright\" src=\"https:\/\/www.iemj.org\/wp-content\/uploads\/2020\/02\/disque_pyral_500px.jpg\" alt=\"disque_pyral_500px.jpg\" width=\"338\" height=\"319\" align=\"center\" srcset=\"https:\/\/www.iemj.org\/wp-content\/uploads\/2020\/02\/disque_pyral_500px.jpg 500w, https:\/\/www.iemj.org\/wp-content\/uploads\/2020\/02\/disque_pyral_500px-300x283.jpg 300w\" sizes=\"(max-width: 338px) 100vw, 338px\" \/><\/p>\n<p>Die \u201ePyrals\u201c sind eigentlich die am weitesten verbreitete Marke von Acetatsplatten, die von der franz\u00f6sischen Firma Pyrolaque hergestellt werden. Es handelt sich um Metallscheiben (meist Aluminium), die mit Schellack (acetat\u00e4hnlich) beschichtet sind, damit der Gravierstichel die Rillen in der Scheibe leicht einritzen kann.<\/p>\n<p>Die ersten Pyral-Platten liefen mit einer Geschwindigkeit von 78 Umdrehungen pro Minute, hatten aber viel feinere Rillen als die herk\u00f6mmlichen 78er. Sie wurden in den fr\u00fchen 1930er Jahren bis Mitte der 1960er Jahre hergestellt und waren nicht f\u00fcr den Verkauf bestimmt.<\/p>\n<p>In der Mitte der Platte wurde ein Aufkleber angebracht, um die Informationen auf der Platte manuell auszuf\u00fcllen.<\/p>\n<p>Der gr\u00f6\u00dfte Nachteil dieses Materials ist seine Zerbrechlichkeit: Es ist nicht lange haltbar, da der Schellack dazu neigt, rissig zu werden. Au\u00dferdem ist das Material sehr anf\u00e4llig f\u00fcr Schimmel.<\/p>\n<p>Die acht Pyral-Platten dieser Sendung aus dem Jahr 1954 wurden wahrscheinlich live aufgenommen, was sie zu einzigartigen Aufnahmen macht.<\/p>\n<p><strong>Quellen: <\/strong><a href=\"http:\/\/je-disque-je-veux.blogspot.com\/2017\/07\/les-disques-acetates-et-disques-pyrale.html\" target=\"_blank\" rel=\"noopener\">Je disque Je veux<\/a><\/p>\n\n\n<figure class=\"wp-block-embed is-type-video is-provider-youtube wp-block-embed-youtube wp-embed-aspect-4-3 wp-has-aspect-ratio\"><div class=\"wp-block-embed__wrapper\">\n<iframe title=\"Le Service Sacr\u00e9 de L\u00e9on Algazi\" width=\"640\" height=\"480\" src=\"https:\/\/www.youtube.com\/embed\/trZ_4Sf5HG8?feature=oembed\" frameborder=\"0\" allow=\"accelerometer; autoplay; clipboard-write; encrypted-media; gyroscope; picture-in-picture; web-share\" referrerpolicy=\"strict-origin-when-cross-origin\" allowfullscreen><\/iframe>\n<\/div><figcaption>H\u00f6ren Sie sich\u00a0<em>Le Service Sacr\u00e9<\/em>\u00a0von L\u00e9on Algazi an<\/figcaption><\/figure>\n\n\n\n<p><\/p>\n","protected":false},"excerpt":{"rendered":"<p>Le Service sacr\u00e9\u00a0(Der heilige Gottesdient) von L\u00e9on Algazi, von dem Komponist 1954 in seiner liturgischen und musikalischen Sendung \u00c9coute Isra\u00ebl (H\u00f6r Israel an) vorgestellt, wurde auf acht Pyral-Schellackplatte gebrannt, die<\/p>\n","protected":false},"author":1052,"featured_media":87652,"comment_status":"closed","ping_status":"closed","sticky":false,"template":"","format":"standard","meta":{"_acf_changed":false,"footnotes":""},"categories":[1563],"tags":[],"technique":[],"squelettes":[],"sujet":[1856],"formation":[],"genre":[1900],"fonds":[],"tradition":[],"type-de-contenu":[],"interprete-compositeur":[3251],"frise":[],"type-devenement":[],"tableaux-liens-externes":[],"class_list":["post-87651","post","type-post","status-publish","format-standard","has-post-thumbnail","hentry","category-highlights-de","sujet-sabbat-de","genre-klassische-musik-de","interprete-compositeur-leon-algazi-de"],"acf":[],"yoast_head":"<!-- This site is optimized with the Yoast SEO plugin v27.3 - https:\/\/yoast.com\/product\/yoast-seo-wordpress\/ -->\n<title>LE SERVICE SACR\u00c9 von L\u00c9ON ALGAZI - Institut Europ\u00e9en des Musiques Juives<\/title>\n<meta name=\"robots\" content=\"index, follow, max-snippet:-1, max-image-preview:large, max-video-preview:-1\" \/>\n<link rel=\"canonical\" href=\"https:\/\/www.iemj.org\/de\/le-service-sacre-de-leon-algazi\/\" \/>\n<meta property=\"og:locale\" content=\"de_DE\" \/>\n<meta property=\"og:type\" content=\"article\" \/>\n<meta property=\"og:title\" content=\"LE SERVICE SACR\u00c9 von L\u00c9ON ALGAZI - Institut Europ\u00e9en des Musiques Juives\" \/>\n<meta property=\"og:description\" content=\"Le Service sacr\u00e9\u00a0(Der heilige Gottesdient) von L\u00e9on Algazi, von dem Komponist 1954 in seiner liturgischen und musikalischen Sendung \u00c9coute Isra\u00ebl (H\u00f6r Israel an) vorgestellt, wurde auf acht Pyral-Schellackplatte gebrannt, die\" \/>\n<meta property=\"og:url\" content=\"https:\/\/www.iemj.org\/de\/le-service-sacre-de-leon-algazi\/\" \/>\n<meta property=\"og:site_name\" content=\"Institut Europ\u00e9en des Musiques Juives\" \/>\n<meta property=\"article:publisher\" content=\"https:\/\/www.facebook.com\/MusiquesJuives\/\" \/>\n<meta property=\"article:published_time\" content=\"2020-02-26T11:52:03+00:00\" \/>\n<meta property=\"article:modified_time\" content=\"2022-09-21T12:27:25+00:00\" \/>\n<meta property=\"og:image\" content=\"https:\/\/www.iemj.org\/wp-content\/uploads\/2020\/02\/arton4561-e1618570225194.jpg\" \/>\n\t<meta property=\"og:image:width\" content=\"350\" \/>\n\t<meta property=\"og:image:height\" content=\"350\" \/>\n\t<meta property=\"og:image:type\" content=\"image\/jpeg\" \/>\n<meta name=\"author\" content=\"Lea Couderc\" \/>\n<meta name=\"twitter:card\" content=\"summary_large_image\" \/>\n<meta name=\"twitter:label1\" content=\"Verfasst von\" \/>\n\t<meta name=\"twitter:data1\" content=\"Lea Couderc\" \/>\n\t<meta name=\"twitter:label2\" content=\"Gesch\u00e4tzte Lesezeit\" \/>\n\t<meta name=\"twitter:data2\" content=\"3\u00a0Minuten\" \/>\n<script type=\"application\/ld+json\" class=\"yoast-schema-graph\">{\"@context\":\"https:\\\/\\\/schema.org\",\"@graph\":[{\"@type\":\"Article\",\"@id\":\"https:\\\/\\\/www.iemj.org\\\/de\\\/le-service-sacre-de-leon-algazi\\\/#article\",\"isPartOf\":{\"@id\":\"https:\\\/\\\/www.iemj.org\\\/de\\\/le-service-sacre-de-leon-algazi\\\/\"},\"author\":{\"name\":\"Lea Couderc\",\"@id\":\"https:\\\/\\\/www.iemj.org\\\/de\\\/#\\\/schema\\\/person\\\/e2ad57f2c4be119c7ed8ab79036807a9\"},\"headline\":\"LE SERVICE SACR\u00c9 von L\u00c9ON ALGAZI\",\"datePublished\":\"2020-02-26T11:52:03+00:00\",\"dateModified\":\"2022-09-21T12:27:25+00:00\",\"mainEntityOfPage\":{\"@id\":\"https:\\\/\\\/www.iemj.org\\\/de\\\/le-service-sacre-de-leon-algazi\\\/\"},\"wordCount\":431,\"publisher\":{\"@id\":\"https:\\\/\\\/www.iemj.org\\\/de\\\/#organization\"},\"image\":{\"@id\":\"https:\\\/\\\/www.iemj.org\\\/de\\\/le-service-sacre-de-leon-algazi\\\/#primaryimage\"},\"thumbnailUrl\":\"https:\\\/\\\/www.iemj.org\\\/wp-content\\\/uploads\\\/2020\\\/02\\\/arton4561-e1618570225194.jpg\",\"articleSection\":[\"Highlights\"],\"inLanguage\":\"de\"},{\"@type\":\"WebPage\",\"@id\":\"https:\\\/\\\/www.iemj.org\\\/de\\\/le-service-sacre-de-leon-algazi\\\/\",\"url\":\"https:\\\/\\\/www.iemj.org\\\/de\\\/le-service-sacre-de-leon-algazi\\\/\",\"name\":\"LE SERVICE SACR\u00c9 von L\u00c9ON ALGAZI - Institut Europ\u00e9en des Musiques Juives\",\"isPartOf\":{\"@id\":\"https:\\\/\\\/www.iemj.org\\\/de\\\/#website\"},\"primaryImageOfPage\":{\"@id\":\"https:\\\/\\\/www.iemj.org\\\/de\\\/le-service-sacre-de-leon-algazi\\\/#primaryimage\"},\"image\":{\"@id\":\"https:\\\/\\\/www.iemj.org\\\/de\\\/le-service-sacre-de-leon-algazi\\\/#primaryimage\"},\"thumbnailUrl\":\"https:\\\/\\\/www.iemj.org\\\/wp-content\\\/uploads\\\/2020\\\/02\\\/arton4561-e1618570225194.jpg\",\"datePublished\":\"2020-02-26T11:52:03+00:00\",\"dateModified\":\"2022-09-21T12:27:25+00:00\",\"breadcrumb\":{\"@id\":\"https:\\\/\\\/www.iemj.org\\\/de\\\/le-service-sacre-de-leon-algazi\\\/#breadcrumb\"},\"inLanguage\":\"de\",\"potentialAction\":[{\"@type\":\"ReadAction\",\"target\":[\"https:\\\/\\\/www.iemj.org\\\/de\\\/le-service-sacre-de-leon-algazi\\\/\"]}]},{\"@type\":\"ImageObject\",\"inLanguage\":\"de\",\"@id\":\"https:\\\/\\\/www.iemj.org\\\/de\\\/le-service-sacre-de-leon-algazi\\\/#primaryimage\",\"url\":\"https:\\\/\\\/www.iemj.org\\\/wp-content\\\/uploads\\\/2020\\\/02\\\/arton4561-e1618570225194.jpg\",\"contentUrl\":\"https:\\\/\\\/www.iemj.org\\\/wp-content\\\/uploads\\\/2020\\\/02\\\/arton4561-e1618570225194.jpg\",\"width\":350,\"height\":350},{\"@type\":\"BreadcrumbList\",\"@id\":\"https:\\\/\\\/www.iemj.org\\\/de\\\/le-service-sacre-de-leon-algazi\\\/#breadcrumb\",\"itemListElement\":[{\"@type\":\"ListItem\",\"position\":1,\"name\":\"Accueil\",\"item\":\"https:\\\/\\\/www.iemj.org\\\/de\\\/\"},{\"@type\":\"ListItem\",\"position\":2,\"name\":\"LE SERVICE SACR\u00c9 von L\u00c9ON ALGAZI\"}]},{\"@type\":\"WebSite\",\"@id\":\"https:\\\/\\\/www.iemj.org\\\/de\\\/#website\",\"url\":\"https:\\\/\\\/www.iemj.org\\\/de\\\/\",\"name\":\"Institut Europ\u00e9en des Musiques Juives\",\"description\":\"Des traditions musicales \u00e0 la port\u00e9e de tous\",\"publisher\":{\"@id\":\"https:\\\/\\\/www.iemj.org\\\/de\\\/#organization\"},\"potentialAction\":[{\"@type\":\"SearchAction\",\"target\":{\"@type\":\"EntryPoint\",\"urlTemplate\":\"https:\\\/\\\/www.iemj.org\\\/de\\\/?s={search_term_string}\"},\"query-input\":{\"@type\":\"PropertyValueSpecification\",\"valueRequired\":true,\"valueName\":\"search_term_string\"}}],\"inLanguage\":\"de\"},{\"@type\":\"Organization\",\"@id\":\"https:\\\/\\\/www.iemj.org\\\/de\\\/#organization\",\"name\":\"Institut Europ\u00e9en des Musiques Juives\",\"url\":\"https:\\\/\\\/www.iemj.org\\\/de\\\/\",\"logo\":{\"@type\":\"ImageObject\",\"inLanguage\":\"de\",\"@id\":\"https:\\\/\\\/www.iemj.org\\\/de\\\/#\\\/schema\\\/logo\\\/image\\\/\",\"url\":\"https:\\\/\\\/www.iemj.org\\\/wp-content\\\/uploads\\\/2021\\\/09\\\/Logo-IEMJ-Paypal.jpg\",\"contentUrl\":\"https:\\\/\\\/www.iemj.org\\\/wp-content\\\/uploads\\\/2021\\\/09\\\/Logo-IEMJ-Paypal.jpg\",\"width\":150,\"height\":50,\"caption\":\"Institut Europ\u00e9en des Musiques Juives\"},\"image\":{\"@id\":\"https:\\\/\\\/www.iemj.org\\\/de\\\/#\\\/schema\\\/logo\\\/image\\\/\"},\"sameAs\":[\"https:\\\/\\\/www.facebook.com\\\/MusiquesJuives\\\/\",\"https:\\\/\\\/www.instagram.com\\\/musiquesjuives\\\/\",\"https:\\\/\\\/www.youtube.com\\\/user\\\/musiquesjuives\"]},{\"@type\":\"Person\",\"@id\":\"https:\\\/\\\/www.iemj.org\\\/de\\\/#\\\/schema\\\/person\\\/e2ad57f2c4be119c7ed8ab79036807a9\",\"name\":\"Lea Couderc\",\"image\":{\"@type\":\"ImageObject\",\"inLanguage\":\"de\",\"@id\":\"https:\\\/\\\/secure.gravatar.com\\\/avatar\\\/46ee021475d60aeff17a7e490b79dea5a5684bb392ab7fd1494027411df8ba23?s=96&d=mm&r=g\",\"url\":\"https:\\\/\\\/secure.gravatar.com\\\/avatar\\\/46ee021475d60aeff17a7e490b79dea5a5684bb392ab7fd1494027411df8ba23?s=96&d=mm&r=g\",\"contentUrl\":\"https:\\\/\\\/secure.gravatar.com\\\/avatar\\\/46ee021475d60aeff17a7e490b79dea5a5684bb392ab7fd1494027411df8ba23?s=96&d=mm&r=g\",\"caption\":\"Lea Couderc\"}}]}<\/script>\n<!-- \/ Yoast SEO plugin. -->","yoast_head_json":{"title":"LE SERVICE SACR\u00c9 von L\u00c9ON ALGAZI - Institut Europ\u00e9en des Musiques Juives","robots":{"index":"index","follow":"follow","max-snippet":"max-snippet:-1","max-image-preview":"max-image-preview:large","max-video-preview":"max-video-preview:-1"},"canonical":"https:\/\/www.iemj.org\/de\/le-service-sacre-de-leon-algazi\/","og_locale":"de_DE","og_type":"article","og_title":"LE SERVICE SACR\u00c9 von L\u00c9ON ALGAZI - Institut Europ\u00e9en des Musiques Juives","og_description":"Le Service sacr\u00e9\u00a0(Der heilige Gottesdient) von L\u00e9on Algazi, von dem Komponist 1954 in seiner liturgischen und musikalischen Sendung \u00c9coute Isra\u00ebl (H\u00f6r Israel an) vorgestellt, wurde auf acht Pyral-Schellackplatte gebrannt, die","og_url":"https:\/\/www.iemj.org\/de\/le-service-sacre-de-leon-algazi\/","og_site_name":"Institut Europ\u00e9en des Musiques Juives","article_publisher":"https:\/\/www.facebook.com\/MusiquesJuives\/","article_published_time":"2020-02-26T11:52:03+00:00","article_modified_time":"2022-09-21T12:27:25+00:00","og_image":[{"width":350,"height":350,"url":"https:\/\/www.iemj.org\/wp-content\/uploads\/2020\/02\/arton4561-e1618570225194.jpg","type":"image\/jpeg"}],"author":"Lea Couderc","twitter_card":"summary_large_image","twitter_misc":{"Verfasst von":"Lea Couderc","Gesch\u00e4tzte Lesezeit":"3\u00a0Minuten"},"schema":{"@context":"https:\/\/schema.org","@graph":[{"@type":"Article","@id":"https:\/\/www.iemj.org\/de\/le-service-sacre-de-leon-algazi\/#article","isPartOf":{"@id":"https:\/\/www.iemj.org\/de\/le-service-sacre-de-leon-algazi\/"},"author":{"name":"Lea Couderc","@id":"https:\/\/www.iemj.org\/de\/#\/schema\/person\/e2ad57f2c4be119c7ed8ab79036807a9"},"headline":"LE SERVICE SACR\u00c9 von L\u00c9ON ALGAZI","datePublished":"2020-02-26T11:52:03+00:00","dateModified":"2022-09-21T12:27:25+00:00","mainEntityOfPage":{"@id":"https:\/\/www.iemj.org\/de\/le-service-sacre-de-leon-algazi\/"},"wordCount":431,"publisher":{"@id":"https:\/\/www.iemj.org\/de\/#organization"},"image":{"@id":"https:\/\/www.iemj.org\/de\/le-service-sacre-de-leon-algazi\/#primaryimage"},"thumbnailUrl":"https:\/\/www.iemj.org\/wp-content\/uploads\/2020\/02\/arton4561-e1618570225194.jpg","articleSection":["Highlights"],"inLanguage":"de"},{"@type":"WebPage","@id":"https:\/\/www.iemj.org\/de\/le-service-sacre-de-leon-algazi\/","url":"https:\/\/www.iemj.org\/de\/le-service-sacre-de-leon-algazi\/","name":"LE SERVICE SACR\u00c9 von L\u00c9ON ALGAZI - Institut Europ\u00e9en des Musiques Juives","isPartOf":{"@id":"https:\/\/www.iemj.org\/de\/#website"},"primaryImageOfPage":{"@id":"https:\/\/www.iemj.org\/de\/le-service-sacre-de-leon-algazi\/#primaryimage"},"image":{"@id":"https:\/\/www.iemj.org\/de\/le-service-sacre-de-leon-algazi\/#primaryimage"},"thumbnailUrl":"https:\/\/www.iemj.org\/wp-content\/uploads\/2020\/02\/arton4561-e1618570225194.jpg","datePublished":"2020-02-26T11:52:03+00:00","dateModified":"2022-09-21T12:27:25+00:00","breadcrumb":{"@id":"https:\/\/www.iemj.org\/de\/le-service-sacre-de-leon-algazi\/#breadcrumb"},"inLanguage":"de","potentialAction":[{"@type":"ReadAction","target":["https:\/\/www.iemj.org\/de\/le-service-sacre-de-leon-algazi\/"]}]},{"@type":"ImageObject","inLanguage":"de","@id":"https:\/\/www.iemj.org\/de\/le-service-sacre-de-leon-algazi\/#primaryimage","url":"https:\/\/www.iemj.org\/wp-content\/uploads\/2020\/02\/arton4561-e1618570225194.jpg","contentUrl":"https:\/\/www.iemj.org\/wp-content\/uploads\/2020\/02\/arton4561-e1618570225194.jpg","width":350,"height":350},{"@type":"BreadcrumbList","@id":"https:\/\/www.iemj.org\/de\/le-service-sacre-de-leon-algazi\/#breadcrumb","itemListElement":[{"@type":"ListItem","position":1,"name":"Accueil","item":"https:\/\/www.iemj.org\/de\/"},{"@type":"ListItem","position":2,"name":"LE SERVICE SACR\u00c9 von L\u00c9ON ALGAZI"}]},{"@type":"WebSite","@id":"https:\/\/www.iemj.org\/de\/#website","url":"https:\/\/www.iemj.org\/de\/","name":"Institut Europ\u00e9en des Musiques Juives","description":"Des traditions musicales \u00e0 la port\u00e9e de tous","publisher":{"@id":"https:\/\/www.iemj.org\/de\/#organization"},"potentialAction":[{"@type":"SearchAction","target":{"@type":"EntryPoint","urlTemplate":"https:\/\/www.iemj.org\/de\/?s={search_term_string}"},"query-input":{"@type":"PropertyValueSpecification","valueRequired":true,"valueName":"search_term_string"}}],"inLanguage":"de"},{"@type":"Organization","@id":"https:\/\/www.iemj.org\/de\/#organization","name":"Institut Europ\u00e9en des Musiques Juives","url":"https:\/\/www.iemj.org\/de\/","logo":{"@type":"ImageObject","inLanguage":"de","@id":"https:\/\/www.iemj.org\/de\/#\/schema\/logo\/image\/","url":"https:\/\/www.iemj.org\/wp-content\/uploads\/2021\/09\/Logo-IEMJ-Paypal.jpg","contentUrl":"https:\/\/www.iemj.org\/wp-content\/uploads\/2021\/09\/Logo-IEMJ-Paypal.jpg","width":150,"height":50,"caption":"Institut Europ\u00e9en des Musiques Juives"},"image":{"@id":"https:\/\/www.iemj.org\/de\/#\/schema\/logo\/image\/"},"sameAs":["https:\/\/www.facebook.com\/MusiquesJuives\/","https:\/\/www.instagram.com\/musiquesjuives\/","https:\/\/www.youtube.com\/user\/musiquesjuives"]},{"@type":"Person","@id":"https:\/\/www.iemj.org\/de\/#\/schema\/person\/e2ad57f2c4be119c7ed8ab79036807a9","name":"Lea Couderc","image":{"@type":"ImageObject","inLanguage":"de","@id":"https:\/\/secure.gravatar.com\/avatar\/46ee021475d60aeff17a7e490b79dea5a5684bb392ab7fd1494027411df8ba23?s=96&d=mm&r=g","url":"https:\/\/secure.gravatar.com\/avatar\/46ee021475d60aeff17a7e490b79dea5a5684bb392ab7fd1494027411df8ba23?s=96&d=mm&r=g","contentUrl":"https:\/\/secure.gravatar.com\/avatar\/46ee021475d60aeff17a7e490b79dea5a5684bb392ab7fd1494027411df8ba23?s=96&d=mm&r=g","caption":"Lea Couderc"}}]}},"_links":{"self":[{"href":"https:\/\/www.iemj.org\/de\/wp-json\/wp\/v2\/posts\/87651","targetHints":{"allow":["GET"]}}],"collection":[{"href":"https:\/\/www.iemj.org\/de\/wp-json\/wp\/v2\/posts"}],"about":[{"href":"https:\/\/www.iemj.org\/de\/wp-json\/wp\/v2\/types\/post"}],"author":[{"embeddable":true,"href":"https:\/\/www.iemj.org\/de\/wp-json\/wp\/v2\/users\/1052"}],"replies":[{"embeddable":true,"href":"https:\/\/www.iemj.org\/de\/wp-json\/wp\/v2\/comments?post=87651"}],"version-history":[{"count":0,"href":"https:\/\/www.iemj.org\/de\/wp-json\/wp\/v2\/posts\/87651\/revisions"}],"wp:featuredmedia":[{"embeddable":true,"href":"https:\/\/www.iemj.org\/de\/wp-json\/wp\/v2\/media\/87652"}],"wp:attachment":[{"href":"https:\/\/www.iemj.org\/de\/wp-json\/wp\/v2\/media?parent=87651"}],"wp:term":[{"taxonomy":"category","embeddable":true,"href":"https:\/\/www.iemj.org\/de\/wp-json\/wp\/v2\/categories?post=87651"},{"taxonomy":"post_tag","embeddable":true,"href":"https:\/\/www.iemj.org\/de\/wp-json\/wp\/v2\/tags?post=87651"},{"taxonomy":"technique","embeddable":true,"href":"https:\/\/www.iemj.org\/de\/wp-json\/wp\/v2\/technique?post=87651"},{"taxonomy":"squelettes","embeddable":true,"href":"https:\/\/www.iemj.org\/de\/wp-json\/wp\/v2\/squelettes?post=87651"},{"taxonomy":"sujet","embeddable":true,"href":"https:\/\/www.iemj.org\/de\/wp-json\/wp\/v2\/sujet?post=87651"},{"taxonomy":"formation","embeddable":true,"href":"https:\/\/www.iemj.org\/de\/wp-json\/wp\/v2\/formation?post=87651"},{"taxonomy":"genre","embeddable":true,"href":"https:\/\/www.iemj.org\/de\/wp-json\/wp\/v2\/genre?post=87651"},{"taxonomy":"fonds","embeddable":true,"href":"https:\/\/www.iemj.org\/de\/wp-json\/wp\/v2\/fonds?post=87651"},{"taxonomy":"tradition","embeddable":true,"href":"https:\/\/www.iemj.org\/de\/wp-json\/wp\/v2\/tradition?post=87651"},{"taxonomy":"type-de-contenu","embeddable":true,"href":"https:\/\/www.iemj.org\/de\/wp-json\/wp\/v2\/type-de-contenu?post=87651"},{"taxonomy":"interprete-compositeur","embeddable":true,"href":"https:\/\/www.iemj.org\/de\/wp-json\/wp\/v2\/interprete-compositeur?post=87651"},{"taxonomy":"frise","embeddable":true,"href":"https:\/\/www.iemj.org\/de\/wp-json\/wp\/v2\/frise?post=87651"},{"taxonomy":"type-devenement","embeddable":true,"href":"https:\/\/www.iemj.org\/de\/wp-json\/wp\/v2\/type-devenement?post=87651"},{"taxonomy":"tableaux-liens-externes","embeddable":true,"href":"https:\/\/www.iemj.org\/de\/wp-json\/wp\/v2\/tableaux-liens-externes?post=87651"}],"curies":[{"name":"wp","href":"https:\/\/api.w.org\/{rel}","templated":true}]}}