{"id":87695,"date":"2018-09-17T12:09:20","date_gmt":"2018-09-17T10:09:20","guid":{"rendered":"https:\/\/www.iemj.org\/recueil-des-chants-hebraiques-anciens-et-modernes\/"},"modified":"2022-09-21T14:54:22","modified_gmt":"2022-09-21T12:54:22","slug":"recueil-des-chants-hebraiques-anciens-et-modernes","status":"publish","type":"post","link":"https:\/\/www.iemj.org\/de\/recueil-des-chants-hebraiques-anciens-et-modernes\/","title":{"rendered":"Sammlung hebr\u00e4ischer Ges\u00e4nge aus dem portugiesischen sephardischen ritus"},"content":{"rendered":"<p>Diese 146 Seiten umfassende Partiturensammlung wurde im Mai 1928 von Salomon Foy, dem Chorleiter des Israelitischen Tempels in Bordeaux, auf Initiative des Oberrabbiners Joseph Cohen von Bordeaux, zusammengestellt und notiert und vom israelitischen Konsistorium der Gironde herausgegeben.<\/p>\n<p>Es handelt sich um eine Zusammenstellung von Partituren zu den Gottesdiensten am Schabbat und an den Feiertagen, ein wahres Monument sephardischer religi\u00f6ser Musik.<\/p>\n<p>Salomon Foy notierte alle diese alten Melodien musikalisch nach der portugiesischen Tradition, die seit \u00fcber einem Jahrhundert in der Gemeinde von Bordeaux in Gebrauch war.<\/p>\n<p>Am Ende der Sammlung finden sich Melodien, die der heutigen Generation weniger bekannt sind, die Bakachot, bei denen es sich um liturgische Ges\u00e4nge handelt, die vor dem Morgengebet gesprochen wurden.<\/p>\n<p><strong>Lesen Sie unten einen Auszug aus dieser Sammlung:<\/strong><\/p>\n<div style=\"text-align: center;\">\n<p><iframe style=\"margin: 0 auto;\" src=\"\/\/v.calameo.com\/?bkcode=004612749442db665cc9e&amp;mode=mini\" width=\"480\" height=\"300\" frameborder=\"0\" scrolling=\"no\" allowfullscreen=\"allowfullscreen\"><\/iframe><\/p>\n<div style=\"margin: 4px 0px 8px;\"><a href=\"http:\/\/www.calameo.com\/\" target=\"_blank\" rel=\"noopener noreferrer\">Lesen Sie weitere Publikationen auf Calam\u00e9o<\/a><\/div>\n<\/div>\n<p><a href=\"https:\/\/www.iemj.org\/de\/manuel-detude-et-dapplication-de-la-liturgie-hebraique-du-rite-sefardi-dit-portugais\/\" target=\"_blank\" rel=\"noopener\">Lesen Sie auch das Handbuch zum Studium und zur Anwendung der hebr\u00e4ischen Liturgie des portugiesischen sephardischen Ritus, von Gilbert L\u00e9on aufgenommen und zusammengestellt<\/a><\/p>\n","protected":false},"excerpt":{"rendered":"<p>Diese 146 Seiten umfassende Partiturensammlung wurde im Mai 1928 von Salomon Foy, dem Chorleiter des Israelitischen Tempels in Bordeaux, auf Initiative des Oberrabbiners Joseph Cohen von Bordeaux, zusammengestellt und notiert<\/p>\n","protected":false},"author":1052,"featured_media":87696,"comment_status":"closed","ping_status":"open","sticky":false,"template":"","format":"standard","meta":{"_acf_changed":false,"footnotes":""},"categories":[1563],"tags":[],"technique":[],"squelettes":[],"sujet":[],"formation":[],"genre":[1891],"fonds":[],"tradition":[1975],"type-de-contenu":[],"interprete-compositeur":[],"frise":[],"type-devenement":[],"tableaux-liens-externes":[],"class_list":["post-87695","post","type-post","status-publish","format-standard","has-post-thumbnail","hentry","category-highlights-de","genre-liturgie-de","tradition-judeo-portugiesischer-ritus-de"],"acf":[],"yoast_head":"<!-- This site is optimized with the Yoast SEO plugin v27.3 - https:\/\/yoast.com\/product\/yoast-seo-wordpress\/ -->\n<title>Sammlung hebr\u00e4ischer Ges\u00e4nge aus dem portugiesischen sephardischen ritus - Institut Europ\u00e9en des Musiques Juives<\/title>\n<meta name=\"robots\" content=\"index, follow, max-snippet:-1, max-image-preview:large, max-video-preview:-1\" \/>\n<link rel=\"canonical\" href=\"https:\/\/www.iemj.org\/de\/recueil-des-chants-hebraiques-anciens-et-modernes\/\" \/>\n<meta property=\"og:locale\" content=\"de_DE\" \/>\n<meta property=\"og:type\" content=\"article\" \/>\n<meta property=\"og:title\" content=\"Sammlung hebr\u00e4ischer Ges\u00e4nge aus dem portugiesischen sephardischen ritus - Institut Europ\u00e9en des Musiques Juives\" \/>\n<meta property=\"og:description\" content=\"Diese 146 Seiten umfassende Partiturensammlung wurde im Mai 1928 von Salomon Foy, dem Chorleiter des Israelitischen Tempels in Bordeaux, auf Initiative des Oberrabbiners Joseph Cohen von Bordeaux, zusammengestellt und notiert\" \/>\n<meta property=\"og:url\" content=\"https:\/\/www.iemj.org\/de\/recueil-des-chants-hebraiques-anciens-et-modernes\/\" \/>\n<meta property=\"og:site_name\" content=\"Institut Europ\u00e9en des Musiques Juives\" \/>\n<meta property=\"article:publisher\" content=\"https:\/\/www.facebook.com\/MusiquesJuives\/\" \/>\n<meta property=\"article:published_time\" content=\"2018-09-17T10:09:20+00:00\" \/>\n<meta property=\"article:modified_time\" content=\"2022-09-21T12:54:22+00:00\" \/>\n<meta property=\"og:image\" content=\"https:\/\/www.iemj.org\/wp-content\/uploads\/2018\/09\/arton3616-e1618597681540.jpg\" \/>\n\t<meta property=\"og:image:width\" content=\"350\" \/>\n\t<meta property=\"og:image:height\" content=\"326\" \/>\n\t<meta property=\"og:image:type\" content=\"image\/jpeg\" \/>\n<meta name=\"author\" content=\"Lea Couderc\" \/>\n<meta name=\"twitter:card\" content=\"summary_large_image\" \/>\n<meta name=\"twitter:label1\" content=\"Verfasst von\" \/>\n\t<meta name=\"twitter:data1\" content=\"Lea Couderc\" \/>\n\t<meta name=\"twitter:label2\" content=\"Gesch\u00e4tzte Lesezeit\" \/>\n\t<meta name=\"twitter:data2\" content=\"1\u00a0Minute\" \/>\n<script type=\"application\/ld+json\" class=\"yoast-schema-graph\">{\"@context\":\"https:\\\/\\\/schema.org\",\"@graph\":[{\"@type\":\"Article\",\"@id\":\"https:\\\/\\\/www.iemj.org\\\/de\\\/recueil-des-chants-hebraiques-anciens-et-modernes\\\/#article\",\"isPartOf\":{\"@id\":\"https:\\\/\\\/www.iemj.org\\\/de\\\/recueil-des-chants-hebraiques-anciens-et-modernes\\\/\"},\"author\":{\"name\":\"Lea Couderc\",\"@id\":\"https:\\\/\\\/www.iemj.org\\\/de\\\/#\\\/schema\\\/person\\\/e2ad57f2c4be119c7ed8ab79036807a9\"},\"headline\":\"Sammlung hebr\u00e4ischer Ges\u00e4nge aus dem portugiesischen sephardischen ritus\",\"datePublished\":\"2018-09-17T10:09:20+00:00\",\"dateModified\":\"2022-09-21T12:54:22+00:00\",\"mainEntityOfPage\":{\"@id\":\"https:\\\/\\\/www.iemj.org\\\/de\\\/recueil-des-chants-hebraiques-anciens-et-modernes\\\/\"},\"wordCount\":165,\"publisher\":{\"@id\":\"https:\\\/\\\/www.iemj.org\\\/de\\\/#organization\"},\"image\":{\"@id\":\"https:\\\/\\\/www.iemj.org\\\/de\\\/recueil-des-chants-hebraiques-anciens-et-modernes\\\/#primaryimage\"},\"thumbnailUrl\":\"https:\\\/\\\/www.iemj.org\\\/wp-content\\\/uploads\\\/2018\\\/09\\\/arton3616-e1618597681540.jpg\",\"articleSection\":[\"Highlights\"],\"inLanguage\":\"de\"},{\"@type\":\"WebPage\",\"@id\":\"https:\\\/\\\/www.iemj.org\\\/de\\\/recueil-des-chants-hebraiques-anciens-et-modernes\\\/\",\"url\":\"https:\\\/\\\/www.iemj.org\\\/de\\\/recueil-des-chants-hebraiques-anciens-et-modernes\\\/\",\"name\":\"Sammlung hebr\u00e4ischer Ges\u00e4nge aus dem portugiesischen sephardischen ritus - Institut Europ\u00e9en des Musiques Juives\",\"isPartOf\":{\"@id\":\"https:\\\/\\\/www.iemj.org\\\/de\\\/#website\"},\"primaryImageOfPage\":{\"@id\":\"https:\\\/\\\/www.iemj.org\\\/de\\\/recueil-des-chants-hebraiques-anciens-et-modernes\\\/#primaryimage\"},\"image\":{\"@id\":\"https:\\\/\\\/www.iemj.org\\\/de\\\/recueil-des-chants-hebraiques-anciens-et-modernes\\\/#primaryimage\"},\"thumbnailUrl\":\"https:\\\/\\\/www.iemj.org\\\/wp-content\\\/uploads\\\/2018\\\/09\\\/arton3616-e1618597681540.jpg\",\"datePublished\":\"2018-09-17T10:09:20+00:00\",\"dateModified\":\"2022-09-21T12:54:22+00:00\",\"breadcrumb\":{\"@id\":\"https:\\\/\\\/www.iemj.org\\\/de\\\/recueil-des-chants-hebraiques-anciens-et-modernes\\\/#breadcrumb\"},\"inLanguage\":\"de\",\"potentialAction\":[{\"@type\":\"ReadAction\",\"target\":[\"https:\\\/\\\/www.iemj.org\\\/de\\\/recueil-des-chants-hebraiques-anciens-et-modernes\\\/\"]}]},{\"@type\":\"ImageObject\",\"inLanguage\":\"de\",\"@id\":\"https:\\\/\\\/www.iemj.org\\\/de\\\/recueil-des-chants-hebraiques-anciens-et-modernes\\\/#primaryimage\",\"url\":\"https:\\\/\\\/www.iemj.org\\\/wp-content\\\/uploads\\\/2018\\\/09\\\/arton3616-e1618597681540.jpg\",\"contentUrl\":\"https:\\\/\\\/www.iemj.org\\\/wp-content\\\/uploads\\\/2018\\\/09\\\/arton3616-e1618597681540.jpg\",\"width\":350,\"height\":326},{\"@type\":\"BreadcrumbList\",\"@id\":\"https:\\\/\\\/www.iemj.org\\\/de\\\/recueil-des-chants-hebraiques-anciens-et-modernes\\\/#breadcrumb\",\"itemListElement\":[{\"@type\":\"ListItem\",\"position\":1,\"name\":\"Accueil\",\"item\":\"https:\\\/\\\/www.iemj.org\\\/de\\\/\"},{\"@type\":\"ListItem\",\"position\":2,\"name\":\"Sammlung hebr\u00e4ischer Ges\u00e4nge aus dem portugiesischen sephardischen ritus\"}]},{\"@type\":\"WebSite\",\"@id\":\"https:\\\/\\\/www.iemj.org\\\/de\\\/#website\",\"url\":\"https:\\\/\\\/www.iemj.org\\\/de\\\/\",\"name\":\"Institut Europ\u00e9en des Musiques Juives\",\"description\":\"Des traditions musicales \u00e0 la port\u00e9e de tous\",\"publisher\":{\"@id\":\"https:\\\/\\\/www.iemj.org\\\/de\\\/#organization\"},\"potentialAction\":[{\"@type\":\"SearchAction\",\"target\":{\"@type\":\"EntryPoint\",\"urlTemplate\":\"https:\\\/\\\/www.iemj.org\\\/de\\\/?s={search_term_string}\"},\"query-input\":{\"@type\":\"PropertyValueSpecification\",\"valueRequired\":true,\"valueName\":\"search_term_string\"}}],\"inLanguage\":\"de\"},{\"@type\":\"Organization\",\"@id\":\"https:\\\/\\\/www.iemj.org\\\/de\\\/#organization\",\"name\":\"Institut Europ\u00e9en des Musiques Juives\",\"url\":\"https:\\\/\\\/www.iemj.org\\\/de\\\/\",\"logo\":{\"@type\":\"ImageObject\",\"inLanguage\":\"de\",\"@id\":\"https:\\\/\\\/www.iemj.org\\\/de\\\/#\\\/schema\\\/logo\\\/image\\\/\",\"url\":\"https:\\\/\\\/www.iemj.org\\\/wp-content\\\/uploads\\\/2021\\\/09\\\/Logo-IEMJ-Paypal.jpg\",\"contentUrl\":\"https:\\\/\\\/www.iemj.org\\\/wp-content\\\/uploads\\\/2021\\\/09\\\/Logo-IEMJ-Paypal.jpg\",\"width\":150,\"height\":50,\"caption\":\"Institut Europ\u00e9en des Musiques Juives\"},\"image\":{\"@id\":\"https:\\\/\\\/www.iemj.org\\\/de\\\/#\\\/schema\\\/logo\\\/image\\\/\"},\"sameAs\":[\"https:\\\/\\\/www.facebook.com\\\/MusiquesJuives\\\/\",\"https:\\\/\\\/www.instagram.com\\\/musiquesjuives\\\/\",\"https:\\\/\\\/www.youtube.com\\\/user\\\/musiquesjuives\"]},{\"@type\":\"Person\",\"@id\":\"https:\\\/\\\/www.iemj.org\\\/de\\\/#\\\/schema\\\/person\\\/e2ad57f2c4be119c7ed8ab79036807a9\",\"name\":\"Lea Couderc\",\"image\":{\"@type\":\"ImageObject\",\"inLanguage\":\"de\",\"@id\":\"https:\\\/\\\/secure.gravatar.com\\\/avatar\\\/46ee021475d60aeff17a7e490b79dea5a5684bb392ab7fd1494027411df8ba23?s=96&d=mm&r=g\",\"url\":\"https:\\\/\\\/secure.gravatar.com\\\/avatar\\\/46ee021475d60aeff17a7e490b79dea5a5684bb392ab7fd1494027411df8ba23?s=96&d=mm&r=g\",\"contentUrl\":\"https:\\\/\\\/secure.gravatar.com\\\/avatar\\\/46ee021475d60aeff17a7e490b79dea5a5684bb392ab7fd1494027411df8ba23?s=96&d=mm&r=g\",\"caption\":\"Lea Couderc\"}}]}<\/script>\n<!-- \/ Yoast SEO plugin. -->","yoast_head_json":{"title":"Sammlung hebr\u00e4ischer Ges\u00e4nge aus dem portugiesischen sephardischen ritus - Institut Europ\u00e9en des Musiques Juives","robots":{"index":"index","follow":"follow","max-snippet":"max-snippet:-1","max-image-preview":"max-image-preview:large","max-video-preview":"max-video-preview:-1"},"canonical":"https:\/\/www.iemj.org\/de\/recueil-des-chants-hebraiques-anciens-et-modernes\/","og_locale":"de_DE","og_type":"article","og_title":"Sammlung hebr\u00e4ischer Ges\u00e4nge aus dem portugiesischen sephardischen ritus - Institut Europ\u00e9en des Musiques Juives","og_description":"Diese 146 Seiten umfassende Partiturensammlung wurde im Mai 1928 von Salomon Foy, dem Chorleiter des Israelitischen Tempels in Bordeaux, auf Initiative des Oberrabbiners Joseph Cohen von Bordeaux, zusammengestellt und notiert","og_url":"https:\/\/www.iemj.org\/de\/recueil-des-chants-hebraiques-anciens-et-modernes\/","og_site_name":"Institut Europ\u00e9en des Musiques Juives","article_publisher":"https:\/\/www.facebook.com\/MusiquesJuives\/","article_published_time":"2018-09-17T10:09:20+00:00","article_modified_time":"2022-09-21T12:54:22+00:00","og_image":[{"width":350,"height":326,"url":"https:\/\/www.iemj.org\/wp-content\/uploads\/2018\/09\/arton3616-e1618597681540.jpg","type":"image\/jpeg"}],"author":"Lea Couderc","twitter_card":"summary_large_image","twitter_misc":{"Verfasst von":"Lea Couderc","Gesch\u00e4tzte Lesezeit":"1\u00a0Minute"},"schema":{"@context":"https:\/\/schema.org","@graph":[{"@type":"Article","@id":"https:\/\/www.iemj.org\/de\/recueil-des-chants-hebraiques-anciens-et-modernes\/#article","isPartOf":{"@id":"https:\/\/www.iemj.org\/de\/recueil-des-chants-hebraiques-anciens-et-modernes\/"},"author":{"name":"Lea Couderc","@id":"https:\/\/www.iemj.org\/de\/#\/schema\/person\/e2ad57f2c4be119c7ed8ab79036807a9"},"headline":"Sammlung hebr\u00e4ischer Ges\u00e4nge aus dem portugiesischen sephardischen ritus","datePublished":"2018-09-17T10:09:20+00:00","dateModified":"2022-09-21T12:54:22+00:00","mainEntityOfPage":{"@id":"https:\/\/www.iemj.org\/de\/recueil-des-chants-hebraiques-anciens-et-modernes\/"},"wordCount":165,"publisher":{"@id":"https:\/\/www.iemj.org\/de\/#organization"},"image":{"@id":"https:\/\/www.iemj.org\/de\/recueil-des-chants-hebraiques-anciens-et-modernes\/#primaryimage"},"thumbnailUrl":"https:\/\/www.iemj.org\/wp-content\/uploads\/2018\/09\/arton3616-e1618597681540.jpg","articleSection":["Highlights"],"inLanguage":"de"},{"@type":"WebPage","@id":"https:\/\/www.iemj.org\/de\/recueil-des-chants-hebraiques-anciens-et-modernes\/","url":"https:\/\/www.iemj.org\/de\/recueil-des-chants-hebraiques-anciens-et-modernes\/","name":"Sammlung hebr\u00e4ischer Ges\u00e4nge aus dem portugiesischen sephardischen ritus - Institut Europ\u00e9en des Musiques Juives","isPartOf":{"@id":"https:\/\/www.iemj.org\/de\/#website"},"primaryImageOfPage":{"@id":"https:\/\/www.iemj.org\/de\/recueil-des-chants-hebraiques-anciens-et-modernes\/#primaryimage"},"image":{"@id":"https:\/\/www.iemj.org\/de\/recueil-des-chants-hebraiques-anciens-et-modernes\/#primaryimage"},"thumbnailUrl":"https:\/\/www.iemj.org\/wp-content\/uploads\/2018\/09\/arton3616-e1618597681540.jpg","datePublished":"2018-09-17T10:09:20+00:00","dateModified":"2022-09-21T12:54:22+00:00","breadcrumb":{"@id":"https:\/\/www.iemj.org\/de\/recueil-des-chants-hebraiques-anciens-et-modernes\/#breadcrumb"},"inLanguage":"de","potentialAction":[{"@type":"ReadAction","target":["https:\/\/www.iemj.org\/de\/recueil-des-chants-hebraiques-anciens-et-modernes\/"]}]},{"@type":"ImageObject","inLanguage":"de","@id":"https:\/\/www.iemj.org\/de\/recueil-des-chants-hebraiques-anciens-et-modernes\/#primaryimage","url":"https:\/\/www.iemj.org\/wp-content\/uploads\/2018\/09\/arton3616-e1618597681540.jpg","contentUrl":"https:\/\/www.iemj.org\/wp-content\/uploads\/2018\/09\/arton3616-e1618597681540.jpg","width":350,"height":326},{"@type":"BreadcrumbList","@id":"https:\/\/www.iemj.org\/de\/recueil-des-chants-hebraiques-anciens-et-modernes\/#breadcrumb","itemListElement":[{"@type":"ListItem","position":1,"name":"Accueil","item":"https:\/\/www.iemj.org\/de\/"},{"@type":"ListItem","position":2,"name":"Sammlung hebr\u00e4ischer Ges\u00e4nge aus dem portugiesischen sephardischen ritus"}]},{"@type":"WebSite","@id":"https:\/\/www.iemj.org\/de\/#website","url":"https:\/\/www.iemj.org\/de\/","name":"Institut Europ\u00e9en des Musiques Juives","description":"Des traditions musicales \u00e0 la port\u00e9e de tous","publisher":{"@id":"https:\/\/www.iemj.org\/de\/#organization"},"potentialAction":[{"@type":"SearchAction","target":{"@type":"EntryPoint","urlTemplate":"https:\/\/www.iemj.org\/de\/?s={search_term_string}"},"query-input":{"@type":"PropertyValueSpecification","valueRequired":true,"valueName":"search_term_string"}}],"inLanguage":"de"},{"@type":"Organization","@id":"https:\/\/www.iemj.org\/de\/#organization","name":"Institut Europ\u00e9en des Musiques Juives","url":"https:\/\/www.iemj.org\/de\/","logo":{"@type":"ImageObject","inLanguage":"de","@id":"https:\/\/www.iemj.org\/de\/#\/schema\/logo\/image\/","url":"https:\/\/www.iemj.org\/wp-content\/uploads\/2021\/09\/Logo-IEMJ-Paypal.jpg","contentUrl":"https:\/\/www.iemj.org\/wp-content\/uploads\/2021\/09\/Logo-IEMJ-Paypal.jpg","width":150,"height":50,"caption":"Institut Europ\u00e9en des Musiques Juives"},"image":{"@id":"https:\/\/www.iemj.org\/de\/#\/schema\/logo\/image\/"},"sameAs":["https:\/\/www.facebook.com\/MusiquesJuives\/","https:\/\/www.instagram.com\/musiquesjuives\/","https:\/\/www.youtube.com\/user\/musiquesjuives"]},{"@type":"Person","@id":"https:\/\/www.iemj.org\/de\/#\/schema\/person\/e2ad57f2c4be119c7ed8ab79036807a9","name":"Lea Couderc","image":{"@type":"ImageObject","inLanguage":"de","@id":"https:\/\/secure.gravatar.com\/avatar\/46ee021475d60aeff17a7e490b79dea5a5684bb392ab7fd1494027411df8ba23?s=96&d=mm&r=g","url":"https:\/\/secure.gravatar.com\/avatar\/46ee021475d60aeff17a7e490b79dea5a5684bb392ab7fd1494027411df8ba23?s=96&d=mm&r=g","contentUrl":"https:\/\/secure.gravatar.com\/avatar\/46ee021475d60aeff17a7e490b79dea5a5684bb392ab7fd1494027411df8ba23?s=96&d=mm&r=g","caption":"Lea Couderc"}}]}},"_links":{"self":[{"href":"https:\/\/www.iemj.org\/de\/wp-json\/wp\/v2\/posts\/87695","targetHints":{"allow":["GET"]}}],"collection":[{"href":"https:\/\/www.iemj.org\/de\/wp-json\/wp\/v2\/posts"}],"about":[{"href":"https:\/\/www.iemj.org\/de\/wp-json\/wp\/v2\/types\/post"}],"author":[{"embeddable":true,"href":"https:\/\/www.iemj.org\/de\/wp-json\/wp\/v2\/users\/1052"}],"replies":[{"embeddable":true,"href":"https:\/\/www.iemj.org\/de\/wp-json\/wp\/v2\/comments?post=87695"}],"version-history":[{"count":0,"href":"https:\/\/www.iemj.org\/de\/wp-json\/wp\/v2\/posts\/87695\/revisions"}],"wp:featuredmedia":[{"embeddable":true,"href":"https:\/\/www.iemj.org\/de\/wp-json\/wp\/v2\/media\/87696"}],"wp:attachment":[{"href":"https:\/\/www.iemj.org\/de\/wp-json\/wp\/v2\/media?parent=87695"}],"wp:term":[{"taxonomy":"category","embeddable":true,"href":"https:\/\/www.iemj.org\/de\/wp-json\/wp\/v2\/categories?post=87695"},{"taxonomy":"post_tag","embeddable":true,"href":"https:\/\/www.iemj.org\/de\/wp-json\/wp\/v2\/tags?post=87695"},{"taxonomy":"technique","embeddable":true,"href":"https:\/\/www.iemj.org\/de\/wp-json\/wp\/v2\/technique?post=87695"},{"taxonomy":"squelettes","embeddable":true,"href":"https:\/\/www.iemj.org\/de\/wp-json\/wp\/v2\/squelettes?post=87695"},{"taxonomy":"sujet","embeddable":true,"href":"https:\/\/www.iemj.org\/de\/wp-json\/wp\/v2\/sujet?post=87695"},{"taxonomy":"formation","embeddable":true,"href":"https:\/\/www.iemj.org\/de\/wp-json\/wp\/v2\/formation?post=87695"},{"taxonomy":"genre","embeddable":true,"href":"https:\/\/www.iemj.org\/de\/wp-json\/wp\/v2\/genre?post=87695"},{"taxonomy":"fonds","embeddable":true,"href":"https:\/\/www.iemj.org\/de\/wp-json\/wp\/v2\/fonds?post=87695"},{"taxonomy":"tradition","embeddable":true,"href":"https:\/\/www.iemj.org\/de\/wp-json\/wp\/v2\/tradition?post=87695"},{"taxonomy":"type-de-contenu","embeddable":true,"href":"https:\/\/www.iemj.org\/de\/wp-json\/wp\/v2\/type-de-contenu?post=87695"},{"taxonomy":"interprete-compositeur","embeddable":true,"href":"https:\/\/www.iemj.org\/de\/wp-json\/wp\/v2\/interprete-compositeur?post=87695"},{"taxonomy":"frise","embeddable":true,"href":"https:\/\/www.iemj.org\/de\/wp-json\/wp\/v2\/frise?post=87695"},{"taxonomy":"type-devenement","embeddable":true,"href":"https:\/\/www.iemj.org\/de\/wp-json\/wp\/v2\/type-devenement?post=87695"},{"taxonomy":"tableaux-liens-externes","embeddable":true,"href":"https:\/\/www.iemj.org\/de\/wp-json\/wp\/v2\/tableaux-liens-externes?post=87695"}],"curies":[{"name":"wp","href":"https:\/\/api.w.org\/{rel}","templated":true}]}}