{"id":87733,"date":"2018-10-30T15:48:10","date_gmt":"2018-10-30T14:48:10","guid":{"rendered":"https:\/\/www.iemj.org\/delmin-dany-1931\/"},"modified":"2025-09-09T17:05:01","modified_gmt":"2025-09-09T15:05:01","slug":"delmin-dany-1931","status":"publish","type":"post","link":"https:\/\/www.iemj.org\/de\/delmin-dany-1931\/","title":{"rendered":"Delmin, Dany (1931 ?)"},"content":{"rendered":"<p><img fetchpriority=\"high\" decoding=\"async\" class=\" alignright size-full wp-image-21526\" src=\"https:\/\/www.iemj.org\/wp-content\/uploads\/2018\/10\/delmin_disque_1_-_150px.jpg\" alt=\"delmin_disque_1_-_150px.jpg\" width=\"150\" height=\"413\" align=\"right\" srcset=\"https:\/\/www.iemj.org\/wp-content\/uploads\/2018\/10\/delmin_disque_1_-_150px.jpg 150w, https:\/\/www.iemj.org\/wp-content\/uploads\/2018\/10\/delmin_disque_1_-_150px-109x300.jpg 109w\" sizes=\"(max-width: 150px) 100vw, 150px\" \/>Dany Delmin ist Komponist, Interpret, Texter von Liedern auf Franz\u00f6sisch, Hebr\u00e4isch und Jiddisch. <br \/>Er wurde als David Polack geboren und ist der j\u00fcngste einer Familie von 7 Kindern. Als der Krieg ausbrach, \u00e4nderte sich sein Leben und er wurde 1942 mit seinem Vater nach Drancy deportiert. Es gelingt ihm, die freie Zone zu \u00fcberqueren, aber er sah seinen Vater nie wieder.<\/p>\n<p>Am Ende des Krieges, als er 15 Jahre alt war, fand Dan Delmin seine Mutter und seine Schwester wieder, die von Freunden in einem Keller versteckt wurden. Nachdem er sich in verschiedenen Berufen versucht hatte (Gep\u00e4cktr\u00e4ger, Laufjunge&#8230;), begann er mit der Textilbranche. Parallel dazu brachte er sich autodidaktisch Musik bei.<\/p>\n<p>Mit 17 reiste er nach Pal\u00e4stina aus, zwei Monate vor der Unabh\u00e4ngigkeit des Staats Israels. Er trat in die Armee ein. Er wurde dann als S\u00e4nger-Gitarrenspieler bemerkt, und spielte p\u00fcnktlich in einem Club. <br \/>Er kehrte nach Frankreich 1950 zur\u00fcck, und nach zwei Jahren im franz\u00f6sischen Milit\u00e4rdienst nahm er seine Arbeit in der Textilbranche wieder auf und ging mit seinem Chef nach Brasilien, um dort zu arbeiten.<\/p>\n<p><img decoding=\"async\" class=\" alignright size-full wp-image-21530\" src=\"https:\/\/www.iemj.org\/wp-content\/uploads\/2018\/10\/delmin_disque_2_-_150px.jpg\" alt=\"delmin_disque_2_-_150px.jpg\" width=\"150\" height=\"449\" align=\"right\" srcset=\"https:\/\/www.iemj.org\/wp-content\/uploads\/2018\/10\/delmin_disque_2_-_150px.jpg 150w, https:\/\/www.iemj.org\/wp-content\/uploads\/2018\/10\/delmin_disque_2_-_150px-100x300.jpg 100w\" sizes=\"(max-width: 150px) 100vw, 150px\" \/><img decoding=\"async\" class=\"size-full wp-image-21528 alignleft\" src=\"https:\/\/www.iemj.org\/wp-content\/uploads\/2018\/10\/delmin_disque_6_-100px.jpg\" alt=\"delmin_disque_6_-100px.jpg\" width=\"100\" height=\"108\" align=\"middle\" \/>1954 kennenlernte er den Generaldirektor einer brasilianischen Plattenfirma. Da das Franz\u00f6sische Chanson gerade in Mode war, sprach er vor und wurde noch am selben Abend engagiert. Von da an begann seine musikalische Karriere. Das Plattenlabel Mocambo ver\u00f6ffentlichte seine erste 25-cm-Langspielplatte mit acht Titeln, von denen er zwei selbst schrieb und <a href=\"https:\/\/de.wikipedia.org\/wiki\/Ant%C3%B4nio_Carlos_Jobim\" target=\"_blank\" rel=\"noopener\">Ant\u00f4nio Carlos Jobim<\/a> arrangierte.\u00a0<\/p>\n<p><img loading=\"lazy\" decoding=\"async\" class=\"size-full wp-image-21532 alignleft\" src=\"https:\/\/www.iemj.org\/wp-content\/uploads\/2018\/10\/delmin_disque_3_-_100px.jpg\" alt=\"delmin_disque_3_-_100px.jpg\" width=\"100\" height=\"107\" align=\"middle\" \/>Zwei Jahre sp\u00e4ter hatte er sein eigenes w\u00f6chentliche Fernsehprogramm in Buenos Aires \u201eVamos a Paris con Dany Delmin\u201c. Mit dem Klavierspieler seiner Sendung nahm er den Titel \u201eCaf\u00e9 a la Italiana\u201c auf, der in den Vereinigten Staaten goldene Schallplatte wurde.<\/p>\n<p><img loading=\"lazy\" decoding=\"async\" class=\"size-full wp-image-21534 alignleft\" src=\"https:\/\/www.iemj.org\/wp-content\/uploads\/2018\/10\/delmin_disque_5_-_100px.jpg\" alt=\"delmin_disque_5_-_100px.jpg\" width=\"100\" height=\"105\" align=\"middle\" \/><\/p>\n<p>Anl\u00e4sslich einer Tournee in die Sowjetunion kennenlernte er Alona, die 1970 seine Lebenspartnerin wurde. Seine beiden Alben auf 33 Umdrehungen \u201eChatan Kala Mazal Tov\u201c und \u201eLa Bar Mitzwa Mazal Tov\u201c waren ein gro\u00dfer Erfolg. \u00a0<\/p>\n<p>1961 kehrte er nach Frankreich zur\u00fcck. Zu dieser Zeit war Y\u00e9y\u00e9 in Mode. Dany Delmin war 30 Jahre alt, machte einige Aufnahmen, schrieb Lieder und sang in gro\u00dfen Hotels f\u00fcr viele Ber\u00fchmtheiten und Politiker.<\/p>\n<p><img loading=\"lazy\" decoding=\"async\" class=\" aligncenter size-full wp-image-21536\" src=\"https:\/\/www.iemj.org\/wp-content\/uploads\/2018\/10\/doc3_dany_delmin-3.jpg\" alt=\"doc3_dany_delmin-3.jpg\" width=\"284\" height=\"103\" align=\"middle\" \/><\/p>\n<p>Anl\u00e4sslich einer Tournee in die Sowjetunion kennenlernte er Alona, die 1970 seine Lebenspartnerin wurde. Seine beiden Alben auf 33 Umdrehungen \u201eChatan Kala Mazal Tov\u201c und \u201eLa Bar Mitzwa Mazal Tov\u201c waren ein gro\u00dfer Erfolg.<\/p>\n<p><img loading=\"lazy\" decoding=\"async\" class=\" aligncenter size-full wp-image-21538\" src=\"https:\/\/www.iemj.org\/wp-content\/uploads\/2018\/10\/doc_disque_delmin_500px.jpg\" alt=\"doc_disque_delmin_500px.jpg\" width=\"500\" height=\"272\" align=\"middle\" srcset=\"https:\/\/www.iemj.org\/wp-content\/uploads\/2018\/10\/doc_disque_delmin_500px.jpg 500w, https:\/\/www.iemj.org\/wp-content\/uploads\/2018\/10\/doc_disque_delmin_500px-300x163.jpg 300w\" sizes=\"(max-width: 500px) 100vw, 500px\" \/><\/p>\n<p>In den 80er Jahren wurde er zum Manager und arbeitete mit L\u00e9o Ferr\u00e9, dem Ballett der Pariser Oper, Francis Lalanne&#8230;<\/p>\n<p>Obwohl er nie formal Musik studiert hat, hat er im Laufe seiner Karriere \u00fcber 50 Alben aufgenommen.<\/p>\n<p><a href=\"https:\/\/www.iemj.org\/en\/hidden-sides-of-jewish-music-dany-delmin\/\" target=\"_blank\" rel=\"noopener\">Die von H\u00e9l\u00e8ne Engel moderierte Radiosendung: Dany Delmin anh\u00f6ren<\/a><\/p>\n<p><a href=\"http:\/\/www.rachelnet.net\/F\/?func=find-c&amp;ccl_term=WRD+%3D+dany+delmin&amp;local_base=iemcg\" target=\"_blank\" rel=\"noopener\">In unseren Archiven \u00fcber Dany Delmin nachsehen<\/a><\/p>\n\n\n<h2 class=\"wp-block-heading\"><\/h2>\n\n\n<div class=\"wp-block-image\">\n<figure class=\"aligncenter size-large\"><img loading=\"lazy\" decoding=\"async\" width=\"1024\" height=\"133\" src=\"https:\/\/www.iemj.org\/wp-content\/uploads\/2024\/03\/AUDIO-PLAYER-1024x133.png\" alt=\"\" class=\"wp-image-110606\" srcset=\"https:\/\/www.iemj.org\/wp-content\/uploads\/2024\/03\/AUDIO-PLAYER-1024x133.png 1024w, https:\/\/www.iemj.org\/wp-content\/uploads\/2024\/03\/AUDIO-PLAYER-300x39.png 300w, https:\/\/www.iemj.org\/wp-content\/uploads\/2024\/03\/AUDIO-PLAYER-768x100.png 768w, https:\/\/www.iemj.org\/wp-content\/uploads\/2024\/03\/AUDIO-PLAYER-600x78.png 600w, https:\/\/www.iemj.org\/wp-content\/uploads\/2024\/03\/AUDIO-PLAYER.png 1210w\" sizes=\"(max-width: 1024px) 100vw, 1024px\" \/><\/figure>\n<\/div>\n\n\n<div class=\"wp-block-file\"><a id=\"wp-block-file--media-5a726a9c-cd65-4a77-b45e-8f23dec50c95\" href=\"https:\/\/www.iemj.org\/wp-content\/uploads\/2018\/10\/je_n_existe_pas_sans_toi.mp3\">Je n\u2019existe pas sans toi<\/a><\/div>\n\n\n\n<div class=\"wp-block-file\"><a id=\"wp-block-file--media-a3da33ab-b692-4070-ad08-6bc22aa34344\" href=\"https:\/\/www.iemj.org\/wp-content\/uploads\/2018\/10\/am_israel_hai.mp3\">Am Israel \u2019Hai<\/a><\/div>\n\n\n\n<div class=\"wp-block-file\"><a id=\"wp-block-file--media-71a9012f-1782-409c-9eaa-864d159423a3\" href=\"https:\/\/www.iemj.org\/wp-content\/uploads\/2018\/10\/yiddish_mame.mp3\">Yiddish Mame<\/a><\/div>\n\n\n\n<div class=\"wp-block-file\"><a id=\"wp-block-file--media-b335c321-81b9-4263-a964-e9f3b08ae0b4\" href=\"https:\/\/www.iemj.org\/wp-content\/uploads\/2018\/10\/mazel_tov.mp3\">Mazel Tov<\/a><\/div>\n","protected":false},"excerpt":{"rendered":"<p>Dany Delmin ist Komponist, Interpret, Texter von Liedern auf Franz\u00f6sisch, Hebr\u00e4isch und Jiddisch. Er wurde als David Polack geboren und ist der j\u00fcngste einer Familie von 7 Kindern. Als der<\/p>\n","protected":false},"author":1052,"featured_media":87734,"comment_status":"closed","ping_status":"closed","sticky":false,"template":"","format":"standard","meta":{"_acf_changed":false,"footnotes":""},"categories":[1415],"tags":[],"technique":[],"squelettes":[],"sujet":[],"formation":[],"genre":[],"fonds":[],"tradition":[],"type-de-contenu":[],"interprete-compositeur":[],"frise":[],"type-devenement":[],"tableaux-liens-externes":[],"class_list":["post-87733","post","type-post","status-publish","format-standard","has-post-thumbnail","hentry","category-biografien-de"],"acf":[],"yoast_head":"<!-- This site is optimized with the Yoast SEO plugin v27.3 - https:\/\/yoast.com\/product\/yoast-seo-wordpress\/ -->\n<title>Delmin, Dany (1931 ?) - Institut Europ\u00e9en des Musiques Juives<\/title>\n<meta name=\"robots\" content=\"index, follow, max-snippet:-1, max-image-preview:large, max-video-preview:-1\" \/>\n<link rel=\"canonical\" href=\"https:\/\/www.iemj.org\/de\/delmin-dany-1931\/\" \/>\n<meta property=\"og:locale\" content=\"de_DE\" \/>\n<meta property=\"og:type\" content=\"article\" \/>\n<meta property=\"og:title\" content=\"Delmin, Dany (1931 ?) - Institut Europ\u00e9en des Musiques Juives\" \/>\n<meta property=\"og:description\" content=\"Dany Delmin ist Komponist, Interpret, Texter von Liedern auf Franz\u00f6sisch, Hebr\u00e4isch und Jiddisch. Er wurde als David Polack geboren und ist der j\u00fcngste einer Familie von 7 Kindern. Als der\" \/>\n<meta property=\"og:url\" content=\"https:\/\/www.iemj.org\/de\/delmin-dany-1931\/\" \/>\n<meta property=\"og:site_name\" content=\"Institut Europ\u00e9en des Musiques Juives\" \/>\n<meta property=\"article:publisher\" content=\"https:\/\/www.facebook.com\/MusiquesJuives\/\" \/>\n<meta property=\"article:published_time\" content=\"2018-10-30T14:48:10+00:00\" \/>\n<meta property=\"article:modified_time\" content=\"2025-09-09T15:05:01+00:00\" \/>\n<meta property=\"og:image\" content=\"https:\/\/www.iemj.org\/wp-content\/uploads\/2018\/10\/arton3719-e1617023516134.jpg\" \/>\n\t<meta property=\"og:image:width\" content=\"210\" \/>\n\t<meta property=\"og:image:height\" content=\"218\" \/>\n\t<meta property=\"og:image:type\" content=\"image\/jpeg\" \/>\n<meta name=\"author\" content=\"Lea Couderc\" \/>\n<meta name=\"twitter:card\" content=\"summary_large_image\" \/>\n<meta name=\"twitter:label1\" content=\"Verfasst von\" \/>\n\t<meta name=\"twitter:data1\" content=\"Lea Couderc\" \/>\n\t<meta name=\"twitter:label2\" content=\"Gesch\u00e4tzte Lesezeit\" \/>\n\t<meta name=\"twitter:data2\" content=\"4\u00a0Minuten\" \/>\n<script type=\"application\/ld+json\" class=\"yoast-schema-graph\">{\"@context\":\"https:\\\/\\\/schema.org\",\"@graph\":[{\"@type\":\"Article\",\"@id\":\"https:\\\/\\\/www.iemj.org\\\/de\\\/delmin-dany-1931\\\/#article\",\"isPartOf\":{\"@id\":\"https:\\\/\\\/www.iemj.org\\\/de\\\/delmin-dany-1931\\\/\"},\"author\":{\"name\":\"Lea Couderc\",\"@id\":\"https:\\\/\\\/www.iemj.org\\\/de\\\/#\\\/schema\\\/person\\\/e2ad57f2c4be119c7ed8ab79036807a9\"},\"headline\":\"Delmin, Dany (1931 ?)\",\"datePublished\":\"2018-10-30T14:48:10+00:00\",\"dateModified\":\"2025-09-09T15:05:01+00:00\",\"mainEntityOfPage\":{\"@id\":\"https:\\\/\\\/www.iemj.org\\\/de\\\/delmin-dany-1931\\\/\"},\"wordCount\":458,\"publisher\":{\"@id\":\"https:\\\/\\\/www.iemj.org\\\/de\\\/#organization\"},\"image\":{\"@id\":\"https:\\\/\\\/www.iemj.org\\\/de\\\/delmin-dany-1931\\\/#primaryimage\"},\"thumbnailUrl\":\"https:\\\/\\\/www.iemj.org\\\/wp-content\\\/uploads\\\/2018\\\/10\\\/arton3719-e1617023516134.jpg\",\"articleSection\":[\"Biografien\"],\"inLanguage\":\"de\"},{\"@type\":\"WebPage\",\"@id\":\"https:\\\/\\\/www.iemj.org\\\/de\\\/delmin-dany-1931\\\/\",\"url\":\"https:\\\/\\\/www.iemj.org\\\/de\\\/delmin-dany-1931\\\/\",\"name\":\"Delmin, Dany (1931 ?) - Institut Europ\u00e9en des Musiques Juives\",\"isPartOf\":{\"@id\":\"https:\\\/\\\/www.iemj.org\\\/de\\\/#website\"},\"primaryImageOfPage\":{\"@id\":\"https:\\\/\\\/www.iemj.org\\\/de\\\/delmin-dany-1931\\\/#primaryimage\"},\"image\":{\"@id\":\"https:\\\/\\\/www.iemj.org\\\/de\\\/delmin-dany-1931\\\/#primaryimage\"},\"thumbnailUrl\":\"https:\\\/\\\/www.iemj.org\\\/wp-content\\\/uploads\\\/2018\\\/10\\\/arton3719-e1617023516134.jpg\",\"datePublished\":\"2018-10-30T14:48:10+00:00\",\"dateModified\":\"2025-09-09T15:05:01+00:00\",\"breadcrumb\":{\"@id\":\"https:\\\/\\\/www.iemj.org\\\/de\\\/delmin-dany-1931\\\/#breadcrumb\"},\"inLanguage\":\"de\",\"potentialAction\":[{\"@type\":\"ReadAction\",\"target\":[\"https:\\\/\\\/www.iemj.org\\\/de\\\/delmin-dany-1931\\\/\"]}]},{\"@type\":\"ImageObject\",\"inLanguage\":\"de\",\"@id\":\"https:\\\/\\\/www.iemj.org\\\/de\\\/delmin-dany-1931\\\/#primaryimage\",\"url\":\"https:\\\/\\\/www.iemj.org\\\/wp-content\\\/uploads\\\/2018\\\/10\\\/arton3719-e1617023516134.jpg\",\"contentUrl\":\"https:\\\/\\\/www.iemj.org\\\/wp-content\\\/uploads\\\/2018\\\/10\\\/arton3719-e1617023516134.jpg\",\"width\":210,\"height\":218},{\"@type\":\"BreadcrumbList\",\"@id\":\"https:\\\/\\\/www.iemj.org\\\/de\\\/delmin-dany-1931\\\/#breadcrumb\",\"itemListElement\":[{\"@type\":\"ListItem\",\"position\":1,\"name\":\"Accueil\",\"item\":\"https:\\\/\\\/www.iemj.org\\\/de\\\/\"},{\"@type\":\"ListItem\",\"position\":2,\"name\":\"Delmin, Dany (1931 ?)\"}]},{\"@type\":\"WebSite\",\"@id\":\"https:\\\/\\\/www.iemj.org\\\/de\\\/#website\",\"url\":\"https:\\\/\\\/www.iemj.org\\\/de\\\/\",\"name\":\"Institut Europ\u00e9en des Musiques Juives\",\"description\":\"Des traditions musicales \u00e0 la port\u00e9e de tous\",\"publisher\":{\"@id\":\"https:\\\/\\\/www.iemj.org\\\/de\\\/#organization\"},\"potentialAction\":[{\"@type\":\"SearchAction\",\"target\":{\"@type\":\"EntryPoint\",\"urlTemplate\":\"https:\\\/\\\/www.iemj.org\\\/de\\\/?s={search_term_string}\"},\"query-input\":{\"@type\":\"PropertyValueSpecification\",\"valueRequired\":true,\"valueName\":\"search_term_string\"}}],\"inLanguage\":\"de\"},{\"@type\":\"Organization\",\"@id\":\"https:\\\/\\\/www.iemj.org\\\/de\\\/#organization\",\"name\":\"Institut Europ\u00e9en des Musiques Juives\",\"url\":\"https:\\\/\\\/www.iemj.org\\\/de\\\/\",\"logo\":{\"@type\":\"ImageObject\",\"inLanguage\":\"de\",\"@id\":\"https:\\\/\\\/www.iemj.org\\\/de\\\/#\\\/schema\\\/logo\\\/image\\\/\",\"url\":\"https:\\\/\\\/www.iemj.org\\\/wp-content\\\/uploads\\\/2021\\\/09\\\/Logo-IEMJ-Paypal.jpg\",\"contentUrl\":\"https:\\\/\\\/www.iemj.org\\\/wp-content\\\/uploads\\\/2021\\\/09\\\/Logo-IEMJ-Paypal.jpg\",\"width\":150,\"height\":50,\"caption\":\"Institut Europ\u00e9en des Musiques Juives\"},\"image\":{\"@id\":\"https:\\\/\\\/www.iemj.org\\\/de\\\/#\\\/schema\\\/logo\\\/image\\\/\"},\"sameAs\":[\"https:\\\/\\\/www.facebook.com\\\/MusiquesJuives\\\/\",\"https:\\\/\\\/www.instagram.com\\\/musiquesjuives\\\/\",\"https:\\\/\\\/www.youtube.com\\\/user\\\/musiquesjuives\"]},{\"@type\":\"Person\",\"@id\":\"https:\\\/\\\/www.iemj.org\\\/de\\\/#\\\/schema\\\/person\\\/e2ad57f2c4be119c7ed8ab79036807a9\",\"name\":\"Lea Couderc\",\"image\":{\"@type\":\"ImageObject\",\"inLanguage\":\"de\",\"@id\":\"https:\\\/\\\/secure.gravatar.com\\\/avatar\\\/46ee021475d60aeff17a7e490b79dea5a5684bb392ab7fd1494027411df8ba23?s=96&d=mm&r=g\",\"url\":\"https:\\\/\\\/secure.gravatar.com\\\/avatar\\\/46ee021475d60aeff17a7e490b79dea5a5684bb392ab7fd1494027411df8ba23?s=96&d=mm&r=g\",\"contentUrl\":\"https:\\\/\\\/secure.gravatar.com\\\/avatar\\\/46ee021475d60aeff17a7e490b79dea5a5684bb392ab7fd1494027411df8ba23?s=96&d=mm&r=g\",\"caption\":\"Lea Couderc\"}}]}<\/script>\n<!-- \/ Yoast SEO plugin. -->","yoast_head_json":{"title":"Delmin, Dany (1931 ?) - Institut Europ\u00e9en des Musiques Juives","robots":{"index":"index","follow":"follow","max-snippet":"max-snippet:-1","max-image-preview":"max-image-preview:large","max-video-preview":"max-video-preview:-1"},"canonical":"https:\/\/www.iemj.org\/de\/delmin-dany-1931\/","og_locale":"de_DE","og_type":"article","og_title":"Delmin, Dany (1931 ?) - Institut Europ\u00e9en des Musiques Juives","og_description":"Dany Delmin ist Komponist, Interpret, Texter von Liedern auf Franz\u00f6sisch, Hebr\u00e4isch und Jiddisch. Er wurde als David Polack geboren und ist der j\u00fcngste einer Familie von 7 Kindern. Als der","og_url":"https:\/\/www.iemj.org\/de\/delmin-dany-1931\/","og_site_name":"Institut Europ\u00e9en des Musiques Juives","article_publisher":"https:\/\/www.facebook.com\/MusiquesJuives\/","article_published_time":"2018-10-30T14:48:10+00:00","article_modified_time":"2025-09-09T15:05:01+00:00","og_image":[{"width":210,"height":218,"url":"https:\/\/www.iemj.org\/wp-content\/uploads\/2018\/10\/arton3719-e1617023516134.jpg","type":"image\/jpeg"}],"author":"Lea Couderc","twitter_card":"summary_large_image","twitter_misc":{"Verfasst von":"Lea Couderc","Gesch\u00e4tzte Lesezeit":"4\u00a0Minuten"},"schema":{"@context":"https:\/\/schema.org","@graph":[{"@type":"Article","@id":"https:\/\/www.iemj.org\/de\/delmin-dany-1931\/#article","isPartOf":{"@id":"https:\/\/www.iemj.org\/de\/delmin-dany-1931\/"},"author":{"name":"Lea Couderc","@id":"https:\/\/www.iemj.org\/de\/#\/schema\/person\/e2ad57f2c4be119c7ed8ab79036807a9"},"headline":"Delmin, Dany (1931 ?)","datePublished":"2018-10-30T14:48:10+00:00","dateModified":"2025-09-09T15:05:01+00:00","mainEntityOfPage":{"@id":"https:\/\/www.iemj.org\/de\/delmin-dany-1931\/"},"wordCount":458,"publisher":{"@id":"https:\/\/www.iemj.org\/de\/#organization"},"image":{"@id":"https:\/\/www.iemj.org\/de\/delmin-dany-1931\/#primaryimage"},"thumbnailUrl":"https:\/\/www.iemj.org\/wp-content\/uploads\/2018\/10\/arton3719-e1617023516134.jpg","articleSection":["Biografien"],"inLanguage":"de"},{"@type":"WebPage","@id":"https:\/\/www.iemj.org\/de\/delmin-dany-1931\/","url":"https:\/\/www.iemj.org\/de\/delmin-dany-1931\/","name":"Delmin, Dany (1931 ?) - Institut Europ\u00e9en des Musiques Juives","isPartOf":{"@id":"https:\/\/www.iemj.org\/de\/#website"},"primaryImageOfPage":{"@id":"https:\/\/www.iemj.org\/de\/delmin-dany-1931\/#primaryimage"},"image":{"@id":"https:\/\/www.iemj.org\/de\/delmin-dany-1931\/#primaryimage"},"thumbnailUrl":"https:\/\/www.iemj.org\/wp-content\/uploads\/2018\/10\/arton3719-e1617023516134.jpg","datePublished":"2018-10-30T14:48:10+00:00","dateModified":"2025-09-09T15:05:01+00:00","breadcrumb":{"@id":"https:\/\/www.iemj.org\/de\/delmin-dany-1931\/#breadcrumb"},"inLanguage":"de","potentialAction":[{"@type":"ReadAction","target":["https:\/\/www.iemj.org\/de\/delmin-dany-1931\/"]}]},{"@type":"ImageObject","inLanguage":"de","@id":"https:\/\/www.iemj.org\/de\/delmin-dany-1931\/#primaryimage","url":"https:\/\/www.iemj.org\/wp-content\/uploads\/2018\/10\/arton3719-e1617023516134.jpg","contentUrl":"https:\/\/www.iemj.org\/wp-content\/uploads\/2018\/10\/arton3719-e1617023516134.jpg","width":210,"height":218},{"@type":"BreadcrumbList","@id":"https:\/\/www.iemj.org\/de\/delmin-dany-1931\/#breadcrumb","itemListElement":[{"@type":"ListItem","position":1,"name":"Accueil","item":"https:\/\/www.iemj.org\/de\/"},{"@type":"ListItem","position":2,"name":"Delmin, Dany (1931 ?)"}]},{"@type":"WebSite","@id":"https:\/\/www.iemj.org\/de\/#website","url":"https:\/\/www.iemj.org\/de\/","name":"Institut Europ\u00e9en des Musiques Juives","description":"Des traditions musicales \u00e0 la port\u00e9e de tous","publisher":{"@id":"https:\/\/www.iemj.org\/de\/#organization"},"potentialAction":[{"@type":"SearchAction","target":{"@type":"EntryPoint","urlTemplate":"https:\/\/www.iemj.org\/de\/?s={search_term_string}"},"query-input":{"@type":"PropertyValueSpecification","valueRequired":true,"valueName":"search_term_string"}}],"inLanguage":"de"},{"@type":"Organization","@id":"https:\/\/www.iemj.org\/de\/#organization","name":"Institut Europ\u00e9en des Musiques Juives","url":"https:\/\/www.iemj.org\/de\/","logo":{"@type":"ImageObject","inLanguage":"de","@id":"https:\/\/www.iemj.org\/de\/#\/schema\/logo\/image\/","url":"https:\/\/www.iemj.org\/wp-content\/uploads\/2021\/09\/Logo-IEMJ-Paypal.jpg","contentUrl":"https:\/\/www.iemj.org\/wp-content\/uploads\/2021\/09\/Logo-IEMJ-Paypal.jpg","width":150,"height":50,"caption":"Institut Europ\u00e9en des Musiques Juives"},"image":{"@id":"https:\/\/www.iemj.org\/de\/#\/schema\/logo\/image\/"},"sameAs":["https:\/\/www.facebook.com\/MusiquesJuives\/","https:\/\/www.instagram.com\/musiquesjuives\/","https:\/\/www.youtube.com\/user\/musiquesjuives"]},{"@type":"Person","@id":"https:\/\/www.iemj.org\/de\/#\/schema\/person\/e2ad57f2c4be119c7ed8ab79036807a9","name":"Lea Couderc","image":{"@type":"ImageObject","inLanguage":"de","@id":"https:\/\/secure.gravatar.com\/avatar\/46ee021475d60aeff17a7e490b79dea5a5684bb392ab7fd1494027411df8ba23?s=96&d=mm&r=g","url":"https:\/\/secure.gravatar.com\/avatar\/46ee021475d60aeff17a7e490b79dea5a5684bb392ab7fd1494027411df8ba23?s=96&d=mm&r=g","contentUrl":"https:\/\/secure.gravatar.com\/avatar\/46ee021475d60aeff17a7e490b79dea5a5684bb392ab7fd1494027411df8ba23?s=96&d=mm&r=g","caption":"Lea Couderc"}}]}},"_links":{"self":[{"href":"https:\/\/www.iemj.org\/de\/wp-json\/wp\/v2\/posts\/87733","targetHints":{"allow":["GET"]}}],"collection":[{"href":"https:\/\/www.iemj.org\/de\/wp-json\/wp\/v2\/posts"}],"about":[{"href":"https:\/\/www.iemj.org\/de\/wp-json\/wp\/v2\/types\/post"}],"author":[{"embeddable":true,"href":"https:\/\/www.iemj.org\/de\/wp-json\/wp\/v2\/users\/1052"}],"replies":[{"embeddable":true,"href":"https:\/\/www.iemj.org\/de\/wp-json\/wp\/v2\/comments?post=87733"}],"version-history":[{"count":0,"href":"https:\/\/www.iemj.org\/de\/wp-json\/wp\/v2\/posts\/87733\/revisions"}],"wp:featuredmedia":[{"embeddable":true,"href":"https:\/\/www.iemj.org\/de\/wp-json\/wp\/v2\/media\/87734"}],"wp:attachment":[{"href":"https:\/\/www.iemj.org\/de\/wp-json\/wp\/v2\/media?parent=87733"}],"wp:term":[{"taxonomy":"category","embeddable":true,"href":"https:\/\/www.iemj.org\/de\/wp-json\/wp\/v2\/categories?post=87733"},{"taxonomy":"post_tag","embeddable":true,"href":"https:\/\/www.iemj.org\/de\/wp-json\/wp\/v2\/tags?post=87733"},{"taxonomy":"technique","embeddable":true,"href":"https:\/\/www.iemj.org\/de\/wp-json\/wp\/v2\/technique?post=87733"},{"taxonomy":"squelettes","embeddable":true,"href":"https:\/\/www.iemj.org\/de\/wp-json\/wp\/v2\/squelettes?post=87733"},{"taxonomy":"sujet","embeddable":true,"href":"https:\/\/www.iemj.org\/de\/wp-json\/wp\/v2\/sujet?post=87733"},{"taxonomy":"formation","embeddable":true,"href":"https:\/\/www.iemj.org\/de\/wp-json\/wp\/v2\/formation?post=87733"},{"taxonomy":"genre","embeddable":true,"href":"https:\/\/www.iemj.org\/de\/wp-json\/wp\/v2\/genre?post=87733"},{"taxonomy":"fonds","embeddable":true,"href":"https:\/\/www.iemj.org\/de\/wp-json\/wp\/v2\/fonds?post=87733"},{"taxonomy":"tradition","embeddable":true,"href":"https:\/\/www.iemj.org\/de\/wp-json\/wp\/v2\/tradition?post=87733"},{"taxonomy":"type-de-contenu","embeddable":true,"href":"https:\/\/www.iemj.org\/de\/wp-json\/wp\/v2\/type-de-contenu?post=87733"},{"taxonomy":"interprete-compositeur","embeddable":true,"href":"https:\/\/www.iemj.org\/de\/wp-json\/wp\/v2\/interprete-compositeur?post=87733"},{"taxonomy":"frise","embeddable":true,"href":"https:\/\/www.iemj.org\/de\/wp-json\/wp\/v2\/frise?post=87733"},{"taxonomy":"type-devenement","embeddable":true,"href":"https:\/\/www.iemj.org\/de\/wp-json\/wp\/v2\/type-devenement?post=87733"},{"taxonomy":"tableaux-liens-externes","embeddable":true,"href":"https:\/\/www.iemj.org\/de\/wp-json\/wp\/v2\/tableaux-liens-externes?post=87733"}],"curies":[{"name":"wp","href":"https:\/\/api.w.org\/{rel}","templated":true}]}}