{"id":87823,"date":"2018-01-18T09:54:57","date_gmt":"2018-01-18T08:54:57","guid":{"rendered":"https:\/\/www.iemj.org\/leon-gilbert-1934\/"},"modified":"2025-08-18T16:56:09","modified_gmt":"2025-08-18T14:56:09","slug":"leon-gilbert-1934","status":"publish","type":"post","link":"https:\/\/www.iemj.org\/de\/leon-gilbert-1934\/","title":{"rendered":"LEON, Gilbert (1934-2025)"},"content":{"rendered":"<p>Gilbert L\u00e9on, Sohn von \u00c9mile L\u00e9on und Valentine L\u00e9on, geborene L\u00e9vy, wurde am 28. Februar 1934 in Bordeaux geboren und starb am 12. Juli 2025 in Hossegor. Er war das \u00e4lteste von drei Kindern: Gilbert, Michel und Denise.<\/p>\n<p>Sein Vater \u00c9mile, ein Bildhauer, der an der Kunsthochschule in Bordeaux den ersten Preis mit besonderer Auszeichnung erhielt, war Pr\u00e4sident des Konsistoriums von Bordeaux, erhielt die Ehrenlegion und war Stadtrat im Rathaus von Bordeaux, zust\u00e4ndig f\u00fcr die bildenden K\u00fcnste.<\/p>\n<p>Seine Mutter Valentine war Pr\u00e4sidentin der \u201eIsraeliten Frauen von Bordeaux\u201c, einer Vereinigung, die sie nach dem Krieg gegr\u00fcndet hatte.<\/p>\n<p>Gilbert L\u00e9on <span style=\"background-color: var(--bs-body-bg); color: var(--bs-body-color); font-family: var(--bs-body-font-family); font-size: revert; font-weight: var(--bs-body-font-weight); text-align: var(--bs-body-text-align);\">lernte w\u00e4hrend des Krieges bei seinen Eltern heimlich die Liturgie, wie es auch die Marranen taten. Von seiner Mutter lernte er insbesondere die biblischen Akzente (Teamim) der Psalmen (Tehilim). \u00a0Er wurde auch <img fetchpriority=\"high\" decoding=\"async\" class=\" alignright size-full wp-image-17895\" src=\"https:\/\/www.iemj.org\/wp-content\/uploads\/2018\/01\/img_20180117_0004_recadre_redim.jpg\" alt=\"img_20180117_0004_recadre_redim.jpg\" width=\"214\" height=\"316\" align=\"right\" data-description=\"Gilbert L\u00e9on et son \u00e9pouse\" srcset=\"https:\/\/www.iemj.org\/wp-content\/uploads\/2018\/01\/img_20180117_0004_recadre_redim.jpg 214w, https:\/\/www.iemj.org\/wp-content\/uploads\/2018\/01\/img_20180117_0004_recadre_redim-203x300.jpg 203w\" sizes=\"(max-width: 214px) 100vw, 214px\" \/>von Moses Alvarez-Peyrere, Sadi Fons\u00e8que und Roland Moss\u00e9 ausgebildet, die alle drei gro\u00dfe Kenner des portugiesischen Ritus von Bordeaux waren.<\/span><\/p>\n<p>Gilbert L\u00e9on stammte aus einer religi\u00f6sen Familie und besuchte \u00fcber 60 Jahre lang die Synagoge. 10 bis 12 Jahre lang unterrichtete er die Sch\u00fcler der Talmud Tora und die jungen Bar-Mizwa-Sch\u00fcler in der Bordeaux-Liturgie.<\/p>\n<p>Parallel dazu er\u00f6ffnete Gilbert L\u00e9on als Tischlergeselle der Handwerkskammer, Lehrling und sp\u00e4ter Arbeiter schlie\u00dflich eine Tischlerwerkstatt in Bordeaux, eine T\u00e4tigkeit, die er 1949 aufgenommen hatte.<\/p>\n<p>1961 heiratete er Ma\u00eft\u00e9 Dalmeyda in Bordeaux.<\/p>\n<p>Besessen von der Notwendigkeit, den portugiesischen Ritus weiterzugeben, erstellte er w\u00e4hrend seines Ruhestands im Jahr 2000 in Hossegor ein <a href=\"https:\/\/www.iemj.org\/de\/manuel-detude-et-dapplication-de-la-liturgie-hebraique-du-rite-sefardi-dit-portugais\/\"><em>Manuel d\u2019\u00e9tude et d\u2019application de la liturgie h\u00e9bra\u00efque du rite sefardi dit portugais<\/em><\/a>\u00a0<em>(Handbuch zum Studium und zur Anwendung der hebr\u00e4ischen Liturgie des sogenannten portugiesischen Sefardi-Ritus)<\/em>, das von 65 CDs begleitet wird.<\/p>\n<p>Gilbert L\u00e9on ist au\u00dferdem Autor einer <em>Br\u00e8ve Histoire des Juifs \u00e0 Bordeaux<\/em> <em>(Kurzen Geschichte der Juden in Bordeaux)<\/em> mit 12 handgeschriebenen Seiten, sowie einer <em>R\u00e9flexion sur les Tea\u2019mim des psaumes<\/em> <em>(Reflexion \u00fcber die Tea&#8217;mim der Psalmen) <\/em>mit 35 handgeschriebenen Seiten, die 2018 fertiggestellt wurde.<\/p>\n<p><a href=\"http:\/\/www.rachelnet.net\/F\/?func=find-c&amp;ccl_term=WRD+%3D+Gilbert+L%C3%A9on&amp;local_base=iemcg\" target=\"_blank\" rel=\"noopener\">Sehen Sie sich unser Archiv zu Gilbert L\u00e9on an<\/a><\/p>\n","protected":false},"excerpt":{"rendered":"<p>Gilbert L\u00e9on, Sohn von \u00c9mile L\u00e9on und Valentine L\u00e9on, geborene L\u00e9vy, wurde am 28. Februar 1934 in Bordeaux geboren und starb am 12. Juli 2025 in Hossegor. Er war das<\/p>\n","protected":false},"author":5,"featured_media":87824,"comment_status":"closed","ping_status":"open","sticky":false,"template":"","format":"standard","meta":{"_acf_changed":false,"footnotes":""},"categories":[1415],"tags":[],"technique":[],"squelettes":[],"sujet":[2111],"formation":[],"genre":[],"fonds":[],"tradition":[1975],"type-de-contenu":[],"interprete-compositeur":[],"frise":[],"type-devenement":[],"tableaux-liens-externes":[],"class_list":["post-87823","post","type-post","status-publish","format-standard","has-post-thumbnail","hentry","category-biografien-de","sujet-synagogenmusik-de","tradition-judeo-portugiesischer-ritus-de"],"acf":[],"yoast_head":"<!-- This site is optimized with the Yoast SEO plugin v27.3 - https:\/\/yoast.com\/product\/yoast-seo-wordpress\/ -->\n<title>LEON, Gilbert (1934-2025) - Institut Europ\u00e9en des Musiques Juives<\/title>\n<meta name=\"robots\" content=\"index, follow, max-snippet:-1, max-image-preview:large, max-video-preview:-1\" \/>\n<link rel=\"canonical\" href=\"https:\/\/www.iemj.org\/de\/leon-gilbert-1934\/\" \/>\n<meta property=\"og:locale\" content=\"de_DE\" \/>\n<meta property=\"og:type\" content=\"article\" \/>\n<meta property=\"og:title\" content=\"LEON, Gilbert (1934-2025) - Institut Europ\u00e9en des Musiques Juives\" \/>\n<meta property=\"og:description\" content=\"Gilbert L\u00e9on, Sohn von \u00c9mile L\u00e9on und Valentine L\u00e9on, geborene L\u00e9vy, wurde am 28. Februar 1934 in Bordeaux geboren und starb am 12. Juli 2025 in Hossegor. Er war das\" \/>\n<meta property=\"og:url\" content=\"https:\/\/www.iemj.org\/de\/leon-gilbert-1934\/\" \/>\n<meta property=\"og:site_name\" content=\"Institut Europ\u00e9en des Musiques Juives\" \/>\n<meta property=\"article:publisher\" content=\"https:\/\/www.facebook.com\/MusiquesJuives\/\" \/>\n<meta property=\"article:published_time\" content=\"2018-01-18T08:54:57+00:00\" \/>\n<meta property=\"article:modified_time\" content=\"2025-08-18T14:56:09+00:00\" \/>\n<meta property=\"og:image\" content=\"https:\/\/www.iemj.org\/wp-content\/uploads\/2018\/01\/arton3071-e1617024467946.jpg\" \/>\n\t<meta property=\"og:image:width\" content=\"188\" \/>\n\t<meta property=\"og:image:height\" content=\"218\" \/>\n\t<meta property=\"og:image:type\" content=\"image\/jpeg\" \/>\n<meta name=\"author\" content=\"Jacqueline ROTEN\" \/>\n<meta name=\"twitter:card\" content=\"summary_large_image\" \/>\n<meta name=\"twitter:label1\" content=\"Verfasst von\" \/>\n\t<meta name=\"twitter:data1\" content=\"Jacqueline ROTEN\" \/>\n\t<meta name=\"twitter:label2\" content=\"Gesch\u00e4tzte Lesezeit\" \/>\n\t<meta name=\"twitter:data2\" content=\"3\u00a0Minuten\" \/>\n<script type=\"application\/ld+json\" class=\"yoast-schema-graph\">{\"@context\":\"https:\\\/\\\/schema.org\",\"@graph\":[{\"@type\":\"Article\",\"@id\":\"https:\\\/\\\/www.iemj.org\\\/de\\\/leon-gilbert-1934\\\/#article\",\"isPartOf\":{\"@id\":\"https:\\\/\\\/www.iemj.org\\\/de\\\/leon-gilbert-1934\\\/\"},\"author\":{\"name\":\"Jacqueline ROTEN\",\"@id\":\"https:\\\/\\\/www.iemj.org\\\/de\\\/#\\\/schema\\\/person\\\/358e26c18aca017fcc4cc15437f7279c\"},\"headline\":\"LEON, Gilbert (1934-2025)\",\"datePublished\":\"2018-01-18T08:54:57+00:00\",\"dateModified\":\"2025-08-18T14:56:09+00:00\",\"mainEntityOfPage\":{\"@id\":\"https:\\\/\\\/www.iemj.org\\\/de\\\/leon-gilbert-1934\\\/\"},\"wordCount\":345,\"publisher\":{\"@id\":\"https:\\\/\\\/www.iemj.org\\\/de\\\/#organization\"},\"image\":{\"@id\":\"https:\\\/\\\/www.iemj.org\\\/de\\\/leon-gilbert-1934\\\/#primaryimage\"},\"thumbnailUrl\":\"https:\\\/\\\/www.iemj.org\\\/wp-content\\\/uploads\\\/2018\\\/01\\\/arton3071-e1617024467946.jpg\",\"articleSection\":[\"Biografien\"],\"inLanguage\":\"de\"},{\"@type\":\"WebPage\",\"@id\":\"https:\\\/\\\/www.iemj.org\\\/de\\\/leon-gilbert-1934\\\/\",\"url\":\"https:\\\/\\\/www.iemj.org\\\/de\\\/leon-gilbert-1934\\\/\",\"name\":\"LEON, Gilbert (1934-2025) - Institut Europ\u00e9en des Musiques Juives\",\"isPartOf\":{\"@id\":\"https:\\\/\\\/www.iemj.org\\\/de\\\/#website\"},\"primaryImageOfPage\":{\"@id\":\"https:\\\/\\\/www.iemj.org\\\/de\\\/leon-gilbert-1934\\\/#primaryimage\"},\"image\":{\"@id\":\"https:\\\/\\\/www.iemj.org\\\/de\\\/leon-gilbert-1934\\\/#primaryimage\"},\"thumbnailUrl\":\"https:\\\/\\\/www.iemj.org\\\/wp-content\\\/uploads\\\/2018\\\/01\\\/arton3071-e1617024467946.jpg\",\"datePublished\":\"2018-01-18T08:54:57+00:00\",\"dateModified\":\"2025-08-18T14:56:09+00:00\",\"breadcrumb\":{\"@id\":\"https:\\\/\\\/www.iemj.org\\\/de\\\/leon-gilbert-1934\\\/#breadcrumb\"},\"inLanguage\":\"de\",\"potentialAction\":[{\"@type\":\"ReadAction\",\"target\":[\"https:\\\/\\\/www.iemj.org\\\/de\\\/leon-gilbert-1934\\\/\"]}]},{\"@type\":\"ImageObject\",\"inLanguage\":\"de\",\"@id\":\"https:\\\/\\\/www.iemj.org\\\/de\\\/leon-gilbert-1934\\\/#primaryimage\",\"url\":\"https:\\\/\\\/www.iemj.org\\\/wp-content\\\/uploads\\\/2018\\\/01\\\/arton3071-e1617024467946.jpg\",\"contentUrl\":\"https:\\\/\\\/www.iemj.org\\\/wp-content\\\/uploads\\\/2018\\\/01\\\/arton3071-e1617024467946.jpg\",\"width\":188,\"height\":218},{\"@type\":\"BreadcrumbList\",\"@id\":\"https:\\\/\\\/www.iemj.org\\\/de\\\/leon-gilbert-1934\\\/#breadcrumb\",\"itemListElement\":[{\"@type\":\"ListItem\",\"position\":1,\"name\":\"Accueil\",\"item\":\"https:\\\/\\\/www.iemj.org\\\/de\\\/\"},{\"@type\":\"ListItem\",\"position\":2,\"name\":\"LEON, Gilbert (1934-2025)\"}]},{\"@type\":\"WebSite\",\"@id\":\"https:\\\/\\\/www.iemj.org\\\/de\\\/#website\",\"url\":\"https:\\\/\\\/www.iemj.org\\\/de\\\/\",\"name\":\"Institut Europ\u00e9en des Musiques Juives\",\"description\":\"Des traditions musicales \u00e0 la port\u00e9e de tous\",\"publisher\":{\"@id\":\"https:\\\/\\\/www.iemj.org\\\/de\\\/#organization\"},\"potentialAction\":[{\"@type\":\"SearchAction\",\"target\":{\"@type\":\"EntryPoint\",\"urlTemplate\":\"https:\\\/\\\/www.iemj.org\\\/de\\\/?s={search_term_string}\"},\"query-input\":{\"@type\":\"PropertyValueSpecification\",\"valueRequired\":true,\"valueName\":\"search_term_string\"}}],\"inLanguage\":\"de\"},{\"@type\":\"Organization\",\"@id\":\"https:\\\/\\\/www.iemj.org\\\/de\\\/#organization\",\"name\":\"Institut Europ\u00e9en des Musiques Juives\",\"url\":\"https:\\\/\\\/www.iemj.org\\\/de\\\/\",\"logo\":{\"@type\":\"ImageObject\",\"inLanguage\":\"de\",\"@id\":\"https:\\\/\\\/www.iemj.org\\\/de\\\/#\\\/schema\\\/logo\\\/image\\\/\",\"url\":\"https:\\\/\\\/www.iemj.org\\\/wp-content\\\/uploads\\\/2021\\\/09\\\/Logo-IEMJ-Paypal.jpg\",\"contentUrl\":\"https:\\\/\\\/www.iemj.org\\\/wp-content\\\/uploads\\\/2021\\\/09\\\/Logo-IEMJ-Paypal.jpg\",\"width\":150,\"height\":50,\"caption\":\"Institut Europ\u00e9en des Musiques Juives\"},\"image\":{\"@id\":\"https:\\\/\\\/www.iemj.org\\\/de\\\/#\\\/schema\\\/logo\\\/image\\\/\"},\"sameAs\":[\"https:\\\/\\\/www.facebook.com\\\/MusiquesJuives\\\/\",\"https:\\\/\\\/www.instagram.com\\\/musiquesjuives\\\/\",\"https:\\\/\\\/www.youtube.com\\\/user\\\/musiquesjuives\"]},{\"@type\":\"Person\",\"@id\":\"https:\\\/\\\/www.iemj.org\\\/de\\\/#\\\/schema\\\/person\\\/358e26c18aca017fcc4cc15437f7279c\",\"name\":\"Jacqueline ROTEN\",\"image\":{\"@type\":\"ImageObject\",\"inLanguage\":\"de\",\"@id\":\"https:\\\/\\\/secure.gravatar.com\\\/avatar\\\/5964256d6c6957de3a3505278957e0fb2a35119ac47ea41827a65301213c810b?s=96&d=mm&r=g\",\"url\":\"https:\\\/\\\/secure.gravatar.com\\\/avatar\\\/5964256d6c6957de3a3505278957e0fb2a35119ac47ea41827a65301213c810b?s=96&d=mm&r=g\",\"contentUrl\":\"https:\\\/\\\/secure.gravatar.com\\\/avatar\\\/5964256d6c6957de3a3505278957e0fb2a35119ac47ea41827a65301213c810b?s=96&d=mm&r=g\",\"caption\":\"Jacqueline ROTEN\"}}]}<\/script>\n<!-- \/ Yoast SEO plugin. -->","yoast_head_json":{"title":"LEON, Gilbert (1934-2025) - Institut Europ\u00e9en des Musiques Juives","robots":{"index":"index","follow":"follow","max-snippet":"max-snippet:-1","max-image-preview":"max-image-preview:large","max-video-preview":"max-video-preview:-1"},"canonical":"https:\/\/www.iemj.org\/de\/leon-gilbert-1934\/","og_locale":"de_DE","og_type":"article","og_title":"LEON, Gilbert (1934-2025) - Institut Europ\u00e9en des Musiques Juives","og_description":"Gilbert L\u00e9on, Sohn von \u00c9mile L\u00e9on und Valentine L\u00e9on, geborene L\u00e9vy, wurde am 28. Februar 1934 in Bordeaux geboren und starb am 12. Juli 2025 in Hossegor. Er war das","og_url":"https:\/\/www.iemj.org\/de\/leon-gilbert-1934\/","og_site_name":"Institut Europ\u00e9en des Musiques Juives","article_publisher":"https:\/\/www.facebook.com\/MusiquesJuives\/","article_published_time":"2018-01-18T08:54:57+00:00","article_modified_time":"2025-08-18T14:56:09+00:00","og_image":[{"width":188,"height":218,"url":"https:\/\/www.iemj.org\/wp-content\/uploads\/2018\/01\/arton3071-e1617024467946.jpg","type":"image\/jpeg"}],"author":"Jacqueline ROTEN","twitter_card":"summary_large_image","twitter_misc":{"Verfasst von":"Jacqueline ROTEN","Gesch\u00e4tzte Lesezeit":"3\u00a0Minuten"},"schema":{"@context":"https:\/\/schema.org","@graph":[{"@type":"Article","@id":"https:\/\/www.iemj.org\/de\/leon-gilbert-1934\/#article","isPartOf":{"@id":"https:\/\/www.iemj.org\/de\/leon-gilbert-1934\/"},"author":{"name":"Jacqueline ROTEN","@id":"https:\/\/www.iemj.org\/de\/#\/schema\/person\/358e26c18aca017fcc4cc15437f7279c"},"headline":"LEON, Gilbert (1934-2025)","datePublished":"2018-01-18T08:54:57+00:00","dateModified":"2025-08-18T14:56:09+00:00","mainEntityOfPage":{"@id":"https:\/\/www.iemj.org\/de\/leon-gilbert-1934\/"},"wordCount":345,"publisher":{"@id":"https:\/\/www.iemj.org\/de\/#organization"},"image":{"@id":"https:\/\/www.iemj.org\/de\/leon-gilbert-1934\/#primaryimage"},"thumbnailUrl":"https:\/\/www.iemj.org\/wp-content\/uploads\/2018\/01\/arton3071-e1617024467946.jpg","articleSection":["Biografien"],"inLanguage":"de"},{"@type":"WebPage","@id":"https:\/\/www.iemj.org\/de\/leon-gilbert-1934\/","url":"https:\/\/www.iemj.org\/de\/leon-gilbert-1934\/","name":"LEON, Gilbert (1934-2025) - Institut Europ\u00e9en des Musiques Juives","isPartOf":{"@id":"https:\/\/www.iemj.org\/de\/#website"},"primaryImageOfPage":{"@id":"https:\/\/www.iemj.org\/de\/leon-gilbert-1934\/#primaryimage"},"image":{"@id":"https:\/\/www.iemj.org\/de\/leon-gilbert-1934\/#primaryimage"},"thumbnailUrl":"https:\/\/www.iemj.org\/wp-content\/uploads\/2018\/01\/arton3071-e1617024467946.jpg","datePublished":"2018-01-18T08:54:57+00:00","dateModified":"2025-08-18T14:56:09+00:00","breadcrumb":{"@id":"https:\/\/www.iemj.org\/de\/leon-gilbert-1934\/#breadcrumb"},"inLanguage":"de","potentialAction":[{"@type":"ReadAction","target":["https:\/\/www.iemj.org\/de\/leon-gilbert-1934\/"]}]},{"@type":"ImageObject","inLanguage":"de","@id":"https:\/\/www.iemj.org\/de\/leon-gilbert-1934\/#primaryimage","url":"https:\/\/www.iemj.org\/wp-content\/uploads\/2018\/01\/arton3071-e1617024467946.jpg","contentUrl":"https:\/\/www.iemj.org\/wp-content\/uploads\/2018\/01\/arton3071-e1617024467946.jpg","width":188,"height":218},{"@type":"BreadcrumbList","@id":"https:\/\/www.iemj.org\/de\/leon-gilbert-1934\/#breadcrumb","itemListElement":[{"@type":"ListItem","position":1,"name":"Accueil","item":"https:\/\/www.iemj.org\/de\/"},{"@type":"ListItem","position":2,"name":"LEON, Gilbert (1934-2025)"}]},{"@type":"WebSite","@id":"https:\/\/www.iemj.org\/de\/#website","url":"https:\/\/www.iemj.org\/de\/","name":"Institut Europ\u00e9en des Musiques Juives","description":"Des traditions musicales \u00e0 la port\u00e9e de tous","publisher":{"@id":"https:\/\/www.iemj.org\/de\/#organization"},"potentialAction":[{"@type":"SearchAction","target":{"@type":"EntryPoint","urlTemplate":"https:\/\/www.iemj.org\/de\/?s={search_term_string}"},"query-input":{"@type":"PropertyValueSpecification","valueRequired":true,"valueName":"search_term_string"}}],"inLanguage":"de"},{"@type":"Organization","@id":"https:\/\/www.iemj.org\/de\/#organization","name":"Institut Europ\u00e9en des Musiques Juives","url":"https:\/\/www.iemj.org\/de\/","logo":{"@type":"ImageObject","inLanguage":"de","@id":"https:\/\/www.iemj.org\/de\/#\/schema\/logo\/image\/","url":"https:\/\/www.iemj.org\/wp-content\/uploads\/2021\/09\/Logo-IEMJ-Paypal.jpg","contentUrl":"https:\/\/www.iemj.org\/wp-content\/uploads\/2021\/09\/Logo-IEMJ-Paypal.jpg","width":150,"height":50,"caption":"Institut Europ\u00e9en des Musiques Juives"},"image":{"@id":"https:\/\/www.iemj.org\/de\/#\/schema\/logo\/image\/"},"sameAs":["https:\/\/www.facebook.com\/MusiquesJuives\/","https:\/\/www.instagram.com\/musiquesjuives\/","https:\/\/www.youtube.com\/user\/musiquesjuives"]},{"@type":"Person","@id":"https:\/\/www.iemj.org\/de\/#\/schema\/person\/358e26c18aca017fcc4cc15437f7279c","name":"Jacqueline ROTEN","image":{"@type":"ImageObject","inLanguage":"de","@id":"https:\/\/secure.gravatar.com\/avatar\/5964256d6c6957de3a3505278957e0fb2a35119ac47ea41827a65301213c810b?s=96&d=mm&r=g","url":"https:\/\/secure.gravatar.com\/avatar\/5964256d6c6957de3a3505278957e0fb2a35119ac47ea41827a65301213c810b?s=96&d=mm&r=g","contentUrl":"https:\/\/secure.gravatar.com\/avatar\/5964256d6c6957de3a3505278957e0fb2a35119ac47ea41827a65301213c810b?s=96&d=mm&r=g","caption":"Jacqueline ROTEN"}}]}},"_links":{"self":[{"href":"https:\/\/www.iemj.org\/de\/wp-json\/wp\/v2\/posts\/87823","targetHints":{"allow":["GET"]}}],"collection":[{"href":"https:\/\/www.iemj.org\/de\/wp-json\/wp\/v2\/posts"}],"about":[{"href":"https:\/\/www.iemj.org\/de\/wp-json\/wp\/v2\/types\/post"}],"author":[{"embeddable":true,"href":"https:\/\/www.iemj.org\/de\/wp-json\/wp\/v2\/users\/5"}],"replies":[{"embeddable":true,"href":"https:\/\/www.iemj.org\/de\/wp-json\/wp\/v2\/comments?post=87823"}],"version-history":[{"count":0,"href":"https:\/\/www.iemj.org\/de\/wp-json\/wp\/v2\/posts\/87823\/revisions"}],"wp:featuredmedia":[{"embeddable":true,"href":"https:\/\/www.iemj.org\/de\/wp-json\/wp\/v2\/media\/87824"}],"wp:attachment":[{"href":"https:\/\/www.iemj.org\/de\/wp-json\/wp\/v2\/media?parent=87823"}],"wp:term":[{"taxonomy":"category","embeddable":true,"href":"https:\/\/www.iemj.org\/de\/wp-json\/wp\/v2\/categories?post=87823"},{"taxonomy":"post_tag","embeddable":true,"href":"https:\/\/www.iemj.org\/de\/wp-json\/wp\/v2\/tags?post=87823"},{"taxonomy":"technique","embeddable":true,"href":"https:\/\/www.iemj.org\/de\/wp-json\/wp\/v2\/technique?post=87823"},{"taxonomy":"squelettes","embeddable":true,"href":"https:\/\/www.iemj.org\/de\/wp-json\/wp\/v2\/squelettes?post=87823"},{"taxonomy":"sujet","embeddable":true,"href":"https:\/\/www.iemj.org\/de\/wp-json\/wp\/v2\/sujet?post=87823"},{"taxonomy":"formation","embeddable":true,"href":"https:\/\/www.iemj.org\/de\/wp-json\/wp\/v2\/formation?post=87823"},{"taxonomy":"genre","embeddable":true,"href":"https:\/\/www.iemj.org\/de\/wp-json\/wp\/v2\/genre?post=87823"},{"taxonomy":"fonds","embeddable":true,"href":"https:\/\/www.iemj.org\/de\/wp-json\/wp\/v2\/fonds?post=87823"},{"taxonomy":"tradition","embeddable":true,"href":"https:\/\/www.iemj.org\/de\/wp-json\/wp\/v2\/tradition?post=87823"},{"taxonomy":"type-de-contenu","embeddable":true,"href":"https:\/\/www.iemj.org\/de\/wp-json\/wp\/v2\/type-de-contenu?post=87823"},{"taxonomy":"interprete-compositeur","embeddable":true,"href":"https:\/\/www.iemj.org\/de\/wp-json\/wp\/v2\/interprete-compositeur?post=87823"},{"taxonomy":"frise","embeddable":true,"href":"https:\/\/www.iemj.org\/de\/wp-json\/wp\/v2\/frise?post=87823"},{"taxonomy":"type-devenement","embeddable":true,"href":"https:\/\/www.iemj.org\/de\/wp-json\/wp\/v2\/type-devenement?post=87823"},{"taxonomy":"tableaux-liens-externes","embeddable":true,"href":"https:\/\/www.iemj.org\/de\/wp-json\/wp\/v2\/tableaux-liens-externes?post=87823"}],"curies":[{"name":"wp","href":"https:\/\/api.w.org\/{rel}","templated":true}]}}