{"id":87860,"date":"2018-07-04T12:55:08","date_gmt":"2018-07-04T10:55:08","guid":{"rendered":"https:\/\/www.iemj.org\/dzigan-et-shumacher\/"},"modified":"2022-09-22T14:59:31","modified_gmt":"2022-09-22T12:59:31","slug":"dzigan-et-shumacher","status":"publish","type":"post","link":"https:\/\/www.iemj.org\/de\/dzigan-et-shumacher\/","title":{"rendered":"Dzigan und Shumacher"},"content":{"rendered":"<p>Shimen (Szymon) Dzigan (1905-1980) und Yisroel Shumacher (Szumacher) (1908-1961) waren ein ber\u00fchmtes jiddischsprachiges Komikerduo aus \u0141\u00f3d\u017a in Polen, das vor und nach dem Zweiten Weltkrieg weltber\u00fchmt war.<\/p>\n<p><strong>Shimen<\/strong> <strong>Dzigan<\/strong>, der Sohn eines Schneiders, wollte urspr\u00fcnglich in die Fu\u00dfstapfen seines Vaters treten. Doch das Schicksal entschied anders, als der ber\u00fchmte Schriftsteller und Dichter <strong>Moische<\/strong> <strong>Broderson<\/strong> 1927 bei einem Bankett auf sein Improvisationstalent und seinen Sinn f\u00fcr Parodien aufmerksam wurde. Er engagierte ihn daraufhin f\u00fcr das von ihm gegr\u00fcndete Kabarett <em>Ararat<\/em> in \u0141\u00f3d\u017a. Ein Jahr sp\u00e4ter trat auch <strong>Yisroel<\/strong> <strong>Schumacher<\/strong> dem Kabarett bei.<\/p>\n<p>Beide K\u00fcnstler, die vom aufkommenden jiddischen Theater beeinflusst wurden, teilten die \u00dcberzeugung, dass sie als Juden die jiddische Sprache bewahren sollten. Beide waren auch von den sozialistischen Ideen angetan, die sich nach dem Ersten Weltkrieg verbreiteten. Und ihre Sketche spiegelten diese neuen Ideen wider. Tats\u00e4chlich war die <em>Ararat<\/em>-Truppe mit ihren energischen Schauspielern mit exzessiver Schminke und beeindruckenden Kost\u00fcmen mit keinem anderen existierenden jiddischen Theater vergleichbar.<\/p>\n<p><img fetchpriority=\"high\" decoding=\"async\" class=\" alignleft size-full wp-image-20369\" src=\"https:\/\/www.iemj.org\/wp-content\/uploads\/2018\/07\/dzigan_et_shumacher_1.jpg\" alt=\"dzigan_et_shumacher_1.jpg\" width=\"350\" height=\"262\" align=\"left\" srcset=\"https:\/\/www.iemj.org\/wp-content\/uploads\/2018\/07\/dzigan_et_shumacher_1.jpg 350w, https:\/\/www.iemj.org\/wp-content\/uploads\/2018\/07\/dzigan_et_shumacher_1-300x225.jpg 300w\" sizes=\"(max-width: 350px) 100vw, 350px\" \/>Nach sechs Jahren in \u0141\u00f3d\u017a zogen Dzigan und Schumacher nach Warschau. Sie spielten ein Jahr lang in der Theatergruppe <em>Di Yiddishe Bande<\/em> und beschlossen dann, die Theatergruppe <em>Ararat<\/em> mit einigen ihrer Gr\u00fcndungsmitglieder aus \u0141\u00f3d\u017a neu aufzubauen. Schlie\u00dflich beschlossen die beiden Humoristen, nur noch als Duo aufzutreten: Sie gr\u00fcndeten 1935 ihr eigenes Kabarett im <em>Nowo\u015bci<\/em>-Theater in Warschau<\/p>\n<p>1937 spielten sie im jiddischen Film<em> Frejleche Kabzonim (Jolly Paupers)<\/em>, der von<strong> Zygmunt Turkow <\/strong>gedreht wurde.<\/p>\n<p>Als die Nazis in Polen einmarschierten, flohen Dzigan und Schumacher nach Bia\u0142ystok, das damals von den Sowjets besetzt war. Sie setzten ihre Auftritte in Minsk, Moskau, Leningrad, Kiew, Charkow und in allen sowjetischen Orten mit jiddischsprachiger Bev\u00f6lkerung fort. Als sie jedoch versuchten, mit der polnischen Armee des Generals Anders die Sowjetunion zu verlassen, wurden sie festgenommen. Sie verbrachten vier Jahre im Arbeitslager von Aqt\u00f6be, wo es ihnen trotz allem erlaubt war, Auftritte zu machen, sowohl f\u00fcr Juden als auch f\u00fcr Bankette des NKWD (Narodnyj\u00a0Kommissariat\u00a0Wnutrennich\u00a0Del [Volkskommissariat f\u00fcr innere Angelegenheiten]). Sie wurden 1946 freigelassen, in Lw\u00f3w erneut festgenommen und gelangten 1947 schlie\u00dflich nach Warschau.<\/p>\n<p>1948 spielten sie in <em>Undzere kinder<\/em> (Unsere Kinder), einem der letzten in Polen gedrehten jiddischen Filme unter der Regie von <strong>Natan<\/strong> <strong>Gross<\/strong>, der den Holocaust zum Thema hat.<\/p>\n<p><img decoding=\"async\" class=\" alignright  wp-image-20371\" src=\"https:\/\/www.iemj.org\/wp-content\/uploads\/2018\/07\/israel_shumacher.jpg\" alt=\"israel_shumacher.jpg\" width=\"176\" height=\"212\" align=\"right\" \/>1950 beschlossen sie, in den jungen Staat Israel zu ziehen, wo die Nachfrage nach jiddischer Unterhaltung sehr gro\u00df war und viele Juden ihre Sketche im ganzen Land auswendig kannten. Aufgrund der Bestrebungen der damaligen Machthaber, eine neue hebr\u00e4ischsprachige israelische Gesellschaft zu formen, wurden jedoch fast alle jiddischen Auff\u00fchrungen verboten, und trotz ihrer Beliebtheit blieben auch die Auftritte von Dzigan und Schumacher nicht von der Regel ausgenommen.<\/p>\n<p>Sie beschlossen, nach Buenos Aires in Argentinien auszuwandern, wo sie ein neues Kabarett gr\u00fcndeten.<\/p>\n<p><img decoding=\"async\" class=\" alignleft size-full wp-image-20373\" src=\"https:\/\/www.iemj.org\/wp-content\/uploads\/2018\/07\/dzigan.jpg\" alt=\"dzigan.jpg\" width=\"204\" height=\"250\" align=\"left\" \/>Nachdem das Verbot, in Israel auf Jiddisch aufzutreten, aufgehoben wurde, zogen unsere Kumpels 1958 nach Tel Aviv und gr\u00fcndeten ihr eigenes Theater. Das hielt jedoch nicht lange an, und die beiden Komiker, die Mitte der 1950er Jahre begonnen hatten, sich zu streiten, brachen 1960 schlie\u00dflich alle Verbindungen ab.<\/p>\n<p>Ein Jahr sp\u00e4ter starb Schumacher im Alter von 53 Jahren an einer Krankheit.<\/p>\n<p>Dzigan blieb noch 20 Jahre lang auf der B\u00fchne und trat sogar im israelischen Fernsehen auf. Am 13. April 1980 erlitt er auf der B\u00fchne einen Schw\u00e4cheanfall und starb einen Tag sp\u00e4ter.<\/p>\n<h4>Die jiddischen Laurel und Hardy<\/h4>\n<p>Die beiden Humoristen spielten sehr unterschiedliche Charaktere. Dzigan war der nerv\u00f6se, geschw\u00e4tzige, freundliche Bettler und Jammerlappen. Im Gegensatz dazu war Schumacher eher phlegmatisch und belehrend. Sie kommentierten das Zeitgeschehen, machten sich \u00fcber Antisemiten und Politiker lustig, aber auch \u00fcber sich selbst und ihr Publikum mit Sketchen, die sich mit dem Alltagsleben befassten. Manchmal wurden sie mit <strong>Laurel und Hardy<\/strong> verglichen oder mit zwei <strong>Don Quijotes<\/strong>, die auf einer Bank sa\u00dfen und der eine von Pal\u00e4stina, der andere von Birobidshan tr\u00e4umte.<\/p>\n<p>Dzigan und Schumacher bleiben das ber\u00fchmteste jiddischsprachige Komiker-Duo, das weltweit bekannt ist.<\/p>\n<p><em>Quellen:<br \/><a href=\"http:\/\/www.yivoencyclopedia.org\/article.aspx\/Dzigan_and_Shumacher\">YIVO Encyclopedia<\/a><br \/><a href=\"https:\/\/www.bh.org.il\/blog-items\/forget-the-troubles-and-laugh-30-years-of-dzigan-and-schumacher\/\">Beit Hatfutsot<\/a><\/em><\/p>\n<p><a href=\"https:\/\/www.iemj.org\/de\/dzigan-shumacher\/\" target=\"_blank\" rel=\"noopener\">Entdecken Sie Aufnahmen von Sketchen des ber\u00fchmten jiddischen Komikerduos<\/a><br \/><a href=\"http:\/\/www.rachelnet.net\/F\/?func=find-c&amp;ccl_term=WRD%3DDzigan+et+Szumacher+sauf+wty%3D%28plage+ou+extrait+ou+partition%29&amp;local_base=iemcg&amp;x=11&amp;y=19\" target=\"_blank\" rel=\"noopener\">In den katalogisierten Dokumenten bez\u00fcglich Dzigan und Schumacher nachsehen<\/a><\/p>\n\n\n<figure class=\"wp-block-embed is-type-video is-provider-youtube wp-block-embed-youtube wp-embed-aspect-4-3 wp-has-aspect-ratio\"><div class=\"wp-block-embed__wrapper\">\n<iframe title=\"\u05d3\u05d6&#039;\u05d9\u05d2\u05d0\u05df \u05d5\u05e9\u05d5\u05de\u05db\u05e8: \u05e9\u05e8\u05d9\u05e4\u05d4 \u05d1\u05db\u05ea\u05e8\u05d9\u05dc\u05d9\u05d1\u05e7\u05d4\" width=\"640\" height=\"480\" src=\"https:\/\/www.youtube.com\/embed\/ABCvK5iBbqs?feature=oembed\" frameborder=\"0\" allow=\"accelerometer; autoplay; clipboard-write; encrypted-media; gyroscope; picture-in-picture; web-share\" referrerpolicy=\"strict-origin-when-cross-origin\" allowfullscreen><\/iframe>\n<\/div><\/figure>\n","protected":false},"excerpt":{"rendered":"<p>Shimen (Szymon) Dzigan (1905-1980) und Yisroel Shumacher (Szumacher) (1908-1961) waren ein ber\u00fchmtes jiddischsprachiges Komikerduo aus \u0141\u00f3d\u017a in Polen, das vor und nach dem Zweiten Weltkrieg weltber\u00fchmt war. Shimen Dzigan, der<\/p>\n","protected":false},"author":1048,"featured_media":51664,"comment_status":"closed","ping_status":"open","sticky":false,"template":"","format":"standard","meta":{"_acf_changed":false,"footnotes":""},"categories":[1415],"tags":[],"technique":[],"squelettes":[],"sujet":[],"formation":[],"genre":[],"fonds":[],"tradition":[],"type-de-contenu":[],"interprete-compositeur":[],"frise":[],"type-devenement":[],"tableaux-liens-externes":[],"class_list":["post-87860","post","type-post","status-publish","format-standard","has-post-thumbnail","hentry","category-biografien-de"],"acf":[],"yoast_head":"<!-- This site is optimized with the Yoast SEO plugin v27.3 - https:\/\/yoast.com\/product\/yoast-seo-wordpress\/ -->\n<title>Dzigan und Shumacher - Institut Europ\u00e9en des Musiques Juives<\/title>\n<meta name=\"robots\" content=\"index, follow, max-snippet:-1, max-image-preview:large, max-video-preview:-1\" \/>\n<link rel=\"canonical\" href=\"https:\/\/www.iemj.org\/de\/dzigan-et-shumacher\/\" \/>\n<meta property=\"og:locale\" content=\"de_DE\" \/>\n<meta property=\"og:type\" content=\"article\" \/>\n<meta property=\"og:title\" content=\"Dzigan und Shumacher - Institut Europ\u00e9en des Musiques Juives\" \/>\n<meta property=\"og:description\" content=\"Shimen (Szymon) Dzigan (1905-1980) und Yisroel Shumacher (Szumacher) (1908-1961) waren ein ber\u00fchmtes jiddischsprachiges Komikerduo aus \u0141\u00f3d\u017a in Polen, das vor und nach dem Zweiten Weltkrieg weltber\u00fchmt war. Shimen Dzigan, der\" \/>\n<meta property=\"og:url\" content=\"https:\/\/www.iemj.org\/de\/dzigan-et-shumacher\/\" \/>\n<meta property=\"og:site_name\" content=\"Institut Europ\u00e9en des Musiques Juives\" \/>\n<meta property=\"article:publisher\" content=\"https:\/\/www.facebook.com\/MusiquesJuives\/\" \/>\n<meta property=\"article:published_time\" content=\"2018-07-04T10:55:08+00:00\" \/>\n<meta property=\"article:modified_time\" content=\"2022-09-22T12:59:31+00:00\" \/>\n<meta property=\"og:image\" content=\"https:\/\/www.iemj.org\/wp-content\/uploads\/2018\/07\/arton3548-e1624974596757.jpg\" \/>\n\t<meta property=\"og:image:width\" content=\"211\" \/>\n\t<meta property=\"og:image:height\" content=\"218\" \/>\n\t<meta property=\"og:image:type\" content=\"image\/jpeg\" \/>\n<meta name=\"author\" content=\"Jean-Gabriel Davis\" \/>\n<meta name=\"twitter:card\" content=\"summary_large_image\" \/>\n<meta name=\"twitter:label1\" content=\"Verfasst von\" \/>\n\t<meta name=\"twitter:data1\" content=\"Jean-Gabriel Davis\" \/>\n\t<meta name=\"twitter:label2\" content=\"Gesch\u00e4tzte Lesezeit\" \/>\n\t<meta name=\"twitter:data2\" content=\"4\u00a0Minuten\" \/>\n<script type=\"application\/ld+json\" class=\"yoast-schema-graph\">{\"@context\":\"https:\\\/\\\/schema.org\",\"@graph\":[{\"@type\":\"Article\",\"@id\":\"https:\\\/\\\/www.iemj.org\\\/de\\\/dzigan-et-shumacher\\\/#article\",\"isPartOf\":{\"@id\":\"https:\\\/\\\/www.iemj.org\\\/de\\\/dzigan-et-shumacher\\\/\"},\"author\":{\"name\":\"Jean-Gabriel Davis\",\"@id\":\"https:\\\/\\\/www.iemj.org\\\/de\\\/#\\\/schema\\\/person\\\/c9bc1c386a3749579a2d675e72a18666\"},\"headline\":\"Dzigan und Shumacher\",\"datePublished\":\"2018-07-04T10:55:08+00:00\",\"dateModified\":\"2022-09-22T12:59:31+00:00\",\"mainEntityOfPage\":{\"@id\":\"https:\\\/\\\/www.iemj.org\\\/de\\\/dzigan-et-shumacher\\\/\"},\"wordCount\":691,\"publisher\":{\"@id\":\"https:\\\/\\\/www.iemj.org\\\/de\\\/#organization\"},\"image\":{\"@id\":\"https:\\\/\\\/www.iemj.org\\\/de\\\/dzigan-et-shumacher\\\/#primaryimage\"},\"thumbnailUrl\":\"https:\\\/\\\/www.iemj.org\\\/wp-content\\\/uploads\\\/2018\\\/07\\\/arton3548-e1624974596757.jpg\",\"articleSection\":[\"Biografien\"],\"inLanguage\":\"de\"},{\"@type\":\"WebPage\",\"@id\":\"https:\\\/\\\/www.iemj.org\\\/de\\\/dzigan-et-shumacher\\\/\",\"url\":\"https:\\\/\\\/www.iemj.org\\\/de\\\/dzigan-et-shumacher\\\/\",\"name\":\"Dzigan und Shumacher - Institut Europ\u00e9en des Musiques Juives\",\"isPartOf\":{\"@id\":\"https:\\\/\\\/www.iemj.org\\\/de\\\/#website\"},\"primaryImageOfPage\":{\"@id\":\"https:\\\/\\\/www.iemj.org\\\/de\\\/dzigan-et-shumacher\\\/#primaryimage\"},\"image\":{\"@id\":\"https:\\\/\\\/www.iemj.org\\\/de\\\/dzigan-et-shumacher\\\/#primaryimage\"},\"thumbnailUrl\":\"https:\\\/\\\/www.iemj.org\\\/wp-content\\\/uploads\\\/2018\\\/07\\\/arton3548-e1624974596757.jpg\",\"datePublished\":\"2018-07-04T10:55:08+00:00\",\"dateModified\":\"2022-09-22T12:59:31+00:00\",\"breadcrumb\":{\"@id\":\"https:\\\/\\\/www.iemj.org\\\/de\\\/dzigan-et-shumacher\\\/#breadcrumb\"},\"inLanguage\":\"de\",\"potentialAction\":[{\"@type\":\"ReadAction\",\"target\":[\"https:\\\/\\\/www.iemj.org\\\/de\\\/dzigan-et-shumacher\\\/\"]}]},{\"@type\":\"ImageObject\",\"inLanguage\":\"de\",\"@id\":\"https:\\\/\\\/www.iemj.org\\\/de\\\/dzigan-et-shumacher\\\/#primaryimage\",\"url\":\"https:\\\/\\\/www.iemj.org\\\/wp-content\\\/uploads\\\/2018\\\/07\\\/arton3548-e1624974596757.jpg\",\"contentUrl\":\"https:\\\/\\\/www.iemj.org\\\/wp-content\\\/uploads\\\/2018\\\/07\\\/arton3548-e1624974596757.jpg\",\"width\":211,\"height\":218},{\"@type\":\"BreadcrumbList\",\"@id\":\"https:\\\/\\\/www.iemj.org\\\/de\\\/dzigan-et-shumacher\\\/#breadcrumb\",\"itemListElement\":[{\"@type\":\"ListItem\",\"position\":1,\"name\":\"Accueil\",\"item\":\"https:\\\/\\\/www.iemj.org\\\/de\\\/\"},{\"@type\":\"ListItem\",\"position\":2,\"name\":\"Dzigan und Shumacher\"}]},{\"@type\":\"WebSite\",\"@id\":\"https:\\\/\\\/www.iemj.org\\\/de\\\/#website\",\"url\":\"https:\\\/\\\/www.iemj.org\\\/de\\\/\",\"name\":\"Institut Europ\u00e9en des Musiques Juives\",\"description\":\"Des traditions musicales \u00e0 la port\u00e9e de tous\",\"publisher\":{\"@id\":\"https:\\\/\\\/www.iemj.org\\\/de\\\/#organization\"},\"potentialAction\":[{\"@type\":\"SearchAction\",\"target\":{\"@type\":\"EntryPoint\",\"urlTemplate\":\"https:\\\/\\\/www.iemj.org\\\/de\\\/?s={search_term_string}\"},\"query-input\":{\"@type\":\"PropertyValueSpecification\",\"valueRequired\":true,\"valueName\":\"search_term_string\"}}],\"inLanguage\":\"de\"},{\"@type\":\"Organization\",\"@id\":\"https:\\\/\\\/www.iemj.org\\\/de\\\/#organization\",\"name\":\"Institut Europ\u00e9en des Musiques Juives\",\"url\":\"https:\\\/\\\/www.iemj.org\\\/de\\\/\",\"logo\":{\"@type\":\"ImageObject\",\"inLanguage\":\"de\",\"@id\":\"https:\\\/\\\/www.iemj.org\\\/de\\\/#\\\/schema\\\/logo\\\/image\\\/\",\"url\":\"https:\\\/\\\/www.iemj.org\\\/wp-content\\\/uploads\\\/2021\\\/09\\\/Logo-IEMJ-Paypal.jpg\",\"contentUrl\":\"https:\\\/\\\/www.iemj.org\\\/wp-content\\\/uploads\\\/2021\\\/09\\\/Logo-IEMJ-Paypal.jpg\",\"width\":150,\"height\":50,\"caption\":\"Institut Europ\u00e9en des Musiques Juives\"},\"image\":{\"@id\":\"https:\\\/\\\/www.iemj.org\\\/de\\\/#\\\/schema\\\/logo\\\/image\\\/\"},\"sameAs\":[\"https:\\\/\\\/www.facebook.com\\\/MusiquesJuives\\\/\",\"https:\\\/\\\/www.instagram.com\\\/musiquesjuives\\\/\",\"https:\\\/\\\/www.youtube.com\\\/user\\\/musiquesjuives\"]},{\"@type\":\"Person\",\"@id\":\"https:\\\/\\\/www.iemj.org\\\/de\\\/#\\\/schema\\\/person\\\/c9bc1c386a3749579a2d675e72a18666\",\"name\":\"Jean-Gabriel Davis\",\"image\":{\"@type\":\"ImageObject\",\"inLanguage\":\"de\",\"@id\":\"https:\\\/\\\/secure.gravatar.com\\\/avatar\\\/2b90d67bdf392c9b3a21fab87c0fa7edaf1fb3a058172a1ffd61033fcec7aec1?s=96&d=mm&r=g\",\"url\":\"https:\\\/\\\/secure.gravatar.com\\\/avatar\\\/2b90d67bdf392c9b3a21fab87c0fa7edaf1fb3a058172a1ffd61033fcec7aec1?s=96&d=mm&r=g\",\"contentUrl\":\"https:\\\/\\\/secure.gravatar.com\\\/avatar\\\/2b90d67bdf392c9b3a21fab87c0fa7edaf1fb3a058172a1ffd61033fcec7aec1?s=96&d=mm&r=g\",\"caption\":\"Jean-Gabriel Davis\"}}]}<\/script>\n<!-- \/ Yoast SEO plugin. -->","yoast_head_json":{"title":"Dzigan und Shumacher - Institut Europ\u00e9en des Musiques Juives","robots":{"index":"index","follow":"follow","max-snippet":"max-snippet:-1","max-image-preview":"max-image-preview:large","max-video-preview":"max-video-preview:-1"},"canonical":"https:\/\/www.iemj.org\/de\/dzigan-et-shumacher\/","og_locale":"de_DE","og_type":"article","og_title":"Dzigan und Shumacher - Institut Europ\u00e9en des Musiques Juives","og_description":"Shimen (Szymon) Dzigan (1905-1980) und Yisroel Shumacher (Szumacher) (1908-1961) waren ein ber\u00fchmtes jiddischsprachiges Komikerduo aus \u0141\u00f3d\u017a in Polen, das vor und nach dem Zweiten Weltkrieg weltber\u00fchmt war. Shimen Dzigan, der","og_url":"https:\/\/www.iemj.org\/de\/dzigan-et-shumacher\/","og_site_name":"Institut Europ\u00e9en des Musiques Juives","article_publisher":"https:\/\/www.facebook.com\/MusiquesJuives\/","article_published_time":"2018-07-04T10:55:08+00:00","article_modified_time":"2022-09-22T12:59:31+00:00","og_image":[{"width":211,"height":218,"url":"https:\/\/www.iemj.org\/wp-content\/uploads\/2018\/07\/arton3548-e1624974596757.jpg","type":"image\/jpeg"}],"author":"Jean-Gabriel Davis","twitter_card":"summary_large_image","twitter_misc":{"Verfasst von":"Jean-Gabriel Davis","Gesch\u00e4tzte Lesezeit":"4\u00a0Minuten"},"schema":{"@context":"https:\/\/schema.org","@graph":[{"@type":"Article","@id":"https:\/\/www.iemj.org\/de\/dzigan-et-shumacher\/#article","isPartOf":{"@id":"https:\/\/www.iemj.org\/de\/dzigan-et-shumacher\/"},"author":{"name":"Jean-Gabriel Davis","@id":"https:\/\/www.iemj.org\/de\/#\/schema\/person\/c9bc1c386a3749579a2d675e72a18666"},"headline":"Dzigan und Shumacher","datePublished":"2018-07-04T10:55:08+00:00","dateModified":"2022-09-22T12:59:31+00:00","mainEntityOfPage":{"@id":"https:\/\/www.iemj.org\/de\/dzigan-et-shumacher\/"},"wordCount":691,"publisher":{"@id":"https:\/\/www.iemj.org\/de\/#organization"},"image":{"@id":"https:\/\/www.iemj.org\/de\/dzigan-et-shumacher\/#primaryimage"},"thumbnailUrl":"https:\/\/www.iemj.org\/wp-content\/uploads\/2018\/07\/arton3548-e1624974596757.jpg","articleSection":["Biografien"],"inLanguage":"de"},{"@type":"WebPage","@id":"https:\/\/www.iemj.org\/de\/dzigan-et-shumacher\/","url":"https:\/\/www.iemj.org\/de\/dzigan-et-shumacher\/","name":"Dzigan und Shumacher - Institut Europ\u00e9en des Musiques Juives","isPartOf":{"@id":"https:\/\/www.iemj.org\/de\/#website"},"primaryImageOfPage":{"@id":"https:\/\/www.iemj.org\/de\/dzigan-et-shumacher\/#primaryimage"},"image":{"@id":"https:\/\/www.iemj.org\/de\/dzigan-et-shumacher\/#primaryimage"},"thumbnailUrl":"https:\/\/www.iemj.org\/wp-content\/uploads\/2018\/07\/arton3548-e1624974596757.jpg","datePublished":"2018-07-04T10:55:08+00:00","dateModified":"2022-09-22T12:59:31+00:00","breadcrumb":{"@id":"https:\/\/www.iemj.org\/de\/dzigan-et-shumacher\/#breadcrumb"},"inLanguage":"de","potentialAction":[{"@type":"ReadAction","target":["https:\/\/www.iemj.org\/de\/dzigan-et-shumacher\/"]}]},{"@type":"ImageObject","inLanguage":"de","@id":"https:\/\/www.iemj.org\/de\/dzigan-et-shumacher\/#primaryimage","url":"https:\/\/www.iemj.org\/wp-content\/uploads\/2018\/07\/arton3548-e1624974596757.jpg","contentUrl":"https:\/\/www.iemj.org\/wp-content\/uploads\/2018\/07\/arton3548-e1624974596757.jpg","width":211,"height":218},{"@type":"BreadcrumbList","@id":"https:\/\/www.iemj.org\/de\/dzigan-et-shumacher\/#breadcrumb","itemListElement":[{"@type":"ListItem","position":1,"name":"Accueil","item":"https:\/\/www.iemj.org\/de\/"},{"@type":"ListItem","position":2,"name":"Dzigan und Shumacher"}]},{"@type":"WebSite","@id":"https:\/\/www.iemj.org\/de\/#website","url":"https:\/\/www.iemj.org\/de\/","name":"Institut Europ\u00e9en des Musiques Juives","description":"Des traditions musicales \u00e0 la port\u00e9e de tous","publisher":{"@id":"https:\/\/www.iemj.org\/de\/#organization"},"potentialAction":[{"@type":"SearchAction","target":{"@type":"EntryPoint","urlTemplate":"https:\/\/www.iemj.org\/de\/?s={search_term_string}"},"query-input":{"@type":"PropertyValueSpecification","valueRequired":true,"valueName":"search_term_string"}}],"inLanguage":"de"},{"@type":"Organization","@id":"https:\/\/www.iemj.org\/de\/#organization","name":"Institut Europ\u00e9en des Musiques Juives","url":"https:\/\/www.iemj.org\/de\/","logo":{"@type":"ImageObject","inLanguage":"de","@id":"https:\/\/www.iemj.org\/de\/#\/schema\/logo\/image\/","url":"https:\/\/www.iemj.org\/wp-content\/uploads\/2021\/09\/Logo-IEMJ-Paypal.jpg","contentUrl":"https:\/\/www.iemj.org\/wp-content\/uploads\/2021\/09\/Logo-IEMJ-Paypal.jpg","width":150,"height":50,"caption":"Institut Europ\u00e9en des Musiques Juives"},"image":{"@id":"https:\/\/www.iemj.org\/de\/#\/schema\/logo\/image\/"},"sameAs":["https:\/\/www.facebook.com\/MusiquesJuives\/","https:\/\/www.instagram.com\/musiquesjuives\/","https:\/\/www.youtube.com\/user\/musiquesjuives"]},{"@type":"Person","@id":"https:\/\/www.iemj.org\/de\/#\/schema\/person\/c9bc1c386a3749579a2d675e72a18666","name":"Jean-Gabriel Davis","image":{"@type":"ImageObject","inLanguage":"de","@id":"https:\/\/secure.gravatar.com\/avatar\/2b90d67bdf392c9b3a21fab87c0fa7edaf1fb3a058172a1ffd61033fcec7aec1?s=96&d=mm&r=g","url":"https:\/\/secure.gravatar.com\/avatar\/2b90d67bdf392c9b3a21fab87c0fa7edaf1fb3a058172a1ffd61033fcec7aec1?s=96&d=mm&r=g","contentUrl":"https:\/\/secure.gravatar.com\/avatar\/2b90d67bdf392c9b3a21fab87c0fa7edaf1fb3a058172a1ffd61033fcec7aec1?s=96&d=mm&r=g","caption":"Jean-Gabriel Davis"}}]}},"_links":{"self":[{"href":"https:\/\/www.iemj.org\/de\/wp-json\/wp\/v2\/posts\/87860","targetHints":{"allow":["GET"]}}],"collection":[{"href":"https:\/\/www.iemj.org\/de\/wp-json\/wp\/v2\/posts"}],"about":[{"href":"https:\/\/www.iemj.org\/de\/wp-json\/wp\/v2\/types\/post"}],"author":[{"embeddable":true,"href":"https:\/\/www.iemj.org\/de\/wp-json\/wp\/v2\/users\/1048"}],"replies":[{"embeddable":true,"href":"https:\/\/www.iemj.org\/de\/wp-json\/wp\/v2\/comments?post=87860"}],"version-history":[{"count":0,"href":"https:\/\/www.iemj.org\/de\/wp-json\/wp\/v2\/posts\/87860\/revisions"}],"wp:featuredmedia":[{"embeddable":true,"href":"https:\/\/www.iemj.org\/de\/wp-json\/wp\/v2\/media\/51664"}],"wp:attachment":[{"href":"https:\/\/www.iemj.org\/de\/wp-json\/wp\/v2\/media?parent=87860"}],"wp:term":[{"taxonomy":"category","embeddable":true,"href":"https:\/\/www.iemj.org\/de\/wp-json\/wp\/v2\/categories?post=87860"},{"taxonomy":"post_tag","embeddable":true,"href":"https:\/\/www.iemj.org\/de\/wp-json\/wp\/v2\/tags?post=87860"},{"taxonomy":"technique","embeddable":true,"href":"https:\/\/www.iemj.org\/de\/wp-json\/wp\/v2\/technique?post=87860"},{"taxonomy":"squelettes","embeddable":true,"href":"https:\/\/www.iemj.org\/de\/wp-json\/wp\/v2\/squelettes?post=87860"},{"taxonomy":"sujet","embeddable":true,"href":"https:\/\/www.iemj.org\/de\/wp-json\/wp\/v2\/sujet?post=87860"},{"taxonomy":"formation","embeddable":true,"href":"https:\/\/www.iemj.org\/de\/wp-json\/wp\/v2\/formation?post=87860"},{"taxonomy":"genre","embeddable":true,"href":"https:\/\/www.iemj.org\/de\/wp-json\/wp\/v2\/genre?post=87860"},{"taxonomy":"fonds","embeddable":true,"href":"https:\/\/www.iemj.org\/de\/wp-json\/wp\/v2\/fonds?post=87860"},{"taxonomy":"tradition","embeddable":true,"href":"https:\/\/www.iemj.org\/de\/wp-json\/wp\/v2\/tradition?post=87860"},{"taxonomy":"type-de-contenu","embeddable":true,"href":"https:\/\/www.iemj.org\/de\/wp-json\/wp\/v2\/type-de-contenu?post=87860"},{"taxonomy":"interprete-compositeur","embeddable":true,"href":"https:\/\/www.iemj.org\/de\/wp-json\/wp\/v2\/interprete-compositeur?post=87860"},{"taxonomy":"frise","embeddable":true,"href":"https:\/\/www.iemj.org\/de\/wp-json\/wp\/v2\/frise?post=87860"},{"taxonomy":"type-devenement","embeddable":true,"href":"https:\/\/www.iemj.org\/de\/wp-json\/wp\/v2\/type-devenement?post=87860"},{"taxonomy":"tableaux-liens-externes","embeddable":true,"href":"https:\/\/www.iemj.org\/de\/wp-json\/wp\/v2\/tableaux-liens-externes?post=87860"}],"curies":[{"name":"wp","href":"https:\/\/api.w.org\/{rel}","templated":true}]}}