{"id":87947,"date":"2013-10-17T15:41:24","date_gmt":"2013-10-17T13:41:24","guid":{"rendered":"https:\/\/www.iemj.org\/epstein-brothers\/"},"modified":"2025-08-31T19:42:05","modified_gmt":"2025-08-31T17:42:05","slug":"epstein-brothers","status":"publish","type":"post","link":"https:\/\/www.iemj.org\/de\/epstein-brothers\/","title":{"rendered":"Epstein Brothers"},"content":{"rendered":"<p>Das Orchester der Epstein-Br\u00fcder (auch unter dem Namen Epstein Brothers bekannt) war ein j\u00fcdisches Musikerquartett der Vereinigten Staaten, das vor allem Klezmer-Musik spielte. <br \/>Die vier Br\u00fcder aus New-York waren: Max Epstein (1912-2000), Isidore \u201eChi\u201c Epstein (1913-1986), William \u201eWillie\u201c Epstein (1919-1999) und Julius \u201eJulie\u201c Epstein (1926-2015).<\/p>\n<p>Max fing an, die Geige anl\u00e4sslich der Projektion von Stummfilmen zu spielen, als er 12 Jahre alt war. Mit 16 begann er mit dem Saxofon, dann der Klarinette. Sehr bald spielte er in j\u00fcdischen rum\u00e4nischen und russischen Kabaretts. Sein Stil war von \u00e4lteren immigrierten Musikern beeinflusst, n\u00e4mlich Dave Tarras, Naftule Brandwein und Sam Beckerman, die dazu beitragen, sein Repertoire mit den Traditionen der vorkommenden Generationen von <em>Klezmorim<\/em> aus Osteuropa zu erweitern.<\/p>\n<p>Sein Bruder Isidore \u201eChi\u201c Epstein, der das Saxofon und die Klarinette spielte, trug dazu bei, das Interesse seiner Br\u00fcder f\u00fcr die Musik zu erregen. Willie Epstein wurde ein f\u00fchrender jiddischer Trompeter seiner Generation, dank seiner Mitarbeit mit den ma\u00dfgeblichen j\u00fcdischen Tanz- und Theaterorchestern. Julie begleitete Max ab 17, und gewann schnell einen Ruf als f\u00fchrender Schlagzeuger in der j\u00fcdischen Musik.<\/p>\n<p>Die Epstein Brothers spielten ab dem Ende der 40er Jahren zusammen, nach dem Zweiten Weltkrieg. Zu dieser Zeit bestand ihr Repertoire vor allem aus chassidischer traditioneller Musik, Folge der Massenauswanderung von \u00fcberlebenden osteurop\u00e4ischen Juden nach dem Holocaust. Als Gruppe machten die Epstein Brothers mehrere Tourneen in den St\u00e4dten von New-Jersey, Pennsylvania, Maryland, Massachusetts und Michigan, sowie in Toronto und Montreal, da sie \u00fcberall spielten wo sich j\u00fcdische Gemeinschaften befand, und vor allem f\u00fcr die Lubawitsch-Gemeinschaften (die gr\u00f6\u00dfte chassidische Bewegung). Ihre Musik war auch f\u00fcr die griechischen und italienischen Hochzeiten sehr beliebt.<\/p>\n<p>Ihr ganzes Leben lang haben die Epstein Brothers von ihrer Musik gelebt, die sie vor allem zur Unterhaltung in New Yorker Stadtteilclubs und Fests\u00e4len spielten.<\/p>\n<p>Zu ihren Verdiensten z\u00e4hlt man mehrere Aufnahmen chassidischer Musik f\u00fcr die Labels Tikva und Menora. Aber da sie Musik lesen k\u00f6nnten, spielten die Br\u00fcder nicht nur traditionelle j\u00fcdische Musik, sondern auch popul\u00e4re Tanz- und Jazzmusik.<\/p>\n<p>Am Ende der 60er Jahren richteten sie sich alle in Florida, wo sie ihre Klezmer-Gruppe wiederbilden. Chi starb 1986, und die drei Br\u00fcder f\u00fchrten ihre Musiktradition fort. Um die Mitte der 90er Jahren gaben die drei Br\u00fcder, fast in Ruhestand, noch 4 bis 5 Konzerten per Woche im S\u00fcdflorida, und zu dieser Zeit kannte den Klezmer eine Wiedergeburt in Amerika und im Ausland. Noch einmal wurden die Epstein Brothers Vertreter einer Tradition, die sie im Laufe der Jahre immer unterst\u00fctzt hatten.<\/p>\n<p>1996 spielten Max, William und Julie im Dokumentarfilm \u201eA Tickle in the Heart\u201c, der die Geschichte der vier Br\u00fcder berichtet. 1998 bekamen sie den National-Heritage-Preis, vom National Endowment fort he Arts verliehen.<\/p>\n<p>William starb am 2. Juli 1999, Max am 18. M\u00e4rz 2000 in Fort Lauderdale, Florida, und Julius Epstein soll im Jahr 2015 verstorben sein.<\/p>\n\n\n<figure class=\"wp-block-embed is-type-video is-provider-youtube wp-block-embed-youtube wp-embed-aspect-4-3 wp-has-aspect-ratio\"><div class=\"wp-block-embed__wrapper\">\n<iframe title=\"The Epstein Brothers\" width=\"640\" height=\"480\" src=\"https:\/\/www.youtube.com\/embed\/dWo_jdjxXU0?feature=oembed\" frameborder=\"0\" allow=\"accelerometer; autoplay; clipboard-write; encrypted-media; gyroscope; picture-in-picture; web-share\" referrerpolicy=\"strict-origin-when-cross-origin\" allowfullscreen><\/iframe>\n<\/div><figcaption class=\"wp-element-caption\"><strong>H\u00f6ren Sie das Interview (auf Englisch) der Epstein Brothers von Neil W. Levin und Barry Serota f\u00fcr die Milken Archive an<\/strong><\/figcaption><\/figure>\n\n\n\n<h2 class=\"wp-block-heading\"><\/h2>\n\n\n<div class=\"wp-block-image\">\n<figure class=\"aligncenter size-large\"><img fetchpriority=\"high\" decoding=\"async\" width=\"1024\" height=\"133\" src=\"https:\/\/www.iemj.org\/wp-content\/uploads\/2024\/03\/AUDIO-PLAYER-1024x133.png\" alt=\"\" class=\"wp-image-110606\" srcset=\"https:\/\/www.iemj.org\/wp-content\/uploads\/2024\/03\/AUDIO-PLAYER-1024x133.png 1024w, https:\/\/www.iemj.org\/wp-content\/uploads\/2024\/03\/AUDIO-PLAYER-300x39.png 300w, https:\/\/www.iemj.org\/wp-content\/uploads\/2024\/03\/AUDIO-PLAYER-768x100.png 768w, https:\/\/www.iemj.org\/wp-content\/uploads\/2024\/03\/AUDIO-PLAYER-600x78.png 600w, https:\/\/www.iemj.org\/wp-content\/uploads\/2024\/03\/AUDIO-PLAYER.png 1210w\" sizes=\"(max-width: 1024px) 100vw, 1024px\" \/><\/figure>\n<\/div>\n\n\n<div class=\"wp-block-file\"><a id=\"wp-block-file--media-32bc05f1-34d2-4703-b5a8-3b74419659af\" href=\"https:\/\/www.iemj.org\/wp-content\/uploads\/2013\/10\/epstein_brothers_silkene_pajamas_epstein_nign.mp3\">Epstein Brothers : Silkene Pajamas &amp; Epstein Nign<\/a><\/div>\n","protected":false},"excerpt":{"rendered":"<p>Das Orchester der Epstein-Br\u00fcder (auch unter dem Namen Epstein Brothers bekannt) war ein j\u00fcdisches Musikerquartett der Vereinigten Staaten, das vor allem Klezmer-Musik spielte. Die vier Br\u00fcder aus New-York waren: Max<\/p>\n","protected":false},"author":1045,"featured_media":87949,"comment_status":"closed","ping_status":"open","sticky":false,"template":"","format":"standard","meta":{"_acf_changed":false,"footnotes":""},"categories":[1415],"tags":[],"technique":[],"squelettes":[],"sujet":[],"formation":[],"genre":[],"fonds":[],"tradition":[],"type-de-contenu":[],"interprete-compositeur":[],"frise":[],"type-devenement":[],"tableaux-liens-externes":[],"class_list":["post-87947","post","type-post","status-publish","format-standard","has-post-thumbnail","hentry","category-biografien-de"],"acf":[],"yoast_head":"<!-- This site is optimized with the Yoast SEO plugin v27.3 - https:\/\/yoast.com\/product\/yoast-seo-wordpress\/ -->\n<title>Epstein Brothers - Institut Europ\u00e9en des Musiques Juives<\/title>\n<meta name=\"robots\" content=\"index, follow, max-snippet:-1, max-image-preview:large, max-video-preview:-1\" \/>\n<link rel=\"canonical\" href=\"https:\/\/www.iemj.org\/de\/epstein-brothers\/\" \/>\n<meta property=\"og:locale\" content=\"de_DE\" \/>\n<meta property=\"og:type\" content=\"article\" \/>\n<meta property=\"og:title\" content=\"Epstein Brothers - Institut Europ\u00e9en des Musiques Juives\" \/>\n<meta property=\"og:description\" content=\"Das Orchester der Epstein-Br\u00fcder (auch unter dem Namen Epstein Brothers bekannt) war ein j\u00fcdisches Musikerquartett der Vereinigten Staaten, das vor allem Klezmer-Musik spielte. Die vier Br\u00fcder aus New-York waren: Max\" \/>\n<meta property=\"og:url\" content=\"https:\/\/www.iemj.org\/de\/epstein-brothers\/\" \/>\n<meta property=\"og:site_name\" content=\"Institut Europ\u00e9en des Musiques Juives\" \/>\n<meta property=\"article:publisher\" content=\"https:\/\/www.facebook.com\/MusiquesJuives\/\" \/>\n<meta property=\"article:published_time\" content=\"2013-10-17T13:41:24+00:00\" \/>\n<meta property=\"article:modified_time\" content=\"2025-08-31T17:42:05+00:00\" \/>\n<meta property=\"og:image\" content=\"https:\/\/www.iemj.org\/wp-content\/uploads\/2013\/10\/Logo-bio-Epstein-Brothers-nv-site-e1618240650853.jpg\" \/>\n\t<meta property=\"og:image:width\" content=\"245\" \/>\n\t<meta property=\"og:image:height\" content=\"218\" \/>\n\t<meta property=\"og:image:type\" content=\"image\/jpeg\" \/>\n<meta name=\"author\" content=\"Herv\u00e9 Roten\" \/>\n<meta name=\"twitter:card\" content=\"summary_large_image\" \/>\n<meta name=\"twitter:label1\" content=\"Verfasst von\" \/>\n\t<meta name=\"twitter:data1\" content=\"Herv\u00e9 Roten\" \/>\n\t<meta name=\"twitter:label2\" content=\"Gesch\u00e4tzte Lesezeit\" \/>\n\t<meta name=\"twitter:data2\" content=\"3\u00a0Minuten\" \/>\n<script type=\"application\/ld+json\" class=\"yoast-schema-graph\">{\"@context\":\"https:\\\/\\\/schema.org\",\"@graph\":[{\"@type\":\"Article\",\"@id\":\"https:\\\/\\\/www.iemj.org\\\/de\\\/epstein-brothers\\\/#article\",\"isPartOf\":{\"@id\":\"https:\\\/\\\/www.iemj.org\\\/de\\\/epstein-brothers\\\/\"},\"author\":{\"name\":\"Herv\u00e9 Roten\",\"@id\":\"https:\\\/\\\/www.iemj.org\\\/de\\\/#\\\/schema\\\/person\\\/906134402c29d5c76e7b726261dd4bbd\"},\"headline\":\"Epstein Brothers\",\"datePublished\":\"2013-10-17T13:41:24+00:00\",\"dateModified\":\"2025-08-31T17:42:05+00:00\",\"mainEntityOfPage\":{\"@id\":\"https:\\\/\\\/www.iemj.org\\\/de\\\/epstein-brothers\\\/\"},\"wordCount\":522,\"publisher\":{\"@id\":\"https:\\\/\\\/www.iemj.org\\\/de\\\/#organization\"},\"image\":{\"@id\":\"https:\\\/\\\/www.iemj.org\\\/de\\\/epstein-brothers\\\/#primaryimage\"},\"thumbnailUrl\":\"https:\\\/\\\/www.iemj.org\\\/wp-content\\\/uploads\\\/2013\\\/10\\\/Logo-bio-Epstein-Brothers-nv-site-e1618240650853.jpg\",\"articleSection\":[\"Biografien\"],\"inLanguage\":\"de\"},{\"@type\":\"WebPage\",\"@id\":\"https:\\\/\\\/www.iemj.org\\\/de\\\/epstein-brothers\\\/\",\"url\":\"https:\\\/\\\/www.iemj.org\\\/de\\\/epstein-brothers\\\/\",\"name\":\"Epstein Brothers - Institut Europ\u00e9en des Musiques Juives\",\"isPartOf\":{\"@id\":\"https:\\\/\\\/www.iemj.org\\\/de\\\/#website\"},\"primaryImageOfPage\":{\"@id\":\"https:\\\/\\\/www.iemj.org\\\/de\\\/epstein-brothers\\\/#primaryimage\"},\"image\":{\"@id\":\"https:\\\/\\\/www.iemj.org\\\/de\\\/epstein-brothers\\\/#primaryimage\"},\"thumbnailUrl\":\"https:\\\/\\\/www.iemj.org\\\/wp-content\\\/uploads\\\/2013\\\/10\\\/Logo-bio-Epstein-Brothers-nv-site-e1618240650853.jpg\",\"datePublished\":\"2013-10-17T13:41:24+00:00\",\"dateModified\":\"2025-08-31T17:42:05+00:00\",\"breadcrumb\":{\"@id\":\"https:\\\/\\\/www.iemj.org\\\/de\\\/epstein-brothers\\\/#breadcrumb\"},\"inLanguage\":\"de\",\"potentialAction\":[{\"@type\":\"ReadAction\",\"target\":[\"https:\\\/\\\/www.iemj.org\\\/de\\\/epstein-brothers\\\/\"]}]},{\"@type\":\"ImageObject\",\"inLanguage\":\"de\",\"@id\":\"https:\\\/\\\/www.iemj.org\\\/de\\\/epstein-brothers\\\/#primaryimage\",\"url\":\"https:\\\/\\\/www.iemj.org\\\/wp-content\\\/uploads\\\/2013\\\/10\\\/Logo-bio-Epstein-Brothers-nv-site-e1618240650853.jpg\",\"contentUrl\":\"https:\\\/\\\/www.iemj.org\\\/wp-content\\\/uploads\\\/2013\\\/10\\\/Logo-bio-Epstein-Brothers-nv-site-e1618240650853.jpg\",\"width\":245,\"height\":218},{\"@type\":\"BreadcrumbList\",\"@id\":\"https:\\\/\\\/www.iemj.org\\\/de\\\/epstein-brothers\\\/#breadcrumb\",\"itemListElement\":[{\"@type\":\"ListItem\",\"position\":1,\"name\":\"Accueil\",\"item\":\"https:\\\/\\\/www.iemj.org\\\/de\\\/\"},{\"@type\":\"ListItem\",\"position\":2,\"name\":\"Epstein Brothers\"}]},{\"@type\":\"WebSite\",\"@id\":\"https:\\\/\\\/www.iemj.org\\\/de\\\/#website\",\"url\":\"https:\\\/\\\/www.iemj.org\\\/de\\\/\",\"name\":\"Institut Europ\u00e9en des Musiques Juives\",\"description\":\"Des traditions musicales \u00e0 la port\u00e9e de tous\",\"publisher\":{\"@id\":\"https:\\\/\\\/www.iemj.org\\\/de\\\/#organization\"},\"potentialAction\":[{\"@type\":\"SearchAction\",\"target\":{\"@type\":\"EntryPoint\",\"urlTemplate\":\"https:\\\/\\\/www.iemj.org\\\/de\\\/?s={search_term_string}\"},\"query-input\":{\"@type\":\"PropertyValueSpecification\",\"valueRequired\":true,\"valueName\":\"search_term_string\"}}],\"inLanguage\":\"de\"},{\"@type\":\"Organization\",\"@id\":\"https:\\\/\\\/www.iemj.org\\\/de\\\/#organization\",\"name\":\"Institut Europ\u00e9en des Musiques Juives\",\"url\":\"https:\\\/\\\/www.iemj.org\\\/de\\\/\",\"logo\":{\"@type\":\"ImageObject\",\"inLanguage\":\"de\",\"@id\":\"https:\\\/\\\/www.iemj.org\\\/de\\\/#\\\/schema\\\/logo\\\/image\\\/\",\"url\":\"https:\\\/\\\/www.iemj.org\\\/wp-content\\\/uploads\\\/2021\\\/09\\\/Logo-IEMJ-Paypal.jpg\",\"contentUrl\":\"https:\\\/\\\/www.iemj.org\\\/wp-content\\\/uploads\\\/2021\\\/09\\\/Logo-IEMJ-Paypal.jpg\",\"width\":150,\"height\":50,\"caption\":\"Institut Europ\u00e9en des Musiques Juives\"},\"image\":{\"@id\":\"https:\\\/\\\/www.iemj.org\\\/de\\\/#\\\/schema\\\/logo\\\/image\\\/\"},\"sameAs\":[\"https:\\\/\\\/www.facebook.com\\\/MusiquesJuives\\\/\",\"https:\\\/\\\/www.instagram.com\\\/musiquesjuives\\\/\",\"https:\\\/\\\/www.youtube.com\\\/user\\\/musiquesjuives\"]},{\"@type\":\"Person\",\"@id\":\"https:\\\/\\\/www.iemj.org\\\/de\\\/#\\\/schema\\\/person\\\/906134402c29d5c76e7b726261dd4bbd\",\"name\":\"Herv\u00e9 Roten\",\"image\":{\"@type\":\"ImageObject\",\"inLanguage\":\"de\",\"@id\":\"https:\\\/\\\/secure.gravatar.com\\\/avatar\\\/f96ad2db538a26481f18384936b5cd0610c92d390c4dc382209216d455f685ff?s=96&d=mm&r=g\",\"url\":\"https:\\\/\\\/secure.gravatar.com\\\/avatar\\\/f96ad2db538a26481f18384936b5cd0610c92d390c4dc382209216d455f685ff?s=96&d=mm&r=g\",\"contentUrl\":\"https:\\\/\\\/secure.gravatar.com\\\/avatar\\\/f96ad2db538a26481f18384936b5cd0610c92d390c4dc382209216d455f685ff?s=96&d=mm&r=g\",\"caption\":\"Herv\u00e9 Roten\"}}]}<\/script>\n<!-- \/ Yoast SEO plugin. -->","yoast_head_json":{"title":"Epstein Brothers - Institut Europ\u00e9en des Musiques Juives","robots":{"index":"index","follow":"follow","max-snippet":"max-snippet:-1","max-image-preview":"max-image-preview:large","max-video-preview":"max-video-preview:-1"},"canonical":"https:\/\/www.iemj.org\/de\/epstein-brothers\/","og_locale":"de_DE","og_type":"article","og_title":"Epstein Brothers - Institut Europ\u00e9en des Musiques Juives","og_description":"Das Orchester der Epstein-Br\u00fcder (auch unter dem Namen Epstein Brothers bekannt) war ein j\u00fcdisches Musikerquartett der Vereinigten Staaten, das vor allem Klezmer-Musik spielte. Die vier Br\u00fcder aus New-York waren: Max","og_url":"https:\/\/www.iemj.org\/de\/epstein-brothers\/","og_site_name":"Institut Europ\u00e9en des Musiques Juives","article_publisher":"https:\/\/www.facebook.com\/MusiquesJuives\/","article_published_time":"2013-10-17T13:41:24+00:00","article_modified_time":"2025-08-31T17:42:05+00:00","og_image":[{"width":245,"height":218,"url":"https:\/\/www.iemj.org\/wp-content\/uploads\/2013\/10\/Logo-bio-Epstein-Brothers-nv-site-e1618240650853.jpg","type":"image\/jpeg"}],"author":"Herv\u00e9 Roten","twitter_card":"summary_large_image","twitter_misc":{"Verfasst von":"Herv\u00e9 Roten","Gesch\u00e4tzte Lesezeit":"3\u00a0Minuten"},"schema":{"@context":"https:\/\/schema.org","@graph":[{"@type":"Article","@id":"https:\/\/www.iemj.org\/de\/epstein-brothers\/#article","isPartOf":{"@id":"https:\/\/www.iemj.org\/de\/epstein-brothers\/"},"author":{"name":"Herv\u00e9 Roten","@id":"https:\/\/www.iemj.org\/de\/#\/schema\/person\/906134402c29d5c76e7b726261dd4bbd"},"headline":"Epstein Brothers","datePublished":"2013-10-17T13:41:24+00:00","dateModified":"2025-08-31T17:42:05+00:00","mainEntityOfPage":{"@id":"https:\/\/www.iemj.org\/de\/epstein-brothers\/"},"wordCount":522,"publisher":{"@id":"https:\/\/www.iemj.org\/de\/#organization"},"image":{"@id":"https:\/\/www.iemj.org\/de\/epstein-brothers\/#primaryimage"},"thumbnailUrl":"https:\/\/www.iemj.org\/wp-content\/uploads\/2013\/10\/Logo-bio-Epstein-Brothers-nv-site-e1618240650853.jpg","articleSection":["Biografien"],"inLanguage":"de"},{"@type":"WebPage","@id":"https:\/\/www.iemj.org\/de\/epstein-brothers\/","url":"https:\/\/www.iemj.org\/de\/epstein-brothers\/","name":"Epstein Brothers - Institut Europ\u00e9en des Musiques Juives","isPartOf":{"@id":"https:\/\/www.iemj.org\/de\/#website"},"primaryImageOfPage":{"@id":"https:\/\/www.iemj.org\/de\/epstein-brothers\/#primaryimage"},"image":{"@id":"https:\/\/www.iemj.org\/de\/epstein-brothers\/#primaryimage"},"thumbnailUrl":"https:\/\/www.iemj.org\/wp-content\/uploads\/2013\/10\/Logo-bio-Epstein-Brothers-nv-site-e1618240650853.jpg","datePublished":"2013-10-17T13:41:24+00:00","dateModified":"2025-08-31T17:42:05+00:00","breadcrumb":{"@id":"https:\/\/www.iemj.org\/de\/epstein-brothers\/#breadcrumb"},"inLanguage":"de","potentialAction":[{"@type":"ReadAction","target":["https:\/\/www.iemj.org\/de\/epstein-brothers\/"]}]},{"@type":"ImageObject","inLanguage":"de","@id":"https:\/\/www.iemj.org\/de\/epstein-brothers\/#primaryimage","url":"https:\/\/www.iemj.org\/wp-content\/uploads\/2013\/10\/Logo-bio-Epstein-Brothers-nv-site-e1618240650853.jpg","contentUrl":"https:\/\/www.iemj.org\/wp-content\/uploads\/2013\/10\/Logo-bio-Epstein-Brothers-nv-site-e1618240650853.jpg","width":245,"height":218},{"@type":"BreadcrumbList","@id":"https:\/\/www.iemj.org\/de\/epstein-brothers\/#breadcrumb","itemListElement":[{"@type":"ListItem","position":1,"name":"Accueil","item":"https:\/\/www.iemj.org\/de\/"},{"@type":"ListItem","position":2,"name":"Epstein Brothers"}]},{"@type":"WebSite","@id":"https:\/\/www.iemj.org\/de\/#website","url":"https:\/\/www.iemj.org\/de\/","name":"Institut Europ\u00e9en des Musiques Juives","description":"Des traditions musicales \u00e0 la port\u00e9e de tous","publisher":{"@id":"https:\/\/www.iemj.org\/de\/#organization"},"potentialAction":[{"@type":"SearchAction","target":{"@type":"EntryPoint","urlTemplate":"https:\/\/www.iemj.org\/de\/?s={search_term_string}"},"query-input":{"@type":"PropertyValueSpecification","valueRequired":true,"valueName":"search_term_string"}}],"inLanguage":"de"},{"@type":"Organization","@id":"https:\/\/www.iemj.org\/de\/#organization","name":"Institut Europ\u00e9en des Musiques Juives","url":"https:\/\/www.iemj.org\/de\/","logo":{"@type":"ImageObject","inLanguage":"de","@id":"https:\/\/www.iemj.org\/de\/#\/schema\/logo\/image\/","url":"https:\/\/www.iemj.org\/wp-content\/uploads\/2021\/09\/Logo-IEMJ-Paypal.jpg","contentUrl":"https:\/\/www.iemj.org\/wp-content\/uploads\/2021\/09\/Logo-IEMJ-Paypal.jpg","width":150,"height":50,"caption":"Institut Europ\u00e9en des Musiques Juives"},"image":{"@id":"https:\/\/www.iemj.org\/de\/#\/schema\/logo\/image\/"},"sameAs":["https:\/\/www.facebook.com\/MusiquesJuives\/","https:\/\/www.instagram.com\/musiquesjuives\/","https:\/\/www.youtube.com\/user\/musiquesjuives"]},{"@type":"Person","@id":"https:\/\/www.iemj.org\/de\/#\/schema\/person\/906134402c29d5c76e7b726261dd4bbd","name":"Herv\u00e9 Roten","image":{"@type":"ImageObject","inLanguage":"de","@id":"https:\/\/secure.gravatar.com\/avatar\/f96ad2db538a26481f18384936b5cd0610c92d390c4dc382209216d455f685ff?s=96&d=mm&r=g","url":"https:\/\/secure.gravatar.com\/avatar\/f96ad2db538a26481f18384936b5cd0610c92d390c4dc382209216d455f685ff?s=96&d=mm&r=g","contentUrl":"https:\/\/secure.gravatar.com\/avatar\/f96ad2db538a26481f18384936b5cd0610c92d390c4dc382209216d455f685ff?s=96&d=mm&r=g","caption":"Herv\u00e9 Roten"}}]}},"_links":{"self":[{"href":"https:\/\/www.iemj.org\/de\/wp-json\/wp\/v2\/posts\/87947","targetHints":{"allow":["GET"]}}],"collection":[{"href":"https:\/\/www.iemj.org\/de\/wp-json\/wp\/v2\/posts"}],"about":[{"href":"https:\/\/www.iemj.org\/de\/wp-json\/wp\/v2\/types\/post"}],"author":[{"embeddable":true,"href":"https:\/\/www.iemj.org\/de\/wp-json\/wp\/v2\/users\/1045"}],"replies":[{"embeddable":true,"href":"https:\/\/www.iemj.org\/de\/wp-json\/wp\/v2\/comments?post=87947"}],"version-history":[{"count":0,"href":"https:\/\/www.iemj.org\/de\/wp-json\/wp\/v2\/posts\/87947\/revisions"}],"wp:featuredmedia":[{"embeddable":true,"href":"https:\/\/www.iemj.org\/de\/wp-json\/wp\/v2\/media\/87949"}],"wp:attachment":[{"href":"https:\/\/www.iemj.org\/de\/wp-json\/wp\/v2\/media?parent=87947"}],"wp:term":[{"taxonomy":"category","embeddable":true,"href":"https:\/\/www.iemj.org\/de\/wp-json\/wp\/v2\/categories?post=87947"},{"taxonomy":"post_tag","embeddable":true,"href":"https:\/\/www.iemj.org\/de\/wp-json\/wp\/v2\/tags?post=87947"},{"taxonomy":"technique","embeddable":true,"href":"https:\/\/www.iemj.org\/de\/wp-json\/wp\/v2\/technique?post=87947"},{"taxonomy":"squelettes","embeddable":true,"href":"https:\/\/www.iemj.org\/de\/wp-json\/wp\/v2\/squelettes?post=87947"},{"taxonomy":"sujet","embeddable":true,"href":"https:\/\/www.iemj.org\/de\/wp-json\/wp\/v2\/sujet?post=87947"},{"taxonomy":"formation","embeddable":true,"href":"https:\/\/www.iemj.org\/de\/wp-json\/wp\/v2\/formation?post=87947"},{"taxonomy":"genre","embeddable":true,"href":"https:\/\/www.iemj.org\/de\/wp-json\/wp\/v2\/genre?post=87947"},{"taxonomy":"fonds","embeddable":true,"href":"https:\/\/www.iemj.org\/de\/wp-json\/wp\/v2\/fonds?post=87947"},{"taxonomy":"tradition","embeddable":true,"href":"https:\/\/www.iemj.org\/de\/wp-json\/wp\/v2\/tradition?post=87947"},{"taxonomy":"type-de-contenu","embeddable":true,"href":"https:\/\/www.iemj.org\/de\/wp-json\/wp\/v2\/type-de-contenu?post=87947"},{"taxonomy":"interprete-compositeur","embeddable":true,"href":"https:\/\/www.iemj.org\/de\/wp-json\/wp\/v2\/interprete-compositeur?post=87947"},{"taxonomy":"frise","embeddable":true,"href":"https:\/\/www.iemj.org\/de\/wp-json\/wp\/v2\/frise?post=87947"},{"taxonomy":"type-devenement","embeddable":true,"href":"https:\/\/www.iemj.org\/de\/wp-json\/wp\/v2\/type-devenement?post=87947"},{"taxonomy":"tableaux-liens-externes","embeddable":true,"href":"https:\/\/www.iemj.org\/de\/wp-json\/wp\/v2\/tableaux-liens-externes?post=87947"}],"curies":[{"name":"wp","href":"https:\/\/api.w.org\/{rel}","templated":true}]}}