{"id":87970,"date":"2019-11-03T11:50:31","date_gmt":"2019-11-03T10:50:31","guid":{"rendered":"https:\/\/www.iemj.org\/erlanger-jules-1830-1895\/"},"modified":"2025-09-10T10:17:21","modified_gmt":"2025-09-10T08:17:21","slug":"erlanger-jules-1830-1895","status":"publish","type":"post","link":"https:\/\/www.iemj.org\/de\/erlanger-jules-1830-1895\/","title":{"rendered":"Erlanger, Jules (1830-1895)"},"content":{"rendered":"<p>Jules Erlanger war der Sohn von Isra\u00ebl S\u00fcsskind Erlanger, Rabbiner in Wissembourg, und der Bruder von Michel Erlanger, der im Konsistorium von Paris sa\u00df. Er wurde 1830 in Wissembourg (Bas-Rhin) geboren und starb am 15. Februar 1895 in Br\u00fcssel.<\/p>\n<p>Da er f\u00fcr Musik begabt war, wurde er am 22. Oktober 1844 im Konservatorium f\u00fcr Musik in Paris in der Kompositionsklasse von Fromental Hal\u00e9vy aufgenommen, wo er 1850 eine Belobigung in Kontrapunkt und Fuge erhielt. Er wandte sich daraufhin der Komposition zu und schrieb mehrere Werke f\u00fcr Jacques Offenbachs Th\u00e9\u00e2tre des Bouffes-Parisiens, darunter: <em>L&#8217;Arbre de Robinson<\/em> (1857), <em>Les Dames de Coeur Volant<\/em> (1859) und <em>La Servante \u00e0 Nicolas<\/em> (1861).<\/p>\n<p><img fetchpriority=\"high\" decoding=\"async\" class=\" alignright  wp-image-25979\" src=\"https:\/\/www.iemj.org\/wp-content\/uploads\/2019\/11\/jules_erlanger_page_titre_recueil_posthume_redim_0_70.jpg\" alt=\"jules_erlanger_page_titre_recueil_posthume_redim_0_70.jpg\" width=\"304\" height=\"444\" align=\"right\" srcset=\"https:\/\/www.iemj.org\/wp-content\/uploads\/2019\/11\/jules_erlanger_page_titre_recueil_posthume_redim_0_70.jpg 420w, https:\/\/www.iemj.org\/wp-content\/uploads\/2019\/11\/jules_erlanger_page_titre_recueil_posthume_redim_0_70-205x300.jpg 205w\" sizes=\"(max-width: 304px) 100vw, 304px\" \/>Er war Mitbegr\u00fcnder der Soci\u00e9t\u00e9 des Auteurs et Compositeurs Dramatiques (Gesellschaft der dramatischen Autoren und Komponisten), aktiver Musiker und engagierte sich auch f\u00fcr das j\u00fcdische Leben. So war er 1860 an der Gr\u00fcndung der Alliance Isra\u00e9lite Universelle beteiligt und wurde sp\u00e4ter Pr\u00e4sident des belgischen Komitees der Alliance, ein Amt, das er bis zu seinem Tod innehatte. Er komponierte auch mehrere St\u00fccke f\u00fcr den israelitischen Gottesdienst, darunter seinen Psalm 150 &#8211; <em>Allelouya<\/em>, der w\u00e4hrend der Einweihungszeremonie des Tempels de Stra\u00dfe de la Victoire im Jahr 1874 gespielt wurde.<\/p>\n<p>Nachher gab Jules Erlanger seine Musikkarriere auf, um sich im Gesch\u00e4ft zu versuchen, und schrieb nur noch geistliche Musik. 1891 ver\u00f6ffentlichte der Verlag Durlacher in Paris sein\u00a0<em>Recueil de dix morceaux ex\u00e9cut\u00e9s dans les synagogues de France et de Belgique (Sammlung von zehn St\u00fccken, die in den Synagogen in Frankreich und Belgien aufgef\u00fchrt wurden)<\/em>. 1903, acht Jahre nach seinem Tod, wurden in Br\u00fcssel vier neue Sammlungen von Erlanger ver\u00f6ffentlicht, drei mit weltlicher und eine mit geistlicher Musik. Die <em>Kedouschah de Moussaph f\u00fcr vierstimmigen Chor und Baritonsolist, die auf der<\/em>\u00a0CD <a href=\"https:\/\/www.iemj.org\/de\/jacques-offenbach-et-ses-proches-de-la-synagogue-a-lopera\/\">Jacques Offenbach et ses proches<\/a> gesungen wird, stammt aus diesem posthum erschienenen Band mit dem Titel <em>Compositions religieuses pour le culte isra\u00e9lite (religi\u00f6se Kompositionen f\u00fcr das israelitische Kult).<\/em><\/p>\n<p><a href=\"http:\/\/www.rachelnet.net\/F\/?func=find-c&amp;ccl_term=WRD+%3D+Jules+Erlanger&amp;local_base=iemcg\" target=\"_blank\" rel=\"noopener\">In unseren Archiven \u00fcber Jules Erlanger nachsehen<\/a><\/p>\n<p><a href=\"https:\/\/www.iemj.org\/de\/produit\/jacques-offenbach-and-friends-from-the-synagogue-to-the-opera\/\" target=\"_blank\" rel=\"noopener\">Die <strong>CD Jacques Offenbach et ses proches \u2013 De la synagogue \u00e0 l\u2019op\u00e9ra<\/strong>\u00a0\u2013 Vol.6, Verlag IEMJ in unserem Online-Shop bestellen<\/a><\/p>\n\n\n<h2 class=\"wp-block-heading\"><\/h2>\n\n\n<div class=\"wp-block-image\">\n<figure class=\"aligncenter size-large\"><img decoding=\"async\" width=\"1024\" height=\"133\" src=\"https:\/\/www.iemj.org\/wp-content\/uploads\/2024\/03\/AUDIO-PLAYER-1024x133.png\" alt=\"\" class=\"wp-image-110606\" srcset=\"https:\/\/www.iemj.org\/wp-content\/uploads\/2024\/03\/AUDIO-PLAYER-1024x133.png 1024w, https:\/\/www.iemj.org\/wp-content\/uploads\/2024\/03\/AUDIO-PLAYER-300x39.png 300w, https:\/\/www.iemj.org\/wp-content\/uploads\/2024\/03\/AUDIO-PLAYER-768x100.png 768w, https:\/\/www.iemj.org\/wp-content\/uploads\/2024\/03\/AUDIO-PLAYER-600x78.png 600w, https:\/\/www.iemj.org\/wp-content\/uploads\/2024\/03\/AUDIO-PLAYER.png 1210w\" sizes=\"(max-width: 1024px) 100vw, 1024px\" \/><\/figure>\n<\/div>\n\n\n<div class=\"wp-block-file\"><a id=\"wp-block-file--media-43804795-3cb4-451b-ac5a-b0a5b2d196d1\" href=\"https:\/\/www.iemj.org\/wp-content\/uploads\/2019\/10\/06_kedouschah_de_moussaph_jules_erlanger.mp3\">Jules Erlanger &#8211; Kedouschah de Moussaph (Extrait)<\/a><\/div>\n","protected":false},"excerpt":{"rendered":"<p>Jules Erlanger war der Sohn von Isra\u00ebl S\u00fcsskind Erlanger, Rabbiner in Wissembourg, und der Bruder von Michel Erlanger, der im Konsistorium von Paris sa\u00df. Er wurde 1830 in Wissembourg (Bas-Rhin)<\/p>\n","protected":false},"author":1045,"featured_media":51706,"comment_status":"closed","ping_status":"closed","sticky":false,"template":"","format":"standard","meta":{"_acf_changed":false,"footnotes":""},"categories":[1415],"tags":[],"technique":[],"squelettes":[],"sujet":[],"formation":[],"genre":[],"fonds":[],"tradition":[],"type-de-contenu":[],"interprete-compositeur":[],"frise":[],"type-devenement":[],"tableaux-liens-externes":[],"class_list":["post-87970","post","type-post","status-publish","format-standard","has-post-thumbnail","hentry","category-biografien-de"],"acf":[],"yoast_head":"<!-- This site is optimized with the Yoast SEO plugin v27.3 - https:\/\/yoast.com\/product\/yoast-seo-wordpress\/ -->\n<title>Erlanger, Jules (1830-1895) - Institut Europ\u00e9en des Musiques Juives<\/title>\n<meta name=\"robots\" content=\"index, follow, max-snippet:-1, max-image-preview:large, max-video-preview:-1\" \/>\n<link rel=\"canonical\" href=\"https:\/\/www.iemj.org\/de\/erlanger-jules-1830-1895\/\" \/>\n<meta property=\"og:locale\" content=\"de_DE\" \/>\n<meta property=\"og:type\" content=\"article\" \/>\n<meta property=\"og:title\" content=\"Erlanger, Jules (1830-1895) - Institut Europ\u00e9en des Musiques Juives\" \/>\n<meta property=\"og:description\" content=\"Jules Erlanger war der Sohn von Isra\u00ebl S\u00fcsskind Erlanger, Rabbiner in Wissembourg, und der Bruder von Michel Erlanger, der im Konsistorium von Paris sa\u00df. Er wurde 1830 in Wissembourg (Bas-Rhin)\" \/>\n<meta property=\"og:url\" content=\"https:\/\/www.iemj.org\/de\/erlanger-jules-1830-1895\/\" \/>\n<meta property=\"og:site_name\" content=\"Institut Europ\u00e9en des Musiques Juives\" \/>\n<meta property=\"article:publisher\" content=\"https:\/\/www.facebook.com\/MusiquesJuives\/\" \/>\n<meta property=\"article:published_time\" content=\"2019-11-03T10:50:31+00:00\" \/>\n<meta property=\"article:modified_time\" content=\"2025-09-10T08:17:21+00:00\" \/>\n<meta property=\"og:image\" content=\"https:\/\/www.iemj.org\/wp-content\/uploads\/2019\/11\/arton4371-e1624978335150.jpg\" \/>\n\t<meta property=\"og:image:width\" content=\"179\" \/>\n\t<meta property=\"og:image:height\" content=\"218\" \/>\n\t<meta property=\"og:image:type\" content=\"image\/jpeg\" \/>\n<meta name=\"author\" content=\"Herv\u00e9 Roten\" \/>\n<meta name=\"twitter:card\" content=\"summary_large_image\" \/>\n<meta name=\"twitter:label1\" content=\"Verfasst von\" \/>\n\t<meta name=\"twitter:data1\" content=\"Herv\u00e9 Roten\" \/>\n\t<meta name=\"twitter:label2\" content=\"Gesch\u00e4tzte Lesezeit\" \/>\n\t<meta name=\"twitter:data2\" content=\"3\u00a0Minuten\" \/>\n<script type=\"application\/ld+json\" class=\"yoast-schema-graph\">{\"@context\":\"https:\\\/\\\/schema.org\",\"@graph\":[{\"@type\":\"Article\",\"@id\":\"https:\\\/\\\/www.iemj.org\\\/de\\\/erlanger-jules-1830-1895\\\/#article\",\"isPartOf\":{\"@id\":\"https:\\\/\\\/www.iemj.org\\\/de\\\/erlanger-jules-1830-1895\\\/\"},\"author\":{\"name\":\"Herv\u00e9 Roten\",\"@id\":\"https:\\\/\\\/www.iemj.org\\\/de\\\/#\\\/schema\\\/person\\\/906134402c29d5c76e7b726261dd4bbd\"},\"headline\":\"Erlanger, Jules (1830-1895)\",\"datePublished\":\"2019-11-03T10:50:31+00:00\",\"dateModified\":\"2025-09-10T08:17:21+00:00\",\"mainEntityOfPage\":{\"@id\":\"https:\\\/\\\/www.iemj.org\\\/de\\\/erlanger-jules-1830-1895\\\/\"},\"wordCount\":368,\"publisher\":{\"@id\":\"https:\\\/\\\/www.iemj.org\\\/de\\\/#organization\"},\"image\":{\"@id\":\"https:\\\/\\\/www.iemj.org\\\/de\\\/erlanger-jules-1830-1895\\\/#primaryimage\"},\"thumbnailUrl\":\"https:\\\/\\\/www.iemj.org\\\/wp-content\\\/uploads\\\/2019\\\/11\\\/arton4371-e1624978335150.jpg\",\"articleSection\":[\"Biografien\"],\"inLanguage\":\"de\"},{\"@type\":\"WebPage\",\"@id\":\"https:\\\/\\\/www.iemj.org\\\/de\\\/erlanger-jules-1830-1895\\\/\",\"url\":\"https:\\\/\\\/www.iemj.org\\\/de\\\/erlanger-jules-1830-1895\\\/\",\"name\":\"Erlanger, Jules (1830-1895) - Institut Europ\u00e9en des Musiques Juives\",\"isPartOf\":{\"@id\":\"https:\\\/\\\/www.iemj.org\\\/de\\\/#website\"},\"primaryImageOfPage\":{\"@id\":\"https:\\\/\\\/www.iemj.org\\\/de\\\/erlanger-jules-1830-1895\\\/#primaryimage\"},\"image\":{\"@id\":\"https:\\\/\\\/www.iemj.org\\\/de\\\/erlanger-jules-1830-1895\\\/#primaryimage\"},\"thumbnailUrl\":\"https:\\\/\\\/www.iemj.org\\\/wp-content\\\/uploads\\\/2019\\\/11\\\/arton4371-e1624978335150.jpg\",\"datePublished\":\"2019-11-03T10:50:31+00:00\",\"dateModified\":\"2025-09-10T08:17:21+00:00\",\"breadcrumb\":{\"@id\":\"https:\\\/\\\/www.iemj.org\\\/de\\\/erlanger-jules-1830-1895\\\/#breadcrumb\"},\"inLanguage\":\"de\",\"potentialAction\":[{\"@type\":\"ReadAction\",\"target\":[\"https:\\\/\\\/www.iemj.org\\\/de\\\/erlanger-jules-1830-1895\\\/\"]}]},{\"@type\":\"ImageObject\",\"inLanguage\":\"de\",\"@id\":\"https:\\\/\\\/www.iemj.org\\\/de\\\/erlanger-jules-1830-1895\\\/#primaryimage\",\"url\":\"https:\\\/\\\/www.iemj.org\\\/wp-content\\\/uploads\\\/2019\\\/11\\\/arton4371-e1624978335150.jpg\",\"contentUrl\":\"https:\\\/\\\/www.iemj.org\\\/wp-content\\\/uploads\\\/2019\\\/11\\\/arton4371-e1624978335150.jpg\",\"width\":179,\"height\":218},{\"@type\":\"BreadcrumbList\",\"@id\":\"https:\\\/\\\/www.iemj.org\\\/de\\\/erlanger-jules-1830-1895\\\/#breadcrumb\",\"itemListElement\":[{\"@type\":\"ListItem\",\"position\":1,\"name\":\"Accueil\",\"item\":\"https:\\\/\\\/www.iemj.org\\\/de\\\/\"},{\"@type\":\"ListItem\",\"position\":2,\"name\":\"Erlanger, Jules (1830-1895)\"}]},{\"@type\":\"WebSite\",\"@id\":\"https:\\\/\\\/www.iemj.org\\\/de\\\/#website\",\"url\":\"https:\\\/\\\/www.iemj.org\\\/de\\\/\",\"name\":\"Institut Europ\u00e9en des Musiques Juives\",\"description\":\"Des traditions musicales \u00e0 la port\u00e9e de tous\",\"publisher\":{\"@id\":\"https:\\\/\\\/www.iemj.org\\\/de\\\/#organization\"},\"potentialAction\":[{\"@type\":\"SearchAction\",\"target\":{\"@type\":\"EntryPoint\",\"urlTemplate\":\"https:\\\/\\\/www.iemj.org\\\/de\\\/?s={search_term_string}\"},\"query-input\":{\"@type\":\"PropertyValueSpecification\",\"valueRequired\":true,\"valueName\":\"search_term_string\"}}],\"inLanguage\":\"de\"},{\"@type\":\"Organization\",\"@id\":\"https:\\\/\\\/www.iemj.org\\\/de\\\/#organization\",\"name\":\"Institut Europ\u00e9en des Musiques Juives\",\"url\":\"https:\\\/\\\/www.iemj.org\\\/de\\\/\",\"logo\":{\"@type\":\"ImageObject\",\"inLanguage\":\"de\",\"@id\":\"https:\\\/\\\/www.iemj.org\\\/de\\\/#\\\/schema\\\/logo\\\/image\\\/\",\"url\":\"https:\\\/\\\/www.iemj.org\\\/wp-content\\\/uploads\\\/2021\\\/09\\\/Logo-IEMJ-Paypal.jpg\",\"contentUrl\":\"https:\\\/\\\/www.iemj.org\\\/wp-content\\\/uploads\\\/2021\\\/09\\\/Logo-IEMJ-Paypal.jpg\",\"width\":150,\"height\":50,\"caption\":\"Institut Europ\u00e9en des Musiques Juives\"},\"image\":{\"@id\":\"https:\\\/\\\/www.iemj.org\\\/de\\\/#\\\/schema\\\/logo\\\/image\\\/\"},\"sameAs\":[\"https:\\\/\\\/www.facebook.com\\\/MusiquesJuives\\\/\",\"https:\\\/\\\/www.instagram.com\\\/musiquesjuives\\\/\",\"https:\\\/\\\/www.youtube.com\\\/user\\\/musiquesjuives\"]},{\"@type\":\"Person\",\"@id\":\"https:\\\/\\\/www.iemj.org\\\/de\\\/#\\\/schema\\\/person\\\/906134402c29d5c76e7b726261dd4bbd\",\"name\":\"Herv\u00e9 Roten\",\"image\":{\"@type\":\"ImageObject\",\"inLanguage\":\"de\",\"@id\":\"https:\\\/\\\/secure.gravatar.com\\\/avatar\\\/f96ad2db538a26481f18384936b5cd0610c92d390c4dc382209216d455f685ff?s=96&d=mm&r=g\",\"url\":\"https:\\\/\\\/secure.gravatar.com\\\/avatar\\\/f96ad2db538a26481f18384936b5cd0610c92d390c4dc382209216d455f685ff?s=96&d=mm&r=g\",\"contentUrl\":\"https:\\\/\\\/secure.gravatar.com\\\/avatar\\\/f96ad2db538a26481f18384936b5cd0610c92d390c4dc382209216d455f685ff?s=96&d=mm&r=g\",\"caption\":\"Herv\u00e9 Roten\"}}]}<\/script>\n<!-- \/ Yoast SEO plugin. -->","yoast_head_json":{"title":"Erlanger, Jules (1830-1895) - Institut Europ\u00e9en des Musiques Juives","robots":{"index":"index","follow":"follow","max-snippet":"max-snippet:-1","max-image-preview":"max-image-preview:large","max-video-preview":"max-video-preview:-1"},"canonical":"https:\/\/www.iemj.org\/de\/erlanger-jules-1830-1895\/","og_locale":"de_DE","og_type":"article","og_title":"Erlanger, Jules (1830-1895) - Institut Europ\u00e9en des Musiques Juives","og_description":"Jules Erlanger war der Sohn von Isra\u00ebl S\u00fcsskind Erlanger, Rabbiner in Wissembourg, und der Bruder von Michel Erlanger, der im Konsistorium von Paris sa\u00df. Er wurde 1830 in Wissembourg (Bas-Rhin)","og_url":"https:\/\/www.iemj.org\/de\/erlanger-jules-1830-1895\/","og_site_name":"Institut Europ\u00e9en des Musiques Juives","article_publisher":"https:\/\/www.facebook.com\/MusiquesJuives\/","article_published_time":"2019-11-03T10:50:31+00:00","article_modified_time":"2025-09-10T08:17:21+00:00","og_image":[{"width":179,"height":218,"url":"https:\/\/www.iemj.org\/wp-content\/uploads\/2019\/11\/arton4371-e1624978335150.jpg","type":"image\/jpeg"}],"author":"Herv\u00e9 Roten","twitter_card":"summary_large_image","twitter_misc":{"Verfasst von":"Herv\u00e9 Roten","Gesch\u00e4tzte Lesezeit":"3\u00a0Minuten"},"schema":{"@context":"https:\/\/schema.org","@graph":[{"@type":"Article","@id":"https:\/\/www.iemj.org\/de\/erlanger-jules-1830-1895\/#article","isPartOf":{"@id":"https:\/\/www.iemj.org\/de\/erlanger-jules-1830-1895\/"},"author":{"name":"Herv\u00e9 Roten","@id":"https:\/\/www.iemj.org\/de\/#\/schema\/person\/906134402c29d5c76e7b726261dd4bbd"},"headline":"Erlanger, Jules (1830-1895)","datePublished":"2019-11-03T10:50:31+00:00","dateModified":"2025-09-10T08:17:21+00:00","mainEntityOfPage":{"@id":"https:\/\/www.iemj.org\/de\/erlanger-jules-1830-1895\/"},"wordCount":368,"publisher":{"@id":"https:\/\/www.iemj.org\/de\/#organization"},"image":{"@id":"https:\/\/www.iemj.org\/de\/erlanger-jules-1830-1895\/#primaryimage"},"thumbnailUrl":"https:\/\/www.iemj.org\/wp-content\/uploads\/2019\/11\/arton4371-e1624978335150.jpg","articleSection":["Biografien"],"inLanguage":"de"},{"@type":"WebPage","@id":"https:\/\/www.iemj.org\/de\/erlanger-jules-1830-1895\/","url":"https:\/\/www.iemj.org\/de\/erlanger-jules-1830-1895\/","name":"Erlanger, Jules (1830-1895) - Institut Europ\u00e9en des Musiques Juives","isPartOf":{"@id":"https:\/\/www.iemj.org\/de\/#website"},"primaryImageOfPage":{"@id":"https:\/\/www.iemj.org\/de\/erlanger-jules-1830-1895\/#primaryimage"},"image":{"@id":"https:\/\/www.iemj.org\/de\/erlanger-jules-1830-1895\/#primaryimage"},"thumbnailUrl":"https:\/\/www.iemj.org\/wp-content\/uploads\/2019\/11\/arton4371-e1624978335150.jpg","datePublished":"2019-11-03T10:50:31+00:00","dateModified":"2025-09-10T08:17:21+00:00","breadcrumb":{"@id":"https:\/\/www.iemj.org\/de\/erlanger-jules-1830-1895\/#breadcrumb"},"inLanguage":"de","potentialAction":[{"@type":"ReadAction","target":["https:\/\/www.iemj.org\/de\/erlanger-jules-1830-1895\/"]}]},{"@type":"ImageObject","inLanguage":"de","@id":"https:\/\/www.iemj.org\/de\/erlanger-jules-1830-1895\/#primaryimage","url":"https:\/\/www.iemj.org\/wp-content\/uploads\/2019\/11\/arton4371-e1624978335150.jpg","contentUrl":"https:\/\/www.iemj.org\/wp-content\/uploads\/2019\/11\/arton4371-e1624978335150.jpg","width":179,"height":218},{"@type":"BreadcrumbList","@id":"https:\/\/www.iemj.org\/de\/erlanger-jules-1830-1895\/#breadcrumb","itemListElement":[{"@type":"ListItem","position":1,"name":"Accueil","item":"https:\/\/www.iemj.org\/de\/"},{"@type":"ListItem","position":2,"name":"Erlanger, Jules (1830-1895)"}]},{"@type":"WebSite","@id":"https:\/\/www.iemj.org\/de\/#website","url":"https:\/\/www.iemj.org\/de\/","name":"Institut Europ\u00e9en des Musiques Juives","description":"Des traditions musicales \u00e0 la port\u00e9e de tous","publisher":{"@id":"https:\/\/www.iemj.org\/de\/#organization"},"potentialAction":[{"@type":"SearchAction","target":{"@type":"EntryPoint","urlTemplate":"https:\/\/www.iemj.org\/de\/?s={search_term_string}"},"query-input":{"@type":"PropertyValueSpecification","valueRequired":true,"valueName":"search_term_string"}}],"inLanguage":"de"},{"@type":"Organization","@id":"https:\/\/www.iemj.org\/de\/#organization","name":"Institut Europ\u00e9en des Musiques Juives","url":"https:\/\/www.iemj.org\/de\/","logo":{"@type":"ImageObject","inLanguage":"de","@id":"https:\/\/www.iemj.org\/de\/#\/schema\/logo\/image\/","url":"https:\/\/www.iemj.org\/wp-content\/uploads\/2021\/09\/Logo-IEMJ-Paypal.jpg","contentUrl":"https:\/\/www.iemj.org\/wp-content\/uploads\/2021\/09\/Logo-IEMJ-Paypal.jpg","width":150,"height":50,"caption":"Institut Europ\u00e9en des Musiques Juives"},"image":{"@id":"https:\/\/www.iemj.org\/de\/#\/schema\/logo\/image\/"},"sameAs":["https:\/\/www.facebook.com\/MusiquesJuives\/","https:\/\/www.instagram.com\/musiquesjuives\/","https:\/\/www.youtube.com\/user\/musiquesjuives"]},{"@type":"Person","@id":"https:\/\/www.iemj.org\/de\/#\/schema\/person\/906134402c29d5c76e7b726261dd4bbd","name":"Herv\u00e9 Roten","image":{"@type":"ImageObject","inLanguage":"de","@id":"https:\/\/secure.gravatar.com\/avatar\/f96ad2db538a26481f18384936b5cd0610c92d390c4dc382209216d455f685ff?s=96&d=mm&r=g","url":"https:\/\/secure.gravatar.com\/avatar\/f96ad2db538a26481f18384936b5cd0610c92d390c4dc382209216d455f685ff?s=96&d=mm&r=g","contentUrl":"https:\/\/secure.gravatar.com\/avatar\/f96ad2db538a26481f18384936b5cd0610c92d390c4dc382209216d455f685ff?s=96&d=mm&r=g","caption":"Herv\u00e9 Roten"}}]}},"_links":{"self":[{"href":"https:\/\/www.iemj.org\/de\/wp-json\/wp\/v2\/posts\/87970","targetHints":{"allow":["GET"]}}],"collection":[{"href":"https:\/\/www.iemj.org\/de\/wp-json\/wp\/v2\/posts"}],"about":[{"href":"https:\/\/www.iemj.org\/de\/wp-json\/wp\/v2\/types\/post"}],"author":[{"embeddable":true,"href":"https:\/\/www.iemj.org\/de\/wp-json\/wp\/v2\/users\/1045"}],"replies":[{"embeddable":true,"href":"https:\/\/www.iemj.org\/de\/wp-json\/wp\/v2\/comments?post=87970"}],"version-history":[{"count":0,"href":"https:\/\/www.iemj.org\/de\/wp-json\/wp\/v2\/posts\/87970\/revisions"}],"wp:featuredmedia":[{"embeddable":true,"href":"https:\/\/www.iemj.org\/de\/wp-json\/wp\/v2\/media\/51706"}],"wp:attachment":[{"href":"https:\/\/www.iemj.org\/de\/wp-json\/wp\/v2\/media?parent=87970"}],"wp:term":[{"taxonomy":"category","embeddable":true,"href":"https:\/\/www.iemj.org\/de\/wp-json\/wp\/v2\/categories?post=87970"},{"taxonomy":"post_tag","embeddable":true,"href":"https:\/\/www.iemj.org\/de\/wp-json\/wp\/v2\/tags?post=87970"},{"taxonomy":"technique","embeddable":true,"href":"https:\/\/www.iemj.org\/de\/wp-json\/wp\/v2\/technique?post=87970"},{"taxonomy":"squelettes","embeddable":true,"href":"https:\/\/www.iemj.org\/de\/wp-json\/wp\/v2\/squelettes?post=87970"},{"taxonomy":"sujet","embeddable":true,"href":"https:\/\/www.iemj.org\/de\/wp-json\/wp\/v2\/sujet?post=87970"},{"taxonomy":"formation","embeddable":true,"href":"https:\/\/www.iemj.org\/de\/wp-json\/wp\/v2\/formation?post=87970"},{"taxonomy":"genre","embeddable":true,"href":"https:\/\/www.iemj.org\/de\/wp-json\/wp\/v2\/genre?post=87970"},{"taxonomy":"fonds","embeddable":true,"href":"https:\/\/www.iemj.org\/de\/wp-json\/wp\/v2\/fonds?post=87970"},{"taxonomy":"tradition","embeddable":true,"href":"https:\/\/www.iemj.org\/de\/wp-json\/wp\/v2\/tradition?post=87970"},{"taxonomy":"type-de-contenu","embeddable":true,"href":"https:\/\/www.iemj.org\/de\/wp-json\/wp\/v2\/type-de-contenu?post=87970"},{"taxonomy":"interprete-compositeur","embeddable":true,"href":"https:\/\/www.iemj.org\/de\/wp-json\/wp\/v2\/interprete-compositeur?post=87970"},{"taxonomy":"frise","embeddable":true,"href":"https:\/\/www.iemj.org\/de\/wp-json\/wp\/v2\/frise?post=87970"},{"taxonomy":"type-devenement","embeddable":true,"href":"https:\/\/www.iemj.org\/de\/wp-json\/wp\/v2\/type-devenement?post=87970"},{"taxonomy":"tableaux-liens-externes","embeddable":true,"href":"https:\/\/www.iemj.org\/de\/wp-json\/wp\/v2\/tableaux-liens-externes?post=87970"}],"curies":[{"name":"wp","href":"https:\/\/api.w.org\/{rel}","templated":true}]}}