{"id":88022,"date":"2017-04-26T17:13:45","date_gmt":"2017-04-26T15:13:45","guid":{"rendered":"https:\/\/www.iemj.org\/villers-alphonse-de-vers-1845-apres-1896\/"},"modified":"2022-09-27T17:21:42","modified_gmt":"2022-09-27T15:21:42","slug":"villers-alphonse-de-vers-1845-apres-1896","status":"publish","type":"post","link":"https:\/\/www.iemj.org\/de\/villers-alphonse-de-vers-1845-apres-1896\/","title":{"rendered":"Villers, Alphonse de (Um 1845-Nach 1896)"},"content":{"rendered":"<p>\u00dcber das Leben von Alphonse de Villers ist so gut wie nichts bekannt. Sein Name wird mehrfach in den Archiven des israelitischen Konsistoriums von Paris erw\u00e4hnt. Es scheint, dass er um 1845 geboren wurde. Er war Organist, aber auch Komponist. Seine ersten Werke &#8211; <em>Chant triomphal, Op.2<\/em> et <em>Gavotte, Op.3<\/em> &#8211; wurden 1869 bei den \u00c9ditions Hartmann ver\u00f6ffentlicht.<\/p>\n<p>1859 (er w\u00e4re erst 14-15 Jahre alt!) bekam er die Stelle als Organist in der portugiesischen Synagoge in der Stra\u00dfe Lamartine. 1872 ver\u00f6ffentlichte er eine Musiksammlung mit dem Titel <em>Recueil des chants traditionnels &amp; lithurgiques composant les offices h\u00e9bra\u00efques du rite oriental (Sammlung der traditionellen &amp; liturgischen Ges\u00e4nge, die die hebr\u00e4ischen Gottesdienste des orientalischen Ritus bilden)<\/em>, in der er den Gottesdienst am Freitagabend und am Vorabend der Feste in den portugiesischen Ritus transkribierte. Die Einleitung seiner Sammlung unterzeichnete er mit seinem Namen und f\u00fcgte den Zusatz <em>Ani lo-y\u00e9houdi<\/em> (\u201eIch bin kein Jude\u201c) hinzu. In dieser Eigenschaft erhielt er 1874 die Stelle als Organist der Synagoge in der Stra\u00dfe de la Victoire. Sein Kollege Ernest Cahen, Organist am Tempel in der Stra\u00dfe Notre Dame de Nazareth, unterst\u00fctzte ihn bei den Hochzeiten.<\/p>\n<p>In einem Text seiner Memoiren vom 26. November 1895 brachte Alphonse de Villers seine Frustration dar\u00fcber zum Ausdruck, dass er 36 Jahre lang den israelitischen Tempeln gedient hatte und dabei unterbezahlt war. Er betonte die Tatsache, dass er 1893 die Aufgaben seines verstorbenen Kollegen vom Tempel Notre Dame de Nazareth, Ernest Cahen, \u00fcbernehmen musste, ohne eine wirkliche Erh\u00f6hung seiner Bez\u00fcge zu erleben. Alphonse de Villers schloss sein Schreiben mit den Worten: \u201eIch habe mit fast 50 Jahren noch nicht die intime Befriedigung erfahren, die ein ehrlicher Mann empfinden muss, der von seiner Arbeit lebt&#8230;\u201c.<\/p>\n<p>Das Datum und der Ort seines Todes sind uns bis heute unbekannt.<\/p>\n<p><a href=\"http:\/\/www.rachelnet.net\/F\/?func=find-c&amp;ccl_term=WRD+%3D+Alphonse+de+Villers&amp;local_base=iemcg\" target=\"_blank\" rel=\"noopener\">Sehen Sie sich unser zu Alphonse de Villers an<\/a><\/p>\n","protected":false},"excerpt":{"rendered":"<p>\u00dcber das Leben von Alphonse de Villers ist so gut wie nichts bekannt. Sein Name wird mehrfach in den Archiven des israelitischen Konsistoriums von Paris erw\u00e4hnt. Es scheint, dass er<\/p>\n","protected":false},"author":5,"featured_media":88023,"comment_status":"closed","ping_status":"open","sticky":false,"template":"","format":"standard","meta":{"_acf_changed":false,"footnotes":""},"categories":[1415],"tags":[],"technique":[],"squelettes":[],"sujet":[],"formation":[],"genre":[],"fonds":[],"tradition":[],"type-de-contenu":[],"interprete-compositeur":[],"frise":[],"type-devenement":[],"tableaux-liens-externes":[],"class_list":["post-88022","post","type-post","status-publish","format-standard","has-post-thumbnail","hentry","category-biografien-de"],"acf":[],"yoast_head":"<!-- This site is optimized with the Yoast SEO plugin v27.3 - https:\/\/yoast.com\/product\/yoast-seo-wordpress\/ -->\n<title>Villers, Alphonse de (Um 1845-Nach 1896) - Institut Europ\u00e9en des Musiques Juives<\/title>\n<meta name=\"robots\" content=\"index, follow, max-snippet:-1, max-image-preview:large, max-video-preview:-1\" \/>\n<link rel=\"canonical\" href=\"https:\/\/www.iemj.org\/de\/villers-alphonse-de-vers-1845-apres-1896\/\" \/>\n<meta property=\"og:locale\" content=\"de_DE\" \/>\n<meta property=\"og:type\" content=\"article\" \/>\n<meta property=\"og:title\" content=\"Villers, Alphonse de (Um 1845-Nach 1896) - Institut Europ\u00e9en des Musiques Juives\" \/>\n<meta property=\"og:description\" content=\"\u00dcber das Leben von Alphonse de Villers ist so gut wie nichts bekannt. Sein Name wird mehrfach in den Archiven des israelitischen Konsistoriums von Paris erw\u00e4hnt. Es scheint, dass er\" \/>\n<meta property=\"og:url\" content=\"https:\/\/www.iemj.org\/de\/villers-alphonse-de-vers-1845-apres-1896\/\" \/>\n<meta property=\"og:site_name\" content=\"Institut Europ\u00e9en des Musiques Juives\" \/>\n<meta property=\"article:publisher\" content=\"https:\/\/www.facebook.com\/MusiquesJuives\/\" \/>\n<meta property=\"article:published_time\" content=\"2017-04-26T15:13:45+00:00\" \/>\n<meta property=\"article:modified_time\" content=\"2022-09-27T15:21:42+00:00\" \/>\n<meta property=\"og:image\" content=\"https:\/\/www.iemj.org\/wp-content\/uploads\/2017\/04\/arton2261-e1617024969992.jpg\" \/>\n\t<meta property=\"og:image:width\" content=\"139\" \/>\n\t<meta property=\"og:image:height\" content=\"218\" \/>\n\t<meta property=\"og:image:type\" content=\"image\/jpeg\" \/>\n<meta name=\"author\" content=\"Jacqueline ROTEN\" \/>\n<meta name=\"twitter:card\" content=\"summary_large_image\" \/>\n<meta name=\"twitter:label1\" content=\"Verfasst von\" \/>\n\t<meta name=\"twitter:data1\" content=\"Jacqueline ROTEN\" \/>\n\t<meta name=\"twitter:label2\" content=\"Gesch\u00e4tzte Lesezeit\" \/>\n\t<meta name=\"twitter:data2\" content=\"2\u00a0Minuten\" \/>\n<script type=\"application\/ld+json\" class=\"yoast-schema-graph\">{\"@context\":\"https:\\\/\\\/schema.org\",\"@graph\":[{\"@type\":\"Article\",\"@id\":\"https:\\\/\\\/www.iemj.org\\\/de\\\/villers-alphonse-de-vers-1845-apres-1896\\\/#article\",\"isPartOf\":{\"@id\":\"https:\\\/\\\/www.iemj.org\\\/de\\\/villers-alphonse-de-vers-1845-apres-1896\\\/\"},\"author\":{\"name\":\"Jacqueline ROTEN\",\"@id\":\"https:\\\/\\\/www.iemj.org\\\/de\\\/#\\\/schema\\\/person\\\/358e26c18aca017fcc4cc15437f7279c\"},\"headline\":\"Villers, Alphonse de (Um 1845-Nach 1896)\",\"datePublished\":\"2017-04-26T15:13:45+00:00\",\"dateModified\":\"2022-09-27T15:21:42+00:00\",\"mainEntityOfPage\":{\"@id\":\"https:\\\/\\\/www.iemj.org\\\/de\\\/villers-alphonse-de-vers-1845-apres-1896\\\/\"},\"wordCount\":315,\"publisher\":{\"@id\":\"https:\\\/\\\/www.iemj.org\\\/de\\\/#organization\"},\"image\":{\"@id\":\"https:\\\/\\\/www.iemj.org\\\/de\\\/villers-alphonse-de-vers-1845-apres-1896\\\/#primaryimage\"},\"thumbnailUrl\":\"https:\\\/\\\/www.iemj.org\\\/wp-content\\\/uploads\\\/2017\\\/04\\\/arton2261-e1617024969992.jpg\",\"articleSection\":[\"Biografien\"],\"inLanguage\":\"de\"},{\"@type\":\"WebPage\",\"@id\":\"https:\\\/\\\/www.iemj.org\\\/de\\\/villers-alphonse-de-vers-1845-apres-1896\\\/\",\"url\":\"https:\\\/\\\/www.iemj.org\\\/de\\\/villers-alphonse-de-vers-1845-apres-1896\\\/\",\"name\":\"Villers, Alphonse de (Um 1845-Nach 1896) - Institut Europ\u00e9en des Musiques Juives\",\"isPartOf\":{\"@id\":\"https:\\\/\\\/www.iemj.org\\\/de\\\/#website\"},\"primaryImageOfPage\":{\"@id\":\"https:\\\/\\\/www.iemj.org\\\/de\\\/villers-alphonse-de-vers-1845-apres-1896\\\/#primaryimage\"},\"image\":{\"@id\":\"https:\\\/\\\/www.iemj.org\\\/de\\\/villers-alphonse-de-vers-1845-apres-1896\\\/#primaryimage\"},\"thumbnailUrl\":\"https:\\\/\\\/www.iemj.org\\\/wp-content\\\/uploads\\\/2017\\\/04\\\/arton2261-e1617024969992.jpg\",\"datePublished\":\"2017-04-26T15:13:45+00:00\",\"dateModified\":\"2022-09-27T15:21:42+00:00\",\"breadcrumb\":{\"@id\":\"https:\\\/\\\/www.iemj.org\\\/de\\\/villers-alphonse-de-vers-1845-apres-1896\\\/#breadcrumb\"},\"inLanguage\":\"de\",\"potentialAction\":[{\"@type\":\"ReadAction\",\"target\":[\"https:\\\/\\\/www.iemj.org\\\/de\\\/villers-alphonse-de-vers-1845-apres-1896\\\/\"]}]},{\"@type\":\"ImageObject\",\"inLanguage\":\"de\",\"@id\":\"https:\\\/\\\/www.iemj.org\\\/de\\\/villers-alphonse-de-vers-1845-apres-1896\\\/#primaryimage\",\"url\":\"https:\\\/\\\/www.iemj.org\\\/wp-content\\\/uploads\\\/2017\\\/04\\\/arton2261-e1617024969992.jpg\",\"contentUrl\":\"https:\\\/\\\/www.iemj.org\\\/wp-content\\\/uploads\\\/2017\\\/04\\\/arton2261-e1617024969992.jpg\",\"width\":139,\"height\":218},{\"@type\":\"BreadcrumbList\",\"@id\":\"https:\\\/\\\/www.iemj.org\\\/de\\\/villers-alphonse-de-vers-1845-apres-1896\\\/#breadcrumb\",\"itemListElement\":[{\"@type\":\"ListItem\",\"position\":1,\"name\":\"Accueil\",\"item\":\"https:\\\/\\\/www.iemj.org\\\/de\\\/\"},{\"@type\":\"ListItem\",\"position\":2,\"name\":\"Villers, Alphonse de (Um 1845-Nach 1896)\"}]},{\"@type\":\"WebSite\",\"@id\":\"https:\\\/\\\/www.iemj.org\\\/de\\\/#website\",\"url\":\"https:\\\/\\\/www.iemj.org\\\/de\\\/\",\"name\":\"Institut Europ\u00e9en des Musiques Juives\",\"description\":\"Des traditions musicales \u00e0 la port\u00e9e de tous\",\"publisher\":{\"@id\":\"https:\\\/\\\/www.iemj.org\\\/de\\\/#organization\"},\"potentialAction\":[{\"@type\":\"SearchAction\",\"target\":{\"@type\":\"EntryPoint\",\"urlTemplate\":\"https:\\\/\\\/www.iemj.org\\\/de\\\/?s={search_term_string}\"},\"query-input\":{\"@type\":\"PropertyValueSpecification\",\"valueRequired\":true,\"valueName\":\"search_term_string\"}}],\"inLanguage\":\"de\"},{\"@type\":\"Organization\",\"@id\":\"https:\\\/\\\/www.iemj.org\\\/de\\\/#organization\",\"name\":\"Institut Europ\u00e9en des Musiques Juives\",\"url\":\"https:\\\/\\\/www.iemj.org\\\/de\\\/\",\"logo\":{\"@type\":\"ImageObject\",\"inLanguage\":\"de\",\"@id\":\"https:\\\/\\\/www.iemj.org\\\/de\\\/#\\\/schema\\\/logo\\\/image\\\/\",\"url\":\"https:\\\/\\\/www.iemj.org\\\/wp-content\\\/uploads\\\/2021\\\/09\\\/Logo-IEMJ-Paypal.jpg\",\"contentUrl\":\"https:\\\/\\\/www.iemj.org\\\/wp-content\\\/uploads\\\/2021\\\/09\\\/Logo-IEMJ-Paypal.jpg\",\"width\":150,\"height\":50,\"caption\":\"Institut Europ\u00e9en des Musiques Juives\"},\"image\":{\"@id\":\"https:\\\/\\\/www.iemj.org\\\/de\\\/#\\\/schema\\\/logo\\\/image\\\/\"},\"sameAs\":[\"https:\\\/\\\/www.facebook.com\\\/MusiquesJuives\\\/\",\"https:\\\/\\\/www.instagram.com\\\/musiquesjuives\\\/\",\"https:\\\/\\\/www.youtube.com\\\/user\\\/musiquesjuives\"]},{\"@type\":\"Person\",\"@id\":\"https:\\\/\\\/www.iemj.org\\\/de\\\/#\\\/schema\\\/person\\\/358e26c18aca017fcc4cc15437f7279c\",\"name\":\"Jacqueline ROTEN\",\"image\":{\"@type\":\"ImageObject\",\"inLanguage\":\"de\",\"@id\":\"https:\\\/\\\/secure.gravatar.com\\\/avatar\\\/5964256d6c6957de3a3505278957e0fb2a35119ac47ea41827a65301213c810b?s=96&d=mm&r=g\",\"url\":\"https:\\\/\\\/secure.gravatar.com\\\/avatar\\\/5964256d6c6957de3a3505278957e0fb2a35119ac47ea41827a65301213c810b?s=96&d=mm&r=g\",\"contentUrl\":\"https:\\\/\\\/secure.gravatar.com\\\/avatar\\\/5964256d6c6957de3a3505278957e0fb2a35119ac47ea41827a65301213c810b?s=96&d=mm&r=g\",\"caption\":\"Jacqueline ROTEN\"}}]}<\/script>\n<!-- \/ Yoast SEO plugin. -->","yoast_head_json":{"title":"Villers, Alphonse de (Um 1845-Nach 1896) - Institut Europ\u00e9en des Musiques Juives","robots":{"index":"index","follow":"follow","max-snippet":"max-snippet:-1","max-image-preview":"max-image-preview:large","max-video-preview":"max-video-preview:-1"},"canonical":"https:\/\/www.iemj.org\/de\/villers-alphonse-de-vers-1845-apres-1896\/","og_locale":"de_DE","og_type":"article","og_title":"Villers, Alphonse de (Um 1845-Nach 1896) - Institut Europ\u00e9en des Musiques Juives","og_description":"\u00dcber das Leben von Alphonse de Villers ist so gut wie nichts bekannt. Sein Name wird mehrfach in den Archiven des israelitischen Konsistoriums von Paris erw\u00e4hnt. Es scheint, dass er","og_url":"https:\/\/www.iemj.org\/de\/villers-alphonse-de-vers-1845-apres-1896\/","og_site_name":"Institut Europ\u00e9en des Musiques Juives","article_publisher":"https:\/\/www.facebook.com\/MusiquesJuives\/","article_published_time":"2017-04-26T15:13:45+00:00","article_modified_time":"2022-09-27T15:21:42+00:00","og_image":[{"width":139,"height":218,"url":"https:\/\/www.iemj.org\/wp-content\/uploads\/2017\/04\/arton2261-e1617024969992.jpg","type":"image\/jpeg"}],"author":"Jacqueline ROTEN","twitter_card":"summary_large_image","twitter_misc":{"Verfasst von":"Jacqueline ROTEN","Gesch\u00e4tzte Lesezeit":"2\u00a0Minuten"},"schema":{"@context":"https:\/\/schema.org","@graph":[{"@type":"Article","@id":"https:\/\/www.iemj.org\/de\/villers-alphonse-de-vers-1845-apres-1896\/#article","isPartOf":{"@id":"https:\/\/www.iemj.org\/de\/villers-alphonse-de-vers-1845-apres-1896\/"},"author":{"name":"Jacqueline ROTEN","@id":"https:\/\/www.iemj.org\/de\/#\/schema\/person\/358e26c18aca017fcc4cc15437f7279c"},"headline":"Villers, Alphonse de (Um 1845-Nach 1896)","datePublished":"2017-04-26T15:13:45+00:00","dateModified":"2022-09-27T15:21:42+00:00","mainEntityOfPage":{"@id":"https:\/\/www.iemj.org\/de\/villers-alphonse-de-vers-1845-apres-1896\/"},"wordCount":315,"publisher":{"@id":"https:\/\/www.iemj.org\/de\/#organization"},"image":{"@id":"https:\/\/www.iemj.org\/de\/villers-alphonse-de-vers-1845-apres-1896\/#primaryimage"},"thumbnailUrl":"https:\/\/www.iemj.org\/wp-content\/uploads\/2017\/04\/arton2261-e1617024969992.jpg","articleSection":["Biografien"],"inLanguage":"de"},{"@type":"WebPage","@id":"https:\/\/www.iemj.org\/de\/villers-alphonse-de-vers-1845-apres-1896\/","url":"https:\/\/www.iemj.org\/de\/villers-alphonse-de-vers-1845-apres-1896\/","name":"Villers, Alphonse de (Um 1845-Nach 1896) - Institut Europ\u00e9en des Musiques Juives","isPartOf":{"@id":"https:\/\/www.iemj.org\/de\/#website"},"primaryImageOfPage":{"@id":"https:\/\/www.iemj.org\/de\/villers-alphonse-de-vers-1845-apres-1896\/#primaryimage"},"image":{"@id":"https:\/\/www.iemj.org\/de\/villers-alphonse-de-vers-1845-apres-1896\/#primaryimage"},"thumbnailUrl":"https:\/\/www.iemj.org\/wp-content\/uploads\/2017\/04\/arton2261-e1617024969992.jpg","datePublished":"2017-04-26T15:13:45+00:00","dateModified":"2022-09-27T15:21:42+00:00","breadcrumb":{"@id":"https:\/\/www.iemj.org\/de\/villers-alphonse-de-vers-1845-apres-1896\/#breadcrumb"},"inLanguage":"de","potentialAction":[{"@type":"ReadAction","target":["https:\/\/www.iemj.org\/de\/villers-alphonse-de-vers-1845-apres-1896\/"]}]},{"@type":"ImageObject","inLanguage":"de","@id":"https:\/\/www.iemj.org\/de\/villers-alphonse-de-vers-1845-apres-1896\/#primaryimage","url":"https:\/\/www.iemj.org\/wp-content\/uploads\/2017\/04\/arton2261-e1617024969992.jpg","contentUrl":"https:\/\/www.iemj.org\/wp-content\/uploads\/2017\/04\/arton2261-e1617024969992.jpg","width":139,"height":218},{"@type":"BreadcrumbList","@id":"https:\/\/www.iemj.org\/de\/villers-alphonse-de-vers-1845-apres-1896\/#breadcrumb","itemListElement":[{"@type":"ListItem","position":1,"name":"Accueil","item":"https:\/\/www.iemj.org\/de\/"},{"@type":"ListItem","position":2,"name":"Villers, Alphonse de (Um 1845-Nach 1896)"}]},{"@type":"WebSite","@id":"https:\/\/www.iemj.org\/de\/#website","url":"https:\/\/www.iemj.org\/de\/","name":"Institut Europ\u00e9en des Musiques Juives","description":"Des traditions musicales \u00e0 la port\u00e9e de tous","publisher":{"@id":"https:\/\/www.iemj.org\/de\/#organization"},"potentialAction":[{"@type":"SearchAction","target":{"@type":"EntryPoint","urlTemplate":"https:\/\/www.iemj.org\/de\/?s={search_term_string}"},"query-input":{"@type":"PropertyValueSpecification","valueRequired":true,"valueName":"search_term_string"}}],"inLanguage":"de"},{"@type":"Organization","@id":"https:\/\/www.iemj.org\/de\/#organization","name":"Institut Europ\u00e9en des Musiques Juives","url":"https:\/\/www.iemj.org\/de\/","logo":{"@type":"ImageObject","inLanguage":"de","@id":"https:\/\/www.iemj.org\/de\/#\/schema\/logo\/image\/","url":"https:\/\/www.iemj.org\/wp-content\/uploads\/2021\/09\/Logo-IEMJ-Paypal.jpg","contentUrl":"https:\/\/www.iemj.org\/wp-content\/uploads\/2021\/09\/Logo-IEMJ-Paypal.jpg","width":150,"height":50,"caption":"Institut Europ\u00e9en des Musiques Juives"},"image":{"@id":"https:\/\/www.iemj.org\/de\/#\/schema\/logo\/image\/"},"sameAs":["https:\/\/www.facebook.com\/MusiquesJuives\/","https:\/\/www.instagram.com\/musiquesjuives\/","https:\/\/www.youtube.com\/user\/musiquesjuives"]},{"@type":"Person","@id":"https:\/\/www.iemj.org\/de\/#\/schema\/person\/358e26c18aca017fcc4cc15437f7279c","name":"Jacqueline ROTEN","image":{"@type":"ImageObject","inLanguage":"de","@id":"https:\/\/secure.gravatar.com\/avatar\/5964256d6c6957de3a3505278957e0fb2a35119ac47ea41827a65301213c810b?s=96&d=mm&r=g","url":"https:\/\/secure.gravatar.com\/avatar\/5964256d6c6957de3a3505278957e0fb2a35119ac47ea41827a65301213c810b?s=96&d=mm&r=g","contentUrl":"https:\/\/secure.gravatar.com\/avatar\/5964256d6c6957de3a3505278957e0fb2a35119ac47ea41827a65301213c810b?s=96&d=mm&r=g","caption":"Jacqueline ROTEN"}}]}},"_links":{"self":[{"href":"https:\/\/www.iemj.org\/de\/wp-json\/wp\/v2\/posts\/88022","targetHints":{"allow":["GET"]}}],"collection":[{"href":"https:\/\/www.iemj.org\/de\/wp-json\/wp\/v2\/posts"}],"about":[{"href":"https:\/\/www.iemj.org\/de\/wp-json\/wp\/v2\/types\/post"}],"author":[{"embeddable":true,"href":"https:\/\/www.iemj.org\/de\/wp-json\/wp\/v2\/users\/5"}],"replies":[{"embeddable":true,"href":"https:\/\/www.iemj.org\/de\/wp-json\/wp\/v2\/comments?post=88022"}],"version-history":[{"count":0,"href":"https:\/\/www.iemj.org\/de\/wp-json\/wp\/v2\/posts\/88022\/revisions"}],"wp:featuredmedia":[{"embeddable":true,"href":"https:\/\/www.iemj.org\/de\/wp-json\/wp\/v2\/media\/88023"}],"wp:attachment":[{"href":"https:\/\/www.iemj.org\/de\/wp-json\/wp\/v2\/media?parent=88022"}],"wp:term":[{"taxonomy":"category","embeddable":true,"href":"https:\/\/www.iemj.org\/de\/wp-json\/wp\/v2\/categories?post=88022"},{"taxonomy":"post_tag","embeddable":true,"href":"https:\/\/www.iemj.org\/de\/wp-json\/wp\/v2\/tags?post=88022"},{"taxonomy":"technique","embeddable":true,"href":"https:\/\/www.iemj.org\/de\/wp-json\/wp\/v2\/technique?post=88022"},{"taxonomy":"squelettes","embeddable":true,"href":"https:\/\/www.iemj.org\/de\/wp-json\/wp\/v2\/squelettes?post=88022"},{"taxonomy":"sujet","embeddable":true,"href":"https:\/\/www.iemj.org\/de\/wp-json\/wp\/v2\/sujet?post=88022"},{"taxonomy":"formation","embeddable":true,"href":"https:\/\/www.iemj.org\/de\/wp-json\/wp\/v2\/formation?post=88022"},{"taxonomy":"genre","embeddable":true,"href":"https:\/\/www.iemj.org\/de\/wp-json\/wp\/v2\/genre?post=88022"},{"taxonomy":"fonds","embeddable":true,"href":"https:\/\/www.iemj.org\/de\/wp-json\/wp\/v2\/fonds?post=88022"},{"taxonomy":"tradition","embeddable":true,"href":"https:\/\/www.iemj.org\/de\/wp-json\/wp\/v2\/tradition?post=88022"},{"taxonomy":"type-de-contenu","embeddable":true,"href":"https:\/\/www.iemj.org\/de\/wp-json\/wp\/v2\/type-de-contenu?post=88022"},{"taxonomy":"interprete-compositeur","embeddable":true,"href":"https:\/\/www.iemj.org\/de\/wp-json\/wp\/v2\/interprete-compositeur?post=88022"},{"taxonomy":"frise","embeddable":true,"href":"https:\/\/www.iemj.org\/de\/wp-json\/wp\/v2\/frise?post=88022"},{"taxonomy":"type-devenement","embeddable":true,"href":"https:\/\/www.iemj.org\/de\/wp-json\/wp\/v2\/type-devenement?post=88022"},{"taxonomy":"tableaux-liens-externes","embeddable":true,"href":"https:\/\/www.iemj.org\/de\/wp-json\/wp\/v2\/tableaux-liens-externes?post=88022"}],"curies":[{"name":"wp","href":"https:\/\/api.w.org\/{rel}","templated":true}]}}