{"id":88031,"date":"2017-04-26T17:05:24","date_gmt":"2017-04-26T15:05:24","guid":{"rendered":"https:\/\/www.iemj.org\/franck-jules-1858-1941\/"},"modified":"2022-09-27T16:10:51","modified_gmt":"2022-09-27T14:10:51","slug":"franck-jules-1858-1941","status":"publish","type":"post","link":"https:\/\/www.iemj.org\/de\/franck-jules-1858-1941\/","title":{"rendered":"Franck, Jules (1858-1941)"},"content":{"rendered":"<p>Jules Franck wurde 1858 in Nancy geboren. Einige Jahre sp\u00e4ter lie\u00df sich die Familie Franck in Paris nieder <strong>(1)<\/strong>. Im Januar 1873 sang Jules Franck mit seinen Br\u00fcdern Gustave und Isaac im Chor der Synagoge Notre Dame de Nazareth, der von Samuel David geleitet wurde. 1874 f\u00fchrte er verschiedene Kopierarbeiten von synagogalen Manuskripten durch, um das musikalische Repertoire des zuk\u00fcnftigen Tempels in der Stra\u00dfe de la Victoire vorzubereiten. Im Juni 1889 heiratete er die Pianistin Cl\u00e9mence Braun, die ihrerseits eine Schwester von H\u00e9l\u00e8ne Zadoc-Kahn, der Schwiegertochter des Oberrabbiners von Frankreich, war.<\/p>\n<p>Auf seiner Heiratsurkunde wurde er als \u201eHarfenist an der Pariser Oper\u201c erw\u00e4hnt. 1890 erhielt Jules Franck auf Empfehlung von Samuel David, der damals Musikdirektor der Konsistorialtempel war, die Stelle als Leiter des Chors des Tempels in der Stra\u00dfe Notre Dame de Nazareth.<\/p>\n<p>Nach dem Tod seines Lehrers Samuel David am 3. Oktober 1895 wurde Jules Franck zum Musikdirektor der Konsistorialtempel und zum Chorleiter des Victoire-Tempels ernannt. Er war zu diesem Zeitpunkt erst 37 Jahre alt und trug die Verantwortung f\u00fcr das Personal der Victoire (die Kantoren Adolphe Beer und Salomon Heymann, der Orgelspieler <a href=\"https:\/\/www.iemj.org\/de\/villers-alphonse-de-vers-1845-apres-1896\/\" target=\"_blank\" rel=\"noopener\">Alphonse de Villers<\/a>, 8 Chors\u00e4nger und 28 Ministranten), der Notre Dame de Nazareth (die Kantoren Nathaniel Durlacher und Alphonse Th\u00e9odore, der Chorleiter Stern, der Orgelspieler Pilard, 6 Chors\u00e4nger und 12 bis 18 Ministranten) und der Tournelles (der Kantor Adolphe Gradwohl, sein Stellvertreter Isidore Bernstein, der Chorleiter Camille Erlanger, Bachelet der Orgelspieler, 4 Chors\u00e4nger und 12 bis 18 Ministranten).<\/p>\n<p>In den Jahren nach seiner Ernennung wurde Jules Francks Hingabe an seine Aufgabe vom Pariser Konsistorium voll anerkannt, das ihm immer mehr Verantwortung \u00fcbertrug. Im Jahr 1908 wurde seine Autorit\u00e4t unter der Kontrolle des Konsistoriums durch eine neue Regelung f\u00fcr das Musikpersonal noch weiter gest\u00e4rkt.<\/p>\n<p>W\u00e4hrend des Ersten Weltkrieges leitete Jules Franck weiterhin den Chor de la Victoire. Am 6. November 1919 beantragte er die Erlaubnis, Frauen zu seinem musikalischen Personal hinzuzuf\u00fcgen, um die immer schwerer zu rekrutierenden Kinder zu ersetzen. Dieser Entscheidung stimmte das Konsistorium am 11. November 1919 zu.<\/p>\n<p>Die Einf\u00fchrung gemischter Ch\u00f6re hatte eine gewisse Anzahl von Chorleitern dazu ermutigen, neue Arrangements der Gebete zu erstellen, die manchmal in einem zweifelhaften Stil gehalten wurden. Aus diesem Grund ver\u00f6ffentlichte Jules Franck mit Unterst\u00fctzung des Konsistoriums zwischen 1920 und 1933 einen <a href=\"http:\/\/www.rachelnet.net\/F\/?func=find-c&amp;ccl_term=WRD+%3D+Le+guide+ET+WRD+%3D+Franck&amp;local_base=iemcg\" target=\"_blank\" rel=\"noopener\">Guide de l&#8217;officiant &#8211; r\u00e9citatifs et chants des offices avec ch\u0153urs not\u00e9s et compos\u00e9s d&#8217;apr\u00e8s les m\u00e9lodies traditionnelles<\/a> <em>(Handbuch des Offizianten &#8211; Sprechges\u00e4nge und Ges\u00e4nge aus den Gottesdiensten mit Ch\u00f6ren, die nach traditionellen Melodien notiert und komponiert sind)<\/em>, das zum Ziel hatte, \u201eeine Bl\u00fcte fehlerhafter oder schockierender Interpretationen zu bek\u00e4mpfen, insbesondere was die mit Chor gefeierten Gottesdienste betrifft\u201c <strong>(2)<\/strong>.<\/p>\n<p>Jules Franck ging 1937 nach 42 Jahren treuer Dienste in den Ruhestand. Er starb 1941 in Paris. Eines seiner Kinder war der Komponist und P\u00e4dagoge Maurice Franck (1897-1983), Preistr\u00e4ger des Conservatoire National Sup\u00e9rieur de Musique in Paris, Gewinner des ersten Second Grand Prix de Rome (1926) und ab 1937 Professor f\u00fcr Harmonielehre am Conservatoire de Paris.<\/p>\n<p><strong>(1)<\/strong> <em>Wahrscheinlich nach dem Krieg von 1870 und der Angliederung von Elsass-Lothringen an Deutschland.<\/em><br \/>\n<strong>(2)<\/strong> <em>Jules Franck, Vorwort des Guide de l\u2019officiant \u2013 r\u00e9citatifs et chants des offices avec ch\u0153urs not\u00e9s et compos\u00e9s d\u2019apr\u00e8s les m\u00e9lodies traditionnelles, Paris: le Consistoire, [o.D.]<\/em><\/p>\n","protected":false},"excerpt":{"rendered":"<p>Jules Franck wurde 1858 in Nancy geboren. Einige Jahre sp\u00e4ter lie\u00df sich die Familie Franck in Paris nieder (1). Im Januar 1873 sang Jules Franck mit seinen Br\u00fcdern Gustave und<\/p>\n","protected":false},"author":5,"featured_media":51715,"comment_status":"closed","ping_status":"open","sticky":false,"template":"","format":"standard","meta":{"_acf_changed":false,"footnotes":""},"categories":[1415],"tags":[],"technique":[],"squelettes":[],"sujet":[],"formation":[],"genre":[],"fonds":[],"tradition":[],"type-de-contenu":[],"interprete-compositeur":[],"frise":[],"type-devenement":[],"tableaux-liens-externes":[],"class_list":["post-88031","post","type-post","status-publish","format-standard","has-post-thumbnail","hentry","category-biografien-de"],"acf":[],"yoast_head":"<!-- This site is optimized with the Yoast SEO plugin v27.3 - https:\/\/yoast.com\/product\/yoast-seo-wordpress\/ -->\n<title>Franck, Jules (1858-1941) - Institut Europ\u00e9en des Musiques Juives<\/title>\n<meta name=\"robots\" content=\"index, follow, max-snippet:-1, max-image-preview:large, max-video-preview:-1\" \/>\n<link rel=\"canonical\" href=\"https:\/\/www.iemj.org\/de\/franck-jules-1858-1941\/\" \/>\n<meta property=\"og:locale\" content=\"de_DE\" \/>\n<meta property=\"og:type\" content=\"article\" \/>\n<meta property=\"og:title\" content=\"Franck, Jules (1858-1941) - Institut Europ\u00e9en des Musiques Juives\" \/>\n<meta property=\"og:description\" content=\"Jules Franck wurde 1858 in Nancy geboren. Einige Jahre sp\u00e4ter lie\u00df sich die Familie Franck in Paris nieder (1). Im Januar 1873 sang Jules Franck mit seinen Br\u00fcdern Gustave und\" \/>\n<meta property=\"og:url\" content=\"https:\/\/www.iemj.org\/de\/franck-jules-1858-1941\/\" \/>\n<meta property=\"og:site_name\" content=\"Institut Europ\u00e9en des Musiques Juives\" \/>\n<meta property=\"article:publisher\" content=\"https:\/\/www.facebook.com\/MusiquesJuives\/\" \/>\n<meta property=\"article:published_time\" content=\"2017-04-26T15:05:24+00:00\" \/>\n<meta property=\"article:modified_time\" content=\"2022-09-27T14:10:51+00:00\" \/>\n<meta property=\"og:image\" content=\"https:\/\/www.iemj.org\/wp-content\/uploads\/2017\/04\/arton2260-e1624978755394.jpg\" \/>\n\t<meta property=\"og:image:width\" content=\"138\" \/>\n\t<meta property=\"og:image:height\" content=\"218\" \/>\n\t<meta property=\"og:image:type\" content=\"image\/jpeg\" \/>\n<meta name=\"author\" content=\"Jacqueline ROTEN\" \/>\n<meta name=\"twitter:card\" content=\"summary_large_image\" \/>\n<meta name=\"twitter:label1\" content=\"Verfasst von\" \/>\n\t<meta name=\"twitter:data1\" content=\"Jacqueline ROTEN\" \/>\n\t<meta name=\"twitter:label2\" content=\"Gesch\u00e4tzte Lesezeit\" \/>\n\t<meta name=\"twitter:data2\" content=\"3\u00a0Minuten\" \/>\n<script type=\"application\/ld+json\" class=\"yoast-schema-graph\">{\"@context\":\"https:\\\/\\\/schema.org\",\"@graph\":[{\"@type\":\"Article\",\"@id\":\"https:\\\/\\\/www.iemj.org\\\/de\\\/franck-jules-1858-1941\\\/#article\",\"isPartOf\":{\"@id\":\"https:\\\/\\\/www.iemj.org\\\/de\\\/franck-jules-1858-1941\\\/\"},\"author\":{\"name\":\"Jacqueline ROTEN\",\"@id\":\"https:\\\/\\\/www.iemj.org\\\/de\\\/#\\\/schema\\\/person\\\/358e26c18aca017fcc4cc15437f7279c\"},\"headline\":\"Franck, Jules (1858-1941)\",\"datePublished\":\"2017-04-26T15:05:24+00:00\",\"dateModified\":\"2022-09-27T14:10:51+00:00\",\"mainEntityOfPage\":{\"@id\":\"https:\\\/\\\/www.iemj.org\\\/de\\\/franck-jules-1858-1941\\\/\"},\"wordCount\":549,\"publisher\":{\"@id\":\"https:\\\/\\\/www.iemj.org\\\/de\\\/#organization\"},\"image\":{\"@id\":\"https:\\\/\\\/www.iemj.org\\\/de\\\/franck-jules-1858-1941\\\/#primaryimage\"},\"thumbnailUrl\":\"https:\\\/\\\/www.iemj.org\\\/wp-content\\\/uploads\\\/2017\\\/04\\\/arton2260-e1624978755394.jpg\",\"articleSection\":[\"Biografien\"],\"inLanguage\":\"de\"},{\"@type\":\"WebPage\",\"@id\":\"https:\\\/\\\/www.iemj.org\\\/de\\\/franck-jules-1858-1941\\\/\",\"url\":\"https:\\\/\\\/www.iemj.org\\\/de\\\/franck-jules-1858-1941\\\/\",\"name\":\"Franck, Jules (1858-1941) - Institut Europ\u00e9en des Musiques Juives\",\"isPartOf\":{\"@id\":\"https:\\\/\\\/www.iemj.org\\\/de\\\/#website\"},\"primaryImageOfPage\":{\"@id\":\"https:\\\/\\\/www.iemj.org\\\/de\\\/franck-jules-1858-1941\\\/#primaryimage\"},\"image\":{\"@id\":\"https:\\\/\\\/www.iemj.org\\\/de\\\/franck-jules-1858-1941\\\/#primaryimage\"},\"thumbnailUrl\":\"https:\\\/\\\/www.iemj.org\\\/wp-content\\\/uploads\\\/2017\\\/04\\\/arton2260-e1624978755394.jpg\",\"datePublished\":\"2017-04-26T15:05:24+00:00\",\"dateModified\":\"2022-09-27T14:10:51+00:00\",\"breadcrumb\":{\"@id\":\"https:\\\/\\\/www.iemj.org\\\/de\\\/franck-jules-1858-1941\\\/#breadcrumb\"},\"inLanguage\":\"de\",\"potentialAction\":[{\"@type\":\"ReadAction\",\"target\":[\"https:\\\/\\\/www.iemj.org\\\/de\\\/franck-jules-1858-1941\\\/\"]}]},{\"@type\":\"ImageObject\",\"inLanguage\":\"de\",\"@id\":\"https:\\\/\\\/www.iemj.org\\\/de\\\/franck-jules-1858-1941\\\/#primaryimage\",\"url\":\"https:\\\/\\\/www.iemj.org\\\/wp-content\\\/uploads\\\/2017\\\/04\\\/arton2260-e1624978755394.jpg\",\"contentUrl\":\"https:\\\/\\\/www.iemj.org\\\/wp-content\\\/uploads\\\/2017\\\/04\\\/arton2260-e1624978755394.jpg\",\"width\":138,\"height\":218},{\"@type\":\"BreadcrumbList\",\"@id\":\"https:\\\/\\\/www.iemj.org\\\/de\\\/franck-jules-1858-1941\\\/#breadcrumb\",\"itemListElement\":[{\"@type\":\"ListItem\",\"position\":1,\"name\":\"Accueil\",\"item\":\"https:\\\/\\\/www.iemj.org\\\/de\\\/\"},{\"@type\":\"ListItem\",\"position\":2,\"name\":\"Franck, Jules (1858-1941)\"}]},{\"@type\":\"WebSite\",\"@id\":\"https:\\\/\\\/www.iemj.org\\\/de\\\/#website\",\"url\":\"https:\\\/\\\/www.iemj.org\\\/de\\\/\",\"name\":\"Institut Europ\u00e9en des Musiques Juives\",\"description\":\"Des traditions musicales \u00e0 la port\u00e9e de tous\",\"publisher\":{\"@id\":\"https:\\\/\\\/www.iemj.org\\\/de\\\/#organization\"},\"potentialAction\":[{\"@type\":\"SearchAction\",\"target\":{\"@type\":\"EntryPoint\",\"urlTemplate\":\"https:\\\/\\\/www.iemj.org\\\/de\\\/?s={search_term_string}\"},\"query-input\":{\"@type\":\"PropertyValueSpecification\",\"valueRequired\":true,\"valueName\":\"search_term_string\"}}],\"inLanguage\":\"de\"},{\"@type\":\"Organization\",\"@id\":\"https:\\\/\\\/www.iemj.org\\\/de\\\/#organization\",\"name\":\"Institut Europ\u00e9en des Musiques Juives\",\"url\":\"https:\\\/\\\/www.iemj.org\\\/de\\\/\",\"logo\":{\"@type\":\"ImageObject\",\"inLanguage\":\"de\",\"@id\":\"https:\\\/\\\/www.iemj.org\\\/de\\\/#\\\/schema\\\/logo\\\/image\\\/\",\"url\":\"https:\\\/\\\/www.iemj.org\\\/wp-content\\\/uploads\\\/2021\\\/09\\\/Logo-IEMJ-Paypal.jpg\",\"contentUrl\":\"https:\\\/\\\/www.iemj.org\\\/wp-content\\\/uploads\\\/2021\\\/09\\\/Logo-IEMJ-Paypal.jpg\",\"width\":150,\"height\":50,\"caption\":\"Institut Europ\u00e9en des Musiques Juives\"},\"image\":{\"@id\":\"https:\\\/\\\/www.iemj.org\\\/de\\\/#\\\/schema\\\/logo\\\/image\\\/\"},\"sameAs\":[\"https:\\\/\\\/www.facebook.com\\\/MusiquesJuives\\\/\",\"https:\\\/\\\/www.instagram.com\\\/musiquesjuives\\\/\",\"https:\\\/\\\/www.youtube.com\\\/user\\\/musiquesjuives\"]},{\"@type\":\"Person\",\"@id\":\"https:\\\/\\\/www.iemj.org\\\/de\\\/#\\\/schema\\\/person\\\/358e26c18aca017fcc4cc15437f7279c\",\"name\":\"Jacqueline ROTEN\",\"image\":{\"@type\":\"ImageObject\",\"inLanguage\":\"de\",\"@id\":\"https:\\\/\\\/secure.gravatar.com\\\/avatar\\\/5964256d6c6957de3a3505278957e0fb2a35119ac47ea41827a65301213c810b?s=96&d=mm&r=g\",\"url\":\"https:\\\/\\\/secure.gravatar.com\\\/avatar\\\/5964256d6c6957de3a3505278957e0fb2a35119ac47ea41827a65301213c810b?s=96&d=mm&r=g\",\"contentUrl\":\"https:\\\/\\\/secure.gravatar.com\\\/avatar\\\/5964256d6c6957de3a3505278957e0fb2a35119ac47ea41827a65301213c810b?s=96&d=mm&r=g\",\"caption\":\"Jacqueline ROTEN\"}}]}<\/script>\n<!-- \/ Yoast SEO plugin. -->","yoast_head_json":{"title":"Franck, Jules (1858-1941) - Institut Europ\u00e9en des Musiques Juives","robots":{"index":"index","follow":"follow","max-snippet":"max-snippet:-1","max-image-preview":"max-image-preview:large","max-video-preview":"max-video-preview:-1"},"canonical":"https:\/\/www.iemj.org\/de\/franck-jules-1858-1941\/","og_locale":"de_DE","og_type":"article","og_title":"Franck, Jules (1858-1941) - Institut Europ\u00e9en des Musiques Juives","og_description":"Jules Franck wurde 1858 in Nancy geboren. Einige Jahre sp\u00e4ter lie\u00df sich die Familie Franck in Paris nieder (1). Im Januar 1873 sang Jules Franck mit seinen Br\u00fcdern Gustave und","og_url":"https:\/\/www.iemj.org\/de\/franck-jules-1858-1941\/","og_site_name":"Institut Europ\u00e9en des Musiques Juives","article_publisher":"https:\/\/www.facebook.com\/MusiquesJuives\/","article_published_time":"2017-04-26T15:05:24+00:00","article_modified_time":"2022-09-27T14:10:51+00:00","og_image":[{"width":138,"height":218,"url":"https:\/\/www.iemj.org\/wp-content\/uploads\/2017\/04\/arton2260-e1624978755394.jpg","type":"image\/jpeg"}],"author":"Jacqueline ROTEN","twitter_card":"summary_large_image","twitter_misc":{"Verfasst von":"Jacqueline ROTEN","Gesch\u00e4tzte Lesezeit":"3\u00a0Minuten"},"schema":{"@context":"https:\/\/schema.org","@graph":[{"@type":"Article","@id":"https:\/\/www.iemj.org\/de\/franck-jules-1858-1941\/#article","isPartOf":{"@id":"https:\/\/www.iemj.org\/de\/franck-jules-1858-1941\/"},"author":{"name":"Jacqueline ROTEN","@id":"https:\/\/www.iemj.org\/de\/#\/schema\/person\/358e26c18aca017fcc4cc15437f7279c"},"headline":"Franck, Jules (1858-1941)","datePublished":"2017-04-26T15:05:24+00:00","dateModified":"2022-09-27T14:10:51+00:00","mainEntityOfPage":{"@id":"https:\/\/www.iemj.org\/de\/franck-jules-1858-1941\/"},"wordCount":549,"publisher":{"@id":"https:\/\/www.iemj.org\/de\/#organization"},"image":{"@id":"https:\/\/www.iemj.org\/de\/franck-jules-1858-1941\/#primaryimage"},"thumbnailUrl":"https:\/\/www.iemj.org\/wp-content\/uploads\/2017\/04\/arton2260-e1624978755394.jpg","articleSection":["Biografien"],"inLanguage":"de"},{"@type":"WebPage","@id":"https:\/\/www.iemj.org\/de\/franck-jules-1858-1941\/","url":"https:\/\/www.iemj.org\/de\/franck-jules-1858-1941\/","name":"Franck, Jules (1858-1941) - Institut Europ\u00e9en des Musiques Juives","isPartOf":{"@id":"https:\/\/www.iemj.org\/de\/#website"},"primaryImageOfPage":{"@id":"https:\/\/www.iemj.org\/de\/franck-jules-1858-1941\/#primaryimage"},"image":{"@id":"https:\/\/www.iemj.org\/de\/franck-jules-1858-1941\/#primaryimage"},"thumbnailUrl":"https:\/\/www.iemj.org\/wp-content\/uploads\/2017\/04\/arton2260-e1624978755394.jpg","datePublished":"2017-04-26T15:05:24+00:00","dateModified":"2022-09-27T14:10:51+00:00","breadcrumb":{"@id":"https:\/\/www.iemj.org\/de\/franck-jules-1858-1941\/#breadcrumb"},"inLanguage":"de","potentialAction":[{"@type":"ReadAction","target":["https:\/\/www.iemj.org\/de\/franck-jules-1858-1941\/"]}]},{"@type":"ImageObject","inLanguage":"de","@id":"https:\/\/www.iemj.org\/de\/franck-jules-1858-1941\/#primaryimage","url":"https:\/\/www.iemj.org\/wp-content\/uploads\/2017\/04\/arton2260-e1624978755394.jpg","contentUrl":"https:\/\/www.iemj.org\/wp-content\/uploads\/2017\/04\/arton2260-e1624978755394.jpg","width":138,"height":218},{"@type":"BreadcrumbList","@id":"https:\/\/www.iemj.org\/de\/franck-jules-1858-1941\/#breadcrumb","itemListElement":[{"@type":"ListItem","position":1,"name":"Accueil","item":"https:\/\/www.iemj.org\/de\/"},{"@type":"ListItem","position":2,"name":"Franck, Jules (1858-1941)"}]},{"@type":"WebSite","@id":"https:\/\/www.iemj.org\/de\/#website","url":"https:\/\/www.iemj.org\/de\/","name":"Institut Europ\u00e9en des Musiques Juives","description":"Des traditions musicales \u00e0 la port\u00e9e de tous","publisher":{"@id":"https:\/\/www.iemj.org\/de\/#organization"},"potentialAction":[{"@type":"SearchAction","target":{"@type":"EntryPoint","urlTemplate":"https:\/\/www.iemj.org\/de\/?s={search_term_string}"},"query-input":{"@type":"PropertyValueSpecification","valueRequired":true,"valueName":"search_term_string"}}],"inLanguage":"de"},{"@type":"Organization","@id":"https:\/\/www.iemj.org\/de\/#organization","name":"Institut Europ\u00e9en des Musiques Juives","url":"https:\/\/www.iemj.org\/de\/","logo":{"@type":"ImageObject","inLanguage":"de","@id":"https:\/\/www.iemj.org\/de\/#\/schema\/logo\/image\/","url":"https:\/\/www.iemj.org\/wp-content\/uploads\/2021\/09\/Logo-IEMJ-Paypal.jpg","contentUrl":"https:\/\/www.iemj.org\/wp-content\/uploads\/2021\/09\/Logo-IEMJ-Paypal.jpg","width":150,"height":50,"caption":"Institut Europ\u00e9en des Musiques Juives"},"image":{"@id":"https:\/\/www.iemj.org\/de\/#\/schema\/logo\/image\/"},"sameAs":["https:\/\/www.facebook.com\/MusiquesJuives\/","https:\/\/www.instagram.com\/musiquesjuives\/","https:\/\/www.youtube.com\/user\/musiquesjuives"]},{"@type":"Person","@id":"https:\/\/www.iemj.org\/de\/#\/schema\/person\/358e26c18aca017fcc4cc15437f7279c","name":"Jacqueline ROTEN","image":{"@type":"ImageObject","inLanguage":"de","@id":"https:\/\/secure.gravatar.com\/avatar\/5964256d6c6957de3a3505278957e0fb2a35119ac47ea41827a65301213c810b?s=96&d=mm&r=g","url":"https:\/\/secure.gravatar.com\/avatar\/5964256d6c6957de3a3505278957e0fb2a35119ac47ea41827a65301213c810b?s=96&d=mm&r=g","contentUrl":"https:\/\/secure.gravatar.com\/avatar\/5964256d6c6957de3a3505278957e0fb2a35119ac47ea41827a65301213c810b?s=96&d=mm&r=g","caption":"Jacqueline ROTEN"}}]}},"_links":{"self":[{"href":"https:\/\/www.iemj.org\/de\/wp-json\/wp\/v2\/posts\/88031","targetHints":{"allow":["GET"]}}],"collection":[{"href":"https:\/\/www.iemj.org\/de\/wp-json\/wp\/v2\/posts"}],"about":[{"href":"https:\/\/www.iemj.org\/de\/wp-json\/wp\/v2\/types\/post"}],"author":[{"embeddable":true,"href":"https:\/\/www.iemj.org\/de\/wp-json\/wp\/v2\/users\/5"}],"replies":[{"embeddable":true,"href":"https:\/\/www.iemj.org\/de\/wp-json\/wp\/v2\/comments?post=88031"}],"version-history":[{"count":0,"href":"https:\/\/www.iemj.org\/de\/wp-json\/wp\/v2\/posts\/88031\/revisions"}],"wp:featuredmedia":[{"embeddable":true,"href":"https:\/\/www.iemj.org\/de\/wp-json\/wp\/v2\/media\/51715"}],"wp:attachment":[{"href":"https:\/\/www.iemj.org\/de\/wp-json\/wp\/v2\/media?parent=88031"}],"wp:term":[{"taxonomy":"category","embeddable":true,"href":"https:\/\/www.iemj.org\/de\/wp-json\/wp\/v2\/categories?post=88031"},{"taxonomy":"post_tag","embeddable":true,"href":"https:\/\/www.iemj.org\/de\/wp-json\/wp\/v2\/tags?post=88031"},{"taxonomy":"technique","embeddable":true,"href":"https:\/\/www.iemj.org\/de\/wp-json\/wp\/v2\/technique?post=88031"},{"taxonomy":"squelettes","embeddable":true,"href":"https:\/\/www.iemj.org\/de\/wp-json\/wp\/v2\/squelettes?post=88031"},{"taxonomy":"sujet","embeddable":true,"href":"https:\/\/www.iemj.org\/de\/wp-json\/wp\/v2\/sujet?post=88031"},{"taxonomy":"formation","embeddable":true,"href":"https:\/\/www.iemj.org\/de\/wp-json\/wp\/v2\/formation?post=88031"},{"taxonomy":"genre","embeddable":true,"href":"https:\/\/www.iemj.org\/de\/wp-json\/wp\/v2\/genre?post=88031"},{"taxonomy":"fonds","embeddable":true,"href":"https:\/\/www.iemj.org\/de\/wp-json\/wp\/v2\/fonds?post=88031"},{"taxonomy":"tradition","embeddable":true,"href":"https:\/\/www.iemj.org\/de\/wp-json\/wp\/v2\/tradition?post=88031"},{"taxonomy":"type-de-contenu","embeddable":true,"href":"https:\/\/www.iemj.org\/de\/wp-json\/wp\/v2\/type-de-contenu?post=88031"},{"taxonomy":"interprete-compositeur","embeddable":true,"href":"https:\/\/www.iemj.org\/de\/wp-json\/wp\/v2\/interprete-compositeur?post=88031"},{"taxonomy":"frise","embeddable":true,"href":"https:\/\/www.iemj.org\/de\/wp-json\/wp\/v2\/frise?post=88031"},{"taxonomy":"type-devenement","embeddable":true,"href":"https:\/\/www.iemj.org\/de\/wp-json\/wp\/v2\/type-devenement?post=88031"},{"taxonomy":"tableaux-liens-externes","embeddable":true,"href":"https:\/\/www.iemj.org\/de\/wp-json\/wp\/v2\/tableaux-liens-externes?post=88031"}],"curies":[{"name":"wp","href":"https:\/\/api.w.org\/{rel}","templated":true}]}}