{"id":88097,"date":"2022-09-28T12:12:54","date_gmt":"2022-09-28T10:12:54","guid":{"rendered":"https:\/\/www.iemj.org\/liemj-present-sur-la-radio-nationale-allemande-deutschlandfunk-kultur\/"},"modified":"2022-09-29T10:16:36","modified_gmt":"2022-09-29T08:16:36","slug":"liemj-present-sur-la-radio-nationale-allemande-deutschlandfunk-kultur","status":"publish","type":"post","link":"https:\/\/www.iemj.org\/de\/liemj-present-sur-la-radio-nationale-allemande-deutschlandfunk-kultur\/","title":{"rendered":"Das IEMJ pr\u00e4sentiert im deutschen Nationalradio \u201eDeutschlandfunk Kultur\u201c"},"content":{"rendered":"<p>Um die Arbeit und die Ziele des Institut Europ\u00e9en des Musiques Juives auf der anderen Seite des Rheins bekannt zu machen, besuchte die deutsche Journalistin Bettina Kaps im M\u00e4rz 2022 die R\u00e4umlichkeiten des Instituts in Paris.<\/p>\n<p><em>&#8230;Eine Parterre-Wohnung im S\u00fcden von Paris. Auf dem T\u00fcrschild stehen die Buchstaben IEMJ. Wohl kaum ein Passant ahnt, dass sich hinter diesem K\u00fcrzel und an diesem unauff\u00e4lligen Ort eine wahre Schatztruhe verbirgt: das \u201eEurop\u00e4ische Institut f\u00fcr J\u00fcdische Musik\u201c&#8230;<\/em><\/p>\n<p>Der Artikel <em>\u201e<\/em>Europ\u00e4isches Institut f\u00fcr J\u00fcdische Musik &#8211; Das Ged\u00e4chtnis j\u00fcdischer Musik<em>\u201c<\/em> und das Interview vor Ort, das am 19. August 2022 im Deutschlandfunk Kultur ausgestrahlt wurde, sind auf der <a href=\"https:\/\/www.deutschlandfunkkultur.de\/das-gedaechtnis-juedischer-musik-100.html\" target=\"_blank\" rel=\"noopener\">Website des Deutschlandfunks Kultur zu finden<\/a>.<\/p>\n<p><em><strong>\u201e<\/strong>Unsere Einrichtung ist ziemlich einzigartig. Wir wollen das gesamte j\u00fcdische Musikerbe bewahren, aufwerten und verbreiten\u201c<\/em>, sagt der Gr\u00fcnder und Leiter des Instituts, Herv\u00e9 Roten.<\/p>\n<h2><\/h2>\n<h3><a href=\"https:\/\/www.deutschlandfunkkultur.de\/das-gedaechtnis-juedischer-musik-100.html\" target=\"_blank\" rel=\"noopener\">Lesen und h\u00f6ren Sie das Interview von Bettina Kaps, gef\u00fchrt im M\u00e4rz 2022, gesendet am 19. August 2022 &#8211; Website DeutschlandfunkKultur<\/a><\/h3>\n","protected":false},"excerpt":{"rendered":"<p>Um die Arbeit und die Ziele des Institut Europ\u00e9en des Musiques Juives auf der anderen Seite des Rheins bekannt zu machen, besuchte die deutsche Journalistin Bettina Kaps im M\u00e4rz 2022<\/p>\n","protected":false},"author":5,"featured_media":88089,"comment_status":"closed","ping_status":"closed","sticky":false,"template":"","format":"standard","meta":{"_acf_changed":false,"footnotes":""},"categories":[1614],"tags":[],"technique":[],"squelettes":[],"sujet":[],"formation":[],"genre":[],"fonds":[],"tradition":[],"type-de-contenu":[],"interprete-compositeur":[],"frise":[],"type-devenement":[],"tableaux-liens-externes":[],"class_list":["post-88097","post","type-post","status-publish","format-standard","has-post-thumbnail","hentry","category-pressespiegel-de"],"acf":[],"yoast_head":"<!-- This site is optimized with the Yoast SEO plugin v27.3 - https:\/\/yoast.com\/product\/yoast-seo-wordpress\/ -->\n<title>Das IEMJ pr\u00e4sentiert im deutschen Nationalradio \u201eDeutschlandfunk Kultur\u201c - Institut Europ\u00e9en des Musiques Juives<\/title>\n<meta name=\"robots\" content=\"index, follow, max-snippet:-1, max-image-preview:large, max-video-preview:-1\" \/>\n<link rel=\"canonical\" href=\"https:\/\/www.iemj.org\/de\/liemj-present-sur-la-radio-nationale-allemande-deutschlandfunk-kultur\/\" \/>\n<meta property=\"og:locale\" content=\"de_DE\" \/>\n<meta property=\"og:type\" content=\"article\" \/>\n<meta property=\"og:title\" content=\"Das IEMJ pr\u00e4sentiert im deutschen Nationalradio \u201eDeutschlandfunk Kultur\u201c - Institut Europ\u00e9en des Musiques Juives\" \/>\n<meta property=\"og:description\" content=\"Um die Arbeit und die Ziele des Institut Europ\u00e9en des Musiques Juives auf der anderen Seite des Rheins bekannt zu machen, besuchte die deutsche Journalistin Bettina Kaps im M\u00e4rz 2022\" \/>\n<meta property=\"og:url\" content=\"https:\/\/www.iemj.org\/de\/liemj-present-sur-la-radio-nationale-allemande-deutschlandfunk-kultur\/\" \/>\n<meta property=\"og:site_name\" content=\"Institut Europ\u00e9en des Musiques Juives\" \/>\n<meta property=\"article:publisher\" content=\"https:\/\/www.facebook.com\/MusiquesJuives\/\" \/>\n<meta property=\"article:published_time\" content=\"2022-09-28T10:12:54+00:00\" \/>\n<meta property=\"article:modified_time\" content=\"2022-09-29T08:16:36+00:00\" \/>\n<meta property=\"og:image\" content=\"https:\/\/www.iemj.org\/wp-content\/uploads\/2022\/09\/Emission-radio-allemande-sur-IEMJ-par-Bettina-Kaps_500x500px-1.jpg\" \/>\n\t<meta property=\"og:image:width\" content=\"500\" \/>\n\t<meta property=\"og:image:height\" content=\"500\" \/>\n\t<meta property=\"og:image:type\" content=\"image\/jpeg\" \/>\n<meta name=\"author\" content=\"Jacqueline ROTEN\" \/>\n<meta name=\"twitter:card\" content=\"summary_large_image\" \/>\n<meta name=\"twitter:label1\" content=\"Verfasst von\" \/>\n\t<meta name=\"twitter:data1\" content=\"Jacqueline ROTEN\" \/>\n\t<meta name=\"twitter:label2\" content=\"Gesch\u00e4tzte Lesezeit\" \/>\n\t<meta name=\"twitter:data2\" content=\"1\u00a0Minute\" \/>\n<script type=\"application\/ld+json\" class=\"yoast-schema-graph\">{\"@context\":\"https:\\\/\\\/schema.org\",\"@graph\":[{\"@type\":\"Article\",\"@id\":\"https:\\\/\\\/www.iemj.org\\\/de\\\/liemj-present-sur-la-radio-nationale-allemande-deutschlandfunk-kultur\\\/#article\",\"isPartOf\":{\"@id\":\"https:\\\/\\\/www.iemj.org\\\/de\\\/liemj-present-sur-la-radio-nationale-allemande-deutschlandfunk-kultur\\\/\"},\"author\":{\"name\":\"Jacqueline ROTEN\",\"@id\":\"https:\\\/\\\/www.iemj.org\\\/de\\\/#\\\/schema\\\/person\\\/358e26c18aca017fcc4cc15437f7279c\"},\"headline\":\"Das IEMJ pr\u00e4sentiert im deutschen Nationalradio \u201eDeutschlandfunk Kultur\u201c\",\"datePublished\":\"2022-09-28T10:12:54+00:00\",\"dateModified\":\"2022-09-29T08:16:36+00:00\",\"mainEntityOfPage\":{\"@id\":\"https:\\\/\\\/www.iemj.org\\\/de\\\/liemj-present-sur-la-radio-nationale-allemande-deutschlandfunk-kultur\\\/\"},\"wordCount\":178,\"publisher\":{\"@id\":\"https:\\\/\\\/www.iemj.org\\\/de\\\/#organization\"},\"image\":{\"@id\":\"https:\\\/\\\/www.iemj.org\\\/de\\\/liemj-present-sur-la-radio-nationale-allemande-deutschlandfunk-kultur\\\/#primaryimage\"},\"thumbnailUrl\":\"https:\\\/\\\/www.iemj.org\\\/wp-content\\\/uploads\\\/2022\\\/09\\\/Emission-radio-allemande-sur-IEMJ-par-Bettina-Kaps_500x500px-1.jpg\",\"articleSection\":[\"Pressespiegel\"],\"inLanguage\":\"de\"},{\"@type\":\"WebPage\",\"@id\":\"https:\\\/\\\/www.iemj.org\\\/de\\\/liemj-present-sur-la-radio-nationale-allemande-deutschlandfunk-kultur\\\/\",\"url\":\"https:\\\/\\\/www.iemj.org\\\/de\\\/liemj-present-sur-la-radio-nationale-allemande-deutschlandfunk-kultur\\\/\",\"name\":\"Das IEMJ pr\u00e4sentiert im deutschen Nationalradio \u201eDeutschlandfunk Kultur\u201c - Institut Europ\u00e9en des Musiques Juives\",\"isPartOf\":{\"@id\":\"https:\\\/\\\/www.iemj.org\\\/de\\\/#website\"},\"primaryImageOfPage\":{\"@id\":\"https:\\\/\\\/www.iemj.org\\\/de\\\/liemj-present-sur-la-radio-nationale-allemande-deutschlandfunk-kultur\\\/#primaryimage\"},\"image\":{\"@id\":\"https:\\\/\\\/www.iemj.org\\\/de\\\/liemj-present-sur-la-radio-nationale-allemande-deutschlandfunk-kultur\\\/#primaryimage\"},\"thumbnailUrl\":\"https:\\\/\\\/www.iemj.org\\\/wp-content\\\/uploads\\\/2022\\\/09\\\/Emission-radio-allemande-sur-IEMJ-par-Bettina-Kaps_500x500px-1.jpg\",\"datePublished\":\"2022-09-28T10:12:54+00:00\",\"dateModified\":\"2022-09-29T08:16:36+00:00\",\"breadcrumb\":{\"@id\":\"https:\\\/\\\/www.iemj.org\\\/de\\\/liemj-present-sur-la-radio-nationale-allemande-deutschlandfunk-kultur\\\/#breadcrumb\"},\"inLanguage\":\"de\",\"potentialAction\":[{\"@type\":\"ReadAction\",\"target\":[\"https:\\\/\\\/www.iemj.org\\\/de\\\/liemj-present-sur-la-radio-nationale-allemande-deutschlandfunk-kultur\\\/\"]}]},{\"@type\":\"ImageObject\",\"inLanguage\":\"de\",\"@id\":\"https:\\\/\\\/www.iemj.org\\\/de\\\/liemj-present-sur-la-radio-nationale-allemande-deutschlandfunk-kultur\\\/#primaryimage\",\"url\":\"https:\\\/\\\/www.iemj.org\\\/wp-content\\\/uploads\\\/2022\\\/09\\\/Emission-radio-allemande-sur-IEMJ-par-Bettina-Kaps_500x500px-1.jpg\",\"contentUrl\":\"https:\\\/\\\/www.iemj.org\\\/wp-content\\\/uploads\\\/2022\\\/09\\\/Emission-radio-allemande-sur-IEMJ-par-Bettina-Kaps_500x500px-1.jpg\",\"width\":500,\"height\":500},{\"@type\":\"BreadcrumbList\",\"@id\":\"https:\\\/\\\/www.iemj.org\\\/de\\\/liemj-present-sur-la-radio-nationale-allemande-deutschlandfunk-kultur\\\/#breadcrumb\",\"itemListElement\":[{\"@type\":\"ListItem\",\"position\":1,\"name\":\"Accueil\",\"item\":\"https:\\\/\\\/www.iemj.org\\\/de\\\/\"},{\"@type\":\"ListItem\",\"position\":2,\"name\":\"Das IEMJ pr\u00e4sentiert im deutschen Nationalradio \u201eDeutschlandfunk Kultur\u201c\"}]},{\"@type\":\"WebSite\",\"@id\":\"https:\\\/\\\/www.iemj.org\\\/de\\\/#website\",\"url\":\"https:\\\/\\\/www.iemj.org\\\/de\\\/\",\"name\":\"Institut Europ\u00e9en des Musiques Juives\",\"description\":\"Des traditions musicales \u00e0 la port\u00e9e de tous\",\"publisher\":{\"@id\":\"https:\\\/\\\/www.iemj.org\\\/de\\\/#organization\"},\"potentialAction\":[{\"@type\":\"SearchAction\",\"target\":{\"@type\":\"EntryPoint\",\"urlTemplate\":\"https:\\\/\\\/www.iemj.org\\\/de\\\/?s={search_term_string}\"},\"query-input\":{\"@type\":\"PropertyValueSpecification\",\"valueRequired\":true,\"valueName\":\"search_term_string\"}}],\"inLanguage\":\"de\"},{\"@type\":\"Organization\",\"@id\":\"https:\\\/\\\/www.iemj.org\\\/de\\\/#organization\",\"name\":\"Institut Europ\u00e9en des Musiques Juives\",\"url\":\"https:\\\/\\\/www.iemj.org\\\/de\\\/\",\"logo\":{\"@type\":\"ImageObject\",\"inLanguage\":\"de\",\"@id\":\"https:\\\/\\\/www.iemj.org\\\/de\\\/#\\\/schema\\\/logo\\\/image\\\/\",\"url\":\"https:\\\/\\\/www.iemj.org\\\/wp-content\\\/uploads\\\/2021\\\/09\\\/Logo-IEMJ-Paypal.jpg\",\"contentUrl\":\"https:\\\/\\\/www.iemj.org\\\/wp-content\\\/uploads\\\/2021\\\/09\\\/Logo-IEMJ-Paypal.jpg\",\"width\":150,\"height\":50,\"caption\":\"Institut Europ\u00e9en des Musiques Juives\"},\"image\":{\"@id\":\"https:\\\/\\\/www.iemj.org\\\/de\\\/#\\\/schema\\\/logo\\\/image\\\/\"},\"sameAs\":[\"https:\\\/\\\/www.facebook.com\\\/MusiquesJuives\\\/\",\"https:\\\/\\\/www.instagram.com\\\/musiquesjuives\\\/\",\"https:\\\/\\\/www.youtube.com\\\/user\\\/musiquesjuives\"]},{\"@type\":\"Person\",\"@id\":\"https:\\\/\\\/www.iemj.org\\\/de\\\/#\\\/schema\\\/person\\\/358e26c18aca017fcc4cc15437f7279c\",\"name\":\"Jacqueline ROTEN\",\"image\":{\"@type\":\"ImageObject\",\"inLanguage\":\"de\",\"@id\":\"https:\\\/\\\/secure.gravatar.com\\\/avatar\\\/5964256d6c6957de3a3505278957e0fb2a35119ac47ea41827a65301213c810b?s=96&d=mm&r=g\",\"url\":\"https:\\\/\\\/secure.gravatar.com\\\/avatar\\\/5964256d6c6957de3a3505278957e0fb2a35119ac47ea41827a65301213c810b?s=96&d=mm&r=g\",\"contentUrl\":\"https:\\\/\\\/secure.gravatar.com\\\/avatar\\\/5964256d6c6957de3a3505278957e0fb2a35119ac47ea41827a65301213c810b?s=96&d=mm&r=g\",\"caption\":\"Jacqueline ROTEN\"}}]}<\/script>\n<!-- \/ Yoast SEO plugin. -->","yoast_head_json":{"title":"Das IEMJ pr\u00e4sentiert im deutschen Nationalradio \u201eDeutschlandfunk Kultur\u201c - Institut Europ\u00e9en des Musiques Juives","robots":{"index":"index","follow":"follow","max-snippet":"max-snippet:-1","max-image-preview":"max-image-preview:large","max-video-preview":"max-video-preview:-1"},"canonical":"https:\/\/www.iemj.org\/de\/liemj-present-sur-la-radio-nationale-allemande-deutschlandfunk-kultur\/","og_locale":"de_DE","og_type":"article","og_title":"Das IEMJ pr\u00e4sentiert im deutschen Nationalradio \u201eDeutschlandfunk Kultur\u201c - Institut Europ\u00e9en des Musiques Juives","og_description":"Um die Arbeit und die Ziele des Institut Europ\u00e9en des Musiques Juives auf der anderen Seite des Rheins bekannt zu machen, besuchte die deutsche Journalistin Bettina Kaps im M\u00e4rz 2022","og_url":"https:\/\/www.iemj.org\/de\/liemj-present-sur-la-radio-nationale-allemande-deutschlandfunk-kultur\/","og_site_name":"Institut Europ\u00e9en des Musiques Juives","article_publisher":"https:\/\/www.facebook.com\/MusiquesJuives\/","article_published_time":"2022-09-28T10:12:54+00:00","article_modified_time":"2022-09-29T08:16:36+00:00","og_image":[{"width":500,"height":500,"url":"https:\/\/www.iemj.org\/wp-content\/uploads\/2022\/09\/Emission-radio-allemande-sur-IEMJ-par-Bettina-Kaps_500x500px-1.jpg","type":"image\/jpeg"}],"author":"Jacqueline ROTEN","twitter_card":"summary_large_image","twitter_misc":{"Verfasst von":"Jacqueline ROTEN","Gesch\u00e4tzte Lesezeit":"1\u00a0Minute"},"schema":{"@context":"https:\/\/schema.org","@graph":[{"@type":"Article","@id":"https:\/\/www.iemj.org\/de\/liemj-present-sur-la-radio-nationale-allemande-deutschlandfunk-kultur\/#article","isPartOf":{"@id":"https:\/\/www.iemj.org\/de\/liemj-present-sur-la-radio-nationale-allemande-deutschlandfunk-kultur\/"},"author":{"name":"Jacqueline ROTEN","@id":"https:\/\/www.iemj.org\/de\/#\/schema\/person\/358e26c18aca017fcc4cc15437f7279c"},"headline":"Das IEMJ pr\u00e4sentiert im deutschen Nationalradio \u201eDeutschlandfunk Kultur\u201c","datePublished":"2022-09-28T10:12:54+00:00","dateModified":"2022-09-29T08:16:36+00:00","mainEntityOfPage":{"@id":"https:\/\/www.iemj.org\/de\/liemj-present-sur-la-radio-nationale-allemande-deutschlandfunk-kultur\/"},"wordCount":178,"publisher":{"@id":"https:\/\/www.iemj.org\/de\/#organization"},"image":{"@id":"https:\/\/www.iemj.org\/de\/liemj-present-sur-la-radio-nationale-allemande-deutschlandfunk-kultur\/#primaryimage"},"thumbnailUrl":"https:\/\/www.iemj.org\/wp-content\/uploads\/2022\/09\/Emission-radio-allemande-sur-IEMJ-par-Bettina-Kaps_500x500px-1.jpg","articleSection":["Pressespiegel"],"inLanguage":"de"},{"@type":"WebPage","@id":"https:\/\/www.iemj.org\/de\/liemj-present-sur-la-radio-nationale-allemande-deutschlandfunk-kultur\/","url":"https:\/\/www.iemj.org\/de\/liemj-present-sur-la-radio-nationale-allemande-deutschlandfunk-kultur\/","name":"Das IEMJ pr\u00e4sentiert im deutschen Nationalradio \u201eDeutschlandfunk Kultur\u201c - Institut Europ\u00e9en des Musiques Juives","isPartOf":{"@id":"https:\/\/www.iemj.org\/de\/#website"},"primaryImageOfPage":{"@id":"https:\/\/www.iemj.org\/de\/liemj-present-sur-la-radio-nationale-allemande-deutschlandfunk-kultur\/#primaryimage"},"image":{"@id":"https:\/\/www.iemj.org\/de\/liemj-present-sur-la-radio-nationale-allemande-deutschlandfunk-kultur\/#primaryimage"},"thumbnailUrl":"https:\/\/www.iemj.org\/wp-content\/uploads\/2022\/09\/Emission-radio-allemande-sur-IEMJ-par-Bettina-Kaps_500x500px-1.jpg","datePublished":"2022-09-28T10:12:54+00:00","dateModified":"2022-09-29T08:16:36+00:00","breadcrumb":{"@id":"https:\/\/www.iemj.org\/de\/liemj-present-sur-la-radio-nationale-allemande-deutschlandfunk-kultur\/#breadcrumb"},"inLanguage":"de","potentialAction":[{"@type":"ReadAction","target":["https:\/\/www.iemj.org\/de\/liemj-present-sur-la-radio-nationale-allemande-deutschlandfunk-kultur\/"]}]},{"@type":"ImageObject","inLanguage":"de","@id":"https:\/\/www.iemj.org\/de\/liemj-present-sur-la-radio-nationale-allemande-deutschlandfunk-kultur\/#primaryimage","url":"https:\/\/www.iemj.org\/wp-content\/uploads\/2022\/09\/Emission-radio-allemande-sur-IEMJ-par-Bettina-Kaps_500x500px-1.jpg","contentUrl":"https:\/\/www.iemj.org\/wp-content\/uploads\/2022\/09\/Emission-radio-allemande-sur-IEMJ-par-Bettina-Kaps_500x500px-1.jpg","width":500,"height":500},{"@type":"BreadcrumbList","@id":"https:\/\/www.iemj.org\/de\/liemj-present-sur-la-radio-nationale-allemande-deutschlandfunk-kultur\/#breadcrumb","itemListElement":[{"@type":"ListItem","position":1,"name":"Accueil","item":"https:\/\/www.iemj.org\/de\/"},{"@type":"ListItem","position":2,"name":"Das IEMJ pr\u00e4sentiert im deutschen Nationalradio \u201eDeutschlandfunk Kultur\u201c"}]},{"@type":"WebSite","@id":"https:\/\/www.iemj.org\/de\/#website","url":"https:\/\/www.iemj.org\/de\/","name":"Institut Europ\u00e9en des Musiques Juives","description":"Des traditions musicales \u00e0 la port\u00e9e de tous","publisher":{"@id":"https:\/\/www.iemj.org\/de\/#organization"},"potentialAction":[{"@type":"SearchAction","target":{"@type":"EntryPoint","urlTemplate":"https:\/\/www.iemj.org\/de\/?s={search_term_string}"},"query-input":{"@type":"PropertyValueSpecification","valueRequired":true,"valueName":"search_term_string"}}],"inLanguage":"de"},{"@type":"Organization","@id":"https:\/\/www.iemj.org\/de\/#organization","name":"Institut Europ\u00e9en des Musiques Juives","url":"https:\/\/www.iemj.org\/de\/","logo":{"@type":"ImageObject","inLanguage":"de","@id":"https:\/\/www.iemj.org\/de\/#\/schema\/logo\/image\/","url":"https:\/\/www.iemj.org\/wp-content\/uploads\/2021\/09\/Logo-IEMJ-Paypal.jpg","contentUrl":"https:\/\/www.iemj.org\/wp-content\/uploads\/2021\/09\/Logo-IEMJ-Paypal.jpg","width":150,"height":50,"caption":"Institut Europ\u00e9en des Musiques Juives"},"image":{"@id":"https:\/\/www.iemj.org\/de\/#\/schema\/logo\/image\/"},"sameAs":["https:\/\/www.facebook.com\/MusiquesJuives\/","https:\/\/www.instagram.com\/musiquesjuives\/","https:\/\/www.youtube.com\/user\/musiquesjuives"]},{"@type":"Person","@id":"https:\/\/www.iemj.org\/de\/#\/schema\/person\/358e26c18aca017fcc4cc15437f7279c","name":"Jacqueline ROTEN","image":{"@type":"ImageObject","inLanguage":"de","@id":"https:\/\/secure.gravatar.com\/avatar\/5964256d6c6957de3a3505278957e0fb2a35119ac47ea41827a65301213c810b?s=96&d=mm&r=g","url":"https:\/\/secure.gravatar.com\/avatar\/5964256d6c6957de3a3505278957e0fb2a35119ac47ea41827a65301213c810b?s=96&d=mm&r=g","contentUrl":"https:\/\/secure.gravatar.com\/avatar\/5964256d6c6957de3a3505278957e0fb2a35119ac47ea41827a65301213c810b?s=96&d=mm&r=g","caption":"Jacqueline ROTEN"}}]}},"_links":{"self":[{"href":"https:\/\/www.iemj.org\/de\/wp-json\/wp\/v2\/posts\/88097","targetHints":{"allow":["GET"]}}],"collection":[{"href":"https:\/\/www.iemj.org\/de\/wp-json\/wp\/v2\/posts"}],"about":[{"href":"https:\/\/www.iemj.org\/de\/wp-json\/wp\/v2\/types\/post"}],"author":[{"embeddable":true,"href":"https:\/\/www.iemj.org\/de\/wp-json\/wp\/v2\/users\/5"}],"replies":[{"embeddable":true,"href":"https:\/\/www.iemj.org\/de\/wp-json\/wp\/v2\/comments?post=88097"}],"version-history":[{"count":0,"href":"https:\/\/www.iemj.org\/de\/wp-json\/wp\/v2\/posts\/88097\/revisions"}],"wp:featuredmedia":[{"embeddable":true,"href":"https:\/\/www.iemj.org\/de\/wp-json\/wp\/v2\/media\/88089"}],"wp:attachment":[{"href":"https:\/\/www.iemj.org\/de\/wp-json\/wp\/v2\/media?parent=88097"}],"wp:term":[{"taxonomy":"category","embeddable":true,"href":"https:\/\/www.iemj.org\/de\/wp-json\/wp\/v2\/categories?post=88097"},{"taxonomy":"post_tag","embeddable":true,"href":"https:\/\/www.iemj.org\/de\/wp-json\/wp\/v2\/tags?post=88097"},{"taxonomy":"technique","embeddable":true,"href":"https:\/\/www.iemj.org\/de\/wp-json\/wp\/v2\/technique?post=88097"},{"taxonomy":"squelettes","embeddable":true,"href":"https:\/\/www.iemj.org\/de\/wp-json\/wp\/v2\/squelettes?post=88097"},{"taxonomy":"sujet","embeddable":true,"href":"https:\/\/www.iemj.org\/de\/wp-json\/wp\/v2\/sujet?post=88097"},{"taxonomy":"formation","embeddable":true,"href":"https:\/\/www.iemj.org\/de\/wp-json\/wp\/v2\/formation?post=88097"},{"taxonomy":"genre","embeddable":true,"href":"https:\/\/www.iemj.org\/de\/wp-json\/wp\/v2\/genre?post=88097"},{"taxonomy":"fonds","embeddable":true,"href":"https:\/\/www.iemj.org\/de\/wp-json\/wp\/v2\/fonds?post=88097"},{"taxonomy":"tradition","embeddable":true,"href":"https:\/\/www.iemj.org\/de\/wp-json\/wp\/v2\/tradition?post=88097"},{"taxonomy":"type-de-contenu","embeddable":true,"href":"https:\/\/www.iemj.org\/de\/wp-json\/wp\/v2\/type-de-contenu?post=88097"},{"taxonomy":"interprete-compositeur","embeddable":true,"href":"https:\/\/www.iemj.org\/de\/wp-json\/wp\/v2\/interprete-compositeur?post=88097"},{"taxonomy":"frise","embeddable":true,"href":"https:\/\/www.iemj.org\/de\/wp-json\/wp\/v2\/frise?post=88097"},{"taxonomy":"type-devenement","embeddable":true,"href":"https:\/\/www.iemj.org\/de\/wp-json\/wp\/v2\/type-devenement?post=88097"},{"taxonomy":"tableaux-liens-externes","embeddable":true,"href":"https:\/\/www.iemj.org\/de\/wp-json\/wp\/v2\/tableaux-liens-externes?post=88097"}],"curies":[{"name":"wp","href":"https:\/\/api.w.org\/{rel}","templated":true}]}}