{"id":88269,"date":"2013-01-09T16:01:24","date_gmt":"2013-01-09T15:01:24","guid":{"rendered":"https:\/\/www.iemj.org\/fuld-leo-1912-1997\/"},"modified":"2022-09-29T17:13:26","modified_gmt":"2022-09-29T15:13:26","slug":"fuld-leo-1912-1997","status":"publish","type":"post","link":"https:\/\/www.iemj.org\/de\/fuld-leo-1912-1997\/","title":{"rendered":"Fuld, Leo (1912-1997)"},"content":{"rendered":"<p>Leo Fuld ist einer der letzten Interpreten von jiddischen Volksliedern. Seine Karriere fing schon lang vor dem Zweiten Weltkrieg an, and endete 1997 mit seinem Tod. Schon vor dem Zweiten Weltkrieg war Fuld ein sehr bekannter K\u00fcnstler in Europa und Amerika. Mit seiner sofort erkennbaren Stimme hat er zahlreichen Schallplatten in mehreren Sprachen aufgenommen, n\u00e4mlich ins Jiddische, ins Englische, ins Deutsche, ins Franz\u00f6sische, ins Hebr\u00e4ische und ins Niederl\u00e4ndische. Seine Karriere nach dem Krieg machte ihm erneut zu einem Star auf der ganzen Welt und auf die glanzvollsten B\u00fchnen. Mit 83 Jahren nahm er \u201eThe Legend\u201c auf, ohne Zweifel seine beste Schallplatte, mit dem Beinamen \u201eSgt. Pepper der jiddischen Musik\u201c (Abe Goldstein).<\/p>\n<p>Leo Fuld wurde 1912 in Rotterdam geboren, und war das dritte von zehn Kindern einer armen jiddischen Familie. Sein Vater Louis Fuld war ein Gelegenheitswarenh\u00e4ndler. Fulds Begabung f\u00fcr das Gesang ergab sich seit fr\u00fcher Kindheit w\u00e4hrend den Gottesdiensten in der Synagoge. Er erhielt ein Stipendium f\u00fcr das Israelitische Seminar. Seine Eltern hofften, dass der junge Leo \u201eChasan\u201c, Kantor an der Synagoge werden wurde. Mit 16 Fuld bereits in der Synagoge. Parallel dazu sang er weltliche Lieder in Bars, vor allem in Rotterdam, wo er mit dem Singen von 60 Liedern f\u00fcr einen Dollar deb\u00fctierte! Danach brachten ihm seine Erfolge auf der B\u00fchne dazu, sich bei einem Vorsingen f\u00fcr den Rundfunksender VARA zu melden. \u00a0Er wurde dort sofort eingestellt und deb\u00fctierte neben Louis Davids. Er verlaste 1932, um sich bei einem Vorsingen in England f\u00fcr die BBC zu melden. So wurde er der erste niederl\u00e4ndische S\u00e4nger f\u00fcr die BBC.<\/p>\n<p>Mit 19 wurde er von Jack Hylton entdeckt, der ihm einen Dreijahresvertrag mit seinem ber\u00fchmten Orchester verschaffte, woraufhin er auf allen B\u00fchnen Gro\u00dfbritanniens und Kontinentaleuropas auftrat.<\/p>\n<p>1936 wurde er von Clifford C. Fisher f\u00fcr das French Casino in New-York eingestellt, dann im Paramount Theater am Broadway.<\/p>\n<p>Als er ein mit Weltruf K\u00fcnstler geworden war, fing Fuld an, jiddische und hebr\u00e4ische Lieder zu bearbeiten und in seinem Repertoire hinzuf\u00fcgen. Im French Casino war sein gr\u00f6\u00dfter Hit \u201eRozhinkes mit Mandlen\u201c, und der gro\u00dfe Al Jolson kam jeden Abend wieder, nur um ihm ihn singen zu h\u00f6ren. 1938 endete sein befristetes Visum und er musste nach Europa zur\u00fcckkehren, um ein neues Visum zu beantragen. Er nahm das letzte Schiff bevor den Nazis in die Niederlande einfielen, und er bat sofort der Niederl\u00e4ndischen Exilregierung seine Dienste an. Mit Hendrik Van Loon moderierte er Kurzwellesendungen nach den Niederlanden und den Niederl\u00e4ndisch-Indien. \u00a0Daraufhin fingen sich Ger\u00fcchte \u00fcber das Schicksal der j\u00fcdischen Bev\u00f6lkerung von Holland zu verbreiten an, und tats\u00e4chlich wurde fast die ganze Familie von Leo Fuld von den Nazis ermordet. Die Konsequenz f\u00fcr Leo Fuld wurde es, dass er nach dem Auftreten vor einem Publikum nicht mehr zumute war, and er h\u00f6rte zu singen auf.<\/p>\n<p>Da er eine gro\u00dfe Begabung f\u00fcr das Schreiben hatte, wurde er sehr schnell einer der begehrten Autoren von Broadway. Er schrieb f\u00fcr Kom\u00f6dianten wie Milton Berle, die Br\u00fcder Ritz, Jackie Miles, Jackie Gleason, Jan Murray, Jerry Lewis und Dean Martin, bevor er die Programme der Kraft Music Hall machte. Er schrieb, produzierte und inszenierte das Musical \u201eFun For Your Money\u201c, mit dem er durch das Land reiste.<\/p>\n<p>1948 kehrte er nach Holland als amerikanischer B\u00fcrger zur\u00fcck, um Nachrichten von seiner Familie zu haben. Al er ankam zujubelten ihm tausende von Leuten als Dank f\u00fcr seine Radiosendungen w\u00e4hrend dem Krieg, und ihm wurde ein Vertrag vorgeschlagen, um im gr\u00f6\u00dften Theater Amsterdams zu singen. Da er vor mehr als 5 Jahren nicht gesungen hatte, war er aus Angst wie versteinert, aber der Erfolg war so, dass seine Show sich 6 Wochen mehr verl\u00e4ngerte, als was urspr\u00fcnglich geplant war. Da er sein Selbstvertrauen wiedererlangte, akzeptierte er eine neue Einstellung im London Casino, wo er einen Triumph feierte.<\/p>\n<p>Daraufhin kamen neue Angebote f\u00fcr Einstellungen aus der ganzen Welt, und w\u00e4hrend er mit seiner Revue in Paris auftrat, besuchte er ein kleines jiddisches Kabarett, wo er einen \u00dcberlebenden des Warschauer Ghettos ein Lied singen h\u00f6rte, das ihn tief bewegte: \u201eWo Ahin Soll Ich Geh&#8217;n\u201c. Fuld ist von diesem Lied so bewegt, dass er den Autor um eine Kopie bat und ihm versicherte, dass er das Lied zu einem Welterfolg machen werde. Er hielt sein Versprechen. Zur\u00fcck in England schrieb er den Text und nahm das Lied f\u00fcr Decca unter dem Titel \u201eWhere Can I Go?\u201c auf. Der Titel wurde auch in Amerika ein Hit: Fuld sang ihn im Fernsehen in den Shows von Milton Berle, Perry Como und Frank Sinatra. Der Song wurde auch von gro\u00dfen S\u00e4ngern wie Ray Charles und Steve Lawrence aufgenommen und z\u00e4hlte Pers\u00f6nlichkeiten des Chansons wie Billy Holliday, Al Jolson und Edith Piaf zu seinen Bewunderern.<\/p>\n<p>Ab 1949 tourte Leo Fuld mindestens f\u00fcnfmal \u00fcber die B\u00fchnen der Welt. Er teilte die B\u00fchne des ABC-Theaters in Paris zehn Wochen lang mit Edith Piaf und wurde sogar von Kaiser Haile Selassie anl\u00e4sslich der Hochzeit seiner Tochter im Kaiserpalast von Addis Abeba engagiert.<\/p>\n<p>1956 er\u00f6ffnete er seinen eigenen Nachtclub in New York, den er sp\u00e4ter nach Las Vegas verlegte. An seinem 80. Geburtstag kehrte er in die Niederlande zur\u00fcck und nahm mit dem Produzenten Mohamed El-Fers und dem Arrangeur Kees Post im Alter von 84 Jahren sein mythisches jiddisches Album \u201eThe Legend\u201c auf. Auf diesem Album interpretierte Fuld seine bekanntesten Lieder, jedoch mit einem neuen orientalischen Arrangement.<\/p>\n<p>Im Alter von 84 Jahren heiratete Leo Fuld zum dritten Mal. Er starb ein Jahr sp\u00e4ter in seiner Residenz in Amsterdam.<\/p>\n<p><a href=\"http:\/\/www.rachelnet.net\/F\/?func=find-c&amp;ccl_term=WRD+%3D+Leo+Fuld&amp;local_base=iemcg\" target=\"_blank\" rel=\"noopener\">Sehen Sie sich unser Archiv zu L\u00e9o Fuld an<\/a><\/p>\n<p><iframe title=\"The king of Yiddish Music: Leo Fuld - Where can I go? (Wo Ahin soll Ich Geh&#039;n?)\" width=\"640\" height=\"360\" src=\"https:\/\/www.youtube.com\/embed\/9b3aWebZTk4?feature=oembed\" frameborder=\"0\" allow=\"accelerometer; autoplay; clipboard-write; encrypted-media; gyroscope; picture-in-picture; web-share\" referrerpolicy=\"strict-origin-when-cross-origin\" allowfullscreen><\/iframe><\/p>\n<p><iframe title=\"Leo Fuld - Yaas (Yiddish Song)\" width=\"640\" height=\"480\" src=\"https:\/\/www.youtube.com\/embed\/GrFR6pT4ffc?feature=oembed\" frameborder=\"0\" allow=\"accelerometer; autoplay; clipboard-write; encrypted-media; gyroscope; picture-in-picture; web-share\" referrerpolicy=\"strict-origin-when-cross-origin\" allowfullscreen><\/iframe><\/p>\n<p><iframe title=\"LEO FULD &quot; The king of yiddish songs&quot;\" width=\"640\" height=\"480\" src=\"https:\/\/www.youtube.com\/embed\/pPfG3IE_yNU?feature=oembed\" frameborder=\"0\" allow=\"accelerometer; autoplay; clipboard-write; encrypted-media; gyroscope; picture-in-picture; web-share\" referrerpolicy=\"strict-origin-when-cross-origin\" allowfullscreen><\/iframe><\/p>\n","protected":false},"excerpt":{"rendered":"<p>Leo Fuld ist einer der letzten Interpreten von jiddischen Volksliedern. Seine Karriere fing schon lang vor dem Zweiten Weltkrieg an, and endete 1997 mit seinem Tod. Schon vor dem Zweiten<\/p>\n","protected":false},"author":1045,"featured_media":51743,"comment_status":"closed","ping_status":"open","sticky":false,"template":"","format":"standard","meta":{"_acf_changed":false,"footnotes":""},"categories":[1415],"tags":[],"technique":[],"squelettes":[],"sujet":[],"formation":[],"genre":[],"fonds":[],"tradition":[],"type-de-contenu":[],"interprete-compositeur":[],"frise":[],"type-devenement":[],"tableaux-liens-externes":[],"class_list":["post-88269","post","type-post","status-publish","format-standard","has-post-thumbnail","hentry","category-biografien-de"],"acf":[],"yoast_head":"<!-- This site is optimized with the Yoast SEO plugin v27.3 - https:\/\/yoast.com\/product\/yoast-seo-wordpress\/ -->\n<title>Fuld, Leo (1912-1997) - Institut Europ\u00e9en des Musiques Juives<\/title>\n<meta name=\"robots\" content=\"index, follow, max-snippet:-1, max-image-preview:large, max-video-preview:-1\" \/>\n<link rel=\"canonical\" href=\"https:\/\/www.iemj.org\/de\/fuld-leo-1912-1997\/\" \/>\n<meta property=\"og:locale\" content=\"de_DE\" \/>\n<meta property=\"og:type\" content=\"article\" \/>\n<meta property=\"og:title\" content=\"Fuld, Leo (1912-1997) - Institut Europ\u00e9en des Musiques Juives\" \/>\n<meta property=\"og:description\" content=\"Leo Fuld ist einer der letzten Interpreten von jiddischen Volksliedern. Seine Karriere fing schon lang vor dem Zweiten Weltkrieg an, and endete 1997 mit seinem Tod. Schon vor dem Zweiten\" \/>\n<meta property=\"og:url\" content=\"https:\/\/www.iemj.org\/de\/fuld-leo-1912-1997\/\" \/>\n<meta property=\"og:site_name\" content=\"Institut Europ\u00e9en des Musiques Juives\" \/>\n<meta property=\"article:publisher\" content=\"https:\/\/www.facebook.com\/MusiquesJuives\/\" \/>\n<meta property=\"article:published_time\" content=\"2013-01-09T15:01:24+00:00\" \/>\n<meta property=\"article:modified_time\" content=\"2022-09-29T15:13:26+00:00\" \/>\n<meta property=\"og:image\" content=\"https:\/\/www.iemj.org\/wp-content\/uploads\/2013\/01\/arton619-e1624980538238.jpg\" \/>\n\t<meta property=\"og:image:width\" content=\"200\" \/>\n\t<meta property=\"og:image:height\" content=\"218\" \/>\n\t<meta property=\"og:image:type\" content=\"image\/jpeg\" \/>\n<meta name=\"author\" content=\"Herv\u00e9 Roten\" \/>\n<meta name=\"twitter:card\" content=\"summary_large_image\" \/>\n<meta name=\"twitter:label1\" content=\"Verfasst von\" \/>\n\t<meta name=\"twitter:data1\" content=\"Herv\u00e9 Roten\" \/>\n\t<meta name=\"twitter:label2\" content=\"Gesch\u00e4tzte Lesezeit\" \/>\n\t<meta name=\"twitter:data2\" content=\"5\u00a0Minuten\" \/>\n<script type=\"application\/ld+json\" class=\"yoast-schema-graph\">{\"@context\":\"https:\\\/\\\/schema.org\",\"@graph\":[{\"@type\":\"Article\",\"@id\":\"https:\\\/\\\/www.iemj.org\\\/de\\\/fuld-leo-1912-1997\\\/#article\",\"isPartOf\":{\"@id\":\"https:\\\/\\\/www.iemj.org\\\/de\\\/fuld-leo-1912-1997\\\/\"},\"author\":{\"name\":\"Herv\u00e9 Roten\",\"@id\":\"https:\\\/\\\/www.iemj.org\\\/de\\\/#\\\/schema\\\/person\\\/906134402c29d5c76e7b726261dd4bbd\"},\"headline\":\"Fuld, Leo (1912-1997)\",\"datePublished\":\"2013-01-09T15:01:24+00:00\",\"dateModified\":\"2022-09-29T15:13:26+00:00\",\"mainEntityOfPage\":{\"@id\":\"https:\\\/\\\/www.iemj.org\\\/de\\\/fuld-leo-1912-1997\\\/\"},\"wordCount\":1000,\"publisher\":{\"@id\":\"https:\\\/\\\/www.iemj.org\\\/de\\\/#organization\"},\"image\":{\"@id\":\"https:\\\/\\\/www.iemj.org\\\/de\\\/fuld-leo-1912-1997\\\/#primaryimage\"},\"thumbnailUrl\":\"https:\\\/\\\/www.iemj.org\\\/wp-content\\\/uploads\\\/2013\\\/01\\\/arton619-e1624980538238.jpg\",\"articleSection\":[\"Biografien\"],\"inLanguage\":\"de\"},{\"@type\":\"WebPage\",\"@id\":\"https:\\\/\\\/www.iemj.org\\\/de\\\/fuld-leo-1912-1997\\\/\",\"url\":\"https:\\\/\\\/www.iemj.org\\\/de\\\/fuld-leo-1912-1997\\\/\",\"name\":\"Fuld, Leo (1912-1997) - Institut Europ\u00e9en des Musiques Juives\",\"isPartOf\":{\"@id\":\"https:\\\/\\\/www.iemj.org\\\/de\\\/#website\"},\"primaryImageOfPage\":{\"@id\":\"https:\\\/\\\/www.iemj.org\\\/de\\\/fuld-leo-1912-1997\\\/#primaryimage\"},\"image\":{\"@id\":\"https:\\\/\\\/www.iemj.org\\\/de\\\/fuld-leo-1912-1997\\\/#primaryimage\"},\"thumbnailUrl\":\"https:\\\/\\\/www.iemj.org\\\/wp-content\\\/uploads\\\/2013\\\/01\\\/arton619-e1624980538238.jpg\",\"datePublished\":\"2013-01-09T15:01:24+00:00\",\"dateModified\":\"2022-09-29T15:13:26+00:00\",\"breadcrumb\":{\"@id\":\"https:\\\/\\\/www.iemj.org\\\/de\\\/fuld-leo-1912-1997\\\/#breadcrumb\"},\"inLanguage\":\"de\",\"potentialAction\":[{\"@type\":\"ReadAction\",\"target\":[\"https:\\\/\\\/www.iemj.org\\\/de\\\/fuld-leo-1912-1997\\\/\"]}]},{\"@type\":\"ImageObject\",\"inLanguage\":\"de\",\"@id\":\"https:\\\/\\\/www.iemj.org\\\/de\\\/fuld-leo-1912-1997\\\/#primaryimage\",\"url\":\"https:\\\/\\\/www.iemj.org\\\/wp-content\\\/uploads\\\/2013\\\/01\\\/arton619-e1624980538238.jpg\",\"contentUrl\":\"https:\\\/\\\/www.iemj.org\\\/wp-content\\\/uploads\\\/2013\\\/01\\\/arton619-e1624980538238.jpg\",\"width\":200,\"height\":218},{\"@type\":\"BreadcrumbList\",\"@id\":\"https:\\\/\\\/www.iemj.org\\\/de\\\/fuld-leo-1912-1997\\\/#breadcrumb\",\"itemListElement\":[{\"@type\":\"ListItem\",\"position\":1,\"name\":\"Accueil\",\"item\":\"https:\\\/\\\/www.iemj.org\\\/de\\\/\"},{\"@type\":\"ListItem\",\"position\":2,\"name\":\"Fuld, Leo (1912-1997)\"}]},{\"@type\":\"WebSite\",\"@id\":\"https:\\\/\\\/www.iemj.org\\\/de\\\/#website\",\"url\":\"https:\\\/\\\/www.iemj.org\\\/de\\\/\",\"name\":\"Institut Europ\u00e9en des Musiques Juives\",\"description\":\"Des traditions musicales \u00e0 la port\u00e9e de tous\",\"publisher\":{\"@id\":\"https:\\\/\\\/www.iemj.org\\\/de\\\/#organization\"},\"potentialAction\":[{\"@type\":\"SearchAction\",\"target\":{\"@type\":\"EntryPoint\",\"urlTemplate\":\"https:\\\/\\\/www.iemj.org\\\/de\\\/?s={search_term_string}\"},\"query-input\":{\"@type\":\"PropertyValueSpecification\",\"valueRequired\":true,\"valueName\":\"search_term_string\"}}],\"inLanguage\":\"de\"},{\"@type\":\"Organization\",\"@id\":\"https:\\\/\\\/www.iemj.org\\\/de\\\/#organization\",\"name\":\"Institut Europ\u00e9en des Musiques Juives\",\"url\":\"https:\\\/\\\/www.iemj.org\\\/de\\\/\",\"logo\":{\"@type\":\"ImageObject\",\"inLanguage\":\"de\",\"@id\":\"https:\\\/\\\/www.iemj.org\\\/de\\\/#\\\/schema\\\/logo\\\/image\\\/\",\"url\":\"https:\\\/\\\/www.iemj.org\\\/wp-content\\\/uploads\\\/2021\\\/09\\\/Logo-IEMJ-Paypal.jpg\",\"contentUrl\":\"https:\\\/\\\/www.iemj.org\\\/wp-content\\\/uploads\\\/2021\\\/09\\\/Logo-IEMJ-Paypal.jpg\",\"width\":150,\"height\":50,\"caption\":\"Institut Europ\u00e9en des Musiques Juives\"},\"image\":{\"@id\":\"https:\\\/\\\/www.iemj.org\\\/de\\\/#\\\/schema\\\/logo\\\/image\\\/\"},\"sameAs\":[\"https:\\\/\\\/www.facebook.com\\\/MusiquesJuives\\\/\",\"https:\\\/\\\/www.instagram.com\\\/musiquesjuives\\\/\",\"https:\\\/\\\/www.youtube.com\\\/user\\\/musiquesjuives\"]},{\"@type\":\"Person\",\"@id\":\"https:\\\/\\\/www.iemj.org\\\/de\\\/#\\\/schema\\\/person\\\/906134402c29d5c76e7b726261dd4bbd\",\"name\":\"Herv\u00e9 Roten\",\"image\":{\"@type\":\"ImageObject\",\"inLanguage\":\"de\",\"@id\":\"https:\\\/\\\/secure.gravatar.com\\\/avatar\\\/f96ad2db538a26481f18384936b5cd0610c92d390c4dc382209216d455f685ff?s=96&d=mm&r=g\",\"url\":\"https:\\\/\\\/secure.gravatar.com\\\/avatar\\\/f96ad2db538a26481f18384936b5cd0610c92d390c4dc382209216d455f685ff?s=96&d=mm&r=g\",\"contentUrl\":\"https:\\\/\\\/secure.gravatar.com\\\/avatar\\\/f96ad2db538a26481f18384936b5cd0610c92d390c4dc382209216d455f685ff?s=96&d=mm&r=g\",\"caption\":\"Herv\u00e9 Roten\"}}]}<\/script>\n<!-- \/ Yoast SEO plugin. -->","yoast_head_json":{"title":"Fuld, Leo (1912-1997) - Institut Europ\u00e9en des Musiques Juives","robots":{"index":"index","follow":"follow","max-snippet":"max-snippet:-1","max-image-preview":"max-image-preview:large","max-video-preview":"max-video-preview:-1"},"canonical":"https:\/\/www.iemj.org\/de\/fuld-leo-1912-1997\/","og_locale":"de_DE","og_type":"article","og_title":"Fuld, Leo (1912-1997) - Institut Europ\u00e9en des Musiques Juives","og_description":"Leo Fuld ist einer der letzten Interpreten von jiddischen Volksliedern. Seine Karriere fing schon lang vor dem Zweiten Weltkrieg an, and endete 1997 mit seinem Tod. Schon vor dem Zweiten","og_url":"https:\/\/www.iemj.org\/de\/fuld-leo-1912-1997\/","og_site_name":"Institut Europ\u00e9en des Musiques Juives","article_publisher":"https:\/\/www.facebook.com\/MusiquesJuives\/","article_published_time":"2013-01-09T15:01:24+00:00","article_modified_time":"2022-09-29T15:13:26+00:00","og_image":[{"width":200,"height":218,"url":"https:\/\/www.iemj.org\/wp-content\/uploads\/2013\/01\/arton619-e1624980538238.jpg","type":"image\/jpeg"}],"author":"Herv\u00e9 Roten","twitter_card":"summary_large_image","twitter_misc":{"Verfasst von":"Herv\u00e9 Roten","Gesch\u00e4tzte Lesezeit":"5\u00a0Minuten"},"schema":{"@context":"https:\/\/schema.org","@graph":[{"@type":"Article","@id":"https:\/\/www.iemj.org\/de\/fuld-leo-1912-1997\/#article","isPartOf":{"@id":"https:\/\/www.iemj.org\/de\/fuld-leo-1912-1997\/"},"author":{"name":"Herv\u00e9 Roten","@id":"https:\/\/www.iemj.org\/de\/#\/schema\/person\/906134402c29d5c76e7b726261dd4bbd"},"headline":"Fuld, Leo (1912-1997)","datePublished":"2013-01-09T15:01:24+00:00","dateModified":"2022-09-29T15:13:26+00:00","mainEntityOfPage":{"@id":"https:\/\/www.iemj.org\/de\/fuld-leo-1912-1997\/"},"wordCount":1000,"publisher":{"@id":"https:\/\/www.iemj.org\/de\/#organization"},"image":{"@id":"https:\/\/www.iemj.org\/de\/fuld-leo-1912-1997\/#primaryimage"},"thumbnailUrl":"https:\/\/www.iemj.org\/wp-content\/uploads\/2013\/01\/arton619-e1624980538238.jpg","articleSection":["Biografien"],"inLanguage":"de"},{"@type":"WebPage","@id":"https:\/\/www.iemj.org\/de\/fuld-leo-1912-1997\/","url":"https:\/\/www.iemj.org\/de\/fuld-leo-1912-1997\/","name":"Fuld, Leo (1912-1997) - Institut Europ\u00e9en des Musiques Juives","isPartOf":{"@id":"https:\/\/www.iemj.org\/de\/#website"},"primaryImageOfPage":{"@id":"https:\/\/www.iemj.org\/de\/fuld-leo-1912-1997\/#primaryimage"},"image":{"@id":"https:\/\/www.iemj.org\/de\/fuld-leo-1912-1997\/#primaryimage"},"thumbnailUrl":"https:\/\/www.iemj.org\/wp-content\/uploads\/2013\/01\/arton619-e1624980538238.jpg","datePublished":"2013-01-09T15:01:24+00:00","dateModified":"2022-09-29T15:13:26+00:00","breadcrumb":{"@id":"https:\/\/www.iemj.org\/de\/fuld-leo-1912-1997\/#breadcrumb"},"inLanguage":"de","potentialAction":[{"@type":"ReadAction","target":["https:\/\/www.iemj.org\/de\/fuld-leo-1912-1997\/"]}]},{"@type":"ImageObject","inLanguage":"de","@id":"https:\/\/www.iemj.org\/de\/fuld-leo-1912-1997\/#primaryimage","url":"https:\/\/www.iemj.org\/wp-content\/uploads\/2013\/01\/arton619-e1624980538238.jpg","contentUrl":"https:\/\/www.iemj.org\/wp-content\/uploads\/2013\/01\/arton619-e1624980538238.jpg","width":200,"height":218},{"@type":"BreadcrumbList","@id":"https:\/\/www.iemj.org\/de\/fuld-leo-1912-1997\/#breadcrumb","itemListElement":[{"@type":"ListItem","position":1,"name":"Accueil","item":"https:\/\/www.iemj.org\/de\/"},{"@type":"ListItem","position":2,"name":"Fuld, Leo (1912-1997)"}]},{"@type":"WebSite","@id":"https:\/\/www.iemj.org\/de\/#website","url":"https:\/\/www.iemj.org\/de\/","name":"Institut Europ\u00e9en des Musiques Juives","description":"Des traditions musicales \u00e0 la port\u00e9e de tous","publisher":{"@id":"https:\/\/www.iemj.org\/de\/#organization"},"potentialAction":[{"@type":"SearchAction","target":{"@type":"EntryPoint","urlTemplate":"https:\/\/www.iemj.org\/de\/?s={search_term_string}"},"query-input":{"@type":"PropertyValueSpecification","valueRequired":true,"valueName":"search_term_string"}}],"inLanguage":"de"},{"@type":"Organization","@id":"https:\/\/www.iemj.org\/de\/#organization","name":"Institut Europ\u00e9en des Musiques Juives","url":"https:\/\/www.iemj.org\/de\/","logo":{"@type":"ImageObject","inLanguage":"de","@id":"https:\/\/www.iemj.org\/de\/#\/schema\/logo\/image\/","url":"https:\/\/www.iemj.org\/wp-content\/uploads\/2021\/09\/Logo-IEMJ-Paypal.jpg","contentUrl":"https:\/\/www.iemj.org\/wp-content\/uploads\/2021\/09\/Logo-IEMJ-Paypal.jpg","width":150,"height":50,"caption":"Institut Europ\u00e9en des Musiques Juives"},"image":{"@id":"https:\/\/www.iemj.org\/de\/#\/schema\/logo\/image\/"},"sameAs":["https:\/\/www.facebook.com\/MusiquesJuives\/","https:\/\/www.instagram.com\/musiquesjuives\/","https:\/\/www.youtube.com\/user\/musiquesjuives"]},{"@type":"Person","@id":"https:\/\/www.iemj.org\/de\/#\/schema\/person\/906134402c29d5c76e7b726261dd4bbd","name":"Herv\u00e9 Roten","image":{"@type":"ImageObject","inLanguage":"de","@id":"https:\/\/secure.gravatar.com\/avatar\/f96ad2db538a26481f18384936b5cd0610c92d390c4dc382209216d455f685ff?s=96&d=mm&r=g","url":"https:\/\/secure.gravatar.com\/avatar\/f96ad2db538a26481f18384936b5cd0610c92d390c4dc382209216d455f685ff?s=96&d=mm&r=g","contentUrl":"https:\/\/secure.gravatar.com\/avatar\/f96ad2db538a26481f18384936b5cd0610c92d390c4dc382209216d455f685ff?s=96&d=mm&r=g","caption":"Herv\u00e9 Roten"}}]}},"_links":{"self":[{"href":"https:\/\/www.iemj.org\/de\/wp-json\/wp\/v2\/posts\/88269","targetHints":{"allow":["GET"]}}],"collection":[{"href":"https:\/\/www.iemj.org\/de\/wp-json\/wp\/v2\/posts"}],"about":[{"href":"https:\/\/www.iemj.org\/de\/wp-json\/wp\/v2\/types\/post"}],"author":[{"embeddable":true,"href":"https:\/\/www.iemj.org\/de\/wp-json\/wp\/v2\/users\/1045"}],"replies":[{"embeddable":true,"href":"https:\/\/www.iemj.org\/de\/wp-json\/wp\/v2\/comments?post=88269"}],"version-history":[{"count":0,"href":"https:\/\/www.iemj.org\/de\/wp-json\/wp\/v2\/posts\/88269\/revisions"}],"wp:featuredmedia":[{"embeddable":true,"href":"https:\/\/www.iemj.org\/de\/wp-json\/wp\/v2\/media\/51743"}],"wp:attachment":[{"href":"https:\/\/www.iemj.org\/de\/wp-json\/wp\/v2\/media?parent=88269"}],"wp:term":[{"taxonomy":"category","embeddable":true,"href":"https:\/\/www.iemj.org\/de\/wp-json\/wp\/v2\/categories?post=88269"},{"taxonomy":"post_tag","embeddable":true,"href":"https:\/\/www.iemj.org\/de\/wp-json\/wp\/v2\/tags?post=88269"},{"taxonomy":"technique","embeddable":true,"href":"https:\/\/www.iemj.org\/de\/wp-json\/wp\/v2\/technique?post=88269"},{"taxonomy":"squelettes","embeddable":true,"href":"https:\/\/www.iemj.org\/de\/wp-json\/wp\/v2\/squelettes?post=88269"},{"taxonomy":"sujet","embeddable":true,"href":"https:\/\/www.iemj.org\/de\/wp-json\/wp\/v2\/sujet?post=88269"},{"taxonomy":"formation","embeddable":true,"href":"https:\/\/www.iemj.org\/de\/wp-json\/wp\/v2\/formation?post=88269"},{"taxonomy":"genre","embeddable":true,"href":"https:\/\/www.iemj.org\/de\/wp-json\/wp\/v2\/genre?post=88269"},{"taxonomy":"fonds","embeddable":true,"href":"https:\/\/www.iemj.org\/de\/wp-json\/wp\/v2\/fonds?post=88269"},{"taxonomy":"tradition","embeddable":true,"href":"https:\/\/www.iemj.org\/de\/wp-json\/wp\/v2\/tradition?post=88269"},{"taxonomy":"type-de-contenu","embeddable":true,"href":"https:\/\/www.iemj.org\/de\/wp-json\/wp\/v2\/type-de-contenu?post=88269"},{"taxonomy":"interprete-compositeur","embeddable":true,"href":"https:\/\/www.iemj.org\/de\/wp-json\/wp\/v2\/interprete-compositeur?post=88269"},{"taxonomy":"frise","embeddable":true,"href":"https:\/\/www.iemj.org\/de\/wp-json\/wp\/v2\/frise?post=88269"},{"taxonomy":"type-devenement","embeddable":true,"href":"https:\/\/www.iemj.org\/de\/wp-json\/wp\/v2\/type-devenement?post=88269"},{"taxonomy":"tableaux-liens-externes","embeddable":true,"href":"https:\/\/www.iemj.org\/de\/wp-json\/wp\/v2\/tableaux-liens-externes?post=88269"}],"curies":[{"name":"wp","href":"https:\/\/api.w.org\/{rel}","templated":true}]}}