{"id":88298,"date":"2019-06-04T16:22:05","date_gmt":"2019-06-04T14:22:05","guid":{"rendered":"https:\/\/www.iemj.org\/gerovitch-eliezer-1844-1914\/"},"modified":"2022-10-03T12:27:50","modified_gmt":"2022-10-03T10:27:50","slug":"gerovitch-eliezer-1844-1914","status":"publish","type":"post","link":"https:\/\/www.iemj.org\/de\/gerovitch-eliezer-1844-1914\/","title":{"rendered":"Gerovitch, Eliezer (1844-1914)"},"content":{"rendered":"<p>Eliezer Mordechai ben Yitschak Gerovitch wurde 1844 in Kitaigorod, in der Provinz Kiew, Russland, geboren. Er erhielt eine religi\u00f6se Erziehung in verschiedenen Jeschiwot (Einrichtungen, die eine gr\u00fcndliche Ausbildung in Talmud und Tora anbieten). Seine in der Kindheit erworbene religi\u00f6se Gelehrsamkeit trug in den letzten Jahren seines Lebens viel zu seiner Entwicklung als Komponist synagogaler Musik bei.<\/p>\n<p>Schon in seiner fr\u00fchen Kindheit zeigte Eliezer Gerovitch eine ausgepr\u00e4gte Begabung und Vorliebe f\u00fcr Musik, die er jedoch aufgrund der Armut seiner Familie erst im Alter von 18 Jahren entwickeln konnte. Er ging nach Berditschiw, einer Stadt, die f\u00fcr die Qualit\u00e4t ihrer Chasanut bekannt war, um Musik und insbesondere Harmonielehre zu studieren. Mit einer sch\u00f6nen Tenorstimme ausgestattet, studierte er Gesang bei Moses Spizberg, dem Ersten Kantor der Synagoge von Berditschiw, der ihn schlie\u00dflich als Kantor in seiner Synagoge einstellte. Er machte sich mit dem klassischen synagogalen Repertoire und Komponisten wie <a href=\"https:\/\/www.iemj.org\/de\/sulzer-salomon-1804-1890\/\">Sulzer<\/a>, <a href=\"https:\/\/www.iemj.org\/de\/lewandowski-louis-lazarus-1821-1894\/\" target=\"_blank\" rel=\"noopener\">Lewandowski<\/a>, <a href=\"https:\/\/www.iemj.org\/de\/naumbourg-samuel-1817-1880\/\">Naumbourg<\/a> oder Weintraub vertraut. Sp\u00e4ter bekleidete er die Stelle des Kantors in der Synagoge von Nikolajew, wo er sein Talent als Komponist synagogaler Musik weiterentwickelte.<\/p>\n<p>Da er seine musikalischen Kenntnisse vertiefen wollte, gab er seine Stelle auf und ging nach St. Petersburg, wo er am Konservatorium Gesang studierte. In dieser Zeit lernte er Rimski-Korsakow kennen, mit dem er einen umfangreichen Briefwechsel \u00fcber synagogale Musik und seine Beziehung zur Musik der griechisch-orthodoxen Kirche unterhielt.<\/p>\n<p><strong><img decoding=\"async\" src=\"https:\/\/www.iemj.org\/wp-content\/uploads\/2019\/06\/synagogue_de_rostov.jpg\" alt=\"synagogue_de_rostov.jpg\" data-description=\"&quot;&lt;strong\" \/>Synagoge von Rostov<\/strong><\/p>\n<p>Obwohl er f\u00fcr die nunmehr vakante Stelle des Chasans in St. Petersburg vorgesehen war, zog er diese der Stelle in Rostow am Don vor, da diese klimatisch besser zu seinen gesundheitlichen Einschr\u00e4nkungen passte. Hier nahm sein Talent f\u00fcr synagogale Kompositionen seinen Lauf. Hier verfasste er seine beiden sechsb\u00e4ndigen Sammlungen synagogaler Musik, drei unter dem Titel <em>Shire T&#8217;filoh<\/em> und drei unter dem Titel <em>Shire Zimroh<\/em>.<\/p>\n<p>Gerovitchs Werke und synagogale Praxis stehen im Einklang mit seinem Wunsch, den Geist der Tradition so \u201etreu\u201c wie m\u00f6glich wiederzugeben, indem er Arrangements und eine Harmonik, oft modal, verwendet, die so nah wie m\u00f6glich an der Tradition ist, und dies trotz des oppositionellen Klimas der Reformisten, die modische Komponisten wie H\u00e4ndel und Verdi in die Liturgie einf\u00fchren wollten.<\/p>\n<p>Eliezer Gerovitch, der von seiner Gemeinde wegen seines Charakters und seiner Leistungen bewundert wurde, starb am 8. Oktober 1914 in Rostow.<\/p>\n<p><center><strong>&#8212;&#8212;&#8212;&#8212;&#8212;&#8212;&#8212;&#8212;&#8212;&#8212;&#8212;&#8212;&#8212;&#8212;&#8212;&#8212;&#8212;&#8212;&#8212;&#8212;&#8212;&#8212;&#8212;&#8212;&#8212;&#8212;&#8212;&#8212;&#8212;&#8212;&#8211;<\/strong><\/center><em>(Nach dem Vorwort von Shirei Tefillah von Gerovitch, geschrieben von Prof. A. W. Binder, Professor f\u00fcr liturgische Musik, Hebrew Union College)<\/em><\/p>\n","protected":false},"excerpt":{"rendered":"<p>Eliezer Mordechai ben Yitschak Gerovitch wurde 1844 in Kitaigorod, in der Provinz Kiew, Russland, geboren. Er erhielt eine religi\u00f6se Erziehung in verschiedenen Jeschiwot (Einrichtungen, die eine gr\u00fcndliche Ausbildung in Talmud<\/p>\n","protected":false},"author":5,"featured_media":51771,"comment_status":"closed","ping_status":"open","sticky":false,"template":"","format":"standard","meta":{"_acf_changed":false,"footnotes":""},"categories":[1415],"tags":[],"technique":[],"squelettes":[],"sujet":[],"formation":[],"genre":[],"fonds":[],"tradition":[],"type-de-contenu":[],"interprete-compositeur":[],"frise":[],"type-devenement":[],"tableaux-liens-externes":[],"class_list":["post-88298","post","type-post","status-publish","format-standard","has-post-thumbnail","hentry","category-biografien-de"],"acf":[],"yoast_head":"<!-- This site is optimized with the Yoast SEO plugin v27.3 - https:\/\/yoast.com\/product\/yoast-seo-wordpress\/ -->\n<title>Gerovitch, Eliezer (1844-1914) - Institut Europ\u00e9en des Musiques Juives<\/title>\n<meta name=\"robots\" content=\"index, follow, max-snippet:-1, max-image-preview:large, max-video-preview:-1\" \/>\n<link rel=\"canonical\" href=\"https:\/\/www.iemj.org\/de\/gerovitch-eliezer-1844-1914\/\" \/>\n<meta property=\"og:locale\" content=\"de_DE\" \/>\n<meta property=\"og:type\" content=\"article\" \/>\n<meta property=\"og:title\" content=\"Gerovitch, Eliezer (1844-1914) - Institut Europ\u00e9en des Musiques Juives\" \/>\n<meta property=\"og:description\" content=\"Eliezer Mordechai ben Yitschak Gerovitch wurde 1844 in Kitaigorod, in der Provinz Kiew, Russland, geboren. Er erhielt eine religi\u00f6se Erziehung in verschiedenen Jeschiwot (Einrichtungen, die eine gr\u00fcndliche Ausbildung in Talmud\" \/>\n<meta property=\"og:url\" content=\"https:\/\/www.iemj.org\/de\/gerovitch-eliezer-1844-1914\/\" \/>\n<meta property=\"og:site_name\" content=\"Institut Europ\u00e9en des Musiques Juives\" \/>\n<meta property=\"article:publisher\" content=\"https:\/\/www.facebook.com\/MusiquesJuives\/\" \/>\n<meta property=\"article:published_time\" content=\"2019-06-04T14:22:05+00:00\" \/>\n<meta property=\"article:modified_time\" content=\"2022-10-03T10:27:50+00:00\" \/>\n<meta property=\"og:image\" content=\"https:\/\/www.iemj.org\/wp-content\/uploads\/2019\/06\/arton4198-e1625038067988.jpg\" \/>\n\t<meta property=\"og:image:width\" content=\"153\" \/>\n\t<meta property=\"og:image:height\" content=\"218\" \/>\n\t<meta property=\"og:image:type\" content=\"image\/jpeg\" \/>\n<meta name=\"author\" content=\"Jacqueline ROTEN\" \/>\n<meta name=\"twitter:card\" content=\"summary_large_image\" \/>\n<meta name=\"twitter:label1\" content=\"Verfasst von\" \/>\n\t<meta name=\"twitter:data1\" content=\"Jacqueline ROTEN\" \/>\n\t<meta name=\"twitter:label2\" content=\"Gesch\u00e4tzte Lesezeit\" \/>\n\t<meta name=\"twitter:data2\" content=\"3\u00a0Minuten\" \/>\n<script type=\"application\/ld+json\" class=\"yoast-schema-graph\">{\"@context\":\"https:\\\/\\\/schema.org\",\"@graph\":[{\"@type\":\"Article\",\"@id\":\"https:\\\/\\\/www.iemj.org\\\/de\\\/gerovitch-eliezer-1844-1914\\\/#article\",\"isPartOf\":{\"@id\":\"https:\\\/\\\/www.iemj.org\\\/de\\\/gerovitch-eliezer-1844-1914\\\/\"},\"author\":{\"name\":\"Jacqueline ROTEN\",\"@id\":\"https:\\\/\\\/www.iemj.org\\\/de\\\/#\\\/schema\\\/person\\\/358e26c18aca017fcc4cc15437f7279c\"},\"headline\":\"Gerovitch, Eliezer (1844-1914)\",\"datePublished\":\"2019-06-04T14:22:05+00:00\",\"dateModified\":\"2022-10-03T10:27:50+00:00\",\"mainEntityOfPage\":{\"@id\":\"https:\\\/\\\/www.iemj.org\\\/de\\\/gerovitch-eliezer-1844-1914\\\/\"},\"wordCount\":409,\"publisher\":{\"@id\":\"https:\\\/\\\/www.iemj.org\\\/de\\\/#organization\"},\"image\":{\"@id\":\"https:\\\/\\\/www.iemj.org\\\/de\\\/gerovitch-eliezer-1844-1914\\\/#primaryimage\"},\"thumbnailUrl\":\"https:\\\/\\\/www.iemj.org\\\/wp-content\\\/uploads\\\/2019\\\/06\\\/arton4198-e1625038067988.jpg\",\"articleSection\":[\"Biografien\"],\"inLanguage\":\"de\"},{\"@type\":\"WebPage\",\"@id\":\"https:\\\/\\\/www.iemj.org\\\/de\\\/gerovitch-eliezer-1844-1914\\\/\",\"url\":\"https:\\\/\\\/www.iemj.org\\\/de\\\/gerovitch-eliezer-1844-1914\\\/\",\"name\":\"Gerovitch, Eliezer (1844-1914) - Institut Europ\u00e9en des Musiques Juives\",\"isPartOf\":{\"@id\":\"https:\\\/\\\/www.iemj.org\\\/de\\\/#website\"},\"primaryImageOfPage\":{\"@id\":\"https:\\\/\\\/www.iemj.org\\\/de\\\/gerovitch-eliezer-1844-1914\\\/#primaryimage\"},\"image\":{\"@id\":\"https:\\\/\\\/www.iemj.org\\\/de\\\/gerovitch-eliezer-1844-1914\\\/#primaryimage\"},\"thumbnailUrl\":\"https:\\\/\\\/www.iemj.org\\\/wp-content\\\/uploads\\\/2019\\\/06\\\/arton4198-e1625038067988.jpg\",\"datePublished\":\"2019-06-04T14:22:05+00:00\",\"dateModified\":\"2022-10-03T10:27:50+00:00\",\"breadcrumb\":{\"@id\":\"https:\\\/\\\/www.iemj.org\\\/de\\\/gerovitch-eliezer-1844-1914\\\/#breadcrumb\"},\"inLanguage\":\"de\",\"potentialAction\":[{\"@type\":\"ReadAction\",\"target\":[\"https:\\\/\\\/www.iemj.org\\\/de\\\/gerovitch-eliezer-1844-1914\\\/\"]}]},{\"@type\":\"ImageObject\",\"inLanguage\":\"de\",\"@id\":\"https:\\\/\\\/www.iemj.org\\\/de\\\/gerovitch-eliezer-1844-1914\\\/#primaryimage\",\"url\":\"https:\\\/\\\/www.iemj.org\\\/wp-content\\\/uploads\\\/2019\\\/06\\\/arton4198-e1625038067988.jpg\",\"contentUrl\":\"https:\\\/\\\/www.iemj.org\\\/wp-content\\\/uploads\\\/2019\\\/06\\\/arton4198-e1625038067988.jpg\",\"width\":153,\"height\":218},{\"@type\":\"BreadcrumbList\",\"@id\":\"https:\\\/\\\/www.iemj.org\\\/de\\\/gerovitch-eliezer-1844-1914\\\/#breadcrumb\",\"itemListElement\":[{\"@type\":\"ListItem\",\"position\":1,\"name\":\"Accueil\",\"item\":\"https:\\\/\\\/www.iemj.org\\\/de\\\/\"},{\"@type\":\"ListItem\",\"position\":2,\"name\":\"Gerovitch, Eliezer (1844-1914)\"}]},{\"@type\":\"WebSite\",\"@id\":\"https:\\\/\\\/www.iemj.org\\\/de\\\/#website\",\"url\":\"https:\\\/\\\/www.iemj.org\\\/de\\\/\",\"name\":\"Institut Europ\u00e9en des Musiques Juives\",\"description\":\"Des traditions musicales \u00e0 la port\u00e9e de tous\",\"publisher\":{\"@id\":\"https:\\\/\\\/www.iemj.org\\\/de\\\/#organization\"},\"potentialAction\":[{\"@type\":\"SearchAction\",\"target\":{\"@type\":\"EntryPoint\",\"urlTemplate\":\"https:\\\/\\\/www.iemj.org\\\/de\\\/?s={search_term_string}\"},\"query-input\":{\"@type\":\"PropertyValueSpecification\",\"valueRequired\":true,\"valueName\":\"search_term_string\"}}],\"inLanguage\":\"de\"},{\"@type\":\"Organization\",\"@id\":\"https:\\\/\\\/www.iemj.org\\\/de\\\/#organization\",\"name\":\"Institut Europ\u00e9en des Musiques Juives\",\"url\":\"https:\\\/\\\/www.iemj.org\\\/de\\\/\",\"logo\":{\"@type\":\"ImageObject\",\"inLanguage\":\"de\",\"@id\":\"https:\\\/\\\/www.iemj.org\\\/de\\\/#\\\/schema\\\/logo\\\/image\\\/\",\"url\":\"https:\\\/\\\/www.iemj.org\\\/wp-content\\\/uploads\\\/2021\\\/09\\\/Logo-IEMJ-Paypal.jpg\",\"contentUrl\":\"https:\\\/\\\/www.iemj.org\\\/wp-content\\\/uploads\\\/2021\\\/09\\\/Logo-IEMJ-Paypal.jpg\",\"width\":150,\"height\":50,\"caption\":\"Institut Europ\u00e9en des Musiques Juives\"},\"image\":{\"@id\":\"https:\\\/\\\/www.iemj.org\\\/de\\\/#\\\/schema\\\/logo\\\/image\\\/\"},\"sameAs\":[\"https:\\\/\\\/www.facebook.com\\\/MusiquesJuives\\\/\",\"https:\\\/\\\/www.instagram.com\\\/musiquesjuives\\\/\",\"https:\\\/\\\/www.youtube.com\\\/user\\\/musiquesjuives\"]},{\"@type\":\"Person\",\"@id\":\"https:\\\/\\\/www.iemj.org\\\/de\\\/#\\\/schema\\\/person\\\/358e26c18aca017fcc4cc15437f7279c\",\"name\":\"Jacqueline ROTEN\",\"image\":{\"@type\":\"ImageObject\",\"inLanguage\":\"de\",\"@id\":\"https:\\\/\\\/secure.gravatar.com\\\/avatar\\\/5964256d6c6957de3a3505278957e0fb2a35119ac47ea41827a65301213c810b?s=96&d=mm&r=g\",\"url\":\"https:\\\/\\\/secure.gravatar.com\\\/avatar\\\/5964256d6c6957de3a3505278957e0fb2a35119ac47ea41827a65301213c810b?s=96&d=mm&r=g\",\"contentUrl\":\"https:\\\/\\\/secure.gravatar.com\\\/avatar\\\/5964256d6c6957de3a3505278957e0fb2a35119ac47ea41827a65301213c810b?s=96&d=mm&r=g\",\"caption\":\"Jacqueline ROTEN\"}}]}<\/script>\n<!-- \/ Yoast SEO plugin. -->","yoast_head_json":{"title":"Gerovitch, Eliezer (1844-1914) - Institut Europ\u00e9en des Musiques Juives","robots":{"index":"index","follow":"follow","max-snippet":"max-snippet:-1","max-image-preview":"max-image-preview:large","max-video-preview":"max-video-preview:-1"},"canonical":"https:\/\/www.iemj.org\/de\/gerovitch-eliezer-1844-1914\/","og_locale":"de_DE","og_type":"article","og_title":"Gerovitch, Eliezer (1844-1914) - Institut Europ\u00e9en des Musiques Juives","og_description":"Eliezer Mordechai ben Yitschak Gerovitch wurde 1844 in Kitaigorod, in der Provinz Kiew, Russland, geboren. Er erhielt eine religi\u00f6se Erziehung in verschiedenen Jeschiwot (Einrichtungen, die eine gr\u00fcndliche Ausbildung in Talmud","og_url":"https:\/\/www.iemj.org\/de\/gerovitch-eliezer-1844-1914\/","og_site_name":"Institut Europ\u00e9en des Musiques Juives","article_publisher":"https:\/\/www.facebook.com\/MusiquesJuives\/","article_published_time":"2019-06-04T14:22:05+00:00","article_modified_time":"2022-10-03T10:27:50+00:00","og_image":[{"width":153,"height":218,"url":"https:\/\/www.iemj.org\/wp-content\/uploads\/2019\/06\/arton4198-e1625038067988.jpg","type":"image\/jpeg"}],"author":"Jacqueline ROTEN","twitter_card":"summary_large_image","twitter_misc":{"Verfasst von":"Jacqueline ROTEN","Gesch\u00e4tzte Lesezeit":"3\u00a0Minuten"},"schema":{"@context":"https:\/\/schema.org","@graph":[{"@type":"Article","@id":"https:\/\/www.iemj.org\/de\/gerovitch-eliezer-1844-1914\/#article","isPartOf":{"@id":"https:\/\/www.iemj.org\/de\/gerovitch-eliezer-1844-1914\/"},"author":{"name":"Jacqueline ROTEN","@id":"https:\/\/www.iemj.org\/de\/#\/schema\/person\/358e26c18aca017fcc4cc15437f7279c"},"headline":"Gerovitch, Eliezer (1844-1914)","datePublished":"2019-06-04T14:22:05+00:00","dateModified":"2022-10-03T10:27:50+00:00","mainEntityOfPage":{"@id":"https:\/\/www.iemj.org\/de\/gerovitch-eliezer-1844-1914\/"},"wordCount":409,"publisher":{"@id":"https:\/\/www.iemj.org\/de\/#organization"},"image":{"@id":"https:\/\/www.iemj.org\/de\/gerovitch-eliezer-1844-1914\/#primaryimage"},"thumbnailUrl":"https:\/\/www.iemj.org\/wp-content\/uploads\/2019\/06\/arton4198-e1625038067988.jpg","articleSection":["Biografien"],"inLanguage":"de"},{"@type":"WebPage","@id":"https:\/\/www.iemj.org\/de\/gerovitch-eliezer-1844-1914\/","url":"https:\/\/www.iemj.org\/de\/gerovitch-eliezer-1844-1914\/","name":"Gerovitch, Eliezer (1844-1914) - Institut Europ\u00e9en des Musiques Juives","isPartOf":{"@id":"https:\/\/www.iemj.org\/de\/#website"},"primaryImageOfPage":{"@id":"https:\/\/www.iemj.org\/de\/gerovitch-eliezer-1844-1914\/#primaryimage"},"image":{"@id":"https:\/\/www.iemj.org\/de\/gerovitch-eliezer-1844-1914\/#primaryimage"},"thumbnailUrl":"https:\/\/www.iemj.org\/wp-content\/uploads\/2019\/06\/arton4198-e1625038067988.jpg","datePublished":"2019-06-04T14:22:05+00:00","dateModified":"2022-10-03T10:27:50+00:00","breadcrumb":{"@id":"https:\/\/www.iemj.org\/de\/gerovitch-eliezer-1844-1914\/#breadcrumb"},"inLanguage":"de","potentialAction":[{"@type":"ReadAction","target":["https:\/\/www.iemj.org\/de\/gerovitch-eliezer-1844-1914\/"]}]},{"@type":"ImageObject","inLanguage":"de","@id":"https:\/\/www.iemj.org\/de\/gerovitch-eliezer-1844-1914\/#primaryimage","url":"https:\/\/www.iemj.org\/wp-content\/uploads\/2019\/06\/arton4198-e1625038067988.jpg","contentUrl":"https:\/\/www.iemj.org\/wp-content\/uploads\/2019\/06\/arton4198-e1625038067988.jpg","width":153,"height":218},{"@type":"BreadcrumbList","@id":"https:\/\/www.iemj.org\/de\/gerovitch-eliezer-1844-1914\/#breadcrumb","itemListElement":[{"@type":"ListItem","position":1,"name":"Accueil","item":"https:\/\/www.iemj.org\/de\/"},{"@type":"ListItem","position":2,"name":"Gerovitch, Eliezer (1844-1914)"}]},{"@type":"WebSite","@id":"https:\/\/www.iemj.org\/de\/#website","url":"https:\/\/www.iemj.org\/de\/","name":"Institut Europ\u00e9en des Musiques Juives","description":"Des traditions musicales \u00e0 la port\u00e9e de tous","publisher":{"@id":"https:\/\/www.iemj.org\/de\/#organization"},"potentialAction":[{"@type":"SearchAction","target":{"@type":"EntryPoint","urlTemplate":"https:\/\/www.iemj.org\/de\/?s={search_term_string}"},"query-input":{"@type":"PropertyValueSpecification","valueRequired":true,"valueName":"search_term_string"}}],"inLanguage":"de"},{"@type":"Organization","@id":"https:\/\/www.iemj.org\/de\/#organization","name":"Institut Europ\u00e9en des Musiques Juives","url":"https:\/\/www.iemj.org\/de\/","logo":{"@type":"ImageObject","inLanguage":"de","@id":"https:\/\/www.iemj.org\/de\/#\/schema\/logo\/image\/","url":"https:\/\/www.iemj.org\/wp-content\/uploads\/2021\/09\/Logo-IEMJ-Paypal.jpg","contentUrl":"https:\/\/www.iemj.org\/wp-content\/uploads\/2021\/09\/Logo-IEMJ-Paypal.jpg","width":150,"height":50,"caption":"Institut Europ\u00e9en des Musiques Juives"},"image":{"@id":"https:\/\/www.iemj.org\/de\/#\/schema\/logo\/image\/"},"sameAs":["https:\/\/www.facebook.com\/MusiquesJuives\/","https:\/\/www.instagram.com\/musiquesjuives\/","https:\/\/www.youtube.com\/user\/musiquesjuives"]},{"@type":"Person","@id":"https:\/\/www.iemj.org\/de\/#\/schema\/person\/358e26c18aca017fcc4cc15437f7279c","name":"Jacqueline ROTEN","image":{"@type":"ImageObject","inLanguage":"de","@id":"https:\/\/secure.gravatar.com\/avatar\/5964256d6c6957de3a3505278957e0fb2a35119ac47ea41827a65301213c810b?s=96&d=mm&r=g","url":"https:\/\/secure.gravatar.com\/avatar\/5964256d6c6957de3a3505278957e0fb2a35119ac47ea41827a65301213c810b?s=96&d=mm&r=g","contentUrl":"https:\/\/secure.gravatar.com\/avatar\/5964256d6c6957de3a3505278957e0fb2a35119ac47ea41827a65301213c810b?s=96&d=mm&r=g","caption":"Jacqueline ROTEN"}}]}},"_links":{"self":[{"href":"https:\/\/www.iemj.org\/de\/wp-json\/wp\/v2\/posts\/88298","targetHints":{"allow":["GET"]}}],"collection":[{"href":"https:\/\/www.iemj.org\/de\/wp-json\/wp\/v2\/posts"}],"about":[{"href":"https:\/\/www.iemj.org\/de\/wp-json\/wp\/v2\/types\/post"}],"author":[{"embeddable":true,"href":"https:\/\/www.iemj.org\/de\/wp-json\/wp\/v2\/users\/5"}],"replies":[{"embeddable":true,"href":"https:\/\/www.iemj.org\/de\/wp-json\/wp\/v2\/comments?post=88298"}],"version-history":[{"count":0,"href":"https:\/\/www.iemj.org\/de\/wp-json\/wp\/v2\/posts\/88298\/revisions"}],"wp:featuredmedia":[{"embeddable":true,"href":"https:\/\/www.iemj.org\/de\/wp-json\/wp\/v2\/media\/51771"}],"wp:attachment":[{"href":"https:\/\/www.iemj.org\/de\/wp-json\/wp\/v2\/media?parent=88298"}],"wp:term":[{"taxonomy":"category","embeddable":true,"href":"https:\/\/www.iemj.org\/de\/wp-json\/wp\/v2\/categories?post=88298"},{"taxonomy":"post_tag","embeddable":true,"href":"https:\/\/www.iemj.org\/de\/wp-json\/wp\/v2\/tags?post=88298"},{"taxonomy":"technique","embeddable":true,"href":"https:\/\/www.iemj.org\/de\/wp-json\/wp\/v2\/technique?post=88298"},{"taxonomy":"squelettes","embeddable":true,"href":"https:\/\/www.iemj.org\/de\/wp-json\/wp\/v2\/squelettes?post=88298"},{"taxonomy":"sujet","embeddable":true,"href":"https:\/\/www.iemj.org\/de\/wp-json\/wp\/v2\/sujet?post=88298"},{"taxonomy":"formation","embeddable":true,"href":"https:\/\/www.iemj.org\/de\/wp-json\/wp\/v2\/formation?post=88298"},{"taxonomy":"genre","embeddable":true,"href":"https:\/\/www.iemj.org\/de\/wp-json\/wp\/v2\/genre?post=88298"},{"taxonomy":"fonds","embeddable":true,"href":"https:\/\/www.iemj.org\/de\/wp-json\/wp\/v2\/fonds?post=88298"},{"taxonomy":"tradition","embeddable":true,"href":"https:\/\/www.iemj.org\/de\/wp-json\/wp\/v2\/tradition?post=88298"},{"taxonomy":"type-de-contenu","embeddable":true,"href":"https:\/\/www.iemj.org\/de\/wp-json\/wp\/v2\/type-de-contenu?post=88298"},{"taxonomy":"interprete-compositeur","embeddable":true,"href":"https:\/\/www.iemj.org\/de\/wp-json\/wp\/v2\/interprete-compositeur?post=88298"},{"taxonomy":"frise","embeddable":true,"href":"https:\/\/www.iemj.org\/de\/wp-json\/wp\/v2\/frise?post=88298"},{"taxonomy":"type-devenement","embeddable":true,"href":"https:\/\/www.iemj.org\/de\/wp-json\/wp\/v2\/type-devenement?post=88298"},{"taxonomy":"tableaux-liens-externes","embeddable":true,"href":"https:\/\/www.iemj.org\/de\/wp-json\/wp\/v2\/tableaux-liens-externes?post=88298"}],"curies":[{"name":"wp","href":"https:\/\/api.w.org\/{rel}","templated":true}]}}