{"id":88359,"date":"2018-04-11T09:55:15","date_gmt":"2018-04-11T07:55:15","guid":{"rendered":"https:\/\/www.iemj.org\/halali-salim-1920-2005\/"},"modified":"2025-09-08T18:11:19","modified_gmt":"2025-09-08T16:11:19","slug":"halali-salim-1920-2005","status":"publish","type":"post","link":"https:\/\/www.iemj.org\/de\/halali-salim-1920-2005\/","title":{"rendered":"Halali, Salim (1920-2005)"},"content":{"rendered":"<p>Salim Halali, der eigentlich Simon Halali hie\u00df, war ein S\u00e4nger und Interpret orientalischer Musik. Er wurde am 30. Juli 1920 in Annaba in Algerien geboren.<\/p>\n<p>Er stammte aus einer j\u00fcdischen Familie aus Souk Ahras und wuchs mit seinen neun Geschwistern auf, bevor er um 1937 nach Frankreich auswanderte. Zun\u00e4chst machte er sich in den Pariser Flamenco-Clubs einen Namen. Entscheidend ist seine Begegnung mit dem algerischen Music-Hall-K\u00fcnstler Mohamed el Kamel. Dieser schrieb Salim Halalis erste Lieder wie <em>Andaloussia, Sevillane, Ta\u00e2li, Ardja\u00e2 lebladek, Bine el barah oua el youm, Mounira, Nadira, El ouchq sa\u00efb, El qelb chahik<\/em>&#8230; Sp\u00e4ter komponierte Mohamed Iguerbouch\u00e8ne rund 50 weitere Lieder f\u00fcr ihn.<\/p>\n<p><img fetchpriority=\"high\" decoding=\"async\" class=\" alignright size-full wp-image-19114\" src=\"https:\/\/www.iemj.org\/wp-content\/uploads\/2018\/04\/doc_2_salim_500px.jpg\" alt=\"doc_2_salim_500px.jpg\" width=\"149\" height=\"700\" align=\"right\" srcset=\"https:\/\/www.iemj.org\/wp-content\/uploads\/2018\/04\/doc_2_salim_500px.jpg 149w, https:\/\/www.iemj.org\/wp-content\/uploads\/2018\/04\/doc_2_salim_500px-64x300.jpg 64w\" sizes=\"(max-width: 149px) 100vw, 149px\" \/>1938\u00a0begann Salim Halali eine Europatournee, w\u00e4hrend zur gleichen Zeit seine Flamenco-Platten auf Arabisch in Nordafrika ein gro\u00dfer Erfolg wurden, insbesondere die St\u00fccke <em>Al ain zarga<\/em>, <em>Mahenni zine<\/em> und <em>Habibti samra<\/em>.<\/p>\n<p>Ebenfalls in der Vorkriegszeit trat Salim Halali im Caf\u00e9 Maure der Gro\u00dfen Moschee in Paris auf, zusammen mit bekannten K\u00fcnstlern wie Ali Sriti und Ibrahim Salah. Si Kaddour Benghabrit, der Gr\u00fcnder und erste Rektor der Moschee, Intellektueller und Musiker (Oud und Geige), befreundete sich mit Salim Halali, und er half ihm w\u00e4hrend der deutschen Besatzung, seine j\u00fcdische Herkunft zu verbergen, indem er ihm eine gef\u00e4lschte Bescheinigung als Muslim ausstellte und den Namen seines verstorbenen Vaters in ein anonymes Grab auf dem muslimischen Friedhof in Bobigny (Seine-Saint-Denis) eingravierte. <span class=\"footnote_referrer\"><a role=\"button\" tabindex=\"0\" onclick=\"footnote_moveToReference_88359_1('footnote_plugin_reference_88359_1_1');\" onkeypress=\"footnote_moveToReference_88359_1('footnote_plugin_reference_88359_1_1');\" ><sup id=\"footnote_plugin_tooltip_88359_1_1\" class=\"footnote_plugin_tooltip_text\">[1]<\/sup><\/a><span id=\"footnote_plugin_tooltip_text_88359_1_1\" class=\"footnote_tooltip\">Diese Anekdote wird in dem Film von Isma\u00ebl Feroukhi <em><a href=\"https:\/\/fr.wikipedia.org\/wiki\/Les_Hommes_libres\" target=\"_blank\" rel=\"noopener\">Les hommes libres<\/a><\/em>\u00a0erz\u00e4hlt.<\/span><\/span><script type=\"text\/javascript\"> jQuery('#footnote_plugin_tooltip_88359_1_1').tooltip({ tip: '#footnote_plugin_tooltip_text_88359_1_1', tipClass: 'footnote_tooltip', effect: 'fade', predelay: 0, fadeInSpeed: 200, delay: 400, fadeOutSpeed: 200, position: 'top center', relative: true, offset: [-7, 0], });<\/script><\/p>\n<p>Nach dem Krieg wurde seine Musik in \u00c4gypten sehr gesch\u00e4tzt, insbesondere von der gro\u00dfen \u00e4gyptischen Diva Umm Kulthum.<\/p>\n<p>1947 gr\u00fcndete Salim Halali in Paris ein orientalisches Kabarett, \u201eIsma\u00eflia Folies\u201c, in einem Privathaus in der glanzvollen Avenue Montaigne, das Ferdinand de Lesseps geh\u00f6rt hatte. Im Jahr 1948 gr\u00fcndete er einen zweiten Veranstaltungsort, \u201eLe S\u00e9rail\u201c, in der Stra\u00dfe des Colis\u00e9e.<\/p>\n<p>1949 lie\u00df er sich in Marokko nieder und kaufte ein altes Caf\u00e9 in der Mellah von Casablanca, das er in ein angesehenes Kabarett umwandelte: \u201eLe Coq d&#8217;Or\u201c. Diese Einrichtung wird von den reichen Familien des Landes und von durchreisenden Pers\u00f6nlichkeiten besucht. Das \u201eLe Coq d&#8217;Or\u201c wurde jedoch bei einem Brand zerst\u00f6rt und Salim kehrte Anfang der 1960er Jahre nach Frankreich, Cannes, zur\u00fcck.<\/p>\n<p>Er war f\u00fcr seine Anziehungskraft prunkvoller und extravaganter Partys bekannt und holte manchmal sogar Elefanten in die G\u00e4rten seiner Villa. Anfang der 1970er Jahre nahm seine Karriere mit einem triumphalen Konzert in der Salle Pleyel in Paris und der Ver\u00f6ffentlichung einer LP in franz\u00f6sischer Sprache eine neue Wendung. In den folgenden Jahren trat er regelm\u00e4\u00dfig bei Konzerten in Paris, Montreal und Casablanca auf.<\/p>\n<p><img decoding=\"async\" class=\"wp-image-19116 alignleft\" src=\"https:\/\/www.iemj.org\/wp-content\/uploads\/2018\/04\/doc_78tre_salim_65.jpg\" alt=\"doc_78tre_salim_65.jpg\" width=\"188\" height=\"194\" align=\"middle\" \/>1993 h\u00f6rte er definitiv auf und zog in ein Altersheim in Vallauris. Auf Dr\u00e4ngen seines Freundes Maurice Wizmam gab er jedoch an Neujahr 1994 ein letztes Konzert.<\/p>\n<p>Er starb am 25. Juni 2005 in Antibes (Alpes-Maritimes). Er war ein freiwilliger Einzelg\u00e4nger und lie\u00df sich nur von wenigen engen Freunden besuchen. Gem\u00e4\u00df seinen letzten W\u00fcnschen wurde seine Asche in Nizza im Garten der Erinnerungen verstreut.<\/p>\n\n\n<h2 class=\"wp-block-heading\"><\/h2>\n\n\n<div class=\"wp-block-image\">\n<figure class=\"aligncenter size-large\"><img decoding=\"async\" width=\"1024\" height=\"133\" src=\"https:\/\/www.iemj.org\/wp-content\/uploads\/2024\/03\/AUDIO-PLAYER-1024x133.png\" alt=\"\" class=\"wp-image-110606\" srcset=\"https:\/\/www.iemj.org\/wp-content\/uploads\/2024\/03\/AUDIO-PLAYER-1024x133.png 1024w, https:\/\/www.iemj.org\/wp-content\/uploads\/2024\/03\/AUDIO-PLAYER-300x39.png 300w, https:\/\/www.iemj.org\/wp-content\/uploads\/2024\/03\/AUDIO-PLAYER-768x100.png 768w, https:\/\/www.iemj.org\/wp-content\/uploads\/2024\/03\/AUDIO-PLAYER-600x78.png 600w, https:\/\/www.iemj.org\/wp-content\/uploads\/2024\/03\/AUDIO-PLAYER.png 1210w\" sizes=\"(max-width: 1024px) 100vw, 1024px\" \/><\/figure>\n<\/div>\n\n\n<div class=\"wp-block-file\"><a id=\"wp-block-file--media-7abe2a56-5a30-4f15-9574-1c7ad984c869\" href=\"https:\/\/www.iemj.org\/wp-content\/uploads\/2018\/04\/bin_el_berah_wel_youm_extrait_-_salim_halali.mp3\">Bin el berah wel youm (EXTRAIT) &#8211; Salim Halali<\/a><\/div>\n\n\n\n<div class=\"wp-block-file\"><a id=\"wp-block-file--media-ee27268c-23a2-4c03-ae3a-c0d1811383bf\" href=\"https:\/\/www.iemj.org\/wp-content\/uploads\/2018\/04\/sidi_h_bibi_extrait_-_salim_halali.mp3\">Sidi H&#8217;bibi (EXTRAIT) &#8211; Salim Halali<\/a><\/div>\n\n\n\n<div class=\"wp-block-file\"><a id=\"wp-block-file--media-79360722-2a97-4099-80ef-c09abe8f320e\" href=\"https:\/\/www.iemj.org\/wp-content\/uploads\/2018\/04\/mahani_ezzine_extrait_-_salim_halali.mp3\">Mahani Ezzine (EXTRAIT) &#8211; Salim Halali<\/a><\/div>\n\n\n\n<div class=\"wp-block-file\"><a id=\"wp-block-file--media-e331744e-c104-4c14-8fcc-085ccd37fd09\" href=\"https:\/\/www.iemj.org\/wp-content\/uploads\/2018\/04\/ya_qalbi_khali_lhal_extrait_-_salim_halali.mp3\">Ya qalbi khali lhal (EXTRAIT) &#8211; Salim Halali<\/a><\/div>\n\n\n\n<div class=\"wp-block-file\"><a id=\"wp-block-file--media-a65f2e8d-0c4a-4be1-ac67-6bd13f753666\" href=\"https:\/\/www.iemj.org\/wp-content\/uploads\/2018\/04\/el_achaga_extrait_-_salim_halali.mp3\">El Achaga (EXTRAIT) &#8211; Salim Halali<\/a><\/div>\n<div class=\"speaker-mute footnotes_reference_container\"> <div class=\"footnote_container_prepare\"><p><span role=\"button\" tabindex=\"0\" class=\"footnote_reference_container_label pointer\" onclick=\"footnote_expand_collapse_reference_container_88359_1();\">&#x202F;<\/span><span role=\"button\" tabindex=\"0\" class=\"footnote_reference_container_collapse_button\" style=\"display: none;\" onclick=\"footnote_expand_collapse_reference_container_88359_1();\">[<a id=\"footnote_reference_container_collapse_button_88359_1\">+<\/a>]<\/span><\/p><\/div> <div id=\"footnote_references_container_88359_1\" style=\"\"><table class=\"footnotes_table footnote-reference-container\"><caption class=\"accessibility\">References<\/caption> <tbody> \r\n\r\n<tr class=\"footnotes_plugin_reference_row\"> <th scope=\"row\" class=\"footnote_plugin_index_combi pointer\"  onclick=\"footnote_moveToAnchor_88359_1('footnote_plugin_tooltip_88359_1_1');\"><a id=\"footnote_plugin_reference_88359_1_1\" class=\"footnote_backlink\">1<\/a><\/th> <td class=\"footnote_plugin_text\">Diese Anekdote wird in dem Film von Isma\u00ebl Feroukhi <em><a href=\"https:\/\/fr.wikipedia.org\/wiki\/Les_Hommes_libres\" target=\"_blank\" rel=\"noopener\">Les hommes libres<\/a><\/em>\u00a0erz\u00e4hlt.<\/td><\/tr>\r\n\r\n <\/tbody> <\/table> <\/div><\/div><script type=\"text\/javascript\"> function footnote_expand_reference_container_88359_1() { jQuery('#footnote_references_container_88359_1').show(); jQuery('#footnote_reference_container_collapse_button_88359_1').text('\u2212'); } function footnote_collapse_reference_container_88359_1() { jQuery('#footnote_references_container_88359_1').hide(); jQuery('#footnote_reference_container_collapse_button_88359_1').text('+'); } function footnote_expand_collapse_reference_container_88359_1() { if (jQuery('#footnote_references_container_88359_1').is(':hidden')) { footnote_expand_reference_container_88359_1(); } else { footnote_collapse_reference_container_88359_1(); } } function footnote_moveToReference_88359_1(p_str_TargetID) { footnote_expand_reference_container_88359_1(); var l_obj_Target = jQuery('#' + p_str_TargetID); if (l_obj_Target.length) { jQuery( 'html, body' ).delay( 0 ); jQuery('html, body').animate({ scrollTop: l_obj_Target.offset().top - window.innerHeight * 0.2 }, 380); } } function footnote_moveToAnchor_88359_1(p_str_TargetID) { footnote_expand_reference_container_88359_1(); var l_obj_Target = jQuery('#' + p_str_TargetID); if (l_obj_Target.length) { jQuery( 'html, body' ).delay( 0 ); jQuery('html, body').animate({ scrollTop: l_obj_Target.offset().top - window.innerHeight * 0.2 }, 380); } }<\/script>","protected":false},"excerpt":{"rendered":"<p>Salim Halali, der eigentlich Simon Halali hie\u00df, war ein S\u00e4nger und Interpret orientalischer Musik. Er wurde am 30. Juli 1920 in Annaba in Algerien geboren. Er stammte aus einer j\u00fcdischen<\/p>\n","protected":false},"author":1052,"featured_media":51840,"comment_status":"closed","ping_status":"closed","sticky":false,"template":"","format":"standard","meta":{"_acf_changed":false,"footnotes":""},"categories":[1415],"tags":[],"technique":[],"squelettes":[],"sujet":[],"formation":[],"genre":[],"fonds":[],"tradition":[],"type-de-contenu":[],"interprete-compositeur":[],"frise":[],"type-devenement":[],"tableaux-liens-externes":[],"class_list":["post-88359","post","type-post","status-publish","format-standard","has-post-thumbnail","hentry","category-biografien-de"],"acf":[],"yoast_head":"<!-- This site is optimized with the Yoast SEO plugin v27.3 - https:\/\/yoast.com\/product\/yoast-seo-wordpress\/ -->\n<title>Halali, Salim (1920-2005) - Institut Europ\u00e9en des Musiques Juives<\/title>\n<meta name=\"robots\" content=\"index, follow, max-snippet:-1, max-image-preview:large, max-video-preview:-1\" \/>\n<link rel=\"canonical\" href=\"https:\/\/www.iemj.org\/de\/halali-salim-1920-2005\/\" \/>\n<meta property=\"og:locale\" content=\"de_DE\" \/>\n<meta property=\"og:type\" content=\"article\" \/>\n<meta property=\"og:title\" content=\"Halali, Salim (1920-2005) - Institut Europ\u00e9en des Musiques Juives\" \/>\n<meta property=\"og:description\" content=\"Salim Halali, der eigentlich Simon Halali hie\u00df, war ein S\u00e4nger und Interpret orientalischer Musik. Er wurde am 30. Juli 1920 in Annaba in Algerien geboren. Er stammte aus einer j\u00fcdischen\" \/>\n<meta property=\"og:url\" content=\"https:\/\/www.iemj.org\/de\/halali-salim-1920-2005\/\" \/>\n<meta property=\"og:site_name\" content=\"Institut Europ\u00e9en des Musiques Juives\" \/>\n<meta property=\"article:publisher\" content=\"https:\/\/www.facebook.com\/MusiquesJuives\/\" \/>\n<meta property=\"article:published_time\" content=\"2018-04-11T07:55:15+00:00\" \/>\n<meta property=\"article:modified_time\" content=\"2025-09-08T16:11:19+00:00\" \/>\n<meta property=\"og:image\" content=\"https:\/\/www.iemj.org\/wp-content\/uploads\/2018\/04\/arton3313-e1625041369390.jpg\" \/>\n\t<meta property=\"og:image:width\" content=\"245\" \/>\n\t<meta property=\"og:image:height\" content=\"218\" \/>\n\t<meta property=\"og:image:type\" content=\"image\/jpeg\" \/>\n<meta name=\"author\" content=\"Lea Couderc\" \/>\n<meta name=\"twitter:card\" content=\"summary_large_image\" \/>\n<meta name=\"twitter:label1\" content=\"Verfasst von\" \/>\n\t<meta name=\"twitter:data1\" content=\"Lea Couderc\" \/>\n\t<meta name=\"twitter:label2\" content=\"Gesch\u00e4tzte Lesezeit\" \/>\n\t<meta name=\"twitter:data2\" content=\"4\u00a0Minuten\" \/>\n<script type=\"application\/ld+json\" class=\"yoast-schema-graph\">{\"@context\":\"https:\\\/\\\/schema.org\",\"@graph\":[{\"@type\":\"Article\",\"@id\":\"https:\\\/\\\/www.iemj.org\\\/de\\\/halali-salim-1920-2005\\\/#article\",\"isPartOf\":{\"@id\":\"https:\\\/\\\/www.iemj.org\\\/de\\\/halali-salim-1920-2005\\\/\"},\"author\":{\"name\":\"Lea Couderc\",\"@id\":\"https:\\\/\\\/www.iemj.org\\\/de\\\/#\\\/schema\\\/person\\\/e2ad57f2c4be119c7ed8ab79036807a9\"},\"headline\":\"Halali, Salim (1920-2005)\",\"datePublished\":\"2018-04-11T07:55:15+00:00\",\"dateModified\":\"2025-09-08T16:11:19+00:00\",\"mainEntityOfPage\":{\"@id\":\"https:\\\/\\\/www.iemj.org\\\/de\\\/halali-salim-1920-2005\\\/\"},\"wordCount\":553,\"publisher\":{\"@id\":\"https:\\\/\\\/www.iemj.org\\\/de\\\/#organization\"},\"image\":{\"@id\":\"https:\\\/\\\/www.iemj.org\\\/de\\\/halali-salim-1920-2005\\\/#primaryimage\"},\"thumbnailUrl\":\"https:\\\/\\\/www.iemj.org\\\/wp-content\\\/uploads\\\/2018\\\/04\\\/arton3313-e1625041369390.jpg\",\"articleSection\":[\"Biografien\"],\"inLanguage\":\"de\"},{\"@type\":\"WebPage\",\"@id\":\"https:\\\/\\\/www.iemj.org\\\/de\\\/halali-salim-1920-2005\\\/\",\"url\":\"https:\\\/\\\/www.iemj.org\\\/de\\\/halali-salim-1920-2005\\\/\",\"name\":\"Halali, Salim (1920-2005) - Institut Europ\u00e9en des Musiques Juives\",\"isPartOf\":{\"@id\":\"https:\\\/\\\/www.iemj.org\\\/de\\\/#website\"},\"primaryImageOfPage\":{\"@id\":\"https:\\\/\\\/www.iemj.org\\\/de\\\/halali-salim-1920-2005\\\/#primaryimage\"},\"image\":{\"@id\":\"https:\\\/\\\/www.iemj.org\\\/de\\\/halali-salim-1920-2005\\\/#primaryimage\"},\"thumbnailUrl\":\"https:\\\/\\\/www.iemj.org\\\/wp-content\\\/uploads\\\/2018\\\/04\\\/arton3313-e1625041369390.jpg\",\"datePublished\":\"2018-04-11T07:55:15+00:00\",\"dateModified\":\"2025-09-08T16:11:19+00:00\",\"breadcrumb\":{\"@id\":\"https:\\\/\\\/www.iemj.org\\\/de\\\/halali-salim-1920-2005\\\/#breadcrumb\"},\"inLanguage\":\"de\",\"potentialAction\":[{\"@type\":\"ReadAction\",\"target\":[\"https:\\\/\\\/www.iemj.org\\\/de\\\/halali-salim-1920-2005\\\/\"]}]},{\"@type\":\"ImageObject\",\"inLanguage\":\"de\",\"@id\":\"https:\\\/\\\/www.iemj.org\\\/de\\\/halali-salim-1920-2005\\\/#primaryimage\",\"url\":\"https:\\\/\\\/www.iemj.org\\\/wp-content\\\/uploads\\\/2018\\\/04\\\/arton3313-e1625041369390.jpg\",\"contentUrl\":\"https:\\\/\\\/www.iemj.org\\\/wp-content\\\/uploads\\\/2018\\\/04\\\/arton3313-e1625041369390.jpg\",\"width\":245,\"height\":218},{\"@type\":\"BreadcrumbList\",\"@id\":\"https:\\\/\\\/www.iemj.org\\\/de\\\/halali-salim-1920-2005\\\/#breadcrumb\",\"itemListElement\":[{\"@type\":\"ListItem\",\"position\":1,\"name\":\"Accueil\",\"item\":\"https:\\\/\\\/www.iemj.org\\\/de\\\/\"},{\"@type\":\"ListItem\",\"position\":2,\"name\":\"Halali, Salim (1920-2005)\"}]},{\"@type\":\"WebSite\",\"@id\":\"https:\\\/\\\/www.iemj.org\\\/de\\\/#website\",\"url\":\"https:\\\/\\\/www.iemj.org\\\/de\\\/\",\"name\":\"Institut Europ\u00e9en des Musiques Juives\",\"description\":\"Des traditions musicales \u00e0 la port\u00e9e de tous\",\"publisher\":{\"@id\":\"https:\\\/\\\/www.iemj.org\\\/de\\\/#organization\"},\"potentialAction\":[{\"@type\":\"SearchAction\",\"target\":{\"@type\":\"EntryPoint\",\"urlTemplate\":\"https:\\\/\\\/www.iemj.org\\\/de\\\/?s={search_term_string}\"},\"query-input\":{\"@type\":\"PropertyValueSpecification\",\"valueRequired\":true,\"valueName\":\"search_term_string\"}}],\"inLanguage\":\"de\"},{\"@type\":\"Organization\",\"@id\":\"https:\\\/\\\/www.iemj.org\\\/de\\\/#organization\",\"name\":\"Institut Europ\u00e9en des Musiques Juives\",\"url\":\"https:\\\/\\\/www.iemj.org\\\/de\\\/\",\"logo\":{\"@type\":\"ImageObject\",\"inLanguage\":\"de\",\"@id\":\"https:\\\/\\\/www.iemj.org\\\/de\\\/#\\\/schema\\\/logo\\\/image\\\/\",\"url\":\"https:\\\/\\\/www.iemj.org\\\/wp-content\\\/uploads\\\/2021\\\/09\\\/Logo-IEMJ-Paypal.jpg\",\"contentUrl\":\"https:\\\/\\\/www.iemj.org\\\/wp-content\\\/uploads\\\/2021\\\/09\\\/Logo-IEMJ-Paypal.jpg\",\"width\":150,\"height\":50,\"caption\":\"Institut Europ\u00e9en des Musiques Juives\"},\"image\":{\"@id\":\"https:\\\/\\\/www.iemj.org\\\/de\\\/#\\\/schema\\\/logo\\\/image\\\/\"},\"sameAs\":[\"https:\\\/\\\/www.facebook.com\\\/MusiquesJuives\\\/\",\"https:\\\/\\\/www.instagram.com\\\/musiquesjuives\\\/\",\"https:\\\/\\\/www.youtube.com\\\/user\\\/musiquesjuives\"]},{\"@type\":\"Person\",\"@id\":\"https:\\\/\\\/www.iemj.org\\\/de\\\/#\\\/schema\\\/person\\\/e2ad57f2c4be119c7ed8ab79036807a9\",\"name\":\"Lea Couderc\",\"image\":{\"@type\":\"ImageObject\",\"inLanguage\":\"de\",\"@id\":\"https:\\\/\\\/secure.gravatar.com\\\/avatar\\\/46ee021475d60aeff17a7e490b79dea5a5684bb392ab7fd1494027411df8ba23?s=96&d=mm&r=g\",\"url\":\"https:\\\/\\\/secure.gravatar.com\\\/avatar\\\/46ee021475d60aeff17a7e490b79dea5a5684bb392ab7fd1494027411df8ba23?s=96&d=mm&r=g\",\"contentUrl\":\"https:\\\/\\\/secure.gravatar.com\\\/avatar\\\/46ee021475d60aeff17a7e490b79dea5a5684bb392ab7fd1494027411df8ba23?s=96&d=mm&r=g\",\"caption\":\"Lea Couderc\"}}]}<\/script>\n<!-- \/ Yoast SEO plugin. -->","yoast_head_json":{"title":"Halali, Salim (1920-2005) - Institut Europ\u00e9en des Musiques Juives","robots":{"index":"index","follow":"follow","max-snippet":"max-snippet:-1","max-image-preview":"max-image-preview:large","max-video-preview":"max-video-preview:-1"},"canonical":"https:\/\/www.iemj.org\/de\/halali-salim-1920-2005\/","og_locale":"de_DE","og_type":"article","og_title":"Halali, Salim (1920-2005) - Institut Europ\u00e9en des Musiques Juives","og_description":"Salim Halali, der eigentlich Simon Halali hie\u00df, war ein S\u00e4nger und Interpret orientalischer Musik. Er wurde am 30. Juli 1920 in Annaba in Algerien geboren. Er stammte aus einer j\u00fcdischen","og_url":"https:\/\/www.iemj.org\/de\/halali-salim-1920-2005\/","og_site_name":"Institut Europ\u00e9en des Musiques Juives","article_publisher":"https:\/\/www.facebook.com\/MusiquesJuives\/","article_published_time":"2018-04-11T07:55:15+00:00","article_modified_time":"2025-09-08T16:11:19+00:00","og_image":[{"width":245,"height":218,"url":"https:\/\/www.iemj.org\/wp-content\/uploads\/2018\/04\/arton3313-e1625041369390.jpg","type":"image\/jpeg"}],"author":"Lea Couderc","twitter_card":"summary_large_image","twitter_misc":{"Verfasst von":"Lea Couderc","Gesch\u00e4tzte Lesezeit":"4\u00a0Minuten"},"schema":{"@context":"https:\/\/schema.org","@graph":[{"@type":"Article","@id":"https:\/\/www.iemj.org\/de\/halali-salim-1920-2005\/#article","isPartOf":{"@id":"https:\/\/www.iemj.org\/de\/halali-salim-1920-2005\/"},"author":{"name":"Lea Couderc","@id":"https:\/\/www.iemj.org\/de\/#\/schema\/person\/e2ad57f2c4be119c7ed8ab79036807a9"},"headline":"Halali, Salim (1920-2005)","datePublished":"2018-04-11T07:55:15+00:00","dateModified":"2025-09-08T16:11:19+00:00","mainEntityOfPage":{"@id":"https:\/\/www.iemj.org\/de\/halali-salim-1920-2005\/"},"wordCount":553,"publisher":{"@id":"https:\/\/www.iemj.org\/de\/#organization"},"image":{"@id":"https:\/\/www.iemj.org\/de\/halali-salim-1920-2005\/#primaryimage"},"thumbnailUrl":"https:\/\/www.iemj.org\/wp-content\/uploads\/2018\/04\/arton3313-e1625041369390.jpg","articleSection":["Biografien"],"inLanguage":"de"},{"@type":"WebPage","@id":"https:\/\/www.iemj.org\/de\/halali-salim-1920-2005\/","url":"https:\/\/www.iemj.org\/de\/halali-salim-1920-2005\/","name":"Halali, Salim (1920-2005) - Institut Europ\u00e9en des Musiques Juives","isPartOf":{"@id":"https:\/\/www.iemj.org\/de\/#website"},"primaryImageOfPage":{"@id":"https:\/\/www.iemj.org\/de\/halali-salim-1920-2005\/#primaryimage"},"image":{"@id":"https:\/\/www.iemj.org\/de\/halali-salim-1920-2005\/#primaryimage"},"thumbnailUrl":"https:\/\/www.iemj.org\/wp-content\/uploads\/2018\/04\/arton3313-e1625041369390.jpg","datePublished":"2018-04-11T07:55:15+00:00","dateModified":"2025-09-08T16:11:19+00:00","breadcrumb":{"@id":"https:\/\/www.iemj.org\/de\/halali-salim-1920-2005\/#breadcrumb"},"inLanguage":"de","potentialAction":[{"@type":"ReadAction","target":["https:\/\/www.iemj.org\/de\/halali-salim-1920-2005\/"]}]},{"@type":"ImageObject","inLanguage":"de","@id":"https:\/\/www.iemj.org\/de\/halali-salim-1920-2005\/#primaryimage","url":"https:\/\/www.iemj.org\/wp-content\/uploads\/2018\/04\/arton3313-e1625041369390.jpg","contentUrl":"https:\/\/www.iemj.org\/wp-content\/uploads\/2018\/04\/arton3313-e1625041369390.jpg","width":245,"height":218},{"@type":"BreadcrumbList","@id":"https:\/\/www.iemj.org\/de\/halali-salim-1920-2005\/#breadcrumb","itemListElement":[{"@type":"ListItem","position":1,"name":"Accueil","item":"https:\/\/www.iemj.org\/de\/"},{"@type":"ListItem","position":2,"name":"Halali, Salim (1920-2005)"}]},{"@type":"WebSite","@id":"https:\/\/www.iemj.org\/de\/#website","url":"https:\/\/www.iemj.org\/de\/","name":"Institut Europ\u00e9en des Musiques Juives","description":"Des traditions musicales \u00e0 la port\u00e9e de tous","publisher":{"@id":"https:\/\/www.iemj.org\/de\/#organization"},"potentialAction":[{"@type":"SearchAction","target":{"@type":"EntryPoint","urlTemplate":"https:\/\/www.iemj.org\/de\/?s={search_term_string}"},"query-input":{"@type":"PropertyValueSpecification","valueRequired":true,"valueName":"search_term_string"}}],"inLanguage":"de"},{"@type":"Organization","@id":"https:\/\/www.iemj.org\/de\/#organization","name":"Institut Europ\u00e9en des Musiques Juives","url":"https:\/\/www.iemj.org\/de\/","logo":{"@type":"ImageObject","inLanguage":"de","@id":"https:\/\/www.iemj.org\/de\/#\/schema\/logo\/image\/","url":"https:\/\/www.iemj.org\/wp-content\/uploads\/2021\/09\/Logo-IEMJ-Paypal.jpg","contentUrl":"https:\/\/www.iemj.org\/wp-content\/uploads\/2021\/09\/Logo-IEMJ-Paypal.jpg","width":150,"height":50,"caption":"Institut Europ\u00e9en des Musiques Juives"},"image":{"@id":"https:\/\/www.iemj.org\/de\/#\/schema\/logo\/image\/"},"sameAs":["https:\/\/www.facebook.com\/MusiquesJuives\/","https:\/\/www.instagram.com\/musiquesjuives\/","https:\/\/www.youtube.com\/user\/musiquesjuives"]},{"@type":"Person","@id":"https:\/\/www.iemj.org\/de\/#\/schema\/person\/e2ad57f2c4be119c7ed8ab79036807a9","name":"Lea Couderc","image":{"@type":"ImageObject","inLanguage":"de","@id":"https:\/\/secure.gravatar.com\/avatar\/46ee021475d60aeff17a7e490b79dea5a5684bb392ab7fd1494027411df8ba23?s=96&d=mm&r=g","url":"https:\/\/secure.gravatar.com\/avatar\/46ee021475d60aeff17a7e490b79dea5a5684bb392ab7fd1494027411df8ba23?s=96&d=mm&r=g","contentUrl":"https:\/\/secure.gravatar.com\/avatar\/46ee021475d60aeff17a7e490b79dea5a5684bb392ab7fd1494027411df8ba23?s=96&d=mm&r=g","caption":"Lea Couderc"}}]}},"_links":{"self":[{"href":"https:\/\/www.iemj.org\/de\/wp-json\/wp\/v2\/posts\/88359","targetHints":{"allow":["GET"]}}],"collection":[{"href":"https:\/\/www.iemj.org\/de\/wp-json\/wp\/v2\/posts"}],"about":[{"href":"https:\/\/www.iemj.org\/de\/wp-json\/wp\/v2\/types\/post"}],"author":[{"embeddable":true,"href":"https:\/\/www.iemj.org\/de\/wp-json\/wp\/v2\/users\/1052"}],"replies":[{"embeddable":true,"href":"https:\/\/www.iemj.org\/de\/wp-json\/wp\/v2\/comments?post=88359"}],"version-history":[{"count":0,"href":"https:\/\/www.iemj.org\/de\/wp-json\/wp\/v2\/posts\/88359\/revisions"}],"wp:featuredmedia":[{"embeddable":true,"href":"https:\/\/www.iemj.org\/de\/wp-json\/wp\/v2\/media\/51840"}],"wp:attachment":[{"href":"https:\/\/www.iemj.org\/de\/wp-json\/wp\/v2\/media?parent=88359"}],"wp:term":[{"taxonomy":"category","embeddable":true,"href":"https:\/\/www.iemj.org\/de\/wp-json\/wp\/v2\/categories?post=88359"},{"taxonomy":"post_tag","embeddable":true,"href":"https:\/\/www.iemj.org\/de\/wp-json\/wp\/v2\/tags?post=88359"},{"taxonomy":"technique","embeddable":true,"href":"https:\/\/www.iemj.org\/de\/wp-json\/wp\/v2\/technique?post=88359"},{"taxonomy":"squelettes","embeddable":true,"href":"https:\/\/www.iemj.org\/de\/wp-json\/wp\/v2\/squelettes?post=88359"},{"taxonomy":"sujet","embeddable":true,"href":"https:\/\/www.iemj.org\/de\/wp-json\/wp\/v2\/sujet?post=88359"},{"taxonomy":"formation","embeddable":true,"href":"https:\/\/www.iemj.org\/de\/wp-json\/wp\/v2\/formation?post=88359"},{"taxonomy":"genre","embeddable":true,"href":"https:\/\/www.iemj.org\/de\/wp-json\/wp\/v2\/genre?post=88359"},{"taxonomy":"fonds","embeddable":true,"href":"https:\/\/www.iemj.org\/de\/wp-json\/wp\/v2\/fonds?post=88359"},{"taxonomy":"tradition","embeddable":true,"href":"https:\/\/www.iemj.org\/de\/wp-json\/wp\/v2\/tradition?post=88359"},{"taxonomy":"type-de-contenu","embeddable":true,"href":"https:\/\/www.iemj.org\/de\/wp-json\/wp\/v2\/type-de-contenu?post=88359"},{"taxonomy":"interprete-compositeur","embeddable":true,"href":"https:\/\/www.iemj.org\/de\/wp-json\/wp\/v2\/interprete-compositeur?post=88359"},{"taxonomy":"frise","embeddable":true,"href":"https:\/\/www.iemj.org\/de\/wp-json\/wp\/v2\/frise?post=88359"},{"taxonomy":"type-devenement","embeddable":true,"href":"https:\/\/www.iemj.org\/de\/wp-json\/wp\/v2\/type-devenement?post=88359"},{"taxonomy":"tableaux-liens-externes","embeddable":true,"href":"https:\/\/www.iemj.org\/de\/wp-json\/wp\/v2\/tableaux-liens-externes?post=88359"}],"curies":[{"name":"wp","href":"https:\/\/api.w.org\/{rel}","templated":true}]}}