{"id":88417,"date":"2017-08-30T16:09:18","date_gmt":"2017-08-30T14:09:18","guid":{"rendered":"https:\/\/www.iemj.org\/haza-ofra-1957-2000\/"},"modified":"2025-09-08T16:11:08","modified_gmt":"2025-09-08T14:11:08","slug":"haza-ofra-1957-2000","status":"publish","type":"post","link":"https:\/\/www.iemj.org\/de\/haza-ofra-1957-2000\/","title":{"rendered":"Haza, Ofra (1957-2000)"},"content":{"rendered":"<p><img fetchpriority=\"high\" decoding=\"async\" class=\" alignright  wp-image-14940\" src=\"https:\/\/www.iemj.org\/wp-content\/uploads\/2017\/08\/doc_2_ofra_500px60.jpg\" alt=\"doc_2_ofra_500px60.jpg\" width=\"236\" height=\"578\" align=\"right\" srcset=\"https:\/\/www.iemj.org\/wp-content\/uploads\/2017\/08\/doc_2_ofra_500px60.jpg 300w, https:\/\/www.iemj.org\/wp-content\/uploads\/2017\/08\/doc_2_ofra_500px60-122x300.jpg 122w\" sizes=\"(max-width: 236px) 100vw, 236px\" \/><\/p>\n<p>Ofra Haza \u05e2\u05e4\u05e8\u05d4 \u05d7\u05d6\u05d4, die eigentlich Bat-Sheva Ofra Haza hie\u00df, wurde am 19. November 1957 in Tel Aviv geboren, und starb am 23. Februar 2000 in Ramat Gan. Sie war eine israelische Schauspielerin und S\u00e4ngerin aus Jemen.<\/p>\n<p>Im Alter von 12 Jahren trat sie zum ersten Mal in einer lokalen Theatergruppe auf. Ihr Gesangstalent wurde von dem Manager Bezalel Aloni entdeckt, der viele Produktionen um sie herum organisierte und sp\u00e4ter zu ihrem Mentor wurde.<\/p>\n<p>Nach dem Ende ihres Milit\u00e4rdienstes 1979 startete sie eine Solokarriere in der israelischen Unterhaltungsmusik-Szene und wurde mit 19 Jahren der erste Popstar Israels.<\/p>\n<p>Als Vertreterin ihres Landes beim Eurovision Song Contest 1983 mit dem Lied \u201eChai\u201c (auf Franz\u00f6sisch unter dem Titel \u201eVa, va, va\u201c und auf Deutsch als \u201eFrei\u201c adaptiert) gewann sie den zweiten Platz und begann von da an, sich \u00fcber die israelischen Grenzen hinaus einen Namen zu machen.<\/p>\n<p>Das Album \u201e<em>Yemenite<\/em> <em>songs<\/em>\u201c und der Song \u201e<em>Im<\/em> <em>nin&#8217;alu<\/em>\u201c bedeuteten einen Wendepunkt in ihrer Karriere, da sie mit Pop-Elementen ein breiteres Publikum ansprechen konnte. Sie arbeitete mit amerikanischen und englischen K\u00fcnstlern wie <strong>Iggy<\/strong> <strong>Pop<\/strong> zusammen, im Duett f\u00fcr das Lied <em>Daw Da Hiya<\/em>, oder mit <strong>Eric B. &amp; Rakim<\/strong> f\u00fcr <em>Paid in Full<\/em>, einem Vorl\u00e4ufer der zeitgen\u00f6ssischen elektronischen Musik.<\/p>\n<p><img decoding=\"async\" class=\" wp-image-14942 alignleft\" src=\"https:\/\/www.iemj.org\/wp-content\/uploads\/2017\/08\/doc_1_ofra_500px60.jpg\" alt=\"doc_1_ofra_500px60.jpg\" width=\"265\" height=\"167\" align=\"middle\" \/>Im Laufe ihrer Karriere nahm sie ein bis zwei Schallplatten pro Jahr auf und trug auch zum Soundtrack des Zeichentrickfilms \u201e<strong>Der Prinz von \u00c4gypten<\/strong>\u201c sowie zu einigen anderen Filmen bei.<\/p>\n<p>Sein Leben wurde am 23. Februar 2000 im Alter von 42 Jahren unerwartet beendet.<\/p>\n<p><strong>Quellen: <\/strong><em><a href=\"https:\/\/de.wikipedia.org\/wiki\/Ofra_Haza\" target=\"_blank\" rel=\"noopener\">Wikipedia<\/a><\/em><\/p>\n<p><a href=\"https:\/\/www.discogs.com\/fr\/artist\/32388-Ofra-Haza\" target=\"_blank\" rel=\"noopener\">Diskografie ansehen<\/a><\/p>\n<p><a href=\"http:\/\/www.rachelnet.net\/F\/?func=find-c&amp;ccl_term=WRD+%3D+Ofra+Haza&amp;local_base=iemcg\" target=\"_blank\" rel=\"noopener\">Sehen Sie sich unser Archiv zu Ofra Haza an<\/a><\/p>\n\n\n<h2 class=\"wp-block-heading\"><\/h2>\n\n\n<div class=\"wp-block-image\">\n<figure class=\"aligncenter size-large\"><img decoding=\"async\" width=\"1024\" height=\"133\" src=\"https:\/\/www.iemj.org\/wp-content\/uploads\/2024\/03\/AUDIO-PLAYER-1024x133.png\" alt=\"\" class=\"wp-image-110606\" srcset=\"https:\/\/www.iemj.org\/wp-content\/uploads\/2024\/03\/AUDIO-PLAYER-1024x133.png 1024w, https:\/\/www.iemj.org\/wp-content\/uploads\/2024\/03\/AUDIO-PLAYER-300x39.png 300w, https:\/\/www.iemj.org\/wp-content\/uploads\/2024\/03\/AUDIO-PLAYER-768x100.png 768w, https:\/\/www.iemj.org\/wp-content\/uploads\/2024\/03\/AUDIO-PLAYER-600x78.png 600w, https:\/\/www.iemj.org\/wp-content\/uploads\/2024\/03\/AUDIO-PLAYER.png 1210w\" sizes=\"(max-width: 1024px) 100vw, 1024px\" \/><\/figure>\n<\/div>\n\n\n<div class=\"wp-block-file\"><a id=\"wp-block-file--media-11299034-7fe6-403a-974c-74ac77c32090\" href=\"https:\/\/www.iemj.org\/wp-content\/uploads\/2017\/08\/layla_bichna_an_-_ofra_haza.mp3\">Layla bichna\u2019an &#8211; Ofra Haza<\/a><\/div>\n\n\n\n<div class=\"wp-block-file\"><a id=\"wp-block-file--media-a3e5b59d-5cfd-44e5-9389-43a8609de5be\" href=\"https:\/\/www.iemj.org\/wp-content\/uploads\/2017\/08\/listen_to_the_waves_-_ofra_haza.mp3\">Listen to the waves &#8211; Ofra Haza<\/a><\/div>\n\n\n\n<div class=\"wp-block-file\"><a id=\"wp-block-file--media-f7b3ca27-16f5-4f81-95b8-24d38170249c\" href=\"https:\/\/www.iemj.org\/wp-content\/uploads\/2017\/08\/na_ara_ushma_kineret_-_ofra_haza.mp3\">Na\u2019ara Ushma Kineret &#8211; Ofra Haza<\/a><\/div>\n\n\n\n<div class=\"wp-block-file\"><a id=\"wp-block-file--media-af3f7fbc-595e-4a89-9757-a565e923f554\" href=\"https:\/\/www.iemj.org\/wp-content\/uploads\/2017\/08\/six_in_the_evening_-_ofra_haza.mp3\">Six In The Evening &#8211; Ofra Haza<\/a><\/div>\n\n\n\n<div class=\"wp-block-file\"><a id=\"wp-block-file--media-16f6d210-fee3-479e-98b6-382e33ccbc3c\" href=\"https:\/\/www.iemj.org\/wp-content\/uploads\/2017\/08\/yachilvi_veyachali_-_ofra_haza.mp3\">Yachilvi veyachali &#8211; Ofra Haza<\/a><\/div>\n","protected":false},"excerpt":{"rendered":"<p>Ofra Haza \u05e2\u05e4\u05e8\u05d4 \u05d7\u05d6\u05d4, die eigentlich Bat-Sheva Ofra Haza hie\u00df, wurde am 19. November 1957 in Tel Aviv geboren, und starb am 23. Februar 2000 in Ramat Gan. Sie war<\/p>\n","protected":false},"author":1052,"featured_media":88418,"comment_status":"closed","ping_status":"closed","sticky":false,"template":"","format":"standard","meta":{"_acf_changed":false,"footnotes":""},"categories":[1415],"tags":[],"technique":[],"squelettes":[],"sujet":[2137],"formation":[],"genre":[1880],"fonds":[],"tradition":[],"type-de-contenu":[],"interprete-compositeur":[3274],"frise":[],"type-devenement":[],"tableaux-liens-externes":[],"class_list":["post-88417","post","type-post","status-publish","format-standard","has-post-thumbnail","hentry","category-biografien-de","sujet-yemen-de","genre-israellied-de","interprete-compositeur-ofra-haza-de"],"acf":[],"yoast_head":"<!-- This site is optimized with the Yoast SEO plugin v27.3 - https:\/\/yoast.com\/product\/yoast-seo-wordpress\/ -->\n<title>Haza, Ofra (1957-2000) - Institut Europ\u00e9en des Musiques Juives<\/title>\n<meta name=\"robots\" content=\"index, follow, max-snippet:-1, max-image-preview:large, max-video-preview:-1\" \/>\n<link rel=\"canonical\" href=\"https:\/\/www.iemj.org\/de\/haza-ofra-1957-2000\/\" \/>\n<meta property=\"og:locale\" content=\"de_DE\" \/>\n<meta property=\"og:type\" content=\"article\" \/>\n<meta property=\"og:title\" content=\"Haza, Ofra (1957-2000) - Institut Europ\u00e9en des Musiques Juives\" \/>\n<meta property=\"og:description\" content=\"Ofra Haza \u05e2\u05e4\u05e8\u05d4 \u05d7\u05d6\u05d4, die eigentlich Bat-Sheva Ofra Haza hie\u00df, wurde am 19. November 1957 in Tel Aviv geboren, und starb am 23. Februar 2000 in Ramat Gan. Sie war\" \/>\n<meta property=\"og:url\" content=\"https:\/\/www.iemj.org\/de\/haza-ofra-1957-2000\/\" \/>\n<meta property=\"og:site_name\" content=\"Institut Europ\u00e9en des Musiques Juives\" \/>\n<meta property=\"article:publisher\" content=\"https:\/\/www.facebook.com\/MusiquesJuives\/\" \/>\n<meta property=\"article:published_time\" content=\"2017-08-30T14:09:18+00:00\" \/>\n<meta property=\"article:modified_time\" content=\"2025-09-08T14:11:08+00:00\" \/>\n<meta property=\"og:image\" content=\"https:\/\/www.iemj.org\/wp-content\/uploads\/2017\/08\/arton2433-e1617024719914.jpg\" \/>\n\t<meta property=\"og:image:width\" content=\"220\" \/>\n\t<meta property=\"og:image:height\" content=\"218\" \/>\n\t<meta property=\"og:image:type\" content=\"image\/jpeg\" \/>\n<meta name=\"author\" content=\"Lea Couderc\" \/>\n<meta name=\"twitter:card\" content=\"summary_large_image\" \/>\n<meta name=\"twitter:label1\" content=\"Verfasst von\" \/>\n\t<meta name=\"twitter:data1\" content=\"Lea Couderc\" \/>\n\t<meta name=\"twitter:label2\" content=\"Gesch\u00e4tzte Lesezeit\" \/>\n\t<meta name=\"twitter:data2\" content=\"3\u00a0Minuten\" \/>\n<script type=\"application\/ld+json\" class=\"yoast-schema-graph\">{\"@context\":\"https:\\\/\\\/schema.org\",\"@graph\":[{\"@type\":\"Article\",\"@id\":\"https:\\\/\\\/www.iemj.org\\\/de\\\/haza-ofra-1957-2000\\\/#article\",\"isPartOf\":{\"@id\":\"https:\\\/\\\/www.iemj.org\\\/de\\\/haza-ofra-1957-2000\\\/\"},\"author\":{\"name\":\"Lea Couderc\",\"@id\":\"https:\\\/\\\/www.iemj.org\\\/de\\\/#\\\/schema\\\/person\\\/e2ad57f2c4be119c7ed8ab79036807a9\"},\"headline\":\"Haza, Ofra (1957-2000)\",\"datePublished\":\"2017-08-30T14:09:18+00:00\",\"dateModified\":\"2025-09-08T14:11:08+00:00\",\"mainEntityOfPage\":{\"@id\":\"https:\\\/\\\/www.iemj.org\\\/de\\\/haza-ofra-1957-2000\\\/\"},\"wordCount\":292,\"publisher\":{\"@id\":\"https:\\\/\\\/www.iemj.org\\\/de\\\/#organization\"},\"image\":{\"@id\":\"https:\\\/\\\/www.iemj.org\\\/de\\\/haza-ofra-1957-2000\\\/#primaryimage\"},\"thumbnailUrl\":\"https:\\\/\\\/www.iemj.org\\\/wp-content\\\/uploads\\\/2017\\\/08\\\/arton2433-e1617024719914.jpg\",\"articleSection\":[\"Biografien\"],\"inLanguage\":\"de\"},{\"@type\":\"WebPage\",\"@id\":\"https:\\\/\\\/www.iemj.org\\\/de\\\/haza-ofra-1957-2000\\\/\",\"url\":\"https:\\\/\\\/www.iemj.org\\\/de\\\/haza-ofra-1957-2000\\\/\",\"name\":\"Haza, Ofra (1957-2000) - Institut Europ\u00e9en des Musiques Juives\",\"isPartOf\":{\"@id\":\"https:\\\/\\\/www.iemj.org\\\/de\\\/#website\"},\"primaryImageOfPage\":{\"@id\":\"https:\\\/\\\/www.iemj.org\\\/de\\\/haza-ofra-1957-2000\\\/#primaryimage\"},\"image\":{\"@id\":\"https:\\\/\\\/www.iemj.org\\\/de\\\/haza-ofra-1957-2000\\\/#primaryimage\"},\"thumbnailUrl\":\"https:\\\/\\\/www.iemj.org\\\/wp-content\\\/uploads\\\/2017\\\/08\\\/arton2433-e1617024719914.jpg\",\"datePublished\":\"2017-08-30T14:09:18+00:00\",\"dateModified\":\"2025-09-08T14:11:08+00:00\",\"breadcrumb\":{\"@id\":\"https:\\\/\\\/www.iemj.org\\\/de\\\/haza-ofra-1957-2000\\\/#breadcrumb\"},\"inLanguage\":\"de\",\"potentialAction\":[{\"@type\":\"ReadAction\",\"target\":[\"https:\\\/\\\/www.iemj.org\\\/de\\\/haza-ofra-1957-2000\\\/\"]}]},{\"@type\":\"ImageObject\",\"inLanguage\":\"de\",\"@id\":\"https:\\\/\\\/www.iemj.org\\\/de\\\/haza-ofra-1957-2000\\\/#primaryimage\",\"url\":\"https:\\\/\\\/www.iemj.org\\\/wp-content\\\/uploads\\\/2017\\\/08\\\/arton2433-e1617024719914.jpg\",\"contentUrl\":\"https:\\\/\\\/www.iemj.org\\\/wp-content\\\/uploads\\\/2017\\\/08\\\/arton2433-e1617024719914.jpg\",\"width\":220,\"height\":218},{\"@type\":\"BreadcrumbList\",\"@id\":\"https:\\\/\\\/www.iemj.org\\\/de\\\/haza-ofra-1957-2000\\\/#breadcrumb\",\"itemListElement\":[{\"@type\":\"ListItem\",\"position\":1,\"name\":\"Accueil\",\"item\":\"https:\\\/\\\/www.iemj.org\\\/de\\\/\"},{\"@type\":\"ListItem\",\"position\":2,\"name\":\"Haza, Ofra (1957-2000)\"}]},{\"@type\":\"WebSite\",\"@id\":\"https:\\\/\\\/www.iemj.org\\\/de\\\/#website\",\"url\":\"https:\\\/\\\/www.iemj.org\\\/de\\\/\",\"name\":\"Institut Europ\u00e9en des Musiques Juives\",\"description\":\"Des traditions musicales \u00e0 la port\u00e9e de tous\",\"publisher\":{\"@id\":\"https:\\\/\\\/www.iemj.org\\\/de\\\/#organization\"},\"potentialAction\":[{\"@type\":\"SearchAction\",\"target\":{\"@type\":\"EntryPoint\",\"urlTemplate\":\"https:\\\/\\\/www.iemj.org\\\/de\\\/?s={search_term_string}\"},\"query-input\":{\"@type\":\"PropertyValueSpecification\",\"valueRequired\":true,\"valueName\":\"search_term_string\"}}],\"inLanguage\":\"de\"},{\"@type\":\"Organization\",\"@id\":\"https:\\\/\\\/www.iemj.org\\\/de\\\/#organization\",\"name\":\"Institut Europ\u00e9en des Musiques Juives\",\"url\":\"https:\\\/\\\/www.iemj.org\\\/de\\\/\",\"logo\":{\"@type\":\"ImageObject\",\"inLanguage\":\"de\",\"@id\":\"https:\\\/\\\/www.iemj.org\\\/de\\\/#\\\/schema\\\/logo\\\/image\\\/\",\"url\":\"https:\\\/\\\/www.iemj.org\\\/wp-content\\\/uploads\\\/2021\\\/09\\\/Logo-IEMJ-Paypal.jpg\",\"contentUrl\":\"https:\\\/\\\/www.iemj.org\\\/wp-content\\\/uploads\\\/2021\\\/09\\\/Logo-IEMJ-Paypal.jpg\",\"width\":150,\"height\":50,\"caption\":\"Institut Europ\u00e9en des Musiques Juives\"},\"image\":{\"@id\":\"https:\\\/\\\/www.iemj.org\\\/de\\\/#\\\/schema\\\/logo\\\/image\\\/\"},\"sameAs\":[\"https:\\\/\\\/www.facebook.com\\\/MusiquesJuives\\\/\",\"https:\\\/\\\/www.instagram.com\\\/musiquesjuives\\\/\",\"https:\\\/\\\/www.youtube.com\\\/user\\\/musiquesjuives\"]},{\"@type\":\"Person\",\"@id\":\"https:\\\/\\\/www.iemj.org\\\/de\\\/#\\\/schema\\\/person\\\/e2ad57f2c4be119c7ed8ab79036807a9\",\"name\":\"Lea Couderc\",\"image\":{\"@type\":\"ImageObject\",\"inLanguage\":\"de\",\"@id\":\"https:\\\/\\\/secure.gravatar.com\\\/avatar\\\/46ee021475d60aeff17a7e490b79dea5a5684bb392ab7fd1494027411df8ba23?s=96&d=mm&r=g\",\"url\":\"https:\\\/\\\/secure.gravatar.com\\\/avatar\\\/46ee021475d60aeff17a7e490b79dea5a5684bb392ab7fd1494027411df8ba23?s=96&d=mm&r=g\",\"contentUrl\":\"https:\\\/\\\/secure.gravatar.com\\\/avatar\\\/46ee021475d60aeff17a7e490b79dea5a5684bb392ab7fd1494027411df8ba23?s=96&d=mm&r=g\",\"caption\":\"Lea Couderc\"}}]}<\/script>\n<!-- \/ Yoast SEO plugin. -->","yoast_head_json":{"title":"Haza, Ofra (1957-2000) - Institut Europ\u00e9en des Musiques Juives","robots":{"index":"index","follow":"follow","max-snippet":"max-snippet:-1","max-image-preview":"max-image-preview:large","max-video-preview":"max-video-preview:-1"},"canonical":"https:\/\/www.iemj.org\/de\/haza-ofra-1957-2000\/","og_locale":"de_DE","og_type":"article","og_title":"Haza, Ofra (1957-2000) - Institut Europ\u00e9en des Musiques Juives","og_description":"Ofra Haza \u05e2\u05e4\u05e8\u05d4 \u05d7\u05d6\u05d4, die eigentlich Bat-Sheva Ofra Haza hie\u00df, wurde am 19. November 1957 in Tel Aviv geboren, und starb am 23. Februar 2000 in Ramat Gan. Sie war","og_url":"https:\/\/www.iemj.org\/de\/haza-ofra-1957-2000\/","og_site_name":"Institut Europ\u00e9en des Musiques Juives","article_publisher":"https:\/\/www.facebook.com\/MusiquesJuives\/","article_published_time":"2017-08-30T14:09:18+00:00","article_modified_time":"2025-09-08T14:11:08+00:00","og_image":[{"width":220,"height":218,"url":"https:\/\/www.iemj.org\/wp-content\/uploads\/2017\/08\/arton2433-e1617024719914.jpg","type":"image\/jpeg"}],"author":"Lea Couderc","twitter_card":"summary_large_image","twitter_misc":{"Verfasst von":"Lea Couderc","Gesch\u00e4tzte Lesezeit":"3\u00a0Minuten"},"schema":{"@context":"https:\/\/schema.org","@graph":[{"@type":"Article","@id":"https:\/\/www.iemj.org\/de\/haza-ofra-1957-2000\/#article","isPartOf":{"@id":"https:\/\/www.iemj.org\/de\/haza-ofra-1957-2000\/"},"author":{"name":"Lea Couderc","@id":"https:\/\/www.iemj.org\/de\/#\/schema\/person\/e2ad57f2c4be119c7ed8ab79036807a9"},"headline":"Haza, Ofra (1957-2000)","datePublished":"2017-08-30T14:09:18+00:00","dateModified":"2025-09-08T14:11:08+00:00","mainEntityOfPage":{"@id":"https:\/\/www.iemj.org\/de\/haza-ofra-1957-2000\/"},"wordCount":292,"publisher":{"@id":"https:\/\/www.iemj.org\/de\/#organization"},"image":{"@id":"https:\/\/www.iemj.org\/de\/haza-ofra-1957-2000\/#primaryimage"},"thumbnailUrl":"https:\/\/www.iemj.org\/wp-content\/uploads\/2017\/08\/arton2433-e1617024719914.jpg","articleSection":["Biografien"],"inLanguage":"de"},{"@type":"WebPage","@id":"https:\/\/www.iemj.org\/de\/haza-ofra-1957-2000\/","url":"https:\/\/www.iemj.org\/de\/haza-ofra-1957-2000\/","name":"Haza, Ofra (1957-2000) - Institut Europ\u00e9en des Musiques Juives","isPartOf":{"@id":"https:\/\/www.iemj.org\/de\/#website"},"primaryImageOfPage":{"@id":"https:\/\/www.iemj.org\/de\/haza-ofra-1957-2000\/#primaryimage"},"image":{"@id":"https:\/\/www.iemj.org\/de\/haza-ofra-1957-2000\/#primaryimage"},"thumbnailUrl":"https:\/\/www.iemj.org\/wp-content\/uploads\/2017\/08\/arton2433-e1617024719914.jpg","datePublished":"2017-08-30T14:09:18+00:00","dateModified":"2025-09-08T14:11:08+00:00","breadcrumb":{"@id":"https:\/\/www.iemj.org\/de\/haza-ofra-1957-2000\/#breadcrumb"},"inLanguage":"de","potentialAction":[{"@type":"ReadAction","target":["https:\/\/www.iemj.org\/de\/haza-ofra-1957-2000\/"]}]},{"@type":"ImageObject","inLanguage":"de","@id":"https:\/\/www.iemj.org\/de\/haza-ofra-1957-2000\/#primaryimage","url":"https:\/\/www.iemj.org\/wp-content\/uploads\/2017\/08\/arton2433-e1617024719914.jpg","contentUrl":"https:\/\/www.iemj.org\/wp-content\/uploads\/2017\/08\/arton2433-e1617024719914.jpg","width":220,"height":218},{"@type":"BreadcrumbList","@id":"https:\/\/www.iemj.org\/de\/haza-ofra-1957-2000\/#breadcrumb","itemListElement":[{"@type":"ListItem","position":1,"name":"Accueil","item":"https:\/\/www.iemj.org\/de\/"},{"@type":"ListItem","position":2,"name":"Haza, Ofra (1957-2000)"}]},{"@type":"WebSite","@id":"https:\/\/www.iemj.org\/de\/#website","url":"https:\/\/www.iemj.org\/de\/","name":"Institut Europ\u00e9en des Musiques Juives","description":"Des traditions musicales \u00e0 la port\u00e9e de tous","publisher":{"@id":"https:\/\/www.iemj.org\/de\/#organization"},"potentialAction":[{"@type":"SearchAction","target":{"@type":"EntryPoint","urlTemplate":"https:\/\/www.iemj.org\/de\/?s={search_term_string}"},"query-input":{"@type":"PropertyValueSpecification","valueRequired":true,"valueName":"search_term_string"}}],"inLanguage":"de"},{"@type":"Organization","@id":"https:\/\/www.iemj.org\/de\/#organization","name":"Institut Europ\u00e9en des Musiques Juives","url":"https:\/\/www.iemj.org\/de\/","logo":{"@type":"ImageObject","inLanguage":"de","@id":"https:\/\/www.iemj.org\/de\/#\/schema\/logo\/image\/","url":"https:\/\/www.iemj.org\/wp-content\/uploads\/2021\/09\/Logo-IEMJ-Paypal.jpg","contentUrl":"https:\/\/www.iemj.org\/wp-content\/uploads\/2021\/09\/Logo-IEMJ-Paypal.jpg","width":150,"height":50,"caption":"Institut Europ\u00e9en des Musiques Juives"},"image":{"@id":"https:\/\/www.iemj.org\/de\/#\/schema\/logo\/image\/"},"sameAs":["https:\/\/www.facebook.com\/MusiquesJuives\/","https:\/\/www.instagram.com\/musiquesjuives\/","https:\/\/www.youtube.com\/user\/musiquesjuives"]},{"@type":"Person","@id":"https:\/\/www.iemj.org\/de\/#\/schema\/person\/e2ad57f2c4be119c7ed8ab79036807a9","name":"Lea Couderc","image":{"@type":"ImageObject","inLanguage":"de","@id":"https:\/\/secure.gravatar.com\/avatar\/46ee021475d60aeff17a7e490b79dea5a5684bb392ab7fd1494027411df8ba23?s=96&d=mm&r=g","url":"https:\/\/secure.gravatar.com\/avatar\/46ee021475d60aeff17a7e490b79dea5a5684bb392ab7fd1494027411df8ba23?s=96&d=mm&r=g","contentUrl":"https:\/\/secure.gravatar.com\/avatar\/46ee021475d60aeff17a7e490b79dea5a5684bb392ab7fd1494027411df8ba23?s=96&d=mm&r=g","caption":"Lea Couderc"}}]}},"_links":{"self":[{"href":"https:\/\/www.iemj.org\/de\/wp-json\/wp\/v2\/posts\/88417","targetHints":{"allow":["GET"]}}],"collection":[{"href":"https:\/\/www.iemj.org\/de\/wp-json\/wp\/v2\/posts"}],"about":[{"href":"https:\/\/www.iemj.org\/de\/wp-json\/wp\/v2\/types\/post"}],"author":[{"embeddable":true,"href":"https:\/\/www.iemj.org\/de\/wp-json\/wp\/v2\/users\/1052"}],"replies":[{"embeddable":true,"href":"https:\/\/www.iemj.org\/de\/wp-json\/wp\/v2\/comments?post=88417"}],"version-history":[{"count":0,"href":"https:\/\/www.iemj.org\/de\/wp-json\/wp\/v2\/posts\/88417\/revisions"}],"wp:featuredmedia":[{"embeddable":true,"href":"https:\/\/www.iemj.org\/de\/wp-json\/wp\/v2\/media\/88418"}],"wp:attachment":[{"href":"https:\/\/www.iemj.org\/de\/wp-json\/wp\/v2\/media?parent=88417"}],"wp:term":[{"taxonomy":"category","embeddable":true,"href":"https:\/\/www.iemj.org\/de\/wp-json\/wp\/v2\/categories?post=88417"},{"taxonomy":"post_tag","embeddable":true,"href":"https:\/\/www.iemj.org\/de\/wp-json\/wp\/v2\/tags?post=88417"},{"taxonomy":"technique","embeddable":true,"href":"https:\/\/www.iemj.org\/de\/wp-json\/wp\/v2\/technique?post=88417"},{"taxonomy":"squelettes","embeddable":true,"href":"https:\/\/www.iemj.org\/de\/wp-json\/wp\/v2\/squelettes?post=88417"},{"taxonomy":"sujet","embeddable":true,"href":"https:\/\/www.iemj.org\/de\/wp-json\/wp\/v2\/sujet?post=88417"},{"taxonomy":"formation","embeddable":true,"href":"https:\/\/www.iemj.org\/de\/wp-json\/wp\/v2\/formation?post=88417"},{"taxonomy":"genre","embeddable":true,"href":"https:\/\/www.iemj.org\/de\/wp-json\/wp\/v2\/genre?post=88417"},{"taxonomy":"fonds","embeddable":true,"href":"https:\/\/www.iemj.org\/de\/wp-json\/wp\/v2\/fonds?post=88417"},{"taxonomy":"tradition","embeddable":true,"href":"https:\/\/www.iemj.org\/de\/wp-json\/wp\/v2\/tradition?post=88417"},{"taxonomy":"type-de-contenu","embeddable":true,"href":"https:\/\/www.iemj.org\/de\/wp-json\/wp\/v2\/type-de-contenu?post=88417"},{"taxonomy":"interprete-compositeur","embeddable":true,"href":"https:\/\/www.iemj.org\/de\/wp-json\/wp\/v2\/interprete-compositeur?post=88417"},{"taxonomy":"frise","embeddable":true,"href":"https:\/\/www.iemj.org\/de\/wp-json\/wp\/v2\/frise?post=88417"},{"taxonomy":"type-devenement","embeddable":true,"href":"https:\/\/www.iemj.org\/de\/wp-json\/wp\/v2\/type-devenement?post=88417"},{"taxonomy":"tableaux-liens-externes","embeddable":true,"href":"https:\/\/www.iemj.org\/de\/wp-json\/wp\/v2\/tableaux-liens-externes?post=88417"}],"curies":[{"name":"wp","href":"https:\/\/api.w.org\/{rel}","templated":true}]}}