{"id":88471,"date":"2019-03-27T14:59:33","date_gmt":"2019-03-27T13:59:33","guid":{"rendered":"https:\/\/www.iemj.org\/zefira-bracha-1910-1990\/"},"modified":"2022-10-10T16:10:34","modified_gmt":"2022-10-10T14:10:34","slug":"zefira-bracha-1910-1990","status":"publish","type":"post","link":"https:\/\/www.iemj.org\/de\/zefira-bracha-1910-1990\/","title":{"rendered":"Zefira, Bracha (1910-1990)"},"content":{"rendered":"<p>Bracha Zefira wurde im Jahr 1910 in Jerusalem geboren. Ihr Vater emigrierte 1887 aus dem Jemen und lie\u00df sich im damaligen jemenitischen Viertel Nahalat Tsvi in Jerusalem nieder. Er heiratete Na&#8217;ama Amrani, Bracha Zefiras Mutter, die bei der Geburt von Bracha starb. Ihr Vater starb drei Jahre sp\u00e4ter an Typhus. Als Waise lebte Bracha bei ihrem Onkel in Jerusalem, floh aber im Alter von f\u00fcnf Jahren von zu Hause und wurde in einer Pflegefamilie im Jerusalemer Stadtteil Buchara untergebracht. Dieser Teil der Stadt wird von Einwanderern aus Buchara, Taschkent, Samarkand und Persien bewohnt. Nach drei Jahren verlie\u00df ihre Adoptivfamilie die Stadt und Bracha wurde daraufhin bei einer Witwe im Jerusalemer Stadtteil Yemin Moshe untergebracht, wo die meisten Bewohner sephardische Juden aus Thessaloniki sind.<\/p>\n<p>Als Bracha von einem Viertel Jerusalems zum n\u00e4chsten wanderte, war sie von der Musik, die sie dort h\u00f6rte, begeistert: Liturgische Melodien (die Synagoge war damals ein zentraler Ort im Leben der j\u00fcdischen Familien), sephardische Lieder und arabische Melodien. Bracha und seine Freunde machten sich einen Spa\u00df daraus, hebr\u00e4ische Texte, vor allem die des Dichters <strong>Bialik<\/strong>, auf arabische oder sephardische Melodien zu adaptieren.<\/p>\n<p><img fetchpriority=\"high\" decoding=\"async\" class=\" alignright size-full wp-image-23214\" src=\"https:\/\/www.iemj.org\/wp-content\/uploads\/2019\/03\/brachazafira.jpg\" alt=\"brachazafira.jpg\" width=\"300\" height=\"438\" align=\"right\" srcset=\"https:\/\/www.iemj.org\/wp-content\/uploads\/2019\/03\/brachazafira.jpg 300w, https:\/\/www.iemj.org\/wp-content\/uploads\/2019\/03\/brachazafira-205x300.jpg 205w\" sizes=\"(max-width: 300px) 100vw, 300px\" \/><\/p>\n<p>1924 wurde Bracha Zefira in das Bildungsdorf Me&#8217;ir Shefeyah in der N\u00e4he von Zikhron Ya&#8217;akov geschickt, das zu dieser Zeit von Moshe Calwary geleitet wird. Seine Frau Hadassah f\u00f6rderte Brachas musikalisches Talent und schlug ihr vor, an einem Freitagabend vor allen Sch\u00fclern <em>Semirot Schabbat<\/em> zu singen. Seine Darbietung war ein voller Erfolg und zog die Aufmerksamkeit der aschkenasischen Professoren aus Westeuropa auf sich. In einem Artikel \u00fcber Bracha Zefira hob Jehoash Hirshberg diesen Punkt hervor, indem er ihre ideologische Rolle beschreibte: <em>\u201eDurch das Singen ihrer Lieder trug Bracha Zefira dazu bei, dass die Traditionen verschiedener ethnischer Gruppen anerkannt wurden.\u201c<\/em><\/p>\n<p>Dieser Erfolg veranlasste Bracha, ihre musikalischen Studien fortzusetzen. Sie zog nach Jerusalem, um an der Kedma-Schule zu studieren, die damals von Sidney Siel geleitet wurde. Nach mehreren Monaten verlie\u00df sie die Schule, obwohl ihre Lehrer ihr empfahlen, Schauspiel zu studieren. Sie zog nach Tel Aviv und trat dem von Menehem Gnessin gegr\u00fcndeten Palestine Theatre bei. Das Theater wurde 1927 geschlossen, und Bracha wechselte zum satirischen Theater Hakumkum, wo sie bis 1929 spielte. Gleichzeitig trat sie mehrfach als Solos\u00e4ngerin und Chorleiterin auf. Der russische Regisseur Alexander Diki, der sie in einer der Auff\u00fchrungen von Hakumkum gesehen hatte, empfahl ihr, ihr Studium in Berlin fortzusetzen. Dort lernte sie mit der Hilfe von Meir Dizzengof im Studio von Max Reinhardt Schauspiel und Musik.<\/p>\n<p><strong>Bracha Zefira und Nachum Nardi<\/strong><\/p>\n<p>Die vielleicht wichtigste Begegnung seiner musikalischen Karriere hatte Zefira 1929 in Berlin, als sie den Pianisten und Komponisten <a href=\"https:\/\/www.iemj.org\/de\/nardi-nahum-1901-1977\/\"><strong>Nachum Nardi<\/strong><\/a> kennenlernte. Bracha Zefira berichtete \u00fcber ihre Begegnung: \u201eAm selben Abend &#8230; Ich bat ihn, sich ans Klavier zu setzen und die Lieder zu spielen, die ich ihm vorsang, und eine Begleitung zu improvisieren. Ich sang \u201eYesh Li Gan\u201c und \u201eBein Nahar Prat\u201c von Bialik, sephardische Pijjutim &#8230; und andere Lieder, die ich immer in Shefeyah gesungen hatte. Er lernte schnell, hatte ein ausgezeichnetes Geh\u00f6r, einen zarten Anschlag am Klavier und kannte die hebr\u00e4ischen Texte. Sein Spiel und seine einfachen Harmonien elektrisierten mich, ich sp\u00fcrte, dass das Lied eine ganz neue Wendung nahm &#8230;\u201c.<\/p>\n<p>Im selben Jahr begannen Bracha Zefira und Nachum Nardi eine Reihe von Konzerten in Deutschland und anderen europ\u00e4ischen L\u00e4ndern. Bracha unterbrach ihre Schauspielkarriere, um sich ganz dem Gesang zu widmen. Das Konzertprogramm umfasste Lieder verschiedener ethnischer Gruppen, die Bracha seit ihrer Kindheit kennte, darunter sephardische, jemenitische, persische und Buchara-Lieder sowie beduinische und pal\u00e4stinensisch-arabische Lieder. Sie schloss Theatergesten ein, und das Ganze wurde von der Kritik sehr gut aufgenommen. Das Duo spielte vor bedeutenden Pers\u00f6nlichkeiten wie Albert Einstein oder dem russischen Regisseur Sergei Eisenstein.<\/p>\n<p><img decoding=\"async\" class=\" alignright size-full wp-image-23216\" src=\"https:\/\/www.iemj.org\/wp-content\/uploads\/2019\/03\/d78-25_490_vig.jpg\" alt=\"d78-25_490_vig.jpg\" width=\"400\" height=\"376\" align=\"right\" srcset=\"https:\/\/www.iemj.org\/wp-content\/uploads\/2019\/03\/d78-25_490_vig.jpg 400w, https:\/\/www.iemj.org\/wp-content\/uploads\/2019\/03\/d78-25_490_vig-300x282.jpg 300w\" sizes=\"(max-width: 400px) 100vw, 400px\" \/><\/p>\n<p>1930 kehrten Bracha Zefira und Nachum Nardi nach Pal\u00e4stina zur\u00fcck und f\u00fchrten dort erfolgreiche Shows auf, die Lieder der orientalischen Gemeinden, die Bracha Zefira oft in ihrer Originalsprache sang, arabische und Beduinenlieder, die von Nardi arrangiert und mit hebr\u00e4ischen W\u00f6rtern gesungen wurden, und schlie\u00dflich Nardis Kompositionen, insbesondere Kinderlieder, enthielten.<\/p>\n<p>Um Repertoire zu finden, kehrte Bracha in die Viertel zur\u00fcck, in denen sie aufgewachsen war. Sie bat \u00e4ltere Frauen, ihr ihre Lieder vorzusingen, und nahm an lokalen Feierlichkeiten teil. Sie wurde auch von Experten wie Yehiel Adaki unterst\u00fctzt, der ihr Lieder aus der jemenitischen Tradition beibrachte, und Jitzchak Nawon, der ihr Lieder aus dem sephardischen Repertoire vermittelte. Laut Emanuel Yerimi war ihr Erfolg in Pal\u00e4stina auch auf die gro\u00dfe Nachfrage nach hebr\u00e4ischem Gesang zur\u00fcckzuf\u00fchren, w\u00e4hrend die Zahl der K\u00fcnstler, die in diesem Bereich arbeiten, relativ gering war.<\/p>\n<p>Nach zwei Jahren der Zusammenarbeit heirateten Zefira und Nardi und brachten 1931 eine Tochter, Na&#8217;ama, zur Welt, die sp\u00e4ter Operns\u00e4ngerin wurde. Das Duo erweiterte sein Repertoire weiter und f\u00fcgte \u00e4gyptische, \u00e4thiopische und t\u00fcrkische Lieder, Negro-Spirituals aus den USA und vieles mehr hinzu. 1931 gingen sie in Alexandria und Kairo auf Tournee. Sie wurden von der Kritik gefeiert und gingen 1936 erneut dorthin. Eine ihrer wichtigsten Leistungen war die erste hebr\u00e4ische Radiosendung des <em>Palestine Broadcasting Service<\/em> im Jahr 1936. Ein Jahr sp\u00e4ter begannen sie eine Tournee durch die USA, wo sie drei Alben f\u00fcr <em>Columbia Records<\/em> aufnahmen, die laut Natan Shahar \u201eals Visitenkarte f\u00fcr die aufkommende Mode des hebr\u00e4ischen Gesangs in Pal\u00e4stina dienen sollten\u201c.<\/p>\n<p><img decoding=\"async\" class=\" alignleft size-full wp-image-23218\" src=\"https:\/\/www.iemj.org\/wp-content\/uploads\/2019\/03\/800px-pikiwiki_israel_4578_gan-shmuel_sk5-_16.jpg\" alt=\"800px-pikiwiki_israel_4578_gan-shmuel_sk5-_16.jpg\" width=\"300\" height=\"387\" align=\"left\" srcset=\"https:\/\/www.iemj.org\/wp-content\/uploads\/2019\/03\/800px-pikiwiki_israel_4578_gan-shmuel_sk5-_16.jpg 300w, https:\/\/www.iemj.org\/wp-content\/uploads\/2019\/03\/800px-pikiwiki_israel_4578_gan-shmuel_sk5-_16-233x300.jpg 233w\" sizes=\"(max-width: 300px) 100vw, 300px\" \/><\/p>\n<p>Einige Zeit sp\u00e4ter gerieten Zefira und Nardi in Konflikt, als Nardi sich weigerte, Lieder anderer Komponisten in ihre Konzertprogramme aufzunehmen, w\u00e4hrend Zefira Lieder von Admon, Amiran und Shelem einschlie\u00dfen wollte. Sie lie\u00dfen sich 1939 scheiden, traten aber aufgrund bereits eingegangener Verpflichtungen bis Juli dieses Jahres weiterhin gemeinsam auf.<\/p>\n<p>Nach ihrer Trennung wandte sich Zefira anderen Komponisten und Arrangeuren zu: Paul Ben-Chaim (der sie oft am Klavier begleitete) interessierte sich f\u00fcr sephardische Lieder; \u00d6d\u00f6n P\u00e1rtos f\u00fcr jemenitische Lieder; Marc Lavry wiederum bevorzugte Lieder mit einem leichteren, t\u00e4nzerischen Stil. Zefira arbeitete auch mit anderen Komponisten zusammen, darunter Boskovitch, Mahler Kelkshtein, Noam Sheriff, Hanoch Ya&#8217;akovi und Ben-Zion Orgad.<\/p>\n<p>Um weiterhin auf denselben gro\u00dfen B\u00fchnen in Israel spielen zu k\u00f6nnen, musste Zefira ihr Repertoire regelm\u00e4\u00dfig erweitern. Sie sammelte st\u00e4ndig neue traditionelle Lieder in Pal\u00e4stina. Obwohl sie Noten lesen konnte, konnte sie sie nicht schreiben. Sie versuchte daher, die Komponisten davon zu \u00fcberzeugen, mit ihr vor Ort zu gehen und sich die originale ethnische Musik anzuh\u00f6ren. Die Komponisten zogen es jedoch vor, dass Zefira sie f\u00fcr sie interpretierte.<\/p>\n<p>Einer der H\u00f6hepunkte in Zefiras Karriere war ein Konzert des Pal\u00e4stinensischen Symphonisches Orchesters (sp\u00e4ter Israel Philharmonic Orchestra) im Jahr 1939 unter der Leitung von Marc Lavry, bei dem sie Lieder von Nardi, Ben-Chaim und Lavry vortrug. Zu dieser Zeit beschrieben einheimische Kritiker diese Orchestermusik als orientalischen Ursprungs. In den folgenden Jahren tobten Debatten und Diskussionen \u00fcber dieses Thema, doch schlie\u00dflich beruhigte sich die Atmosph\u00e4re und der neue Stil fand sein Publikum. 1939 \u00e4nderte Zefira die Form ihrer \u00fcblichen musikalischen Begleitung. Sie stellte ein Instrumentalensemble aus Mitgliedern des Pal\u00e4stinensischen Symphonieorchesters zusammen, das sie bei zahlreichen Konzerten begleitete. Sie sang jedoch weiterhin, am meisten von Paul Ben-Chaim am Klavier begleitet.<\/p>\n<p>1940 lernte Zefira Ben Ami Zilber kennen, einen Violinisten des Pal\u00e4stinensischen Symphonieorchesters. Sie heirateten und brachten 1943 Ariel Zilber zur Welt, der in den 1970er Jahren zu einer wichtigen Figur in der israelischen Rockszene wurde. Nach einer einj\u00e4hrigen Pause aufgrund der Geburt von Ariel nahm Zefira ihre zahlreichen Konzerte bis 1947 wieder auf. 1948 tourte sie zweieinhalb Jahre lang durch Europa und die USA, wo sie unter anderem in Fl\u00fcchtlingslagern in Deutschland auftrat. W\u00e4hrend eines Auftritts in New York lernte sie den \u00e4gyptischen Dichter Dr. Ahmad Zaki kennen. Dieser widmete ihr sp\u00e4ter einen lobenden Artikel in einer arabischen Zeitung, ein damals ungew\u00f6hnliches Ereignis angesichts der schwierigen Beziehungen zwischen Israel und \u00c4gypten zu dieser Zeit.<\/p>\n<p>In den 1950er Jahren nahm das Interesse des Publikums an Zefira ab. Seine Vorliebe f\u00fcr gelehrte Musik auf Kosten der israelischen Volkslieder wurde vom Publikum mit gemischten Gef\u00fchlen aufgenommen. W\u00e4hrend einige von ihren Bem\u00fchungen, traditionelle Melodien auf die Ebene der \u201eernsten Musik\u201c zu \u201eheben\u201c, beeindruckt waren, waren andere traurig, dass sie den Bereich des traditionellen Gesangs verlie\u00df, der ihr wahrscheinlich nat\u00fcrlicher lag.<\/p>\n<p>Sie ging also wieder ins Ausland, um dort zu spielen, kehrte 1957 nach Israel zur\u00fcck und spielte nun gelegentlich in kleineren S\u00e4len. Sie studierte auch Zeichnen in Israel und sp\u00e4ter in Paris. In den 1960er Jahren trat sie weiterhin gelegentlich auf. 1966 erhielt sie den Engel-Preis f\u00fcr \u201edie Integration der orientalischen Melodie in die israelische Musik, Symphonie und Folklore, durch 30 Jahre Auftritte in Israel und im Ausland\u201c. Ihre letzte Auff\u00fchrung fand Mitte der 1970er Jahre im Tel Aviv Museum statt.<\/p>\n<p><img loading=\"lazy\" decoding=\"async\" class=\" alignright size-full wp-image-23220\" src=\"https:\/\/www.iemj.org\/wp-content\/uploads\/2019\/03\/d33-30_450_vig.jpg\" alt=\"d33-30_450_vig.jpg\" width=\"400\" height=\"416\" align=\"right\" srcset=\"https:\/\/www.iemj.org\/wp-content\/uploads\/2019\/03\/d33-30_450_vig.jpg 400w, https:\/\/www.iemj.org\/wp-content\/uploads\/2019\/03\/d33-30_450_vig-288x300.jpg 288w\" sizes=\"(max-width: 400px) 100vw, 400px\" \/><\/p>\n<p>Ihr Ehemann Ben Ami Zilber starb 1984, gefolgt von ihrer Tochter 1989. Zefira war davon tief betroffen und starb 1990. Ihr Tod wurde weder in der Presse noch im Radio erw\u00e4hnt. Nur einige Wochenendzeitungen berichteten dar\u00fcber. Die Stadt Jerusalem benennte immerhin eine Stra\u00dfe nach ihr.<\/p>\n<p>Malgr\u00e9 son succ\u00e8s en Palestine, Zefira a souffert du racisme. Lors de sa premi\u00e8re repr\u00e9sentation \u00e0 Tel Aviv, qui devait se d\u00e9rouler dans la salle Ohel Shem, la direction refusa de la laisser jouer en raison de son origine y\u00e9m\u00e9nite. Mais soutenu par le public, Zefira est finalement autoris\u00e9e \u00e0 y jouer.<\/p>\n<p>Trotz ihres Erfolgs in Pal\u00e4stina litt Zefira unter Rassismus. Bei ihrem ersten Auftritt in Tel Aviv, der in der Ohel Shem Hall stattfinden sollte, weigerte sich das Management, sie aufgrund ihrer jemenitischen Herkunft auftreten zu lassen. Doch unterst\u00fctzt vom Publikum durfte Zefira schlie\u00dflich dort auftreten.<\/p>\n<p><strong>Zefiras Repertoire umfasst mehr als 400 Lieder.<\/strong><br \/>\nZu ihren Liedern, die auf arabischen oder beduinischen Melodien basieren, geh\u00f6ren insbesondere von Nardi arrangierte Titel wie <em>Ben Nahar Prat, Yesh Li Gan, Lamidbar<\/em> und <em>Aley Giv&#8217;a<\/em>. Sie sang auch Pijjutim der jemenitischen und sephardischen Juden mit neuen Texten, wie <em>S&#8217;I Yona<\/em>, und <em>Hamavdil<\/em>. Bei sephardischen Romanzen \u00fcbersetzte Bracha Zefira entweder die Texte ins Hebr\u00e4ische oder ersetzte sie durch Originaltexte, wie die von Yehuda Karni in dem Lied <em>Hitrag&#8217;ot<\/em>.<\/p>\n<p>Dank Zefira wurden Melodien aus verschiedenen Gemeinden in hebr\u00e4ische Lieder umgewandelt, wie <em>Ets Harimon<\/em>, das urspr\u00fcnglich aus Buchara stammte, oder <em>Mahol Parsi <\/em>aus Persien. Dar\u00fcber hinaus sang Zefira Volkslieder in ihrer Originalsprache sowie hebr\u00e4ische Lieder von verschiedenen zeitgen\u00f6ssischen israelischen Komponisten.<\/p>\n<p>Schlie\u00dflich initiierte Zefira die Kreuzung der orientalischen Musik mit der europ\u00e4ischen Gesangstechnik. Zu seinen Sch\u00fclern geh\u00f6rten Naomi Tsuri und Hanna Ahroni.<\/p>\n<p>Artikel aus dem Englischen \u00fcberstetzt und bearbeitet nah der\u00a0<a href=\"https:\/\/www.jewish-music.huji.ac.il\/content\/brakha-tzefira\">Biografie von Bracha Zefira, Jewish Music Research Centre<\/a>, 2018.<\/p>\n<p><a href=\"https:\/\/www.iemj.org\/de\/les-plus-belles-chansons-de-bracha-zefira-1910-1990\/\" target=\"_blank\" rel=\"noopener\">H\u00f6ren Sie sich die Bracha Zefira gewidmete Playlist an<\/a><br \/>\n<a href=\"https:\/\/www.iemj.org\/nardi-nahum-1901-1977\/?\">Lesen Sie die Biografie von Nachum Nardi<\/a><\/p>\n","protected":false},"excerpt":{"rendered":"<p>Bracha Zefira wurde im Jahr 1910 in Jerusalem geboren. Ihr Vater emigrierte 1887 aus dem Jemen und lie\u00df sich im damaligen jemenitischen Viertel Nahalat Tsvi in Jerusalem nieder. Er heiratete<\/p>\n","protected":false},"author":1048,"featured_media":53624,"comment_status":"closed","ping_status":"open","sticky":false,"template":"","format":"standard","meta":{"_acf_changed":false,"footnotes":""},"categories":[1415],"tags":[],"technique":[],"squelettes":[],"sujet":[2137],"formation":[],"genre":[1880],"fonds":[],"tradition":[],"type-de-contenu":[],"interprete-compositeur":[],"frise":[],"type-devenement":[],"tableaux-liens-externes":[],"class_list":["post-88471","post","type-post","status-publish","format-standard","has-post-thumbnail","hentry","category-biografien-de","sujet-yemen-de","genre-israellied-de"],"acf":[],"yoast_head":"<!-- This site is optimized with the Yoast SEO plugin v27.3 - https:\/\/yoast.com\/product\/yoast-seo-wordpress\/ -->\n<title>Zefira, Bracha (1910-1990) - Institut Europ\u00e9en des Musiques Juives<\/title>\n<meta name=\"robots\" content=\"index, follow, max-snippet:-1, max-image-preview:large, max-video-preview:-1\" \/>\n<link rel=\"canonical\" href=\"https:\/\/www.iemj.org\/de\/zefira-bracha-1910-1990\/\" \/>\n<meta property=\"og:locale\" content=\"de_DE\" \/>\n<meta property=\"og:type\" content=\"article\" \/>\n<meta property=\"og:title\" content=\"Zefira, Bracha (1910-1990) - Institut Europ\u00e9en des Musiques Juives\" \/>\n<meta property=\"og:description\" content=\"Bracha Zefira wurde im Jahr 1910 in Jerusalem geboren. Ihr Vater emigrierte 1887 aus dem Jemen und lie\u00df sich im damaligen jemenitischen Viertel Nahalat Tsvi in Jerusalem nieder. Er heiratete\" \/>\n<meta property=\"og:url\" content=\"https:\/\/www.iemj.org\/de\/zefira-bracha-1910-1990\/\" \/>\n<meta property=\"og:site_name\" content=\"Institut Europ\u00e9en des Musiques Juives\" \/>\n<meta property=\"article:publisher\" content=\"https:\/\/www.facebook.com\/MusiquesJuives\/\" \/>\n<meta property=\"article:published_time\" content=\"2019-03-27T13:59:33+00:00\" \/>\n<meta property=\"article:modified_time\" content=\"2022-10-10T14:10:34+00:00\" \/>\n<meta property=\"og:image\" content=\"https:\/\/www.iemj.org\/wp-content\/uploads\/2019\/03\/arton4034-e1625477802905.jpg\" \/>\n\t<meta property=\"og:image:width\" content=\"161\" \/>\n\t<meta property=\"og:image:height\" content=\"218\" \/>\n\t<meta property=\"og:image:type\" content=\"image\/jpeg\" \/>\n<meta name=\"author\" content=\"Jean-Gabriel Davis\" \/>\n<meta name=\"twitter:card\" content=\"summary_large_image\" \/>\n<meta name=\"twitter:label1\" content=\"Verfasst von\" \/>\n\t<meta name=\"twitter:data1\" content=\"Jean-Gabriel Davis\" \/>\n\t<meta name=\"twitter:label2\" content=\"Gesch\u00e4tzte Lesezeit\" \/>\n\t<meta name=\"twitter:data2\" content=\"11\u00a0Minuten\" \/>\n<script type=\"application\/ld+json\" class=\"yoast-schema-graph\">{\"@context\":\"https:\\\/\\\/schema.org\",\"@graph\":[{\"@type\":\"Article\",\"@id\":\"https:\\\/\\\/www.iemj.org\\\/de\\\/zefira-bracha-1910-1990\\\/#article\",\"isPartOf\":{\"@id\":\"https:\\\/\\\/www.iemj.org\\\/de\\\/zefira-bracha-1910-1990\\\/\"},\"author\":{\"name\":\"Jean-Gabriel Davis\",\"@id\":\"https:\\\/\\\/www.iemj.org\\\/de\\\/#\\\/schema\\\/person\\\/c9bc1c386a3749579a2d675e72a18666\"},\"headline\":\"Zefira, Bracha (1910-1990)\",\"datePublished\":\"2019-03-27T13:59:33+00:00\",\"dateModified\":\"2022-10-10T14:10:34+00:00\",\"mainEntityOfPage\":{\"@id\":\"https:\\\/\\\/www.iemj.org\\\/de\\\/zefira-bracha-1910-1990\\\/\"},\"wordCount\":1793,\"publisher\":{\"@id\":\"https:\\\/\\\/www.iemj.org\\\/de\\\/#organization\"},\"image\":{\"@id\":\"https:\\\/\\\/www.iemj.org\\\/de\\\/zefira-bracha-1910-1990\\\/#primaryimage\"},\"thumbnailUrl\":\"https:\\\/\\\/www.iemj.org\\\/wp-content\\\/uploads\\\/2019\\\/03\\\/arton4034-e1625477802905.jpg\",\"articleSection\":[\"Biografien\"],\"inLanguage\":\"de\"},{\"@type\":\"WebPage\",\"@id\":\"https:\\\/\\\/www.iemj.org\\\/de\\\/zefira-bracha-1910-1990\\\/\",\"url\":\"https:\\\/\\\/www.iemj.org\\\/de\\\/zefira-bracha-1910-1990\\\/\",\"name\":\"Zefira, Bracha (1910-1990) - Institut Europ\u00e9en des Musiques Juives\",\"isPartOf\":{\"@id\":\"https:\\\/\\\/www.iemj.org\\\/de\\\/#website\"},\"primaryImageOfPage\":{\"@id\":\"https:\\\/\\\/www.iemj.org\\\/de\\\/zefira-bracha-1910-1990\\\/#primaryimage\"},\"image\":{\"@id\":\"https:\\\/\\\/www.iemj.org\\\/de\\\/zefira-bracha-1910-1990\\\/#primaryimage\"},\"thumbnailUrl\":\"https:\\\/\\\/www.iemj.org\\\/wp-content\\\/uploads\\\/2019\\\/03\\\/arton4034-e1625477802905.jpg\",\"datePublished\":\"2019-03-27T13:59:33+00:00\",\"dateModified\":\"2022-10-10T14:10:34+00:00\",\"breadcrumb\":{\"@id\":\"https:\\\/\\\/www.iemj.org\\\/de\\\/zefira-bracha-1910-1990\\\/#breadcrumb\"},\"inLanguage\":\"de\",\"potentialAction\":[{\"@type\":\"ReadAction\",\"target\":[\"https:\\\/\\\/www.iemj.org\\\/de\\\/zefira-bracha-1910-1990\\\/\"]}]},{\"@type\":\"ImageObject\",\"inLanguage\":\"de\",\"@id\":\"https:\\\/\\\/www.iemj.org\\\/de\\\/zefira-bracha-1910-1990\\\/#primaryimage\",\"url\":\"https:\\\/\\\/www.iemj.org\\\/wp-content\\\/uploads\\\/2019\\\/03\\\/arton4034-e1625477802905.jpg\",\"contentUrl\":\"https:\\\/\\\/www.iemj.org\\\/wp-content\\\/uploads\\\/2019\\\/03\\\/arton4034-e1625477802905.jpg\",\"width\":161,\"height\":218},{\"@type\":\"BreadcrumbList\",\"@id\":\"https:\\\/\\\/www.iemj.org\\\/de\\\/zefira-bracha-1910-1990\\\/#breadcrumb\",\"itemListElement\":[{\"@type\":\"ListItem\",\"position\":1,\"name\":\"Accueil\",\"item\":\"https:\\\/\\\/www.iemj.org\\\/de\\\/\"},{\"@type\":\"ListItem\",\"position\":2,\"name\":\"Zefira, Bracha (1910-1990)\"}]},{\"@type\":\"WebSite\",\"@id\":\"https:\\\/\\\/www.iemj.org\\\/de\\\/#website\",\"url\":\"https:\\\/\\\/www.iemj.org\\\/de\\\/\",\"name\":\"Institut Europ\u00e9en des Musiques Juives\",\"description\":\"Des traditions musicales \u00e0 la port\u00e9e de tous\",\"publisher\":{\"@id\":\"https:\\\/\\\/www.iemj.org\\\/de\\\/#organization\"},\"potentialAction\":[{\"@type\":\"SearchAction\",\"target\":{\"@type\":\"EntryPoint\",\"urlTemplate\":\"https:\\\/\\\/www.iemj.org\\\/de\\\/?s={search_term_string}\"},\"query-input\":{\"@type\":\"PropertyValueSpecification\",\"valueRequired\":true,\"valueName\":\"search_term_string\"}}],\"inLanguage\":\"de\"},{\"@type\":\"Organization\",\"@id\":\"https:\\\/\\\/www.iemj.org\\\/de\\\/#organization\",\"name\":\"Institut Europ\u00e9en des Musiques Juives\",\"url\":\"https:\\\/\\\/www.iemj.org\\\/de\\\/\",\"logo\":{\"@type\":\"ImageObject\",\"inLanguage\":\"de\",\"@id\":\"https:\\\/\\\/www.iemj.org\\\/de\\\/#\\\/schema\\\/logo\\\/image\\\/\",\"url\":\"https:\\\/\\\/www.iemj.org\\\/wp-content\\\/uploads\\\/2021\\\/09\\\/Logo-IEMJ-Paypal.jpg\",\"contentUrl\":\"https:\\\/\\\/www.iemj.org\\\/wp-content\\\/uploads\\\/2021\\\/09\\\/Logo-IEMJ-Paypal.jpg\",\"width\":150,\"height\":50,\"caption\":\"Institut Europ\u00e9en des Musiques Juives\"},\"image\":{\"@id\":\"https:\\\/\\\/www.iemj.org\\\/de\\\/#\\\/schema\\\/logo\\\/image\\\/\"},\"sameAs\":[\"https:\\\/\\\/www.facebook.com\\\/MusiquesJuives\\\/\",\"https:\\\/\\\/www.instagram.com\\\/musiquesjuives\\\/\",\"https:\\\/\\\/www.youtube.com\\\/user\\\/musiquesjuives\"]},{\"@type\":\"Person\",\"@id\":\"https:\\\/\\\/www.iemj.org\\\/de\\\/#\\\/schema\\\/person\\\/c9bc1c386a3749579a2d675e72a18666\",\"name\":\"Jean-Gabriel Davis\",\"image\":{\"@type\":\"ImageObject\",\"inLanguage\":\"de\",\"@id\":\"https:\\\/\\\/secure.gravatar.com\\\/avatar\\\/2b90d67bdf392c9b3a21fab87c0fa7edaf1fb3a058172a1ffd61033fcec7aec1?s=96&d=mm&r=g\",\"url\":\"https:\\\/\\\/secure.gravatar.com\\\/avatar\\\/2b90d67bdf392c9b3a21fab87c0fa7edaf1fb3a058172a1ffd61033fcec7aec1?s=96&d=mm&r=g\",\"contentUrl\":\"https:\\\/\\\/secure.gravatar.com\\\/avatar\\\/2b90d67bdf392c9b3a21fab87c0fa7edaf1fb3a058172a1ffd61033fcec7aec1?s=96&d=mm&r=g\",\"caption\":\"Jean-Gabriel Davis\"}}]}<\/script>\n<!-- \/ Yoast SEO plugin. -->","yoast_head_json":{"title":"Zefira, Bracha (1910-1990) - Institut Europ\u00e9en des Musiques Juives","robots":{"index":"index","follow":"follow","max-snippet":"max-snippet:-1","max-image-preview":"max-image-preview:large","max-video-preview":"max-video-preview:-1"},"canonical":"https:\/\/www.iemj.org\/de\/zefira-bracha-1910-1990\/","og_locale":"de_DE","og_type":"article","og_title":"Zefira, Bracha (1910-1990) - Institut Europ\u00e9en des Musiques Juives","og_description":"Bracha Zefira wurde im Jahr 1910 in Jerusalem geboren. Ihr Vater emigrierte 1887 aus dem Jemen und lie\u00df sich im damaligen jemenitischen Viertel Nahalat Tsvi in Jerusalem nieder. Er heiratete","og_url":"https:\/\/www.iemj.org\/de\/zefira-bracha-1910-1990\/","og_site_name":"Institut Europ\u00e9en des Musiques Juives","article_publisher":"https:\/\/www.facebook.com\/MusiquesJuives\/","article_published_time":"2019-03-27T13:59:33+00:00","article_modified_time":"2022-10-10T14:10:34+00:00","og_image":[{"width":161,"height":218,"url":"https:\/\/www.iemj.org\/wp-content\/uploads\/2019\/03\/arton4034-e1625477802905.jpg","type":"image\/jpeg"}],"author":"Jean-Gabriel Davis","twitter_card":"summary_large_image","twitter_misc":{"Verfasst von":"Jean-Gabriel Davis","Gesch\u00e4tzte Lesezeit":"11\u00a0Minuten"},"schema":{"@context":"https:\/\/schema.org","@graph":[{"@type":"Article","@id":"https:\/\/www.iemj.org\/de\/zefira-bracha-1910-1990\/#article","isPartOf":{"@id":"https:\/\/www.iemj.org\/de\/zefira-bracha-1910-1990\/"},"author":{"name":"Jean-Gabriel Davis","@id":"https:\/\/www.iemj.org\/de\/#\/schema\/person\/c9bc1c386a3749579a2d675e72a18666"},"headline":"Zefira, Bracha (1910-1990)","datePublished":"2019-03-27T13:59:33+00:00","dateModified":"2022-10-10T14:10:34+00:00","mainEntityOfPage":{"@id":"https:\/\/www.iemj.org\/de\/zefira-bracha-1910-1990\/"},"wordCount":1793,"publisher":{"@id":"https:\/\/www.iemj.org\/de\/#organization"},"image":{"@id":"https:\/\/www.iemj.org\/de\/zefira-bracha-1910-1990\/#primaryimage"},"thumbnailUrl":"https:\/\/www.iemj.org\/wp-content\/uploads\/2019\/03\/arton4034-e1625477802905.jpg","articleSection":["Biografien"],"inLanguage":"de"},{"@type":"WebPage","@id":"https:\/\/www.iemj.org\/de\/zefira-bracha-1910-1990\/","url":"https:\/\/www.iemj.org\/de\/zefira-bracha-1910-1990\/","name":"Zefira, Bracha (1910-1990) - Institut Europ\u00e9en des Musiques Juives","isPartOf":{"@id":"https:\/\/www.iemj.org\/de\/#website"},"primaryImageOfPage":{"@id":"https:\/\/www.iemj.org\/de\/zefira-bracha-1910-1990\/#primaryimage"},"image":{"@id":"https:\/\/www.iemj.org\/de\/zefira-bracha-1910-1990\/#primaryimage"},"thumbnailUrl":"https:\/\/www.iemj.org\/wp-content\/uploads\/2019\/03\/arton4034-e1625477802905.jpg","datePublished":"2019-03-27T13:59:33+00:00","dateModified":"2022-10-10T14:10:34+00:00","breadcrumb":{"@id":"https:\/\/www.iemj.org\/de\/zefira-bracha-1910-1990\/#breadcrumb"},"inLanguage":"de","potentialAction":[{"@type":"ReadAction","target":["https:\/\/www.iemj.org\/de\/zefira-bracha-1910-1990\/"]}]},{"@type":"ImageObject","inLanguage":"de","@id":"https:\/\/www.iemj.org\/de\/zefira-bracha-1910-1990\/#primaryimage","url":"https:\/\/www.iemj.org\/wp-content\/uploads\/2019\/03\/arton4034-e1625477802905.jpg","contentUrl":"https:\/\/www.iemj.org\/wp-content\/uploads\/2019\/03\/arton4034-e1625477802905.jpg","width":161,"height":218},{"@type":"BreadcrumbList","@id":"https:\/\/www.iemj.org\/de\/zefira-bracha-1910-1990\/#breadcrumb","itemListElement":[{"@type":"ListItem","position":1,"name":"Accueil","item":"https:\/\/www.iemj.org\/de\/"},{"@type":"ListItem","position":2,"name":"Zefira, Bracha (1910-1990)"}]},{"@type":"WebSite","@id":"https:\/\/www.iemj.org\/de\/#website","url":"https:\/\/www.iemj.org\/de\/","name":"Institut Europ\u00e9en des Musiques Juives","description":"Des traditions musicales \u00e0 la port\u00e9e de tous","publisher":{"@id":"https:\/\/www.iemj.org\/de\/#organization"},"potentialAction":[{"@type":"SearchAction","target":{"@type":"EntryPoint","urlTemplate":"https:\/\/www.iemj.org\/de\/?s={search_term_string}"},"query-input":{"@type":"PropertyValueSpecification","valueRequired":true,"valueName":"search_term_string"}}],"inLanguage":"de"},{"@type":"Organization","@id":"https:\/\/www.iemj.org\/de\/#organization","name":"Institut Europ\u00e9en des Musiques Juives","url":"https:\/\/www.iemj.org\/de\/","logo":{"@type":"ImageObject","inLanguage":"de","@id":"https:\/\/www.iemj.org\/de\/#\/schema\/logo\/image\/","url":"https:\/\/www.iemj.org\/wp-content\/uploads\/2021\/09\/Logo-IEMJ-Paypal.jpg","contentUrl":"https:\/\/www.iemj.org\/wp-content\/uploads\/2021\/09\/Logo-IEMJ-Paypal.jpg","width":150,"height":50,"caption":"Institut Europ\u00e9en des Musiques Juives"},"image":{"@id":"https:\/\/www.iemj.org\/de\/#\/schema\/logo\/image\/"},"sameAs":["https:\/\/www.facebook.com\/MusiquesJuives\/","https:\/\/www.instagram.com\/musiquesjuives\/","https:\/\/www.youtube.com\/user\/musiquesjuives"]},{"@type":"Person","@id":"https:\/\/www.iemj.org\/de\/#\/schema\/person\/c9bc1c386a3749579a2d675e72a18666","name":"Jean-Gabriel Davis","image":{"@type":"ImageObject","inLanguage":"de","@id":"https:\/\/secure.gravatar.com\/avatar\/2b90d67bdf392c9b3a21fab87c0fa7edaf1fb3a058172a1ffd61033fcec7aec1?s=96&d=mm&r=g","url":"https:\/\/secure.gravatar.com\/avatar\/2b90d67bdf392c9b3a21fab87c0fa7edaf1fb3a058172a1ffd61033fcec7aec1?s=96&d=mm&r=g","contentUrl":"https:\/\/secure.gravatar.com\/avatar\/2b90d67bdf392c9b3a21fab87c0fa7edaf1fb3a058172a1ffd61033fcec7aec1?s=96&d=mm&r=g","caption":"Jean-Gabriel Davis"}}]}},"_links":{"self":[{"href":"https:\/\/www.iemj.org\/de\/wp-json\/wp\/v2\/posts\/88471","targetHints":{"allow":["GET"]}}],"collection":[{"href":"https:\/\/www.iemj.org\/de\/wp-json\/wp\/v2\/posts"}],"about":[{"href":"https:\/\/www.iemj.org\/de\/wp-json\/wp\/v2\/types\/post"}],"author":[{"embeddable":true,"href":"https:\/\/www.iemj.org\/de\/wp-json\/wp\/v2\/users\/1048"}],"replies":[{"embeddable":true,"href":"https:\/\/www.iemj.org\/de\/wp-json\/wp\/v2\/comments?post=88471"}],"version-history":[{"count":0,"href":"https:\/\/www.iemj.org\/de\/wp-json\/wp\/v2\/posts\/88471\/revisions"}],"wp:featuredmedia":[{"embeddable":true,"href":"https:\/\/www.iemj.org\/de\/wp-json\/wp\/v2\/media\/53624"}],"wp:attachment":[{"href":"https:\/\/www.iemj.org\/de\/wp-json\/wp\/v2\/media?parent=88471"}],"wp:term":[{"taxonomy":"category","embeddable":true,"href":"https:\/\/www.iemj.org\/de\/wp-json\/wp\/v2\/categories?post=88471"},{"taxonomy":"post_tag","embeddable":true,"href":"https:\/\/www.iemj.org\/de\/wp-json\/wp\/v2\/tags?post=88471"},{"taxonomy":"technique","embeddable":true,"href":"https:\/\/www.iemj.org\/de\/wp-json\/wp\/v2\/technique?post=88471"},{"taxonomy":"squelettes","embeddable":true,"href":"https:\/\/www.iemj.org\/de\/wp-json\/wp\/v2\/squelettes?post=88471"},{"taxonomy":"sujet","embeddable":true,"href":"https:\/\/www.iemj.org\/de\/wp-json\/wp\/v2\/sujet?post=88471"},{"taxonomy":"formation","embeddable":true,"href":"https:\/\/www.iemj.org\/de\/wp-json\/wp\/v2\/formation?post=88471"},{"taxonomy":"genre","embeddable":true,"href":"https:\/\/www.iemj.org\/de\/wp-json\/wp\/v2\/genre?post=88471"},{"taxonomy":"fonds","embeddable":true,"href":"https:\/\/www.iemj.org\/de\/wp-json\/wp\/v2\/fonds?post=88471"},{"taxonomy":"tradition","embeddable":true,"href":"https:\/\/www.iemj.org\/de\/wp-json\/wp\/v2\/tradition?post=88471"},{"taxonomy":"type-de-contenu","embeddable":true,"href":"https:\/\/www.iemj.org\/de\/wp-json\/wp\/v2\/type-de-contenu?post=88471"},{"taxonomy":"interprete-compositeur","embeddable":true,"href":"https:\/\/www.iemj.org\/de\/wp-json\/wp\/v2\/interprete-compositeur?post=88471"},{"taxonomy":"frise","embeddable":true,"href":"https:\/\/www.iemj.org\/de\/wp-json\/wp\/v2\/frise?post=88471"},{"taxonomy":"type-devenement","embeddable":true,"href":"https:\/\/www.iemj.org\/de\/wp-json\/wp\/v2\/type-devenement?post=88471"},{"taxonomy":"tableaux-liens-externes","embeddable":true,"href":"https:\/\/www.iemj.org\/de\/wp-json\/wp\/v2\/tableaux-liens-externes?post=88471"}],"curies":[{"name":"wp","href":"https:\/\/api.w.org\/{rel}","templated":true}]}}