{"id":88565,"date":"2014-11-06T15:09:15","date_gmt":"2014-11-06T14:09:15","guid":{"rendered":"https:\/\/www.iemj.org\/kandel-harry-1885-1943\/"},"modified":"2025-09-02T09:21:08","modified_gmt":"2025-09-02T07:21:08","slug":"kandel-harry-1885-1943","status":"publish","type":"post","link":"https:\/\/www.iemj.org\/de\/kandel-harry-1885-1943\/","title":{"rendered":"Kandel, Harry (1885-1943)"},"content":{"rendered":"<p>Harry Kandel (1885 Lemberg, Galizien &#8211; 1943 Philadelphia, USA) war in den USA einer der Pioniere der Klezmer-Musik, der traditionellen Tanzmusik der mitteleurop\u00e4ischen Juden. Mit seinem Orchester, das aus zwei Zinken, vier Geigen, einer Fl\u00f6te, einer Viola, einer Posaune, einer Tuba, einem Klavier, einem Xylophon und ihm selbst an der Klarinette bestand, nahm er zwischen 1916 und 1927 zahlreiche Hits auf, darunter das sehr ber\u00fchmte \u201eA Nakht in Gartn Eydn\u201c. Im Jahr 1926 nahm er ein Potpourri auf, das ein weiteres sehr bekanntes St\u00fcck enthielt: \u201eDer Shtiler Bulgar\u201c, das sp\u00e4ter von Ziggy Elman unter dem Titel \u201eFralich in Swing\u201c und von Benny Goodman unter dem Titel \u201eAnd the Angels Sing\u201c wieder gesungen wurde.<\/p>\n<p>Als einziges Mitglied einer Holzh\u00e4ndlerfamilie, das musikalische Begabungen zeigte, studierte Kandel am Musikkonservatorium in Odessa und diente anschlie\u00dfend in einem Orchester der Zarenarmee. Im Jahr 1905 wanderte er in die USA aus, wo er sich zun\u00e4chst in New York niederlie\u00df. Als Klarinettist der Great Lafayette Band spielte er auf den Tourneen der Music-Hall Keith-Orpheum und hatte auch Auftritte in Buffalo Bill\u2018s Wild West Show.<\/p>\n<p>Als er 1913 nach Philadelphia zog, trat er mit dem Orchester von John Philip Sousa im Willow Grove Park, dem ersten Vergn\u00fcgungspark der USA, in mehreren Konzerten auf. 1916 begann er als Dirigent, als er in Atlantic City seine Band Harry Kandel&#8217;s Famous Inlet Orchestra gr\u00fcndete und zun\u00e4chst traditionelle amerikanische Musik spielte. Dies f\u00fchrte dazu, dass er bei dem Plattenlabel Victor unter Vertrag genommen wurde. Angesichts des Erfolgs von Abe Schwartz&#8216; Komposition \u201eTantz, tantz, Yiddelekh\u201c bat Victor ihn 1917, mehrere Klezmer-St\u00fccke wie \u201eA Freylach fun der Khupe\u201c und \u201eOdessa Bulgarish\u201c aufzunehmen. Obwohl er seine fonografische Karriere haupts\u00e4chlich dem Victor-Label widmete, machte er auch mehrere Aufnahmen f\u00fcr andere Labels wie Okeh und Brunswick. Im Jahr 1918 nahm er unter dem Pseudonym Polska Orkestra Tancowa mehrere Polkas und Mazurkas auf.<\/p>\n<p>1924 er\u00f6ffnete er einen Laden, den People&#8217;s Talking Machine Company Store, dem er sich drei Jahre sp\u00e4ter ausschlie\u00dflich widmete und damit alle fonographischen Produktionen einstellte. Obwohl er endg\u00fcltig mit den Aufnahmen aufh\u00f6rte, gab er weiterhin einige Konzerte und trat gelegentlich im Philadelphia-Radiosender WRAX bei Shows auf, die von seinem Laden finanziert wurden.<\/p>\n<p><a href=\"https:\/\/en.wikipedia.org\/wiki\/Harry_Kandel\" target=\"_blank\" rel=\"noopener\">Mehr \u00fcber Harry Kandel<\/a><\/p>\n<p><a href=\"http:\/\/www.rachelnet.net\/F\/?func=find-c&amp;ccl_term=WRD+%3D+Harry+Kandel&amp;local_base=iemcg\" target=\"_blank\" rel=\"noopener\">Sehen Sie sich unser Archiv zu Harry Kandel<\/a><\/p>\n\n\n<figure class=\"wp-block-embed is-type-rich is-provider-soundcloud wp-block-embed-soundcloud wp-embed-aspect-4-3 wp-has-aspect-ratio\"><div class=\"wp-block-embed__wrapper\">\n<iframe title=\"Harry Kandel by IEMJ\" width=\"640\" height=\"450\" scrolling=\"no\" frameborder=\"no\" src=\"https:\/\/w.soundcloud.com\/player\/?visual=true&#038;url=https%3A%2F%2Fapi.soundcloud.com%2Fplaylists%2F25512007&#038;show_artwork=true&#038;maxheight=960&#038;maxwidth=640\"><\/iframe>\n<\/div><\/figure>\n\n\n\n<figure class=\"wp-block-embed is-type-video is-provider-youtube wp-block-embed-youtube wp-embed-aspect-4-3 wp-has-aspect-ratio\"><div class=\"wp-block-embed__wrapper\">\n<iframe title=\"\u0422\u0451\u0449\u0438\u043d \u0442\u0430\u043d\u0435\u0446 Schwieger Tanz   Kandel&#039;s Orchestra 1921\" width=\"640\" height=\"480\" src=\"https:\/\/www.youtube.com\/embed\/3cMTEWfeOEs?list=PLx_IKco0CteCxaLgrmULmDW0O0vgg7us-\" frameborder=\"0\" allow=\"accelerometer; autoplay; clipboard-write; encrypted-media; gyroscope; picture-in-picture; web-share\" referrerpolicy=\"strict-origin-when-cross-origin\" allowfullscreen><\/iframe>\n<\/div><figcaption class=\"wp-element-caption\">Harry Kandel\u2019s Orchestra (6-St\u00fccke-Playlist)<\/figcaption><\/figure>\n\n\n\n<h2 class=\"wp-block-heading\"><\/h2>\n\n\n<div class=\"wp-block-image\">\n<figure class=\"aligncenter size-large\"><img fetchpriority=\"high\" decoding=\"async\" width=\"1024\" height=\"133\" src=\"https:\/\/www.iemj.org\/wp-content\/uploads\/2024\/03\/AUDIO-PLAYER-1024x133.png\" alt=\"\" class=\"wp-image-110606\" srcset=\"https:\/\/www.iemj.org\/wp-content\/uploads\/2024\/03\/AUDIO-PLAYER-1024x133.png 1024w, https:\/\/www.iemj.org\/wp-content\/uploads\/2024\/03\/AUDIO-PLAYER-300x39.png 300w, https:\/\/www.iemj.org\/wp-content\/uploads\/2024\/03\/AUDIO-PLAYER-768x100.png 768w, https:\/\/www.iemj.org\/wp-content\/uploads\/2024\/03\/AUDIO-PLAYER-600x78.png 600w, https:\/\/www.iemj.org\/wp-content\/uploads\/2024\/03\/AUDIO-PLAYER.png 1210w\" sizes=\"(max-width: 1024px) 100vw, 1024px\" \/><\/figure>\n<\/div>\n\n\n<div class=\"wp-block-file\"><a id=\"wp-block-file--media-149d90e7-e871-4e81-90f0-a4e678cbf297\" href=\"https:\/\/www.iemj.org\/wp-content\/uploads\/2014\/01\/15_kandel_s_hora.mp3\">Kandel&#8217;s&#8216; hora<\/a><\/div>\n","protected":false},"excerpt":{"rendered":"<p>Harry Kandel (1885 Lemberg, Galizien &#8211; 1943 Philadelphia, USA) war in den USA einer der Pioniere der Klezmer-Musik, der traditionellen Tanzmusik der mitteleurop\u00e4ischen Juden. Mit seinem Orchester, das aus zwei<\/p>\n","protected":false},"author":1045,"featured_media":51951,"comment_status":"closed","ping_status":"open","sticky":false,"template":"","format":"standard","meta":{"_acf_changed":false,"footnotes":""},"categories":[1415],"tags":[],"technique":[],"squelettes":[],"sujet":[],"formation":[],"genre":[],"fonds":[],"tradition":[],"type-de-contenu":[],"interprete-compositeur":[],"frise":[],"type-devenement":[],"tableaux-liens-externes":[],"class_list":["post-88565","post","type-post","status-publish","format-standard","has-post-thumbnail","hentry","category-biografien-de"],"acf":[],"yoast_head":"<!-- This site is optimized with the Yoast SEO plugin v27.3 - https:\/\/yoast.com\/product\/yoast-seo-wordpress\/ -->\n<title>Kandel, Harry (1885-1943) - Institut Europ\u00e9en des Musiques Juives<\/title>\n<meta name=\"robots\" content=\"index, follow, max-snippet:-1, max-image-preview:large, max-video-preview:-1\" \/>\n<link rel=\"canonical\" href=\"https:\/\/www.iemj.org\/de\/kandel-harry-1885-1943\/\" \/>\n<meta property=\"og:locale\" content=\"de_DE\" \/>\n<meta property=\"og:type\" content=\"article\" \/>\n<meta property=\"og:title\" content=\"Kandel, Harry (1885-1943) - Institut Europ\u00e9en des Musiques Juives\" \/>\n<meta property=\"og:description\" content=\"Harry Kandel (1885 Lemberg, Galizien &#8211; 1943 Philadelphia, USA) war in den USA einer der Pioniere der Klezmer-Musik, der traditionellen Tanzmusik der mitteleurop\u00e4ischen Juden. Mit seinem Orchester, das aus zwei\" \/>\n<meta property=\"og:url\" content=\"https:\/\/www.iemj.org\/de\/kandel-harry-1885-1943\/\" \/>\n<meta property=\"og:site_name\" content=\"Institut Europ\u00e9en des Musiques Juives\" \/>\n<meta property=\"article:publisher\" content=\"https:\/\/www.facebook.com\/MusiquesJuives\/\" \/>\n<meta property=\"article:published_time\" content=\"2014-11-06T14:09:15+00:00\" \/>\n<meta property=\"article:modified_time\" content=\"2025-09-02T07:21:08+00:00\" \/>\n<meta property=\"og:image\" content=\"https:\/\/www.iemj.org\/wp-content\/uploads\/2014\/11\/arton827-e1625045956941.jpg\" \/>\n\t<meta property=\"og:image:width\" content=\"153\" \/>\n\t<meta property=\"og:image:height\" content=\"218\" \/>\n\t<meta property=\"og:image:type\" content=\"image\/jpeg\" \/>\n<meta name=\"author\" content=\"Herv\u00e9 Roten\" \/>\n<meta name=\"twitter:card\" content=\"summary_large_image\" \/>\n<meta name=\"twitter:label1\" content=\"Verfasst von\" \/>\n\t<meta name=\"twitter:data1\" content=\"Herv\u00e9 Roten\" \/>\n\t<meta name=\"twitter:label2\" content=\"Gesch\u00e4tzte Lesezeit\" \/>\n\t<meta name=\"twitter:data2\" content=\"3\u00a0Minuten\" \/>\n<script type=\"application\/ld+json\" class=\"yoast-schema-graph\">{\"@context\":\"https:\\\/\\\/schema.org\",\"@graph\":[{\"@type\":\"Article\",\"@id\":\"https:\\\/\\\/www.iemj.org\\\/de\\\/kandel-harry-1885-1943\\\/#article\",\"isPartOf\":{\"@id\":\"https:\\\/\\\/www.iemj.org\\\/de\\\/kandel-harry-1885-1943\\\/\"},\"author\":{\"name\":\"Herv\u00e9 Roten\",\"@id\":\"https:\\\/\\\/www.iemj.org\\\/de\\\/#\\\/schema\\\/person\\\/906134402c29d5c76e7b726261dd4bbd\"},\"headline\":\"Kandel, Harry (1885-1943)\",\"datePublished\":\"2014-11-06T14:09:15+00:00\",\"dateModified\":\"2025-09-02T07:21:08+00:00\",\"mainEntityOfPage\":{\"@id\":\"https:\\\/\\\/www.iemj.org\\\/de\\\/kandel-harry-1885-1943\\\/\"},\"wordCount\":410,\"publisher\":{\"@id\":\"https:\\\/\\\/www.iemj.org\\\/de\\\/#organization\"},\"image\":{\"@id\":\"https:\\\/\\\/www.iemj.org\\\/de\\\/kandel-harry-1885-1943\\\/#primaryimage\"},\"thumbnailUrl\":\"https:\\\/\\\/www.iemj.org\\\/wp-content\\\/uploads\\\/2014\\\/11\\\/arton827-e1625045956941.jpg\",\"articleSection\":[\"Biografien\"],\"inLanguage\":\"de\"},{\"@type\":\"WebPage\",\"@id\":\"https:\\\/\\\/www.iemj.org\\\/de\\\/kandel-harry-1885-1943\\\/\",\"url\":\"https:\\\/\\\/www.iemj.org\\\/de\\\/kandel-harry-1885-1943\\\/\",\"name\":\"Kandel, Harry (1885-1943) - Institut Europ\u00e9en des Musiques Juives\",\"isPartOf\":{\"@id\":\"https:\\\/\\\/www.iemj.org\\\/de\\\/#website\"},\"primaryImageOfPage\":{\"@id\":\"https:\\\/\\\/www.iemj.org\\\/de\\\/kandel-harry-1885-1943\\\/#primaryimage\"},\"image\":{\"@id\":\"https:\\\/\\\/www.iemj.org\\\/de\\\/kandel-harry-1885-1943\\\/#primaryimage\"},\"thumbnailUrl\":\"https:\\\/\\\/www.iemj.org\\\/wp-content\\\/uploads\\\/2014\\\/11\\\/arton827-e1625045956941.jpg\",\"datePublished\":\"2014-11-06T14:09:15+00:00\",\"dateModified\":\"2025-09-02T07:21:08+00:00\",\"breadcrumb\":{\"@id\":\"https:\\\/\\\/www.iemj.org\\\/de\\\/kandel-harry-1885-1943\\\/#breadcrumb\"},\"inLanguage\":\"de\",\"potentialAction\":[{\"@type\":\"ReadAction\",\"target\":[\"https:\\\/\\\/www.iemj.org\\\/de\\\/kandel-harry-1885-1943\\\/\"]}]},{\"@type\":\"ImageObject\",\"inLanguage\":\"de\",\"@id\":\"https:\\\/\\\/www.iemj.org\\\/de\\\/kandel-harry-1885-1943\\\/#primaryimage\",\"url\":\"https:\\\/\\\/www.iemj.org\\\/wp-content\\\/uploads\\\/2014\\\/11\\\/arton827-e1625045956941.jpg\",\"contentUrl\":\"https:\\\/\\\/www.iemj.org\\\/wp-content\\\/uploads\\\/2014\\\/11\\\/arton827-e1625045956941.jpg\",\"width\":153,\"height\":218},{\"@type\":\"BreadcrumbList\",\"@id\":\"https:\\\/\\\/www.iemj.org\\\/de\\\/kandel-harry-1885-1943\\\/#breadcrumb\",\"itemListElement\":[{\"@type\":\"ListItem\",\"position\":1,\"name\":\"Accueil\",\"item\":\"https:\\\/\\\/www.iemj.org\\\/de\\\/\"},{\"@type\":\"ListItem\",\"position\":2,\"name\":\"Kandel, Harry (1885-1943)\"}]},{\"@type\":\"WebSite\",\"@id\":\"https:\\\/\\\/www.iemj.org\\\/de\\\/#website\",\"url\":\"https:\\\/\\\/www.iemj.org\\\/de\\\/\",\"name\":\"Institut Europ\u00e9en des Musiques Juives\",\"description\":\"Des traditions musicales \u00e0 la port\u00e9e de tous\",\"publisher\":{\"@id\":\"https:\\\/\\\/www.iemj.org\\\/de\\\/#organization\"},\"potentialAction\":[{\"@type\":\"SearchAction\",\"target\":{\"@type\":\"EntryPoint\",\"urlTemplate\":\"https:\\\/\\\/www.iemj.org\\\/de\\\/?s={search_term_string}\"},\"query-input\":{\"@type\":\"PropertyValueSpecification\",\"valueRequired\":true,\"valueName\":\"search_term_string\"}}],\"inLanguage\":\"de\"},{\"@type\":\"Organization\",\"@id\":\"https:\\\/\\\/www.iemj.org\\\/de\\\/#organization\",\"name\":\"Institut Europ\u00e9en des Musiques Juives\",\"url\":\"https:\\\/\\\/www.iemj.org\\\/de\\\/\",\"logo\":{\"@type\":\"ImageObject\",\"inLanguage\":\"de\",\"@id\":\"https:\\\/\\\/www.iemj.org\\\/de\\\/#\\\/schema\\\/logo\\\/image\\\/\",\"url\":\"https:\\\/\\\/www.iemj.org\\\/wp-content\\\/uploads\\\/2021\\\/09\\\/Logo-IEMJ-Paypal.jpg\",\"contentUrl\":\"https:\\\/\\\/www.iemj.org\\\/wp-content\\\/uploads\\\/2021\\\/09\\\/Logo-IEMJ-Paypal.jpg\",\"width\":150,\"height\":50,\"caption\":\"Institut Europ\u00e9en des Musiques Juives\"},\"image\":{\"@id\":\"https:\\\/\\\/www.iemj.org\\\/de\\\/#\\\/schema\\\/logo\\\/image\\\/\"},\"sameAs\":[\"https:\\\/\\\/www.facebook.com\\\/MusiquesJuives\\\/\",\"https:\\\/\\\/www.instagram.com\\\/musiquesjuives\\\/\",\"https:\\\/\\\/www.youtube.com\\\/user\\\/musiquesjuives\"]},{\"@type\":\"Person\",\"@id\":\"https:\\\/\\\/www.iemj.org\\\/de\\\/#\\\/schema\\\/person\\\/906134402c29d5c76e7b726261dd4bbd\",\"name\":\"Herv\u00e9 Roten\",\"image\":{\"@type\":\"ImageObject\",\"inLanguage\":\"de\",\"@id\":\"https:\\\/\\\/secure.gravatar.com\\\/avatar\\\/f96ad2db538a26481f18384936b5cd0610c92d390c4dc382209216d455f685ff?s=96&d=mm&r=g\",\"url\":\"https:\\\/\\\/secure.gravatar.com\\\/avatar\\\/f96ad2db538a26481f18384936b5cd0610c92d390c4dc382209216d455f685ff?s=96&d=mm&r=g\",\"contentUrl\":\"https:\\\/\\\/secure.gravatar.com\\\/avatar\\\/f96ad2db538a26481f18384936b5cd0610c92d390c4dc382209216d455f685ff?s=96&d=mm&r=g\",\"caption\":\"Herv\u00e9 Roten\"}}]}<\/script>\n<!-- \/ Yoast SEO plugin. -->","yoast_head_json":{"title":"Kandel, Harry (1885-1943) - Institut Europ\u00e9en des Musiques Juives","robots":{"index":"index","follow":"follow","max-snippet":"max-snippet:-1","max-image-preview":"max-image-preview:large","max-video-preview":"max-video-preview:-1"},"canonical":"https:\/\/www.iemj.org\/de\/kandel-harry-1885-1943\/","og_locale":"de_DE","og_type":"article","og_title":"Kandel, Harry (1885-1943) - Institut Europ\u00e9en des Musiques Juives","og_description":"Harry Kandel (1885 Lemberg, Galizien &#8211; 1943 Philadelphia, USA) war in den USA einer der Pioniere der Klezmer-Musik, der traditionellen Tanzmusik der mitteleurop\u00e4ischen Juden. Mit seinem Orchester, das aus zwei","og_url":"https:\/\/www.iemj.org\/de\/kandel-harry-1885-1943\/","og_site_name":"Institut Europ\u00e9en des Musiques Juives","article_publisher":"https:\/\/www.facebook.com\/MusiquesJuives\/","article_published_time":"2014-11-06T14:09:15+00:00","article_modified_time":"2025-09-02T07:21:08+00:00","og_image":[{"width":153,"height":218,"url":"https:\/\/www.iemj.org\/wp-content\/uploads\/2014\/11\/arton827-e1625045956941.jpg","type":"image\/jpeg"}],"author":"Herv\u00e9 Roten","twitter_card":"summary_large_image","twitter_misc":{"Verfasst von":"Herv\u00e9 Roten","Gesch\u00e4tzte Lesezeit":"3\u00a0Minuten"},"schema":{"@context":"https:\/\/schema.org","@graph":[{"@type":"Article","@id":"https:\/\/www.iemj.org\/de\/kandel-harry-1885-1943\/#article","isPartOf":{"@id":"https:\/\/www.iemj.org\/de\/kandel-harry-1885-1943\/"},"author":{"name":"Herv\u00e9 Roten","@id":"https:\/\/www.iemj.org\/de\/#\/schema\/person\/906134402c29d5c76e7b726261dd4bbd"},"headline":"Kandel, Harry (1885-1943)","datePublished":"2014-11-06T14:09:15+00:00","dateModified":"2025-09-02T07:21:08+00:00","mainEntityOfPage":{"@id":"https:\/\/www.iemj.org\/de\/kandel-harry-1885-1943\/"},"wordCount":410,"publisher":{"@id":"https:\/\/www.iemj.org\/de\/#organization"},"image":{"@id":"https:\/\/www.iemj.org\/de\/kandel-harry-1885-1943\/#primaryimage"},"thumbnailUrl":"https:\/\/www.iemj.org\/wp-content\/uploads\/2014\/11\/arton827-e1625045956941.jpg","articleSection":["Biografien"],"inLanguage":"de"},{"@type":"WebPage","@id":"https:\/\/www.iemj.org\/de\/kandel-harry-1885-1943\/","url":"https:\/\/www.iemj.org\/de\/kandel-harry-1885-1943\/","name":"Kandel, Harry (1885-1943) - Institut Europ\u00e9en des Musiques Juives","isPartOf":{"@id":"https:\/\/www.iemj.org\/de\/#website"},"primaryImageOfPage":{"@id":"https:\/\/www.iemj.org\/de\/kandel-harry-1885-1943\/#primaryimage"},"image":{"@id":"https:\/\/www.iemj.org\/de\/kandel-harry-1885-1943\/#primaryimage"},"thumbnailUrl":"https:\/\/www.iemj.org\/wp-content\/uploads\/2014\/11\/arton827-e1625045956941.jpg","datePublished":"2014-11-06T14:09:15+00:00","dateModified":"2025-09-02T07:21:08+00:00","breadcrumb":{"@id":"https:\/\/www.iemj.org\/de\/kandel-harry-1885-1943\/#breadcrumb"},"inLanguage":"de","potentialAction":[{"@type":"ReadAction","target":["https:\/\/www.iemj.org\/de\/kandel-harry-1885-1943\/"]}]},{"@type":"ImageObject","inLanguage":"de","@id":"https:\/\/www.iemj.org\/de\/kandel-harry-1885-1943\/#primaryimage","url":"https:\/\/www.iemj.org\/wp-content\/uploads\/2014\/11\/arton827-e1625045956941.jpg","contentUrl":"https:\/\/www.iemj.org\/wp-content\/uploads\/2014\/11\/arton827-e1625045956941.jpg","width":153,"height":218},{"@type":"BreadcrumbList","@id":"https:\/\/www.iemj.org\/de\/kandel-harry-1885-1943\/#breadcrumb","itemListElement":[{"@type":"ListItem","position":1,"name":"Accueil","item":"https:\/\/www.iemj.org\/de\/"},{"@type":"ListItem","position":2,"name":"Kandel, Harry (1885-1943)"}]},{"@type":"WebSite","@id":"https:\/\/www.iemj.org\/de\/#website","url":"https:\/\/www.iemj.org\/de\/","name":"Institut Europ\u00e9en des Musiques Juives","description":"Des traditions musicales \u00e0 la port\u00e9e de tous","publisher":{"@id":"https:\/\/www.iemj.org\/de\/#organization"},"potentialAction":[{"@type":"SearchAction","target":{"@type":"EntryPoint","urlTemplate":"https:\/\/www.iemj.org\/de\/?s={search_term_string}"},"query-input":{"@type":"PropertyValueSpecification","valueRequired":true,"valueName":"search_term_string"}}],"inLanguage":"de"},{"@type":"Organization","@id":"https:\/\/www.iemj.org\/de\/#organization","name":"Institut Europ\u00e9en des Musiques Juives","url":"https:\/\/www.iemj.org\/de\/","logo":{"@type":"ImageObject","inLanguage":"de","@id":"https:\/\/www.iemj.org\/de\/#\/schema\/logo\/image\/","url":"https:\/\/www.iemj.org\/wp-content\/uploads\/2021\/09\/Logo-IEMJ-Paypal.jpg","contentUrl":"https:\/\/www.iemj.org\/wp-content\/uploads\/2021\/09\/Logo-IEMJ-Paypal.jpg","width":150,"height":50,"caption":"Institut Europ\u00e9en des Musiques Juives"},"image":{"@id":"https:\/\/www.iemj.org\/de\/#\/schema\/logo\/image\/"},"sameAs":["https:\/\/www.facebook.com\/MusiquesJuives\/","https:\/\/www.instagram.com\/musiquesjuives\/","https:\/\/www.youtube.com\/user\/musiquesjuives"]},{"@type":"Person","@id":"https:\/\/www.iemj.org\/de\/#\/schema\/person\/906134402c29d5c76e7b726261dd4bbd","name":"Herv\u00e9 Roten","image":{"@type":"ImageObject","inLanguage":"de","@id":"https:\/\/secure.gravatar.com\/avatar\/f96ad2db538a26481f18384936b5cd0610c92d390c4dc382209216d455f685ff?s=96&d=mm&r=g","url":"https:\/\/secure.gravatar.com\/avatar\/f96ad2db538a26481f18384936b5cd0610c92d390c4dc382209216d455f685ff?s=96&d=mm&r=g","contentUrl":"https:\/\/secure.gravatar.com\/avatar\/f96ad2db538a26481f18384936b5cd0610c92d390c4dc382209216d455f685ff?s=96&d=mm&r=g","caption":"Herv\u00e9 Roten"}}]}},"_links":{"self":[{"href":"https:\/\/www.iemj.org\/de\/wp-json\/wp\/v2\/posts\/88565","targetHints":{"allow":["GET"]}}],"collection":[{"href":"https:\/\/www.iemj.org\/de\/wp-json\/wp\/v2\/posts"}],"about":[{"href":"https:\/\/www.iemj.org\/de\/wp-json\/wp\/v2\/types\/post"}],"author":[{"embeddable":true,"href":"https:\/\/www.iemj.org\/de\/wp-json\/wp\/v2\/users\/1045"}],"replies":[{"embeddable":true,"href":"https:\/\/www.iemj.org\/de\/wp-json\/wp\/v2\/comments?post=88565"}],"version-history":[{"count":0,"href":"https:\/\/www.iemj.org\/de\/wp-json\/wp\/v2\/posts\/88565\/revisions"}],"wp:featuredmedia":[{"embeddable":true,"href":"https:\/\/www.iemj.org\/de\/wp-json\/wp\/v2\/media\/51951"}],"wp:attachment":[{"href":"https:\/\/www.iemj.org\/de\/wp-json\/wp\/v2\/media?parent=88565"}],"wp:term":[{"taxonomy":"category","embeddable":true,"href":"https:\/\/www.iemj.org\/de\/wp-json\/wp\/v2\/categories?post=88565"},{"taxonomy":"post_tag","embeddable":true,"href":"https:\/\/www.iemj.org\/de\/wp-json\/wp\/v2\/tags?post=88565"},{"taxonomy":"technique","embeddable":true,"href":"https:\/\/www.iemj.org\/de\/wp-json\/wp\/v2\/technique?post=88565"},{"taxonomy":"squelettes","embeddable":true,"href":"https:\/\/www.iemj.org\/de\/wp-json\/wp\/v2\/squelettes?post=88565"},{"taxonomy":"sujet","embeddable":true,"href":"https:\/\/www.iemj.org\/de\/wp-json\/wp\/v2\/sujet?post=88565"},{"taxonomy":"formation","embeddable":true,"href":"https:\/\/www.iemj.org\/de\/wp-json\/wp\/v2\/formation?post=88565"},{"taxonomy":"genre","embeddable":true,"href":"https:\/\/www.iemj.org\/de\/wp-json\/wp\/v2\/genre?post=88565"},{"taxonomy":"fonds","embeddable":true,"href":"https:\/\/www.iemj.org\/de\/wp-json\/wp\/v2\/fonds?post=88565"},{"taxonomy":"tradition","embeddable":true,"href":"https:\/\/www.iemj.org\/de\/wp-json\/wp\/v2\/tradition?post=88565"},{"taxonomy":"type-de-contenu","embeddable":true,"href":"https:\/\/www.iemj.org\/de\/wp-json\/wp\/v2\/type-de-contenu?post=88565"},{"taxonomy":"interprete-compositeur","embeddable":true,"href":"https:\/\/www.iemj.org\/de\/wp-json\/wp\/v2\/interprete-compositeur?post=88565"},{"taxonomy":"frise","embeddable":true,"href":"https:\/\/www.iemj.org\/de\/wp-json\/wp\/v2\/frise?post=88565"},{"taxonomy":"type-devenement","embeddable":true,"href":"https:\/\/www.iemj.org\/de\/wp-json\/wp\/v2\/type-devenement?post=88565"},{"taxonomy":"tableaux-liens-externes","embeddable":true,"href":"https:\/\/www.iemj.org\/de\/wp-json\/wp\/v2\/tableaux-liens-externes?post=88565"}],"curies":[{"name":"wp","href":"https:\/\/api.w.org\/{rel}","templated":true}]}}