{"id":88593,"date":"2016-05-18T17:16:36","date_gmt":"2016-05-18T15:16:36","guid":{"rendered":"https:\/\/www.iemj.org\/kirch-albert-1918-2016\/"},"modified":"2025-03-24T12:17:48","modified_gmt":"2025-03-24T11:17:48","slug":"kirch-albert-1918-2016","status":"publish","type":"post","link":"https:\/\/www.iemj.org\/de\/kirch-albert-1918-2016\/","title":{"rendered":"Kirch, Albert (1918-2016)"},"content":{"rendered":"<p>Albert Kirch, der am 18. April 2016 im Alter von 98 Jahren verstarb, war \u00fcber 30 Jahre lang Kantor der Gemeinde Metz. Dieser Artikel m\u00f6chte ihn w\u00fcrdigen.<\/p>\n<h3>H\u00f6ren Sie sich das Interview von Herv\u00e9 Roten mit Albert Kirch unten auf der Seite an<\/h3>\n<p><!--more--><\/p>\n<p>Albert Kirch (Abraham Kirchenbaum) wurde am 1. November 1918 in Warschau geboren und kam im Alter von zwei Jahren nach Metz (in Frankreich).<\/p>\n<p>Im Jahr 1932 absolvierte er die Ecole Isra\u00e9lite in der Avenue Paixhans und erhielt ein Stipendium f\u00fcr die Ecole Rabbinique in Paris. 1938 trat er in das Israelitische Seminar ein.<\/p>\n<p>W\u00e4hrend des Krieges wurde er von 1939 bis 1942 mobilisiert. Er verlor einen gro\u00dfen Teil seiner Familie, die 1942 in Auschwitz ermordet wurde.<\/p>\n<figure id=\"attachment_10726\" aria-describedby=\"caption-attachment-10726\" style=\"width: 325px\" class=\"wp-caption alignright\"><img fetchpriority=\"high\" decoding=\"async\" class=\"wp-image-10726 size-full\" src=\"https:\/\/www.iemj.org\/wp-content\/uploads\/2016\/05\/doc_1_kirch500px_plus_petit.jpg\" alt=\"doc_1_kirch500px_plus_petit.jpg\" width=\"325\" height=\"253\" align=\"middle\" srcset=\"https:\/\/www.iemj.org\/wp-content\/uploads\/2016\/05\/doc_1_kirch500px_plus_petit.jpg 325w, https:\/\/www.iemj.org\/wp-content\/uploads\/2016\/05\/doc_1_kirch500px_plus_petit-300x234.jpg 300w\" sizes=\"(max-width: 325px) 100vw, 325px\" \/><figcaption id=\"caption-attachment-10726\" class=\"wp-caption-text\">Albert Kirch (links) und Elie Wiesel (rechts)<\/figcaption><\/figure>\n<p>Im Juli 1942 in Clermont-Ferrand demobilisiert, kehrte er in die R\u00e9sistance im Cantal zur\u00fcck, insbesondere indem er w\u00e4hrend des STO falsche Papiere ausstellte.<\/p>\n<p>Von 1945 bis 1950 war er Franz\u00f6sischlehrer an der OSE und bereitete Elie Wiesel auf das Abitur vor, nachdem er ihm die franz\u00f6sische Sprache beigebracht hatte.<\/p>\n<p>1950 wurde er als Kantor in Br\u00fcssel sowie Metz eingestellt, wo er mit Salomon Binn und Jules Ptachek den Gottesdient hielt.<\/p>\n<p>1953 erhielt er den ersten Preis f\u00fcr Gesang am Conservatoire National de Metz.<br \/>32 Jahre lang war Albert Kirch als erster Kantor von Metz t\u00e4tig, und bildete Genrationen von Sch\u00fclern zur Talmud Torah aus, darunter u.a. die heutigen Oberrabbiner von Lyon und Metz.<\/p>\n<p>1982 verlie\u00df er Metz, um in Israel zu leben. <br \/>1983 in Frankreich zur\u00fcck, trat er die Nachfolge seines Schwiegervaters M. Cohen in P\u00e9rigueux als Geistlicher, Kantor und Rabbiner an.<\/p>\n<p><img decoding=\"async\" class=\"wp-image-10728 alignleft\" src=\"https:\/\/www.iemj.org\/wp-content\/uploads\/2016\/05\/doc_2_kirch500px_et_plus_petit.jpg\" alt=\"doc_2_kirch500px_et_plus_petit.jpg\" width=\"190\" height=\"287\" align=\"right\" srcset=\"https:\/\/www.iemj.org\/wp-content\/uploads\/2016\/05\/doc_2_kirch500px_et_plus_petit.jpg 250w, https:\/\/www.iemj.org\/wp-content\/uploads\/2016\/05\/doc_2_kirch500px_et_plus_petit-199x300.jpg 199w\" sizes=\"(max-width: 190px) 100vw, 190px\" \/>Zwischen 2000 und 2001 ersetzte er den Rabbiner Charles Lich\u00e9 in der Synagogue am Platz des Vosges f\u00fcr die gro\u00dfen Feiern.<\/p>\n<p>Am 20. Oktober 2014, im Alter von 96 Jahren ernannte ihn der Oberrabbiner von Frankreich, Ha\u00efm Korsia, offiziell zum Rabbiner \u2013 69 Jahre nach dem Krieg und der erzwungenen Unterbrechung seines siebenj\u00e4hrigen Rabbinatsstudiums \u2013 als Anerkennung f\u00fcr seine Lehre des Judentums und seine Weitergabe der j\u00fcdischen Werte und des Glaubens an Generationen von Sch\u00fclern und Gl\u00e4ubigen.<\/p>\n<p>Albert Kirch starb am 18. April 2016. Er wurde am n\u00e4chsten Tag auf dem Cronenbourg-Friedhof in Stra\u00dfburg beerdigt.<\/p>\n<ul>\n<li><a href=\"http:\/\/judaisme.sdv.fr\/histoire\/rabbins\/hazanim\/kirch.htm\" target=\"_blank\" rel=\"noopener\">Mehr \u00fcber Albert Kirch erfahren <\/a><\/li>\n<li><a href=\"https:\/\/www.iemj.org\/de\/la-source-de-vie-metz-la-renaissance\/\" target=\"_blank\" rel=\"noopener\">Sehen Sie Ausz\u00fcge aus der Sendung la Source de Vie: &#8222;Metz: La renaissance&#8220;, pr\u00e4sentiert von Josy Eisenberg.<\/a><\/li>\n<li><a href=\"https:\/\/www.iemj.org\/de\/sauvegarde-des-archives-musicales-de-la-grande-synagogue-de-metz\/\" target=\"_blank\" rel=\"noopener\">Sehen Sie sich den Bestand der Synagoge von Metz an.<\/a><\/li>\n<li><a href=\"http:\/\/www.rachelnet.net\/F\/?func=find-c&amp;ccl_term=WRD+%3D+%09+Albert+Kirch&amp;local_base=iemcg\" target=\"_blank\" rel=\"noopener\">Sehen Sie sich unser Archiv zu Albert Kirch an<\/a><\/li>\n<\/ul>\n<p>Am 16. Dezember 2010 f\u00fchrte Herv\u00e9 Roten ein Interview mit Albert Kirch, bevor dieser eine Kopie seines Musikarchivs dem Institut Europ\u00e9en des Musiques Juives anvertraute.<\/p>\n\n<div class=\"wp-block-image\">\n<figure class=\"aligncenter size-large\"><img decoding=\"async\" width=\"1024\" height=\"133\" src=\"https:\/\/www.iemj.org\/wp-content\/uploads\/2024\/03\/AUDIO-PLAYER-1024x133.png\" alt=\"\" class=\"wp-image-110606\" srcset=\"https:\/\/www.iemj.org\/wp-content\/uploads\/2024\/03\/AUDIO-PLAYER-1024x133.png 1024w, https:\/\/www.iemj.org\/wp-content\/uploads\/2024\/03\/AUDIO-PLAYER-300x39.png 300w, https:\/\/www.iemj.org\/wp-content\/uploads\/2024\/03\/AUDIO-PLAYER-768x100.png 768w, https:\/\/www.iemj.org\/wp-content\/uploads\/2024\/03\/AUDIO-PLAYER-600x78.png 600w, https:\/\/www.iemj.org\/wp-content\/uploads\/2024\/03\/AUDIO-PLAYER.png 1210w\" sizes=\"(max-width: 1024px) 100vw, 1024px\" \/><\/figure>\n<\/div>\n\n\n<div class=\"wp-block-file\"><a id=\"wp-block-file--media-b9b3380a-a209-449d-840c-204b47d9569f\" href=\"https:\/\/www.iemj.org\/wp-content\/uploads\/2016\/05\/albert_kirch_itv_1def.mp3\">L&#8217;enfance d&#8217;Albert Kirch \u00e0 Metz et ses \u00e9tudes de Rabbinat \u00e0 Paris<\/a><\/div>\n\n\n\n<div class=\"wp-block-file\"><a id=\"wp-block-file--media-206c3534-c6c4-483c-b966-5d202e8706a7\" href=\"https:\/\/www.iemj.org\/wp-content\/uploads\/2016\/05\/albert_kirch_itv_2guerredef.mp3\">Albert Kirch pendant l&#8217;occupation allemande <\/a><\/div>\n","protected":false},"excerpt":{"rendered":"<p>Albert Kirch, der am 18. April 2016 im Alter von 98 Jahren verstarb, war \u00fcber 30 Jahre lang Kantor der Gemeinde Metz. Dieser Artikel m\u00f6chte ihn w\u00fcrdigen. H\u00f6ren Sie sich<\/p>\n","protected":false},"author":1052,"featured_media":52003,"comment_status":"closed","ping_status":"open","sticky":false,"template":"","format":"standard","meta":{"_acf_changed":false,"footnotes":""},"categories":[1415],"tags":[],"technique":[],"squelettes":[],"sujet":[2099],"formation":[],"genre":[],"fonds":[],"tradition":[],"type-de-contenu":[],"interprete-compositeur":[],"frise":[],"type-devenement":[],"tableaux-liens-externes":[],"class_list":["post-88593","post","type-post","status-publish","format-standard","has-post-thumbnail","hentry","category-biografien-de","sujet-elsass-lothringen-de"],"acf":[],"yoast_head":"<!-- This site is optimized with the Yoast SEO plugin v27.3 - https:\/\/yoast.com\/product\/yoast-seo-wordpress\/ -->\n<title>Kirch, Albert (1918-2016) - Institut Europ\u00e9en des Musiques Juives<\/title>\n<meta name=\"robots\" content=\"index, follow, max-snippet:-1, max-image-preview:large, max-video-preview:-1\" \/>\n<link rel=\"canonical\" href=\"https:\/\/www.iemj.org\/de\/kirch-albert-1918-2016\/\" \/>\n<meta property=\"og:locale\" content=\"de_DE\" \/>\n<meta property=\"og:type\" content=\"article\" \/>\n<meta property=\"og:title\" content=\"Kirch, Albert (1918-2016) - Institut Europ\u00e9en des Musiques Juives\" \/>\n<meta property=\"og:description\" content=\"Albert Kirch, der am 18. April 2016 im Alter von 98 Jahren verstarb, war \u00fcber 30 Jahre lang Kantor der Gemeinde Metz. Dieser Artikel m\u00f6chte ihn w\u00fcrdigen. H\u00f6ren Sie sich\" \/>\n<meta property=\"og:url\" content=\"https:\/\/www.iemj.org\/de\/kirch-albert-1918-2016\/\" \/>\n<meta property=\"og:site_name\" content=\"Institut Europ\u00e9en des Musiques Juives\" \/>\n<meta property=\"article:publisher\" content=\"https:\/\/www.facebook.com\/MusiquesJuives\/\" \/>\n<meta property=\"article:published_time\" content=\"2016-05-18T15:16:36+00:00\" \/>\n<meta property=\"article:modified_time\" content=\"2025-03-24T11:17:48+00:00\" \/>\n<meta property=\"og:image\" content=\"https:\/\/www.iemj.org\/wp-content\/uploads\/2016\/05\/arton1701-e1625047192424.jpg\" \/>\n\t<meta property=\"og:image:width\" content=\"228\" \/>\n\t<meta property=\"og:image:height\" content=\"218\" \/>\n\t<meta property=\"og:image:type\" content=\"image\/jpeg\" \/>\n<meta name=\"author\" content=\"Lea Couderc\" \/>\n<meta name=\"twitter:card\" content=\"summary_large_image\" \/>\n<meta name=\"twitter:label1\" content=\"Verfasst von\" \/>\n\t<meta name=\"twitter:data1\" content=\"Lea Couderc\" \/>\n\t<meta name=\"twitter:label2\" content=\"Gesch\u00e4tzte Lesezeit\" \/>\n\t<meta name=\"twitter:data2\" content=\"4\u00a0Minuten\" \/>\n<script type=\"application\/ld+json\" class=\"yoast-schema-graph\">{\"@context\":\"https:\\\/\\\/schema.org\",\"@graph\":[{\"@type\":\"Article\",\"@id\":\"https:\\\/\\\/www.iemj.org\\\/de\\\/kirch-albert-1918-2016\\\/#article\",\"isPartOf\":{\"@id\":\"https:\\\/\\\/www.iemj.org\\\/de\\\/kirch-albert-1918-2016\\\/\"},\"author\":{\"name\":\"Lea Couderc\",\"@id\":\"https:\\\/\\\/www.iemj.org\\\/de\\\/#\\\/schema\\\/person\\\/e2ad57f2c4be119c7ed8ab79036807a9\"},\"headline\":\"Kirch, Albert (1918-2016)\",\"datePublished\":\"2016-05-18T15:16:36+00:00\",\"dateModified\":\"2025-03-24T11:17:48+00:00\",\"mainEntityOfPage\":{\"@id\":\"https:\\\/\\\/www.iemj.org\\\/de\\\/kirch-albert-1918-2016\\\/\"},\"wordCount\":459,\"publisher\":{\"@id\":\"https:\\\/\\\/www.iemj.org\\\/de\\\/#organization\"},\"image\":{\"@id\":\"https:\\\/\\\/www.iemj.org\\\/de\\\/kirch-albert-1918-2016\\\/#primaryimage\"},\"thumbnailUrl\":\"https:\\\/\\\/www.iemj.org\\\/wp-content\\\/uploads\\\/2016\\\/05\\\/arton1701-e1625047192424.jpg\",\"articleSection\":[\"Biografien\"],\"inLanguage\":\"de\"},{\"@type\":\"WebPage\",\"@id\":\"https:\\\/\\\/www.iemj.org\\\/de\\\/kirch-albert-1918-2016\\\/\",\"url\":\"https:\\\/\\\/www.iemj.org\\\/de\\\/kirch-albert-1918-2016\\\/\",\"name\":\"Kirch, Albert (1918-2016) - Institut Europ\u00e9en des Musiques Juives\",\"isPartOf\":{\"@id\":\"https:\\\/\\\/www.iemj.org\\\/de\\\/#website\"},\"primaryImageOfPage\":{\"@id\":\"https:\\\/\\\/www.iemj.org\\\/de\\\/kirch-albert-1918-2016\\\/#primaryimage\"},\"image\":{\"@id\":\"https:\\\/\\\/www.iemj.org\\\/de\\\/kirch-albert-1918-2016\\\/#primaryimage\"},\"thumbnailUrl\":\"https:\\\/\\\/www.iemj.org\\\/wp-content\\\/uploads\\\/2016\\\/05\\\/arton1701-e1625047192424.jpg\",\"datePublished\":\"2016-05-18T15:16:36+00:00\",\"dateModified\":\"2025-03-24T11:17:48+00:00\",\"breadcrumb\":{\"@id\":\"https:\\\/\\\/www.iemj.org\\\/de\\\/kirch-albert-1918-2016\\\/#breadcrumb\"},\"inLanguage\":\"de\",\"potentialAction\":[{\"@type\":\"ReadAction\",\"target\":[\"https:\\\/\\\/www.iemj.org\\\/de\\\/kirch-albert-1918-2016\\\/\"]}]},{\"@type\":\"ImageObject\",\"inLanguage\":\"de\",\"@id\":\"https:\\\/\\\/www.iemj.org\\\/de\\\/kirch-albert-1918-2016\\\/#primaryimage\",\"url\":\"https:\\\/\\\/www.iemj.org\\\/wp-content\\\/uploads\\\/2016\\\/05\\\/arton1701-e1625047192424.jpg\",\"contentUrl\":\"https:\\\/\\\/www.iemj.org\\\/wp-content\\\/uploads\\\/2016\\\/05\\\/arton1701-e1625047192424.jpg\",\"width\":228,\"height\":218},{\"@type\":\"BreadcrumbList\",\"@id\":\"https:\\\/\\\/www.iemj.org\\\/de\\\/kirch-albert-1918-2016\\\/#breadcrumb\",\"itemListElement\":[{\"@type\":\"ListItem\",\"position\":1,\"name\":\"Accueil\",\"item\":\"https:\\\/\\\/www.iemj.org\\\/de\\\/\"},{\"@type\":\"ListItem\",\"position\":2,\"name\":\"Kirch, Albert (1918-2016)\"}]},{\"@type\":\"WebSite\",\"@id\":\"https:\\\/\\\/www.iemj.org\\\/de\\\/#website\",\"url\":\"https:\\\/\\\/www.iemj.org\\\/de\\\/\",\"name\":\"Institut Europ\u00e9en des Musiques Juives\",\"description\":\"Des traditions musicales \u00e0 la port\u00e9e de tous\",\"publisher\":{\"@id\":\"https:\\\/\\\/www.iemj.org\\\/de\\\/#organization\"},\"potentialAction\":[{\"@type\":\"SearchAction\",\"target\":{\"@type\":\"EntryPoint\",\"urlTemplate\":\"https:\\\/\\\/www.iemj.org\\\/de\\\/?s={search_term_string}\"},\"query-input\":{\"@type\":\"PropertyValueSpecification\",\"valueRequired\":true,\"valueName\":\"search_term_string\"}}],\"inLanguage\":\"de\"},{\"@type\":\"Organization\",\"@id\":\"https:\\\/\\\/www.iemj.org\\\/de\\\/#organization\",\"name\":\"Institut Europ\u00e9en des Musiques Juives\",\"url\":\"https:\\\/\\\/www.iemj.org\\\/de\\\/\",\"logo\":{\"@type\":\"ImageObject\",\"inLanguage\":\"de\",\"@id\":\"https:\\\/\\\/www.iemj.org\\\/de\\\/#\\\/schema\\\/logo\\\/image\\\/\",\"url\":\"https:\\\/\\\/www.iemj.org\\\/wp-content\\\/uploads\\\/2021\\\/09\\\/Logo-IEMJ-Paypal.jpg\",\"contentUrl\":\"https:\\\/\\\/www.iemj.org\\\/wp-content\\\/uploads\\\/2021\\\/09\\\/Logo-IEMJ-Paypal.jpg\",\"width\":150,\"height\":50,\"caption\":\"Institut Europ\u00e9en des Musiques Juives\"},\"image\":{\"@id\":\"https:\\\/\\\/www.iemj.org\\\/de\\\/#\\\/schema\\\/logo\\\/image\\\/\"},\"sameAs\":[\"https:\\\/\\\/www.facebook.com\\\/MusiquesJuives\\\/\",\"https:\\\/\\\/www.instagram.com\\\/musiquesjuives\\\/\",\"https:\\\/\\\/www.youtube.com\\\/user\\\/musiquesjuives\"]},{\"@type\":\"Person\",\"@id\":\"https:\\\/\\\/www.iemj.org\\\/de\\\/#\\\/schema\\\/person\\\/e2ad57f2c4be119c7ed8ab79036807a9\",\"name\":\"Lea Couderc\",\"image\":{\"@type\":\"ImageObject\",\"inLanguage\":\"de\",\"@id\":\"https:\\\/\\\/secure.gravatar.com\\\/avatar\\\/46ee021475d60aeff17a7e490b79dea5a5684bb392ab7fd1494027411df8ba23?s=96&d=mm&r=g\",\"url\":\"https:\\\/\\\/secure.gravatar.com\\\/avatar\\\/46ee021475d60aeff17a7e490b79dea5a5684bb392ab7fd1494027411df8ba23?s=96&d=mm&r=g\",\"contentUrl\":\"https:\\\/\\\/secure.gravatar.com\\\/avatar\\\/46ee021475d60aeff17a7e490b79dea5a5684bb392ab7fd1494027411df8ba23?s=96&d=mm&r=g\",\"caption\":\"Lea Couderc\"}}]}<\/script>\n<!-- \/ Yoast SEO plugin. -->","yoast_head_json":{"title":"Kirch, Albert (1918-2016) - Institut Europ\u00e9en des Musiques Juives","robots":{"index":"index","follow":"follow","max-snippet":"max-snippet:-1","max-image-preview":"max-image-preview:large","max-video-preview":"max-video-preview:-1"},"canonical":"https:\/\/www.iemj.org\/de\/kirch-albert-1918-2016\/","og_locale":"de_DE","og_type":"article","og_title":"Kirch, Albert (1918-2016) - Institut Europ\u00e9en des Musiques Juives","og_description":"Albert Kirch, der am 18. April 2016 im Alter von 98 Jahren verstarb, war \u00fcber 30 Jahre lang Kantor der Gemeinde Metz. Dieser Artikel m\u00f6chte ihn w\u00fcrdigen. H\u00f6ren Sie sich","og_url":"https:\/\/www.iemj.org\/de\/kirch-albert-1918-2016\/","og_site_name":"Institut Europ\u00e9en des Musiques Juives","article_publisher":"https:\/\/www.facebook.com\/MusiquesJuives\/","article_published_time":"2016-05-18T15:16:36+00:00","article_modified_time":"2025-03-24T11:17:48+00:00","og_image":[{"width":228,"height":218,"url":"https:\/\/www.iemj.org\/wp-content\/uploads\/2016\/05\/arton1701-e1625047192424.jpg","type":"image\/jpeg"}],"author":"Lea Couderc","twitter_card":"summary_large_image","twitter_misc":{"Verfasst von":"Lea Couderc","Gesch\u00e4tzte Lesezeit":"4\u00a0Minuten"},"schema":{"@context":"https:\/\/schema.org","@graph":[{"@type":"Article","@id":"https:\/\/www.iemj.org\/de\/kirch-albert-1918-2016\/#article","isPartOf":{"@id":"https:\/\/www.iemj.org\/de\/kirch-albert-1918-2016\/"},"author":{"name":"Lea Couderc","@id":"https:\/\/www.iemj.org\/de\/#\/schema\/person\/e2ad57f2c4be119c7ed8ab79036807a9"},"headline":"Kirch, Albert (1918-2016)","datePublished":"2016-05-18T15:16:36+00:00","dateModified":"2025-03-24T11:17:48+00:00","mainEntityOfPage":{"@id":"https:\/\/www.iemj.org\/de\/kirch-albert-1918-2016\/"},"wordCount":459,"publisher":{"@id":"https:\/\/www.iemj.org\/de\/#organization"},"image":{"@id":"https:\/\/www.iemj.org\/de\/kirch-albert-1918-2016\/#primaryimage"},"thumbnailUrl":"https:\/\/www.iemj.org\/wp-content\/uploads\/2016\/05\/arton1701-e1625047192424.jpg","articleSection":["Biografien"],"inLanguage":"de"},{"@type":"WebPage","@id":"https:\/\/www.iemj.org\/de\/kirch-albert-1918-2016\/","url":"https:\/\/www.iemj.org\/de\/kirch-albert-1918-2016\/","name":"Kirch, Albert (1918-2016) - Institut Europ\u00e9en des Musiques Juives","isPartOf":{"@id":"https:\/\/www.iemj.org\/de\/#website"},"primaryImageOfPage":{"@id":"https:\/\/www.iemj.org\/de\/kirch-albert-1918-2016\/#primaryimage"},"image":{"@id":"https:\/\/www.iemj.org\/de\/kirch-albert-1918-2016\/#primaryimage"},"thumbnailUrl":"https:\/\/www.iemj.org\/wp-content\/uploads\/2016\/05\/arton1701-e1625047192424.jpg","datePublished":"2016-05-18T15:16:36+00:00","dateModified":"2025-03-24T11:17:48+00:00","breadcrumb":{"@id":"https:\/\/www.iemj.org\/de\/kirch-albert-1918-2016\/#breadcrumb"},"inLanguage":"de","potentialAction":[{"@type":"ReadAction","target":["https:\/\/www.iemj.org\/de\/kirch-albert-1918-2016\/"]}]},{"@type":"ImageObject","inLanguage":"de","@id":"https:\/\/www.iemj.org\/de\/kirch-albert-1918-2016\/#primaryimage","url":"https:\/\/www.iemj.org\/wp-content\/uploads\/2016\/05\/arton1701-e1625047192424.jpg","contentUrl":"https:\/\/www.iemj.org\/wp-content\/uploads\/2016\/05\/arton1701-e1625047192424.jpg","width":228,"height":218},{"@type":"BreadcrumbList","@id":"https:\/\/www.iemj.org\/de\/kirch-albert-1918-2016\/#breadcrumb","itemListElement":[{"@type":"ListItem","position":1,"name":"Accueil","item":"https:\/\/www.iemj.org\/de\/"},{"@type":"ListItem","position":2,"name":"Kirch, Albert (1918-2016)"}]},{"@type":"WebSite","@id":"https:\/\/www.iemj.org\/de\/#website","url":"https:\/\/www.iemj.org\/de\/","name":"Institut Europ\u00e9en des Musiques Juives","description":"Des traditions musicales \u00e0 la port\u00e9e de tous","publisher":{"@id":"https:\/\/www.iemj.org\/de\/#organization"},"potentialAction":[{"@type":"SearchAction","target":{"@type":"EntryPoint","urlTemplate":"https:\/\/www.iemj.org\/de\/?s={search_term_string}"},"query-input":{"@type":"PropertyValueSpecification","valueRequired":true,"valueName":"search_term_string"}}],"inLanguage":"de"},{"@type":"Organization","@id":"https:\/\/www.iemj.org\/de\/#organization","name":"Institut Europ\u00e9en des Musiques Juives","url":"https:\/\/www.iemj.org\/de\/","logo":{"@type":"ImageObject","inLanguage":"de","@id":"https:\/\/www.iemj.org\/de\/#\/schema\/logo\/image\/","url":"https:\/\/www.iemj.org\/wp-content\/uploads\/2021\/09\/Logo-IEMJ-Paypal.jpg","contentUrl":"https:\/\/www.iemj.org\/wp-content\/uploads\/2021\/09\/Logo-IEMJ-Paypal.jpg","width":150,"height":50,"caption":"Institut Europ\u00e9en des Musiques Juives"},"image":{"@id":"https:\/\/www.iemj.org\/de\/#\/schema\/logo\/image\/"},"sameAs":["https:\/\/www.facebook.com\/MusiquesJuives\/","https:\/\/www.instagram.com\/musiquesjuives\/","https:\/\/www.youtube.com\/user\/musiquesjuives"]},{"@type":"Person","@id":"https:\/\/www.iemj.org\/de\/#\/schema\/person\/e2ad57f2c4be119c7ed8ab79036807a9","name":"Lea Couderc","image":{"@type":"ImageObject","inLanguage":"de","@id":"https:\/\/secure.gravatar.com\/avatar\/46ee021475d60aeff17a7e490b79dea5a5684bb392ab7fd1494027411df8ba23?s=96&d=mm&r=g","url":"https:\/\/secure.gravatar.com\/avatar\/46ee021475d60aeff17a7e490b79dea5a5684bb392ab7fd1494027411df8ba23?s=96&d=mm&r=g","contentUrl":"https:\/\/secure.gravatar.com\/avatar\/46ee021475d60aeff17a7e490b79dea5a5684bb392ab7fd1494027411df8ba23?s=96&d=mm&r=g","caption":"Lea Couderc"}}]}},"_links":{"self":[{"href":"https:\/\/www.iemj.org\/de\/wp-json\/wp\/v2\/posts\/88593","targetHints":{"allow":["GET"]}}],"collection":[{"href":"https:\/\/www.iemj.org\/de\/wp-json\/wp\/v2\/posts"}],"about":[{"href":"https:\/\/www.iemj.org\/de\/wp-json\/wp\/v2\/types\/post"}],"author":[{"embeddable":true,"href":"https:\/\/www.iemj.org\/de\/wp-json\/wp\/v2\/users\/1052"}],"replies":[{"embeddable":true,"href":"https:\/\/www.iemj.org\/de\/wp-json\/wp\/v2\/comments?post=88593"}],"version-history":[{"count":0,"href":"https:\/\/www.iemj.org\/de\/wp-json\/wp\/v2\/posts\/88593\/revisions"}],"wp:featuredmedia":[{"embeddable":true,"href":"https:\/\/www.iemj.org\/de\/wp-json\/wp\/v2\/media\/52003"}],"wp:attachment":[{"href":"https:\/\/www.iemj.org\/de\/wp-json\/wp\/v2\/media?parent=88593"}],"wp:term":[{"taxonomy":"category","embeddable":true,"href":"https:\/\/www.iemj.org\/de\/wp-json\/wp\/v2\/categories?post=88593"},{"taxonomy":"post_tag","embeddable":true,"href":"https:\/\/www.iemj.org\/de\/wp-json\/wp\/v2\/tags?post=88593"},{"taxonomy":"technique","embeddable":true,"href":"https:\/\/www.iemj.org\/de\/wp-json\/wp\/v2\/technique?post=88593"},{"taxonomy":"squelettes","embeddable":true,"href":"https:\/\/www.iemj.org\/de\/wp-json\/wp\/v2\/squelettes?post=88593"},{"taxonomy":"sujet","embeddable":true,"href":"https:\/\/www.iemj.org\/de\/wp-json\/wp\/v2\/sujet?post=88593"},{"taxonomy":"formation","embeddable":true,"href":"https:\/\/www.iemj.org\/de\/wp-json\/wp\/v2\/formation?post=88593"},{"taxonomy":"genre","embeddable":true,"href":"https:\/\/www.iemj.org\/de\/wp-json\/wp\/v2\/genre?post=88593"},{"taxonomy":"fonds","embeddable":true,"href":"https:\/\/www.iemj.org\/de\/wp-json\/wp\/v2\/fonds?post=88593"},{"taxonomy":"tradition","embeddable":true,"href":"https:\/\/www.iemj.org\/de\/wp-json\/wp\/v2\/tradition?post=88593"},{"taxonomy":"type-de-contenu","embeddable":true,"href":"https:\/\/www.iemj.org\/de\/wp-json\/wp\/v2\/type-de-contenu?post=88593"},{"taxonomy":"interprete-compositeur","embeddable":true,"href":"https:\/\/www.iemj.org\/de\/wp-json\/wp\/v2\/interprete-compositeur?post=88593"},{"taxonomy":"frise","embeddable":true,"href":"https:\/\/www.iemj.org\/de\/wp-json\/wp\/v2\/frise?post=88593"},{"taxonomy":"type-devenement","embeddable":true,"href":"https:\/\/www.iemj.org\/de\/wp-json\/wp\/v2\/type-devenement?post=88593"},{"taxonomy":"tableaux-liens-externes","embeddable":true,"href":"https:\/\/www.iemj.org\/de\/wp-json\/wp\/v2\/tableaux-liens-externes?post=88593"}],"curies":[{"name":"wp","href":"https:\/\/api.w.org\/{rel}","templated":true}]}}