{"id":88620,"date":"2014-05-06T16:20:11","date_gmt":"2014-05-06T14:20:11","guid":{"rendered":"https:\/\/www.iemj.org\/lebas-renee-1917-2009\/"},"modified":"2025-09-01T12:08:53","modified_gmt":"2025-09-01T10:08:53","slug":"lebas-renee-1917-2009","status":"publish","type":"post","link":"https:\/\/www.iemj.org\/de\/lebas-renee-1917-2009\/","title":{"rendered":"Lebas, Ren\u00e9e (1917-2009)"},"content":{"rendered":"<p>Ren\u00e9e Lebas (geborene Leiba) wurde am 23. April 1917 in Paris geboren und lebte mit ihren Eltern, rum\u00e4nischen Juden, die nach Frankreich eingewandert waren, und ihrer j\u00fcngeren Schwester im Bastille-Viertel. Ende der 1930er Jahre freundete sie sich mit Nathan Korb, dem sp\u00e4teren Francis Lemarque, an.<\/p>\n<p>Bis 1937 \u00fcbte sie verschiedene Berufe aus: Schreibkraft, T\u00e4nzerin, Journalistin, bevor sie einen von Radio-Cit\u00e9 organisierten Radiocontest gewann. Danach begann sie ihre Karriere als S\u00e4ngerin im Kabarett La Conga in der Stra\u00dfe de la Fontaine, wo sie Raymond Asso kennenlernte. Sie nahm 1939 ihre erste Schallplatte auf und unterschrieb im Mai 1940 einen Vertrag bei Path\u00e9.<\/p>\n<p>Im Juni 1940 wurde sie von den Nazi-Besatzern verboten und ging in die freie Zone, wo sie 1941 in Cannes auftrat, auf der B\u00fchne von dem Pianisten Michel Emer begleitet. Er komponierte und schrieb ihr <em>D&#8217;l&#8217;autre c\u00f4t\u00e9 de la rue<\/em>, w\u00e4hrend Paul Misraki ihr vorschlug, <em>Insensiblement<\/em> zu kreieren.<\/p>\n<figure id=\"attachment_6920\" aria-describedby=\"caption-attachment-6920\" style=\"width: 240px\" class=\"wp-caption alignright\"><img fetchpriority=\"high\" decoding=\"async\" class=\"wp-image-6920 size-full\" title=\"Ren\u00e9e Lebas - Pleyel 1954\" src=\"https:\/\/www.iemj.org\/wp-content\/uploads\/2014\/05\/cd_396_couv_siteiemj2.jpg\" alt=\"Ren\u00e9e Lebas - Pleyel 1954\" width=\"240\" height=\"244\" align=\"right\" \/><figcaption id=\"caption-attachment-6920\" class=\"wp-caption-text\"><strong>Ren\u00e9e Lebas &#8211; Pleyel 1954<\/strong><\/figcaption><\/figure>\n<p>Im Juli 1942 kam es zu einer Trag\u00f6die: Ihre j\u00fcngere Schwester und ihr Vater werden bei der Razzia des Wintervelodroms mitgerissen. Auf Anraten von Francis Carco beschloss sie, in die Schweiz nach Lausanne zu fl\u00fcchten.<\/p>\n<p>1942 nahm sie <em>Insensiblement<\/em> und <em>D&#8217;l&#8217;autre<\/em> <em>c\u00f4t\u00e9<\/em> <em>de la rue<\/em> auf, die sie im Westschweizer Radio mit Blick auf die Situation in Frankreich vortr\u00e4gt. 1943 nahm sie <em>14 juillet<\/em> des ber\u00fchmten antinazistischen Komponisten Gilles Jean-Vilard und das Lied <em>Exil<\/em> auf, das von Fran\u00e7ois Reichenbach geschrieben wurde, der ebenfalls in der Schweiz im Exil lebte.<\/p>\n<p>Nach der Befreiung kehrte sie nach Paris zur\u00fcck, wo sie als erste eine Platte in Pariser Studios aufnahm. Danach beschloss sie, auf der B\u00fchne aufzutreten: 1946 im ABC und im Th\u00e9\u00e2tre de l&#8217;\u00c9toile, dann im L&#8217;Europ\u00e9en, im Alhambra und in Bobino.<\/p>\n<figure id=\"attachment_6922\" aria-describedby=\"caption-attachment-6922\" style=\"width: 304px\" class=\"wp-caption alignleft\"><img decoding=\"async\" class=\"wp-image-6922\" title=\"Ren\u00e9e Lebas Photo d\u00e9dicac\u00e9e\" src=\"https:\/\/www.iemj.org\/wp-content\/uploads\/2014\/05\/a_1252.jpg\" alt=\"Ren\u00e9e Lebas Photo d\u00e9dicac\u00e9e\" width=\"304\" height=\"389\" align=\"middle\" \/><figcaption id=\"caption-attachment-6922\" class=\"wp-caption-text\"><strong>Ren\u00e9e Lebas signiertes Foto<\/strong><\/figcaption><\/figure>\n<p>Sie umgab sich mit au\u00dfergew\u00f6hnlichen Autoren und Musikern, darunter Norbert Glanzberg und Wal-Berg, sowie Emil Stern, der ihr 1946 das Lied <em>O\u00f9 es-tu mon amour?<\/em> komponierte (mit einem Text von Eddy Marnay). Die gleichen Autoren und Komponisten schrieben f\u00fcr sie das Lied <em>La Fontaine de Varsovie<\/em>, das die Shoah thematisiert.<\/p>\n<p>Ende 1945 kreierte sie mit Roland Gerbeau <em>La Mer<\/em> von Charles Trenet. Von L\u00e9o Ferr\u00e9, der 1948 noch unbekannt war, nahm sie <em>Elle tourne&#8230; la Terre<\/em> auf. Sie sang Charles Aznavour, Jacques Brel, Francis Carco, Francis Lemarque und Boris Vian. In den 1950er Jahren sang sie <em>Garde l&#8217;Esp\u00e9rance<\/em> auf die Melodie von haTikwa, der Hymne des Staates Israel. Sie nahm <em>Trois fois merci<\/em> ohne Erfolg auf. Jacqueline Fran\u00e7ois holte das Lied nach, nahm es auf und machte es zu einem Hit! 1963 gab sie ihr letztes Konzert und beschloss, sich der Produktion von S\u00e4ngern zu widmen, darunter R\u00e9gine, Serge Lama und Tereza Kesovija.<\/p>\n<p>Sie starb am 18. Dezember 2009 im Michel-Ange-Krankenhaus in Paris XVI. und wurde am 21. Dezember auf dem Friedhof Montparnasse beigesetzt.<\/p>\n<p><a href=\"http:\/\/www.rachelnet.net\/F\/?func=find-c&amp;ccl_term=WRD+%3D+Ren%C3%A9e+Lebas&amp;local_base=iemcg\" target=\"_blank\" rel=\"noopener\">Sehen Sie sich unser Archiv zu Ren\u00e9e Lebas<\/a><\/p>\n\n\n<div class=\"wp-block-columns are-vertically-aligned-center is-layout-flex wp-container-core-columns-is-layout-9d6595d7 wp-block-columns-is-layout-flex\">\n<div class=\"wp-block-column is-vertically-aligned-center is-layout-flow wp-block-column-is-layout-flow\">\n<figure class=\"wp-block-embed is-type-video is-provider-youtube wp-block-embed-youtube aligncenter wp-embed-aspect-4-3 wp-has-aspect-ratio\"><div class=\"wp-block-embed__wrapper\">\n<iframe title=\"Ren\u00e9e Lebas &quot; d&#039;l&#039;autre c\u00f4t\u00e9 de la rue &quot; 1942\" width=\"640\" height=\"480\" src=\"https:\/\/www.youtube.com\/embed\/idZFneb88zM?feature=oembed\" frameborder=\"0\" allow=\"accelerometer; autoplay; clipboard-write; encrypted-media; gyroscope; picture-in-picture; web-share\" referrerpolicy=\"strict-origin-when-cross-origin\" allowfullscreen><\/iframe>\n<\/div><figcaption class=\"wp-element-caption\"><strong>Ren\u00e9e Lebas &#8211; D&#8217;l&#8217;autre c\u00f4t\u00e9 de la rue<\/strong><\/figcaption><\/figure>\n\n\n\n<p><\/p>\n<\/div>\n\n\n\n<div class=\"wp-block-column is-vertically-aligned-center is-layout-flow wp-block-column-is-layout-flow\">\n<figure class=\"wp-block-embed is-type-video is-provider-youtube wp-block-embed-youtube wp-embed-aspect-16-9 wp-has-aspect-ratio\"><div class=\"wp-block-embed__wrapper\">\n<iframe title=\"Ren\u00e9e LEBAS Garde l&#039;esp\u00e9rance (Hatikvah)\" width=\"640\" height=\"360\" src=\"https:\/\/www.youtube.com\/embed\/TOMvOfH4nXk?feature=oembed\" frameborder=\"0\" allow=\"accelerometer; autoplay; clipboard-write; encrypted-media; gyroscope; picture-in-picture; web-share\" referrerpolicy=\"strict-origin-when-cross-origin\" allowfullscreen><\/iframe>\n<\/div><figcaption class=\"wp-element-caption\"><strong>Ren\u00e9e Lebas &#8211; Garde l&#8217;esp\u00e9rance<\/strong><\/figcaption><\/figure>\n<\/div>\n<\/div>\n\n\n\n<h2 class=\"wp-block-heading\"><\/h2>\n\n\n<div class=\"wp-block-image\">\n<figure class=\"aligncenter size-large\"><img decoding=\"async\" width=\"1024\" height=\"133\" src=\"https:\/\/www.iemj.org\/wp-content\/uploads\/2024\/03\/AUDIO-PLAYER-1024x133.png\" alt=\"\" class=\"wp-image-110606\" srcset=\"https:\/\/www.iemj.org\/wp-content\/uploads\/2024\/03\/AUDIO-PLAYER-1024x133.png 1024w, https:\/\/www.iemj.org\/wp-content\/uploads\/2024\/03\/AUDIO-PLAYER-300x39.png 300w, https:\/\/www.iemj.org\/wp-content\/uploads\/2024\/03\/AUDIO-PLAYER-768x100.png 768w, https:\/\/www.iemj.org\/wp-content\/uploads\/2024\/03\/AUDIO-PLAYER-600x78.png 600w, https:\/\/www.iemj.org\/wp-content\/uploads\/2024\/03\/AUDIO-PLAYER.png 1210w\" sizes=\"(max-width: 1024px) 100vw, 1024px\" \/><\/figure>\n<\/div>\n\n\n<div class=\"wp-block-file\"><a id=\"wp-block-file--media-f250cfcf-dbab-4be4-b2b8-0368bf12cc0c\" href=\"https:\/\/www.iemj.org\/wp-content\/uploads\/2014\/05\/cd_396_17_mammy-site_iemj.mp3\">Mammy<\/a><\/div>\n\n\n\n<div class=\"wp-block-file\"><a id=\"wp-block-file--media-5cd93fe4-92e9-490c-a134-770d0435d40c\" href=\"https:\/\/www.iemj.org\/wp-content\/uploads\/2014\/05\/cd_396_18_tire_l_aiguille_siteiemj.mp3\">Tire, tire l&#8217;aiguille<\/a><\/div>\n\n\n\n<div class=\"wp-block-file\"><a id=\"wp-block-file--media-b30639e7-0ca9-4021-8eae-c40a0fc2fbe4\" href=\"https:\/\/www.iemj.org\/wp-content\/uploads\/2015\/10\/d78-25_419_02_t.mp3\">Un p\u00eacheur de perles<\/a><\/div>\n","protected":false},"excerpt":{"rendered":"<p>Ren\u00e9e Lebas (geborene Leiba) wurde am 23. April 1917 in Paris geboren und lebte mit ihren Eltern, rum\u00e4nischen Juden, die nach Frankreich eingewandert waren, und ihrer j\u00fcngeren Schwester im Bastille-Viertel.<\/p>\n","protected":false},"author":1045,"featured_media":88622,"comment_status":"closed","ping_status":"open","sticky":false,"template":"","format":"standard","meta":{"_acf_changed":false,"footnotes":""},"categories":[1415],"tags":[],"technique":[],"squelettes":[],"sujet":[1822],"formation":[],"genre":[1877],"fonds":[],"tradition":[],"type-de-contenu":[],"interprete-compositeur":[],"frise":[],"type-devenement":[],"tableaux-liens-externes":[],"class_list":["post-88620","post","type-post","status-publish","format-standard","has-post-thumbnail","hentry","category-biografien-de","sujet-frankreich-de","genre-franzosisch-lied-de"],"acf":[],"yoast_head":"<!-- This site is optimized with the Yoast SEO plugin v27.3 - https:\/\/yoast.com\/product\/yoast-seo-wordpress\/ -->\n<title>Lebas, Ren\u00e9e (1917-2009) - Institut Europ\u00e9en des Musiques Juives<\/title>\n<meta name=\"robots\" content=\"index, follow, max-snippet:-1, max-image-preview:large, max-video-preview:-1\" \/>\n<link rel=\"canonical\" href=\"https:\/\/www.iemj.org\/de\/lebas-renee-1917-2009\/\" \/>\n<meta property=\"og:locale\" content=\"de_DE\" \/>\n<meta property=\"og:type\" content=\"article\" \/>\n<meta property=\"og:title\" content=\"Lebas, Ren\u00e9e (1917-2009) - Institut Europ\u00e9en des Musiques Juives\" \/>\n<meta property=\"og:description\" content=\"Ren\u00e9e Lebas (geborene Leiba) wurde am 23. April 1917 in Paris geboren und lebte mit ihren Eltern, rum\u00e4nischen Juden, die nach Frankreich eingewandert waren, und ihrer j\u00fcngeren Schwester im Bastille-Viertel.\" \/>\n<meta property=\"og:url\" content=\"https:\/\/www.iemj.org\/de\/lebas-renee-1917-2009\/\" \/>\n<meta property=\"og:site_name\" content=\"Institut Europ\u00e9en des Musiques Juives\" \/>\n<meta property=\"article:publisher\" content=\"https:\/\/www.facebook.com\/MusiquesJuives\/\" \/>\n<meta property=\"article:published_time\" content=\"2014-05-06T14:20:11+00:00\" \/>\n<meta property=\"article:modified_time\" content=\"2025-09-01T10:08:53+00:00\" \/>\n<meta property=\"og:image\" content=\"https:\/\/www.iemj.org\/wp-content\/uploads\/2014\/05\/logo-bio-Renee-LEBAS-e1617029512893.jpg\" \/>\n\t<meta property=\"og:image:width\" content=\"166\" \/>\n\t<meta property=\"og:image:height\" content=\"218\" \/>\n\t<meta property=\"og:image:type\" content=\"image\/jpeg\" \/>\n<meta name=\"author\" content=\"Herv\u00e9 Roten\" \/>\n<meta name=\"twitter:card\" content=\"summary_large_image\" \/>\n<meta name=\"twitter:label1\" content=\"Verfasst von\" \/>\n\t<meta name=\"twitter:data1\" content=\"Herv\u00e9 Roten\" \/>\n\t<meta name=\"twitter:label2\" content=\"Gesch\u00e4tzte Lesezeit\" \/>\n\t<meta name=\"twitter:data2\" content=\"4\u00a0Minuten\" \/>\n<script type=\"application\/ld+json\" class=\"yoast-schema-graph\">{\"@context\":\"https:\\\/\\\/schema.org\",\"@graph\":[{\"@type\":\"Article\",\"@id\":\"https:\\\/\\\/www.iemj.org\\\/de\\\/lebas-renee-1917-2009\\\/#article\",\"isPartOf\":{\"@id\":\"https:\\\/\\\/www.iemj.org\\\/de\\\/lebas-renee-1917-2009\\\/\"},\"author\":{\"name\":\"Herv\u00e9 Roten\",\"@id\":\"https:\\\/\\\/www.iemj.org\\\/de\\\/#\\\/schema\\\/person\\\/906134402c29d5c76e7b726261dd4bbd\"},\"headline\":\"Lebas, Ren\u00e9e (1917-2009)\",\"datePublished\":\"2014-05-06T14:20:11+00:00\",\"dateModified\":\"2025-09-01T10:08:53+00:00\",\"mainEntityOfPage\":{\"@id\":\"https:\\\/\\\/www.iemj.org\\\/de\\\/lebas-renee-1917-2009\\\/\"},\"wordCount\":547,\"publisher\":{\"@id\":\"https:\\\/\\\/www.iemj.org\\\/de\\\/#organization\"},\"image\":{\"@id\":\"https:\\\/\\\/www.iemj.org\\\/de\\\/lebas-renee-1917-2009\\\/#primaryimage\"},\"thumbnailUrl\":\"https:\\\/\\\/www.iemj.org\\\/wp-content\\\/uploads\\\/2014\\\/05\\\/logo-bio-Renee-LEBAS-e1617029512893.jpg\",\"articleSection\":[\"Biografien\"],\"inLanguage\":\"de\"},{\"@type\":\"WebPage\",\"@id\":\"https:\\\/\\\/www.iemj.org\\\/de\\\/lebas-renee-1917-2009\\\/\",\"url\":\"https:\\\/\\\/www.iemj.org\\\/de\\\/lebas-renee-1917-2009\\\/\",\"name\":\"Lebas, Ren\u00e9e (1917-2009) - Institut Europ\u00e9en des Musiques Juives\",\"isPartOf\":{\"@id\":\"https:\\\/\\\/www.iemj.org\\\/de\\\/#website\"},\"primaryImageOfPage\":{\"@id\":\"https:\\\/\\\/www.iemj.org\\\/de\\\/lebas-renee-1917-2009\\\/#primaryimage\"},\"image\":{\"@id\":\"https:\\\/\\\/www.iemj.org\\\/de\\\/lebas-renee-1917-2009\\\/#primaryimage\"},\"thumbnailUrl\":\"https:\\\/\\\/www.iemj.org\\\/wp-content\\\/uploads\\\/2014\\\/05\\\/logo-bio-Renee-LEBAS-e1617029512893.jpg\",\"datePublished\":\"2014-05-06T14:20:11+00:00\",\"dateModified\":\"2025-09-01T10:08:53+00:00\",\"breadcrumb\":{\"@id\":\"https:\\\/\\\/www.iemj.org\\\/de\\\/lebas-renee-1917-2009\\\/#breadcrumb\"},\"inLanguage\":\"de\",\"potentialAction\":[{\"@type\":\"ReadAction\",\"target\":[\"https:\\\/\\\/www.iemj.org\\\/de\\\/lebas-renee-1917-2009\\\/\"]}]},{\"@type\":\"ImageObject\",\"inLanguage\":\"de\",\"@id\":\"https:\\\/\\\/www.iemj.org\\\/de\\\/lebas-renee-1917-2009\\\/#primaryimage\",\"url\":\"https:\\\/\\\/www.iemj.org\\\/wp-content\\\/uploads\\\/2014\\\/05\\\/logo-bio-Renee-LEBAS-e1617029512893.jpg\",\"contentUrl\":\"https:\\\/\\\/www.iemj.org\\\/wp-content\\\/uploads\\\/2014\\\/05\\\/logo-bio-Renee-LEBAS-e1617029512893.jpg\",\"width\":166,\"height\":218},{\"@type\":\"BreadcrumbList\",\"@id\":\"https:\\\/\\\/www.iemj.org\\\/de\\\/lebas-renee-1917-2009\\\/#breadcrumb\",\"itemListElement\":[{\"@type\":\"ListItem\",\"position\":1,\"name\":\"Accueil\",\"item\":\"https:\\\/\\\/www.iemj.org\\\/de\\\/\"},{\"@type\":\"ListItem\",\"position\":2,\"name\":\"Lebas, Ren\u00e9e (1917-2009)\"}]},{\"@type\":\"WebSite\",\"@id\":\"https:\\\/\\\/www.iemj.org\\\/de\\\/#website\",\"url\":\"https:\\\/\\\/www.iemj.org\\\/de\\\/\",\"name\":\"Institut Europ\u00e9en des Musiques Juives\",\"description\":\"Des traditions musicales \u00e0 la port\u00e9e de tous\",\"publisher\":{\"@id\":\"https:\\\/\\\/www.iemj.org\\\/de\\\/#organization\"},\"potentialAction\":[{\"@type\":\"SearchAction\",\"target\":{\"@type\":\"EntryPoint\",\"urlTemplate\":\"https:\\\/\\\/www.iemj.org\\\/de\\\/?s={search_term_string}\"},\"query-input\":{\"@type\":\"PropertyValueSpecification\",\"valueRequired\":true,\"valueName\":\"search_term_string\"}}],\"inLanguage\":\"de\"},{\"@type\":\"Organization\",\"@id\":\"https:\\\/\\\/www.iemj.org\\\/de\\\/#organization\",\"name\":\"Institut Europ\u00e9en des Musiques Juives\",\"url\":\"https:\\\/\\\/www.iemj.org\\\/de\\\/\",\"logo\":{\"@type\":\"ImageObject\",\"inLanguage\":\"de\",\"@id\":\"https:\\\/\\\/www.iemj.org\\\/de\\\/#\\\/schema\\\/logo\\\/image\\\/\",\"url\":\"https:\\\/\\\/www.iemj.org\\\/wp-content\\\/uploads\\\/2021\\\/09\\\/Logo-IEMJ-Paypal.jpg\",\"contentUrl\":\"https:\\\/\\\/www.iemj.org\\\/wp-content\\\/uploads\\\/2021\\\/09\\\/Logo-IEMJ-Paypal.jpg\",\"width\":150,\"height\":50,\"caption\":\"Institut Europ\u00e9en des Musiques Juives\"},\"image\":{\"@id\":\"https:\\\/\\\/www.iemj.org\\\/de\\\/#\\\/schema\\\/logo\\\/image\\\/\"},\"sameAs\":[\"https:\\\/\\\/www.facebook.com\\\/MusiquesJuives\\\/\",\"https:\\\/\\\/www.instagram.com\\\/musiquesjuives\\\/\",\"https:\\\/\\\/www.youtube.com\\\/user\\\/musiquesjuives\"]},{\"@type\":\"Person\",\"@id\":\"https:\\\/\\\/www.iemj.org\\\/de\\\/#\\\/schema\\\/person\\\/906134402c29d5c76e7b726261dd4bbd\",\"name\":\"Herv\u00e9 Roten\",\"image\":{\"@type\":\"ImageObject\",\"inLanguage\":\"de\",\"@id\":\"https:\\\/\\\/secure.gravatar.com\\\/avatar\\\/f96ad2db538a26481f18384936b5cd0610c92d390c4dc382209216d455f685ff?s=96&d=mm&r=g\",\"url\":\"https:\\\/\\\/secure.gravatar.com\\\/avatar\\\/f96ad2db538a26481f18384936b5cd0610c92d390c4dc382209216d455f685ff?s=96&d=mm&r=g\",\"contentUrl\":\"https:\\\/\\\/secure.gravatar.com\\\/avatar\\\/f96ad2db538a26481f18384936b5cd0610c92d390c4dc382209216d455f685ff?s=96&d=mm&r=g\",\"caption\":\"Herv\u00e9 Roten\"}}]}<\/script>\n<!-- \/ Yoast SEO plugin. -->","yoast_head_json":{"title":"Lebas, Ren\u00e9e (1917-2009) - Institut Europ\u00e9en des Musiques Juives","robots":{"index":"index","follow":"follow","max-snippet":"max-snippet:-1","max-image-preview":"max-image-preview:large","max-video-preview":"max-video-preview:-1"},"canonical":"https:\/\/www.iemj.org\/de\/lebas-renee-1917-2009\/","og_locale":"de_DE","og_type":"article","og_title":"Lebas, Ren\u00e9e (1917-2009) - Institut Europ\u00e9en des Musiques Juives","og_description":"Ren\u00e9e Lebas (geborene Leiba) wurde am 23. April 1917 in Paris geboren und lebte mit ihren Eltern, rum\u00e4nischen Juden, die nach Frankreich eingewandert waren, und ihrer j\u00fcngeren Schwester im Bastille-Viertel.","og_url":"https:\/\/www.iemj.org\/de\/lebas-renee-1917-2009\/","og_site_name":"Institut Europ\u00e9en des Musiques Juives","article_publisher":"https:\/\/www.facebook.com\/MusiquesJuives\/","article_published_time":"2014-05-06T14:20:11+00:00","article_modified_time":"2025-09-01T10:08:53+00:00","og_image":[{"width":166,"height":218,"url":"https:\/\/www.iemj.org\/wp-content\/uploads\/2014\/05\/logo-bio-Renee-LEBAS-e1617029512893.jpg","type":"image\/jpeg"}],"author":"Herv\u00e9 Roten","twitter_card":"summary_large_image","twitter_misc":{"Verfasst von":"Herv\u00e9 Roten","Gesch\u00e4tzte Lesezeit":"4\u00a0Minuten"},"schema":{"@context":"https:\/\/schema.org","@graph":[{"@type":"Article","@id":"https:\/\/www.iemj.org\/de\/lebas-renee-1917-2009\/#article","isPartOf":{"@id":"https:\/\/www.iemj.org\/de\/lebas-renee-1917-2009\/"},"author":{"name":"Herv\u00e9 Roten","@id":"https:\/\/www.iemj.org\/de\/#\/schema\/person\/906134402c29d5c76e7b726261dd4bbd"},"headline":"Lebas, Ren\u00e9e (1917-2009)","datePublished":"2014-05-06T14:20:11+00:00","dateModified":"2025-09-01T10:08:53+00:00","mainEntityOfPage":{"@id":"https:\/\/www.iemj.org\/de\/lebas-renee-1917-2009\/"},"wordCount":547,"publisher":{"@id":"https:\/\/www.iemj.org\/de\/#organization"},"image":{"@id":"https:\/\/www.iemj.org\/de\/lebas-renee-1917-2009\/#primaryimage"},"thumbnailUrl":"https:\/\/www.iemj.org\/wp-content\/uploads\/2014\/05\/logo-bio-Renee-LEBAS-e1617029512893.jpg","articleSection":["Biografien"],"inLanguage":"de"},{"@type":"WebPage","@id":"https:\/\/www.iemj.org\/de\/lebas-renee-1917-2009\/","url":"https:\/\/www.iemj.org\/de\/lebas-renee-1917-2009\/","name":"Lebas, Ren\u00e9e (1917-2009) - Institut Europ\u00e9en des Musiques Juives","isPartOf":{"@id":"https:\/\/www.iemj.org\/de\/#website"},"primaryImageOfPage":{"@id":"https:\/\/www.iemj.org\/de\/lebas-renee-1917-2009\/#primaryimage"},"image":{"@id":"https:\/\/www.iemj.org\/de\/lebas-renee-1917-2009\/#primaryimage"},"thumbnailUrl":"https:\/\/www.iemj.org\/wp-content\/uploads\/2014\/05\/logo-bio-Renee-LEBAS-e1617029512893.jpg","datePublished":"2014-05-06T14:20:11+00:00","dateModified":"2025-09-01T10:08:53+00:00","breadcrumb":{"@id":"https:\/\/www.iemj.org\/de\/lebas-renee-1917-2009\/#breadcrumb"},"inLanguage":"de","potentialAction":[{"@type":"ReadAction","target":["https:\/\/www.iemj.org\/de\/lebas-renee-1917-2009\/"]}]},{"@type":"ImageObject","inLanguage":"de","@id":"https:\/\/www.iemj.org\/de\/lebas-renee-1917-2009\/#primaryimage","url":"https:\/\/www.iemj.org\/wp-content\/uploads\/2014\/05\/logo-bio-Renee-LEBAS-e1617029512893.jpg","contentUrl":"https:\/\/www.iemj.org\/wp-content\/uploads\/2014\/05\/logo-bio-Renee-LEBAS-e1617029512893.jpg","width":166,"height":218},{"@type":"BreadcrumbList","@id":"https:\/\/www.iemj.org\/de\/lebas-renee-1917-2009\/#breadcrumb","itemListElement":[{"@type":"ListItem","position":1,"name":"Accueil","item":"https:\/\/www.iemj.org\/de\/"},{"@type":"ListItem","position":2,"name":"Lebas, Ren\u00e9e (1917-2009)"}]},{"@type":"WebSite","@id":"https:\/\/www.iemj.org\/de\/#website","url":"https:\/\/www.iemj.org\/de\/","name":"Institut Europ\u00e9en des Musiques Juives","description":"Des traditions musicales \u00e0 la port\u00e9e de tous","publisher":{"@id":"https:\/\/www.iemj.org\/de\/#organization"},"potentialAction":[{"@type":"SearchAction","target":{"@type":"EntryPoint","urlTemplate":"https:\/\/www.iemj.org\/de\/?s={search_term_string}"},"query-input":{"@type":"PropertyValueSpecification","valueRequired":true,"valueName":"search_term_string"}}],"inLanguage":"de"},{"@type":"Organization","@id":"https:\/\/www.iemj.org\/de\/#organization","name":"Institut Europ\u00e9en des Musiques Juives","url":"https:\/\/www.iemj.org\/de\/","logo":{"@type":"ImageObject","inLanguage":"de","@id":"https:\/\/www.iemj.org\/de\/#\/schema\/logo\/image\/","url":"https:\/\/www.iemj.org\/wp-content\/uploads\/2021\/09\/Logo-IEMJ-Paypal.jpg","contentUrl":"https:\/\/www.iemj.org\/wp-content\/uploads\/2021\/09\/Logo-IEMJ-Paypal.jpg","width":150,"height":50,"caption":"Institut Europ\u00e9en des Musiques Juives"},"image":{"@id":"https:\/\/www.iemj.org\/de\/#\/schema\/logo\/image\/"},"sameAs":["https:\/\/www.facebook.com\/MusiquesJuives\/","https:\/\/www.instagram.com\/musiquesjuives\/","https:\/\/www.youtube.com\/user\/musiquesjuives"]},{"@type":"Person","@id":"https:\/\/www.iemj.org\/de\/#\/schema\/person\/906134402c29d5c76e7b726261dd4bbd","name":"Herv\u00e9 Roten","image":{"@type":"ImageObject","inLanguage":"de","@id":"https:\/\/secure.gravatar.com\/avatar\/f96ad2db538a26481f18384936b5cd0610c92d390c4dc382209216d455f685ff?s=96&d=mm&r=g","url":"https:\/\/secure.gravatar.com\/avatar\/f96ad2db538a26481f18384936b5cd0610c92d390c4dc382209216d455f685ff?s=96&d=mm&r=g","contentUrl":"https:\/\/secure.gravatar.com\/avatar\/f96ad2db538a26481f18384936b5cd0610c92d390c4dc382209216d455f685ff?s=96&d=mm&r=g","caption":"Herv\u00e9 Roten"}}]}},"_links":{"self":[{"href":"https:\/\/www.iemj.org\/de\/wp-json\/wp\/v2\/posts\/88620","targetHints":{"allow":["GET"]}}],"collection":[{"href":"https:\/\/www.iemj.org\/de\/wp-json\/wp\/v2\/posts"}],"about":[{"href":"https:\/\/www.iemj.org\/de\/wp-json\/wp\/v2\/types\/post"}],"author":[{"embeddable":true,"href":"https:\/\/www.iemj.org\/de\/wp-json\/wp\/v2\/users\/1045"}],"replies":[{"embeddable":true,"href":"https:\/\/www.iemj.org\/de\/wp-json\/wp\/v2\/comments?post=88620"}],"version-history":[{"count":0,"href":"https:\/\/www.iemj.org\/de\/wp-json\/wp\/v2\/posts\/88620\/revisions"}],"wp:featuredmedia":[{"embeddable":true,"href":"https:\/\/www.iemj.org\/de\/wp-json\/wp\/v2\/media\/88622"}],"wp:attachment":[{"href":"https:\/\/www.iemj.org\/de\/wp-json\/wp\/v2\/media?parent=88620"}],"wp:term":[{"taxonomy":"category","embeddable":true,"href":"https:\/\/www.iemj.org\/de\/wp-json\/wp\/v2\/categories?post=88620"},{"taxonomy":"post_tag","embeddable":true,"href":"https:\/\/www.iemj.org\/de\/wp-json\/wp\/v2\/tags?post=88620"},{"taxonomy":"technique","embeddable":true,"href":"https:\/\/www.iemj.org\/de\/wp-json\/wp\/v2\/technique?post=88620"},{"taxonomy":"squelettes","embeddable":true,"href":"https:\/\/www.iemj.org\/de\/wp-json\/wp\/v2\/squelettes?post=88620"},{"taxonomy":"sujet","embeddable":true,"href":"https:\/\/www.iemj.org\/de\/wp-json\/wp\/v2\/sujet?post=88620"},{"taxonomy":"formation","embeddable":true,"href":"https:\/\/www.iemj.org\/de\/wp-json\/wp\/v2\/formation?post=88620"},{"taxonomy":"genre","embeddable":true,"href":"https:\/\/www.iemj.org\/de\/wp-json\/wp\/v2\/genre?post=88620"},{"taxonomy":"fonds","embeddable":true,"href":"https:\/\/www.iemj.org\/de\/wp-json\/wp\/v2\/fonds?post=88620"},{"taxonomy":"tradition","embeddable":true,"href":"https:\/\/www.iemj.org\/de\/wp-json\/wp\/v2\/tradition?post=88620"},{"taxonomy":"type-de-contenu","embeddable":true,"href":"https:\/\/www.iemj.org\/de\/wp-json\/wp\/v2\/type-de-contenu?post=88620"},{"taxonomy":"interprete-compositeur","embeddable":true,"href":"https:\/\/www.iemj.org\/de\/wp-json\/wp\/v2\/interprete-compositeur?post=88620"},{"taxonomy":"frise","embeddable":true,"href":"https:\/\/www.iemj.org\/de\/wp-json\/wp\/v2\/frise?post=88620"},{"taxonomy":"type-devenement","embeddable":true,"href":"https:\/\/www.iemj.org\/de\/wp-json\/wp\/v2\/type-devenement?post=88620"},{"taxonomy":"tableaux-liens-externes","embeddable":true,"href":"https:\/\/www.iemj.org\/de\/wp-json\/wp\/v2\/tableaux-liens-externes?post=88620"}],"curies":[{"name":"wp","href":"https:\/\/api.w.org\/{rel}","templated":true}]}}