{"id":88652,"date":"2021-10-11T12:37:41","date_gmt":"2021-10-11T10:37:41","guid":{"rendered":"https:\/\/www.iemj.org\/levin-leibu-1914-1983\/"},"modified":"2022-10-10T14:51:13","modified_gmt":"2022-10-10T12:51:13","slug":"levin-leibu-1914-1983","status":"publish","type":"post","link":"https:\/\/www.iemj.org\/de\/levin-leibu-1914-1983\/","title":{"rendered":"Levin, Leibu (1914-1983)"},"content":{"rendered":"<p><strong>Leibu Levin<\/strong>\u00a0wurde 1914 in Kimpolung geboren, in Bukowina. Ab 1919 lebte er in Czernowitz. Er studierte die jiddische Sprache und Literatur im Seminar des \u201eYiddisher Shul-Farayn\u201c und trat gleichzeitig in Rezitationsabende jiddischer Prosa und Poesie auf: er sang oft seine eigenen Melodien. Levins erste Rezitationsabende wurden von dem Linguisten und Philologen Dr. Haim Gininger herzlich zugejubelt. Er schrieb in einem langen und lobenden Artikel, der in der Bukarester Literaturzeitschrift &#8222;Di Vokh&#8220; am 31. Januar 1935 ver\u00f6ffentlicht wurde: \u201eLeibu Levin hat sich als hervorragender Interpret jiddischer Poesie erwiesen&#8230; Levin ist vielleicht der erste, der Manger interpretiert. Nie zuvor waren wir von der spezifischen Landschaft und dem Duft von Manger so berauscht, wie wenn Levin seine Balladen daraus vortr\u00e4gt.\u201c<\/p>\n<p>Hersh Segal ver\u00f6ffentlichte 1939 in Czernowitz\u00a0das kleine Album \u201eZeks Shloflider\u201c (\u201eSechs Schlaflieder\u201c), das aus Melodien von Levin nach Gedichten von I. Manger, H. Leivick, M.-L. Halpern, A. Reisen und N. Yud besteht, mit Illustrationen von Isiu Sherf. Eines dieser Lieder mit dem Titel \u201eAz du vest batsoln, bruder&#8230;\u201c von M.-L. Halpern \u00fcberquerte den Ozean und wurde noch zu Lebzeiten des Komponisten zu einem beliebten Lied.<\/p>\n<figure id=\"attachment_69308\" aria-describedby=\"caption-attachment-69308\" style=\"width: 300px\" class=\"wp-caption alignright\"><img fetchpriority=\"high\" decoding=\"async\" class=\"wp-image-69308 size-medium\" src=\"https:\/\/www.iemj.org\/wp-content\/uploads\/2021\/10\/Leibu-Levin-a-doite-a-la-Yidisher-shulfarayn-milieu-des-annees-30-a-Czernowitz_250px-hauteur-300x192.jpg\" alt=\"\" width=\"300\" height=\"192\" srcset=\"https:\/\/www.iemj.org\/wp-content\/uploads\/2021\/10\/Leibu-Levin-a-doite-a-la-Yidisher-shulfarayn-milieu-des-annees-30-a-Czernowitz_250px-hauteur-300x192.jpg 300w, https:\/\/www.iemj.org\/wp-content\/uploads\/2021\/10\/Leibu-Levin-a-doite-a-la-Yidisher-shulfarayn-milieu-des-annees-30-a-Czernowitz_250px-hauteur.jpg 391w\" sizes=\"(max-width: 300px) 100vw, 300px\" \/><figcaption id=\"caption-attachment-69308\" class=\"wp-caption-text\"><strong>Leibu Levin rechts, zum Yidisher shulfarayn (Verein der j\u00fcdischen Schulen), Mitte der 30er Jahren in Czernowitz<\/strong><\/figcaption><\/figure>\n<p>Leibu Levin hat unz\u00e4hlige Liederabende in Czernowitz, Bukarest und vielen anderen St\u00e4dten Rum\u00e4niens gegeben. Er ist ein wahrer Troubadour der jiddischen Literatur. Er trug die Fabeln von Elieser Steinbarg vor, noch bevor sie ver\u00f6ffentlicht wurden. In Belds (Bessarabien) lernte er den Folkloristen Zelik Barditshever kennen und wurde der erste K\u00fcnstler, der seine Lieder auf der B\u00fchne vortrug. Die Partituren aus dem Buch \u201eZelik Barditshever. Lider Mit Nigunim\u201c, das 1939 von Hersh Segal in Czernowitz ver\u00f6ffentlicht wurde, wurden gerade im Anschluss an den Gesang und die Interpretation von Leibu Levin umgearbeitet.<\/p>\n<p>Als der Krieg zwischen Deutschland und die UdSSR 1941 ausbrach, wurde Levin zum Kampf gerufen, und sp\u00e4ter in ein Arbeitslager im Ural geschickt. 1942 wurde er festgenommen und ohne Gerichtsverfahren zur 15 Jahren Gef\u00e4ngnis verurteilt. Nur 1956 wurde er freigelassen und endlich \u201erehabilitiert\u201c. Er trat noch sechs Jahre lang auf \u2013 drei davon zusammen mit Nechama Lifshitz \u2013 musste dann aber die B\u00fchne verlassen, da seine Gesundheit durch die Zeit in den Gefangenenlagern stark beeintr\u00e4chtigt war.<\/p>\n<p>Dennoch beharrte er darauf, jiddische Gedichte zu vertonen. 1972 wanderte er nach Israel ein. In dieser Zeit vertonte er unter anderem sechs hebr\u00e4ische Gedichte. Einige Aufnahmen seiner Lieder wurden in den 1970er Jahren von Kol Israel gemacht. Er \u00fcbersetzte auch alle Gedichte der Czernowitzer Dichterin Selma Meerbaum-Eisinger (eine Cousine von Paul Celan), die im Alter von 18 Jahren in einem Nazilager starb, aus dem Deutschen ins Jiddische und vertonte sechs ihrer Gedichte. Sein letztes Konzert 1982 in Jerusalem wurde ebenfalls von Kol Israel aufgezeichnet.<\/p>\n<p>Leibu Levin starb 1983 im Alter von 69 Jahren in Herzlia, Israel. Er hinterl\u00e4sst etwa 80 Kompositionen, die aus den sch\u00f6nsten Texten der jiddischen Dichtung geschaffen wurden. Die Lieder auf Texte hebr\u00e4ischer Poesie mit Klavierarrangements von Hanan Winternitz wurden 1990 in der Nisimov Music Library in Tel Aviv. <a href=\"https:\/\/www.iemj.org\/de\/leibu-levin-word-and-melody-yiddish-poetry-set-to-music\/\" target=\"_blank\" rel=\"noopener\">Eine Anthologie aus 49 Liedern aus der jiddischen Dichtung, mit Klavierarrangements von H. Winternitz, wurde 2005 im Verlag \u201eI. L. Peretz Publications\u201c in Tel-Aviv ver\u00f6ffentlicht<\/a>. Diese Anthologie enth\u00e4lt 49 Lieder zu Gedichten von 21 jiddischen Dichtern (I. Manger, H. Leivick, A. Reisen, H. N. Bialik, M.-L. Halpern u.a.), Fotos und Zeichnungen. Ruth Levin, die Tochter des Komponisten und bekannte S\u00e4ngerin, schrieb das Vorwort und den Epilog. Alle Texte sind auf Jiddisch, Englisch und Hebr\u00e4isch.<\/p>\n<p><a href=\"https:\/\/www.iemj.org\/les-faces-cachees-de-la-musique-juive-leibu-levin\/\" target=\"_blank\" rel=\"noopener\">Radiosendung Les faces cach\u00e9es de la musique juive : Leibu Levin anh\u00f6ren<\/a><\/p>\n\n\n<p><\/p>\n","protected":false},"excerpt":{"rendered":"<p>Leibu Levin\u00a0wurde 1914 in Kimpolung geboren, in Bukowina. Ab 1919 lebte er in Czernowitz. Er studierte die jiddische Sprache und Literatur im Seminar des \u201eYiddisher Shul-Farayn\u201c und trat gleichzeitig in<\/p>\n","protected":false},"author":5,"featured_media":69305,"comment_status":"closed","ping_status":"closed","sticky":false,"template":"","format":"standard","meta":{"_acf_changed":false,"footnotes":""},"categories":[1415],"tags":[],"technique":[],"squelettes":[],"sujet":[],"formation":[],"genre":[],"fonds":[],"tradition":[],"type-de-contenu":[],"interprete-compositeur":[],"frise":[],"type-devenement":[],"tableaux-liens-externes":[],"class_list":["post-88652","post","type-post","status-publish","format-standard","has-post-thumbnail","hentry","category-biografien-de"],"acf":[],"yoast_head":"<!-- This site is optimized with the Yoast SEO plugin v27.3 - https:\/\/yoast.com\/product\/yoast-seo-wordpress\/ -->\n<title>Levin, Leibu (1914-1983) - Institut Europ\u00e9en des Musiques Juives<\/title>\n<meta name=\"robots\" content=\"index, follow, max-snippet:-1, max-image-preview:large, max-video-preview:-1\" \/>\n<link rel=\"canonical\" href=\"https:\/\/www.iemj.org\/de\/levin-leibu-1914-1983\/\" \/>\n<meta property=\"og:locale\" content=\"de_DE\" \/>\n<meta property=\"og:type\" content=\"article\" \/>\n<meta property=\"og:title\" content=\"Levin, Leibu (1914-1983) - Institut Europ\u00e9en des Musiques Juives\" \/>\n<meta property=\"og:description\" content=\"Leibu Levin\u00a0wurde 1914 in Kimpolung geboren, in Bukowina. Ab 1919 lebte er in Czernowitz. Er studierte die jiddische Sprache und Literatur im Seminar des \u201eYiddisher Shul-Farayn\u201c und trat gleichzeitig in\" \/>\n<meta property=\"og:url\" content=\"https:\/\/www.iemj.org\/de\/levin-leibu-1914-1983\/\" \/>\n<meta property=\"og:site_name\" content=\"Institut Europ\u00e9en des Musiques Juives\" \/>\n<meta property=\"article:publisher\" content=\"https:\/\/www.facebook.com\/MusiquesJuives\/\" \/>\n<meta property=\"article:published_time\" content=\"2021-10-11T10:37:41+00:00\" \/>\n<meta property=\"article:modified_time\" content=\"2022-10-10T12:51:13+00:00\" \/>\n<meta property=\"og:image\" content=\"https:\/\/www.iemj.org\/wp-content\/uploads\/2021\/10\/Photo-Bio-Leibu-Levin2_218px-hauteur.jpg\" \/>\n\t<meta property=\"og:image:width\" content=\"157\" \/>\n\t<meta property=\"og:image:height\" content=\"218\" \/>\n\t<meta property=\"og:image:type\" content=\"image\/jpeg\" \/>\n<meta name=\"author\" content=\"Jacqueline ROTEN\" \/>\n<meta name=\"twitter:card\" content=\"summary_large_image\" \/>\n<meta name=\"twitter:label1\" content=\"Verfasst von\" \/>\n\t<meta name=\"twitter:data1\" content=\"Jacqueline ROTEN\" \/>\n\t<meta name=\"twitter:label2\" content=\"Gesch\u00e4tzte Lesezeit\" \/>\n\t<meta name=\"twitter:data2\" content=\"4\u00a0Minuten\" \/>\n<script type=\"application\/ld+json\" class=\"yoast-schema-graph\">{\"@context\":\"https:\\\/\\\/schema.org\",\"@graph\":[{\"@type\":\"Article\",\"@id\":\"https:\\\/\\\/www.iemj.org\\\/de\\\/levin-leibu-1914-1983\\\/#article\",\"isPartOf\":{\"@id\":\"https:\\\/\\\/www.iemj.org\\\/de\\\/levin-leibu-1914-1983\\\/\"},\"author\":{\"name\":\"Jacqueline ROTEN\",\"@id\":\"https:\\\/\\\/www.iemj.org\\\/de\\\/#\\\/schema\\\/person\\\/358e26c18aca017fcc4cc15437f7279c\"},\"headline\":\"Levin, Leibu (1914-1983)\",\"datePublished\":\"2021-10-11T10:37:41+00:00\",\"dateModified\":\"2022-10-10T12:51:13+00:00\",\"mainEntityOfPage\":{\"@id\":\"https:\\\/\\\/www.iemj.org\\\/de\\\/levin-leibu-1914-1983\\\/\"},\"wordCount\":599,\"publisher\":{\"@id\":\"https:\\\/\\\/www.iemj.org\\\/de\\\/#organization\"},\"image\":{\"@id\":\"https:\\\/\\\/www.iemj.org\\\/de\\\/levin-leibu-1914-1983\\\/#primaryimage\"},\"thumbnailUrl\":\"https:\\\/\\\/www.iemj.org\\\/wp-content\\\/uploads\\\/2021\\\/10\\\/Photo-Bio-Leibu-Levin2_218px-hauteur.jpg\",\"articleSection\":[\"Biografien\"],\"inLanguage\":\"de\"},{\"@type\":\"WebPage\",\"@id\":\"https:\\\/\\\/www.iemj.org\\\/de\\\/levin-leibu-1914-1983\\\/\",\"url\":\"https:\\\/\\\/www.iemj.org\\\/de\\\/levin-leibu-1914-1983\\\/\",\"name\":\"Levin, Leibu (1914-1983) - Institut Europ\u00e9en des Musiques Juives\",\"isPartOf\":{\"@id\":\"https:\\\/\\\/www.iemj.org\\\/de\\\/#website\"},\"primaryImageOfPage\":{\"@id\":\"https:\\\/\\\/www.iemj.org\\\/de\\\/levin-leibu-1914-1983\\\/#primaryimage\"},\"image\":{\"@id\":\"https:\\\/\\\/www.iemj.org\\\/de\\\/levin-leibu-1914-1983\\\/#primaryimage\"},\"thumbnailUrl\":\"https:\\\/\\\/www.iemj.org\\\/wp-content\\\/uploads\\\/2021\\\/10\\\/Photo-Bio-Leibu-Levin2_218px-hauteur.jpg\",\"datePublished\":\"2021-10-11T10:37:41+00:00\",\"dateModified\":\"2022-10-10T12:51:13+00:00\",\"breadcrumb\":{\"@id\":\"https:\\\/\\\/www.iemj.org\\\/de\\\/levin-leibu-1914-1983\\\/#breadcrumb\"},\"inLanguage\":\"de\",\"potentialAction\":[{\"@type\":\"ReadAction\",\"target\":[\"https:\\\/\\\/www.iemj.org\\\/de\\\/levin-leibu-1914-1983\\\/\"]}]},{\"@type\":\"ImageObject\",\"inLanguage\":\"de\",\"@id\":\"https:\\\/\\\/www.iemj.org\\\/de\\\/levin-leibu-1914-1983\\\/#primaryimage\",\"url\":\"https:\\\/\\\/www.iemj.org\\\/wp-content\\\/uploads\\\/2021\\\/10\\\/Photo-Bio-Leibu-Levin2_218px-hauteur.jpg\",\"contentUrl\":\"https:\\\/\\\/www.iemj.org\\\/wp-content\\\/uploads\\\/2021\\\/10\\\/Photo-Bio-Leibu-Levin2_218px-hauteur.jpg\",\"width\":157,\"height\":218,\"caption\":\"Photo Bio Leibu Levin\"},{\"@type\":\"BreadcrumbList\",\"@id\":\"https:\\\/\\\/www.iemj.org\\\/de\\\/levin-leibu-1914-1983\\\/#breadcrumb\",\"itemListElement\":[{\"@type\":\"ListItem\",\"position\":1,\"name\":\"Accueil\",\"item\":\"https:\\\/\\\/www.iemj.org\\\/de\\\/\"},{\"@type\":\"ListItem\",\"position\":2,\"name\":\"Levin, Leibu (1914-1983)\"}]},{\"@type\":\"WebSite\",\"@id\":\"https:\\\/\\\/www.iemj.org\\\/de\\\/#website\",\"url\":\"https:\\\/\\\/www.iemj.org\\\/de\\\/\",\"name\":\"Institut Europ\u00e9en des Musiques Juives\",\"description\":\"Des traditions musicales \u00e0 la port\u00e9e de tous\",\"publisher\":{\"@id\":\"https:\\\/\\\/www.iemj.org\\\/de\\\/#organization\"},\"potentialAction\":[{\"@type\":\"SearchAction\",\"target\":{\"@type\":\"EntryPoint\",\"urlTemplate\":\"https:\\\/\\\/www.iemj.org\\\/de\\\/?s={search_term_string}\"},\"query-input\":{\"@type\":\"PropertyValueSpecification\",\"valueRequired\":true,\"valueName\":\"search_term_string\"}}],\"inLanguage\":\"de\"},{\"@type\":\"Organization\",\"@id\":\"https:\\\/\\\/www.iemj.org\\\/de\\\/#organization\",\"name\":\"Institut Europ\u00e9en des Musiques Juives\",\"url\":\"https:\\\/\\\/www.iemj.org\\\/de\\\/\",\"logo\":{\"@type\":\"ImageObject\",\"inLanguage\":\"de\",\"@id\":\"https:\\\/\\\/www.iemj.org\\\/de\\\/#\\\/schema\\\/logo\\\/image\\\/\",\"url\":\"https:\\\/\\\/www.iemj.org\\\/wp-content\\\/uploads\\\/2021\\\/09\\\/Logo-IEMJ-Paypal.jpg\",\"contentUrl\":\"https:\\\/\\\/www.iemj.org\\\/wp-content\\\/uploads\\\/2021\\\/09\\\/Logo-IEMJ-Paypal.jpg\",\"width\":150,\"height\":50,\"caption\":\"Institut Europ\u00e9en des Musiques Juives\"},\"image\":{\"@id\":\"https:\\\/\\\/www.iemj.org\\\/de\\\/#\\\/schema\\\/logo\\\/image\\\/\"},\"sameAs\":[\"https:\\\/\\\/www.facebook.com\\\/MusiquesJuives\\\/\",\"https:\\\/\\\/www.instagram.com\\\/musiquesjuives\\\/\",\"https:\\\/\\\/www.youtube.com\\\/user\\\/musiquesjuives\"]},{\"@type\":\"Person\",\"@id\":\"https:\\\/\\\/www.iemj.org\\\/de\\\/#\\\/schema\\\/person\\\/358e26c18aca017fcc4cc15437f7279c\",\"name\":\"Jacqueline ROTEN\",\"image\":{\"@type\":\"ImageObject\",\"inLanguage\":\"de\",\"@id\":\"https:\\\/\\\/secure.gravatar.com\\\/avatar\\\/5964256d6c6957de3a3505278957e0fb2a35119ac47ea41827a65301213c810b?s=96&d=mm&r=g\",\"url\":\"https:\\\/\\\/secure.gravatar.com\\\/avatar\\\/5964256d6c6957de3a3505278957e0fb2a35119ac47ea41827a65301213c810b?s=96&d=mm&r=g\",\"contentUrl\":\"https:\\\/\\\/secure.gravatar.com\\\/avatar\\\/5964256d6c6957de3a3505278957e0fb2a35119ac47ea41827a65301213c810b?s=96&d=mm&r=g\",\"caption\":\"Jacqueline ROTEN\"}}]}<\/script>\n<!-- \/ Yoast SEO plugin. -->","yoast_head_json":{"title":"Levin, Leibu (1914-1983) - Institut Europ\u00e9en des Musiques Juives","robots":{"index":"index","follow":"follow","max-snippet":"max-snippet:-1","max-image-preview":"max-image-preview:large","max-video-preview":"max-video-preview:-1"},"canonical":"https:\/\/www.iemj.org\/de\/levin-leibu-1914-1983\/","og_locale":"de_DE","og_type":"article","og_title":"Levin, Leibu (1914-1983) - Institut Europ\u00e9en des Musiques Juives","og_description":"Leibu Levin\u00a0wurde 1914 in Kimpolung geboren, in Bukowina. Ab 1919 lebte er in Czernowitz. Er studierte die jiddische Sprache und Literatur im Seminar des \u201eYiddisher Shul-Farayn\u201c und trat gleichzeitig in","og_url":"https:\/\/www.iemj.org\/de\/levin-leibu-1914-1983\/","og_site_name":"Institut Europ\u00e9en des Musiques Juives","article_publisher":"https:\/\/www.facebook.com\/MusiquesJuives\/","article_published_time":"2021-10-11T10:37:41+00:00","article_modified_time":"2022-10-10T12:51:13+00:00","og_image":[{"width":157,"height":218,"url":"https:\/\/www.iemj.org\/wp-content\/uploads\/2021\/10\/Photo-Bio-Leibu-Levin2_218px-hauteur.jpg","type":"image\/jpeg"}],"author":"Jacqueline ROTEN","twitter_card":"summary_large_image","twitter_misc":{"Verfasst von":"Jacqueline ROTEN","Gesch\u00e4tzte Lesezeit":"4\u00a0Minuten"},"schema":{"@context":"https:\/\/schema.org","@graph":[{"@type":"Article","@id":"https:\/\/www.iemj.org\/de\/levin-leibu-1914-1983\/#article","isPartOf":{"@id":"https:\/\/www.iemj.org\/de\/levin-leibu-1914-1983\/"},"author":{"name":"Jacqueline ROTEN","@id":"https:\/\/www.iemj.org\/de\/#\/schema\/person\/358e26c18aca017fcc4cc15437f7279c"},"headline":"Levin, Leibu (1914-1983)","datePublished":"2021-10-11T10:37:41+00:00","dateModified":"2022-10-10T12:51:13+00:00","mainEntityOfPage":{"@id":"https:\/\/www.iemj.org\/de\/levin-leibu-1914-1983\/"},"wordCount":599,"publisher":{"@id":"https:\/\/www.iemj.org\/de\/#organization"},"image":{"@id":"https:\/\/www.iemj.org\/de\/levin-leibu-1914-1983\/#primaryimage"},"thumbnailUrl":"https:\/\/www.iemj.org\/wp-content\/uploads\/2021\/10\/Photo-Bio-Leibu-Levin2_218px-hauteur.jpg","articleSection":["Biografien"],"inLanguage":"de"},{"@type":"WebPage","@id":"https:\/\/www.iemj.org\/de\/levin-leibu-1914-1983\/","url":"https:\/\/www.iemj.org\/de\/levin-leibu-1914-1983\/","name":"Levin, Leibu (1914-1983) - Institut Europ\u00e9en des Musiques Juives","isPartOf":{"@id":"https:\/\/www.iemj.org\/de\/#website"},"primaryImageOfPage":{"@id":"https:\/\/www.iemj.org\/de\/levin-leibu-1914-1983\/#primaryimage"},"image":{"@id":"https:\/\/www.iemj.org\/de\/levin-leibu-1914-1983\/#primaryimage"},"thumbnailUrl":"https:\/\/www.iemj.org\/wp-content\/uploads\/2021\/10\/Photo-Bio-Leibu-Levin2_218px-hauteur.jpg","datePublished":"2021-10-11T10:37:41+00:00","dateModified":"2022-10-10T12:51:13+00:00","breadcrumb":{"@id":"https:\/\/www.iemj.org\/de\/levin-leibu-1914-1983\/#breadcrumb"},"inLanguage":"de","potentialAction":[{"@type":"ReadAction","target":["https:\/\/www.iemj.org\/de\/levin-leibu-1914-1983\/"]}]},{"@type":"ImageObject","inLanguage":"de","@id":"https:\/\/www.iemj.org\/de\/levin-leibu-1914-1983\/#primaryimage","url":"https:\/\/www.iemj.org\/wp-content\/uploads\/2021\/10\/Photo-Bio-Leibu-Levin2_218px-hauteur.jpg","contentUrl":"https:\/\/www.iemj.org\/wp-content\/uploads\/2021\/10\/Photo-Bio-Leibu-Levin2_218px-hauteur.jpg","width":157,"height":218,"caption":"Photo Bio Leibu Levin"},{"@type":"BreadcrumbList","@id":"https:\/\/www.iemj.org\/de\/levin-leibu-1914-1983\/#breadcrumb","itemListElement":[{"@type":"ListItem","position":1,"name":"Accueil","item":"https:\/\/www.iemj.org\/de\/"},{"@type":"ListItem","position":2,"name":"Levin, Leibu (1914-1983)"}]},{"@type":"WebSite","@id":"https:\/\/www.iemj.org\/de\/#website","url":"https:\/\/www.iemj.org\/de\/","name":"Institut Europ\u00e9en des Musiques Juives","description":"Des traditions musicales \u00e0 la port\u00e9e de tous","publisher":{"@id":"https:\/\/www.iemj.org\/de\/#organization"},"potentialAction":[{"@type":"SearchAction","target":{"@type":"EntryPoint","urlTemplate":"https:\/\/www.iemj.org\/de\/?s={search_term_string}"},"query-input":{"@type":"PropertyValueSpecification","valueRequired":true,"valueName":"search_term_string"}}],"inLanguage":"de"},{"@type":"Organization","@id":"https:\/\/www.iemj.org\/de\/#organization","name":"Institut Europ\u00e9en des Musiques Juives","url":"https:\/\/www.iemj.org\/de\/","logo":{"@type":"ImageObject","inLanguage":"de","@id":"https:\/\/www.iemj.org\/de\/#\/schema\/logo\/image\/","url":"https:\/\/www.iemj.org\/wp-content\/uploads\/2021\/09\/Logo-IEMJ-Paypal.jpg","contentUrl":"https:\/\/www.iemj.org\/wp-content\/uploads\/2021\/09\/Logo-IEMJ-Paypal.jpg","width":150,"height":50,"caption":"Institut Europ\u00e9en des Musiques Juives"},"image":{"@id":"https:\/\/www.iemj.org\/de\/#\/schema\/logo\/image\/"},"sameAs":["https:\/\/www.facebook.com\/MusiquesJuives\/","https:\/\/www.instagram.com\/musiquesjuives\/","https:\/\/www.youtube.com\/user\/musiquesjuives"]},{"@type":"Person","@id":"https:\/\/www.iemj.org\/de\/#\/schema\/person\/358e26c18aca017fcc4cc15437f7279c","name":"Jacqueline ROTEN","image":{"@type":"ImageObject","inLanguage":"de","@id":"https:\/\/secure.gravatar.com\/avatar\/5964256d6c6957de3a3505278957e0fb2a35119ac47ea41827a65301213c810b?s=96&d=mm&r=g","url":"https:\/\/secure.gravatar.com\/avatar\/5964256d6c6957de3a3505278957e0fb2a35119ac47ea41827a65301213c810b?s=96&d=mm&r=g","contentUrl":"https:\/\/secure.gravatar.com\/avatar\/5964256d6c6957de3a3505278957e0fb2a35119ac47ea41827a65301213c810b?s=96&d=mm&r=g","caption":"Jacqueline ROTEN"}}]}},"_links":{"self":[{"href":"https:\/\/www.iemj.org\/de\/wp-json\/wp\/v2\/posts\/88652","targetHints":{"allow":["GET"]}}],"collection":[{"href":"https:\/\/www.iemj.org\/de\/wp-json\/wp\/v2\/posts"}],"about":[{"href":"https:\/\/www.iemj.org\/de\/wp-json\/wp\/v2\/types\/post"}],"author":[{"embeddable":true,"href":"https:\/\/www.iemj.org\/de\/wp-json\/wp\/v2\/users\/5"}],"replies":[{"embeddable":true,"href":"https:\/\/www.iemj.org\/de\/wp-json\/wp\/v2\/comments?post=88652"}],"version-history":[{"count":0,"href":"https:\/\/www.iemj.org\/de\/wp-json\/wp\/v2\/posts\/88652\/revisions"}],"wp:featuredmedia":[{"embeddable":true,"href":"https:\/\/www.iemj.org\/de\/wp-json\/wp\/v2\/media\/69305"}],"wp:attachment":[{"href":"https:\/\/www.iemj.org\/de\/wp-json\/wp\/v2\/media?parent=88652"}],"wp:term":[{"taxonomy":"category","embeddable":true,"href":"https:\/\/www.iemj.org\/de\/wp-json\/wp\/v2\/categories?post=88652"},{"taxonomy":"post_tag","embeddable":true,"href":"https:\/\/www.iemj.org\/de\/wp-json\/wp\/v2\/tags?post=88652"},{"taxonomy":"technique","embeddable":true,"href":"https:\/\/www.iemj.org\/de\/wp-json\/wp\/v2\/technique?post=88652"},{"taxonomy":"squelettes","embeddable":true,"href":"https:\/\/www.iemj.org\/de\/wp-json\/wp\/v2\/squelettes?post=88652"},{"taxonomy":"sujet","embeddable":true,"href":"https:\/\/www.iemj.org\/de\/wp-json\/wp\/v2\/sujet?post=88652"},{"taxonomy":"formation","embeddable":true,"href":"https:\/\/www.iemj.org\/de\/wp-json\/wp\/v2\/formation?post=88652"},{"taxonomy":"genre","embeddable":true,"href":"https:\/\/www.iemj.org\/de\/wp-json\/wp\/v2\/genre?post=88652"},{"taxonomy":"fonds","embeddable":true,"href":"https:\/\/www.iemj.org\/de\/wp-json\/wp\/v2\/fonds?post=88652"},{"taxonomy":"tradition","embeddable":true,"href":"https:\/\/www.iemj.org\/de\/wp-json\/wp\/v2\/tradition?post=88652"},{"taxonomy":"type-de-contenu","embeddable":true,"href":"https:\/\/www.iemj.org\/de\/wp-json\/wp\/v2\/type-de-contenu?post=88652"},{"taxonomy":"interprete-compositeur","embeddable":true,"href":"https:\/\/www.iemj.org\/de\/wp-json\/wp\/v2\/interprete-compositeur?post=88652"},{"taxonomy":"frise","embeddable":true,"href":"https:\/\/www.iemj.org\/de\/wp-json\/wp\/v2\/frise?post=88652"},{"taxonomy":"type-devenement","embeddable":true,"href":"https:\/\/www.iemj.org\/de\/wp-json\/wp\/v2\/type-devenement?post=88652"},{"taxonomy":"tableaux-liens-externes","embeddable":true,"href":"https:\/\/www.iemj.org\/de\/wp-json\/wp\/v2\/tableaux-liens-externes?post=88652"}],"curies":[{"name":"wp","href":"https:\/\/api.w.org\/{rel}","templated":true}]}}