{"id":88753,"date":"2014-10-23T16:47:24","date_gmt":"2014-10-23T14:47:24","guid":{"rendered":"https:\/\/www.iemj.org\/zadoc-kahn-genevieve-1914-2001\/"},"modified":"2022-10-10T16:57:25","modified_gmt":"2022-10-10T14:57:25","slug":"zadoc-kahn-genevieve-1914-2001","status":"publish","type":"post","link":"https:\/\/www.iemj.org\/de\/zadoc-kahn-genevieve-1914-2001\/","title":{"rendered":"Zadoc-Kahn, Genevi\u00e8ve (1914-2001)"},"content":{"rendered":"<p>Genevi\u00e8ve Zadoc-Kahn war eine Enkelin von Oberrabbiner Zadoc Kahn und eine Urenkelin von Oberrabbiner Salomon Ulmann. Ihre Jugend blieb nicht von Pr\u00fcfungen verschont: Sie wurde mit f\u00fcnf Jahren vaterlos, verlor 1940 einen geliebten Bruder, der an der Front fiel, und sp\u00e4ter viele Verwandte und Freunde, die bei der Deportation ums Leben kamen. Dennoch hinterlie\u00df sie, unterst\u00fctzt von einer gro\u00dfen und liebevollen Familie und ihrer eigenen Charakterst\u00e4rke, bei allen, die ihr nahestanden, die bleibende Erinnerung an eine humorvolle, positive, dynamische und gro\u00dfz\u00fcgige Person.<\/p>\n<p>Genevi\u00e8ve Zadoc-Kahn studierte am Pariser Konservatorium, unter anderem bei einem ihrer Cousins, dem Komponisten Maurice Franck (1897-1983). In den 1950er Jahren zog sie mit ihrer 1973 verstorbenen Mutter nach Boulogne-Billancourt, wo sie viele Jahre als Klavier- und Musiklehrerin t\u00e4tig war. 1984 nahm sie ihre Arbeit an den Schulen von Boulogne-Billancourt wieder auf, um mit den Sch\u00fclern f\u00fcr die Schaffung der Kinderoper <em>La Sorci\u00e8re du placard aux balais<\/em> (<em>Die Hexe in der Besenkammer)<\/em> von Marcel Landowski zu proben.<\/p>\n<p>Sie war auch fast 40 Jahre lang die Regisseurin der\u00a0<a href=\"https:\/\/www.iemj.org\/les-musigrains-une-institution-pedagogique-et-musicale-1939-1986\/\">Musigrains<\/a>, kommentierter p\u00e4dagogischer Konzerte, die von Germaine Arbeau-Bonnefoy gegr\u00fcndet und lange Zeit pr\u00e4sentiert wurden und von 1949 bis 1978 im Th\u00e9\u00e2tre des Champs-\u00c9lys\u00e9es untergebracht waren. Die Musigrains haben Zehntausenden von jungen angehenden Musikliebhabern die M\u00f6glichkeit gegeben, Konzerte mit zahlreichen hochkar\u00e4tigen Interpreten zu besuchen. Sie arbeitete dort bis zu ihrer Einstellung im Jahr 1986.<\/p>\n<p>Als engagierte Sozialistin, die an Wahltagen h\u00e4ufig als Beisitzerin fungierte, engagierte sie sich auch in der Liga f\u00fcr Menschenrechte, deren Vorsitzende der Boulogne-Billancourt-Sektion sie bis zu ihrem Lebensende war.<\/p>\n","protected":false},"excerpt":{"rendered":"<p>Genevi\u00e8ve Zadoc-Kahn war eine Enkelin von Oberrabbiner Zadoc Kahn und eine Urenkelin von Oberrabbiner Salomon Ulmann. Ihre Jugend blieb nicht von Pr\u00fcfungen verschont: Sie wurde mit f\u00fcnf Jahren vaterlos, verlor<\/p>\n","protected":false},"author":1045,"featured_media":53601,"comment_status":"closed","ping_status":"closed","sticky":false,"template":"","format":"standard","meta":{"_acf_changed":false,"footnotes":""},"categories":[1415],"tags":[],"technique":[],"squelettes":[],"sujet":[1822],"formation":[],"genre":[],"fonds":[],"tradition":[],"type-de-contenu":[],"interprete-compositeur":[],"frise":[],"type-devenement":[],"tableaux-liens-externes":[],"class_list":["post-88753","post","type-post","status-publish","format-standard","has-post-thumbnail","hentry","category-biografien-de","sujet-frankreich-de"],"acf":[],"yoast_head":"<!-- This site is optimized with the Yoast SEO plugin v27.3 - https:\/\/yoast.com\/product\/yoast-seo-wordpress\/ -->\n<title>Zadoc-Kahn, Genevi\u00e8ve (1914-2001) - Institut Europ\u00e9en des Musiques Juives<\/title>\n<meta name=\"robots\" content=\"index, follow, max-snippet:-1, max-image-preview:large, max-video-preview:-1\" \/>\n<link rel=\"canonical\" href=\"https:\/\/www.iemj.org\/de\/zadoc-kahn-genevieve-1914-2001\/\" \/>\n<meta property=\"og:locale\" content=\"de_DE\" \/>\n<meta property=\"og:type\" content=\"article\" \/>\n<meta property=\"og:title\" content=\"Zadoc-Kahn, Genevi\u00e8ve (1914-2001) - Institut Europ\u00e9en des Musiques Juives\" \/>\n<meta property=\"og:description\" content=\"Genevi\u00e8ve Zadoc-Kahn war eine Enkelin von Oberrabbiner Zadoc Kahn und eine Urenkelin von Oberrabbiner Salomon Ulmann. Ihre Jugend blieb nicht von Pr\u00fcfungen verschont: Sie wurde mit f\u00fcnf Jahren vaterlos, verlor\" \/>\n<meta property=\"og:url\" content=\"https:\/\/www.iemj.org\/de\/zadoc-kahn-genevieve-1914-2001\/\" \/>\n<meta property=\"og:site_name\" content=\"Institut Europ\u00e9en des Musiques Juives\" \/>\n<meta property=\"article:publisher\" content=\"https:\/\/www.facebook.com\/MusiquesJuives\/\" \/>\n<meta property=\"article:published_time\" content=\"2014-10-23T14:47:24+00:00\" \/>\n<meta property=\"article:modified_time\" content=\"2022-10-10T14:57:25+00:00\" \/>\n<meta property=\"og:image\" content=\"https:\/\/www.iemj.org\/wp-content\/uploads\/2014\/10\/logo-bio-Genevieve-ZADOC-KAHN-e1625476872243.jpg\" \/>\n\t<meta property=\"og:image:width\" content=\"175\" \/>\n\t<meta property=\"og:image:height\" content=\"218\" \/>\n\t<meta property=\"og:image:type\" content=\"image\/jpeg\" \/>\n<meta name=\"author\" content=\"Herv\u00e9 Roten\" \/>\n<meta name=\"twitter:card\" content=\"summary_large_image\" \/>\n<meta name=\"twitter:label1\" content=\"Verfasst von\" \/>\n\t<meta name=\"twitter:data1\" content=\"Herv\u00e9 Roten\" \/>\n\t<meta name=\"twitter:label2\" content=\"Gesch\u00e4tzte Lesezeit\" \/>\n\t<meta name=\"twitter:data2\" content=\"2\u00a0Minuten\" \/>\n<script type=\"application\/ld+json\" class=\"yoast-schema-graph\">{\"@context\":\"https:\\\/\\\/schema.org\",\"@graph\":[{\"@type\":\"Article\",\"@id\":\"https:\\\/\\\/www.iemj.org\\\/de\\\/zadoc-kahn-genevieve-1914-2001\\\/#article\",\"isPartOf\":{\"@id\":\"https:\\\/\\\/www.iemj.org\\\/de\\\/zadoc-kahn-genevieve-1914-2001\\\/\"},\"author\":{\"name\":\"Herv\u00e9 Roten\",\"@id\":\"https:\\\/\\\/www.iemj.org\\\/de\\\/#\\\/schema\\\/person\\\/906134402c29d5c76e7b726261dd4bbd\"},\"headline\":\"Zadoc-Kahn, Genevi\u00e8ve (1914-2001)\",\"datePublished\":\"2014-10-23T14:47:24+00:00\",\"dateModified\":\"2022-10-10T14:57:25+00:00\",\"mainEntityOfPage\":{\"@id\":\"https:\\\/\\\/www.iemj.org\\\/de\\\/zadoc-kahn-genevieve-1914-2001\\\/\"},\"wordCount\":272,\"publisher\":{\"@id\":\"https:\\\/\\\/www.iemj.org\\\/de\\\/#organization\"},\"image\":{\"@id\":\"https:\\\/\\\/www.iemj.org\\\/de\\\/zadoc-kahn-genevieve-1914-2001\\\/#primaryimage\"},\"thumbnailUrl\":\"https:\\\/\\\/www.iemj.org\\\/wp-content\\\/uploads\\\/2014\\\/10\\\/logo-bio-Genevieve-ZADOC-KAHN-e1625476872243.jpg\",\"articleSection\":[\"Biografien\"],\"inLanguage\":\"de\"},{\"@type\":\"WebPage\",\"@id\":\"https:\\\/\\\/www.iemj.org\\\/de\\\/zadoc-kahn-genevieve-1914-2001\\\/\",\"url\":\"https:\\\/\\\/www.iemj.org\\\/de\\\/zadoc-kahn-genevieve-1914-2001\\\/\",\"name\":\"Zadoc-Kahn, Genevi\u00e8ve (1914-2001) - Institut Europ\u00e9en des Musiques Juives\",\"isPartOf\":{\"@id\":\"https:\\\/\\\/www.iemj.org\\\/de\\\/#website\"},\"primaryImageOfPage\":{\"@id\":\"https:\\\/\\\/www.iemj.org\\\/de\\\/zadoc-kahn-genevieve-1914-2001\\\/#primaryimage\"},\"image\":{\"@id\":\"https:\\\/\\\/www.iemj.org\\\/de\\\/zadoc-kahn-genevieve-1914-2001\\\/#primaryimage\"},\"thumbnailUrl\":\"https:\\\/\\\/www.iemj.org\\\/wp-content\\\/uploads\\\/2014\\\/10\\\/logo-bio-Genevieve-ZADOC-KAHN-e1625476872243.jpg\",\"datePublished\":\"2014-10-23T14:47:24+00:00\",\"dateModified\":\"2022-10-10T14:57:25+00:00\",\"breadcrumb\":{\"@id\":\"https:\\\/\\\/www.iemj.org\\\/de\\\/zadoc-kahn-genevieve-1914-2001\\\/#breadcrumb\"},\"inLanguage\":\"de\",\"potentialAction\":[{\"@type\":\"ReadAction\",\"target\":[\"https:\\\/\\\/www.iemj.org\\\/de\\\/zadoc-kahn-genevieve-1914-2001\\\/\"]}]},{\"@type\":\"ImageObject\",\"inLanguage\":\"de\",\"@id\":\"https:\\\/\\\/www.iemj.org\\\/de\\\/zadoc-kahn-genevieve-1914-2001\\\/#primaryimage\",\"url\":\"https:\\\/\\\/www.iemj.org\\\/wp-content\\\/uploads\\\/2014\\\/10\\\/logo-bio-Genevieve-ZADOC-KAHN-e1625476872243.jpg\",\"contentUrl\":\"https:\\\/\\\/www.iemj.org\\\/wp-content\\\/uploads\\\/2014\\\/10\\\/logo-bio-Genevieve-ZADOC-KAHN-e1625476872243.jpg\",\"width\":175,\"height\":218},{\"@type\":\"BreadcrumbList\",\"@id\":\"https:\\\/\\\/www.iemj.org\\\/de\\\/zadoc-kahn-genevieve-1914-2001\\\/#breadcrumb\",\"itemListElement\":[{\"@type\":\"ListItem\",\"position\":1,\"name\":\"Accueil\",\"item\":\"https:\\\/\\\/www.iemj.org\\\/de\\\/\"},{\"@type\":\"ListItem\",\"position\":2,\"name\":\"Zadoc-Kahn, Genevi\u00e8ve (1914-2001)\"}]},{\"@type\":\"WebSite\",\"@id\":\"https:\\\/\\\/www.iemj.org\\\/de\\\/#website\",\"url\":\"https:\\\/\\\/www.iemj.org\\\/de\\\/\",\"name\":\"Institut Europ\u00e9en des Musiques Juives\",\"description\":\"Des traditions musicales \u00e0 la port\u00e9e de tous\",\"publisher\":{\"@id\":\"https:\\\/\\\/www.iemj.org\\\/de\\\/#organization\"},\"potentialAction\":[{\"@type\":\"SearchAction\",\"target\":{\"@type\":\"EntryPoint\",\"urlTemplate\":\"https:\\\/\\\/www.iemj.org\\\/de\\\/?s={search_term_string}\"},\"query-input\":{\"@type\":\"PropertyValueSpecification\",\"valueRequired\":true,\"valueName\":\"search_term_string\"}}],\"inLanguage\":\"de\"},{\"@type\":\"Organization\",\"@id\":\"https:\\\/\\\/www.iemj.org\\\/de\\\/#organization\",\"name\":\"Institut Europ\u00e9en des Musiques Juives\",\"url\":\"https:\\\/\\\/www.iemj.org\\\/de\\\/\",\"logo\":{\"@type\":\"ImageObject\",\"inLanguage\":\"de\",\"@id\":\"https:\\\/\\\/www.iemj.org\\\/de\\\/#\\\/schema\\\/logo\\\/image\\\/\",\"url\":\"https:\\\/\\\/www.iemj.org\\\/wp-content\\\/uploads\\\/2021\\\/09\\\/Logo-IEMJ-Paypal.jpg\",\"contentUrl\":\"https:\\\/\\\/www.iemj.org\\\/wp-content\\\/uploads\\\/2021\\\/09\\\/Logo-IEMJ-Paypal.jpg\",\"width\":150,\"height\":50,\"caption\":\"Institut Europ\u00e9en des Musiques Juives\"},\"image\":{\"@id\":\"https:\\\/\\\/www.iemj.org\\\/de\\\/#\\\/schema\\\/logo\\\/image\\\/\"},\"sameAs\":[\"https:\\\/\\\/www.facebook.com\\\/MusiquesJuives\\\/\",\"https:\\\/\\\/www.instagram.com\\\/musiquesjuives\\\/\",\"https:\\\/\\\/www.youtube.com\\\/user\\\/musiquesjuives\"]},{\"@type\":\"Person\",\"@id\":\"https:\\\/\\\/www.iemj.org\\\/de\\\/#\\\/schema\\\/person\\\/906134402c29d5c76e7b726261dd4bbd\",\"name\":\"Herv\u00e9 Roten\",\"image\":{\"@type\":\"ImageObject\",\"inLanguage\":\"de\",\"@id\":\"https:\\\/\\\/secure.gravatar.com\\\/avatar\\\/f96ad2db538a26481f18384936b5cd0610c92d390c4dc382209216d455f685ff?s=96&d=mm&r=g\",\"url\":\"https:\\\/\\\/secure.gravatar.com\\\/avatar\\\/f96ad2db538a26481f18384936b5cd0610c92d390c4dc382209216d455f685ff?s=96&d=mm&r=g\",\"contentUrl\":\"https:\\\/\\\/secure.gravatar.com\\\/avatar\\\/f96ad2db538a26481f18384936b5cd0610c92d390c4dc382209216d455f685ff?s=96&d=mm&r=g\",\"caption\":\"Herv\u00e9 Roten\"}}]}<\/script>\n<!-- \/ Yoast SEO plugin. -->","yoast_head_json":{"title":"Zadoc-Kahn, Genevi\u00e8ve (1914-2001) - Institut Europ\u00e9en des Musiques Juives","robots":{"index":"index","follow":"follow","max-snippet":"max-snippet:-1","max-image-preview":"max-image-preview:large","max-video-preview":"max-video-preview:-1"},"canonical":"https:\/\/www.iemj.org\/de\/zadoc-kahn-genevieve-1914-2001\/","og_locale":"de_DE","og_type":"article","og_title":"Zadoc-Kahn, Genevi\u00e8ve (1914-2001) - Institut Europ\u00e9en des Musiques Juives","og_description":"Genevi\u00e8ve Zadoc-Kahn war eine Enkelin von Oberrabbiner Zadoc Kahn und eine Urenkelin von Oberrabbiner Salomon Ulmann. Ihre Jugend blieb nicht von Pr\u00fcfungen verschont: Sie wurde mit f\u00fcnf Jahren vaterlos, verlor","og_url":"https:\/\/www.iemj.org\/de\/zadoc-kahn-genevieve-1914-2001\/","og_site_name":"Institut Europ\u00e9en des Musiques Juives","article_publisher":"https:\/\/www.facebook.com\/MusiquesJuives\/","article_published_time":"2014-10-23T14:47:24+00:00","article_modified_time":"2022-10-10T14:57:25+00:00","og_image":[{"width":175,"height":218,"url":"https:\/\/www.iemj.org\/wp-content\/uploads\/2014\/10\/logo-bio-Genevieve-ZADOC-KAHN-e1625476872243.jpg","type":"image\/jpeg"}],"author":"Herv\u00e9 Roten","twitter_card":"summary_large_image","twitter_misc":{"Verfasst von":"Herv\u00e9 Roten","Gesch\u00e4tzte Lesezeit":"2\u00a0Minuten"},"schema":{"@context":"https:\/\/schema.org","@graph":[{"@type":"Article","@id":"https:\/\/www.iemj.org\/de\/zadoc-kahn-genevieve-1914-2001\/#article","isPartOf":{"@id":"https:\/\/www.iemj.org\/de\/zadoc-kahn-genevieve-1914-2001\/"},"author":{"name":"Herv\u00e9 Roten","@id":"https:\/\/www.iemj.org\/de\/#\/schema\/person\/906134402c29d5c76e7b726261dd4bbd"},"headline":"Zadoc-Kahn, Genevi\u00e8ve (1914-2001)","datePublished":"2014-10-23T14:47:24+00:00","dateModified":"2022-10-10T14:57:25+00:00","mainEntityOfPage":{"@id":"https:\/\/www.iemj.org\/de\/zadoc-kahn-genevieve-1914-2001\/"},"wordCount":272,"publisher":{"@id":"https:\/\/www.iemj.org\/de\/#organization"},"image":{"@id":"https:\/\/www.iemj.org\/de\/zadoc-kahn-genevieve-1914-2001\/#primaryimage"},"thumbnailUrl":"https:\/\/www.iemj.org\/wp-content\/uploads\/2014\/10\/logo-bio-Genevieve-ZADOC-KAHN-e1625476872243.jpg","articleSection":["Biografien"],"inLanguage":"de"},{"@type":"WebPage","@id":"https:\/\/www.iemj.org\/de\/zadoc-kahn-genevieve-1914-2001\/","url":"https:\/\/www.iemj.org\/de\/zadoc-kahn-genevieve-1914-2001\/","name":"Zadoc-Kahn, Genevi\u00e8ve (1914-2001) - Institut Europ\u00e9en des Musiques Juives","isPartOf":{"@id":"https:\/\/www.iemj.org\/de\/#website"},"primaryImageOfPage":{"@id":"https:\/\/www.iemj.org\/de\/zadoc-kahn-genevieve-1914-2001\/#primaryimage"},"image":{"@id":"https:\/\/www.iemj.org\/de\/zadoc-kahn-genevieve-1914-2001\/#primaryimage"},"thumbnailUrl":"https:\/\/www.iemj.org\/wp-content\/uploads\/2014\/10\/logo-bio-Genevieve-ZADOC-KAHN-e1625476872243.jpg","datePublished":"2014-10-23T14:47:24+00:00","dateModified":"2022-10-10T14:57:25+00:00","breadcrumb":{"@id":"https:\/\/www.iemj.org\/de\/zadoc-kahn-genevieve-1914-2001\/#breadcrumb"},"inLanguage":"de","potentialAction":[{"@type":"ReadAction","target":["https:\/\/www.iemj.org\/de\/zadoc-kahn-genevieve-1914-2001\/"]}]},{"@type":"ImageObject","inLanguage":"de","@id":"https:\/\/www.iemj.org\/de\/zadoc-kahn-genevieve-1914-2001\/#primaryimage","url":"https:\/\/www.iemj.org\/wp-content\/uploads\/2014\/10\/logo-bio-Genevieve-ZADOC-KAHN-e1625476872243.jpg","contentUrl":"https:\/\/www.iemj.org\/wp-content\/uploads\/2014\/10\/logo-bio-Genevieve-ZADOC-KAHN-e1625476872243.jpg","width":175,"height":218},{"@type":"BreadcrumbList","@id":"https:\/\/www.iemj.org\/de\/zadoc-kahn-genevieve-1914-2001\/#breadcrumb","itemListElement":[{"@type":"ListItem","position":1,"name":"Accueil","item":"https:\/\/www.iemj.org\/de\/"},{"@type":"ListItem","position":2,"name":"Zadoc-Kahn, Genevi\u00e8ve (1914-2001)"}]},{"@type":"WebSite","@id":"https:\/\/www.iemj.org\/de\/#website","url":"https:\/\/www.iemj.org\/de\/","name":"Institut Europ\u00e9en des Musiques Juives","description":"Des traditions musicales \u00e0 la port\u00e9e de tous","publisher":{"@id":"https:\/\/www.iemj.org\/de\/#organization"},"potentialAction":[{"@type":"SearchAction","target":{"@type":"EntryPoint","urlTemplate":"https:\/\/www.iemj.org\/de\/?s={search_term_string}"},"query-input":{"@type":"PropertyValueSpecification","valueRequired":true,"valueName":"search_term_string"}}],"inLanguage":"de"},{"@type":"Organization","@id":"https:\/\/www.iemj.org\/de\/#organization","name":"Institut Europ\u00e9en des Musiques Juives","url":"https:\/\/www.iemj.org\/de\/","logo":{"@type":"ImageObject","inLanguage":"de","@id":"https:\/\/www.iemj.org\/de\/#\/schema\/logo\/image\/","url":"https:\/\/www.iemj.org\/wp-content\/uploads\/2021\/09\/Logo-IEMJ-Paypal.jpg","contentUrl":"https:\/\/www.iemj.org\/wp-content\/uploads\/2021\/09\/Logo-IEMJ-Paypal.jpg","width":150,"height":50,"caption":"Institut Europ\u00e9en des Musiques Juives"},"image":{"@id":"https:\/\/www.iemj.org\/de\/#\/schema\/logo\/image\/"},"sameAs":["https:\/\/www.facebook.com\/MusiquesJuives\/","https:\/\/www.instagram.com\/musiquesjuives\/","https:\/\/www.youtube.com\/user\/musiquesjuives"]},{"@type":"Person","@id":"https:\/\/www.iemj.org\/de\/#\/schema\/person\/906134402c29d5c76e7b726261dd4bbd","name":"Herv\u00e9 Roten","image":{"@type":"ImageObject","inLanguage":"de","@id":"https:\/\/secure.gravatar.com\/avatar\/f96ad2db538a26481f18384936b5cd0610c92d390c4dc382209216d455f685ff?s=96&d=mm&r=g","url":"https:\/\/secure.gravatar.com\/avatar\/f96ad2db538a26481f18384936b5cd0610c92d390c4dc382209216d455f685ff?s=96&d=mm&r=g","contentUrl":"https:\/\/secure.gravatar.com\/avatar\/f96ad2db538a26481f18384936b5cd0610c92d390c4dc382209216d455f685ff?s=96&d=mm&r=g","caption":"Herv\u00e9 Roten"}}]}},"_links":{"self":[{"href":"https:\/\/www.iemj.org\/de\/wp-json\/wp\/v2\/posts\/88753","targetHints":{"allow":["GET"]}}],"collection":[{"href":"https:\/\/www.iemj.org\/de\/wp-json\/wp\/v2\/posts"}],"about":[{"href":"https:\/\/www.iemj.org\/de\/wp-json\/wp\/v2\/types\/post"}],"author":[{"embeddable":true,"href":"https:\/\/www.iemj.org\/de\/wp-json\/wp\/v2\/users\/1045"}],"replies":[{"embeddable":true,"href":"https:\/\/www.iemj.org\/de\/wp-json\/wp\/v2\/comments?post=88753"}],"version-history":[{"count":0,"href":"https:\/\/www.iemj.org\/de\/wp-json\/wp\/v2\/posts\/88753\/revisions"}],"wp:featuredmedia":[{"embeddable":true,"href":"https:\/\/www.iemj.org\/de\/wp-json\/wp\/v2\/media\/53601"}],"wp:attachment":[{"href":"https:\/\/www.iemj.org\/de\/wp-json\/wp\/v2\/media?parent=88753"}],"wp:term":[{"taxonomy":"category","embeddable":true,"href":"https:\/\/www.iemj.org\/de\/wp-json\/wp\/v2\/categories?post=88753"},{"taxonomy":"post_tag","embeddable":true,"href":"https:\/\/www.iemj.org\/de\/wp-json\/wp\/v2\/tags?post=88753"},{"taxonomy":"technique","embeddable":true,"href":"https:\/\/www.iemj.org\/de\/wp-json\/wp\/v2\/technique?post=88753"},{"taxonomy":"squelettes","embeddable":true,"href":"https:\/\/www.iemj.org\/de\/wp-json\/wp\/v2\/squelettes?post=88753"},{"taxonomy":"sujet","embeddable":true,"href":"https:\/\/www.iemj.org\/de\/wp-json\/wp\/v2\/sujet?post=88753"},{"taxonomy":"formation","embeddable":true,"href":"https:\/\/www.iemj.org\/de\/wp-json\/wp\/v2\/formation?post=88753"},{"taxonomy":"genre","embeddable":true,"href":"https:\/\/www.iemj.org\/de\/wp-json\/wp\/v2\/genre?post=88753"},{"taxonomy":"fonds","embeddable":true,"href":"https:\/\/www.iemj.org\/de\/wp-json\/wp\/v2\/fonds?post=88753"},{"taxonomy":"tradition","embeddable":true,"href":"https:\/\/www.iemj.org\/de\/wp-json\/wp\/v2\/tradition?post=88753"},{"taxonomy":"type-de-contenu","embeddable":true,"href":"https:\/\/www.iemj.org\/de\/wp-json\/wp\/v2\/type-de-contenu?post=88753"},{"taxonomy":"interprete-compositeur","embeddable":true,"href":"https:\/\/www.iemj.org\/de\/wp-json\/wp\/v2\/interprete-compositeur?post=88753"},{"taxonomy":"frise","embeddable":true,"href":"https:\/\/www.iemj.org\/de\/wp-json\/wp\/v2\/frise?post=88753"},{"taxonomy":"type-devenement","embeddable":true,"href":"https:\/\/www.iemj.org\/de\/wp-json\/wp\/v2\/type-devenement?post=88753"},{"taxonomy":"tableaux-liens-externes","embeddable":true,"href":"https:\/\/www.iemj.org\/de\/wp-json\/wp\/v2\/tableaux-liens-externes?post=88753"}],"curies":[{"name":"wp","href":"https:\/\/api.w.org\/{rel}","templated":true}]}}