{"id":88846,"date":"2018-03-13T14:28:30","date_gmt":"2018-03-13T13:28:30","guid":{"rendered":"https:\/\/www.iemj.org\/messia-danielle-1956-1985\/"},"modified":"2025-09-08T17:26:17","modified_gmt":"2025-09-08T15:26:17","slug":"messia-danielle-1956-1985","status":"publish","type":"post","link":"https:\/\/www.iemj.org\/de\/messia-danielle-1956-1985\/","title":{"rendered":"Messia, Danielle (1956-1985)"},"content":{"rendered":"<p>Danielle Messia geb. Mashiah, geboren am 27. Oktober 1956 in Tel Aviv-Jaffa in Israel, war eine S\u00e4ngerin und Liedermacherin. 1958 war sie 3 Jahre alt, als ihre Eltern in der Region Paris in Frankreich sich niederlie\u00dfen. Danielle wurde mit ihrer Schwester C\u00e9cile erzogen. Ihr Vater verlie\u00df 1960 den Haushalt und zog in die USA, ohne eine Adresse zu hinterlassen.<\/p>\n<p>Anfang der 70er Jahren war sie Teil der Folkgruppe \u201eGrattons Labeur\u201c, die im Orl\u00e9anais und in zahlreichen Kabarettcaf\u00e9s der Bretagne mit G\u00e9rard Blanchard tourte. Danielle besuchte gleichzeitig Geschichtskurse an der Universit\u00e4t von Orl\u00e9ans. Die Gruppe ver\u00f6ffentlichte 1970 eine Schallplatte, Le Bal des sorciers, die unter Morice Benins Label ABA vertrieben wurde.<\/p>\n<p>Sp\u00e4ter startete sie eine Solokarriere und erkundete mit ihrer Gitarre \u00d6sterreich, Rum\u00e4nien und Italien.<\/p>\n<p><img fetchpriority=\"high\" decoding=\"async\" class=\"size-full wp-image-16556 alignright\" src=\"https:\/\/www.iemj.org\/wp-content\/uploads\/2018\/03\/doc_messia_2_500px.jpg\" alt=\"doc_messia_2_500px.jpg\" width=\"400\" height=\"244\" align=\"middle\" srcset=\"https:\/\/www.iemj.org\/wp-content\/uploads\/2018\/03\/doc_messia_2_500px.jpg 400w, https:\/\/www.iemj.org\/wp-content\/uploads\/2018\/03\/doc_messia_2_500px-300x183.jpg 300w\" sizes=\"(max-width: 400px) 100vw, 400px\" \/><\/p>\n<p>Als sie Ende 1978 nach Paris zur\u00fcckkehrte, wohnte sie in der Stra\u00dfe de Paradis in einem kleinen Dienstm\u00e4dchenzimmer. Sie sang auf der Stra\u00dfe, in der U-Bahn und in Jugend- und Kulturh\u00e4usern.<\/p>\n<p>Ende 1978 wurde sie f\u00fcr die Jahresendfeierlichkeiten im \u00c9cume engagiert, wo sie eine entscheidende Begegnung mit <strong>Eddy Schaff<\/strong> hatte, der ihre Stimme f\u00fcr eine Aufnahme trainierte. Sp\u00e4ter sagte sie: \u201eEr hat mir das Singen beigebracht, mir den Steigb\u00fcgel gehalten und mir Selbstvertrauen gegeben\u201c.<\/p>\n<p><strong>Jean Lavigne <\/strong>nahm mit ihr ihre erste Platte auf, die in einer Auflage von 1.000 St\u00fcck erschien, aber nie ver\u00f6ffentlicht wurde. Daraufhin lud sie 200 Pers\u00f6nlichkeiten aus dem Showbusiness ein, aber es kamen nur zwei Journalisten, <strong>Jacques Vassal<\/strong> und <strong>Maurice Marouani<\/strong>, die sie bei der Plattenfirma Barclay meldeten.<\/p>\n<p>Ihr erstes Album <em>Il fait soleil<\/em> wurde erst 1981 ver\u00f6ffentlicht. Ihr zweites Album <em>De la main gauche<\/em> erschien im Jahr darauf und im selben Jahr schloss sie sich ihrer Schwester C\u00e9cile an, die in Kalifornien lebte. Im Oktober 1982 trat sie im Rahmen der \u201eOlympiades de la Chanson\u201c im Olympia auf.<\/p>\n<p>1984 verlie\u00df sie Barclay und unterschrieb bei Wea ihr drittes Album<em> Carnaval<\/em> von 1985. Sie trat beim Printemps de Bourges und beim Festival \u00c9quinoxe in der Bretagne auf.<\/p>\n<p>1985 holte sie der Krebs ein und sie erlag einer Leuk\u00e4mieerkrankung, die sie seit 1983 behandelt hatte. Sie starb am 13. Juni 1985.<\/p>\n<p>Ein Jahr sp\u00e4ter beschlossen Danielles Freunde G\u00e9rard Classe und Georges Nawrocki, das Erinnerungsalbum <em>Les Mots<\/em> mit nie ver\u00f6ffentlichten Liedern aus dem Album von 1979 und Studiovorlagen zu ver\u00f6ffentlichen. Dieses Album erhielt den gro\u00dfen Preis \u201ein Memoriam\u201c der Acad\u00e9mie Charles Cros.<\/p>\n<p><img decoding=\"async\" class=\" aligncenter size-full wp-image-16558\" src=\"https:\/\/www.iemj.org\/wp-content\/uploads\/2018\/03\/doc_1_messia_500px.jpg\" alt=\"doc_1_messia_500px.jpg\" width=\"600\" height=\"296\" align=\"middle\" srcset=\"https:\/\/www.iemj.org\/wp-content\/uploads\/2018\/03\/doc_1_messia_500px.jpg 600w, https:\/\/www.iemj.org\/wp-content\/uploads\/2018\/03\/doc_1_messia_500px-300x148.jpg 300w\" sizes=\"(max-width: 600px) 100vw, 600px\" \/><br \/>Danielle Messia pr\u00e4gte die 80er Jahre mit ihren Zeuge-Liedern (<em>Grand-m\u00e8re ghetto<\/em>), vorausschauenden Liedern (<em>Le Paradis des musiciens<\/em>), intimen Bildern (<em>De la main gauche<\/em>)&#8230; Diese Sternschnuppenreise wurde von Eddy Schaaf begleitet, einem Musiker, den man an der Seite von Allain Leprest oder Jacques Yvart geh\u00f6rt hat.<\/p>\n<p><strong>Jean-Jacques Goldman<\/strong>\u00a0widmete ihr sein Lied <em>Famille<\/em>, er schrieb auch f\u00fcr sie die Musik des Lieds <em>Le temps des enfants<\/em>.<\/p>\n<p><strong>Quellen:<\/strong><br \/>&#8211; <a href=\"https:\/\/fr.wikipedia.org\/wiki\/Danielle_Messia\" target=\"_blank\" rel=\"noopener\">https:\/\/fr.wikipedia.org\/wiki\/Danielle_Messia<\/a><br \/>&#8211; <a href=\"http:\/\/les-mots-de-danielle-messia.over-blog.com\/\" target=\"_blank\" rel=\"noopener\">http:\/\/lesmotsdedaniellemessia.overblog.com\/<\/a><br \/>&#8211; <a href=\"http:\/\/anitta59.blogspot.fr\/2005\/12\/elle-sappelait-danielle-messia.html\" target=\"_blank\" rel=\"noopener\">http:\/\/anitta59.blogspot.fr\/2005\/12\/elle-sappelait-danielle-messia.html<\/a><\/p>\n<p><a href=\"https:\/\/www.discogs.com\/fr\/artist\/588406-Danielle-Messia\" target=\"_blank\" rel=\"noopener\">Sehen Sie sich ihre Diskografie an<\/a><\/p>\n<p><a href=\"http:\/\/www.rachelnet.net\/F\/?func=find-c&amp;ccl_term=WRD+%3D+Danielle+Messia&amp;local_base=iemcg\" target=\"_blank\" rel=\"noopener\">Sehen Sie sich unser Archiv zu Danielle Messia an<\/a><\/p>\n\n\n<figure class=\"wp-block-embed is-type-video is-provider-youtube wp-block-embed-youtube wp-embed-aspect-4-3 wp-has-aspect-ratio\"><div class=\"wp-block-embed__wrapper\">\n<iframe title=\"J&#039;vais m&#039;faire belle - Danielle Messia\" width=\"640\" height=\"480\" src=\"https:\/\/www.youtube.com\/embed\/_9YG5G4FBxs?feature=oembed\" frameborder=\"0\" allow=\"accelerometer; autoplay; clipboard-write; encrypted-media; gyroscope; picture-in-picture; web-share\" referrerpolicy=\"strict-origin-when-cross-origin\" allowfullscreen><\/iframe>\n<\/div><\/figure>\n\n\n\n<h2 class=\"wp-block-heading\"><\/h2>\n\n\n<div class=\"wp-block-image\">\n<figure class=\"aligncenter size-large\"><img decoding=\"async\" width=\"1024\" height=\"133\" src=\"https:\/\/www.iemj.org\/wp-content\/uploads\/2024\/03\/AUDIO-PLAYER-1024x133.png\" alt=\"\" class=\"wp-image-110606\" srcset=\"https:\/\/www.iemj.org\/wp-content\/uploads\/2024\/03\/AUDIO-PLAYER-1024x133.png 1024w, https:\/\/www.iemj.org\/wp-content\/uploads\/2024\/03\/AUDIO-PLAYER-300x39.png 300w, https:\/\/www.iemj.org\/wp-content\/uploads\/2024\/03\/AUDIO-PLAYER-768x100.png 768w, https:\/\/www.iemj.org\/wp-content\/uploads\/2024\/03\/AUDIO-PLAYER-600x78.png 600w, https:\/\/www.iemj.org\/wp-content\/uploads\/2024\/03\/AUDIO-PLAYER.png 1210w\" sizes=\"(max-width: 1024px) 100vw, 1024px\" \/><\/figure>\n<\/div>\n\n\n<div class=\"wp-block-file\"><a id=\"wp-block-file--media-8bc95365-ec7e-472c-8c5a-ad3ce9fe0882\" href=\"https:\/\/www.iemj.org\/wp-content\/uploads\/2018\/03\/canatamanana_extrait_-_danielle_messia.mp3\">Canatamanana (EXTRAIT) &#8211; Danielle Messia<\/a><\/div>\n\n\n\n<div class=\"wp-block-file\"><a id=\"wp-block-file--media-1cdc9b26-a8b0-42f5-a3fb-45920c8dcac1\" href=\"https:\/\/www.iemj.org\/wp-content\/uploads\/2018\/03\/de_la_main_gauche_extrait_-_danielle_messia.mp3\">De la Main gauche (EXTRAIT) &#8211; Danielle Messia<\/a><\/div>\n\n\n\n<div class=\"wp-block-file\"><a id=\"wp-block-file--media-4a8de89e-fc18-40fd-ad4a-da288e84aa0c\" href=\"https:\/\/www.iemj.org\/wp-content\/uploads\/2018\/03\/j_voudrais_m_poser_extrait_-_danielle_messia.mp3\">J&#8217;voudrais m&#8217;poser (EXTRAIT) &#8211; Danielle Messia<\/a><\/div>\n\n\n\n<div class=\"wp-block-file\"><a id=\"wp-block-file--media-85a3b029-f393-4fb3-a69a-939d3863c7c7\" href=\"https:\/\/www.iemj.org\/wp-content\/uploads\/2018\/03\/pourquoi_tu_m_as_abandonne_extrait_-_danielle_messia.mp3\">Pourquoi tu m&#8217;as abandonn\u00e9 (EXTRAIT) &#8211; Danielle Messia<\/a><\/div>\n\n\n\n<div class=\"wp-block-file\"><a id=\"wp-block-file--media-1a9902c9-8401-4fe2-82d1-4b2b4aded9e6\" href=\"https:\/\/www.iemj.org\/wp-content\/uploads\/2018\/03\/safari_extrait_-_danielle_messia.mp3\">Safari (EXTRAIT) &#8211; Danielle Messia<\/a><\/div>\n","protected":false},"excerpt":{"rendered":"<p>Danielle Messia geb. Mashiah, geboren am 27. Oktober 1956 in Tel Aviv-Jaffa in Israel, war eine S\u00e4ngerin und Liedermacherin. 1958 war sie 3 Jahre alt, als ihre Eltern in der<\/p>\n","protected":false},"author":1052,"featured_media":52184,"comment_status":"closed","ping_status":"closed","sticky":false,"template":"","format":"standard","meta":{"_acf_changed":false,"footnotes":""},"categories":[1415],"tags":[],"technique":[],"squelettes":[],"sujet":[],"formation":[],"genre":[1877],"fonds":[],"tradition":[],"type-de-contenu":[],"interprete-compositeur":[3120],"frise":[],"type-devenement":[],"tableaux-liens-externes":[],"class_list":["post-88846","post","type-post","status-publish","format-standard","has-post-thumbnail","hentry","category-biografien-de","genre-franzosisch-lied-de","interprete-compositeur-danielle-messia-de"],"acf":[],"yoast_head":"<!-- This site is optimized with the Yoast SEO plugin v27.3 - https:\/\/yoast.com\/product\/yoast-seo-wordpress\/ -->\n<title>Messia, Danielle (1956-1985) - Institut Europ\u00e9en des Musiques Juives<\/title>\n<meta name=\"robots\" content=\"index, follow, max-snippet:-1, max-image-preview:large, max-video-preview:-1\" \/>\n<link rel=\"canonical\" href=\"https:\/\/www.iemj.org\/de\/messia-danielle-1956-1985\/\" \/>\n<meta property=\"og:locale\" content=\"de_DE\" \/>\n<meta property=\"og:type\" content=\"article\" \/>\n<meta property=\"og:title\" content=\"Messia, Danielle (1956-1985) - Institut Europ\u00e9en des Musiques Juives\" \/>\n<meta property=\"og:description\" content=\"Danielle Messia geb. Mashiah, geboren am 27. Oktober 1956 in Tel Aviv-Jaffa in Israel, war eine S\u00e4ngerin und Liedermacherin. 1958 war sie 3 Jahre alt, als ihre Eltern in der\" \/>\n<meta property=\"og:url\" content=\"https:\/\/www.iemj.org\/de\/messia-danielle-1956-1985\/\" \/>\n<meta property=\"og:site_name\" content=\"Institut Europ\u00e9en des Musiques Juives\" \/>\n<meta property=\"article:publisher\" content=\"https:\/\/www.facebook.com\/MusiquesJuives\/\" \/>\n<meta property=\"article:published_time\" content=\"2018-03-13T13:28:30+00:00\" \/>\n<meta property=\"article:modified_time\" content=\"2025-09-08T15:26:17+00:00\" \/>\n<meta property=\"og:image\" content=\"https:\/\/www.iemj.org\/wp-content\/uploads\/2018\/03\/arton2757-e1625058970711.jpg\" \/>\n\t<meta property=\"og:image:width\" content=\"236\" \/>\n\t<meta property=\"og:image:height\" content=\"218\" \/>\n\t<meta property=\"og:image:type\" content=\"image\/jpeg\" \/>\n<meta name=\"author\" content=\"Lea Couderc\" \/>\n<meta name=\"twitter:card\" content=\"summary_large_image\" \/>\n<meta name=\"twitter:label1\" content=\"Verfasst von\" \/>\n\t<meta name=\"twitter:data1\" content=\"Lea Couderc\" \/>\n\t<meta name=\"twitter:label2\" content=\"Gesch\u00e4tzte Lesezeit\" \/>\n\t<meta name=\"twitter:data2\" content=\"4\u00a0Minuten\" \/>\n<script type=\"application\/ld+json\" class=\"yoast-schema-graph\">{\"@context\":\"https:\\\/\\\/schema.org\",\"@graph\":[{\"@type\":\"Article\",\"@id\":\"https:\\\/\\\/www.iemj.org\\\/de\\\/messia-danielle-1956-1985\\\/#article\",\"isPartOf\":{\"@id\":\"https:\\\/\\\/www.iemj.org\\\/de\\\/messia-danielle-1956-1985\\\/\"},\"author\":{\"name\":\"Lea Couderc\",\"@id\":\"https:\\\/\\\/www.iemj.org\\\/de\\\/#\\\/schema\\\/person\\\/e2ad57f2c4be119c7ed8ab79036807a9\"},\"headline\":\"Messia, Danielle (1956-1985)\",\"datePublished\":\"2018-03-13T13:28:30+00:00\",\"dateModified\":\"2025-09-08T15:26:17+00:00\",\"mainEntityOfPage\":{\"@id\":\"https:\\\/\\\/www.iemj.org\\\/de\\\/messia-danielle-1956-1985\\\/\"},\"wordCount\":550,\"publisher\":{\"@id\":\"https:\\\/\\\/www.iemj.org\\\/de\\\/#organization\"},\"image\":{\"@id\":\"https:\\\/\\\/www.iemj.org\\\/de\\\/messia-danielle-1956-1985\\\/#primaryimage\"},\"thumbnailUrl\":\"https:\\\/\\\/www.iemj.org\\\/wp-content\\\/uploads\\\/2018\\\/03\\\/arton2757-e1625058970711.jpg\",\"articleSection\":[\"Biografien\"],\"inLanguage\":\"de\"},{\"@type\":\"WebPage\",\"@id\":\"https:\\\/\\\/www.iemj.org\\\/de\\\/messia-danielle-1956-1985\\\/\",\"url\":\"https:\\\/\\\/www.iemj.org\\\/de\\\/messia-danielle-1956-1985\\\/\",\"name\":\"Messia, Danielle (1956-1985) - Institut Europ\u00e9en des Musiques Juives\",\"isPartOf\":{\"@id\":\"https:\\\/\\\/www.iemj.org\\\/de\\\/#website\"},\"primaryImageOfPage\":{\"@id\":\"https:\\\/\\\/www.iemj.org\\\/de\\\/messia-danielle-1956-1985\\\/#primaryimage\"},\"image\":{\"@id\":\"https:\\\/\\\/www.iemj.org\\\/de\\\/messia-danielle-1956-1985\\\/#primaryimage\"},\"thumbnailUrl\":\"https:\\\/\\\/www.iemj.org\\\/wp-content\\\/uploads\\\/2018\\\/03\\\/arton2757-e1625058970711.jpg\",\"datePublished\":\"2018-03-13T13:28:30+00:00\",\"dateModified\":\"2025-09-08T15:26:17+00:00\",\"breadcrumb\":{\"@id\":\"https:\\\/\\\/www.iemj.org\\\/de\\\/messia-danielle-1956-1985\\\/#breadcrumb\"},\"inLanguage\":\"de\",\"potentialAction\":[{\"@type\":\"ReadAction\",\"target\":[\"https:\\\/\\\/www.iemj.org\\\/de\\\/messia-danielle-1956-1985\\\/\"]}]},{\"@type\":\"ImageObject\",\"inLanguage\":\"de\",\"@id\":\"https:\\\/\\\/www.iemj.org\\\/de\\\/messia-danielle-1956-1985\\\/#primaryimage\",\"url\":\"https:\\\/\\\/www.iemj.org\\\/wp-content\\\/uploads\\\/2018\\\/03\\\/arton2757-e1625058970711.jpg\",\"contentUrl\":\"https:\\\/\\\/www.iemj.org\\\/wp-content\\\/uploads\\\/2018\\\/03\\\/arton2757-e1625058970711.jpg\",\"width\":236,\"height\":218},{\"@type\":\"BreadcrumbList\",\"@id\":\"https:\\\/\\\/www.iemj.org\\\/de\\\/messia-danielle-1956-1985\\\/#breadcrumb\",\"itemListElement\":[{\"@type\":\"ListItem\",\"position\":1,\"name\":\"Accueil\",\"item\":\"https:\\\/\\\/www.iemj.org\\\/de\\\/\"},{\"@type\":\"ListItem\",\"position\":2,\"name\":\"Messia, Danielle (1956-1985)\"}]},{\"@type\":\"WebSite\",\"@id\":\"https:\\\/\\\/www.iemj.org\\\/de\\\/#website\",\"url\":\"https:\\\/\\\/www.iemj.org\\\/de\\\/\",\"name\":\"Institut Europ\u00e9en des Musiques Juives\",\"description\":\"Des traditions musicales \u00e0 la port\u00e9e de tous\",\"publisher\":{\"@id\":\"https:\\\/\\\/www.iemj.org\\\/de\\\/#organization\"},\"potentialAction\":[{\"@type\":\"SearchAction\",\"target\":{\"@type\":\"EntryPoint\",\"urlTemplate\":\"https:\\\/\\\/www.iemj.org\\\/de\\\/?s={search_term_string}\"},\"query-input\":{\"@type\":\"PropertyValueSpecification\",\"valueRequired\":true,\"valueName\":\"search_term_string\"}}],\"inLanguage\":\"de\"},{\"@type\":\"Organization\",\"@id\":\"https:\\\/\\\/www.iemj.org\\\/de\\\/#organization\",\"name\":\"Institut Europ\u00e9en des Musiques Juives\",\"url\":\"https:\\\/\\\/www.iemj.org\\\/de\\\/\",\"logo\":{\"@type\":\"ImageObject\",\"inLanguage\":\"de\",\"@id\":\"https:\\\/\\\/www.iemj.org\\\/de\\\/#\\\/schema\\\/logo\\\/image\\\/\",\"url\":\"https:\\\/\\\/www.iemj.org\\\/wp-content\\\/uploads\\\/2021\\\/09\\\/Logo-IEMJ-Paypal.jpg\",\"contentUrl\":\"https:\\\/\\\/www.iemj.org\\\/wp-content\\\/uploads\\\/2021\\\/09\\\/Logo-IEMJ-Paypal.jpg\",\"width\":150,\"height\":50,\"caption\":\"Institut Europ\u00e9en des Musiques Juives\"},\"image\":{\"@id\":\"https:\\\/\\\/www.iemj.org\\\/de\\\/#\\\/schema\\\/logo\\\/image\\\/\"},\"sameAs\":[\"https:\\\/\\\/www.facebook.com\\\/MusiquesJuives\\\/\",\"https:\\\/\\\/www.instagram.com\\\/musiquesjuives\\\/\",\"https:\\\/\\\/www.youtube.com\\\/user\\\/musiquesjuives\"]},{\"@type\":\"Person\",\"@id\":\"https:\\\/\\\/www.iemj.org\\\/de\\\/#\\\/schema\\\/person\\\/e2ad57f2c4be119c7ed8ab79036807a9\",\"name\":\"Lea Couderc\",\"image\":{\"@type\":\"ImageObject\",\"inLanguage\":\"de\",\"@id\":\"https:\\\/\\\/secure.gravatar.com\\\/avatar\\\/46ee021475d60aeff17a7e490b79dea5a5684bb392ab7fd1494027411df8ba23?s=96&d=mm&r=g\",\"url\":\"https:\\\/\\\/secure.gravatar.com\\\/avatar\\\/46ee021475d60aeff17a7e490b79dea5a5684bb392ab7fd1494027411df8ba23?s=96&d=mm&r=g\",\"contentUrl\":\"https:\\\/\\\/secure.gravatar.com\\\/avatar\\\/46ee021475d60aeff17a7e490b79dea5a5684bb392ab7fd1494027411df8ba23?s=96&d=mm&r=g\",\"caption\":\"Lea Couderc\"}}]}<\/script>\n<!-- \/ Yoast SEO plugin. -->","yoast_head_json":{"title":"Messia, Danielle (1956-1985) - Institut Europ\u00e9en des Musiques Juives","robots":{"index":"index","follow":"follow","max-snippet":"max-snippet:-1","max-image-preview":"max-image-preview:large","max-video-preview":"max-video-preview:-1"},"canonical":"https:\/\/www.iemj.org\/de\/messia-danielle-1956-1985\/","og_locale":"de_DE","og_type":"article","og_title":"Messia, Danielle (1956-1985) - Institut Europ\u00e9en des Musiques Juives","og_description":"Danielle Messia geb. Mashiah, geboren am 27. Oktober 1956 in Tel Aviv-Jaffa in Israel, war eine S\u00e4ngerin und Liedermacherin. 1958 war sie 3 Jahre alt, als ihre Eltern in der","og_url":"https:\/\/www.iemj.org\/de\/messia-danielle-1956-1985\/","og_site_name":"Institut Europ\u00e9en des Musiques Juives","article_publisher":"https:\/\/www.facebook.com\/MusiquesJuives\/","article_published_time":"2018-03-13T13:28:30+00:00","article_modified_time":"2025-09-08T15:26:17+00:00","og_image":[{"width":236,"height":218,"url":"https:\/\/www.iemj.org\/wp-content\/uploads\/2018\/03\/arton2757-e1625058970711.jpg","type":"image\/jpeg"}],"author":"Lea Couderc","twitter_card":"summary_large_image","twitter_misc":{"Verfasst von":"Lea Couderc","Gesch\u00e4tzte Lesezeit":"4\u00a0Minuten"},"schema":{"@context":"https:\/\/schema.org","@graph":[{"@type":"Article","@id":"https:\/\/www.iemj.org\/de\/messia-danielle-1956-1985\/#article","isPartOf":{"@id":"https:\/\/www.iemj.org\/de\/messia-danielle-1956-1985\/"},"author":{"name":"Lea Couderc","@id":"https:\/\/www.iemj.org\/de\/#\/schema\/person\/e2ad57f2c4be119c7ed8ab79036807a9"},"headline":"Messia, Danielle (1956-1985)","datePublished":"2018-03-13T13:28:30+00:00","dateModified":"2025-09-08T15:26:17+00:00","mainEntityOfPage":{"@id":"https:\/\/www.iemj.org\/de\/messia-danielle-1956-1985\/"},"wordCount":550,"publisher":{"@id":"https:\/\/www.iemj.org\/de\/#organization"},"image":{"@id":"https:\/\/www.iemj.org\/de\/messia-danielle-1956-1985\/#primaryimage"},"thumbnailUrl":"https:\/\/www.iemj.org\/wp-content\/uploads\/2018\/03\/arton2757-e1625058970711.jpg","articleSection":["Biografien"],"inLanguage":"de"},{"@type":"WebPage","@id":"https:\/\/www.iemj.org\/de\/messia-danielle-1956-1985\/","url":"https:\/\/www.iemj.org\/de\/messia-danielle-1956-1985\/","name":"Messia, Danielle (1956-1985) - Institut Europ\u00e9en des Musiques Juives","isPartOf":{"@id":"https:\/\/www.iemj.org\/de\/#website"},"primaryImageOfPage":{"@id":"https:\/\/www.iemj.org\/de\/messia-danielle-1956-1985\/#primaryimage"},"image":{"@id":"https:\/\/www.iemj.org\/de\/messia-danielle-1956-1985\/#primaryimage"},"thumbnailUrl":"https:\/\/www.iemj.org\/wp-content\/uploads\/2018\/03\/arton2757-e1625058970711.jpg","datePublished":"2018-03-13T13:28:30+00:00","dateModified":"2025-09-08T15:26:17+00:00","breadcrumb":{"@id":"https:\/\/www.iemj.org\/de\/messia-danielle-1956-1985\/#breadcrumb"},"inLanguage":"de","potentialAction":[{"@type":"ReadAction","target":["https:\/\/www.iemj.org\/de\/messia-danielle-1956-1985\/"]}]},{"@type":"ImageObject","inLanguage":"de","@id":"https:\/\/www.iemj.org\/de\/messia-danielle-1956-1985\/#primaryimage","url":"https:\/\/www.iemj.org\/wp-content\/uploads\/2018\/03\/arton2757-e1625058970711.jpg","contentUrl":"https:\/\/www.iemj.org\/wp-content\/uploads\/2018\/03\/arton2757-e1625058970711.jpg","width":236,"height":218},{"@type":"BreadcrumbList","@id":"https:\/\/www.iemj.org\/de\/messia-danielle-1956-1985\/#breadcrumb","itemListElement":[{"@type":"ListItem","position":1,"name":"Accueil","item":"https:\/\/www.iemj.org\/de\/"},{"@type":"ListItem","position":2,"name":"Messia, Danielle (1956-1985)"}]},{"@type":"WebSite","@id":"https:\/\/www.iemj.org\/de\/#website","url":"https:\/\/www.iemj.org\/de\/","name":"Institut Europ\u00e9en des Musiques Juives","description":"Des traditions musicales \u00e0 la port\u00e9e de tous","publisher":{"@id":"https:\/\/www.iemj.org\/de\/#organization"},"potentialAction":[{"@type":"SearchAction","target":{"@type":"EntryPoint","urlTemplate":"https:\/\/www.iemj.org\/de\/?s={search_term_string}"},"query-input":{"@type":"PropertyValueSpecification","valueRequired":true,"valueName":"search_term_string"}}],"inLanguage":"de"},{"@type":"Organization","@id":"https:\/\/www.iemj.org\/de\/#organization","name":"Institut Europ\u00e9en des Musiques Juives","url":"https:\/\/www.iemj.org\/de\/","logo":{"@type":"ImageObject","inLanguage":"de","@id":"https:\/\/www.iemj.org\/de\/#\/schema\/logo\/image\/","url":"https:\/\/www.iemj.org\/wp-content\/uploads\/2021\/09\/Logo-IEMJ-Paypal.jpg","contentUrl":"https:\/\/www.iemj.org\/wp-content\/uploads\/2021\/09\/Logo-IEMJ-Paypal.jpg","width":150,"height":50,"caption":"Institut Europ\u00e9en des Musiques Juives"},"image":{"@id":"https:\/\/www.iemj.org\/de\/#\/schema\/logo\/image\/"},"sameAs":["https:\/\/www.facebook.com\/MusiquesJuives\/","https:\/\/www.instagram.com\/musiquesjuives\/","https:\/\/www.youtube.com\/user\/musiquesjuives"]},{"@type":"Person","@id":"https:\/\/www.iemj.org\/de\/#\/schema\/person\/e2ad57f2c4be119c7ed8ab79036807a9","name":"Lea Couderc","image":{"@type":"ImageObject","inLanguage":"de","@id":"https:\/\/secure.gravatar.com\/avatar\/46ee021475d60aeff17a7e490b79dea5a5684bb392ab7fd1494027411df8ba23?s=96&d=mm&r=g","url":"https:\/\/secure.gravatar.com\/avatar\/46ee021475d60aeff17a7e490b79dea5a5684bb392ab7fd1494027411df8ba23?s=96&d=mm&r=g","contentUrl":"https:\/\/secure.gravatar.com\/avatar\/46ee021475d60aeff17a7e490b79dea5a5684bb392ab7fd1494027411df8ba23?s=96&d=mm&r=g","caption":"Lea Couderc"}}]}},"_links":{"self":[{"href":"https:\/\/www.iemj.org\/de\/wp-json\/wp\/v2\/posts\/88846","targetHints":{"allow":["GET"]}}],"collection":[{"href":"https:\/\/www.iemj.org\/de\/wp-json\/wp\/v2\/posts"}],"about":[{"href":"https:\/\/www.iemj.org\/de\/wp-json\/wp\/v2\/types\/post"}],"author":[{"embeddable":true,"href":"https:\/\/www.iemj.org\/de\/wp-json\/wp\/v2\/users\/1052"}],"replies":[{"embeddable":true,"href":"https:\/\/www.iemj.org\/de\/wp-json\/wp\/v2\/comments?post=88846"}],"version-history":[{"count":0,"href":"https:\/\/www.iemj.org\/de\/wp-json\/wp\/v2\/posts\/88846\/revisions"}],"wp:featuredmedia":[{"embeddable":true,"href":"https:\/\/www.iemj.org\/de\/wp-json\/wp\/v2\/media\/52184"}],"wp:attachment":[{"href":"https:\/\/www.iemj.org\/de\/wp-json\/wp\/v2\/media?parent=88846"}],"wp:term":[{"taxonomy":"category","embeddable":true,"href":"https:\/\/www.iemj.org\/de\/wp-json\/wp\/v2\/categories?post=88846"},{"taxonomy":"post_tag","embeddable":true,"href":"https:\/\/www.iemj.org\/de\/wp-json\/wp\/v2\/tags?post=88846"},{"taxonomy":"technique","embeddable":true,"href":"https:\/\/www.iemj.org\/de\/wp-json\/wp\/v2\/technique?post=88846"},{"taxonomy":"squelettes","embeddable":true,"href":"https:\/\/www.iemj.org\/de\/wp-json\/wp\/v2\/squelettes?post=88846"},{"taxonomy":"sujet","embeddable":true,"href":"https:\/\/www.iemj.org\/de\/wp-json\/wp\/v2\/sujet?post=88846"},{"taxonomy":"formation","embeddable":true,"href":"https:\/\/www.iemj.org\/de\/wp-json\/wp\/v2\/formation?post=88846"},{"taxonomy":"genre","embeddable":true,"href":"https:\/\/www.iemj.org\/de\/wp-json\/wp\/v2\/genre?post=88846"},{"taxonomy":"fonds","embeddable":true,"href":"https:\/\/www.iemj.org\/de\/wp-json\/wp\/v2\/fonds?post=88846"},{"taxonomy":"tradition","embeddable":true,"href":"https:\/\/www.iemj.org\/de\/wp-json\/wp\/v2\/tradition?post=88846"},{"taxonomy":"type-de-contenu","embeddable":true,"href":"https:\/\/www.iemj.org\/de\/wp-json\/wp\/v2\/type-de-contenu?post=88846"},{"taxonomy":"interprete-compositeur","embeddable":true,"href":"https:\/\/www.iemj.org\/de\/wp-json\/wp\/v2\/interprete-compositeur?post=88846"},{"taxonomy":"frise","embeddable":true,"href":"https:\/\/www.iemj.org\/de\/wp-json\/wp\/v2\/frise?post=88846"},{"taxonomy":"type-devenement","embeddable":true,"href":"https:\/\/www.iemj.org\/de\/wp-json\/wp\/v2\/type-devenement?post=88846"},{"taxonomy":"tableaux-liens-externes","embeddable":true,"href":"https:\/\/www.iemj.org\/de\/wp-json\/wp\/v2\/tableaux-liens-externes?post=88846"}],"curies":[{"name":"wp","href":"https:\/\/api.w.org\/{rel}","templated":true}]}}