{"id":88897,"date":"2014-06-03T12:17:27","date_gmt":"2014-06-03T10:17:27","guid":{"rendered":"https:\/\/www.iemj.org\/witler-ben-zion-1907-1961\/"},"modified":"2025-09-01T17:34:38","modified_gmt":"2025-09-01T15:34:38","slug":"witler-ben-zion-1907-1961","status":"publish","type":"post","link":"https:\/\/www.iemj.org\/de\/witler-ben-zion-1907-1961\/","title":{"rendered":"Witler, Ben-Zion (1907-1961)"},"content":{"rendered":"<p>Ben-Zion Wittler (auch Ben-Tsion Vitler, BenZion Witler), wurde 1907 in Bels in Galizien geboren, und starb 1961. Er war nicht nur ein S\u00e4nger, sondern auch ein Schauspieler und Komponist.<\/p>\n<p>Ben-Zion Wittler (auch Ben-Tsion Vitler, BenZion Witler), wurde 1907 in Bels in Galizien geboren, und starb 1961. Er war nicht nur ein S\u00e4nger, sondern auch ein Schauspieler und Komponist.<br \/>Im Alter von sechs Jahren folgte er seiner Familie von Bels nach Wien, wo er eine strenge chassidisch-religi\u00f6se Erziehung erhielt. Da er die Reaktionen seiner Familie f\u00fcrchtete, schloss er sich im Alter von 12 Jahren unter einem Pseudonym heimlich dem \u201eFreien J\u00fcdischen Theater\u201c an. Er arbeitete kurzzeitig als Journalist f\u00fcr die zionistische <em>Wiener Morgenzeitung<\/em>, kehrte aber 1926 auf die Wiener Theaterb\u00fchne zur\u00fcck, wo er Kom\u00f6dien und Operetten auff\u00fchrte. Au\u00dferdem studierte er das Opernrepertoire bei Yulianovsky und Fuchs und nahm an Tourneen in Paris, London und S\u00fcdafrika teil.<\/p>\n<p>Mitte der 1930er Jahre verbrachte er drei Jahre in Polen, wo er schnell zum \u201ePublikumsliebling\u201c wurde. 1937 war er in Riga zu sehen, wo er in <em>A Khasene in Shtetl<\/em> und in William Siegels <em>The Galician Wedding<\/em> auftrat. Zu seinen zahlreichen gro\u00dfen Rollen geh\u00f6rten <em>Yanko the Gipsy, A Millionaire&#8217;s Caprice, The American Litvak, The Brave Officer, The Bandit Gentleman, The Strength of Love, The Bride with Three Brothers, The Golden Bridegroom, The Threshold of Joy, It&#8217;s Hard to be a Jew <\/em>von Sholom Aleichem, <em>The Dybbuck <\/em>von Shalom Ansky<em>, God, Man and Devil <\/em>von Jacob Mikhailovich Gordin und <em>Yankel the Smith<\/em> von David Pinski.<\/p>\n<p>Ab 1940 trat er in den USA auf, u. a. in New York am Hopkinson Theatre in <em>Forgotten Women<\/em> von William Siegel und in Chicago am Douglas Theatre in <em>A Golden Dream<\/em> desselben Autors.<\/p>\n<p>Im Jahr 1946, dem Geburtsjahr eines weiteren gro\u00dfen Mannes, wird er in ganz Argentinien auftreten, in Buenos Aires im Teatro Mitre in <em>Home Sweet Home<\/em> von Kalmanovitsh. Mit seiner Frau, der in Argentinien geborenen Schauspielerin Shifra Lerer, trat er bis in die 1950er Jahre hinein sowohl in Nord- und S\u00fcdamerika als auch in Israel und S\u00fcdafrika auf.<\/p>\n<p>Er nahm Hunderte von Liedern auf, zu den bekanntesten geh\u00f6ren:<\/p>\n<ul>\n<li>Gelibte (Aim\u00e9)<\/li>\n<li>Dzhankoye<\/li>\n<li>Varshe (Varsovie)<\/li>\n<li>Akhtsik er, zibetsik zi (Lui 80, Elle 70)<\/li>\n<li>Byalostok<\/li>\n<li>Mayn alte heym<\/li>\n<li>Oyfn veg shteyt a boym<\/li>\n<li>Leb un Lakh<\/li>\n<li>Krokhmalne Gas<\/li>\n<li>Zing, Brider, Zing!<\/li>\n<li>Belz\n<p><object width=\"640\" height=\"360\"><param name=\"movie\" value=\"\/\/www.youtube.com\/v\/TnMtVSzgbV4?hl=fr_FR&amp;version=3\" \/><param name=\"allowFullScreen\" value=\"true\" \/><param name=\"allowscriptaccess\" value=\"always\" \/><embed src=\"\/\/www.youtube.com\/v\/TnMtVSzgbV4?hl=fr_FR&amp;version=3\" type=\"application\/x-shockwave-flash\" allowscriptaccess=\"always\" allowfullscreen=\"allowfullscreen\" width=\"640\" height=\"360\" \/><\/object><\/p>\n<p><a href=\"http:\/\/www.rachelnet.net\/F\/?func=find-c&amp;ccl_term=WRD+%3D+Witler+BenZion&amp;local_base=iemcg\" target=\"_blank\" rel=\"noopener\">Sehen Sie sich unser Archiv zu Ben-Zion Wittler an <\/a><\/p>\n<\/li>\n<\/ul>\n\n\n<h2 class=\"wp-block-heading\"><\/h2>\n\n\n<div class=\"wp-block-image\">\n<figure class=\"aligncenter size-large\"><img fetchpriority=\"high\" decoding=\"async\" width=\"1024\" height=\"133\" src=\"https:\/\/www.iemj.org\/wp-content\/uploads\/2024\/03\/AUDIO-PLAYER-1024x133.png\" alt=\"\" class=\"wp-image-110606\" srcset=\"https:\/\/www.iemj.org\/wp-content\/uploads\/2024\/03\/AUDIO-PLAYER-1024x133.png 1024w, https:\/\/www.iemj.org\/wp-content\/uploads\/2024\/03\/AUDIO-PLAYER-300x39.png 300w, https:\/\/www.iemj.org\/wp-content\/uploads\/2024\/03\/AUDIO-PLAYER-768x100.png 768w, https:\/\/www.iemj.org\/wp-content\/uploads\/2024\/03\/AUDIO-PLAYER-600x78.png 600w, https:\/\/www.iemj.org\/wp-content\/uploads\/2024\/03\/AUDIO-PLAYER.png 1210w\" sizes=\"(max-width: 1024px) 100vw, 1024px\" \/><\/figure>\n<\/div>\n\n\n<div class=\"wp-block-file\"><a id=\"wp-block-file--media-afa4bde6-ce36-48ce-8625-8c8045c36a3d\" href=\"https:\/\/www.iemj.org\/wp-content\/uploads\/2014\/06\/benzion_witler_-_80_er_70_zi.mp3\">80 er 70 zi<\/a><\/div>\n\n\n\n<div class=\"wp-block-file\"><a id=\"wp-block-file--media-351bce33-d6cf-44e5-9d05-a547b1bdeba7\" href=\"https:\/\/www.iemj.org\/wp-content\/uploads\/2014\/06\/benzion_witler-_malkele.mp3\">Malkele<\/a><\/div>\n","protected":false},"excerpt":{"rendered":"<p>Ben-Zion Wittler (auch Ben-Tsion Vitler, BenZion Witler), wurde 1907 in Bels in Galizien geboren, und starb 1961. Er war nicht nur ein S\u00e4nger, sondern auch ein Schauspieler und Komponist. Ben-Zion<\/p>\n","protected":false},"author":1050,"featured_media":88898,"comment_status":"closed","ping_status":"closed","sticky":false,"template":"","format":"standard","meta":{"_acf_changed":false,"footnotes":""},"categories":[1415],"tags":[],"technique":[],"squelettes":[],"sujet":[],"formation":[],"genre":[1864],"fonds":[],"tradition":[],"type-de-contenu":[],"interprete-compositeur":[],"frise":[],"type-devenement":[],"tableaux-liens-externes":[],"class_list":["post-88897","post","type-post","status-publish","format-standard","has-post-thumbnail","hentry","category-biografien-de","genre-yiddish-de"],"acf":[],"yoast_head":"<!-- This site is optimized with the Yoast SEO plugin v27.3 - https:\/\/yoast.com\/product\/yoast-seo-wordpress\/ -->\n<title>Witler, Ben-Zion (1907-1961) - Institut Europ\u00e9en des Musiques Juives<\/title>\n<meta name=\"robots\" content=\"index, follow, max-snippet:-1, max-image-preview:large, max-video-preview:-1\" \/>\n<link rel=\"canonical\" href=\"https:\/\/www.iemj.org\/de\/witler-ben-zion-1907-1961\/\" \/>\n<meta property=\"og:locale\" content=\"de_DE\" \/>\n<meta property=\"og:type\" content=\"article\" \/>\n<meta property=\"og:title\" content=\"Witler, Ben-Zion (1907-1961) - Institut Europ\u00e9en des Musiques Juives\" \/>\n<meta property=\"og:description\" content=\"Ben-Zion Wittler (auch Ben-Tsion Vitler, BenZion Witler), wurde 1907 in Bels in Galizien geboren, und starb 1961. Er war nicht nur ein S\u00e4nger, sondern auch ein Schauspieler und Komponist. Ben-Zion\" \/>\n<meta property=\"og:url\" content=\"https:\/\/www.iemj.org\/de\/witler-ben-zion-1907-1961\/\" \/>\n<meta property=\"og:site_name\" content=\"Institut Europ\u00e9en des Musiques Juives\" \/>\n<meta property=\"article:publisher\" content=\"https:\/\/www.facebook.com\/MusiquesJuives\/\" \/>\n<meta property=\"article:published_time\" content=\"2014-06-03T10:17:27+00:00\" \/>\n<meta property=\"article:modified_time\" content=\"2025-09-01T15:34:38+00:00\" \/>\n<meta property=\"og:image\" content=\"https:\/\/www.iemj.org\/wp-content\/uploads\/2014\/06\/arton888.jpg\" \/>\n\t<meta property=\"og:image:width\" content=\"238\" \/>\n\t<meta property=\"og:image:height\" content=\"212\" \/>\n\t<meta property=\"og:image:type\" content=\"image\/jpeg\" \/>\n<meta name=\"author\" content=\"ncochin\" \/>\n<meta name=\"twitter:card\" content=\"summary_large_image\" \/>\n<meta name=\"twitter:label1\" content=\"Verfasst von\" \/>\n\t<meta name=\"twitter:data1\" content=\"ncochin\" \/>\n\t<meta name=\"twitter:label2\" content=\"Gesch\u00e4tzte Lesezeit\" \/>\n\t<meta name=\"twitter:data2\" content=\"3\u00a0Minuten\" \/>\n<script type=\"application\/ld+json\" class=\"yoast-schema-graph\">{\"@context\":\"https:\\\/\\\/schema.org\",\"@graph\":[{\"@type\":\"Article\",\"@id\":\"https:\\\/\\\/www.iemj.org\\\/de\\\/witler-ben-zion-1907-1961\\\/#article\",\"isPartOf\":{\"@id\":\"https:\\\/\\\/www.iemj.org\\\/de\\\/witler-ben-zion-1907-1961\\\/\"},\"author\":{\"name\":\"ncochin\",\"@id\":\"https:\\\/\\\/www.iemj.org\\\/de\\\/#\\\/schema\\\/person\\\/f826ad11b0cd58dd99babe0a3fbcb86e\"},\"headline\":\"Witler, Ben-Zion (1907-1961)\",\"datePublished\":\"2014-06-03T10:17:27+00:00\",\"dateModified\":\"2025-09-01T15:34:38+00:00\",\"mainEntityOfPage\":{\"@id\":\"https:\\\/\\\/www.iemj.org\\\/de\\\/witler-ben-zion-1907-1961\\\/\"},\"wordCount\":405,\"publisher\":{\"@id\":\"https:\\\/\\\/www.iemj.org\\\/de\\\/#organization\"},\"image\":{\"@id\":\"https:\\\/\\\/www.iemj.org\\\/de\\\/witler-ben-zion-1907-1961\\\/#primaryimage\"},\"thumbnailUrl\":\"https:\\\/\\\/www.iemj.org\\\/wp-content\\\/uploads\\\/2014\\\/06\\\/arton888.jpg\",\"articleSection\":[\"Biografien\"],\"inLanguage\":\"de\"},{\"@type\":\"WebPage\",\"@id\":\"https:\\\/\\\/www.iemj.org\\\/de\\\/witler-ben-zion-1907-1961\\\/\",\"url\":\"https:\\\/\\\/www.iemj.org\\\/de\\\/witler-ben-zion-1907-1961\\\/\",\"name\":\"Witler, Ben-Zion (1907-1961) - Institut Europ\u00e9en des Musiques Juives\",\"isPartOf\":{\"@id\":\"https:\\\/\\\/www.iemj.org\\\/de\\\/#website\"},\"primaryImageOfPage\":{\"@id\":\"https:\\\/\\\/www.iemj.org\\\/de\\\/witler-ben-zion-1907-1961\\\/#primaryimage\"},\"image\":{\"@id\":\"https:\\\/\\\/www.iemj.org\\\/de\\\/witler-ben-zion-1907-1961\\\/#primaryimage\"},\"thumbnailUrl\":\"https:\\\/\\\/www.iemj.org\\\/wp-content\\\/uploads\\\/2014\\\/06\\\/arton888.jpg\",\"datePublished\":\"2014-06-03T10:17:27+00:00\",\"dateModified\":\"2025-09-01T15:34:38+00:00\",\"breadcrumb\":{\"@id\":\"https:\\\/\\\/www.iemj.org\\\/de\\\/witler-ben-zion-1907-1961\\\/#breadcrumb\"},\"inLanguage\":\"de\",\"potentialAction\":[{\"@type\":\"ReadAction\",\"target\":[\"https:\\\/\\\/www.iemj.org\\\/de\\\/witler-ben-zion-1907-1961\\\/\"]}]},{\"@type\":\"ImageObject\",\"inLanguage\":\"de\",\"@id\":\"https:\\\/\\\/www.iemj.org\\\/de\\\/witler-ben-zion-1907-1961\\\/#primaryimage\",\"url\":\"https:\\\/\\\/www.iemj.org\\\/wp-content\\\/uploads\\\/2014\\\/06\\\/arton888.jpg\",\"contentUrl\":\"https:\\\/\\\/www.iemj.org\\\/wp-content\\\/uploads\\\/2014\\\/06\\\/arton888.jpg\",\"width\":238,\"height\":212},{\"@type\":\"BreadcrumbList\",\"@id\":\"https:\\\/\\\/www.iemj.org\\\/de\\\/witler-ben-zion-1907-1961\\\/#breadcrumb\",\"itemListElement\":[{\"@type\":\"ListItem\",\"position\":1,\"name\":\"Accueil\",\"item\":\"https:\\\/\\\/www.iemj.org\\\/de\\\/\"},{\"@type\":\"ListItem\",\"position\":2,\"name\":\"Witler, Ben-Zion (1907-1961)\"}]},{\"@type\":\"WebSite\",\"@id\":\"https:\\\/\\\/www.iemj.org\\\/de\\\/#website\",\"url\":\"https:\\\/\\\/www.iemj.org\\\/de\\\/\",\"name\":\"Institut Europ\u00e9en des Musiques Juives\",\"description\":\"Des traditions musicales \u00e0 la port\u00e9e de tous\",\"publisher\":{\"@id\":\"https:\\\/\\\/www.iemj.org\\\/de\\\/#organization\"},\"potentialAction\":[{\"@type\":\"SearchAction\",\"target\":{\"@type\":\"EntryPoint\",\"urlTemplate\":\"https:\\\/\\\/www.iemj.org\\\/de\\\/?s={search_term_string}\"},\"query-input\":{\"@type\":\"PropertyValueSpecification\",\"valueRequired\":true,\"valueName\":\"search_term_string\"}}],\"inLanguage\":\"de\"},{\"@type\":\"Organization\",\"@id\":\"https:\\\/\\\/www.iemj.org\\\/de\\\/#organization\",\"name\":\"Institut Europ\u00e9en des Musiques Juives\",\"url\":\"https:\\\/\\\/www.iemj.org\\\/de\\\/\",\"logo\":{\"@type\":\"ImageObject\",\"inLanguage\":\"de\",\"@id\":\"https:\\\/\\\/www.iemj.org\\\/de\\\/#\\\/schema\\\/logo\\\/image\\\/\",\"url\":\"https:\\\/\\\/www.iemj.org\\\/wp-content\\\/uploads\\\/2021\\\/09\\\/Logo-IEMJ-Paypal.jpg\",\"contentUrl\":\"https:\\\/\\\/www.iemj.org\\\/wp-content\\\/uploads\\\/2021\\\/09\\\/Logo-IEMJ-Paypal.jpg\",\"width\":150,\"height\":50,\"caption\":\"Institut Europ\u00e9en des Musiques Juives\"},\"image\":{\"@id\":\"https:\\\/\\\/www.iemj.org\\\/de\\\/#\\\/schema\\\/logo\\\/image\\\/\"},\"sameAs\":[\"https:\\\/\\\/www.facebook.com\\\/MusiquesJuives\\\/\",\"https:\\\/\\\/www.instagram.com\\\/musiquesjuives\\\/\",\"https:\\\/\\\/www.youtube.com\\\/user\\\/musiquesjuives\"]},{\"@type\":\"Person\",\"@id\":\"https:\\\/\\\/www.iemj.org\\\/de\\\/#\\\/schema\\\/person\\\/f826ad11b0cd58dd99babe0a3fbcb86e\",\"name\":\"ncochin\",\"image\":{\"@type\":\"ImageObject\",\"inLanguage\":\"de\",\"@id\":\"https:\\\/\\\/secure.gravatar.com\\\/avatar\\\/4499f551e6a9b8c28bd3132f28d79657b2cb55ff363257726f67e89c95e2a33c?s=96&d=mm&r=g\",\"url\":\"https:\\\/\\\/secure.gravatar.com\\\/avatar\\\/4499f551e6a9b8c28bd3132f28d79657b2cb55ff363257726f67e89c95e2a33c?s=96&d=mm&r=g\",\"contentUrl\":\"https:\\\/\\\/secure.gravatar.com\\\/avatar\\\/4499f551e6a9b8c28bd3132f28d79657b2cb55ff363257726f67e89c95e2a33c?s=96&d=mm&r=g\",\"caption\":\"ncochin\"}}]}<\/script>\n<!-- \/ Yoast SEO plugin. -->","yoast_head_json":{"title":"Witler, Ben-Zion (1907-1961) - Institut Europ\u00e9en des Musiques Juives","robots":{"index":"index","follow":"follow","max-snippet":"max-snippet:-1","max-image-preview":"max-image-preview:large","max-video-preview":"max-video-preview:-1"},"canonical":"https:\/\/www.iemj.org\/de\/witler-ben-zion-1907-1961\/","og_locale":"de_DE","og_type":"article","og_title":"Witler, Ben-Zion (1907-1961) - Institut Europ\u00e9en des Musiques Juives","og_description":"Ben-Zion Wittler (auch Ben-Tsion Vitler, BenZion Witler), wurde 1907 in Bels in Galizien geboren, und starb 1961. Er war nicht nur ein S\u00e4nger, sondern auch ein Schauspieler und Komponist. Ben-Zion","og_url":"https:\/\/www.iemj.org\/de\/witler-ben-zion-1907-1961\/","og_site_name":"Institut Europ\u00e9en des Musiques Juives","article_publisher":"https:\/\/www.facebook.com\/MusiquesJuives\/","article_published_time":"2014-06-03T10:17:27+00:00","article_modified_time":"2025-09-01T15:34:38+00:00","og_image":[{"width":238,"height":212,"url":"https:\/\/www.iemj.org\/wp-content\/uploads\/2014\/06\/arton888.jpg","type":"image\/jpeg"}],"author":"ncochin","twitter_card":"summary_large_image","twitter_misc":{"Verfasst von":"ncochin","Gesch\u00e4tzte Lesezeit":"3\u00a0Minuten"},"schema":{"@context":"https:\/\/schema.org","@graph":[{"@type":"Article","@id":"https:\/\/www.iemj.org\/de\/witler-ben-zion-1907-1961\/#article","isPartOf":{"@id":"https:\/\/www.iemj.org\/de\/witler-ben-zion-1907-1961\/"},"author":{"name":"ncochin","@id":"https:\/\/www.iemj.org\/de\/#\/schema\/person\/f826ad11b0cd58dd99babe0a3fbcb86e"},"headline":"Witler, Ben-Zion (1907-1961)","datePublished":"2014-06-03T10:17:27+00:00","dateModified":"2025-09-01T15:34:38+00:00","mainEntityOfPage":{"@id":"https:\/\/www.iemj.org\/de\/witler-ben-zion-1907-1961\/"},"wordCount":405,"publisher":{"@id":"https:\/\/www.iemj.org\/de\/#organization"},"image":{"@id":"https:\/\/www.iemj.org\/de\/witler-ben-zion-1907-1961\/#primaryimage"},"thumbnailUrl":"https:\/\/www.iemj.org\/wp-content\/uploads\/2014\/06\/arton888.jpg","articleSection":["Biografien"],"inLanguage":"de"},{"@type":"WebPage","@id":"https:\/\/www.iemj.org\/de\/witler-ben-zion-1907-1961\/","url":"https:\/\/www.iemj.org\/de\/witler-ben-zion-1907-1961\/","name":"Witler, Ben-Zion (1907-1961) - Institut Europ\u00e9en des Musiques Juives","isPartOf":{"@id":"https:\/\/www.iemj.org\/de\/#website"},"primaryImageOfPage":{"@id":"https:\/\/www.iemj.org\/de\/witler-ben-zion-1907-1961\/#primaryimage"},"image":{"@id":"https:\/\/www.iemj.org\/de\/witler-ben-zion-1907-1961\/#primaryimage"},"thumbnailUrl":"https:\/\/www.iemj.org\/wp-content\/uploads\/2014\/06\/arton888.jpg","datePublished":"2014-06-03T10:17:27+00:00","dateModified":"2025-09-01T15:34:38+00:00","breadcrumb":{"@id":"https:\/\/www.iemj.org\/de\/witler-ben-zion-1907-1961\/#breadcrumb"},"inLanguage":"de","potentialAction":[{"@type":"ReadAction","target":["https:\/\/www.iemj.org\/de\/witler-ben-zion-1907-1961\/"]}]},{"@type":"ImageObject","inLanguage":"de","@id":"https:\/\/www.iemj.org\/de\/witler-ben-zion-1907-1961\/#primaryimage","url":"https:\/\/www.iemj.org\/wp-content\/uploads\/2014\/06\/arton888.jpg","contentUrl":"https:\/\/www.iemj.org\/wp-content\/uploads\/2014\/06\/arton888.jpg","width":238,"height":212},{"@type":"BreadcrumbList","@id":"https:\/\/www.iemj.org\/de\/witler-ben-zion-1907-1961\/#breadcrumb","itemListElement":[{"@type":"ListItem","position":1,"name":"Accueil","item":"https:\/\/www.iemj.org\/de\/"},{"@type":"ListItem","position":2,"name":"Witler, Ben-Zion (1907-1961)"}]},{"@type":"WebSite","@id":"https:\/\/www.iemj.org\/de\/#website","url":"https:\/\/www.iemj.org\/de\/","name":"Institut Europ\u00e9en des Musiques Juives","description":"Des traditions musicales \u00e0 la port\u00e9e de tous","publisher":{"@id":"https:\/\/www.iemj.org\/de\/#organization"},"potentialAction":[{"@type":"SearchAction","target":{"@type":"EntryPoint","urlTemplate":"https:\/\/www.iemj.org\/de\/?s={search_term_string}"},"query-input":{"@type":"PropertyValueSpecification","valueRequired":true,"valueName":"search_term_string"}}],"inLanguage":"de"},{"@type":"Organization","@id":"https:\/\/www.iemj.org\/de\/#organization","name":"Institut Europ\u00e9en des Musiques Juives","url":"https:\/\/www.iemj.org\/de\/","logo":{"@type":"ImageObject","inLanguage":"de","@id":"https:\/\/www.iemj.org\/de\/#\/schema\/logo\/image\/","url":"https:\/\/www.iemj.org\/wp-content\/uploads\/2021\/09\/Logo-IEMJ-Paypal.jpg","contentUrl":"https:\/\/www.iemj.org\/wp-content\/uploads\/2021\/09\/Logo-IEMJ-Paypal.jpg","width":150,"height":50,"caption":"Institut Europ\u00e9en des Musiques Juives"},"image":{"@id":"https:\/\/www.iemj.org\/de\/#\/schema\/logo\/image\/"},"sameAs":["https:\/\/www.facebook.com\/MusiquesJuives\/","https:\/\/www.instagram.com\/musiquesjuives\/","https:\/\/www.youtube.com\/user\/musiquesjuives"]},{"@type":"Person","@id":"https:\/\/www.iemj.org\/de\/#\/schema\/person\/f826ad11b0cd58dd99babe0a3fbcb86e","name":"ncochin","image":{"@type":"ImageObject","inLanguage":"de","@id":"https:\/\/secure.gravatar.com\/avatar\/4499f551e6a9b8c28bd3132f28d79657b2cb55ff363257726f67e89c95e2a33c?s=96&d=mm&r=g","url":"https:\/\/secure.gravatar.com\/avatar\/4499f551e6a9b8c28bd3132f28d79657b2cb55ff363257726f67e89c95e2a33c?s=96&d=mm&r=g","contentUrl":"https:\/\/secure.gravatar.com\/avatar\/4499f551e6a9b8c28bd3132f28d79657b2cb55ff363257726f67e89c95e2a33c?s=96&d=mm&r=g","caption":"ncochin"}}]}},"_links":{"self":[{"href":"https:\/\/www.iemj.org\/de\/wp-json\/wp\/v2\/posts\/88897","targetHints":{"allow":["GET"]}}],"collection":[{"href":"https:\/\/www.iemj.org\/de\/wp-json\/wp\/v2\/posts"}],"about":[{"href":"https:\/\/www.iemj.org\/de\/wp-json\/wp\/v2\/types\/post"}],"author":[{"embeddable":true,"href":"https:\/\/www.iemj.org\/de\/wp-json\/wp\/v2\/users\/1050"}],"replies":[{"embeddable":true,"href":"https:\/\/www.iemj.org\/de\/wp-json\/wp\/v2\/comments?post=88897"}],"version-history":[{"count":0,"href":"https:\/\/www.iemj.org\/de\/wp-json\/wp\/v2\/posts\/88897\/revisions"}],"wp:featuredmedia":[{"embeddable":true,"href":"https:\/\/www.iemj.org\/de\/wp-json\/wp\/v2\/media\/88898"}],"wp:attachment":[{"href":"https:\/\/www.iemj.org\/de\/wp-json\/wp\/v2\/media?parent=88897"}],"wp:term":[{"taxonomy":"category","embeddable":true,"href":"https:\/\/www.iemj.org\/de\/wp-json\/wp\/v2\/categories?post=88897"},{"taxonomy":"post_tag","embeddable":true,"href":"https:\/\/www.iemj.org\/de\/wp-json\/wp\/v2\/tags?post=88897"},{"taxonomy":"technique","embeddable":true,"href":"https:\/\/www.iemj.org\/de\/wp-json\/wp\/v2\/technique?post=88897"},{"taxonomy":"squelettes","embeddable":true,"href":"https:\/\/www.iemj.org\/de\/wp-json\/wp\/v2\/squelettes?post=88897"},{"taxonomy":"sujet","embeddable":true,"href":"https:\/\/www.iemj.org\/de\/wp-json\/wp\/v2\/sujet?post=88897"},{"taxonomy":"formation","embeddable":true,"href":"https:\/\/www.iemj.org\/de\/wp-json\/wp\/v2\/formation?post=88897"},{"taxonomy":"genre","embeddable":true,"href":"https:\/\/www.iemj.org\/de\/wp-json\/wp\/v2\/genre?post=88897"},{"taxonomy":"fonds","embeddable":true,"href":"https:\/\/www.iemj.org\/de\/wp-json\/wp\/v2\/fonds?post=88897"},{"taxonomy":"tradition","embeddable":true,"href":"https:\/\/www.iemj.org\/de\/wp-json\/wp\/v2\/tradition?post=88897"},{"taxonomy":"type-de-contenu","embeddable":true,"href":"https:\/\/www.iemj.org\/de\/wp-json\/wp\/v2\/type-de-contenu?post=88897"},{"taxonomy":"interprete-compositeur","embeddable":true,"href":"https:\/\/www.iemj.org\/de\/wp-json\/wp\/v2\/interprete-compositeur?post=88897"},{"taxonomy":"frise","embeddable":true,"href":"https:\/\/www.iemj.org\/de\/wp-json\/wp\/v2\/frise?post=88897"},{"taxonomy":"type-devenement","embeddable":true,"href":"https:\/\/www.iemj.org\/de\/wp-json\/wp\/v2\/type-devenement?post=88897"},{"taxonomy":"tableaux-liens-externes","embeddable":true,"href":"https:\/\/www.iemj.org\/de\/wp-json\/wp\/v2\/tableaux-liens-externes?post=88897"}],"curies":[{"name":"wp","href":"https:\/\/api.w.org\/{rel}","templated":true}]}}