{"id":88939,"date":"2018-02-12T17:38:23","date_gmt":"2018-02-12T16:38:23","guid":{"rendered":"https:\/\/www.iemj.org\/toscano-paul\/"},"modified":"2025-09-08T16:40:10","modified_gmt":"2025-09-08T14:40:10","slug":"toscano-paul","status":"publish","type":"post","link":"https:\/\/www.iemj.org\/de\/toscano-paul\/","title":{"rendered":"Toscano, Paul"},"content":{"rendered":"<p>Paul Toscano war ein zigeunerischer Geiger und Dirigent, in der zweiten H\u00e4lfte des 20. Jahrhunderts in Frankreich und Europa bekannt.<\/p>\n<p>Es ist wenig \u00fcber den K\u00fcnstler bekannt, au\u00dfer dass er Geriger im Orchester der Pariser Oper war und zu dieser Zeit f\u00fcr die Unterhaltung bei j\u00fcdischen Hochzeiten \u00e4u\u00dferst gefragt war.<\/p>\n<p>Nach dem Zweiten Weltkrieg, als die Zigeunermusik in den Pariser Kabaretts immer noch sehr pr\u00e4sent war, war Toscano neben anderen Musikern wie Yoska Nemeth oder Mirko Layosh eine der S\u00e4ulen des Kabaretts. Zu den Kabaretts, die Paul Toscano besuchte, geh\u00f6rte zwischen 1951 und 1952 das <em>Dianarzade<\/em>, danach das <em>Rasputin<\/em>, dessen Zigeunerorchester er leitete.<\/p>\n<p><img fetchpriority=\"high\" decoding=\"async\" class=\" alignright size-full wp-image-13970\" src=\"https:\/\/www.iemj.org\/wp-content\/uploads\/2018\/02\/ls_toscano_500px.jpg\" alt=\"ls_toscano_500px.jpg\" width=\"252\" height=\"249\" align=\"right\" srcset=\"https:\/\/www.iemj.org\/wp-content\/uploads\/2018\/02\/ls_toscano_500px.jpg 252w, https:\/\/www.iemj.org\/wp-content\/uploads\/2018\/02\/ls_toscano_500px-100x100.jpg 100w\" sizes=\"(max-width: 252px) 100vw, 252px\" \/><\/p>\n<p>Die LP steckte noch in den Kinderschuhen, und es gibt nur wenige Aufnahmen von seiner Musik. Allerdings wurden Ende der 1940er Jahre einige Titel unter dem Label Elesdisc aufgenommen, das von L\u00e9on Speiser in seiner jiddischen Buchhandlung in der 34 rue des Rosiers, Paris, 4. Arrondissement, gegr\u00fcndet wurde.<\/p>\n<p>Ende der 1940er Jahre gewann er den ersten Preis f\u00fcr \u201eGenremusik\u00a0 \u00a0 \u00a0 \u00a0 \u00a0 \u00a0 \u00a0 \u00a0 \u00a0 \u00a0 \u00a0 \u00a0 \u00a0 \u00a0 \u00a0 \u00a0 \u00a0 \u00a0 \u00a0 \u00a0 \u00a0 \u00a0 \u00a0 \u00a0 \u00a0 \u00a0 \u00a0 \u00a0 \u00a0 \u00a0 \u00a0 \u00a0 \u00a0 \u00a0 \u00a0 \u00a0 \u00a0 \u00a0 \u00a0 \u00a0 \u00a0 \u00a0 \u00a0 \u00a0 \u00a0 \u00a0 \u00a0 \u00a0 \u00a0 \u00a0 \u00a0 \u00a0 \u00a0 \u00a0 \u00a0 \u00a0 \u00a0 \u00a0 \u00a0 \u00a0 \u00a0 \u00a0 \u00a0 \u00a0 \u00a0 \u00a0 \u00a0 \u00a0 \u00a0 \u00a0 \u00a0 \u00a0 \u00a0 \u00a0 \u00a0 \u00a0 \u00a0 \u201c, eine Kategorie, in der vor allem Werke ausgezeichnet wurden, die um 1930 auf 78er Schallplatten zu finden waren und von typischen kleinen Orchestern gespielt wurden.<\/p>\n<p>Paul Toscano trat 1947 in Henri-Georges Clouzots Film <em>Quai des Orf\u00e8vres<\/em> zum ersten Mal auf der Kinoleinwand auf. Er spielte auch eine Rolle in Andr\u00e9 Berthomieus <em>Sc\u00e8nes de m\u00e9nage<\/em> (1947), 1968 in Claude Berris <em>Mazel Tov ou le Mariage<\/em> (1968) und 1986 in Robert Hosseins <em>Le Caviar rouge<\/em> (1986).<\/p>\n<p>Seine Karriere war auch von Fernsehsendungen gepr\u00e4gt: 1967 f\u00fcr den ORTF, dann 1977 und bis in die 1980er Jahre hinein.<\/p>\n<p><a href=\"https:\/\/www.iemj.org\/de\/reedition-du-coffret-musiques-juives-dans-le-paris-dapres-guerre-elesdisc-1948-1953\/\" target=\"_blank\" rel=\"noopener\">Lesen Sie den Artikel <em>Neuauflage des ersten Sets der Sammlung \u201eArchives\u201c \u2013 6 CDs aus den jiddischen Kabaretts der Nachkriegszeit, im IEMJ-Verlag ver\u00f6ffentlicht <\/em><\/a><\/p>\n<p><a href=\"https:\/\/www.iemj.org\/series\/la-bas-chansons-daller-retour-de-nathalie-joly-mise-en-scene-simon-abkarian\/\" target=\"_blank\" rel=\"noopener\">Bestellen Sie das 6-CDs-Set Online im IEMJ -Shop <\/a><\/p>\n<p><a href=\"http:\/\/www.rachelnet.net\/F\/?func=find-c&amp;ccl_term=WRD+%3D+Paul+Toscano&amp;local_base=iemcg\" target=\"_blank\" rel=\"noopener\">Sehen Sie sich unser Archiv zu Paul Toscano an<\/a><\/p>\n<p><img decoding=\"async\" class=\" aligncenter  wp-image-13972\" src=\"https:\/\/www.iemj.org\/wp-content\/uploads\/2018\/02\/doc_1_toscano_500px.jpg\" alt=\"doc_1_toscano_500px.jpg\" width=\"531\" height=\"355\" align=\"middle\" srcset=\"https:\/\/www.iemj.org\/wp-content\/uploads\/2018\/02\/doc_1_toscano_500px.jpg 425w, https:\/\/www.iemj.org\/wp-content\/uploads\/2018\/02\/doc_1_toscano_500px-300x200.jpg 300w\" sizes=\"(max-width: 531px) 100vw, 531px\" \/><\/p>\n<p><img decoding=\"async\" class=\" aligncenter  wp-image-13974\" src=\"https:\/\/www.iemj.org\/wp-content\/uploads\/2018\/02\/capture-25.jpg\" alt=\"capture-25.jpg\" width=\"588\" height=\"456\" align=\"middle\" srcset=\"https:\/\/www.iemj.org\/wp-content\/uploads\/2018\/02\/capture-25.jpg 517w, https:\/\/www.iemj.org\/wp-content\/uploads\/2018\/02\/capture-25-300x233.jpg 300w\" sizes=\"(max-width: 588px) 100vw, 588px\" \/><\/p>\n\n\n<h2 class=\"wp-block-heading\"><\/h2>\n\n\n<div class=\"wp-block-image\">\n<figure class=\"aligncenter size-large\"><img loading=\"lazy\" decoding=\"async\" width=\"1024\" height=\"133\" src=\"https:\/\/www.iemj.org\/wp-content\/uploads\/2024\/03\/AUDIO-PLAYER-1024x133.png\" alt=\"\" class=\"wp-image-110606\" srcset=\"https:\/\/www.iemj.org\/wp-content\/uploads\/2024\/03\/AUDIO-PLAYER-1024x133.png 1024w, https:\/\/www.iemj.org\/wp-content\/uploads\/2024\/03\/AUDIO-PLAYER-300x39.png 300w, https:\/\/www.iemj.org\/wp-content\/uploads\/2024\/03\/AUDIO-PLAYER-768x100.png 768w, https:\/\/www.iemj.org\/wp-content\/uploads\/2024\/03\/AUDIO-PLAYER-600x78.png 600w, https:\/\/www.iemj.org\/wp-content\/uploads\/2024\/03\/AUDIO-PLAYER.png 1210w\" sizes=\"(max-width: 1024px) 100vw, 1024px\" \/><\/figure>\n<\/div>\n\n\n<div class=\"wp-block-file\"><a id=\"wp-block-file--media-f5c43487-1813-4a7d-88cb-462dca29f698\" href=\"https:\/\/www.iemj.org\/wp-content\/uploads\/2018\/02\/tzigane_toujours_-_toscano_coll._archives_.mp3\">Tzigane toujours &#8211; Toscano (Coll. Archives)<\/a><\/div>\n\n\n\n<div class=\"wp-block-file\"><a id=\"wp-block-file--media-4eaff3f0-81d9-4f23-8408-966fcd2d6fd9\" href=\"https:\/\/www.iemj.org\/wp-content\/uploads\/2018\/02\/chanson_du_negev_-_toscano_et_ses_tziganes.mp3\">Chanson du Negev &#8211; Toscano et ses Tziganes<\/a><\/div>\n\n\n\n<div class=\"wp-block-file\"><a id=\"wp-block-file--media-91e638ff-d70a-4e65-86ec-2a5ca6c1bab5\" href=\"https:\/\/www.iemj.org\/wp-content\/uploads\/2018\/02\/doina_-_toscano_coll._archives_.mp3\">Doina &#8211; Toscano (Coll. Archives)<\/a><\/div>\n\n\n\n<div class=\"wp-block-file\"><a id=\"wp-block-file--media-cc6d8951-999c-402b-8574-c577e11a42b4\" href=\"https:\/\/www.iemj.org\/wp-content\/uploads\/2018\/02\/coutumes_-_toscano_et_ses_tziganes.mp3\">Coutumes &#8211; Toscano et ses Tziganes<\/a><\/div>\n\n\n\n<div class=\"wp-block-file\"><a id=\"wp-block-file--media-0199fce6-8488-4ecf-a449-1026cec5ad16\" href=\"https:\/\/www.iemj.org\/wp-content\/uploads\/2018\/02\/la_petite_porte_du_jardin_tziganowsky_-_toscano.mp3\">La Petite porte du jardin (Tziganowsky) &#8211; Toscano<\/a><\/div>\n","protected":false},"excerpt":{"rendered":"<p>Paul Toscano war ein zigeunerischer Geiger und Dirigent, in der zweiten H\u00e4lfte des 20. Jahrhunderts in Frankreich und Europa bekannt. Es ist wenig \u00fcber den K\u00fcnstler bekannt, au\u00dfer dass er<\/p>\n","protected":false},"author":1052,"featured_media":53515,"comment_status":"closed","ping_status":"closed","sticky":false,"template":"","format":"standard","meta":{"_acf_changed":false,"footnotes":""},"categories":[1415],"tags":[],"technique":[],"squelettes":[],"sujet":[],"formation":[],"genre":[],"fonds":[],"tradition":[],"type-de-contenu":[],"interprete-compositeur":[],"frise":[],"type-devenement":[],"tableaux-liens-externes":[],"class_list":["post-88939","post","type-post","status-publish","format-standard","has-post-thumbnail","hentry","category-biografien-de"],"acf":[],"yoast_head":"<!-- This site is optimized with the Yoast SEO plugin v27.3 - https:\/\/yoast.com\/product\/yoast-seo-wordpress\/ -->\n<title>Toscano, Paul - Institut Europ\u00e9en des Musiques Juives<\/title>\n<meta name=\"robots\" content=\"index, follow, max-snippet:-1, max-image-preview:large, max-video-preview:-1\" \/>\n<link rel=\"canonical\" href=\"https:\/\/www.iemj.org\/de\/toscano-paul\/\" \/>\n<meta property=\"og:locale\" content=\"de_DE\" \/>\n<meta property=\"og:type\" content=\"article\" \/>\n<meta property=\"og:title\" content=\"Toscano, Paul - Institut Europ\u00e9en des Musiques Juives\" \/>\n<meta property=\"og:description\" content=\"Paul Toscano war ein zigeunerischer Geiger und Dirigent, in der zweiten H\u00e4lfte des 20. Jahrhunderts in Frankreich und Europa bekannt. Es ist wenig \u00fcber den K\u00fcnstler bekannt, au\u00dfer dass er\" \/>\n<meta property=\"og:url\" content=\"https:\/\/www.iemj.org\/de\/toscano-paul\/\" \/>\n<meta property=\"og:site_name\" content=\"Institut Europ\u00e9en des Musiques Juives\" \/>\n<meta property=\"article:publisher\" content=\"https:\/\/www.facebook.com\/MusiquesJuives\/\" \/>\n<meta property=\"article:published_time\" content=\"2018-02-12T16:38:23+00:00\" \/>\n<meta property=\"article:modified_time\" content=\"2025-09-08T14:40:10+00:00\" \/>\n<meta property=\"og:image\" content=\"https:\/\/www.iemj.org\/wp-content\/uploads\/2018\/02\/arton2272-e1625473806708.jpg\" \/>\n\t<meta property=\"og:image:width\" content=\"188\" \/>\n\t<meta property=\"og:image:height\" content=\"218\" \/>\n\t<meta property=\"og:image:type\" content=\"image\/jpeg\" \/>\n<meta name=\"author\" content=\"Lea Couderc\" \/>\n<meta name=\"twitter:card\" content=\"summary_large_image\" \/>\n<meta name=\"twitter:label1\" content=\"Verfasst von\" \/>\n\t<meta name=\"twitter:data1\" content=\"Lea Couderc\" \/>\n\t<meta name=\"twitter:label2\" content=\"Gesch\u00e4tzte Lesezeit\" \/>\n\t<meta name=\"twitter:data2\" content=\"3\u00a0Minuten\" \/>\n<script type=\"application\/ld+json\" class=\"yoast-schema-graph\">{\"@context\":\"https:\\\/\\\/schema.org\",\"@graph\":[{\"@type\":\"Article\",\"@id\":\"https:\\\/\\\/www.iemj.org\\\/de\\\/toscano-paul\\\/#article\",\"isPartOf\":{\"@id\":\"https:\\\/\\\/www.iemj.org\\\/de\\\/toscano-paul\\\/\"},\"author\":{\"name\":\"Lea Couderc\",\"@id\":\"https:\\\/\\\/www.iemj.org\\\/de\\\/#\\\/schema\\\/person\\\/e2ad57f2c4be119c7ed8ab79036807a9\"},\"headline\":\"Toscano, Paul\",\"datePublished\":\"2018-02-12T16:38:23+00:00\",\"dateModified\":\"2025-09-08T14:40:10+00:00\",\"mainEntityOfPage\":{\"@id\":\"https:\\\/\\\/www.iemj.org\\\/de\\\/toscano-paul\\\/\"},\"wordCount\":333,\"publisher\":{\"@id\":\"https:\\\/\\\/www.iemj.org\\\/de\\\/#organization\"},\"image\":{\"@id\":\"https:\\\/\\\/www.iemj.org\\\/de\\\/toscano-paul\\\/#primaryimage\"},\"thumbnailUrl\":\"https:\\\/\\\/www.iemj.org\\\/wp-content\\\/uploads\\\/2018\\\/02\\\/arton2272-e1625473806708.jpg\",\"articleSection\":[\"Biografien\"],\"inLanguage\":\"de\"},{\"@type\":\"WebPage\",\"@id\":\"https:\\\/\\\/www.iemj.org\\\/de\\\/toscano-paul\\\/\",\"url\":\"https:\\\/\\\/www.iemj.org\\\/de\\\/toscano-paul\\\/\",\"name\":\"Toscano, Paul - Institut Europ\u00e9en des Musiques Juives\",\"isPartOf\":{\"@id\":\"https:\\\/\\\/www.iemj.org\\\/de\\\/#website\"},\"primaryImageOfPage\":{\"@id\":\"https:\\\/\\\/www.iemj.org\\\/de\\\/toscano-paul\\\/#primaryimage\"},\"image\":{\"@id\":\"https:\\\/\\\/www.iemj.org\\\/de\\\/toscano-paul\\\/#primaryimage\"},\"thumbnailUrl\":\"https:\\\/\\\/www.iemj.org\\\/wp-content\\\/uploads\\\/2018\\\/02\\\/arton2272-e1625473806708.jpg\",\"datePublished\":\"2018-02-12T16:38:23+00:00\",\"dateModified\":\"2025-09-08T14:40:10+00:00\",\"breadcrumb\":{\"@id\":\"https:\\\/\\\/www.iemj.org\\\/de\\\/toscano-paul\\\/#breadcrumb\"},\"inLanguage\":\"de\",\"potentialAction\":[{\"@type\":\"ReadAction\",\"target\":[\"https:\\\/\\\/www.iemj.org\\\/de\\\/toscano-paul\\\/\"]}]},{\"@type\":\"ImageObject\",\"inLanguage\":\"de\",\"@id\":\"https:\\\/\\\/www.iemj.org\\\/de\\\/toscano-paul\\\/#primaryimage\",\"url\":\"https:\\\/\\\/www.iemj.org\\\/wp-content\\\/uploads\\\/2018\\\/02\\\/arton2272-e1625473806708.jpg\",\"contentUrl\":\"https:\\\/\\\/www.iemj.org\\\/wp-content\\\/uploads\\\/2018\\\/02\\\/arton2272-e1625473806708.jpg\",\"width\":188,\"height\":218},{\"@type\":\"BreadcrumbList\",\"@id\":\"https:\\\/\\\/www.iemj.org\\\/de\\\/toscano-paul\\\/#breadcrumb\",\"itemListElement\":[{\"@type\":\"ListItem\",\"position\":1,\"name\":\"Accueil\",\"item\":\"https:\\\/\\\/www.iemj.org\\\/de\\\/\"},{\"@type\":\"ListItem\",\"position\":2,\"name\":\"Toscano, Paul\"}]},{\"@type\":\"WebSite\",\"@id\":\"https:\\\/\\\/www.iemj.org\\\/de\\\/#website\",\"url\":\"https:\\\/\\\/www.iemj.org\\\/de\\\/\",\"name\":\"Institut Europ\u00e9en des Musiques Juives\",\"description\":\"Des traditions musicales \u00e0 la port\u00e9e de tous\",\"publisher\":{\"@id\":\"https:\\\/\\\/www.iemj.org\\\/de\\\/#organization\"},\"potentialAction\":[{\"@type\":\"SearchAction\",\"target\":{\"@type\":\"EntryPoint\",\"urlTemplate\":\"https:\\\/\\\/www.iemj.org\\\/de\\\/?s={search_term_string}\"},\"query-input\":{\"@type\":\"PropertyValueSpecification\",\"valueRequired\":true,\"valueName\":\"search_term_string\"}}],\"inLanguage\":\"de\"},{\"@type\":\"Organization\",\"@id\":\"https:\\\/\\\/www.iemj.org\\\/de\\\/#organization\",\"name\":\"Institut Europ\u00e9en des Musiques Juives\",\"url\":\"https:\\\/\\\/www.iemj.org\\\/de\\\/\",\"logo\":{\"@type\":\"ImageObject\",\"inLanguage\":\"de\",\"@id\":\"https:\\\/\\\/www.iemj.org\\\/de\\\/#\\\/schema\\\/logo\\\/image\\\/\",\"url\":\"https:\\\/\\\/www.iemj.org\\\/wp-content\\\/uploads\\\/2021\\\/09\\\/Logo-IEMJ-Paypal.jpg\",\"contentUrl\":\"https:\\\/\\\/www.iemj.org\\\/wp-content\\\/uploads\\\/2021\\\/09\\\/Logo-IEMJ-Paypal.jpg\",\"width\":150,\"height\":50,\"caption\":\"Institut Europ\u00e9en des Musiques Juives\"},\"image\":{\"@id\":\"https:\\\/\\\/www.iemj.org\\\/de\\\/#\\\/schema\\\/logo\\\/image\\\/\"},\"sameAs\":[\"https:\\\/\\\/www.facebook.com\\\/MusiquesJuives\\\/\",\"https:\\\/\\\/www.instagram.com\\\/musiquesjuives\\\/\",\"https:\\\/\\\/www.youtube.com\\\/user\\\/musiquesjuives\"]},{\"@type\":\"Person\",\"@id\":\"https:\\\/\\\/www.iemj.org\\\/de\\\/#\\\/schema\\\/person\\\/e2ad57f2c4be119c7ed8ab79036807a9\",\"name\":\"Lea Couderc\",\"image\":{\"@type\":\"ImageObject\",\"inLanguage\":\"de\",\"@id\":\"https:\\\/\\\/secure.gravatar.com\\\/avatar\\\/46ee021475d60aeff17a7e490b79dea5a5684bb392ab7fd1494027411df8ba23?s=96&d=mm&r=g\",\"url\":\"https:\\\/\\\/secure.gravatar.com\\\/avatar\\\/46ee021475d60aeff17a7e490b79dea5a5684bb392ab7fd1494027411df8ba23?s=96&d=mm&r=g\",\"contentUrl\":\"https:\\\/\\\/secure.gravatar.com\\\/avatar\\\/46ee021475d60aeff17a7e490b79dea5a5684bb392ab7fd1494027411df8ba23?s=96&d=mm&r=g\",\"caption\":\"Lea Couderc\"}}]}<\/script>\n<!-- \/ Yoast SEO plugin. -->","yoast_head_json":{"title":"Toscano, Paul - Institut Europ\u00e9en des Musiques Juives","robots":{"index":"index","follow":"follow","max-snippet":"max-snippet:-1","max-image-preview":"max-image-preview:large","max-video-preview":"max-video-preview:-1"},"canonical":"https:\/\/www.iemj.org\/de\/toscano-paul\/","og_locale":"de_DE","og_type":"article","og_title":"Toscano, Paul - Institut Europ\u00e9en des Musiques Juives","og_description":"Paul Toscano war ein zigeunerischer Geiger und Dirigent, in der zweiten H\u00e4lfte des 20. Jahrhunderts in Frankreich und Europa bekannt. Es ist wenig \u00fcber den K\u00fcnstler bekannt, au\u00dfer dass er","og_url":"https:\/\/www.iemj.org\/de\/toscano-paul\/","og_site_name":"Institut Europ\u00e9en des Musiques Juives","article_publisher":"https:\/\/www.facebook.com\/MusiquesJuives\/","article_published_time":"2018-02-12T16:38:23+00:00","article_modified_time":"2025-09-08T14:40:10+00:00","og_image":[{"width":188,"height":218,"url":"https:\/\/www.iemj.org\/wp-content\/uploads\/2018\/02\/arton2272-e1625473806708.jpg","type":"image\/jpeg"}],"author":"Lea Couderc","twitter_card":"summary_large_image","twitter_misc":{"Verfasst von":"Lea Couderc","Gesch\u00e4tzte Lesezeit":"3\u00a0Minuten"},"schema":{"@context":"https:\/\/schema.org","@graph":[{"@type":"Article","@id":"https:\/\/www.iemj.org\/de\/toscano-paul\/#article","isPartOf":{"@id":"https:\/\/www.iemj.org\/de\/toscano-paul\/"},"author":{"name":"Lea Couderc","@id":"https:\/\/www.iemj.org\/de\/#\/schema\/person\/e2ad57f2c4be119c7ed8ab79036807a9"},"headline":"Toscano, Paul","datePublished":"2018-02-12T16:38:23+00:00","dateModified":"2025-09-08T14:40:10+00:00","mainEntityOfPage":{"@id":"https:\/\/www.iemj.org\/de\/toscano-paul\/"},"wordCount":333,"publisher":{"@id":"https:\/\/www.iemj.org\/de\/#organization"},"image":{"@id":"https:\/\/www.iemj.org\/de\/toscano-paul\/#primaryimage"},"thumbnailUrl":"https:\/\/www.iemj.org\/wp-content\/uploads\/2018\/02\/arton2272-e1625473806708.jpg","articleSection":["Biografien"],"inLanguage":"de"},{"@type":"WebPage","@id":"https:\/\/www.iemj.org\/de\/toscano-paul\/","url":"https:\/\/www.iemj.org\/de\/toscano-paul\/","name":"Toscano, Paul - Institut Europ\u00e9en des Musiques Juives","isPartOf":{"@id":"https:\/\/www.iemj.org\/de\/#website"},"primaryImageOfPage":{"@id":"https:\/\/www.iemj.org\/de\/toscano-paul\/#primaryimage"},"image":{"@id":"https:\/\/www.iemj.org\/de\/toscano-paul\/#primaryimage"},"thumbnailUrl":"https:\/\/www.iemj.org\/wp-content\/uploads\/2018\/02\/arton2272-e1625473806708.jpg","datePublished":"2018-02-12T16:38:23+00:00","dateModified":"2025-09-08T14:40:10+00:00","breadcrumb":{"@id":"https:\/\/www.iemj.org\/de\/toscano-paul\/#breadcrumb"},"inLanguage":"de","potentialAction":[{"@type":"ReadAction","target":["https:\/\/www.iemj.org\/de\/toscano-paul\/"]}]},{"@type":"ImageObject","inLanguage":"de","@id":"https:\/\/www.iemj.org\/de\/toscano-paul\/#primaryimage","url":"https:\/\/www.iemj.org\/wp-content\/uploads\/2018\/02\/arton2272-e1625473806708.jpg","contentUrl":"https:\/\/www.iemj.org\/wp-content\/uploads\/2018\/02\/arton2272-e1625473806708.jpg","width":188,"height":218},{"@type":"BreadcrumbList","@id":"https:\/\/www.iemj.org\/de\/toscano-paul\/#breadcrumb","itemListElement":[{"@type":"ListItem","position":1,"name":"Accueil","item":"https:\/\/www.iemj.org\/de\/"},{"@type":"ListItem","position":2,"name":"Toscano, Paul"}]},{"@type":"WebSite","@id":"https:\/\/www.iemj.org\/de\/#website","url":"https:\/\/www.iemj.org\/de\/","name":"Institut Europ\u00e9en des Musiques Juives","description":"Des traditions musicales \u00e0 la port\u00e9e de tous","publisher":{"@id":"https:\/\/www.iemj.org\/de\/#organization"},"potentialAction":[{"@type":"SearchAction","target":{"@type":"EntryPoint","urlTemplate":"https:\/\/www.iemj.org\/de\/?s={search_term_string}"},"query-input":{"@type":"PropertyValueSpecification","valueRequired":true,"valueName":"search_term_string"}}],"inLanguage":"de"},{"@type":"Organization","@id":"https:\/\/www.iemj.org\/de\/#organization","name":"Institut Europ\u00e9en des Musiques Juives","url":"https:\/\/www.iemj.org\/de\/","logo":{"@type":"ImageObject","inLanguage":"de","@id":"https:\/\/www.iemj.org\/de\/#\/schema\/logo\/image\/","url":"https:\/\/www.iemj.org\/wp-content\/uploads\/2021\/09\/Logo-IEMJ-Paypal.jpg","contentUrl":"https:\/\/www.iemj.org\/wp-content\/uploads\/2021\/09\/Logo-IEMJ-Paypal.jpg","width":150,"height":50,"caption":"Institut Europ\u00e9en des Musiques Juives"},"image":{"@id":"https:\/\/www.iemj.org\/de\/#\/schema\/logo\/image\/"},"sameAs":["https:\/\/www.facebook.com\/MusiquesJuives\/","https:\/\/www.instagram.com\/musiquesjuives\/","https:\/\/www.youtube.com\/user\/musiquesjuives"]},{"@type":"Person","@id":"https:\/\/www.iemj.org\/de\/#\/schema\/person\/e2ad57f2c4be119c7ed8ab79036807a9","name":"Lea Couderc","image":{"@type":"ImageObject","inLanguage":"de","@id":"https:\/\/secure.gravatar.com\/avatar\/46ee021475d60aeff17a7e490b79dea5a5684bb392ab7fd1494027411df8ba23?s=96&d=mm&r=g","url":"https:\/\/secure.gravatar.com\/avatar\/46ee021475d60aeff17a7e490b79dea5a5684bb392ab7fd1494027411df8ba23?s=96&d=mm&r=g","contentUrl":"https:\/\/secure.gravatar.com\/avatar\/46ee021475d60aeff17a7e490b79dea5a5684bb392ab7fd1494027411df8ba23?s=96&d=mm&r=g","caption":"Lea Couderc"}}]}},"_links":{"self":[{"href":"https:\/\/www.iemj.org\/de\/wp-json\/wp\/v2\/posts\/88939","targetHints":{"allow":["GET"]}}],"collection":[{"href":"https:\/\/www.iemj.org\/de\/wp-json\/wp\/v2\/posts"}],"about":[{"href":"https:\/\/www.iemj.org\/de\/wp-json\/wp\/v2\/types\/post"}],"author":[{"embeddable":true,"href":"https:\/\/www.iemj.org\/de\/wp-json\/wp\/v2\/users\/1052"}],"replies":[{"embeddable":true,"href":"https:\/\/www.iemj.org\/de\/wp-json\/wp\/v2\/comments?post=88939"}],"version-history":[{"count":0,"href":"https:\/\/www.iemj.org\/de\/wp-json\/wp\/v2\/posts\/88939\/revisions"}],"wp:featuredmedia":[{"embeddable":true,"href":"https:\/\/www.iemj.org\/de\/wp-json\/wp\/v2\/media\/53515"}],"wp:attachment":[{"href":"https:\/\/www.iemj.org\/de\/wp-json\/wp\/v2\/media?parent=88939"}],"wp:term":[{"taxonomy":"category","embeddable":true,"href":"https:\/\/www.iemj.org\/de\/wp-json\/wp\/v2\/categories?post=88939"},{"taxonomy":"post_tag","embeddable":true,"href":"https:\/\/www.iemj.org\/de\/wp-json\/wp\/v2\/tags?post=88939"},{"taxonomy":"technique","embeddable":true,"href":"https:\/\/www.iemj.org\/de\/wp-json\/wp\/v2\/technique?post=88939"},{"taxonomy":"squelettes","embeddable":true,"href":"https:\/\/www.iemj.org\/de\/wp-json\/wp\/v2\/squelettes?post=88939"},{"taxonomy":"sujet","embeddable":true,"href":"https:\/\/www.iemj.org\/de\/wp-json\/wp\/v2\/sujet?post=88939"},{"taxonomy":"formation","embeddable":true,"href":"https:\/\/www.iemj.org\/de\/wp-json\/wp\/v2\/formation?post=88939"},{"taxonomy":"genre","embeddable":true,"href":"https:\/\/www.iemj.org\/de\/wp-json\/wp\/v2\/genre?post=88939"},{"taxonomy":"fonds","embeddable":true,"href":"https:\/\/www.iemj.org\/de\/wp-json\/wp\/v2\/fonds?post=88939"},{"taxonomy":"tradition","embeddable":true,"href":"https:\/\/www.iemj.org\/de\/wp-json\/wp\/v2\/tradition?post=88939"},{"taxonomy":"type-de-contenu","embeddable":true,"href":"https:\/\/www.iemj.org\/de\/wp-json\/wp\/v2\/type-de-contenu?post=88939"},{"taxonomy":"interprete-compositeur","embeddable":true,"href":"https:\/\/www.iemj.org\/de\/wp-json\/wp\/v2\/interprete-compositeur?post=88939"},{"taxonomy":"frise","embeddable":true,"href":"https:\/\/www.iemj.org\/de\/wp-json\/wp\/v2\/frise?post=88939"},{"taxonomy":"type-devenement","embeddable":true,"href":"https:\/\/www.iemj.org\/de\/wp-json\/wp\/v2\/type-devenement?post=88939"},{"taxonomy":"tableaux-liens-externes","embeddable":true,"href":"https:\/\/www.iemj.org\/de\/wp-json\/wp\/v2\/tableaux-liens-externes?post=88939"}],"curies":[{"name":"wp","href":"https:\/\/api.w.org\/{rel}","templated":true}]}}