{"id":89146,"date":"2019-02-13T09:37:05","date_gmt":"2019-02-13T08:37:05","guid":{"rendered":"https:\/\/www.iemj.org\/sillamy-jean-claude-1932-2016\/"},"modified":"2022-10-24T16:47:10","modified_gmt":"2022-10-24T14:47:10","slug":"sillamy-jean-claude-1932-2016","status":"publish","type":"post","link":"https:\/\/www.iemj.org\/de\/sillamy-jean-claude-1932-2016\/","title":{"rendered":"Sillamy, Jean-Claude (1932-2016)"},"content":{"rendered":"<p>Jean-Claude Sillamy wurde am 24. Juli 1932 in Algier, in eine Musikerfamilie hineingeboren. Sein Vater Charles war Leiter einer Musikschule, und Jean-Claude wurde seit seiner fr\u00fchesten Kindheit mit allen Werken gro\u00dfer Komponisten vertraut.<\/p>\n<p>Mit 9 Jahren leitete er schon ein kleines Sinfonieorchester. Mit zehn Jahren besuchte er den musikalischen Elementarunterricht am Konservatorium von Algier; Er studierte dort Harmonielehre und erhielt einen ersten Preis in Musikkomposition f\u00fcr ein Werk f\u00fcr Streichquartett.<\/p>\n<p>Sp\u00e4ter interessierte sich ein M\u00e4zen f\u00fcr das Schicksal dieses besonders begabten jungen Musikers und stellte ihm die Mittel zur Verf\u00fcgung, um sein Studium in Paris fortzusetzen. So trat er in die Kontrapunkt- und Fugenklasse von No\u00ebl Gallon am Pariser Konservatorium ein.<\/p>\n<p>Parallel dazu arbeitete er drei Jahre lang an der \u00c9cole Normale de Musique de Paris unter der Leitung von Alice Pelliot, einer ehemaligen Lehrerin von Darius Milhaud und Arthur Honegger. Au\u00dferdem studierte er Harmonielehre und Chorgesang am Institut Gr\u00e9gorien unter der Leitung von \u00c9douard Souberbielle.<\/p>\n<p><img fetchpriority=\"high\" decoding=\"async\" class=\" alignright size-full wp-image-22725\" src=\"https:\/\/www.iemj.org\/wp-content\/uploads\/2019\/02\/affiche_concert.jpg\" alt=\"affiche_concert.jpg\" width=\"242\" height=\"250\" align=\"right\" \/><\/p>\n<p>Gleichzeitig schloss er sein Studium an der Universit\u00e4t ab (er erhielt einen Abschluss im Fachbereich Psychologie) und begann, in israelitischen Kreisen zu verkehren, insbesondere an der Gilbert-Bloch-Schule in Orsay. Er interessierte sich sehr f\u00fcr dieses Zentrum f\u00fcr j\u00fcdische Studien und begann, sich intensiver mit Bibelstudien zu besch\u00e4ftigen. Was Jean-Claude Sillamy am meisten beeindruckte, waren die traditionellen Lieder, die von j\u00fcdischen Sch\u00fclern aus verschiedenen Gemeinden (Nordafrika, Mittel- und Osteuropa, Asien&#8230;) vorgetragen werden. Seine Neugier wurde von den seltsamen Zeichen angezogen, die \u00fcber dem biblischen Text angebracht sind. Er ahnte, dass es sich dabei um eine alte Musiknotation handelt, die in der Lage ist, die ber\u00fchmte Musik der Antike wiederzugeben, von der man sagte, sie sei f\u00fcr immer verschwunden. Er ahnte, dass diese traditionellen Lieder schwarz auf wei\u00df in antiken Musikzeichen \u00fcber oder unter dem Bibeltext notiert waren. Diese Entdeckung ersch\u00fctterte ihn. Ist die Bibel also ein gesungenes und notiertes Dokument? Es ginge nur darum, diese Hieroglyphen, die im Hebr\u00e4ischen \u201eTaamim\u201c (<em>Taam<\/em> im Singular) genannt werden, zu entziffern und zu interpretieren.<\/p>\n<p><img decoding=\"async\" class=\" alignleft size-full wp-image-22727\" src=\"https:\/\/www.iemj.org\/wp-content\/uploads\/2019\/02\/disque_l_arche_d_alliance.jpg\" alt=\"disque_l_arche_d_alliance.jpg\" width=\"224\" height=\"220\" align=\"left\" \/><\/p>\n<p>Damals begann seine Karriere als Musikwissenschaftler. Um die Arbeitsmethoden besser kennen zu lernen, schrieb er sich am Institut f\u00fcr Musikwissenschaft in Paris ein und arbeitete unter der Leitung seines angesehenen Lehrers Jacques Chailley. Um die Abstammung des gregorianischen Gesangs vom hebr\u00e4ischen Gesang aufzuzeigen, arbeitete er in Zusammenarbeit und unter der Leitung von Solange Corbin am Institut des Hautes \u00c9tudes an der Sorbonne. W\u00e4hrend dieser Zeit erstellte er die Vergleichstabellen zwischen den lateinischen Neumen und den hebr\u00e4ischen <em>Taamim<\/em>. Er wurde in die Soci\u00e9t\u00e9 Fran\u00e7aise und die Soci\u00e9t\u00e9 Internationale de Musicologie aufgenommen.<\/p>\n<p>Mit einem Tonbandger\u00e4t ausger\u00fcstet, reiste er durch mehrere L\u00e4nder und nahm unerm\u00fcdlich die liturgischen Ges\u00e4nge vieler j\u00fcdischer Gemeinden auf, die nach den <em>Taamim<\/em> gesungen wurden. Er verbrachte mehrere Jahre mit der Auswertung, Entzifferung und Interpretation der Tonb\u00e4nder. Die B\u00e4nder sind in der Nationalphonothek in Paris sowie in der Universit\u00e4t Jerusalem in der Abteilung f\u00fcr Musikwissenschaft hinterlegt, die damals von <a href=\"https:\/\/www.iemj.org\/adler-israel-1925-2009\/\">Israel Adler<\/a> geleitet wurde.<\/p>\n<p>Er verglich die Melodien untereinander, um das urspr\u00fcngliche Thema wiederzufinden, und stellte nach einer sorgf\u00e4ltigen Kleinarbeit die Hypothese auf, dass die vielen Melodien auf ganz bestimmte Tonleitern zur\u00fcckzuf\u00fchren waren. So ging er Schritt f\u00fcr Schritt die Geschichte der Musik der Hebr\u00e4er durch: Er orientierte sich mit Hilfe der Angaben in der Bibel und besuchte die gr\u00f6\u00dften Museen, um die alten Instrumente zu finden, mit denen die Musik der Hebr\u00e4er erzeugt wurde, von der die Bibel sagt, dass sie \u201ezart und s\u00fc\u00df\u201c war.<\/p>\n<p><img decoding=\"async\" class=\"size-full wp-image-22729 alignright\" src=\"https:\/\/www.iemj.org\/wp-content\/uploads\/2019\/02\/rond_de_disque.jpg\" alt=\"rond_de_disque.jpg\" width=\"245\" height=\"240\" align=\"left\" \/><\/p>\n<p>Er st\u00fctzte sich auf Daten aus der Geschichte, Musikwissenschaft, Arch\u00e4ologie, Notarikon, Gematrie, Astronomie und Akustik, ma\u00df musikalische Intervalle in Zusammenarbeit mit dem Physiker J. Sayag, rekonstruierte Instrumente aus der Antike und entdeckte so die Tonskalen, die f\u00fcr die Konstruktion hebr\u00e4ischer Melodien verwendet wurden.<\/p>\n<p>Die Analyse der hebr\u00e4ischen <em>Taamim<\/em> enth\u00fcllte ihm eine \u00e4u\u00dferst ausgefeilte musikalische Technik aus der Zeit der ersten K\u00f6nige Israels, bei der eine Tonleiter in Abh\u00e4ngigkeit von und ausgehend von einer anderen erstellt wurde. W\u00e4hrend die erste Tonleiter diatonisch und streng war, ist die zweite, die auf der ersten aufbaut, chromatisch, d. h. farbig, unter Verwendung der erh\u00f6hten Sekunde. Die Entstehung der Grund- und Erg\u00e4nzungstonleitern soll nach gr\u00fcndlichen Gesetzen erfolgen.<br \/>\nNach dieser Theorie k\u00f6nnen diese unterschiedlichen Tonleitern (diatonisch, chromatisch, enharmonisch), wenn sie aus demselben Grundtonleiter sind, \u00fcberlagern, was eine erstaunliche Polyphonie erm\u00f6glicht, die noch heute in den Ges\u00e4ngen der archaischen j\u00fcdischen Gemeinden im Jemen oder in Tunesien (Djerba) zu finden ist.<\/p>\n<p><img loading=\"lazy\" decoding=\"async\" class=\"size-full wp-image-22731 alignleft\" src=\"https:\/\/www.iemj.org\/wp-content\/uploads\/2019\/02\/un_mariage_sacre.jpg\" alt=\"un_mariage_sacre.jpg\" width=\"182\" height=\"260\" align=\"right\" \/>Selon cette th\u00e9orie, ces \u00e9chelles musicales diverses : diatoniques, chromatiques, enharmoniques, lorsqu\u2019elles sont issues de la m\u00eame gamme fondamentale, ont la possibilit\u00e9 de se superposer, ce qui permet une polyphonie \u00e9tonnante que l\u2019on retrouve encore aujourd\u2019hui chant\u00e9e par les archa\u00efques communaut\u00e9s juives du Y\u00e9men ou de Tunisie (Djerba).<\/p>\n<p>So kam Jean-Claude Sillamy entgegen der weit verbreiteten Meinung, die die Entstehung der Polyphonie auf die gro\u00dfen Kathedralen des Mittelalters zur\u00fcckf\u00fchrte, zu dem Schluss, dass die Polyphonie im Gro\u00dfen Tempel von Jerusalem und insbesondere zur Zeit K\u00f6nig Davids weit verbreitet war. Diese Harmonie ist v\u00f6llig anders als unsere westliche Harmonie, die auf der Terz und der Funktion: Spannung\/Entspannung \u2013 Dominante\/Tonika beruht. Jean-Claude Sillamy machte sich also daran, diese Harmonie zu suchen, wobei er alle am Konservatorium erworbenen Kenntnisse au\u00dfer Acht lie\u00df.<\/p>\n<p>F\u00fcr ihn besitzt jede Musik der Welt, vor allem die nicht gleichstufige Musik, virtuell in sich ihre eigenen Harmonien. Indem er versucht, diese melodische und harmonische Sprache der Antike wiederzufinden und sie an unser westliches temperiertes System anzupassen, komponiert Jean-Claude Sillamy eine originelle Musik.<\/p>\n<p><img loading=\"lazy\" decoding=\"async\" class=\"size-full wp-image-22733 alignright\" src=\"https:\/\/www.iemj.org\/wp-content\/uploads\/2019\/02\/la_musique_dans_la_bible.jpg\" alt=\"la_musique_dans_la_bible.jpg\" width=\"213\" height=\"300\" align=\"left\" \/><\/p>\n<p>Diese Musik, die das Ergebnis eines einzelnen Komponisten ist, l\u00e4sst sich in keinen der bekannten traditionellen Rahmen einordnen: Serielle Musik (Sch\u00f6nberg), \u201emusique concr\u00e8te\u201c oder konkrete Musik (Pierre Schaeffer) &#8230; Sie bricht mit dem Zerfall, dem Zersplittern der Melodie, um \u201edie Kantilene\u201c, den Gesang, diesen ewigen Ausdruck der menschlichen Seele, wieder hervorzuheben.<\/p>\n<p>Mit dieser Arbeit hat sich Jean-Claude Sillamy dem gro\u00dfen Projekt gewidmet, dem israelitischen Gesang einen neuen Aufschwung und Ausdruck zu verleihen. So ver\u00f6ffentlichte er mehrere B\u00fccher und Studien, die vor allem der j\u00fcdischen Musik gewidmet waren (Essay zur Rekonstruktion der biblischen Musik, 1957; Die Musik im alten Orient, 2 B\u00e4nde, 1986; Die Musik der nordafrikanischen j\u00fcdischen Gemeinden, 1987; Eine Studie zum <a href=\"https:\/\/www.iemj.org\/de\/le-principe-de-la-modulation-dans-le-fragment-babylonien-dur-u-7-80-xviiieme-siecle-av-j-c-a-partir-dun-instrument-de-lepoque-non-identifie-le-gis-za-mi\/\" target=\"_blank\" rel=\"noopener\">Prinzip der Modulation im Babylonischen Fragment aus Ur : U.7\/80 (18. Jh. vor Chr.) (anhand eines nicht identifizierten Instruments aus dieser Zeit : \u201egis za mi\u201c)<\/a>).<\/p>\n<p>Umgeben von seinen Angeh\u00f6rigen starb er am 29. Juli 2016 in Ajaccio.<\/p>\n<p>Sein Archiv, das seine Witwe Lina Sillamy im November 2016 dem Institut Europ\u00e9en des musiques Juives \u00fcbergab, besteht aus etwa 80 Dokumenten (Schallplatten, Feldaufnahmen, Artikel, B\u00fccher, Fotos&#8230;), von denen die meisten heute unauffindbar sind.<\/p>\n<p><a href=\"https:\/\/www.iemj.org\/de\/fonds-jean-claude-sillamy\/\" target=\"_blank\" rel=\"noopener\">Lesen Sie den Artikel \u00fcber den Sillamy-Bestand<\/a><br \/>\n<a href=\"http:\/\/www.rachelnet.net\/F\/?func=find-c&amp;ccl_term=WRD+%3D+Jean-Claude+Sillamy&amp;local_base=iemcg\" target=\"_blank\" rel=\"noopener\">Sehen Sie sich die Dokumente des Sillamy-Bestands an<\/a><\/p>\n","protected":false},"excerpt":{"rendered":"<p>Jean-Claude Sillamy wurde am 24. Juli 1932 in Algier, in eine Musikerfamilie hineingeboren. Sein Vater Charles war Leiter einer Musikschule, und Jean-Claude wurde seit seiner fr\u00fchesten Kindheit mit allen Werken<\/p>\n","protected":false},"author":5,"featured_media":53450,"comment_status":"closed","ping_status":"open","sticky":false,"template":"","format":"standard","meta":{"_acf_changed":false,"footnotes":""},"categories":[1415],"tags":[],"technique":[],"squelettes":[],"sujet":[2095],"formation":[],"genre":[],"fonds":[],"tradition":[],"type-de-contenu":[],"interprete-compositeur":[],"frise":[],"type-devenement":[],"tableaux-liens-externes":[],"class_list":["post-89146","post","type-post","status-publish","format-standard","has-post-thumbnail","hentry","category-biografien-de","sujet-biblische-akzente-teamim-de"],"acf":[],"yoast_head":"<!-- This site is optimized with the Yoast SEO plugin v27.3 - https:\/\/yoast.com\/product\/yoast-seo-wordpress\/ -->\n<title>Sillamy, Jean-Claude (1932-2016) - Institut Europ\u00e9en des Musiques Juives<\/title>\n<meta name=\"robots\" content=\"index, follow, max-snippet:-1, max-image-preview:large, max-video-preview:-1\" \/>\n<link rel=\"canonical\" href=\"https:\/\/www.iemj.org\/de\/sillamy-jean-claude-1932-2016\/\" \/>\n<meta property=\"og:locale\" content=\"de_DE\" \/>\n<meta property=\"og:type\" content=\"article\" \/>\n<meta property=\"og:title\" content=\"Sillamy, Jean-Claude (1932-2016) - Institut Europ\u00e9en des Musiques Juives\" \/>\n<meta property=\"og:description\" content=\"Jean-Claude Sillamy wurde am 24. Juli 1932 in Algier, in eine Musikerfamilie hineingeboren. Sein Vater Charles war Leiter einer Musikschule, und Jean-Claude wurde seit seiner fr\u00fchesten Kindheit mit allen Werken\" \/>\n<meta property=\"og:url\" content=\"https:\/\/www.iemj.org\/de\/sillamy-jean-claude-1932-2016\/\" \/>\n<meta property=\"og:site_name\" content=\"Institut Europ\u00e9en des Musiques Juives\" \/>\n<meta property=\"article:publisher\" content=\"https:\/\/www.facebook.com\/MusiquesJuives\/\" \/>\n<meta property=\"article:published_time\" content=\"2019-02-13T08:37:05+00:00\" \/>\n<meta property=\"article:modified_time\" content=\"2022-10-24T14:47:10+00:00\" \/>\n<meta property=\"og:image\" content=\"https:\/\/www.iemj.org\/wp-content\/uploads\/2019\/02\/arton3945-e1625470471326.jpg\" \/>\n\t<meta property=\"og:image:width\" content=\"150\" \/>\n\t<meta property=\"og:image:height\" content=\"218\" \/>\n\t<meta property=\"og:image:type\" content=\"image\/jpeg\" \/>\n<meta name=\"author\" content=\"Jacqueline ROTEN\" \/>\n<meta name=\"twitter:card\" content=\"summary_large_image\" \/>\n<meta name=\"twitter:label1\" content=\"Verfasst von\" \/>\n\t<meta name=\"twitter:data1\" content=\"Jacqueline ROTEN\" \/>\n\t<meta name=\"twitter:label2\" content=\"Gesch\u00e4tzte Lesezeit\" \/>\n\t<meta name=\"twitter:data2\" content=\"8\u00a0Minuten\" \/>\n<script type=\"application\/ld+json\" class=\"yoast-schema-graph\">{\"@context\":\"https:\\\/\\\/schema.org\",\"@graph\":[{\"@type\":\"Article\",\"@id\":\"https:\\\/\\\/www.iemj.org\\\/de\\\/sillamy-jean-claude-1932-2016\\\/#article\",\"isPartOf\":{\"@id\":\"https:\\\/\\\/www.iemj.org\\\/de\\\/sillamy-jean-claude-1932-2016\\\/\"},\"author\":{\"name\":\"Jacqueline ROTEN\",\"@id\":\"https:\\\/\\\/www.iemj.org\\\/de\\\/#\\\/schema\\\/person\\\/358e26c18aca017fcc4cc15437f7279c\"},\"headline\":\"Sillamy, Jean-Claude (1932-2016)\",\"datePublished\":\"2019-02-13T08:37:05+00:00\",\"dateModified\":\"2022-10-24T14:47:10+00:00\",\"mainEntityOfPage\":{\"@id\":\"https:\\\/\\\/www.iemj.org\\\/de\\\/sillamy-jean-claude-1932-2016\\\/\"},\"wordCount\":1166,\"publisher\":{\"@id\":\"https:\\\/\\\/www.iemj.org\\\/de\\\/#organization\"},\"image\":{\"@id\":\"https:\\\/\\\/www.iemj.org\\\/de\\\/sillamy-jean-claude-1932-2016\\\/#primaryimage\"},\"thumbnailUrl\":\"https:\\\/\\\/www.iemj.org\\\/wp-content\\\/uploads\\\/2019\\\/02\\\/arton3945-e1625470471326.jpg\",\"articleSection\":[\"Biografien\"],\"inLanguage\":\"de\"},{\"@type\":\"WebPage\",\"@id\":\"https:\\\/\\\/www.iemj.org\\\/de\\\/sillamy-jean-claude-1932-2016\\\/\",\"url\":\"https:\\\/\\\/www.iemj.org\\\/de\\\/sillamy-jean-claude-1932-2016\\\/\",\"name\":\"Sillamy, Jean-Claude (1932-2016) - Institut Europ\u00e9en des Musiques Juives\",\"isPartOf\":{\"@id\":\"https:\\\/\\\/www.iemj.org\\\/de\\\/#website\"},\"primaryImageOfPage\":{\"@id\":\"https:\\\/\\\/www.iemj.org\\\/de\\\/sillamy-jean-claude-1932-2016\\\/#primaryimage\"},\"image\":{\"@id\":\"https:\\\/\\\/www.iemj.org\\\/de\\\/sillamy-jean-claude-1932-2016\\\/#primaryimage\"},\"thumbnailUrl\":\"https:\\\/\\\/www.iemj.org\\\/wp-content\\\/uploads\\\/2019\\\/02\\\/arton3945-e1625470471326.jpg\",\"datePublished\":\"2019-02-13T08:37:05+00:00\",\"dateModified\":\"2022-10-24T14:47:10+00:00\",\"breadcrumb\":{\"@id\":\"https:\\\/\\\/www.iemj.org\\\/de\\\/sillamy-jean-claude-1932-2016\\\/#breadcrumb\"},\"inLanguage\":\"de\",\"potentialAction\":[{\"@type\":\"ReadAction\",\"target\":[\"https:\\\/\\\/www.iemj.org\\\/de\\\/sillamy-jean-claude-1932-2016\\\/\"]}]},{\"@type\":\"ImageObject\",\"inLanguage\":\"de\",\"@id\":\"https:\\\/\\\/www.iemj.org\\\/de\\\/sillamy-jean-claude-1932-2016\\\/#primaryimage\",\"url\":\"https:\\\/\\\/www.iemj.org\\\/wp-content\\\/uploads\\\/2019\\\/02\\\/arton3945-e1625470471326.jpg\",\"contentUrl\":\"https:\\\/\\\/www.iemj.org\\\/wp-content\\\/uploads\\\/2019\\\/02\\\/arton3945-e1625470471326.jpg\",\"width\":150,\"height\":218},{\"@type\":\"BreadcrumbList\",\"@id\":\"https:\\\/\\\/www.iemj.org\\\/de\\\/sillamy-jean-claude-1932-2016\\\/#breadcrumb\",\"itemListElement\":[{\"@type\":\"ListItem\",\"position\":1,\"name\":\"Accueil\",\"item\":\"https:\\\/\\\/www.iemj.org\\\/de\\\/\"},{\"@type\":\"ListItem\",\"position\":2,\"name\":\"Sillamy, Jean-Claude (1932-2016)\"}]},{\"@type\":\"WebSite\",\"@id\":\"https:\\\/\\\/www.iemj.org\\\/de\\\/#website\",\"url\":\"https:\\\/\\\/www.iemj.org\\\/de\\\/\",\"name\":\"Institut Europ\u00e9en des Musiques Juives\",\"description\":\"Des traditions musicales \u00e0 la port\u00e9e de tous\",\"publisher\":{\"@id\":\"https:\\\/\\\/www.iemj.org\\\/de\\\/#organization\"},\"potentialAction\":[{\"@type\":\"SearchAction\",\"target\":{\"@type\":\"EntryPoint\",\"urlTemplate\":\"https:\\\/\\\/www.iemj.org\\\/de\\\/?s={search_term_string}\"},\"query-input\":{\"@type\":\"PropertyValueSpecification\",\"valueRequired\":true,\"valueName\":\"search_term_string\"}}],\"inLanguage\":\"de\"},{\"@type\":\"Organization\",\"@id\":\"https:\\\/\\\/www.iemj.org\\\/de\\\/#organization\",\"name\":\"Institut Europ\u00e9en des Musiques Juives\",\"url\":\"https:\\\/\\\/www.iemj.org\\\/de\\\/\",\"logo\":{\"@type\":\"ImageObject\",\"inLanguage\":\"de\",\"@id\":\"https:\\\/\\\/www.iemj.org\\\/de\\\/#\\\/schema\\\/logo\\\/image\\\/\",\"url\":\"https:\\\/\\\/www.iemj.org\\\/wp-content\\\/uploads\\\/2021\\\/09\\\/Logo-IEMJ-Paypal.jpg\",\"contentUrl\":\"https:\\\/\\\/www.iemj.org\\\/wp-content\\\/uploads\\\/2021\\\/09\\\/Logo-IEMJ-Paypal.jpg\",\"width\":150,\"height\":50,\"caption\":\"Institut Europ\u00e9en des Musiques Juives\"},\"image\":{\"@id\":\"https:\\\/\\\/www.iemj.org\\\/de\\\/#\\\/schema\\\/logo\\\/image\\\/\"},\"sameAs\":[\"https:\\\/\\\/www.facebook.com\\\/MusiquesJuives\\\/\",\"https:\\\/\\\/www.instagram.com\\\/musiquesjuives\\\/\",\"https:\\\/\\\/www.youtube.com\\\/user\\\/musiquesjuives\"]},{\"@type\":\"Person\",\"@id\":\"https:\\\/\\\/www.iemj.org\\\/de\\\/#\\\/schema\\\/person\\\/358e26c18aca017fcc4cc15437f7279c\",\"name\":\"Jacqueline ROTEN\",\"image\":{\"@type\":\"ImageObject\",\"inLanguage\":\"de\",\"@id\":\"https:\\\/\\\/secure.gravatar.com\\\/avatar\\\/5964256d6c6957de3a3505278957e0fb2a35119ac47ea41827a65301213c810b?s=96&d=mm&r=g\",\"url\":\"https:\\\/\\\/secure.gravatar.com\\\/avatar\\\/5964256d6c6957de3a3505278957e0fb2a35119ac47ea41827a65301213c810b?s=96&d=mm&r=g\",\"contentUrl\":\"https:\\\/\\\/secure.gravatar.com\\\/avatar\\\/5964256d6c6957de3a3505278957e0fb2a35119ac47ea41827a65301213c810b?s=96&d=mm&r=g\",\"caption\":\"Jacqueline ROTEN\"}}]}<\/script>\n<!-- \/ Yoast SEO plugin. -->","yoast_head_json":{"title":"Sillamy, Jean-Claude (1932-2016) - Institut Europ\u00e9en des Musiques Juives","robots":{"index":"index","follow":"follow","max-snippet":"max-snippet:-1","max-image-preview":"max-image-preview:large","max-video-preview":"max-video-preview:-1"},"canonical":"https:\/\/www.iemj.org\/de\/sillamy-jean-claude-1932-2016\/","og_locale":"de_DE","og_type":"article","og_title":"Sillamy, Jean-Claude (1932-2016) - Institut Europ\u00e9en des Musiques Juives","og_description":"Jean-Claude Sillamy wurde am 24. Juli 1932 in Algier, in eine Musikerfamilie hineingeboren. Sein Vater Charles war Leiter einer Musikschule, und Jean-Claude wurde seit seiner fr\u00fchesten Kindheit mit allen Werken","og_url":"https:\/\/www.iemj.org\/de\/sillamy-jean-claude-1932-2016\/","og_site_name":"Institut Europ\u00e9en des Musiques Juives","article_publisher":"https:\/\/www.facebook.com\/MusiquesJuives\/","article_published_time":"2019-02-13T08:37:05+00:00","article_modified_time":"2022-10-24T14:47:10+00:00","og_image":[{"width":150,"height":218,"url":"https:\/\/www.iemj.org\/wp-content\/uploads\/2019\/02\/arton3945-e1625470471326.jpg","type":"image\/jpeg"}],"author":"Jacqueline ROTEN","twitter_card":"summary_large_image","twitter_misc":{"Verfasst von":"Jacqueline ROTEN","Gesch\u00e4tzte Lesezeit":"8\u00a0Minuten"},"schema":{"@context":"https:\/\/schema.org","@graph":[{"@type":"Article","@id":"https:\/\/www.iemj.org\/de\/sillamy-jean-claude-1932-2016\/#article","isPartOf":{"@id":"https:\/\/www.iemj.org\/de\/sillamy-jean-claude-1932-2016\/"},"author":{"name":"Jacqueline ROTEN","@id":"https:\/\/www.iemj.org\/de\/#\/schema\/person\/358e26c18aca017fcc4cc15437f7279c"},"headline":"Sillamy, Jean-Claude (1932-2016)","datePublished":"2019-02-13T08:37:05+00:00","dateModified":"2022-10-24T14:47:10+00:00","mainEntityOfPage":{"@id":"https:\/\/www.iemj.org\/de\/sillamy-jean-claude-1932-2016\/"},"wordCount":1166,"publisher":{"@id":"https:\/\/www.iemj.org\/de\/#organization"},"image":{"@id":"https:\/\/www.iemj.org\/de\/sillamy-jean-claude-1932-2016\/#primaryimage"},"thumbnailUrl":"https:\/\/www.iemj.org\/wp-content\/uploads\/2019\/02\/arton3945-e1625470471326.jpg","articleSection":["Biografien"],"inLanguage":"de"},{"@type":"WebPage","@id":"https:\/\/www.iemj.org\/de\/sillamy-jean-claude-1932-2016\/","url":"https:\/\/www.iemj.org\/de\/sillamy-jean-claude-1932-2016\/","name":"Sillamy, Jean-Claude (1932-2016) - Institut Europ\u00e9en des Musiques Juives","isPartOf":{"@id":"https:\/\/www.iemj.org\/de\/#website"},"primaryImageOfPage":{"@id":"https:\/\/www.iemj.org\/de\/sillamy-jean-claude-1932-2016\/#primaryimage"},"image":{"@id":"https:\/\/www.iemj.org\/de\/sillamy-jean-claude-1932-2016\/#primaryimage"},"thumbnailUrl":"https:\/\/www.iemj.org\/wp-content\/uploads\/2019\/02\/arton3945-e1625470471326.jpg","datePublished":"2019-02-13T08:37:05+00:00","dateModified":"2022-10-24T14:47:10+00:00","breadcrumb":{"@id":"https:\/\/www.iemj.org\/de\/sillamy-jean-claude-1932-2016\/#breadcrumb"},"inLanguage":"de","potentialAction":[{"@type":"ReadAction","target":["https:\/\/www.iemj.org\/de\/sillamy-jean-claude-1932-2016\/"]}]},{"@type":"ImageObject","inLanguage":"de","@id":"https:\/\/www.iemj.org\/de\/sillamy-jean-claude-1932-2016\/#primaryimage","url":"https:\/\/www.iemj.org\/wp-content\/uploads\/2019\/02\/arton3945-e1625470471326.jpg","contentUrl":"https:\/\/www.iemj.org\/wp-content\/uploads\/2019\/02\/arton3945-e1625470471326.jpg","width":150,"height":218},{"@type":"BreadcrumbList","@id":"https:\/\/www.iemj.org\/de\/sillamy-jean-claude-1932-2016\/#breadcrumb","itemListElement":[{"@type":"ListItem","position":1,"name":"Accueil","item":"https:\/\/www.iemj.org\/de\/"},{"@type":"ListItem","position":2,"name":"Sillamy, Jean-Claude (1932-2016)"}]},{"@type":"WebSite","@id":"https:\/\/www.iemj.org\/de\/#website","url":"https:\/\/www.iemj.org\/de\/","name":"Institut Europ\u00e9en des Musiques Juives","description":"Des traditions musicales \u00e0 la port\u00e9e de tous","publisher":{"@id":"https:\/\/www.iemj.org\/de\/#organization"},"potentialAction":[{"@type":"SearchAction","target":{"@type":"EntryPoint","urlTemplate":"https:\/\/www.iemj.org\/de\/?s={search_term_string}"},"query-input":{"@type":"PropertyValueSpecification","valueRequired":true,"valueName":"search_term_string"}}],"inLanguage":"de"},{"@type":"Organization","@id":"https:\/\/www.iemj.org\/de\/#organization","name":"Institut Europ\u00e9en des Musiques Juives","url":"https:\/\/www.iemj.org\/de\/","logo":{"@type":"ImageObject","inLanguage":"de","@id":"https:\/\/www.iemj.org\/de\/#\/schema\/logo\/image\/","url":"https:\/\/www.iemj.org\/wp-content\/uploads\/2021\/09\/Logo-IEMJ-Paypal.jpg","contentUrl":"https:\/\/www.iemj.org\/wp-content\/uploads\/2021\/09\/Logo-IEMJ-Paypal.jpg","width":150,"height":50,"caption":"Institut Europ\u00e9en des Musiques Juives"},"image":{"@id":"https:\/\/www.iemj.org\/de\/#\/schema\/logo\/image\/"},"sameAs":["https:\/\/www.facebook.com\/MusiquesJuives\/","https:\/\/www.instagram.com\/musiquesjuives\/","https:\/\/www.youtube.com\/user\/musiquesjuives"]},{"@type":"Person","@id":"https:\/\/www.iemj.org\/de\/#\/schema\/person\/358e26c18aca017fcc4cc15437f7279c","name":"Jacqueline ROTEN","image":{"@type":"ImageObject","inLanguage":"de","@id":"https:\/\/secure.gravatar.com\/avatar\/5964256d6c6957de3a3505278957e0fb2a35119ac47ea41827a65301213c810b?s=96&d=mm&r=g","url":"https:\/\/secure.gravatar.com\/avatar\/5964256d6c6957de3a3505278957e0fb2a35119ac47ea41827a65301213c810b?s=96&d=mm&r=g","contentUrl":"https:\/\/secure.gravatar.com\/avatar\/5964256d6c6957de3a3505278957e0fb2a35119ac47ea41827a65301213c810b?s=96&d=mm&r=g","caption":"Jacqueline ROTEN"}}]}},"_links":{"self":[{"href":"https:\/\/www.iemj.org\/de\/wp-json\/wp\/v2\/posts\/89146","targetHints":{"allow":["GET"]}}],"collection":[{"href":"https:\/\/www.iemj.org\/de\/wp-json\/wp\/v2\/posts"}],"about":[{"href":"https:\/\/www.iemj.org\/de\/wp-json\/wp\/v2\/types\/post"}],"author":[{"embeddable":true,"href":"https:\/\/www.iemj.org\/de\/wp-json\/wp\/v2\/users\/5"}],"replies":[{"embeddable":true,"href":"https:\/\/www.iemj.org\/de\/wp-json\/wp\/v2\/comments?post=89146"}],"version-history":[{"count":0,"href":"https:\/\/www.iemj.org\/de\/wp-json\/wp\/v2\/posts\/89146\/revisions"}],"wp:featuredmedia":[{"embeddable":true,"href":"https:\/\/www.iemj.org\/de\/wp-json\/wp\/v2\/media\/53450"}],"wp:attachment":[{"href":"https:\/\/www.iemj.org\/de\/wp-json\/wp\/v2\/media?parent=89146"}],"wp:term":[{"taxonomy":"category","embeddable":true,"href":"https:\/\/www.iemj.org\/de\/wp-json\/wp\/v2\/categories?post=89146"},{"taxonomy":"post_tag","embeddable":true,"href":"https:\/\/www.iemj.org\/de\/wp-json\/wp\/v2\/tags?post=89146"},{"taxonomy":"technique","embeddable":true,"href":"https:\/\/www.iemj.org\/de\/wp-json\/wp\/v2\/technique?post=89146"},{"taxonomy":"squelettes","embeddable":true,"href":"https:\/\/www.iemj.org\/de\/wp-json\/wp\/v2\/squelettes?post=89146"},{"taxonomy":"sujet","embeddable":true,"href":"https:\/\/www.iemj.org\/de\/wp-json\/wp\/v2\/sujet?post=89146"},{"taxonomy":"formation","embeddable":true,"href":"https:\/\/www.iemj.org\/de\/wp-json\/wp\/v2\/formation?post=89146"},{"taxonomy":"genre","embeddable":true,"href":"https:\/\/www.iemj.org\/de\/wp-json\/wp\/v2\/genre?post=89146"},{"taxonomy":"fonds","embeddable":true,"href":"https:\/\/www.iemj.org\/de\/wp-json\/wp\/v2\/fonds?post=89146"},{"taxonomy":"tradition","embeddable":true,"href":"https:\/\/www.iemj.org\/de\/wp-json\/wp\/v2\/tradition?post=89146"},{"taxonomy":"type-de-contenu","embeddable":true,"href":"https:\/\/www.iemj.org\/de\/wp-json\/wp\/v2\/type-de-contenu?post=89146"},{"taxonomy":"interprete-compositeur","embeddable":true,"href":"https:\/\/www.iemj.org\/de\/wp-json\/wp\/v2\/interprete-compositeur?post=89146"},{"taxonomy":"frise","embeddable":true,"href":"https:\/\/www.iemj.org\/de\/wp-json\/wp\/v2\/frise?post=89146"},{"taxonomy":"type-devenement","embeddable":true,"href":"https:\/\/www.iemj.org\/de\/wp-json\/wp\/v2\/type-devenement?post=89146"},{"taxonomy":"tableaux-liens-externes","embeddable":true,"href":"https:\/\/www.iemj.org\/de\/wp-json\/wp\/v2\/tableaux-liens-externes?post=89146"}],"curies":[{"name":"wp","href":"https:\/\/api.w.org\/{rel}","templated":true}]}}