{"id":89169,"date":"2018-07-03T15:58:30","date_gmt":"2018-07-03T13:58:30","guid":{"rendered":"https:\/\/www.iemj.org\/concert-de-gala-de-linstitut-europeen-des-musiques-juives-4e-edition\/"},"modified":"2022-10-25T17:54:17","modified_gmt":"2022-10-25T15:54:17","slug":"concert-de-gala-de-linstitut-europeen-des-musiques-juives-4e-edition","status":"publish","type":"post","link":"https:\/\/www.iemj.org\/de\/concert-de-gala-de-linstitut-europeen-des-musiques-juives-4e-edition\/","title":{"rendered":"GALAKONZERT DES EUROP\u00c4ISCHEN INSTITUTS F\u00dcR J\u00dcDISCHE MUSIK &#8211; 4. EDITION"},"content":{"rendered":"<p style=\"text-align: center;\">\n<h3>Organisiert von der Henriette-Halphen-Stiftung, unter der Schirmherrschaft der Fondation du Juda\u00efsme Fran\u00e7ais<\/h3>\n<p><!--more--><\/p>\n<h3 style=\"text-align: center;\">SONNTAG, 11. NOVEMBER 2018, 17.30 Uhr,<\/h3>\n<h3 style=\"text-align: center;\">salle Cortot &#8211; 78 rue Cardinet, 75017 Paris<\/h3>\n<h3 style=\"text-align: center;\">Das Institut Europ\u00e9en des Musiques Juives freut sich, Sie zu seinem Galakonzert einzuladen<\/h3>\n<p style=\"text-align: center;\">\n<h3 style=\"text-align: center;\">&#8222;J\u00fcdische Musik in all ihren Zust\u00e4nden&#8220; &#8211; 4. Edition<\/h3>\n<p><center><strong>\u00a0<\/strong><\/center><center><strong>\u00a0<\/strong><\/center><center><\/center><center><strong>\u00a0<\/strong><\/center><center><strong>\u00a0<\/strong><\/center><center><center><strong>\u00a0<\/strong><\/center><center><strong>\u00a0<\/strong><\/center><center><\/center><strong>\u00a0<\/strong><\/center><center><center><\/center><center><strong>\u00a0<\/strong><\/center><center><\/center><center><strong>\u00a0<\/strong><\/center><center><strong>\u00a0<\/strong><\/center><center><strong>\u00a0<\/strong><\/center><\/center><center><strong>\u00a0<\/strong><\/center><center><strong>AUF DEM PROGRAMM:<\/strong><\/p>\n<p><\/center><center><\/center><center><\/center><center><\/center><center><strong>I. Teil<\/strong><\/p>\n<p><\/center><center><strong>Fran\u00e7oise Atlan, begleitet von ihren orientalischen Musikern (Qanoun, Oud, Perkussion)<\/strong><\/p>\n<p><\/center><center><strong>Eintauchen in das j\u00fcdisch-marokkanische Repertoire, die typischen Ges\u00e4nge des algerischen Hawzi sowie die der ber\u00fchmten tunesisch-j\u00fcdischen S\u00e4ngerin Habiba Msika<\/strong><\/p>\n<p><\/center><center><\/p>\n<p style=\"text-align: left;\">Fran\u00e7oise Atlan mit ihrer strahlenden Stimme webt eine poetische und musikalische Stickerei, die die arabische, hebr\u00e4ische, kastilische und j\u00fcdisch-spanische Kultur vermischt, durch Hochzeitslieder, Wiegenlieder, mystische und profane Liebeslieder, die entschieden mediterran sind.<\/p>\n<p><\/center><center><strong>II. Teil<\/strong><\/p>\n<p><\/center><center><strong>Das Ensemble Choral Copernic<\/strong><\/center><center><strong>Ein vielf\u00e4ltiges Repertoire aus jiddischen Liedern und liturgischen Ch\u00f6ren des 19. und 20. Jahrhunderts<\/strong><\/p>\n<p><\/center><center><\/p>\n<p style=\"text-align: left;\"><a href=\"https:\/\/copernic.paris\/fr\/activites\/chorales\/\"><strong>Das Ensemble Choral Copernic<\/strong><\/a> unter der Leitung von <a href=\"https:\/\/www.iemj.org\/de\/daniel-itai-1967\/\">Ita\u00ef Daniel<\/a> singt Werke aus dem gro\u00dfen Repertoire der j\u00fcdischen Musik, sowohl liturgische als auch weltliche, und bewahrt so die hohe musikalische Tradition, aus der sich die Liturgie von Copernicus speist.<\/p>\n<p><img fetchpriority=\"high\" decoding=\"async\" src=\"https:\/\/www.iemj.org\/wp-content\/uploads\/2018\/07\/bandeau_artiste_gala_2018_pour_site_tiree_du_flyer_de_n._claveau.jpg\" alt=\"bandeau_artiste_gala_2018_pour_site_tiree_du_flyer_de_n._claveau.jpg\" width=\"966\" height=\"313\" align=\"center\" \/><\/p>\n<p><strong><em>KAUFEN SIE JETZT IHRE PL\u00c4TZE!<\/em><\/strong><\/p>\n<p><\/center>Im Anschluss an das Konzert findet ein <strong>Umtrunk<\/strong> mit den K\u00fcnstlern statt (nur f\u00fcr <strong>Gold-, Silber- und Platinpl\u00e4tze<\/strong>).<\/p>\n<p>Eintrittspreise: 15 \u20ac* &#8211; 25 \u20ac &#8211; 50 \u20ac** &#8211; 100 \u20ac** &#8211; 200 \u20ac** &#8211; 500 \u20ac**.<\/p>\n<p>* Preis f\u00fcr IEMJ-Mitglieder, die ihren Mitgliedsbeitrag 2018 bezahlt haben (begrenzte Anzahl an Pl\u00e4tzen) &#8211; Pl\u00e4tze nur per Scheck an IEMJ, 29 rue Marcel Duchamp &#8211; 75013 Paris zu bezahlen.<\/p>\n<p>** mit Cerfa-Quittung auf dem Spendenteil, wobei die Spende den um 15 \u20ac verringerten Ticketpreis darstellt.<\/p>\n<p>(Beispiel: F\u00fcr eine Karte zu 100 \u20ac wird Ihnen eine Cerfa \u00fcber 85 \u20ac ausgestellt).<\/p>\n<p><strong>Karten k\u00f6nnen am Tag des Konzerts vor Ort gekauft werden, KASSEN\u00d6FFNUNG ab 16 Uhr 45<\/strong><\/p>\n<p>Sie k\u00f6nnen das Institut <a href=\"https:\/\/www.iemj.org\/de\/faire-un-don\/\">Europ\u00e9en des Musiques Juives<\/a> auch durch eine <a href=\"https:\/\/boutique.iemj.org\/de\/autres\/204-dons-a-l-iemj.html\">Online-Spende<\/a> unterst\u00fctzen. Ein entsprechendes Formular wird Ihnen zugesandt.<\/p>\n<p><a href=\"https:\/\/www.iemj.org\/de\/spende-machen\/\"><img decoding=\"async\" class=\"alignright\" src=\"https:\/\/www.iemj.org\/wp-content\/uploads\/2017\/07\/logo_faire_un_don-2.jpg\" alt=\"logo_faire_un_don-2.jpg\" width=\"262\" height=\"123\" align=\"left\" \/><\/a><\/p>\n<p><strong>Praktische Informationen:<\/strong><\/p>\n<p><strong>SALLE CORTOT<\/strong>, Ecole Normale de Musique de Paris, 78 rue Cardinet, 75017 Paris<br \/>\nT\u00e9l : (0)1 47 63 47 48<\/p>\n<ul>\n<li><a href=\"salle.cortot@ecolenormalecortot.com\">salle.cortot@ecolenormalecortot.com<\/a><\/li>\n<li><a href=\"http:\/\/www.sallecortot.com\/\">http:\/\/www.sallecortot.com\/<\/a><\/li>\n<li><a href=\"http:\/\/www.sallecortot.com\/infos_pratiques.htm\">http:\/\/www.sallecortot.com\/infos_pratiques.htm<\/a><\/li>\n<\/ul>\n<p><strong>Zugang:<\/strong><\/p>\n<p>Metro: Linie 3, Station Malesherbes | Linie 2, Station Monceau.<\/p>\n<p>Bus: Linien 31, 94 | Auto: Parkplatz Villiers, 14 avenue de Villiers | Taxi: Haltestelle am 155 bd Malesherbes.<\/p>\n<p>V\u00e9lib&#8216;: 64 rue de Tocqueville oder 20 rue de Phalsbourg | Autolib&#8216;: 46 Avenue de Villiers | 22bis rue Legendre<\/p>\n<p><a href=\"https:\/\/www.iemj.org\/de\/wp-content\/uploads\/2018\/07\/communique_de_presse_gala_iemj_2018.pdf\">Pressemitteilung herunterladen<\/a><\/p>\n<p><a href=\"https:\/\/www.iemj.org\/de\/videos-du-concert-de-gala-de-linstitut-europeen-des-musiques-juives-edition-2018\/\">Videoausschnitt des Konzerts ansehen<\/a><\/p>\n","protected":false},"excerpt":{"rendered":"<p>Organisiert von der Henriette-Halphen-Stiftung, unter der Schirmherrschaft der Fondation du Juda\u00efsme Fran\u00e7ais<\/p>\n","protected":false},"author":5,"featured_media":89170,"comment_status":"closed","ping_status":"open","sticky":false,"template":"","format":"standard","meta":{"_acf_changed":false,"footnotes":""},"categories":[1378,1370],"tags":[2225],"technique":[],"squelettes":[],"sujet":[],"formation":[],"genre":[],"fonds":[],"tradition":[],"type-de-contenu":[],"interprete-compositeur":[],"frise":[],"type-devenement":[],"tableaux-liens-externes":[],"class_list":["post-89169","post","type-post","status-publish","format-standard","has-post-thumbnail","hentry","category-konzerte-veranstaltungen-de","category-veranstaltungen-de","tag-veranstaltungen-iemj-de"],"acf":[],"yoast_head":"<!-- This site is optimized with the Yoast SEO plugin v27.3 - https:\/\/yoast.com\/product\/yoast-seo-wordpress\/ -->\n<title>GALAKONZERT DES EUROP\u00c4ISCHEN INSTITUTS F\u00dcR J\u00dcDISCHE MUSIK - 4. EDITION - Institut Europ\u00e9en des Musiques Juives<\/title>\n<meta name=\"robots\" content=\"noindex, follow\" \/>\n<meta property=\"og:locale\" content=\"de_DE\" \/>\n<meta property=\"og:type\" content=\"article\" \/>\n<meta property=\"og:title\" content=\"GALAKONZERT DES EUROP\u00c4ISCHEN INSTITUTS F\u00dcR J\u00dcDISCHE MUSIK - 4. EDITION - Institut Europ\u00e9en des Musiques Juives\" \/>\n<meta property=\"og:description\" content=\"Organisiert von der Henriette-Halphen-Stiftung, unter der Schirmherrschaft der Fondation du Juda\u00efsme Fran\u00e7ais\" \/>\n<meta property=\"og:url\" content=\"https:\/\/www.iemj.org\/de\/concert-de-gala-de-linstitut-europeen-des-musiques-juives-4e-edition\/\" \/>\n<meta property=\"og:site_name\" content=\"Institut Europ\u00e9en des Musiques Juives\" \/>\n<meta property=\"article:publisher\" content=\"https:\/\/www.facebook.com\/MusiquesJuives\/\" \/>\n<meta property=\"article:published_time\" content=\"2018-07-03T13:58:30+00:00\" \/>\n<meta property=\"article:modified_time\" content=\"2022-10-25T15:54:17+00:00\" \/>\n<meta property=\"og:image\" content=\"https:\/\/www.iemj.org\/wp-content\/uploads\/2018\/07\/arton3543-e1619450786703.jpg\" \/>\n\t<meta property=\"og:image:width\" content=\"350\" \/>\n\t<meta property=\"og:image:height\" content=\"495\" \/>\n\t<meta property=\"og:image:type\" content=\"image\/jpeg\" \/>\n<meta name=\"author\" content=\"Jacqueline ROTEN\" \/>\n<meta name=\"twitter:card\" content=\"summary_large_image\" \/>\n<meta name=\"twitter:label1\" content=\"Verfasst von\" \/>\n\t<meta name=\"twitter:data1\" content=\"Jacqueline ROTEN\" \/>\n\t<meta name=\"twitter:label2\" content=\"Gesch\u00e4tzte Lesezeit\" \/>\n\t<meta name=\"twitter:data2\" content=\"3\u00a0Minuten\" \/>\n<script type=\"application\/ld+json\" class=\"yoast-schema-graph\">{\"@context\":\"https:\\\/\\\/schema.org\",\"@graph\":[{\"@type\":\"Article\",\"@id\":\"https:\\\/\\\/www.iemj.org\\\/de\\\/concert-de-gala-de-linstitut-europeen-des-musiques-juives-4e-edition\\\/#article\",\"isPartOf\":{\"@id\":\"https:\\\/\\\/www.iemj.org\\\/de\\\/concert-de-gala-de-linstitut-europeen-des-musiques-juives-4e-edition\\\/\"},\"author\":{\"name\":\"Jacqueline ROTEN\",\"@id\":\"https:\\\/\\\/www.iemj.org\\\/de\\\/#\\\/schema\\\/person\\\/358e26c18aca017fcc4cc15437f7279c\"},\"headline\":\"GALAKONZERT DES EUROP\u00c4ISCHEN INSTITUTS F\u00dcR J\u00dcDISCHE MUSIK &#8211; 4. EDITION\",\"datePublished\":\"2018-07-03T13:58:30+00:00\",\"dateModified\":\"2022-10-25T15:54:17+00:00\",\"mainEntityOfPage\":{\"@id\":\"https:\\\/\\\/www.iemj.org\\\/de\\\/concert-de-gala-de-linstitut-europeen-des-musiques-juives-4e-edition\\\/\"},\"wordCount\":392,\"publisher\":{\"@id\":\"https:\\\/\\\/www.iemj.org\\\/de\\\/#organization\"},\"image\":{\"@id\":\"https:\\\/\\\/www.iemj.org\\\/de\\\/concert-de-gala-de-linstitut-europeen-des-musiques-juives-4e-edition\\\/#primaryimage\"},\"thumbnailUrl\":\"https:\\\/\\\/www.iemj.org\\\/wp-content\\\/uploads\\\/2018\\\/07\\\/arton3543-e1619450786703.jpg\",\"keywords\":[\"Veranstaltungen IEMJ\"],\"articleSection\":[\"Konzerte\",\"Veranstaltungen\"],\"inLanguage\":\"de\"},{\"@type\":\"WebPage\",\"@id\":\"https:\\\/\\\/www.iemj.org\\\/de\\\/concert-de-gala-de-linstitut-europeen-des-musiques-juives-4e-edition\\\/\",\"url\":\"https:\\\/\\\/www.iemj.org\\\/de\\\/concert-de-gala-de-linstitut-europeen-des-musiques-juives-4e-edition\\\/\",\"name\":\"GALAKONZERT DES EUROP\u00c4ISCHEN INSTITUTS F\u00dcR J\u00dcDISCHE MUSIK - 4. EDITION - Institut Europ\u00e9en des Musiques Juives\",\"isPartOf\":{\"@id\":\"https:\\\/\\\/www.iemj.org\\\/de\\\/#website\"},\"primaryImageOfPage\":{\"@id\":\"https:\\\/\\\/www.iemj.org\\\/de\\\/concert-de-gala-de-linstitut-europeen-des-musiques-juives-4e-edition\\\/#primaryimage\"},\"image\":{\"@id\":\"https:\\\/\\\/www.iemj.org\\\/de\\\/concert-de-gala-de-linstitut-europeen-des-musiques-juives-4e-edition\\\/#primaryimage\"},\"thumbnailUrl\":\"https:\\\/\\\/www.iemj.org\\\/wp-content\\\/uploads\\\/2018\\\/07\\\/arton3543-e1619450786703.jpg\",\"datePublished\":\"2018-07-03T13:58:30+00:00\",\"dateModified\":\"2022-10-25T15:54:17+00:00\",\"breadcrumb\":{\"@id\":\"https:\\\/\\\/www.iemj.org\\\/de\\\/concert-de-gala-de-linstitut-europeen-des-musiques-juives-4e-edition\\\/#breadcrumb\"},\"inLanguage\":\"de\",\"potentialAction\":[{\"@type\":\"ReadAction\",\"target\":[\"https:\\\/\\\/www.iemj.org\\\/de\\\/concert-de-gala-de-linstitut-europeen-des-musiques-juives-4e-edition\\\/\"]}]},{\"@type\":\"ImageObject\",\"inLanguage\":\"de\",\"@id\":\"https:\\\/\\\/www.iemj.org\\\/de\\\/concert-de-gala-de-linstitut-europeen-des-musiques-juives-4e-edition\\\/#primaryimage\",\"url\":\"https:\\\/\\\/www.iemj.org\\\/wp-content\\\/uploads\\\/2018\\\/07\\\/arton3543-e1619450786703.jpg\",\"contentUrl\":\"https:\\\/\\\/www.iemj.org\\\/wp-content\\\/uploads\\\/2018\\\/07\\\/arton3543-e1619450786703.jpg\",\"width\":350,\"height\":495},{\"@type\":\"BreadcrumbList\",\"@id\":\"https:\\\/\\\/www.iemj.org\\\/de\\\/concert-de-gala-de-linstitut-europeen-des-musiques-juives-4e-edition\\\/#breadcrumb\",\"itemListElement\":[{\"@type\":\"ListItem\",\"position\":1,\"name\":\"Accueil\",\"item\":\"https:\\\/\\\/www.iemj.org\\\/de\\\/\"},{\"@type\":\"ListItem\",\"position\":2,\"name\":\"GALAKONZERT DES EUROP\u00c4ISCHEN INSTITUTS F\u00dcR J\u00dcDISCHE MUSIK &#8211; 4. EDITION\"}]},{\"@type\":\"WebSite\",\"@id\":\"https:\\\/\\\/www.iemj.org\\\/de\\\/#website\",\"url\":\"https:\\\/\\\/www.iemj.org\\\/de\\\/\",\"name\":\"Institut Europ\u00e9en des Musiques Juives\",\"description\":\"Des traditions musicales \u00e0 la port\u00e9e de tous\",\"publisher\":{\"@id\":\"https:\\\/\\\/www.iemj.org\\\/de\\\/#organization\"},\"potentialAction\":[{\"@type\":\"SearchAction\",\"target\":{\"@type\":\"EntryPoint\",\"urlTemplate\":\"https:\\\/\\\/www.iemj.org\\\/de\\\/?s={search_term_string}\"},\"query-input\":{\"@type\":\"PropertyValueSpecification\",\"valueRequired\":true,\"valueName\":\"search_term_string\"}}],\"inLanguage\":\"de\"},{\"@type\":\"Organization\",\"@id\":\"https:\\\/\\\/www.iemj.org\\\/de\\\/#organization\",\"name\":\"Institut Europ\u00e9en des Musiques Juives\",\"url\":\"https:\\\/\\\/www.iemj.org\\\/de\\\/\",\"logo\":{\"@type\":\"ImageObject\",\"inLanguage\":\"de\",\"@id\":\"https:\\\/\\\/www.iemj.org\\\/de\\\/#\\\/schema\\\/logo\\\/image\\\/\",\"url\":\"https:\\\/\\\/www.iemj.org\\\/wp-content\\\/uploads\\\/2021\\\/09\\\/Logo-IEMJ-Paypal.jpg\",\"contentUrl\":\"https:\\\/\\\/www.iemj.org\\\/wp-content\\\/uploads\\\/2021\\\/09\\\/Logo-IEMJ-Paypal.jpg\",\"width\":150,\"height\":50,\"caption\":\"Institut Europ\u00e9en des Musiques Juives\"},\"image\":{\"@id\":\"https:\\\/\\\/www.iemj.org\\\/de\\\/#\\\/schema\\\/logo\\\/image\\\/\"},\"sameAs\":[\"https:\\\/\\\/www.facebook.com\\\/MusiquesJuives\\\/\",\"https:\\\/\\\/www.instagram.com\\\/musiquesjuives\\\/\",\"https:\\\/\\\/www.youtube.com\\\/user\\\/musiquesjuives\"]},{\"@type\":\"Person\",\"@id\":\"https:\\\/\\\/www.iemj.org\\\/de\\\/#\\\/schema\\\/person\\\/358e26c18aca017fcc4cc15437f7279c\",\"name\":\"Jacqueline ROTEN\",\"image\":{\"@type\":\"ImageObject\",\"inLanguage\":\"de\",\"@id\":\"https:\\\/\\\/secure.gravatar.com\\\/avatar\\\/5964256d6c6957de3a3505278957e0fb2a35119ac47ea41827a65301213c810b?s=96&d=mm&r=g\",\"url\":\"https:\\\/\\\/secure.gravatar.com\\\/avatar\\\/5964256d6c6957de3a3505278957e0fb2a35119ac47ea41827a65301213c810b?s=96&d=mm&r=g\",\"contentUrl\":\"https:\\\/\\\/secure.gravatar.com\\\/avatar\\\/5964256d6c6957de3a3505278957e0fb2a35119ac47ea41827a65301213c810b?s=96&d=mm&r=g\",\"caption\":\"Jacqueline ROTEN\"}}]}<\/script>\n<!-- \/ Yoast SEO plugin. -->","yoast_head_json":{"title":"GALAKONZERT DES EUROP\u00c4ISCHEN INSTITUTS F\u00dcR J\u00dcDISCHE MUSIK - 4. EDITION - Institut Europ\u00e9en des Musiques Juives","robots":{"index":"noindex","follow":"follow"},"og_locale":"de_DE","og_type":"article","og_title":"GALAKONZERT DES EUROP\u00c4ISCHEN INSTITUTS F\u00dcR J\u00dcDISCHE MUSIK - 4. EDITION - Institut Europ\u00e9en des Musiques Juives","og_description":"Organisiert von der Henriette-Halphen-Stiftung, unter der Schirmherrschaft der Fondation du Juda\u00efsme Fran\u00e7ais","og_url":"https:\/\/www.iemj.org\/de\/concert-de-gala-de-linstitut-europeen-des-musiques-juives-4e-edition\/","og_site_name":"Institut Europ\u00e9en des Musiques Juives","article_publisher":"https:\/\/www.facebook.com\/MusiquesJuives\/","article_published_time":"2018-07-03T13:58:30+00:00","article_modified_time":"2022-10-25T15:54:17+00:00","og_image":[{"width":350,"height":495,"url":"https:\/\/www.iemj.org\/wp-content\/uploads\/2018\/07\/arton3543-e1619450786703.jpg","type":"image\/jpeg"}],"author":"Jacqueline ROTEN","twitter_card":"summary_large_image","twitter_misc":{"Verfasst von":"Jacqueline ROTEN","Gesch\u00e4tzte Lesezeit":"3\u00a0Minuten"},"schema":{"@context":"https:\/\/schema.org","@graph":[{"@type":"Article","@id":"https:\/\/www.iemj.org\/de\/concert-de-gala-de-linstitut-europeen-des-musiques-juives-4e-edition\/#article","isPartOf":{"@id":"https:\/\/www.iemj.org\/de\/concert-de-gala-de-linstitut-europeen-des-musiques-juives-4e-edition\/"},"author":{"name":"Jacqueline ROTEN","@id":"https:\/\/www.iemj.org\/de\/#\/schema\/person\/358e26c18aca017fcc4cc15437f7279c"},"headline":"GALAKONZERT DES EUROP\u00c4ISCHEN INSTITUTS F\u00dcR J\u00dcDISCHE MUSIK &#8211; 4. EDITION","datePublished":"2018-07-03T13:58:30+00:00","dateModified":"2022-10-25T15:54:17+00:00","mainEntityOfPage":{"@id":"https:\/\/www.iemj.org\/de\/concert-de-gala-de-linstitut-europeen-des-musiques-juives-4e-edition\/"},"wordCount":392,"publisher":{"@id":"https:\/\/www.iemj.org\/de\/#organization"},"image":{"@id":"https:\/\/www.iemj.org\/de\/concert-de-gala-de-linstitut-europeen-des-musiques-juives-4e-edition\/#primaryimage"},"thumbnailUrl":"https:\/\/www.iemj.org\/wp-content\/uploads\/2018\/07\/arton3543-e1619450786703.jpg","keywords":["Veranstaltungen IEMJ"],"articleSection":["Konzerte","Veranstaltungen"],"inLanguage":"de"},{"@type":"WebPage","@id":"https:\/\/www.iemj.org\/de\/concert-de-gala-de-linstitut-europeen-des-musiques-juives-4e-edition\/","url":"https:\/\/www.iemj.org\/de\/concert-de-gala-de-linstitut-europeen-des-musiques-juives-4e-edition\/","name":"GALAKONZERT DES EUROP\u00c4ISCHEN INSTITUTS F\u00dcR J\u00dcDISCHE MUSIK - 4. EDITION - Institut Europ\u00e9en des Musiques Juives","isPartOf":{"@id":"https:\/\/www.iemj.org\/de\/#website"},"primaryImageOfPage":{"@id":"https:\/\/www.iemj.org\/de\/concert-de-gala-de-linstitut-europeen-des-musiques-juives-4e-edition\/#primaryimage"},"image":{"@id":"https:\/\/www.iemj.org\/de\/concert-de-gala-de-linstitut-europeen-des-musiques-juives-4e-edition\/#primaryimage"},"thumbnailUrl":"https:\/\/www.iemj.org\/wp-content\/uploads\/2018\/07\/arton3543-e1619450786703.jpg","datePublished":"2018-07-03T13:58:30+00:00","dateModified":"2022-10-25T15:54:17+00:00","breadcrumb":{"@id":"https:\/\/www.iemj.org\/de\/concert-de-gala-de-linstitut-europeen-des-musiques-juives-4e-edition\/#breadcrumb"},"inLanguage":"de","potentialAction":[{"@type":"ReadAction","target":["https:\/\/www.iemj.org\/de\/concert-de-gala-de-linstitut-europeen-des-musiques-juives-4e-edition\/"]}]},{"@type":"ImageObject","inLanguage":"de","@id":"https:\/\/www.iemj.org\/de\/concert-de-gala-de-linstitut-europeen-des-musiques-juives-4e-edition\/#primaryimage","url":"https:\/\/www.iemj.org\/wp-content\/uploads\/2018\/07\/arton3543-e1619450786703.jpg","contentUrl":"https:\/\/www.iemj.org\/wp-content\/uploads\/2018\/07\/arton3543-e1619450786703.jpg","width":350,"height":495},{"@type":"BreadcrumbList","@id":"https:\/\/www.iemj.org\/de\/concert-de-gala-de-linstitut-europeen-des-musiques-juives-4e-edition\/#breadcrumb","itemListElement":[{"@type":"ListItem","position":1,"name":"Accueil","item":"https:\/\/www.iemj.org\/de\/"},{"@type":"ListItem","position":2,"name":"GALAKONZERT DES EUROP\u00c4ISCHEN INSTITUTS F\u00dcR J\u00dcDISCHE MUSIK &#8211; 4. EDITION"}]},{"@type":"WebSite","@id":"https:\/\/www.iemj.org\/de\/#website","url":"https:\/\/www.iemj.org\/de\/","name":"Institut Europ\u00e9en des Musiques Juives","description":"Des traditions musicales \u00e0 la port\u00e9e de tous","publisher":{"@id":"https:\/\/www.iemj.org\/de\/#organization"},"potentialAction":[{"@type":"SearchAction","target":{"@type":"EntryPoint","urlTemplate":"https:\/\/www.iemj.org\/de\/?s={search_term_string}"},"query-input":{"@type":"PropertyValueSpecification","valueRequired":true,"valueName":"search_term_string"}}],"inLanguage":"de"},{"@type":"Organization","@id":"https:\/\/www.iemj.org\/de\/#organization","name":"Institut Europ\u00e9en des Musiques Juives","url":"https:\/\/www.iemj.org\/de\/","logo":{"@type":"ImageObject","inLanguage":"de","@id":"https:\/\/www.iemj.org\/de\/#\/schema\/logo\/image\/","url":"https:\/\/www.iemj.org\/wp-content\/uploads\/2021\/09\/Logo-IEMJ-Paypal.jpg","contentUrl":"https:\/\/www.iemj.org\/wp-content\/uploads\/2021\/09\/Logo-IEMJ-Paypal.jpg","width":150,"height":50,"caption":"Institut Europ\u00e9en des Musiques Juives"},"image":{"@id":"https:\/\/www.iemj.org\/de\/#\/schema\/logo\/image\/"},"sameAs":["https:\/\/www.facebook.com\/MusiquesJuives\/","https:\/\/www.instagram.com\/musiquesjuives\/","https:\/\/www.youtube.com\/user\/musiquesjuives"]},{"@type":"Person","@id":"https:\/\/www.iemj.org\/de\/#\/schema\/person\/358e26c18aca017fcc4cc15437f7279c","name":"Jacqueline ROTEN","image":{"@type":"ImageObject","inLanguage":"de","@id":"https:\/\/secure.gravatar.com\/avatar\/5964256d6c6957de3a3505278957e0fb2a35119ac47ea41827a65301213c810b?s=96&d=mm&r=g","url":"https:\/\/secure.gravatar.com\/avatar\/5964256d6c6957de3a3505278957e0fb2a35119ac47ea41827a65301213c810b?s=96&d=mm&r=g","contentUrl":"https:\/\/secure.gravatar.com\/avatar\/5964256d6c6957de3a3505278957e0fb2a35119ac47ea41827a65301213c810b?s=96&d=mm&r=g","caption":"Jacqueline ROTEN"}}]}},"_links":{"self":[{"href":"https:\/\/www.iemj.org\/de\/wp-json\/wp\/v2\/posts\/89169","targetHints":{"allow":["GET"]}}],"collection":[{"href":"https:\/\/www.iemj.org\/de\/wp-json\/wp\/v2\/posts"}],"about":[{"href":"https:\/\/www.iemj.org\/de\/wp-json\/wp\/v2\/types\/post"}],"author":[{"embeddable":true,"href":"https:\/\/www.iemj.org\/de\/wp-json\/wp\/v2\/users\/5"}],"replies":[{"embeddable":true,"href":"https:\/\/www.iemj.org\/de\/wp-json\/wp\/v2\/comments?post=89169"}],"version-history":[{"count":0,"href":"https:\/\/www.iemj.org\/de\/wp-json\/wp\/v2\/posts\/89169\/revisions"}],"wp:featuredmedia":[{"embeddable":true,"href":"https:\/\/www.iemj.org\/de\/wp-json\/wp\/v2\/media\/89170"}],"wp:attachment":[{"href":"https:\/\/www.iemj.org\/de\/wp-json\/wp\/v2\/media?parent=89169"}],"wp:term":[{"taxonomy":"category","embeddable":true,"href":"https:\/\/www.iemj.org\/de\/wp-json\/wp\/v2\/categories?post=89169"},{"taxonomy":"post_tag","embeddable":true,"href":"https:\/\/www.iemj.org\/de\/wp-json\/wp\/v2\/tags?post=89169"},{"taxonomy":"technique","embeddable":true,"href":"https:\/\/www.iemj.org\/de\/wp-json\/wp\/v2\/technique?post=89169"},{"taxonomy":"squelettes","embeddable":true,"href":"https:\/\/www.iemj.org\/de\/wp-json\/wp\/v2\/squelettes?post=89169"},{"taxonomy":"sujet","embeddable":true,"href":"https:\/\/www.iemj.org\/de\/wp-json\/wp\/v2\/sujet?post=89169"},{"taxonomy":"formation","embeddable":true,"href":"https:\/\/www.iemj.org\/de\/wp-json\/wp\/v2\/formation?post=89169"},{"taxonomy":"genre","embeddable":true,"href":"https:\/\/www.iemj.org\/de\/wp-json\/wp\/v2\/genre?post=89169"},{"taxonomy":"fonds","embeddable":true,"href":"https:\/\/www.iemj.org\/de\/wp-json\/wp\/v2\/fonds?post=89169"},{"taxonomy":"tradition","embeddable":true,"href":"https:\/\/www.iemj.org\/de\/wp-json\/wp\/v2\/tradition?post=89169"},{"taxonomy":"type-de-contenu","embeddable":true,"href":"https:\/\/www.iemj.org\/de\/wp-json\/wp\/v2\/type-de-contenu?post=89169"},{"taxonomy":"interprete-compositeur","embeddable":true,"href":"https:\/\/www.iemj.org\/de\/wp-json\/wp\/v2\/interprete-compositeur?post=89169"},{"taxonomy":"frise","embeddable":true,"href":"https:\/\/www.iemj.org\/de\/wp-json\/wp\/v2\/frise?post=89169"},{"taxonomy":"type-devenement","embeddable":true,"href":"https:\/\/www.iemj.org\/de\/wp-json\/wp\/v2\/type-devenement?post=89169"},{"taxonomy":"tableaux-liens-externes","embeddable":true,"href":"https:\/\/www.iemj.org\/de\/wp-json\/wp\/v2\/tableaux-liens-externes?post=89169"}],"curies":[{"name":"wp","href":"https:\/\/api.w.org\/{rel}","templated":true}]}}