{"id":89221,"date":"2019-10-15T15:33:23","date_gmt":"2019-10-15T13:33:23","guid":{"rendered":"https:\/\/www.iemj.org\/meyerbeer-giacomo-1791-1864\/"},"modified":"2025-09-10T10:25:30","modified_gmt":"2025-09-10T08:25:30","slug":"meyerbeer-giacomo-1791-1864","status":"publish","type":"post","link":"https:\/\/www.iemj.org\/de\/meyerbeer-giacomo-1791-1864\/","title":{"rendered":"Meyerbeer, Giacomo (1791-1864)"},"content":{"rendered":"<p>Giacomo Meyerbeer, der eigentlich Jakob Liebmann Meyer Beer hie\u00df, wurde am 5. September 1791 in Tasdorf geboren, in der N\u00e4he von Berlin, innerhalb einer reichen j\u00fcdischen Familie. Sein Vater, Juda Herz Beer (1769-1825), war besonders an der Emanzipations- und Integrationsbewegung der Juden in Preu\u00dfen beteiligt. Zu Beginn des 19. Jahrhunderts hatten Juden immer noch nicht die preu\u00dfische Staatsb\u00fcrgerschaft; das Berufsbeamtentum war ihnen ebenso verwehrt wie viele andere Berufe. So war es f\u00fcr einen Juden praktisch unm\u00f6glich, eine Karriere als Musiker zu machen, ohne zu konvertieren.<\/p>\n<p>Schon als Kind wurde der kleine Jakob von Privatlehrern unterrichtet: Franz Lauska (1764-1825), Klavierlehrer am Hof, der ihm schon 1798 den ersten Unterricht erteilte, dann Muzio Clementi (1752-1832) und Georg Joseph Vogler (1749-1814). Im Alter von 10 Jahren spielte Meyerbeer vor einem Publikum Mozarts Klavierkonzert in d-Moll und erlangte schnell den Ruf eines brillanten Pianisten. Von 1803 bis 1807 studierte er Komposition bei Carl Friedrich Zelter (der auch der Lehrer von Felix Mendelssohn wurde) und vollendete am 12. Dezember 1803 seine erste Klaviersonate. Von der Oper angezogen, wurde er sp\u00e4ter Sch\u00fcler von Bernhard Anselm Weber (1766-1821), der damals Kapellmeister an der K\u00f6niglichen Oper in Berlin war. In dieser Zeit komponierte er sein erstes B\u00fchnenwerk, die Ballett-Pantomime <em>Der Fischer und das Milchm\u00e4dchen<\/em>, die am 26. M\u00e4rz 1810 im K\u00f6niglichen Theater in Berlin uraufgef\u00fchrt wurde.<\/p>\n<p><img fetchpriority=\"high\" decoding=\"async\" class=\" alignleft size-full wp-image-25847\" src=\"https:\/\/www.iemj.org\/wp-content\/uploads\/2019\/10\/giacomo_meyerbeer___e_desmaisons__._redim_450px_vertic.jpg\" alt=\"giacomo_meyerbeer___e_desmaisons__._redim_450px_vertic.jpg\" width=\"296\" height=\"450\" align=\"left\" srcset=\"https:\/\/www.iemj.org\/wp-content\/uploads\/2019\/10\/giacomo_meyerbeer___e_desmaisons__._redim_450px_vertic.jpg 296w, https:\/\/www.iemj.org\/wp-content\/uploads\/2019\/10\/giacomo_meyerbeer___e_desmaisons__._redim_450px_vertic-197x300.jpg 197w\" sizes=\"(max-width: 296px) 100vw, 296px\" \/>1816 ging er nach Italien, wo er bei einer Auff\u00fchrung der Oper\u00a0<em>Tancredi<\/em>\u00a0von Gioachino Rossini (1792-1868) zusah. Diese Darstellung war eine echte Erleuchterung. Er komponierte dann Oper (<em>Romilda e Costanza<\/em>\u00a0in 1817,\u00a0<em>Semiramide riconosciuta<\/em>\u00a0und\u00a0<em>Emma di Resburgo<\/em>\u00a0in 1819,\u00a0<em>Margherita d\u2019Anjou<\/em>\u00a0in 1820,\u00a0<em>L\u2019esule di Granata<\/em>\u00a0in 1822 und letzlich\u00a0<em>Il crociato in Egitto<\/em>\u00a0in 1824), die ihm eine Bekanntheit nicht nur in Italien, sondern auch \u00fcberall in Europa zusicherte, wo er als Rossinis ebenb\u00fcrtig betrachtet wurde. Aus Dankbarkeit gegen\u00fcber Italien, wo er seine ersten Erfolge erzielte, italienisierte der Komponist seinen Vornamen und stellte sich fortan als Giacomo Meyerbeer vor.\u00a0<\/p>\n<p>Zwischen 1825 und 1841 fand der Gro\u00dfteil seiner Karriere in Paris teil. Dank Luigi Cherubinis Unterst\u00fctzung begann er am 18. Februar 1827 eine fruchtbare Zusammenarbeit mit dem Textdichter Eug\u00e8ne Scribe. Ihr erstes gemeinsame Werk,\u00a0<em>Robert le Diable (Robert der Teufel)<\/em>, wurde am Opernhaus am 21. November 1831 uraufgef\u00fchrt und war ein Triumph. Meyerbeer wurde ausl\u00e4ndisches Mitglied der Acad\u00e9mie des Beaux-Arts in Paris und zum Ritter der Ehrenlegion am 19. Januar 1832 erhoben.<\/p>\n<p>Der Tod des K\u00f6nigs von Preu\u00dfen Friedrich Wilhelm III. und die Thronbesteigung seines \u00e4ltesten Sohnes Friedrich Wilhelm IV. erwiesen sich als g\u00fcnstig f\u00fcr Meyerbeer. Tats\u00e4chlich ergriff der neue K\u00f6nig viel freiheitlichere Ma\u00dfnahmen f\u00fcr die Juden von Preu\u00dfen. Am 11. Juni 1842 ernannte Friedrich Wilhelm IV. Meyerbeer zum Generalmusikdirektor der Berliner Oper und zum Aufsichtsf\u00fchrende \u00fcber die Musik des k\u00f6niglichen Hofes. Die Leitung der geistlichen Musik wurde einem anderen Komponisten j\u00fcdischer Herkunft \u00fcbertragen, der jedoch zum Protestantismus konvertierte, Felix Mendelssohn (1809-1847).<\/p>\n<p><img decoding=\"async\" class=\" alignright size-full wp-image-25849\" src=\"https:\/\/www.iemj.org\/wp-content\/uploads\/2019\/10\/meyerbeer-g-l-africaine-piano-chant-ca1925_rognee_redim_450px_vertic.jpg\" alt=\"meyerbeer-g-l-africaine-piano-chant-ca1925_rognee_redim_450px_vertic.jpg\" width=\"339\" height=\"450\" align=\"right\" srcset=\"https:\/\/www.iemj.org\/wp-content\/uploads\/2019\/10\/meyerbeer-g-l-africaine-piano-chant-ca1925_rognee_redim_450px_vertic.jpg 339w, https:\/\/www.iemj.org\/wp-content\/uploads\/2019\/10\/meyerbeer-g-l-africaine-piano-chant-ca1925_rognee_redim_450px_vertic-226x300.jpg 226w\" sizes=\"(max-width: 339px) 100vw, 339px\" \/>Ab 1851 wohnte Meyerbeer meistens in Berlin mit seiner Familie, und nahm an dem besonders reichen Kunstleben der Stadt teil. Dies verhinderte ihn nicht, regelm\u00e4\u00dfig in ganz Europa zu reisen, um seine Werke zu vorstellen.<\/p>\n<p>Meyerbeer starb pl\u00f6tzlich am 2. Mai 1864 in Paris, als er die Proben zu seiner letzten Oper, <em>L&#8217;Africaine (die Afrikanerin)<\/em>, \u00fcberwachte, da er von seiner intensiven sch\u00f6pferischen T\u00e4tigkeit sehr ersch\u00f6pft war.<\/p>\n<p>Giacomo Meyerbeer hat sein ganzes Leben lang nie seine j\u00fcdische Herkunft verleugnet. Er beging die Geburtstage seiner Familie nach dem j\u00fcdischen Mondkalender, und als sein Gro\u00dfvater starb, als er 20 Jahre alt war, gab er seiner Mutter das Versprechen, nach den mosaischen Gesetzen zu leben. Sein j\u00fcdisches musikalisches Werk ist jedoch minimal: Es sind nur zwei hebr\u00e4ische Kompositionen von ihm bekannt. Die erste ist ein Jugendwerk, ein <em>Hallelujah<\/em> f\u00fcr Chor und Orgel, das 1815 f\u00fcr die reformierte Gemeinde in Berlin geschrieben und im Oratorium von Judah Herz Beer, dem Vater des Komponisten, gesungen wurde.<\/p>\n<p><img decoding=\"async\" class=\" alignleft size-full wp-image-25851\" src=\"https:\/\/www.iemj.org\/wp-content\/uploads\/2019\/10\/meyerbeer_ouvnoukho_yomar_redim_400px_vertic.jpg\" alt=\"meyerbeer_ouvnoukho_yomar_redim_400px_vertic.jpg\" width=\"304\" height=\"400\" align=\"left\" srcset=\"https:\/\/www.iemj.org\/wp-content\/uploads\/2019\/10\/meyerbeer_ouvnoukho_yomar_redim_400px_vertic.jpg 304w, https:\/\/www.iemj.org\/wp-content\/uploads\/2019\/10\/meyerbeer_ouvnoukho_yomar_redim_400px_vertic-228x300.jpg 228w\" sizes=\"(max-width: 304px) 100vw, 304px\" \/>Das zweite Werk, <em>Ouv&#8217;noukho Yomar<\/em>, ging auf die Arbeit von <a href=\"https:\/\/www.iemj.org\/de\/naumbourg-samuel-1817-1880\/\">Samuel Naumbourg (1817-1880)<\/a>\u00a0zur\u00fcck, einem der wichtigsten Reformer des israelitischen Gottesdienstes in Frankreich im 19. Jahrhundert. 1846, als Naumburg die Ver\u00f6ffentlichung einer zweib\u00e4ndigen Sammlung hebr\u00e4ischer Lieder <em>Zemirot Israel<\/em>, <em>Chants Religieux des Isra\u00e9lites (Semirot Israel, religi\u00f6se Ges\u00e4nge der Israeliten),<\/em> vorbereitete, bat er Meyerbeer um die Erlaubnis, eine seiner Kompositionen in die Sammlung aufzunehmen: <em>Pri\u00e8re d\u2018enfant<\/em>, das urspr\u00fcnglich 1839 f\u00fcr drei Frauenstimmen a cappella ver\u00f6ffentlicht worden war, bevor es 1841 unter dem Titel <em>Kindergebet<\/em> ins Deutsche \u00fcbersetzt wurde. Meyerbeer nahm es an, und Naumburg arrangierte es f\u00fcr M\u00e4nnerchor und Kinder auf der Grundlage des Textes des Gebets <em>Ouv&#8217;noukho Yomar<\/em>, das w\u00e4hrend der Schabbat- und Festtagsgottesdienste beim Einzug der Thorarollen in die Heilige Lade rezitiert wurde. Dieses St\u00fcck wurde 1847 in Paris im zweiten Band der Naumburger Sammlung ver\u00f6ffentlicht, die im \u00dcbrigen auch St\u00fccke anderer Komponisten wie\u00a0<a href=\"https:\/\/www.iemj.org\/de\/halevy-jacques-francois-fromental-elie-1799-1862\/\" target=\"_blank\" rel=\"noopener\">Fromental Hal\u00e9vy (1799-1862)<\/a> oder auch <a href=\"https:\/\/www.iemj.org\/de\/alkan-charles-valentin-1813-1888\/\">Charles-Valentin Alkan (1813-1888)<\/a>\u00a0enth\u00e4lt.<\/p>\n<p><a href=\"https:\/\/www.iemj.org\/?attachment_id=49932\" target=\"_blank\" rel=\"noopener\">Bestellen Sie in unserem Online-Shop\u00a0die <strong>CD Jacques Offenbach et ses proches \u2013 De la synagogue \u00e0 l\u2019op\u00e9ra<\/strong>\u00a0\u2013 Vol.6, IEMJ Verlag <\/a><\/p>\n<p><a href=\"https:\/\/www.iemj.org\/de\/giacomo-meyerbeer-hallelujah-the-choral-works-2\/\" target=\"_blank\" rel=\"noopener\">Weitere Informationen zur CD Giacomo Meyerbeer \u2013 Hallelujah, Anschaffung der Halphen-Mediathek<\/a><\/p>\n\n\n<h2 class=\"wp-block-heading\"><\/h2>\n\n\n<div class=\"wp-block-image\">\n<figure class=\"aligncenter size-large\"><img loading=\"lazy\" decoding=\"async\" width=\"1024\" height=\"133\" src=\"https:\/\/www.iemj.org\/wp-content\/uploads\/2024\/03\/AUDIO-PLAYER-1024x133.png\" alt=\"\" class=\"wp-image-110606\" srcset=\"https:\/\/www.iemj.org\/wp-content\/uploads\/2024\/03\/AUDIO-PLAYER-1024x133.png 1024w, https:\/\/www.iemj.org\/wp-content\/uploads\/2024\/03\/AUDIO-PLAYER-300x39.png 300w, https:\/\/www.iemj.org\/wp-content\/uploads\/2024\/03\/AUDIO-PLAYER-768x100.png 768w, https:\/\/www.iemj.org\/wp-content\/uploads\/2024\/03\/AUDIO-PLAYER-600x78.png 600w, https:\/\/www.iemj.org\/wp-content\/uploads\/2024\/03\/AUDIO-PLAYER.png 1210w\" sizes=\"(max-width: 1024px) 100vw, 1024px\" \/><\/figure>\n<\/div>\n\n\n<div class=\"wp-block-file\"><a id=\"wp-block-file--media-48332af9-4c73-4276-9c83-9ce9e224cc6c\" href=\"https:\/\/www.iemj.org\/wp-content\/uploads\/2019\/10\/mus5_meyerbeer_priere_d_enfants_anne_sofie_von_otter.mp3\">Giacomo Meyerbeer &#8211; Pri\u00e8re d&#8217;enfants &#8211; Anne Sophie von Otter<\/a><\/div>\n\n\n\n<div class=\"wp-block-file\"><a id=\"wp-block-file--media-ca1a7400-36a2-4ec6-9973-ecf2f71c3717\" href=\"https:\/\/www.iemj.org\/wp-content\/uploads\/2019\/10\/mus6_ouvnou_ho_yomar_giacomo_meyerbeer.mp3\">Giacomo Meyerbeer &#8211; Ouvnou&#8217;ho yomar &#8211; La truite lyrique &#8211; direction Hector sabo<\/a><\/div>\n\n\n\n<div class=\"wp-block-file\"><a id=\"wp-block-file--media-9031aa91-032a-458b-ad2a-c271ecca2ecb\" href=\"https:\/\/www.iemj.org\/wp-content\/uploads\/2019\/10\/hallelujah_-_extrait_-_giacomo_meyerbeer_rheinische_kantorei_chistophe_lehmann_hermann_max.mp3\">Hallelujah &#8211; EXTRAIT &#8211; Giacomo Meyerbeer, Rheinische Kantorei, Chistophe Lehmann, Hermann Max<\/a><\/div>\n","protected":false},"excerpt":{"rendered":"<p>Giacomo Meyerbeer, der eigentlich Jakob Liebmann Meyer Beer hie\u00df, wurde am 5. September 1791 in Tasdorf geboren, in der N\u00e4he von Berlin, innerhalb einer reichen j\u00fcdischen Familie. Sein Vater, Juda<\/p>\n","protected":false},"author":1045,"featured_media":89222,"comment_status":"closed","ping_status":"closed","sticky":false,"template":"","format":"standard","meta":{"_acf_changed":false,"footnotes":""},"categories":[1415],"tags":[],"technique":[],"squelettes":[],"sujet":[],"formation":[],"genre":[],"fonds":[],"tradition":[],"type-de-contenu":[],"interprete-compositeur":[],"frise":[],"type-devenement":[],"tableaux-liens-externes":[],"class_list":["post-89221","post","type-post","status-publish","format-standard","has-post-thumbnail","hentry","category-biografien-de"],"acf":[],"yoast_head":"<!-- This site is optimized with the Yoast SEO plugin v27.3 - https:\/\/yoast.com\/product\/yoast-seo-wordpress\/ -->\n<title>Meyerbeer, Giacomo (1791-1864) - Institut Europ\u00e9en des Musiques Juives<\/title>\n<meta name=\"robots\" content=\"index, follow, max-snippet:-1, max-image-preview:large, max-video-preview:-1\" \/>\n<link rel=\"canonical\" href=\"https:\/\/www.iemj.org\/de\/meyerbeer-giacomo-1791-1864\/\" \/>\n<meta property=\"og:locale\" content=\"de_DE\" \/>\n<meta property=\"og:type\" content=\"article\" \/>\n<meta property=\"og:title\" content=\"Meyerbeer, Giacomo (1791-1864) - Institut Europ\u00e9en des Musiques Juives\" \/>\n<meta property=\"og:description\" content=\"Giacomo Meyerbeer, der eigentlich Jakob Liebmann Meyer Beer hie\u00df, wurde am 5. September 1791 in Tasdorf geboren, in der N\u00e4he von Berlin, innerhalb einer reichen j\u00fcdischen Familie. Sein Vater, Juda\" \/>\n<meta property=\"og:url\" content=\"https:\/\/www.iemj.org\/de\/meyerbeer-giacomo-1791-1864\/\" \/>\n<meta property=\"og:site_name\" content=\"Institut Europ\u00e9en des Musiques Juives\" \/>\n<meta property=\"article:publisher\" content=\"https:\/\/www.facebook.com\/MusiquesJuives\/\" \/>\n<meta property=\"article:published_time\" content=\"2019-10-15T13:33:23+00:00\" \/>\n<meta property=\"article:modified_time\" content=\"2025-09-10T08:25:30+00:00\" \/>\n<meta property=\"og:image\" content=\"https:\/\/www.iemj.org\/wp-content\/uploads\/2019\/10\/logo-bio-Giacomo-Meyerbeer-nv-site-e1618410260725.jpg\" \/>\n\t<meta property=\"og:image:width\" content=\"159\" \/>\n\t<meta property=\"og:image:height\" content=\"218\" \/>\n\t<meta property=\"og:image:type\" content=\"image\/jpeg\" \/>\n<meta name=\"author\" content=\"Herv\u00e9 Roten\" \/>\n<meta name=\"twitter:card\" content=\"summary_large_image\" \/>\n<meta name=\"twitter:label1\" content=\"Verfasst von\" \/>\n\t<meta name=\"twitter:data1\" content=\"Herv\u00e9 Roten\" \/>\n\t<meta name=\"twitter:label2\" content=\"Gesch\u00e4tzte Lesezeit\" \/>\n\t<meta name=\"twitter:data2\" content=\"6\u00a0Minuten\" \/>\n<script type=\"application\/ld+json\" class=\"yoast-schema-graph\">{\"@context\":\"https:\\\/\\\/schema.org\",\"@graph\":[{\"@type\":\"Article\",\"@id\":\"https:\\\/\\\/www.iemj.org\\\/de\\\/meyerbeer-giacomo-1791-1864\\\/#article\",\"isPartOf\":{\"@id\":\"https:\\\/\\\/www.iemj.org\\\/de\\\/meyerbeer-giacomo-1791-1864\\\/\"},\"author\":{\"name\":\"Herv\u00e9 Roten\",\"@id\":\"https:\\\/\\\/www.iemj.org\\\/de\\\/#\\\/schema\\\/person\\\/906134402c29d5c76e7b726261dd4bbd\"},\"headline\":\"Meyerbeer, Giacomo (1791-1864)\",\"datePublished\":\"2019-10-15T13:33:23+00:00\",\"dateModified\":\"2025-09-10T08:25:30+00:00\",\"mainEntityOfPage\":{\"@id\":\"https:\\\/\\\/www.iemj.org\\\/de\\\/meyerbeer-giacomo-1791-1864\\\/\"},\"wordCount\":893,\"publisher\":{\"@id\":\"https:\\\/\\\/www.iemj.org\\\/de\\\/#organization\"},\"image\":{\"@id\":\"https:\\\/\\\/www.iemj.org\\\/de\\\/meyerbeer-giacomo-1791-1864\\\/#primaryimage\"},\"thumbnailUrl\":\"https:\\\/\\\/www.iemj.org\\\/wp-content\\\/uploads\\\/2019\\\/10\\\/logo-bio-Giacomo-Meyerbeer-nv-site-e1618410260725.jpg\",\"articleSection\":[\"Biografien\"],\"inLanguage\":\"de\"},{\"@type\":\"WebPage\",\"@id\":\"https:\\\/\\\/www.iemj.org\\\/de\\\/meyerbeer-giacomo-1791-1864\\\/\",\"url\":\"https:\\\/\\\/www.iemj.org\\\/de\\\/meyerbeer-giacomo-1791-1864\\\/\",\"name\":\"Meyerbeer, Giacomo (1791-1864) - Institut Europ\u00e9en des Musiques Juives\",\"isPartOf\":{\"@id\":\"https:\\\/\\\/www.iemj.org\\\/de\\\/#website\"},\"primaryImageOfPage\":{\"@id\":\"https:\\\/\\\/www.iemj.org\\\/de\\\/meyerbeer-giacomo-1791-1864\\\/#primaryimage\"},\"image\":{\"@id\":\"https:\\\/\\\/www.iemj.org\\\/de\\\/meyerbeer-giacomo-1791-1864\\\/#primaryimage\"},\"thumbnailUrl\":\"https:\\\/\\\/www.iemj.org\\\/wp-content\\\/uploads\\\/2019\\\/10\\\/logo-bio-Giacomo-Meyerbeer-nv-site-e1618410260725.jpg\",\"datePublished\":\"2019-10-15T13:33:23+00:00\",\"dateModified\":\"2025-09-10T08:25:30+00:00\",\"breadcrumb\":{\"@id\":\"https:\\\/\\\/www.iemj.org\\\/de\\\/meyerbeer-giacomo-1791-1864\\\/#breadcrumb\"},\"inLanguage\":\"de\",\"potentialAction\":[{\"@type\":\"ReadAction\",\"target\":[\"https:\\\/\\\/www.iemj.org\\\/de\\\/meyerbeer-giacomo-1791-1864\\\/\"]}]},{\"@type\":\"ImageObject\",\"inLanguage\":\"de\",\"@id\":\"https:\\\/\\\/www.iemj.org\\\/de\\\/meyerbeer-giacomo-1791-1864\\\/#primaryimage\",\"url\":\"https:\\\/\\\/www.iemj.org\\\/wp-content\\\/uploads\\\/2019\\\/10\\\/logo-bio-Giacomo-Meyerbeer-nv-site-e1618410260725.jpg\",\"contentUrl\":\"https:\\\/\\\/www.iemj.org\\\/wp-content\\\/uploads\\\/2019\\\/10\\\/logo-bio-Giacomo-Meyerbeer-nv-site-e1618410260725.jpg\",\"width\":159,\"height\":218},{\"@type\":\"BreadcrumbList\",\"@id\":\"https:\\\/\\\/www.iemj.org\\\/de\\\/meyerbeer-giacomo-1791-1864\\\/#breadcrumb\",\"itemListElement\":[{\"@type\":\"ListItem\",\"position\":1,\"name\":\"Accueil\",\"item\":\"https:\\\/\\\/www.iemj.org\\\/de\\\/\"},{\"@type\":\"ListItem\",\"position\":2,\"name\":\"Meyerbeer, Giacomo (1791-1864)\"}]},{\"@type\":\"WebSite\",\"@id\":\"https:\\\/\\\/www.iemj.org\\\/de\\\/#website\",\"url\":\"https:\\\/\\\/www.iemj.org\\\/de\\\/\",\"name\":\"Institut Europ\u00e9en des Musiques Juives\",\"description\":\"Des traditions musicales \u00e0 la port\u00e9e de tous\",\"publisher\":{\"@id\":\"https:\\\/\\\/www.iemj.org\\\/de\\\/#organization\"},\"potentialAction\":[{\"@type\":\"SearchAction\",\"target\":{\"@type\":\"EntryPoint\",\"urlTemplate\":\"https:\\\/\\\/www.iemj.org\\\/de\\\/?s={search_term_string}\"},\"query-input\":{\"@type\":\"PropertyValueSpecification\",\"valueRequired\":true,\"valueName\":\"search_term_string\"}}],\"inLanguage\":\"de\"},{\"@type\":\"Organization\",\"@id\":\"https:\\\/\\\/www.iemj.org\\\/de\\\/#organization\",\"name\":\"Institut Europ\u00e9en des Musiques Juives\",\"url\":\"https:\\\/\\\/www.iemj.org\\\/de\\\/\",\"logo\":{\"@type\":\"ImageObject\",\"inLanguage\":\"de\",\"@id\":\"https:\\\/\\\/www.iemj.org\\\/de\\\/#\\\/schema\\\/logo\\\/image\\\/\",\"url\":\"https:\\\/\\\/www.iemj.org\\\/wp-content\\\/uploads\\\/2021\\\/09\\\/Logo-IEMJ-Paypal.jpg\",\"contentUrl\":\"https:\\\/\\\/www.iemj.org\\\/wp-content\\\/uploads\\\/2021\\\/09\\\/Logo-IEMJ-Paypal.jpg\",\"width\":150,\"height\":50,\"caption\":\"Institut Europ\u00e9en des Musiques Juives\"},\"image\":{\"@id\":\"https:\\\/\\\/www.iemj.org\\\/de\\\/#\\\/schema\\\/logo\\\/image\\\/\"},\"sameAs\":[\"https:\\\/\\\/www.facebook.com\\\/MusiquesJuives\\\/\",\"https:\\\/\\\/www.instagram.com\\\/musiquesjuives\\\/\",\"https:\\\/\\\/www.youtube.com\\\/user\\\/musiquesjuives\"]},{\"@type\":\"Person\",\"@id\":\"https:\\\/\\\/www.iemj.org\\\/de\\\/#\\\/schema\\\/person\\\/906134402c29d5c76e7b726261dd4bbd\",\"name\":\"Herv\u00e9 Roten\",\"image\":{\"@type\":\"ImageObject\",\"inLanguage\":\"de\",\"@id\":\"https:\\\/\\\/secure.gravatar.com\\\/avatar\\\/f96ad2db538a26481f18384936b5cd0610c92d390c4dc382209216d455f685ff?s=96&d=mm&r=g\",\"url\":\"https:\\\/\\\/secure.gravatar.com\\\/avatar\\\/f96ad2db538a26481f18384936b5cd0610c92d390c4dc382209216d455f685ff?s=96&d=mm&r=g\",\"contentUrl\":\"https:\\\/\\\/secure.gravatar.com\\\/avatar\\\/f96ad2db538a26481f18384936b5cd0610c92d390c4dc382209216d455f685ff?s=96&d=mm&r=g\",\"caption\":\"Herv\u00e9 Roten\"}}]}<\/script>\n<!-- \/ Yoast SEO plugin. -->","yoast_head_json":{"title":"Meyerbeer, Giacomo (1791-1864) - Institut Europ\u00e9en des Musiques Juives","robots":{"index":"index","follow":"follow","max-snippet":"max-snippet:-1","max-image-preview":"max-image-preview:large","max-video-preview":"max-video-preview:-1"},"canonical":"https:\/\/www.iemj.org\/de\/meyerbeer-giacomo-1791-1864\/","og_locale":"de_DE","og_type":"article","og_title":"Meyerbeer, Giacomo (1791-1864) - Institut Europ\u00e9en des Musiques Juives","og_description":"Giacomo Meyerbeer, der eigentlich Jakob Liebmann Meyer Beer hie\u00df, wurde am 5. September 1791 in Tasdorf geboren, in der N\u00e4he von Berlin, innerhalb einer reichen j\u00fcdischen Familie. Sein Vater, Juda","og_url":"https:\/\/www.iemj.org\/de\/meyerbeer-giacomo-1791-1864\/","og_site_name":"Institut Europ\u00e9en des Musiques Juives","article_publisher":"https:\/\/www.facebook.com\/MusiquesJuives\/","article_published_time":"2019-10-15T13:33:23+00:00","article_modified_time":"2025-09-10T08:25:30+00:00","og_image":[{"width":159,"height":218,"url":"https:\/\/www.iemj.org\/wp-content\/uploads\/2019\/10\/logo-bio-Giacomo-Meyerbeer-nv-site-e1618410260725.jpg","type":"image\/jpeg"}],"author":"Herv\u00e9 Roten","twitter_card":"summary_large_image","twitter_misc":{"Verfasst von":"Herv\u00e9 Roten","Gesch\u00e4tzte Lesezeit":"6\u00a0Minuten"},"schema":{"@context":"https:\/\/schema.org","@graph":[{"@type":"Article","@id":"https:\/\/www.iemj.org\/de\/meyerbeer-giacomo-1791-1864\/#article","isPartOf":{"@id":"https:\/\/www.iemj.org\/de\/meyerbeer-giacomo-1791-1864\/"},"author":{"name":"Herv\u00e9 Roten","@id":"https:\/\/www.iemj.org\/de\/#\/schema\/person\/906134402c29d5c76e7b726261dd4bbd"},"headline":"Meyerbeer, Giacomo (1791-1864)","datePublished":"2019-10-15T13:33:23+00:00","dateModified":"2025-09-10T08:25:30+00:00","mainEntityOfPage":{"@id":"https:\/\/www.iemj.org\/de\/meyerbeer-giacomo-1791-1864\/"},"wordCount":893,"publisher":{"@id":"https:\/\/www.iemj.org\/de\/#organization"},"image":{"@id":"https:\/\/www.iemj.org\/de\/meyerbeer-giacomo-1791-1864\/#primaryimage"},"thumbnailUrl":"https:\/\/www.iemj.org\/wp-content\/uploads\/2019\/10\/logo-bio-Giacomo-Meyerbeer-nv-site-e1618410260725.jpg","articleSection":["Biografien"],"inLanguage":"de"},{"@type":"WebPage","@id":"https:\/\/www.iemj.org\/de\/meyerbeer-giacomo-1791-1864\/","url":"https:\/\/www.iemj.org\/de\/meyerbeer-giacomo-1791-1864\/","name":"Meyerbeer, Giacomo (1791-1864) - Institut Europ\u00e9en des Musiques Juives","isPartOf":{"@id":"https:\/\/www.iemj.org\/de\/#website"},"primaryImageOfPage":{"@id":"https:\/\/www.iemj.org\/de\/meyerbeer-giacomo-1791-1864\/#primaryimage"},"image":{"@id":"https:\/\/www.iemj.org\/de\/meyerbeer-giacomo-1791-1864\/#primaryimage"},"thumbnailUrl":"https:\/\/www.iemj.org\/wp-content\/uploads\/2019\/10\/logo-bio-Giacomo-Meyerbeer-nv-site-e1618410260725.jpg","datePublished":"2019-10-15T13:33:23+00:00","dateModified":"2025-09-10T08:25:30+00:00","breadcrumb":{"@id":"https:\/\/www.iemj.org\/de\/meyerbeer-giacomo-1791-1864\/#breadcrumb"},"inLanguage":"de","potentialAction":[{"@type":"ReadAction","target":["https:\/\/www.iemj.org\/de\/meyerbeer-giacomo-1791-1864\/"]}]},{"@type":"ImageObject","inLanguage":"de","@id":"https:\/\/www.iemj.org\/de\/meyerbeer-giacomo-1791-1864\/#primaryimage","url":"https:\/\/www.iemj.org\/wp-content\/uploads\/2019\/10\/logo-bio-Giacomo-Meyerbeer-nv-site-e1618410260725.jpg","contentUrl":"https:\/\/www.iemj.org\/wp-content\/uploads\/2019\/10\/logo-bio-Giacomo-Meyerbeer-nv-site-e1618410260725.jpg","width":159,"height":218},{"@type":"BreadcrumbList","@id":"https:\/\/www.iemj.org\/de\/meyerbeer-giacomo-1791-1864\/#breadcrumb","itemListElement":[{"@type":"ListItem","position":1,"name":"Accueil","item":"https:\/\/www.iemj.org\/de\/"},{"@type":"ListItem","position":2,"name":"Meyerbeer, Giacomo (1791-1864)"}]},{"@type":"WebSite","@id":"https:\/\/www.iemj.org\/de\/#website","url":"https:\/\/www.iemj.org\/de\/","name":"Institut Europ\u00e9en des Musiques Juives","description":"Des traditions musicales \u00e0 la port\u00e9e de tous","publisher":{"@id":"https:\/\/www.iemj.org\/de\/#organization"},"potentialAction":[{"@type":"SearchAction","target":{"@type":"EntryPoint","urlTemplate":"https:\/\/www.iemj.org\/de\/?s={search_term_string}"},"query-input":{"@type":"PropertyValueSpecification","valueRequired":true,"valueName":"search_term_string"}}],"inLanguage":"de"},{"@type":"Organization","@id":"https:\/\/www.iemj.org\/de\/#organization","name":"Institut Europ\u00e9en des Musiques Juives","url":"https:\/\/www.iemj.org\/de\/","logo":{"@type":"ImageObject","inLanguage":"de","@id":"https:\/\/www.iemj.org\/de\/#\/schema\/logo\/image\/","url":"https:\/\/www.iemj.org\/wp-content\/uploads\/2021\/09\/Logo-IEMJ-Paypal.jpg","contentUrl":"https:\/\/www.iemj.org\/wp-content\/uploads\/2021\/09\/Logo-IEMJ-Paypal.jpg","width":150,"height":50,"caption":"Institut Europ\u00e9en des Musiques Juives"},"image":{"@id":"https:\/\/www.iemj.org\/de\/#\/schema\/logo\/image\/"},"sameAs":["https:\/\/www.facebook.com\/MusiquesJuives\/","https:\/\/www.instagram.com\/musiquesjuives\/","https:\/\/www.youtube.com\/user\/musiquesjuives"]},{"@type":"Person","@id":"https:\/\/www.iemj.org\/de\/#\/schema\/person\/906134402c29d5c76e7b726261dd4bbd","name":"Herv\u00e9 Roten","image":{"@type":"ImageObject","inLanguage":"de","@id":"https:\/\/secure.gravatar.com\/avatar\/f96ad2db538a26481f18384936b5cd0610c92d390c4dc382209216d455f685ff?s=96&d=mm&r=g","url":"https:\/\/secure.gravatar.com\/avatar\/f96ad2db538a26481f18384936b5cd0610c92d390c4dc382209216d455f685ff?s=96&d=mm&r=g","contentUrl":"https:\/\/secure.gravatar.com\/avatar\/f96ad2db538a26481f18384936b5cd0610c92d390c4dc382209216d455f685ff?s=96&d=mm&r=g","caption":"Herv\u00e9 Roten"}}]}},"_links":{"self":[{"href":"https:\/\/www.iemj.org\/de\/wp-json\/wp\/v2\/posts\/89221","targetHints":{"allow":["GET"]}}],"collection":[{"href":"https:\/\/www.iemj.org\/de\/wp-json\/wp\/v2\/posts"}],"about":[{"href":"https:\/\/www.iemj.org\/de\/wp-json\/wp\/v2\/types\/post"}],"author":[{"embeddable":true,"href":"https:\/\/www.iemj.org\/de\/wp-json\/wp\/v2\/users\/1045"}],"replies":[{"embeddable":true,"href":"https:\/\/www.iemj.org\/de\/wp-json\/wp\/v2\/comments?post=89221"}],"version-history":[{"count":0,"href":"https:\/\/www.iemj.org\/de\/wp-json\/wp\/v2\/posts\/89221\/revisions"}],"wp:featuredmedia":[{"embeddable":true,"href":"https:\/\/www.iemj.org\/de\/wp-json\/wp\/v2\/media\/89222"}],"wp:attachment":[{"href":"https:\/\/www.iemj.org\/de\/wp-json\/wp\/v2\/media?parent=89221"}],"wp:term":[{"taxonomy":"category","embeddable":true,"href":"https:\/\/www.iemj.org\/de\/wp-json\/wp\/v2\/categories?post=89221"},{"taxonomy":"post_tag","embeddable":true,"href":"https:\/\/www.iemj.org\/de\/wp-json\/wp\/v2\/tags?post=89221"},{"taxonomy":"technique","embeddable":true,"href":"https:\/\/www.iemj.org\/de\/wp-json\/wp\/v2\/technique?post=89221"},{"taxonomy":"squelettes","embeddable":true,"href":"https:\/\/www.iemj.org\/de\/wp-json\/wp\/v2\/squelettes?post=89221"},{"taxonomy":"sujet","embeddable":true,"href":"https:\/\/www.iemj.org\/de\/wp-json\/wp\/v2\/sujet?post=89221"},{"taxonomy":"formation","embeddable":true,"href":"https:\/\/www.iemj.org\/de\/wp-json\/wp\/v2\/formation?post=89221"},{"taxonomy":"genre","embeddable":true,"href":"https:\/\/www.iemj.org\/de\/wp-json\/wp\/v2\/genre?post=89221"},{"taxonomy":"fonds","embeddable":true,"href":"https:\/\/www.iemj.org\/de\/wp-json\/wp\/v2\/fonds?post=89221"},{"taxonomy":"tradition","embeddable":true,"href":"https:\/\/www.iemj.org\/de\/wp-json\/wp\/v2\/tradition?post=89221"},{"taxonomy":"type-de-contenu","embeddable":true,"href":"https:\/\/www.iemj.org\/de\/wp-json\/wp\/v2\/type-de-contenu?post=89221"},{"taxonomy":"interprete-compositeur","embeddable":true,"href":"https:\/\/www.iemj.org\/de\/wp-json\/wp\/v2\/interprete-compositeur?post=89221"},{"taxonomy":"frise","embeddable":true,"href":"https:\/\/www.iemj.org\/de\/wp-json\/wp\/v2\/frise?post=89221"},{"taxonomy":"type-devenement","embeddable":true,"href":"https:\/\/www.iemj.org\/de\/wp-json\/wp\/v2\/type-devenement?post=89221"},{"taxonomy":"tableaux-liens-externes","embeddable":true,"href":"https:\/\/www.iemj.org\/de\/wp-json\/wp\/v2\/tableaux-liens-externes?post=89221"}],"curies":[{"name":"wp","href":"https:\/\/api.w.org\/{rel}","templated":true}]}}