{"id":89266,"date":"2015-09-18T19:09:53","date_gmt":"2015-09-18T17:09:53","guid":{"rendered":"https:\/\/www.iemj.org\/sebban-zabulon-1911-1983\/"},"modified":"2022-10-27T11:57:00","modified_gmt":"2022-10-27T09:57:00","slug":"sebban-zabulon-1911-1983","status":"publish","type":"post","link":"https:\/\/www.iemj.org\/de\/sebban-zabulon-1911-1983\/","title":{"rendered":"Sebban, Zabulon (1911-1983)"},"content":{"rendered":"<p>Zabulon Sebban wurde am 11. Dezember 1911 in Geryville (heutige El Bayadh), in der N\u00e4he von Oran (Algerien), geboren, und hatte ein erlebnisreiches Leben. Mit seiner Frau Odette Rachel Cherqui hat er sieben Kinder gehabt, und war mehr als drei\u00dfig Jahre lang H\u00e4ndler und Industrieller in Algier.<\/p>\n<p>Als Jugendlicher besuchte er das Rabbinerseminar \u201eEts Chaim\u201c in Algier. Seine Mitsch\u00fcler waren die sp\u00e4teren Oberrabbiner Meyer Ja\u00efs (Paris) und Simon Morali (Nancy und Nizza). Durch seine Lehrer (Oberrabbiner Dayan Isaac Hanoune, Loufrani und Isaac Morali) hatte er eine tiefe Kenntnis der Texte und die Freude am Studium erworben.<\/p>\n<p><img fetchpriority=\"high\" decoding=\"async\" class=\" alignright  wp-image-7956\" src=\"https:\/\/www.iemj.org\/wp-content\/uploads\/2015\/09\/zabulon_sebban_rabbin_luneville_1961-redimensionne_petit.jpg\" alt=\"zabulon_sebban_rabbin_luneville_1961-redimensionne_petit.jpg\" width=\"222\" height=\"296\" align=\"right\" data-description=\"Zabulon Sebban- Lun\u00e9ville 1961\" srcset=\"https:\/\/www.iemj.org\/wp-content\/uploads\/2015\/09\/zabulon_sebban_rabbin_luneville_1961-redimensionne_petit.jpg 240w, https:\/\/www.iemj.org\/wp-content\/uploads\/2015\/09\/zabulon_sebban_rabbin_luneville_1961-redimensionne_petit-225x300.jpg 225w\" sizes=\"(max-width: 222px) 100vw, 222px\" \/><\/p>\n<p>Er war von 1927 bis 1961 ehrenamtlicher Chasan im Gro\u00dfen Tempel von Algier und anschlie\u00dfend in der kleinen Synagoge in der Rue Sainte und zeichnete sich durch die traditionelle Liturgie aus. Er sang, teilte und lehrte gleichzeitig, was er insbesondere dann tat, wenn er durch Stille oder Rhythmus dieses oder jenes Wort (oder sogar eine Silbe) in einem Satz ausdr\u00fcckte, das sich als besonders wichtig f\u00fcr das bessere Verst\u00e4ndnis des Gebets erwies. Seine weiche, warme und modulierte Stimme lie\u00df uns die Urspr\u00fcnge der Melodien erahnen: Spanien, Portugal, Marokko, Algier\u2026<\/p>\n<p>Als Verantwortlicher f\u00fcr die Koordination der Talmud-Tora in Algier wurde er von der FLN bedroht und musste ins franz\u00f6sische Mutterland gehen, um sich dort ein neues Leben aufzubauen. Er wurde nacheinander Kultusminister und Milit\u00e4rseelsorger der Gef\u00e4ngnisse in Lun\u00e9ville (1961 bis 1970), dann in Antibes, und erhielt den Titel eines Rabbiners in Dijon (1971 bis 1978).<\/p>\n<p><a href=\"http:\/\/www.rachelnet.net\/F\/?func=direct&amp;local_base=CFMCG&amp;doc_number=000224578\"><img decoding=\"async\" class=\" alignleft  wp-image-7960\" src=\"https:\/\/www.iemj.org\/wp-content\/uploads\/2015\/09\/capture-19.jpg\" alt=\"capture-19.jpg\" width=\"325\" height=\"317\" align=\"left\" \/><\/a><\/p>\n<p>In seinen letzten Lebensjahren vollendete er ein bemerkenswertes Werk, das in dem Buch \u201eRimonim Ba-Pard\u00e8s\u201c, \u201eObstgarten der Granat\u00e4pfel\u201c (Palio Verlag) ver\u00f6ffentlicht wurde und sich mit den gro\u00dfen Themen der j\u00fcdischen Kultur, Philosophie und des j\u00fcdischen Lebens befasst. Dieses Werk wurde von der Alliance Isra\u00e9lite Universelle \u00fcber das Netzwerk der Bibliotheken Rachel online gestellt.<\/p>\n<p>Die in dieser Biografie zug\u00e4nglichen Lieder wurden in seinem Haushalt aufgenommen und zeugen von dem, was er gerne weitergab.<\/p>\n<p>Zabulon Sebban starb am 13. Oktober 1983 in Paris. Er wurde in Lun\u00e9ville beigesetzt, wo sich seine Frau ihm im Februar 1996 anschloss.<\/p>\n<ul>\n<li><a href=\"https:\/\/www.iemj.org\/de\/le-chant-des-prieres-dans-le-rite-algerois\/\" target=\"_blank\" rel=\"noopener\">H\u00f6ren Sie sich die Playlist an: Die Gebetsges\u00e4nge im algerischen Ritus, vorgetragen von Zabulon Sebban<\/a><\/li>\n<li><a href=\"http:\/\/www.rachelnet.net\/media\/aiu\/livres\/FR_AIU_L_RQU1272.pdf\">Sehen Sie sich das Buch Rimonim Ba-Pard\u00e8s an <\/a><\/li>\n<li><a href=\"http:\/\/www.rachelnet.net\/F\/?func=find-c&amp;ccl_term=WRD+%3D+La+vie+est+un+vaste+chant&amp;local_base=iemcg\" target=\"_blank\" rel=\"noopener\">Sehen Sie sich die Notiz der CD \u201eLa vie est un vaste chant\u201c<\/a><\/li>\n<li><a href=\"http:\/\/www.rachelnet.net\/F\/?func=find-c&amp;ccl_term=WRD+%3D+Zabulon+Sebban&amp;local_base=iemcg\" target=\"_blank\" rel=\"noopener\">Sehen Sie sich unser Archiv zu Zabulon Sebban an <\/a><\/li>\n<li><a href=\"https:\/\/www.iemj.org\/wp-content\/uploads\/2015\/09\/zabulon_sebban-chants_du_cd_499.pdf\" target=\"_blank\" rel=\"noopener\">Weitere Informationen zur CD: Recueil de chants h\u00e9bra\u00efques \u2013 La vie est un vaste chant<\/a><\/li>\n<\/ul>\n\n\n<p><\/p>\n","protected":false},"excerpt":{"rendered":"<p>Zabulon Sebban wurde am 11. Dezember 1911 in Geryville (heutige El Bayadh), in der N\u00e4he von Oran (Algerien), geboren, und hatte ein erlebnisreiches Leben. Mit seiner Frau Odette Rachel Cherqui<\/p>\n","protected":false},"author":1045,"featured_media":52492,"comment_status":"closed","ping_status":"open","sticky":false,"template":"","format":"standard","meta":{"_acf_changed":false,"footnotes":""},"categories":[1415],"tags":[],"technique":[],"squelettes":[],"sujet":[2095,1810],"formation":[],"genre":[1891],"fonds":[],"tradition":[1966],"type-de-contenu":[],"interprete-compositeur":[3316],"frise":[],"type-devenement":[],"tableaux-liens-externes":[],"class_list":["post-89266","post","type-post","status-publish","format-standard","has-post-thumbnail","hentry","category-biografien-de","sujet-biblische-akzente-teamim-de","sujet-parachot-de","genre-liturgie-de","tradition-sephardischer-ritus-de","interprete-compositeur-zabulon-sebban-de"],"acf":[],"yoast_head":"<!-- This site is optimized with the Yoast SEO plugin v27.3 - https:\/\/yoast.com\/product\/yoast-seo-wordpress\/ -->\n<title>Sebban, Zabulon (1911-1983) - Institut Europ\u00e9en des Musiques Juives<\/title>\n<meta name=\"robots\" content=\"index, follow, max-snippet:-1, max-image-preview:large, max-video-preview:-1\" \/>\n<link rel=\"canonical\" href=\"https:\/\/www.iemj.org\/de\/sebban-zabulon-1911-1983\/\" \/>\n<meta property=\"og:locale\" content=\"de_DE\" \/>\n<meta property=\"og:type\" content=\"article\" \/>\n<meta property=\"og:title\" content=\"Sebban, Zabulon (1911-1983) - Institut Europ\u00e9en des Musiques Juives\" \/>\n<meta property=\"og:description\" content=\"Zabulon Sebban wurde am 11. Dezember 1911 in Geryville (heutige El Bayadh), in der N\u00e4he von Oran (Algerien), geboren, und hatte ein erlebnisreiches Leben. Mit seiner Frau Odette Rachel Cherqui\" \/>\n<meta property=\"og:url\" content=\"https:\/\/www.iemj.org\/de\/sebban-zabulon-1911-1983\/\" \/>\n<meta property=\"og:site_name\" content=\"Institut Europ\u00e9en des Musiques Juives\" \/>\n<meta property=\"article:publisher\" content=\"https:\/\/www.facebook.com\/MusiquesJuives\/\" \/>\n<meta property=\"article:published_time\" content=\"2015-09-18T17:09:53+00:00\" \/>\n<meta property=\"article:modified_time\" content=\"2022-10-27T09:57:00+00:00\" \/>\n<meta property=\"og:image\" content=\"https:\/\/www.iemj.org\/wp-content\/uploads\/2015\/09\/arton1125-e1625066451673.jpg\" \/>\n\t<meta property=\"og:image:width\" content=\"164\" \/>\n\t<meta property=\"og:image:height\" content=\"218\" \/>\n\t<meta property=\"og:image:type\" content=\"image\/jpeg\" \/>\n<meta name=\"author\" content=\"Herv\u00e9 Roten\" \/>\n<meta name=\"twitter:card\" content=\"summary_large_image\" \/>\n<meta name=\"twitter:label1\" content=\"Verfasst von\" \/>\n\t<meta name=\"twitter:data1\" content=\"Herv\u00e9 Roten\" \/>\n\t<meta name=\"twitter:label2\" content=\"Gesch\u00e4tzte Lesezeit\" \/>\n\t<meta name=\"twitter:data2\" content=\"3\u00a0Minuten\" \/>\n<script type=\"application\/ld+json\" class=\"yoast-schema-graph\">{\"@context\":\"https:\\\/\\\/schema.org\",\"@graph\":[{\"@type\":\"Article\",\"@id\":\"https:\\\/\\\/www.iemj.org\\\/de\\\/sebban-zabulon-1911-1983\\\/#article\",\"isPartOf\":{\"@id\":\"https:\\\/\\\/www.iemj.org\\\/de\\\/sebban-zabulon-1911-1983\\\/\"},\"author\":{\"name\":\"Herv\u00e9 Roten\",\"@id\":\"https:\\\/\\\/www.iemj.org\\\/de\\\/#\\\/schema\\\/person\\\/906134402c29d5c76e7b726261dd4bbd\"},\"headline\":\"Sebban, Zabulon (1911-1983)\",\"datePublished\":\"2015-09-18T17:09:53+00:00\",\"dateModified\":\"2022-10-27T09:57:00+00:00\",\"mainEntityOfPage\":{\"@id\":\"https:\\\/\\\/www.iemj.org\\\/de\\\/sebban-zabulon-1911-1983\\\/\"},\"wordCount\":417,\"publisher\":{\"@id\":\"https:\\\/\\\/www.iemj.org\\\/de\\\/#organization\"},\"image\":{\"@id\":\"https:\\\/\\\/www.iemj.org\\\/de\\\/sebban-zabulon-1911-1983\\\/#primaryimage\"},\"thumbnailUrl\":\"https:\\\/\\\/www.iemj.org\\\/wp-content\\\/uploads\\\/2015\\\/09\\\/arton1125-e1625066451673.jpg\",\"articleSection\":[\"Biografien\"],\"inLanguage\":\"de\"},{\"@type\":\"WebPage\",\"@id\":\"https:\\\/\\\/www.iemj.org\\\/de\\\/sebban-zabulon-1911-1983\\\/\",\"url\":\"https:\\\/\\\/www.iemj.org\\\/de\\\/sebban-zabulon-1911-1983\\\/\",\"name\":\"Sebban, Zabulon (1911-1983) - Institut Europ\u00e9en des Musiques Juives\",\"isPartOf\":{\"@id\":\"https:\\\/\\\/www.iemj.org\\\/de\\\/#website\"},\"primaryImageOfPage\":{\"@id\":\"https:\\\/\\\/www.iemj.org\\\/de\\\/sebban-zabulon-1911-1983\\\/#primaryimage\"},\"image\":{\"@id\":\"https:\\\/\\\/www.iemj.org\\\/de\\\/sebban-zabulon-1911-1983\\\/#primaryimage\"},\"thumbnailUrl\":\"https:\\\/\\\/www.iemj.org\\\/wp-content\\\/uploads\\\/2015\\\/09\\\/arton1125-e1625066451673.jpg\",\"datePublished\":\"2015-09-18T17:09:53+00:00\",\"dateModified\":\"2022-10-27T09:57:00+00:00\",\"breadcrumb\":{\"@id\":\"https:\\\/\\\/www.iemj.org\\\/de\\\/sebban-zabulon-1911-1983\\\/#breadcrumb\"},\"inLanguage\":\"de\",\"potentialAction\":[{\"@type\":\"ReadAction\",\"target\":[\"https:\\\/\\\/www.iemj.org\\\/de\\\/sebban-zabulon-1911-1983\\\/\"]}]},{\"@type\":\"ImageObject\",\"inLanguage\":\"de\",\"@id\":\"https:\\\/\\\/www.iemj.org\\\/de\\\/sebban-zabulon-1911-1983\\\/#primaryimage\",\"url\":\"https:\\\/\\\/www.iemj.org\\\/wp-content\\\/uploads\\\/2015\\\/09\\\/arton1125-e1625066451673.jpg\",\"contentUrl\":\"https:\\\/\\\/www.iemj.org\\\/wp-content\\\/uploads\\\/2015\\\/09\\\/arton1125-e1625066451673.jpg\",\"width\":164,\"height\":218},{\"@type\":\"BreadcrumbList\",\"@id\":\"https:\\\/\\\/www.iemj.org\\\/de\\\/sebban-zabulon-1911-1983\\\/#breadcrumb\",\"itemListElement\":[{\"@type\":\"ListItem\",\"position\":1,\"name\":\"Accueil\",\"item\":\"https:\\\/\\\/www.iemj.org\\\/de\\\/\"},{\"@type\":\"ListItem\",\"position\":2,\"name\":\"Sebban, Zabulon (1911-1983)\"}]},{\"@type\":\"WebSite\",\"@id\":\"https:\\\/\\\/www.iemj.org\\\/de\\\/#website\",\"url\":\"https:\\\/\\\/www.iemj.org\\\/de\\\/\",\"name\":\"Institut Europ\u00e9en des Musiques Juives\",\"description\":\"Des traditions musicales \u00e0 la port\u00e9e de tous\",\"publisher\":{\"@id\":\"https:\\\/\\\/www.iemj.org\\\/de\\\/#organization\"},\"potentialAction\":[{\"@type\":\"SearchAction\",\"target\":{\"@type\":\"EntryPoint\",\"urlTemplate\":\"https:\\\/\\\/www.iemj.org\\\/de\\\/?s={search_term_string}\"},\"query-input\":{\"@type\":\"PropertyValueSpecification\",\"valueRequired\":true,\"valueName\":\"search_term_string\"}}],\"inLanguage\":\"de\"},{\"@type\":\"Organization\",\"@id\":\"https:\\\/\\\/www.iemj.org\\\/de\\\/#organization\",\"name\":\"Institut Europ\u00e9en des Musiques Juives\",\"url\":\"https:\\\/\\\/www.iemj.org\\\/de\\\/\",\"logo\":{\"@type\":\"ImageObject\",\"inLanguage\":\"de\",\"@id\":\"https:\\\/\\\/www.iemj.org\\\/de\\\/#\\\/schema\\\/logo\\\/image\\\/\",\"url\":\"https:\\\/\\\/www.iemj.org\\\/wp-content\\\/uploads\\\/2021\\\/09\\\/Logo-IEMJ-Paypal.jpg\",\"contentUrl\":\"https:\\\/\\\/www.iemj.org\\\/wp-content\\\/uploads\\\/2021\\\/09\\\/Logo-IEMJ-Paypal.jpg\",\"width\":150,\"height\":50,\"caption\":\"Institut Europ\u00e9en des Musiques Juives\"},\"image\":{\"@id\":\"https:\\\/\\\/www.iemj.org\\\/de\\\/#\\\/schema\\\/logo\\\/image\\\/\"},\"sameAs\":[\"https:\\\/\\\/www.facebook.com\\\/MusiquesJuives\\\/\",\"https:\\\/\\\/www.instagram.com\\\/musiquesjuives\\\/\",\"https:\\\/\\\/www.youtube.com\\\/user\\\/musiquesjuives\"]},{\"@type\":\"Person\",\"@id\":\"https:\\\/\\\/www.iemj.org\\\/de\\\/#\\\/schema\\\/person\\\/906134402c29d5c76e7b726261dd4bbd\",\"name\":\"Herv\u00e9 Roten\",\"image\":{\"@type\":\"ImageObject\",\"inLanguage\":\"de\",\"@id\":\"https:\\\/\\\/secure.gravatar.com\\\/avatar\\\/f96ad2db538a26481f18384936b5cd0610c92d390c4dc382209216d455f685ff?s=96&d=mm&r=g\",\"url\":\"https:\\\/\\\/secure.gravatar.com\\\/avatar\\\/f96ad2db538a26481f18384936b5cd0610c92d390c4dc382209216d455f685ff?s=96&d=mm&r=g\",\"contentUrl\":\"https:\\\/\\\/secure.gravatar.com\\\/avatar\\\/f96ad2db538a26481f18384936b5cd0610c92d390c4dc382209216d455f685ff?s=96&d=mm&r=g\",\"caption\":\"Herv\u00e9 Roten\"}}]}<\/script>\n<!-- \/ Yoast SEO plugin. -->","yoast_head_json":{"title":"Sebban, Zabulon (1911-1983) - Institut Europ\u00e9en des Musiques Juives","robots":{"index":"index","follow":"follow","max-snippet":"max-snippet:-1","max-image-preview":"max-image-preview:large","max-video-preview":"max-video-preview:-1"},"canonical":"https:\/\/www.iemj.org\/de\/sebban-zabulon-1911-1983\/","og_locale":"de_DE","og_type":"article","og_title":"Sebban, Zabulon (1911-1983) - Institut Europ\u00e9en des Musiques Juives","og_description":"Zabulon Sebban wurde am 11. Dezember 1911 in Geryville (heutige El Bayadh), in der N\u00e4he von Oran (Algerien), geboren, und hatte ein erlebnisreiches Leben. Mit seiner Frau Odette Rachel Cherqui","og_url":"https:\/\/www.iemj.org\/de\/sebban-zabulon-1911-1983\/","og_site_name":"Institut Europ\u00e9en des Musiques Juives","article_publisher":"https:\/\/www.facebook.com\/MusiquesJuives\/","article_published_time":"2015-09-18T17:09:53+00:00","article_modified_time":"2022-10-27T09:57:00+00:00","og_image":[{"width":164,"height":218,"url":"https:\/\/www.iemj.org\/wp-content\/uploads\/2015\/09\/arton1125-e1625066451673.jpg","type":"image\/jpeg"}],"author":"Herv\u00e9 Roten","twitter_card":"summary_large_image","twitter_misc":{"Verfasst von":"Herv\u00e9 Roten","Gesch\u00e4tzte Lesezeit":"3\u00a0Minuten"},"schema":{"@context":"https:\/\/schema.org","@graph":[{"@type":"Article","@id":"https:\/\/www.iemj.org\/de\/sebban-zabulon-1911-1983\/#article","isPartOf":{"@id":"https:\/\/www.iemj.org\/de\/sebban-zabulon-1911-1983\/"},"author":{"name":"Herv\u00e9 Roten","@id":"https:\/\/www.iemj.org\/de\/#\/schema\/person\/906134402c29d5c76e7b726261dd4bbd"},"headline":"Sebban, Zabulon (1911-1983)","datePublished":"2015-09-18T17:09:53+00:00","dateModified":"2022-10-27T09:57:00+00:00","mainEntityOfPage":{"@id":"https:\/\/www.iemj.org\/de\/sebban-zabulon-1911-1983\/"},"wordCount":417,"publisher":{"@id":"https:\/\/www.iemj.org\/de\/#organization"},"image":{"@id":"https:\/\/www.iemj.org\/de\/sebban-zabulon-1911-1983\/#primaryimage"},"thumbnailUrl":"https:\/\/www.iemj.org\/wp-content\/uploads\/2015\/09\/arton1125-e1625066451673.jpg","articleSection":["Biografien"],"inLanguage":"de"},{"@type":"WebPage","@id":"https:\/\/www.iemj.org\/de\/sebban-zabulon-1911-1983\/","url":"https:\/\/www.iemj.org\/de\/sebban-zabulon-1911-1983\/","name":"Sebban, Zabulon (1911-1983) - Institut Europ\u00e9en des Musiques Juives","isPartOf":{"@id":"https:\/\/www.iemj.org\/de\/#website"},"primaryImageOfPage":{"@id":"https:\/\/www.iemj.org\/de\/sebban-zabulon-1911-1983\/#primaryimage"},"image":{"@id":"https:\/\/www.iemj.org\/de\/sebban-zabulon-1911-1983\/#primaryimage"},"thumbnailUrl":"https:\/\/www.iemj.org\/wp-content\/uploads\/2015\/09\/arton1125-e1625066451673.jpg","datePublished":"2015-09-18T17:09:53+00:00","dateModified":"2022-10-27T09:57:00+00:00","breadcrumb":{"@id":"https:\/\/www.iemj.org\/de\/sebban-zabulon-1911-1983\/#breadcrumb"},"inLanguage":"de","potentialAction":[{"@type":"ReadAction","target":["https:\/\/www.iemj.org\/de\/sebban-zabulon-1911-1983\/"]}]},{"@type":"ImageObject","inLanguage":"de","@id":"https:\/\/www.iemj.org\/de\/sebban-zabulon-1911-1983\/#primaryimage","url":"https:\/\/www.iemj.org\/wp-content\/uploads\/2015\/09\/arton1125-e1625066451673.jpg","contentUrl":"https:\/\/www.iemj.org\/wp-content\/uploads\/2015\/09\/arton1125-e1625066451673.jpg","width":164,"height":218},{"@type":"BreadcrumbList","@id":"https:\/\/www.iemj.org\/de\/sebban-zabulon-1911-1983\/#breadcrumb","itemListElement":[{"@type":"ListItem","position":1,"name":"Accueil","item":"https:\/\/www.iemj.org\/de\/"},{"@type":"ListItem","position":2,"name":"Sebban, Zabulon (1911-1983)"}]},{"@type":"WebSite","@id":"https:\/\/www.iemj.org\/de\/#website","url":"https:\/\/www.iemj.org\/de\/","name":"Institut Europ\u00e9en des Musiques Juives","description":"Des traditions musicales \u00e0 la port\u00e9e de tous","publisher":{"@id":"https:\/\/www.iemj.org\/de\/#organization"},"potentialAction":[{"@type":"SearchAction","target":{"@type":"EntryPoint","urlTemplate":"https:\/\/www.iemj.org\/de\/?s={search_term_string}"},"query-input":{"@type":"PropertyValueSpecification","valueRequired":true,"valueName":"search_term_string"}}],"inLanguage":"de"},{"@type":"Organization","@id":"https:\/\/www.iemj.org\/de\/#organization","name":"Institut Europ\u00e9en des Musiques Juives","url":"https:\/\/www.iemj.org\/de\/","logo":{"@type":"ImageObject","inLanguage":"de","@id":"https:\/\/www.iemj.org\/de\/#\/schema\/logo\/image\/","url":"https:\/\/www.iemj.org\/wp-content\/uploads\/2021\/09\/Logo-IEMJ-Paypal.jpg","contentUrl":"https:\/\/www.iemj.org\/wp-content\/uploads\/2021\/09\/Logo-IEMJ-Paypal.jpg","width":150,"height":50,"caption":"Institut Europ\u00e9en des Musiques Juives"},"image":{"@id":"https:\/\/www.iemj.org\/de\/#\/schema\/logo\/image\/"},"sameAs":["https:\/\/www.facebook.com\/MusiquesJuives\/","https:\/\/www.instagram.com\/musiquesjuives\/","https:\/\/www.youtube.com\/user\/musiquesjuives"]},{"@type":"Person","@id":"https:\/\/www.iemj.org\/de\/#\/schema\/person\/906134402c29d5c76e7b726261dd4bbd","name":"Herv\u00e9 Roten","image":{"@type":"ImageObject","inLanguage":"de","@id":"https:\/\/secure.gravatar.com\/avatar\/f96ad2db538a26481f18384936b5cd0610c92d390c4dc382209216d455f685ff?s=96&d=mm&r=g","url":"https:\/\/secure.gravatar.com\/avatar\/f96ad2db538a26481f18384936b5cd0610c92d390c4dc382209216d455f685ff?s=96&d=mm&r=g","contentUrl":"https:\/\/secure.gravatar.com\/avatar\/f96ad2db538a26481f18384936b5cd0610c92d390c4dc382209216d455f685ff?s=96&d=mm&r=g","caption":"Herv\u00e9 Roten"}}]}},"_links":{"self":[{"href":"https:\/\/www.iemj.org\/de\/wp-json\/wp\/v2\/posts\/89266","targetHints":{"allow":["GET"]}}],"collection":[{"href":"https:\/\/www.iemj.org\/de\/wp-json\/wp\/v2\/posts"}],"about":[{"href":"https:\/\/www.iemj.org\/de\/wp-json\/wp\/v2\/types\/post"}],"author":[{"embeddable":true,"href":"https:\/\/www.iemj.org\/de\/wp-json\/wp\/v2\/users\/1045"}],"replies":[{"embeddable":true,"href":"https:\/\/www.iemj.org\/de\/wp-json\/wp\/v2\/comments?post=89266"}],"version-history":[{"count":0,"href":"https:\/\/www.iemj.org\/de\/wp-json\/wp\/v2\/posts\/89266\/revisions"}],"wp:featuredmedia":[{"embeddable":true,"href":"https:\/\/www.iemj.org\/de\/wp-json\/wp\/v2\/media\/52492"}],"wp:attachment":[{"href":"https:\/\/www.iemj.org\/de\/wp-json\/wp\/v2\/media?parent=89266"}],"wp:term":[{"taxonomy":"category","embeddable":true,"href":"https:\/\/www.iemj.org\/de\/wp-json\/wp\/v2\/categories?post=89266"},{"taxonomy":"post_tag","embeddable":true,"href":"https:\/\/www.iemj.org\/de\/wp-json\/wp\/v2\/tags?post=89266"},{"taxonomy":"technique","embeddable":true,"href":"https:\/\/www.iemj.org\/de\/wp-json\/wp\/v2\/technique?post=89266"},{"taxonomy":"squelettes","embeddable":true,"href":"https:\/\/www.iemj.org\/de\/wp-json\/wp\/v2\/squelettes?post=89266"},{"taxonomy":"sujet","embeddable":true,"href":"https:\/\/www.iemj.org\/de\/wp-json\/wp\/v2\/sujet?post=89266"},{"taxonomy":"formation","embeddable":true,"href":"https:\/\/www.iemj.org\/de\/wp-json\/wp\/v2\/formation?post=89266"},{"taxonomy":"genre","embeddable":true,"href":"https:\/\/www.iemj.org\/de\/wp-json\/wp\/v2\/genre?post=89266"},{"taxonomy":"fonds","embeddable":true,"href":"https:\/\/www.iemj.org\/de\/wp-json\/wp\/v2\/fonds?post=89266"},{"taxonomy":"tradition","embeddable":true,"href":"https:\/\/www.iemj.org\/de\/wp-json\/wp\/v2\/tradition?post=89266"},{"taxonomy":"type-de-contenu","embeddable":true,"href":"https:\/\/www.iemj.org\/de\/wp-json\/wp\/v2\/type-de-contenu?post=89266"},{"taxonomy":"interprete-compositeur","embeddable":true,"href":"https:\/\/www.iemj.org\/de\/wp-json\/wp\/v2\/interprete-compositeur?post=89266"},{"taxonomy":"frise","embeddable":true,"href":"https:\/\/www.iemj.org\/de\/wp-json\/wp\/v2\/frise?post=89266"},{"taxonomy":"type-devenement","embeddable":true,"href":"https:\/\/www.iemj.org\/de\/wp-json\/wp\/v2\/type-devenement?post=89266"},{"taxonomy":"tableaux-liens-externes","embeddable":true,"href":"https:\/\/www.iemj.org\/de\/wp-json\/wp\/v2\/tableaux-liens-externes?post=89266"}],"curies":[{"name":"wp","href":"https:\/\/api.w.org\/{rel}","templated":true}]}}