{"id":89285,"date":"2016-09-20T17:58:27","date_gmt":"2016-09-20T15:58:27","guid":{"rendered":"https:\/\/www.iemj.org\/schonberg-arnold-1874-1951\/"},"modified":"2025-03-24T11:20:00","modified_gmt":"2025-03-24T10:20:00","slug":"schonberg-arnold-1874-1951","status":"publish","type":"post","link":"https:\/\/www.iemj.org\/de\/schonberg-arnold-1874-1951\/","title":{"rendered":"Sch\u00f6nberg, Arnold (1874-1951)"},"content":{"rendered":"<p>Arnold Sch\u00f6nberg, ein genialer Musiker, Maler und Theoretiker, wurde am 13. September 1874 in Wien geboren und starb am 13. Juli 1951 in Los Angeles (USA).<\/p>\n<p>Er war Autodidakt (er erhielt lediglich Kontrapunktunterricht von Alexander von Zemlinsky) und gr\u00fcndete mit seinen Sch\u00fclern Alban Berg und Anton Webern die Zweite Wiener Schule, bevor er nach Berlin zog, um dort Musik zu lehren. Als P\u00e4dagoge und Theoretiker von Weltruf hatte Sch\u00f6nberg unter anderem Hanns Eisler, Egon Wellesz, Otto Klemperer, Theodor Adorno, Viktor Ullmann, Winfried Zillig, Max Deutsch, Ren\u00e9 Leibowitz, Nikos Skalkottas, Josef Rufer, Roberto Gerhard und John Cage zu seinen Sch\u00fclern.<\/p>\n<p>Zwei Jahrhunderte nach Johann Sebastian Bach und Johann Philipp Rameau, die den Grundstein f\u00fcr die tonale Musik gelegt hatten, emanzipierte Arnold Sch\u00f6nberg die Musik von der Tonalit\u00e4t und erfand die Zw\u00f6lftontechnik, eine musikalische Kompositionstechnik, die auf der Verwendung der zw\u00f6lf Noten der chromatischen Tonleiter (c, c #, d, d# &#8230; b) in nicht hierarchischer Weise beruht.<\/p>\n<p>Die Zw\u00f6lftontechnik, die Sch\u00f6nberg ab 1923 theoretisierte und weiterentwickelte, f\u00fchrte zur Entstehung der seriellen Musik. Die Zw\u00f6lftonreihe wurde als eine Abfolge konzipiert, bei der jeder der zw\u00f6lf T\u00f6ne zu h\u00f6ren ist, ohne dass einer von ihnen wiederholt wird. Die so entstandene Ordnung bildet eine unver\u00e4nderliche Reihe von Intervallen, die die gesamte Entwicklung des Werks unterst\u00fctzt. Die so entstandene Reihe kann in verschiedenen Formen auftreten:<\/p>\n<ul>\n<li>in seinem Grundgestalt (die Ursprungsreihe)<br \/>\nin Krebsbildung: Anwendung der Ursprungsreihe von ihrem letzten Ton aus r\u00fcckw\u00e4rts; auch als vertikale Spiegelung bezeichnet<br \/>\nin Umkehrung: alle Intervalle werden durch ihre Komplement\u00e4rintervalle ersetzt, d. h. ein absteigendes Intervall wird zum aufsteigenden und umgekehrt; auch als horizontale Spiegelung bezeichnet<br \/>\nin Krebsbildung der Umkehrung<br \/>\nDiese vier Formen k\u00f6nnen auf alle zw\u00f6lf Stufen der chromatischen Skala \u00fcbertragen werden, was 4 x 12 ergibt, d. h. 48 S\u00e4tze, die f\u00fcr kompositorisches Material aus derselben urspr\u00fcnglichen Struktur verwendet werden k\u00f6nnen.<\/li>\n<\/ul>\n<p><a href=\"https:\/\/de.wikipedia.org\/wiki\/Arnold_Sch%C3%B6nberg\">Mehr erfahren<\/a><\/p>\n<p><strong>SCHONBERG ET LE JUDAISME<\/strong><\/p>\n<p>Ausschnitt aus dem Artikel \u00ab\u00a0<a href=\"https:\/\/www.espritsnomades.net\/musiques\/arnold-schonberg-schonberg-ou-le-judaisme-du-remords\/\">Sch\u00f6nberg ou le juda\u00efsme du remord<\/a><u>s<\/u>\u00a0\u00bb <em>(\u201eSch\u00f6nberg oder das Judentum der Reue\u201c)<\/em>, Zeitschrift Esprit nomade, Musique classique.<\/p>\n<p>Nachdem Sch\u00f6nberg zuerst wie Mahler konvertiert war, um dem w\u00fctenden Antisemitismus in \u00d6sterreich zu entgehen und in der Hoffnung, besser in die Wiener Gesellschaft integriert zu werden, begann er eine Suche nach seiner Identit\u00e4t und nach Gott. 1923 befand sich Sch\u00f6nberg in einer Phase des Nachdenkens \u00fcber das Judentum. Im August 1924 lie\u00df er zwar seine zweite Ehe mit Gertrud Kolisch, der Schwester eines seiner Sch\u00fcler, durch den Pastor des lutherischen Tempels in M\u00f6dling segnen. Aber aufgrund seiner inneren Entwicklung schrieb er 1927 ein Drama mit dem Titel <em>Der biblische Weg<\/em>. Es blieb bisher unver\u00f6ffentlicht und wird bei den Wiener Festwochen im Fr\u00fchjahr 2001 zum ersten Mal aufgef\u00fchrt.<\/p>\n<p>W\u00e4hrend seiner Auswanderung machte Sch\u00f6nberg einen Zwischenstopp in Paris. Am 30. Juli 1933 trat er dort in feierlicher Form wieder in die j\u00fcdische Religion ein. Das rabbinische Dokument, das diesen Schritt belegt und im Palazzo Fanto ausgestellt ist, tr\u00e4gt die Unterschrift eines angesehenen Zeugen: Marc Chagall.<\/p>\n<p>Von da an dominierte eine erweiterte Spiritualit\u00e4t seine kreative Arbeit:<\/p>\n<p>&#8211; 1938: Komposition eines <em>Kol Nidre<\/em>, das von einem Rabbiner in Los Angeles in Auftrag gegeben wurde.<\/p>\n<p>&#8211; 1942: <em>Ode an Napoleon<\/em>, auf einen virulenten Text gegen Hitler von Byron.<\/p>\n<p>&#8211; 1947: Besuch eines \u00dcberlebenden des Warschauer Ghettos. Sein Gespr\u00e4ch mit diesem Mann regte das Schreiben von <em>Ein \u00dcberlebender aus Warschau <\/em>an.<\/p>\n<p>Dieser Beitrag Sch\u00f6nbergs zum Kampf gegen alle Formen der Tyrannei ging mit einem starken Interesse an der Gr\u00fcndung des Staates Israel einher.<\/p>\n<p>&#8211; 1950: Er begann mit der Abfassung der <em>Modernen Psalmen<\/em>, einer Reihe von sechzehn Gedichten mit philosophischem Inhalt, die \u201edie religi\u00f6sen Probleme unserer Zeitgenossen\u201c zum Ausdruck brachten. Aufgrund seines Todes blieb die Arbeit unvollendet. Auch die Oper <em>Moses und Aaron<\/em> sowie das Oratorium <em>Die Jakobsleiter<\/em>, an dem er von 1915 bis 1944 mit Unterbrechungen arbeitete, werden f\u00fcr immer unvollst\u00e4ndig bleiben.<\/p>\n<p>Sch\u00f6nberg blieb sein Leben lang ein Mensch, der trotz seines proklamierten Nonkonformismus zwischen Glauben und Religion hin- und hergerissen war. Er blieb den Geboten und dem Gesetz der Bibel treu. Seine Musik brauchte eine h\u00f6here Ordnung und ist voller Traditionen, moralischen und physischen Barrieren mit ihren eigenen kreativen Geboten, die man mit den zehn Geboten vergleichen k\u00f6nnte (Verbot der Wiederholung, Verbot, anderswo als in der vorgeschriebenen Reihe Notizen zu machen, versch\u00e4rfter Kontrapunkt, Sch\u00f6pfung aus einem fast einzigen Lehm: der Reihe, die sich in einer Baumstruktur entfaltet&#8230;).<\/p>\n<p><a href=\"https:\/\/www.iemj.org\/loeuvre-juive-darnold-schonberg\/\">H\u00f6ren Sie die Radiosendung: <em>L\u2019oeuvre juive de Sch\u00f6nberg<\/em>, produziert und moderiert von Herv\u00e9 Roten, mit Danielle Cohen-Levinas als Gast.<\/a><\/p>\n<p><a href=\"http:\/\/www.rachelnet.net\/F\/5M7FAAL74I6NBRJQT2JKBHHIMCD9TNLNHBGNE9JVQ3I2EXIP1B-01364?func=find-c&amp;ccl_term=WRD+%3D+Arnold+ET+WRD+%3D+Schoenberg+OU+WRD+%3D+Sch%C3%B6nberg+SAUF+WRD+%3D+Schoenberg%2C+J.+SAUF+WRD+%3D+Schoenberg%2C+I.+SAUF+WRD+%3D+Shenhar%2C+Yitzhak+%281902-1957%29+SAUF+WRD+%3D+%D7%A9%D7%A0%D7%94%D7%A8%2C+%D7%99%D7%A6%D7%97%D7%A7&amp;local_base=iemcg\" target=\"_blank\" rel=\"noopener\">Sehen Sie sich unser Archiv zu Arnold Sch\u00f6nberg<\/a><\/p>\n","protected":false},"excerpt":{"rendered":"<p>Arnold Sch\u00f6nberg, ein genialer Musiker, Maler und Theoretiker, wurde am 13. September 1874 in Wien geboren und starb am 13. Juli 1951 in Los Angeles (USA). Er war Autodidakt (er<\/p>\n","protected":false},"author":1045,"featured_media":52480,"comment_status":"closed","ping_status":"closed","sticky":false,"template":"","format":"standard","meta":{"_acf_changed":false,"footnotes":""},"categories":[1415],"tags":[],"technique":[],"squelettes":[],"sujet":[],"formation":[],"genre":[],"fonds":[],"tradition":[],"type-de-contenu":[],"interprete-compositeur":[3088],"frise":[],"type-devenement":[],"tableaux-liens-externes":[],"class_list":["post-89285","post","type-post","status-publish","format-standard","has-post-thumbnail","hentry","category-biografien-de","interprete-compositeur-arnold-schonberg-de"],"acf":[],"yoast_head":"<!-- This site is optimized with the Yoast SEO plugin v27.3 - https:\/\/yoast.com\/product\/yoast-seo-wordpress\/ -->\n<title>Sch\u00f6nberg, Arnold (1874-1951) - Institut Europ\u00e9en des Musiques Juives<\/title>\n<meta name=\"robots\" content=\"index, follow, max-snippet:-1, max-image-preview:large, max-video-preview:-1\" \/>\n<link rel=\"canonical\" href=\"https:\/\/www.iemj.org\/de\/schonberg-arnold-1874-1951\/\" \/>\n<meta property=\"og:locale\" content=\"de_DE\" \/>\n<meta property=\"og:type\" content=\"article\" \/>\n<meta property=\"og:title\" content=\"Sch\u00f6nberg, Arnold (1874-1951) - Institut Europ\u00e9en des Musiques Juives\" \/>\n<meta property=\"og:description\" content=\"Arnold Sch\u00f6nberg, ein genialer Musiker, Maler und Theoretiker, wurde am 13. September 1874 in Wien geboren und starb am 13. Juli 1951 in Los Angeles (USA). Er war Autodidakt (er\" \/>\n<meta property=\"og:url\" content=\"https:\/\/www.iemj.org\/de\/schonberg-arnold-1874-1951\/\" \/>\n<meta property=\"og:site_name\" content=\"Institut Europ\u00e9en des Musiques Juives\" \/>\n<meta property=\"article:publisher\" content=\"https:\/\/www.facebook.com\/MusiquesJuives\/\" \/>\n<meta property=\"article:published_time\" content=\"2016-09-20T15:58:27+00:00\" \/>\n<meta property=\"article:modified_time\" content=\"2025-03-24T10:20:00+00:00\" \/>\n<meta property=\"og:image\" content=\"https:\/\/www.iemj.org\/wp-content\/uploads\/2016\/09\/arton1857-e1625065862694.jpg\" \/>\n\t<meta property=\"og:image:width\" content=\"173\" \/>\n\t<meta property=\"og:image:height\" content=\"218\" \/>\n\t<meta property=\"og:image:type\" content=\"image\/jpeg\" \/>\n<meta name=\"author\" content=\"Herv\u00e9 Roten\" \/>\n<meta name=\"twitter:card\" content=\"summary_large_image\" \/>\n<meta name=\"twitter:label1\" content=\"Verfasst von\" \/>\n\t<meta name=\"twitter:data1\" content=\"Herv\u00e9 Roten\" \/>\n\t<meta name=\"twitter:label2\" content=\"Gesch\u00e4tzte Lesezeit\" \/>\n\t<meta name=\"twitter:data2\" content=\"4\u00a0Minuten\" \/>\n<script type=\"application\/ld+json\" class=\"yoast-schema-graph\">{\"@context\":\"https:\\\/\\\/schema.org\",\"@graph\":[{\"@type\":\"Article\",\"@id\":\"https:\\\/\\\/www.iemj.org\\\/de\\\/schonberg-arnold-1874-1951\\\/#article\",\"isPartOf\":{\"@id\":\"https:\\\/\\\/www.iemj.org\\\/de\\\/schonberg-arnold-1874-1951\\\/\"},\"author\":{\"name\":\"Herv\u00e9 Roten\",\"@id\":\"https:\\\/\\\/www.iemj.org\\\/de\\\/#\\\/schema\\\/person\\\/906134402c29d5c76e7b726261dd4bbd\"},\"headline\":\"Sch\u00f6nberg, Arnold (1874-1951)\",\"datePublished\":\"2016-09-20T15:58:27+00:00\",\"dateModified\":\"2025-03-24T10:20:00+00:00\",\"mainEntityOfPage\":{\"@id\":\"https:\\\/\\\/www.iemj.org\\\/de\\\/schonberg-arnold-1874-1951\\\/\"},\"wordCount\":783,\"publisher\":{\"@id\":\"https:\\\/\\\/www.iemj.org\\\/de\\\/#organization\"},\"image\":{\"@id\":\"https:\\\/\\\/www.iemj.org\\\/de\\\/schonberg-arnold-1874-1951\\\/#primaryimage\"},\"thumbnailUrl\":\"https:\\\/\\\/www.iemj.org\\\/wp-content\\\/uploads\\\/2016\\\/09\\\/arton1857-e1625065862694.jpg\",\"articleSection\":[\"Biografien\"],\"inLanguage\":\"de\"},{\"@type\":\"WebPage\",\"@id\":\"https:\\\/\\\/www.iemj.org\\\/de\\\/schonberg-arnold-1874-1951\\\/\",\"url\":\"https:\\\/\\\/www.iemj.org\\\/de\\\/schonberg-arnold-1874-1951\\\/\",\"name\":\"Sch\u00f6nberg, Arnold (1874-1951) - Institut Europ\u00e9en des Musiques Juives\",\"isPartOf\":{\"@id\":\"https:\\\/\\\/www.iemj.org\\\/de\\\/#website\"},\"primaryImageOfPage\":{\"@id\":\"https:\\\/\\\/www.iemj.org\\\/de\\\/schonberg-arnold-1874-1951\\\/#primaryimage\"},\"image\":{\"@id\":\"https:\\\/\\\/www.iemj.org\\\/de\\\/schonberg-arnold-1874-1951\\\/#primaryimage\"},\"thumbnailUrl\":\"https:\\\/\\\/www.iemj.org\\\/wp-content\\\/uploads\\\/2016\\\/09\\\/arton1857-e1625065862694.jpg\",\"datePublished\":\"2016-09-20T15:58:27+00:00\",\"dateModified\":\"2025-03-24T10:20:00+00:00\",\"breadcrumb\":{\"@id\":\"https:\\\/\\\/www.iemj.org\\\/de\\\/schonberg-arnold-1874-1951\\\/#breadcrumb\"},\"inLanguage\":\"de\",\"potentialAction\":[{\"@type\":\"ReadAction\",\"target\":[\"https:\\\/\\\/www.iemj.org\\\/de\\\/schonberg-arnold-1874-1951\\\/\"]}]},{\"@type\":\"ImageObject\",\"inLanguage\":\"de\",\"@id\":\"https:\\\/\\\/www.iemj.org\\\/de\\\/schonberg-arnold-1874-1951\\\/#primaryimage\",\"url\":\"https:\\\/\\\/www.iemj.org\\\/wp-content\\\/uploads\\\/2016\\\/09\\\/arton1857-e1625065862694.jpg\",\"contentUrl\":\"https:\\\/\\\/www.iemj.org\\\/wp-content\\\/uploads\\\/2016\\\/09\\\/arton1857-e1625065862694.jpg\",\"width\":173,\"height\":218},{\"@type\":\"BreadcrumbList\",\"@id\":\"https:\\\/\\\/www.iemj.org\\\/de\\\/schonberg-arnold-1874-1951\\\/#breadcrumb\",\"itemListElement\":[{\"@type\":\"ListItem\",\"position\":1,\"name\":\"Accueil\",\"item\":\"https:\\\/\\\/www.iemj.org\\\/de\\\/\"},{\"@type\":\"ListItem\",\"position\":2,\"name\":\"Sch\u00f6nberg, Arnold (1874-1951)\"}]},{\"@type\":\"WebSite\",\"@id\":\"https:\\\/\\\/www.iemj.org\\\/de\\\/#website\",\"url\":\"https:\\\/\\\/www.iemj.org\\\/de\\\/\",\"name\":\"Institut Europ\u00e9en des Musiques Juives\",\"description\":\"Des traditions musicales \u00e0 la port\u00e9e de tous\",\"publisher\":{\"@id\":\"https:\\\/\\\/www.iemj.org\\\/de\\\/#organization\"},\"potentialAction\":[{\"@type\":\"SearchAction\",\"target\":{\"@type\":\"EntryPoint\",\"urlTemplate\":\"https:\\\/\\\/www.iemj.org\\\/de\\\/?s={search_term_string}\"},\"query-input\":{\"@type\":\"PropertyValueSpecification\",\"valueRequired\":true,\"valueName\":\"search_term_string\"}}],\"inLanguage\":\"de\"},{\"@type\":\"Organization\",\"@id\":\"https:\\\/\\\/www.iemj.org\\\/de\\\/#organization\",\"name\":\"Institut Europ\u00e9en des Musiques Juives\",\"url\":\"https:\\\/\\\/www.iemj.org\\\/de\\\/\",\"logo\":{\"@type\":\"ImageObject\",\"inLanguage\":\"de\",\"@id\":\"https:\\\/\\\/www.iemj.org\\\/de\\\/#\\\/schema\\\/logo\\\/image\\\/\",\"url\":\"https:\\\/\\\/www.iemj.org\\\/wp-content\\\/uploads\\\/2021\\\/09\\\/Logo-IEMJ-Paypal.jpg\",\"contentUrl\":\"https:\\\/\\\/www.iemj.org\\\/wp-content\\\/uploads\\\/2021\\\/09\\\/Logo-IEMJ-Paypal.jpg\",\"width\":150,\"height\":50,\"caption\":\"Institut Europ\u00e9en des Musiques Juives\"},\"image\":{\"@id\":\"https:\\\/\\\/www.iemj.org\\\/de\\\/#\\\/schema\\\/logo\\\/image\\\/\"},\"sameAs\":[\"https:\\\/\\\/www.facebook.com\\\/MusiquesJuives\\\/\",\"https:\\\/\\\/www.instagram.com\\\/musiquesjuives\\\/\",\"https:\\\/\\\/www.youtube.com\\\/user\\\/musiquesjuives\"]},{\"@type\":\"Person\",\"@id\":\"https:\\\/\\\/www.iemj.org\\\/de\\\/#\\\/schema\\\/person\\\/906134402c29d5c76e7b726261dd4bbd\",\"name\":\"Herv\u00e9 Roten\",\"image\":{\"@type\":\"ImageObject\",\"inLanguage\":\"de\",\"@id\":\"https:\\\/\\\/secure.gravatar.com\\\/avatar\\\/f96ad2db538a26481f18384936b5cd0610c92d390c4dc382209216d455f685ff?s=96&d=mm&r=g\",\"url\":\"https:\\\/\\\/secure.gravatar.com\\\/avatar\\\/f96ad2db538a26481f18384936b5cd0610c92d390c4dc382209216d455f685ff?s=96&d=mm&r=g\",\"contentUrl\":\"https:\\\/\\\/secure.gravatar.com\\\/avatar\\\/f96ad2db538a26481f18384936b5cd0610c92d390c4dc382209216d455f685ff?s=96&d=mm&r=g\",\"caption\":\"Herv\u00e9 Roten\"}}]}<\/script>\n<!-- \/ Yoast SEO plugin. -->","yoast_head_json":{"title":"Sch\u00f6nberg, Arnold (1874-1951) - Institut Europ\u00e9en des Musiques Juives","robots":{"index":"index","follow":"follow","max-snippet":"max-snippet:-1","max-image-preview":"max-image-preview:large","max-video-preview":"max-video-preview:-1"},"canonical":"https:\/\/www.iemj.org\/de\/schonberg-arnold-1874-1951\/","og_locale":"de_DE","og_type":"article","og_title":"Sch\u00f6nberg, Arnold (1874-1951) - Institut Europ\u00e9en des Musiques Juives","og_description":"Arnold Sch\u00f6nberg, ein genialer Musiker, Maler und Theoretiker, wurde am 13. September 1874 in Wien geboren und starb am 13. Juli 1951 in Los Angeles (USA). Er war Autodidakt (er","og_url":"https:\/\/www.iemj.org\/de\/schonberg-arnold-1874-1951\/","og_site_name":"Institut Europ\u00e9en des Musiques Juives","article_publisher":"https:\/\/www.facebook.com\/MusiquesJuives\/","article_published_time":"2016-09-20T15:58:27+00:00","article_modified_time":"2025-03-24T10:20:00+00:00","og_image":[{"width":173,"height":218,"url":"https:\/\/www.iemj.org\/wp-content\/uploads\/2016\/09\/arton1857-e1625065862694.jpg","type":"image\/jpeg"}],"author":"Herv\u00e9 Roten","twitter_card":"summary_large_image","twitter_misc":{"Verfasst von":"Herv\u00e9 Roten","Gesch\u00e4tzte Lesezeit":"4\u00a0Minuten"},"schema":{"@context":"https:\/\/schema.org","@graph":[{"@type":"Article","@id":"https:\/\/www.iemj.org\/de\/schonberg-arnold-1874-1951\/#article","isPartOf":{"@id":"https:\/\/www.iemj.org\/de\/schonberg-arnold-1874-1951\/"},"author":{"name":"Herv\u00e9 Roten","@id":"https:\/\/www.iemj.org\/de\/#\/schema\/person\/906134402c29d5c76e7b726261dd4bbd"},"headline":"Sch\u00f6nberg, Arnold (1874-1951)","datePublished":"2016-09-20T15:58:27+00:00","dateModified":"2025-03-24T10:20:00+00:00","mainEntityOfPage":{"@id":"https:\/\/www.iemj.org\/de\/schonberg-arnold-1874-1951\/"},"wordCount":783,"publisher":{"@id":"https:\/\/www.iemj.org\/de\/#organization"},"image":{"@id":"https:\/\/www.iemj.org\/de\/schonberg-arnold-1874-1951\/#primaryimage"},"thumbnailUrl":"https:\/\/www.iemj.org\/wp-content\/uploads\/2016\/09\/arton1857-e1625065862694.jpg","articleSection":["Biografien"],"inLanguage":"de"},{"@type":"WebPage","@id":"https:\/\/www.iemj.org\/de\/schonberg-arnold-1874-1951\/","url":"https:\/\/www.iemj.org\/de\/schonberg-arnold-1874-1951\/","name":"Sch\u00f6nberg, Arnold (1874-1951) - Institut Europ\u00e9en des Musiques Juives","isPartOf":{"@id":"https:\/\/www.iemj.org\/de\/#website"},"primaryImageOfPage":{"@id":"https:\/\/www.iemj.org\/de\/schonberg-arnold-1874-1951\/#primaryimage"},"image":{"@id":"https:\/\/www.iemj.org\/de\/schonberg-arnold-1874-1951\/#primaryimage"},"thumbnailUrl":"https:\/\/www.iemj.org\/wp-content\/uploads\/2016\/09\/arton1857-e1625065862694.jpg","datePublished":"2016-09-20T15:58:27+00:00","dateModified":"2025-03-24T10:20:00+00:00","breadcrumb":{"@id":"https:\/\/www.iemj.org\/de\/schonberg-arnold-1874-1951\/#breadcrumb"},"inLanguage":"de","potentialAction":[{"@type":"ReadAction","target":["https:\/\/www.iemj.org\/de\/schonberg-arnold-1874-1951\/"]}]},{"@type":"ImageObject","inLanguage":"de","@id":"https:\/\/www.iemj.org\/de\/schonberg-arnold-1874-1951\/#primaryimage","url":"https:\/\/www.iemj.org\/wp-content\/uploads\/2016\/09\/arton1857-e1625065862694.jpg","contentUrl":"https:\/\/www.iemj.org\/wp-content\/uploads\/2016\/09\/arton1857-e1625065862694.jpg","width":173,"height":218},{"@type":"BreadcrumbList","@id":"https:\/\/www.iemj.org\/de\/schonberg-arnold-1874-1951\/#breadcrumb","itemListElement":[{"@type":"ListItem","position":1,"name":"Accueil","item":"https:\/\/www.iemj.org\/de\/"},{"@type":"ListItem","position":2,"name":"Sch\u00f6nberg, Arnold (1874-1951)"}]},{"@type":"WebSite","@id":"https:\/\/www.iemj.org\/de\/#website","url":"https:\/\/www.iemj.org\/de\/","name":"Institut Europ\u00e9en des Musiques Juives","description":"Des traditions musicales \u00e0 la port\u00e9e de tous","publisher":{"@id":"https:\/\/www.iemj.org\/de\/#organization"},"potentialAction":[{"@type":"SearchAction","target":{"@type":"EntryPoint","urlTemplate":"https:\/\/www.iemj.org\/de\/?s={search_term_string}"},"query-input":{"@type":"PropertyValueSpecification","valueRequired":true,"valueName":"search_term_string"}}],"inLanguage":"de"},{"@type":"Organization","@id":"https:\/\/www.iemj.org\/de\/#organization","name":"Institut Europ\u00e9en des Musiques Juives","url":"https:\/\/www.iemj.org\/de\/","logo":{"@type":"ImageObject","inLanguage":"de","@id":"https:\/\/www.iemj.org\/de\/#\/schema\/logo\/image\/","url":"https:\/\/www.iemj.org\/wp-content\/uploads\/2021\/09\/Logo-IEMJ-Paypal.jpg","contentUrl":"https:\/\/www.iemj.org\/wp-content\/uploads\/2021\/09\/Logo-IEMJ-Paypal.jpg","width":150,"height":50,"caption":"Institut Europ\u00e9en des Musiques Juives"},"image":{"@id":"https:\/\/www.iemj.org\/de\/#\/schema\/logo\/image\/"},"sameAs":["https:\/\/www.facebook.com\/MusiquesJuives\/","https:\/\/www.instagram.com\/musiquesjuives\/","https:\/\/www.youtube.com\/user\/musiquesjuives"]},{"@type":"Person","@id":"https:\/\/www.iemj.org\/de\/#\/schema\/person\/906134402c29d5c76e7b726261dd4bbd","name":"Herv\u00e9 Roten","image":{"@type":"ImageObject","inLanguage":"de","@id":"https:\/\/secure.gravatar.com\/avatar\/f96ad2db538a26481f18384936b5cd0610c92d390c4dc382209216d455f685ff?s=96&d=mm&r=g","url":"https:\/\/secure.gravatar.com\/avatar\/f96ad2db538a26481f18384936b5cd0610c92d390c4dc382209216d455f685ff?s=96&d=mm&r=g","contentUrl":"https:\/\/secure.gravatar.com\/avatar\/f96ad2db538a26481f18384936b5cd0610c92d390c4dc382209216d455f685ff?s=96&d=mm&r=g","caption":"Herv\u00e9 Roten"}}]}},"_links":{"self":[{"href":"https:\/\/www.iemj.org\/de\/wp-json\/wp\/v2\/posts\/89285","targetHints":{"allow":["GET"]}}],"collection":[{"href":"https:\/\/www.iemj.org\/de\/wp-json\/wp\/v2\/posts"}],"about":[{"href":"https:\/\/www.iemj.org\/de\/wp-json\/wp\/v2\/types\/post"}],"author":[{"embeddable":true,"href":"https:\/\/www.iemj.org\/de\/wp-json\/wp\/v2\/users\/1045"}],"replies":[{"embeddable":true,"href":"https:\/\/www.iemj.org\/de\/wp-json\/wp\/v2\/comments?post=89285"}],"version-history":[{"count":0,"href":"https:\/\/www.iemj.org\/de\/wp-json\/wp\/v2\/posts\/89285\/revisions"}],"wp:featuredmedia":[{"embeddable":true,"href":"https:\/\/www.iemj.org\/de\/wp-json\/wp\/v2\/media\/52480"}],"wp:attachment":[{"href":"https:\/\/www.iemj.org\/de\/wp-json\/wp\/v2\/media?parent=89285"}],"wp:term":[{"taxonomy":"category","embeddable":true,"href":"https:\/\/www.iemj.org\/de\/wp-json\/wp\/v2\/categories?post=89285"},{"taxonomy":"post_tag","embeddable":true,"href":"https:\/\/www.iemj.org\/de\/wp-json\/wp\/v2\/tags?post=89285"},{"taxonomy":"technique","embeddable":true,"href":"https:\/\/www.iemj.org\/de\/wp-json\/wp\/v2\/technique?post=89285"},{"taxonomy":"squelettes","embeddable":true,"href":"https:\/\/www.iemj.org\/de\/wp-json\/wp\/v2\/squelettes?post=89285"},{"taxonomy":"sujet","embeddable":true,"href":"https:\/\/www.iemj.org\/de\/wp-json\/wp\/v2\/sujet?post=89285"},{"taxonomy":"formation","embeddable":true,"href":"https:\/\/www.iemj.org\/de\/wp-json\/wp\/v2\/formation?post=89285"},{"taxonomy":"genre","embeddable":true,"href":"https:\/\/www.iemj.org\/de\/wp-json\/wp\/v2\/genre?post=89285"},{"taxonomy":"fonds","embeddable":true,"href":"https:\/\/www.iemj.org\/de\/wp-json\/wp\/v2\/fonds?post=89285"},{"taxonomy":"tradition","embeddable":true,"href":"https:\/\/www.iemj.org\/de\/wp-json\/wp\/v2\/tradition?post=89285"},{"taxonomy":"type-de-contenu","embeddable":true,"href":"https:\/\/www.iemj.org\/de\/wp-json\/wp\/v2\/type-de-contenu?post=89285"},{"taxonomy":"interprete-compositeur","embeddable":true,"href":"https:\/\/www.iemj.org\/de\/wp-json\/wp\/v2\/interprete-compositeur?post=89285"},{"taxonomy":"frise","embeddable":true,"href":"https:\/\/www.iemj.org\/de\/wp-json\/wp\/v2\/frise?post=89285"},{"taxonomy":"type-devenement","embeddable":true,"href":"https:\/\/www.iemj.org\/de\/wp-json\/wp\/v2\/type-devenement?post=89285"},{"taxonomy":"tableaux-liens-externes","embeddable":true,"href":"https:\/\/www.iemj.org\/de\/wp-json\/wp\/v2\/tableaux-liens-externes?post=89285"}],"curies":[{"name":"wp","href":"https:\/\/api.w.org\/{rel}","templated":true}]}}