{"id":89306,"date":"2016-10-05T17:39:03","date_gmt":"2016-10-05T15:39:03","guid":{"rendered":"https:\/\/www.iemj.org\/samoun-marlene\/"},"modified":"2025-09-08T14:17:20","modified_gmt":"2025-09-08T12:17:20","slug":"samoun-marlene","status":"publish","type":"post","link":"https:\/\/www.iemj.org\/de\/samoun-marlene\/","title":{"rendered":"Samoun, Marl\u00e8ne"},"content":{"rendered":"<p>In ihren Interpretationen bietet Marl\u00e8ne Samoun eine erneuerte und warme Vision eines vielf\u00e4ltigen Repertoires, in dem sich j\u00fcdische Melodien aus dem Mittelmeerraum und Osteuropa, Jazzstandards und Gospels \u00fcberschneiden. Von Cordoba bis Istanbul, von T\u00e9touan bis Thessaloniki und bis in den tiefen S\u00fcden der USA.<\/p>\n<p>Aus einem Wunsch nach Kreation und Austausch setzt sie einen jubelnden Dialog mit ihren Musikern fort, Pascal Storch an der Gitarre und den Percussions und Rachid Brahim-Djelloul an der Geige und der Stimme&#8230;<\/p>\n<p><img fetchpriority=\"high\" decoding=\"async\" class=\" alignright  wp-image-11889\" src=\"https:\/\/www.iemj.org\/wp-content\/uploads\/2016\/10\/doc_bio_samoun_500px_50.jpg\" alt=\"doc_bio_samoun_500px_50.jpg\" width=\"200\" height=\"383\" align=\"right\" srcset=\"https:\/\/www.iemj.org\/wp-content\/uploads\/2016\/10\/doc_bio_samoun_500px_50.jpg 243w, https:\/\/www.iemj.org\/wp-content\/uploads\/2016\/10\/doc_bio_samoun_500px_50-157x300.jpg 157w\" sizes=\"(max-width: 200px) 100vw, 200px\" \/><\/p>\n<p>Zwei Alben, \u201eNotches Notches\u201c und \u201eSur la route\u201c waren der liturgischen und weltlichen j\u00fcdischen Musik aus dem mittelalterlichen Spanien, Maghreb, Osteuropa und dem Balkan gewidmet.<\/p>\n<p>Marl\u00e8ne Samoun war Solistin in Jazz-Ensembles, einem klassischen Zigeunerchor und einer Gospelgruppe.<\/p>\n<p>Sie gibt regelm\u00e4\u00dfig Konzerte in Frankreich und im Ausland mit ihren Musikern Olivier Hutman (Klavier), Emek Evci (Kontrabass), Pascal Storch (Gitarre), Rachid Brahim-Djelloul, Franck Natan oder Alain Viau (Violine) und Alain Dou\u00efeb (Perkussion).<\/p>\n<p><a href=\"http:\/\/marlenesamoun.com\/\" target=\"_blank\" rel=\"noopener\">Besuchen Sie die Webseite der K\u00fcnstlerin<\/a><\/p>\n<p><a href=\"http:\/\/www.rachelnet.net\/F\/?func=find-c&amp;ccl_term=WRD+%3D+Samoun+Marl%C3%A8ne+&amp;local_base=iemcg\" target=\"_blank\" rel=\"noopener\">Sehen Sie sich unser Archiv zu Marl\u00e8ne Samoun an <\/a><\/p>\n\n\n<h2 class=\"wp-block-heading\"><\/h2>\n\n\n<div class=\"wp-block-image\">\n<figure class=\"aligncenter size-large\"><img decoding=\"async\" width=\"1024\" height=\"133\" src=\"https:\/\/www.iemj.org\/wp-content\/uploads\/2024\/03\/AUDIO-PLAYER-1024x133.png\" alt=\"\" class=\"wp-image-110606\" srcset=\"https:\/\/www.iemj.org\/wp-content\/uploads\/2024\/03\/AUDIO-PLAYER-1024x133.png 1024w, https:\/\/www.iemj.org\/wp-content\/uploads\/2024\/03\/AUDIO-PLAYER-300x39.png 300w, https:\/\/www.iemj.org\/wp-content\/uploads\/2024\/03\/AUDIO-PLAYER-768x100.png 768w, https:\/\/www.iemj.org\/wp-content\/uploads\/2024\/03\/AUDIO-PLAYER-600x78.png 600w, https:\/\/www.iemj.org\/wp-content\/uploads\/2024\/03\/AUDIO-PLAYER.png 1210w\" sizes=\"(max-width: 1024px) 100vw, 1024px\" \/><\/figure>\n<\/div>\n\n\n<div class=\"wp-block-file\"><a id=\"wp-block-file--media-805c33d6-b0ba-410a-b3de-8a895c810d59\" href=\"https:\/\/www.iemj.org\/wp-content\/uploads\/2016\/10\/a_la_nana_extrait_-_marlene_samoun.mp3\">A La Nana (EXTRAIT) &#8211; Marl\u00e8ne SAMOUN<\/a><\/div>\n\n\n\n<div class=\"wp-block-file\"><a id=\"wp-block-file--media-7f51ee8b-8f36-447f-81ff-292901947daf\" href=\"https:\/\/www.iemj.org\/wp-content\/uploads\/2016\/10\/a_mol_is_geweyn_extrait_-_marlene_samoun.mp3\">A Mol is geweyn (EXTRAIT) &#8211; Marl\u00e8ne SAMOUN<\/a><\/div>\n\n\n\n<div class=\"wp-block-file\"><a id=\"wp-block-file--media-e1c3d579-d601-479c-86c6-0f4ab3abdf59\" href=\"https:\/\/www.iemj.org\/wp-content\/uploads\/2016\/10\/achugar_de_novya_galana_extrait_-_marlene_samoun.mp3\">Achugar de novya galana (EXTRAIT) &#8211; Marl\u00e8ne SAMOUN<\/a><\/div>\n\n\n\n<div class=\"wp-block-file\"><a id=\"wp-block-file--media-ce17e900-fb2d-471d-9acd-22c05e10d3f6\" href=\"https:\/\/www.iemj.org\/wp-content\/uploads\/2016\/10\/nani_nani_extrait_-_marlene_samoun.mp3\">Nani Nani (EXTRAIT) &#8211; Marl\u00e8ne SAMOUN<\/a><\/div>\n\n\n\n<div class=\"wp-block-file\"><a id=\"wp-block-file--media-9ef91f82-0580-4280-bfc6-5ccfefc141d4\" href=\"https:\/\/www.iemj.org\/wp-content\/uploads\/2016\/10\/una_notche_al_lunar_extrait_-_marlene_samoun.mp3\">Una notche al lunar (EXTRAIT) &#8211; Marl\u00e8ne SAMOUN<\/a><\/div>\n\n\n\n<div class=\"wp-block-file\"><a id=\"wp-block-file--media-de05ad1e-df54-427c-92bd-37a345fb8ca9\" href=\"https:\/\/www.iemj.org\/wp-content\/uploads\/2016\/10\/zakhor_davar_extrait_-_marlene_samoun.mp3\">Zakhor Davar (EXTRAIT) &#8211; Marl\u00e8ne SAMOUN<\/a><\/div>\n","protected":false},"excerpt":{"rendered":"<p>In ihren Interpretationen bietet Marl\u00e8ne Samoun eine erneuerte und warme Vision eines vielf\u00e4ltigen Repertoires, in dem sich j\u00fcdische Melodien aus dem Mittelmeerraum und Osteuropa, Jazzstandards und Gospels \u00fcberschneiden. Von Cordoba<\/p>\n","protected":false},"author":1052,"featured_media":52470,"comment_status":"closed","ping_status":"closed","sticky":false,"template":"","format":"standard","meta":{"_acf_changed":false,"footnotes":""},"categories":[1415],"tags":[],"technique":[],"squelettes":[],"sujet":[],"formation":[],"genre":[1888],"fonds":[],"tradition":[],"type-de-contenu":[],"interprete-compositeur":[],"frise":[],"type-devenement":[],"tableaux-liens-externes":[],"class_list":["post-89306","post","type-post","status-publish","format-standard","has-post-thumbnail","hentry","category-biografien-de","genre-judaisch-spanisch-de"],"acf":[],"yoast_head":"<!-- This site is optimized with the Yoast SEO plugin v27.3 - https:\/\/yoast.com\/product\/yoast-seo-wordpress\/ -->\n<title>Samoun, Marl\u00e8ne - Institut Europ\u00e9en des Musiques Juives<\/title>\n<meta name=\"robots\" content=\"index, follow, max-snippet:-1, max-image-preview:large, max-video-preview:-1\" \/>\n<link rel=\"canonical\" href=\"https:\/\/www.iemj.org\/de\/samoun-marlene\/\" \/>\n<meta property=\"og:locale\" content=\"de_DE\" \/>\n<meta property=\"og:type\" content=\"article\" \/>\n<meta property=\"og:title\" content=\"Samoun, Marl\u00e8ne - Institut Europ\u00e9en des Musiques Juives\" \/>\n<meta property=\"og:description\" content=\"In ihren Interpretationen bietet Marl\u00e8ne Samoun eine erneuerte und warme Vision eines vielf\u00e4ltigen Repertoires, in dem sich j\u00fcdische Melodien aus dem Mittelmeerraum und Osteuropa, Jazzstandards und Gospels \u00fcberschneiden. Von Cordoba\" \/>\n<meta property=\"og:url\" content=\"https:\/\/www.iemj.org\/de\/samoun-marlene\/\" \/>\n<meta property=\"og:site_name\" content=\"Institut Europ\u00e9en des Musiques Juives\" \/>\n<meta property=\"article:publisher\" content=\"https:\/\/www.facebook.com\/MusiquesJuives\/\" \/>\n<meta property=\"article:published_time\" content=\"2016-10-05T15:39:03+00:00\" \/>\n<meta property=\"article:modified_time\" content=\"2025-09-08T12:17:20+00:00\" \/>\n<meta property=\"og:image\" content=\"https:\/\/www.iemj.org\/wp-content\/uploads\/2016\/10\/arton1889-e1625065416475.jpg\" \/>\n\t<meta property=\"og:image:width\" content=\"203\" \/>\n\t<meta property=\"og:image:height\" content=\"218\" \/>\n\t<meta property=\"og:image:type\" content=\"image\/jpeg\" \/>\n<meta name=\"author\" content=\"Lea Couderc\" \/>\n<meta name=\"twitter:card\" content=\"summary_large_image\" \/>\n<meta name=\"twitter:label1\" content=\"Verfasst von\" \/>\n\t<meta name=\"twitter:data1\" content=\"Lea Couderc\" \/>\n\t<meta name=\"twitter:label2\" content=\"Gesch\u00e4tzte Lesezeit\" \/>\n\t<meta name=\"twitter:data2\" content=\"2\u00a0Minuten\" \/>\n<script type=\"application\/ld+json\" class=\"yoast-schema-graph\">{\"@context\":\"https:\\\/\\\/schema.org\",\"@graph\":[{\"@type\":\"Article\",\"@id\":\"https:\\\/\\\/www.iemj.org\\\/de\\\/samoun-marlene\\\/#article\",\"isPartOf\":{\"@id\":\"https:\\\/\\\/www.iemj.org\\\/de\\\/samoun-marlene\\\/\"},\"author\":{\"name\":\"Lea Couderc\",\"@id\":\"https:\\\/\\\/www.iemj.org\\\/de\\\/#\\\/schema\\\/person\\\/e2ad57f2c4be119c7ed8ab79036807a9\"},\"headline\":\"Samoun, Marl\u00e8ne\",\"datePublished\":\"2016-10-05T15:39:03+00:00\",\"dateModified\":\"2025-09-08T12:17:20+00:00\",\"mainEntityOfPage\":{\"@id\":\"https:\\\/\\\/www.iemj.org\\\/de\\\/samoun-marlene\\\/\"},\"wordCount\":225,\"publisher\":{\"@id\":\"https:\\\/\\\/www.iemj.org\\\/de\\\/#organization\"},\"image\":{\"@id\":\"https:\\\/\\\/www.iemj.org\\\/de\\\/samoun-marlene\\\/#primaryimage\"},\"thumbnailUrl\":\"https:\\\/\\\/www.iemj.org\\\/wp-content\\\/uploads\\\/2016\\\/10\\\/arton1889-e1625065416475.jpg\",\"articleSection\":[\"Biografien\"],\"inLanguage\":\"de\"},{\"@type\":\"WebPage\",\"@id\":\"https:\\\/\\\/www.iemj.org\\\/de\\\/samoun-marlene\\\/\",\"url\":\"https:\\\/\\\/www.iemj.org\\\/de\\\/samoun-marlene\\\/\",\"name\":\"Samoun, Marl\u00e8ne - Institut Europ\u00e9en des Musiques Juives\",\"isPartOf\":{\"@id\":\"https:\\\/\\\/www.iemj.org\\\/de\\\/#website\"},\"primaryImageOfPage\":{\"@id\":\"https:\\\/\\\/www.iemj.org\\\/de\\\/samoun-marlene\\\/#primaryimage\"},\"image\":{\"@id\":\"https:\\\/\\\/www.iemj.org\\\/de\\\/samoun-marlene\\\/#primaryimage\"},\"thumbnailUrl\":\"https:\\\/\\\/www.iemj.org\\\/wp-content\\\/uploads\\\/2016\\\/10\\\/arton1889-e1625065416475.jpg\",\"datePublished\":\"2016-10-05T15:39:03+00:00\",\"dateModified\":\"2025-09-08T12:17:20+00:00\",\"breadcrumb\":{\"@id\":\"https:\\\/\\\/www.iemj.org\\\/de\\\/samoun-marlene\\\/#breadcrumb\"},\"inLanguage\":\"de\",\"potentialAction\":[{\"@type\":\"ReadAction\",\"target\":[\"https:\\\/\\\/www.iemj.org\\\/de\\\/samoun-marlene\\\/\"]}]},{\"@type\":\"ImageObject\",\"inLanguage\":\"de\",\"@id\":\"https:\\\/\\\/www.iemj.org\\\/de\\\/samoun-marlene\\\/#primaryimage\",\"url\":\"https:\\\/\\\/www.iemj.org\\\/wp-content\\\/uploads\\\/2016\\\/10\\\/arton1889-e1625065416475.jpg\",\"contentUrl\":\"https:\\\/\\\/www.iemj.org\\\/wp-content\\\/uploads\\\/2016\\\/10\\\/arton1889-e1625065416475.jpg\",\"width\":203,\"height\":218},{\"@type\":\"BreadcrumbList\",\"@id\":\"https:\\\/\\\/www.iemj.org\\\/de\\\/samoun-marlene\\\/#breadcrumb\",\"itemListElement\":[{\"@type\":\"ListItem\",\"position\":1,\"name\":\"Accueil\",\"item\":\"https:\\\/\\\/www.iemj.org\\\/de\\\/\"},{\"@type\":\"ListItem\",\"position\":2,\"name\":\"Samoun, Marl\u00e8ne\"}]},{\"@type\":\"WebSite\",\"@id\":\"https:\\\/\\\/www.iemj.org\\\/de\\\/#website\",\"url\":\"https:\\\/\\\/www.iemj.org\\\/de\\\/\",\"name\":\"Institut Europ\u00e9en des Musiques Juives\",\"description\":\"Des traditions musicales \u00e0 la port\u00e9e de tous\",\"publisher\":{\"@id\":\"https:\\\/\\\/www.iemj.org\\\/de\\\/#organization\"},\"potentialAction\":[{\"@type\":\"SearchAction\",\"target\":{\"@type\":\"EntryPoint\",\"urlTemplate\":\"https:\\\/\\\/www.iemj.org\\\/de\\\/?s={search_term_string}\"},\"query-input\":{\"@type\":\"PropertyValueSpecification\",\"valueRequired\":true,\"valueName\":\"search_term_string\"}}],\"inLanguage\":\"de\"},{\"@type\":\"Organization\",\"@id\":\"https:\\\/\\\/www.iemj.org\\\/de\\\/#organization\",\"name\":\"Institut Europ\u00e9en des Musiques Juives\",\"url\":\"https:\\\/\\\/www.iemj.org\\\/de\\\/\",\"logo\":{\"@type\":\"ImageObject\",\"inLanguage\":\"de\",\"@id\":\"https:\\\/\\\/www.iemj.org\\\/de\\\/#\\\/schema\\\/logo\\\/image\\\/\",\"url\":\"https:\\\/\\\/www.iemj.org\\\/wp-content\\\/uploads\\\/2021\\\/09\\\/Logo-IEMJ-Paypal.jpg\",\"contentUrl\":\"https:\\\/\\\/www.iemj.org\\\/wp-content\\\/uploads\\\/2021\\\/09\\\/Logo-IEMJ-Paypal.jpg\",\"width\":150,\"height\":50,\"caption\":\"Institut Europ\u00e9en des Musiques Juives\"},\"image\":{\"@id\":\"https:\\\/\\\/www.iemj.org\\\/de\\\/#\\\/schema\\\/logo\\\/image\\\/\"},\"sameAs\":[\"https:\\\/\\\/www.facebook.com\\\/MusiquesJuives\\\/\",\"https:\\\/\\\/www.instagram.com\\\/musiquesjuives\\\/\",\"https:\\\/\\\/www.youtube.com\\\/user\\\/musiquesjuives\"]},{\"@type\":\"Person\",\"@id\":\"https:\\\/\\\/www.iemj.org\\\/de\\\/#\\\/schema\\\/person\\\/e2ad57f2c4be119c7ed8ab79036807a9\",\"name\":\"Lea Couderc\",\"image\":{\"@type\":\"ImageObject\",\"inLanguage\":\"de\",\"@id\":\"https:\\\/\\\/secure.gravatar.com\\\/avatar\\\/46ee021475d60aeff17a7e490b79dea5a5684bb392ab7fd1494027411df8ba23?s=96&d=mm&r=g\",\"url\":\"https:\\\/\\\/secure.gravatar.com\\\/avatar\\\/46ee021475d60aeff17a7e490b79dea5a5684bb392ab7fd1494027411df8ba23?s=96&d=mm&r=g\",\"contentUrl\":\"https:\\\/\\\/secure.gravatar.com\\\/avatar\\\/46ee021475d60aeff17a7e490b79dea5a5684bb392ab7fd1494027411df8ba23?s=96&d=mm&r=g\",\"caption\":\"Lea Couderc\"}}]}<\/script>\n<!-- \/ Yoast SEO plugin. -->","yoast_head_json":{"title":"Samoun, Marl\u00e8ne - Institut Europ\u00e9en des Musiques Juives","robots":{"index":"index","follow":"follow","max-snippet":"max-snippet:-1","max-image-preview":"max-image-preview:large","max-video-preview":"max-video-preview:-1"},"canonical":"https:\/\/www.iemj.org\/de\/samoun-marlene\/","og_locale":"de_DE","og_type":"article","og_title":"Samoun, Marl\u00e8ne - Institut Europ\u00e9en des Musiques Juives","og_description":"In ihren Interpretationen bietet Marl\u00e8ne Samoun eine erneuerte und warme Vision eines vielf\u00e4ltigen Repertoires, in dem sich j\u00fcdische Melodien aus dem Mittelmeerraum und Osteuropa, Jazzstandards und Gospels \u00fcberschneiden. Von Cordoba","og_url":"https:\/\/www.iemj.org\/de\/samoun-marlene\/","og_site_name":"Institut Europ\u00e9en des Musiques Juives","article_publisher":"https:\/\/www.facebook.com\/MusiquesJuives\/","article_published_time":"2016-10-05T15:39:03+00:00","article_modified_time":"2025-09-08T12:17:20+00:00","og_image":[{"width":203,"height":218,"url":"https:\/\/www.iemj.org\/wp-content\/uploads\/2016\/10\/arton1889-e1625065416475.jpg","type":"image\/jpeg"}],"author":"Lea Couderc","twitter_card":"summary_large_image","twitter_misc":{"Verfasst von":"Lea Couderc","Gesch\u00e4tzte Lesezeit":"2\u00a0Minuten"},"schema":{"@context":"https:\/\/schema.org","@graph":[{"@type":"Article","@id":"https:\/\/www.iemj.org\/de\/samoun-marlene\/#article","isPartOf":{"@id":"https:\/\/www.iemj.org\/de\/samoun-marlene\/"},"author":{"name":"Lea Couderc","@id":"https:\/\/www.iemj.org\/de\/#\/schema\/person\/e2ad57f2c4be119c7ed8ab79036807a9"},"headline":"Samoun, Marl\u00e8ne","datePublished":"2016-10-05T15:39:03+00:00","dateModified":"2025-09-08T12:17:20+00:00","mainEntityOfPage":{"@id":"https:\/\/www.iemj.org\/de\/samoun-marlene\/"},"wordCount":225,"publisher":{"@id":"https:\/\/www.iemj.org\/de\/#organization"},"image":{"@id":"https:\/\/www.iemj.org\/de\/samoun-marlene\/#primaryimage"},"thumbnailUrl":"https:\/\/www.iemj.org\/wp-content\/uploads\/2016\/10\/arton1889-e1625065416475.jpg","articleSection":["Biografien"],"inLanguage":"de"},{"@type":"WebPage","@id":"https:\/\/www.iemj.org\/de\/samoun-marlene\/","url":"https:\/\/www.iemj.org\/de\/samoun-marlene\/","name":"Samoun, Marl\u00e8ne - Institut Europ\u00e9en des Musiques Juives","isPartOf":{"@id":"https:\/\/www.iemj.org\/de\/#website"},"primaryImageOfPage":{"@id":"https:\/\/www.iemj.org\/de\/samoun-marlene\/#primaryimage"},"image":{"@id":"https:\/\/www.iemj.org\/de\/samoun-marlene\/#primaryimage"},"thumbnailUrl":"https:\/\/www.iemj.org\/wp-content\/uploads\/2016\/10\/arton1889-e1625065416475.jpg","datePublished":"2016-10-05T15:39:03+00:00","dateModified":"2025-09-08T12:17:20+00:00","breadcrumb":{"@id":"https:\/\/www.iemj.org\/de\/samoun-marlene\/#breadcrumb"},"inLanguage":"de","potentialAction":[{"@type":"ReadAction","target":["https:\/\/www.iemj.org\/de\/samoun-marlene\/"]}]},{"@type":"ImageObject","inLanguage":"de","@id":"https:\/\/www.iemj.org\/de\/samoun-marlene\/#primaryimage","url":"https:\/\/www.iemj.org\/wp-content\/uploads\/2016\/10\/arton1889-e1625065416475.jpg","contentUrl":"https:\/\/www.iemj.org\/wp-content\/uploads\/2016\/10\/arton1889-e1625065416475.jpg","width":203,"height":218},{"@type":"BreadcrumbList","@id":"https:\/\/www.iemj.org\/de\/samoun-marlene\/#breadcrumb","itemListElement":[{"@type":"ListItem","position":1,"name":"Accueil","item":"https:\/\/www.iemj.org\/de\/"},{"@type":"ListItem","position":2,"name":"Samoun, Marl\u00e8ne"}]},{"@type":"WebSite","@id":"https:\/\/www.iemj.org\/de\/#website","url":"https:\/\/www.iemj.org\/de\/","name":"Institut Europ\u00e9en des Musiques Juives","description":"Des traditions musicales \u00e0 la port\u00e9e de tous","publisher":{"@id":"https:\/\/www.iemj.org\/de\/#organization"},"potentialAction":[{"@type":"SearchAction","target":{"@type":"EntryPoint","urlTemplate":"https:\/\/www.iemj.org\/de\/?s={search_term_string}"},"query-input":{"@type":"PropertyValueSpecification","valueRequired":true,"valueName":"search_term_string"}}],"inLanguage":"de"},{"@type":"Organization","@id":"https:\/\/www.iemj.org\/de\/#organization","name":"Institut Europ\u00e9en des Musiques Juives","url":"https:\/\/www.iemj.org\/de\/","logo":{"@type":"ImageObject","inLanguage":"de","@id":"https:\/\/www.iemj.org\/de\/#\/schema\/logo\/image\/","url":"https:\/\/www.iemj.org\/wp-content\/uploads\/2021\/09\/Logo-IEMJ-Paypal.jpg","contentUrl":"https:\/\/www.iemj.org\/wp-content\/uploads\/2021\/09\/Logo-IEMJ-Paypal.jpg","width":150,"height":50,"caption":"Institut Europ\u00e9en des Musiques Juives"},"image":{"@id":"https:\/\/www.iemj.org\/de\/#\/schema\/logo\/image\/"},"sameAs":["https:\/\/www.facebook.com\/MusiquesJuives\/","https:\/\/www.instagram.com\/musiquesjuives\/","https:\/\/www.youtube.com\/user\/musiquesjuives"]},{"@type":"Person","@id":"https:\/\/www.iemj.org\/de\/#\/schema\/person\/e2ad57f2c4be119c7ed8ab79036807a9","name":"Lea Couderc","image":{"@type":"ImageObject","inLanguage":"de","@id":"https:\/\/secure.gravatar.com\/avatar\/46ee021475d60aeff17a7e490b79dea5a5684bb392ab7fd1494027411df8ba23?s=96&d=mm&r=g","url":"https:\/\/secure.gravatar.com\/avatar\/46ee021475d60aeff17a7e490b79dea5a5684bb392ab7fd1494027411df8ba23?s=96&d=mm&r=g","contentUrl":"https:\/\/secure.gravatar.com\/avatar\/46ee021475d60aeff17a7e490b79dea5a5684bb392ab7fd1494027411df8ba23?s=96&d=mm&r=g","caption":"Lea Couderc"}}]}},"_links":{"self":[{"href":"https:\/\/www.iemj.org\/de\/wp-json\/wp\/v2\/posts\/89306","targetHints":{"allow":["GET"]}}],"collection":[{"href":"https:\/\/www.iemj.org\/de\/wp-json\/wp\/v2\/posts"}],"about":[{"href":"https:\/\/www.iemj.org\/de\/wp-json\/wp\/v2\/types\/post"}],"author":[{"embeddable":true,"href":"https:\/\/www.iemj.org\/de\/wp-json\/wp\/v2\/users\/1052"}],"replies":[{"embeddable":true,"href":"https:\/\/www.iemj.org\/de\/wp-json\/wp\/v2\/comments?post=89306"}],"version-history":[{"count":0,"href":"https:\/\/www.iemj.org\/de\/wp-json\/wp\/v2\/posts\/89306\/revisions"}],"wp:featuredmedia":[{"embeddable":true,"href":"https:\/\/www.iemj.org\/de\/wp-json\/wp\/v2\/media\/52470"}],"wp:attachment":[{"href":"https:\/\/www.iemj.org\/de\/wp-json\/wp\/v2\/media?parent=89306"}],"wp:term":[{"taxonomy":"category","embeddable":true,"href":"https:\/\/www.iemj.org\/de\/wp-json\/wp\/v2\/categories?post=89306"},{"taxonomy":"post_tag","embeddable":true,"href":"https:\/\/www.iemj.org\/de\/wp-json\/wp\/v2\/tags?post=89306"},{"taxonomy":"technique","embeddable":true,"href":"https:\/\/www.iemj.org\/de\/wp-json\/wp\/v2\/technique?post=89306"},{"taxonomy":"squelettes","embeddable":true,"href":"https:\/\/www.iemj.org\/de\/wp-json\/wp\/v2\/squelettes?post=89306"},{"taxonomy":"sujet","embeddable":true,"href":"https:\/\/www.iemj.org\/de\/wp-json\/wp\/v2\/sujet?post=89306"},{"taxonomy":"formation","embeddable":true,"href":"https:\/\/www.iemj.org\/de\/wp-json\/wp\/v2\/formation?post=89306"},{"taxonomy":"genre","embeddable":true,"href":"https:\/\/www.iemj.org\/de\/wp-json\/wp\/v2\/genre?post=89306"},{"taxonomy":"fonds","embeddable":true,"href":"https:\/\/www.iemj.org\/de\/wp-json\/wp\/v2\/fonds?post=89306"},{"taxonomy":"tradition","embeddable":true,"href":"https:\/\/www.iemj.org\/de\/wp-json\/wp\/v2\/tradition?post=89306"},{"taxonomy":"type-de-contenu","embeddable":true,"href":"https:\/\/www.iemj.org\/de\/wp-json\/wp\/v2\/type-de-contenu?post=89306"},{"taxonomy":"interprete-compositeur","embeddable":true,"href":"https:\/\/www.iemj.org\/de\/wp-json\/wp\/v2\/interprete-compositeur?post=89306"},{"taxonomy":"frise","embeddable":true,"href":"https:\/\/www.iemj.org\/de\/wp-json\/wp\/v2\/frise?post=89306"},{"taxonomy":"type-devenement","embeddable":true,"href":"https:\/\/www.iemj.org\/de\/wp-json\/wp\/v2\/type-devenement?post=89306"},{"taxonomy":"tableaux-liens-externes","embeddable":true,"href":"https:\/\/www.iemj.org\/de\/wp-json\/wp\/v2\/tableaux-liens-externes?post=89306"}],"curies":[{"name":"wp","href":"https:\/\/api.w.org\/{rel}","templated":true}]}}