{"id":89321,"date":"2018-10-02T15:10:13","date_gmt":"2018-10-02T13:10:13","guid":{"rendered":"https:\/\/www.iemj.org\/sabo-hector\/"},"modified":"2025-02-13T17:09:20","modified_gmt":"2025-02-13T16:09:20","slug":"sabo-hector","status":"publish","type":"post","link":"https:\/\/www.iemj.org\/de\/sabo-hector\/","title":{"rendered":"Sabo, Hector"},"content":{"rendered":"<p>Hector Sabo ist Musiker-Komponist (Klavier, Orgel, Cembalo) und Chorleiter, gerade f\u00fcr die musikalische Leitung der Ch\u00f6re der Gro\u00dfen Synagoge von Stra\u00dfburg verantwortlich. Er ist auch der Gr\u00fcnder von mehreren Vokal- und Instrumentalensembles, wie das <strong>Ensemble Simplemente Tango<\/strong>\u00a0und das<strong> Ensemble Vocal Hebra\u00efca<\/strong>.<\/p>\n<p>Hector Sabo kommt aus Buenos Aires, Argentina, und wuchs\u00a0seit fr\u00fchester Kindheit in der synagogalen Musiktradition europ\u00e4ischer Herkunft auf. Bei seinem Gro\u00dfvater David Sabo, einem Synagogenkantor in der Tschechoslowakei, dann in Moises-Stadt in Argentinien und schlie\u00dflich in Jaffa in Israel, lernte er diese jahrtausendealte Tradition kennen. Nach einem dreij\u00e4hrigen Aufenthalt in Israel absolvierte er eine umfassende Ausbildung zum klassischen Musiker in Buenos Aires \u2013 Klavier, Orgel, Cembalo \u2013 und anschlie\u00dfend an der Universidad Nacional de La Plata \u2013 Komposition und Dirigieren \u2013 und arbeitete gleichzeitig als Chorleiter und Organist in mehreren Synagogen in der argentinischen Hauptstadt sowie als Orchestermusiker und Operndirigent.<\/p>\n<p>1987 ging er nach France, um seine Ausbildung zu vervollkommnen. Nach einem ersten Preis in Orchesterleitung am Konservatorium von Rueil-Malmaison nahm er an verschiedenen Praktika f\u00fcr Chor- und Orchesterleitung in Paris, Saumur, Aix-en-Provence, Poitiers, dann in Wien in \u00d6sterreich und in Siena in Italien teil. Er leitete zahlreiche Konzerte in Frankreich, Europa und Argentinien. 1991 wurde er zum k\u00fcnstlerischen und technischen Koordinator des Stra\u00dfburger Philharmonikers ernannt; Von 1988 bis 2007 war er mit der musikalischen Leitung der Ch\u00f6re an der Gro\u00dfen Synagoge von Stra\u00dfburg betraut.<\/p>\n<p>In anderen musikalischen Bereichen ist er seit 12 Jahren Pianist, Arrangeur und musikalischer Leiter des Ensembles Simplemente Tango. Er leitet mehrere Opernproduktionen mit Orchester f\u00fcr die Vereinigung Op\u00e9ra Piano. Schlie\u00dflich dirigiert und spielt er Orgel, Cembalo und Klavier in verschiedenen Vokal- und Instrumentalformationen. Au\u00dferdem ist er an zahlreichen CD-Aufnahmen mit verschiedenen Partnern beteiligt. Nachdem er zwischen 1988 und 1991 in Paris mehrere Vokal- und Instrumentalensembles gegr\u00fcndet und geleitet hatte, zog er nach Stra\u00dfburg und gr\u00fcndete 1996 das Chorensemble Les Polyphonies H\u00e9bra\u00efques de Strasbourg an der Universit\u00e4t f\u00fcr Geisteswissenschaften in Stra\u00dfburg (heutigen Marc-Bloch-Universit\u00e4t), wo er ein D.E.A. (ehemaliger franz\u00f6sische forschungsorientierte Masterstudiengang) in Musik und Musikwissenschaft erwarb.<\/p>\n<p>2006 gr\u00fcndete er das Ensemble Vocal Hebra\u00efca, das aus 4 bis 9 Solisten bestand. 2007 wurde er zum musikalischen und k\u00fcnstlerischen Leiter des J\u00fcdischen Chors Frankreichs ernannt, der unter der Schirmherrschaft des Israelitischen Konsistoriums in Paris\/Ile-de-France steht. Im selben Jahr wurde er zum ordentlichen Professor f\u00fcr Musikausbildung am Konservatorium von Stra\u00dfburg ernannt. Hector Sabos musikalische T\u00e4tigkeit wird durch die Ver\u00f6ffentlichung von Artikeln und durch Vortr\u00e4ge \u00fcber j\u00fcdische Musik erg\u00e4nzt, was im Laufe der Jahre zu seinem Spezialgebiet geworden ist. 2016 wurde er von der Universit\u00e4t Stra\u00dfburg gebeten, einen Artikel \u00fcber j\u00fcdische Musik f\u00fcr das \u201eDictionnaire de Strasbourg, laboratoire de l&#8217;Europe, 1880\/1930\u201c <em>(\u201eStra\u00dfburger W\u00f6rterbuch, Labor Europas, 1880\/1930\u201c)<\/em> zu schreiben, das im Oktober 2017 erschien. Im selben Jahr wurde er von Radio Juda\u00efca in Stra\u00dfburg gebeten, eine Reihe von 40 Sendungen \u00fcber hebr\u00e4ische Musik zu moderieren. Dann folgt sein erstes Buch \u00fcber die Geschichte der j\u00fcdischen Musik, das ein ganzes Leben voller Forschungen und Entdeckungen \u00fcber die hebr\u00e4ische Musik nachzeichnet. Seine T\u00e4tigkeit f\u00fchrte ihn durch Frankreich, Amerika und Europa: Buenos Aires, New York, Girona, Rom, Siena, Br\u00fcssel, Arlon, Gent, Lausanne, Basel, Z\u00fcrich, Worms, Mainz, Saarbr\u00fccken, Berlin, Wien, London, St. Petersburg&#8230; Schlie\u00dflich stellt er jedes Jahr neue Shows rund um die Themen seines Spezialgebiets vor: Die Beziehungen zwischen hebr\u00e4ischer und westlicher Musik in Europa und Amerika.<\/p>\n<p><a href=\"https:\/\/www.iemj.org\/de\/fonds-hector-sabo\/\" target=\"_blank\" rel=\"noopener\">Sehen Sie sich den Hector Sabo Bestand an <\/a><\/p>\n<p><a href=\"https:\/\/www.iemj.org\/de\/categorie\/ecouter-voir\/emissions-de-radio\/emissions-hector-sabo\/\" target=\"_blank\" rel=\"noopener\">Radiosendungen anh\u00f6ren: Ledor Vador, von Hector Sabo moderiert <\/a><\/p>\n<p><a href=\"https:\/\/www.polyphonies67.com\/qui-sommes-nous\" target=\"_blank\" rel=\"noopener\">Besuchen Sie die Webseite: Les Polyphonies H\u00e9bra\u00efques de Strasbourg<\/a><\/p>\n<p><iframe src=\"https:\/\/www.youtube.com\/embed\/R_AZZo0hlK8?start=74\" width=\"560\" height=\"315\" frameborder=\"0\" allowfullscreen=\"allowfullscreen\"><\/iframe><\/p>\n","protected":false},"excerpt":{"rendered":"<p>Hector Sabo ist Musiker-Komponist (Klavier, Orgel, Cembalo) und Chorleiter, gerade f\u00fcr die musikalische Leitung der Ch\u00f6re der Gro\u00dfen Synagoge von Stra\u00dfburg verantwortlich. Er ist auch der Gr\u00fcnder von mehreren Vokal-<\/p>\n","protected":false},"author":1052,"featured_media":89322,"comment_status":"closed","ping_status":"open","sticky":false,"template":"","format":"standard","meta":{"_acf_changed":false,"footnotes":""},"categories":[1415],"tags":[],"technique":[],"squelettes":[],"sujet":[],"formation":[],"genre":[],"fonds":[],"tradition":[],"type-de-contenu":[],"interprete-compositeur":[],"frise":[],"type-devenement":[],"tableaux-liens-externes":[],"class_list":["post-89321","post","type-post","status-publish","format-standard","has-post-thumbnail","hentry","category-biografien-de"],"acf":[],"yoast_head":"<!-- This site is optimized with the Yoast SEO plugin v27.3 - https:\/\/yoast.com\/product\/yoast-seo-wordpress\/ -->\n<title>Sabo, Hector - Institut Europ\u00e9en des Musiques Juives<\/title>\n<meta name=\"robots\" content=\"index, follow, max-snippet:-1, max-image-preview:large, max-video-preview:-1\" \/>\n<link rel=\"canonical\" href=\"https:\/\/www.iemj.org\/de\/sabo-hector\/\" \/>\n<meta property=\"og:locale\" content=\"de_DE\" \/>\n<meta property=\"og:type\" content=\"article\" \/>\n<meta property=\"og:title\" content=\"Sabo, Hector - Institut Europ\u00e9en des Musiques Juives\" \/>\n<meta property=\"og:description\" content=\"Hector Sabo ist Musiker-Komponist (Klavier, Orgel, Cembalo) und Chorleiter, gerade f\u00fcr die musikalische Leitung der Ch\u00f6re der Gro\u00dfen Synagoge von Stra\u00dfburg verantwortlich. Er ist auch der Gr\u00fcnder von mehreren Vokal-\" \/>\n<meta property=\"og:url\" content=\"https:\/\/www.iemj.org\/de\/sabo-hector\/\" \/>\n<meta property=\"og:site_name\" content=\"Institut Europ\u00e9en des Musiques Juives\" \/>\n<meta property=\"article:publisher\" content=\"https:\/\/www.facebook.com\/MusiquesJuives\/\" \/>\n<meta property=\"article:published_time\" content=\"2018-10-02T13:10:13+00:00\" \/>\n<meta property=\"article:modified_time\" content=\"2025-02-13T16:09:20+00:00\" \/>\n<meta property=\"og:image\" content=\"https:\/\/www.iemj.org\/wp-content\/uploads\/2018\/10\/arton3641-e1617023696838.jpg\" \/>\n\t<meta property=\"og:image:width\" content=\"164\" \/>\n\t<meta property=\"og:image:height\" content=\"218\" \/>\n\t<meta property=\"og:image:type\" content=\"image\/jpeg\" \/>\n<meta name=\"author\" content=\"Lea Couderc\" \/>\n<meta name=\"twitter:card\" content=\"summary_large_image\" \/>\n<meta name=\"twitter:label1\" content=\"Verfasst von\" \/>\n\t<meta name=\"twitter:data1\" content=\"Lea Couderc\" \/>\n\t<meta name=\"twitter:label2\" content=\"Gesch\u00e4tzte Lesezeit\" \/>\n\t<meta name=\"twitter:data2\" content=\"4\u00a0Minuten\" \/>\n<script type=\"application\/ld+json\" class=\"yoast-schema-graph\">{\"@context\":\"https:\\\/\\\/schema.org\",\"@graph\":[{\"@type\":\"Article\",\"@id\":\"https:\\\/\\\/www.iemj.org\\\/de\\\/sabo-hector\\\/#article\",\"isPartOf\":{\"@id\":\"https:\\\/\\\/www.iemj.org\\\/de\\\/sabo-hector\\\/\"},\"author\":{\"name\":\"Lea Couderc\",\"@id\":\"https:\\\/\\\/www.iemj.org\\\/de\\\/#\\\/schema\\\/person\\\/e2ad57f2c4be119c7ed8ab79036807a9\"},\"headline\":\"Sabo, Hector\",\"datePublished\":\"2018-10-02T13:10:13+00:00\",\"dateModified\":\"2025-02-13T16:09:20+00:00\",\"mainEntityOfPage\":{\"@id\":\"https:\\\/\\\/www.iemj.org\\\/de\\\/sabo-hector\\\/\"},\"wordCount\":620,\"publisher\":{\"@id\":\"https:\\\/\\\/www.iemj.org\\\/de\\\/#organization\"},\"image\":{\"@id\":\"https:\\\/\\\/www.iemj.org\\\/de\\\/sabo-hector\\\/#primaryimage\"},\"thumbnailUrl\":\"https:\\\/\\\/www.iemj.org\\\/wp-content\\\/uploads\\\/2018\\\/10\\\/arton3641-e1617023696838.jpg\",\"articleSection\":[\"Biografien\"],\"inLanguage\":\"de\"},{\"@type\":\"WebPage\",\"@id\":\"https:\\\/\\\/www.iemj.org\\\/de\\\/sabo-hector\\\/\",\"url\":\"https:\\\/\\\/www.iemj.org\\\/de\\\/sabo-hector\\\/\",\"name\":\"Sabo, Hector - Institut Europ\u00e9en des Musiques Juives\",\"isPartOf\":{\"@id\":\"https:\\\/\\\/www.iemj.org\\\/de\\\/#website\"},\"primaryImageOfPage\":{\"@id\":\"https:\\\/\\\/www.iemj.org\\\/de\\\/sabo-hector\\\/#primaryimage\"},\"image\":{\"@id\":\"https:\\\/\\\/www.iemj.org\\\/de\\\/sabo-hector\\\/#primaryimage\"},\"thumbnailUrl\":\"https:\\\/\\\/www.iemj.org\\\/wp-content\\\/uploads\\\/2018\\\/10\\\/arton3641-e1617023696838.jpg\",\"datePublished\":\"2018-10-02T13:10:13+00:00\",\"dateModified\":\"2025-02-13T16:09:20+00:00\",\"breadcrumb\":{\"@id\":\"https:\\\/\\\/www.iemj.org\\\/de\\\/sabo-hector\\\/#breadcrumb\"},\"inLanguage\":\"de\",\"potentialAction\":[{\"@type\":\"ReadAction\",\"target\":[\"https:\\\/\\\/www.iemj.org\\\/de\\\/sabo-hector\\\/\"]}]},{\"@type\":\"ImageObject\",\"inLanguage\":\"de\",\"@id\":\"https:\\\/\\\/www.iemj.org\\\/de\\\/sabo-hector\\\/#primaryimage\",\"url\":\"https:\\\/\\\/www.iemj.org\\\/wp-content\\\/uploads\\\/2018\\\/10\\\/arton3641-e1617023696838.jpg\",\"contentUrl\":\"https:\\\/\\\/www.iemj.org\\\/wp-content\\\/uploads\\\/2018\\\/10\\\/arton3641-e1617023696838.jpg\",\"width\":164,\"height\":218},{\"@type\":\"BreadcrumbList\",\"@id\":\"https:\\\/\\\/www.iemj.org\\\/de\\\/sabo-hector\\\/#breadcrumb\",\"itemListElement\":[{\"@type\":\"ListItem\",\"position\":1,\"name\":\"Accueil\",\"item\":\"https:\\\/\\\/www.iemj.org\\\/de\\\/\"},{\"@type\":\"ListItem\",\"position\":2,\"name\":\"Sabo, Hector\"}]},{\"@type\":\"WebSite\",\"@id\":\"https:\\\/\\\/www.iemj.org\\\/de\\\/#website\",\"url\":\"https:\\\/\\\/www.iemj.org\\\/de\\\/\",\"name\":\"Institut Europ\u00e9en des Musiques Juives\",\"description\":\"Des traditions musicales \u00e0 la port\u00e9e de tous\",\"publisher\":{\"@id\":\"https:\\\/\\\/www.iemj.org\\\/de\\\/#organization\"},\"potentialAction\":[{\"@type\":\"SearchAction\",\"target\":{\"@type\":\"EntryPoint\",\"urlTemplate\":\"https:\\\/\\\/www.iemj.org\\\/de\\\/?s={search_term_string}\"},\"query-input\":{\"@type\":\"PropertyValueSpecification\",\"valueRequired\":true,\"valueName\":\"search_term_string\"}}],\"inLanguage\":\"de\"},{\"@type\":\"Organization\",\"@id\":\"https:\\\/\\\/www.iemj.org\\\/de\\\/#organization\",\"name\":\"Institut Europ\u00e9en des Musiques Juives\",\"url\":\"https:\\\/\\\/www.iemj.org\\\/de\\\/\",\"logo\":{\"@type\":\"ImageObject\",\"inLanguage\":\"de\",\"@id\":\"https:\\\/\\\/www.iemj.org\\\/de\\\/#\\\/schema\\\/logo\\\/image\\\/\",\"url\":\"https:\\\/\\\/www.iemj.org\\\/wp-content\\\/uploads\\\/2021\\\/09\\\/Logo-IEMJ-Paypal.jpg\",\"contentUrl\":\"https:\\\/\\\/www.iemj.org\\\/wp-content\\\/uploads\\\/2021\\\/09\\\/Logo-IEMJ-Paypal.jpg\",\"width\":150,\"height\":50,\"caption\":\"Institut Europ\u00e9en des Musiques Juives\"},\"image\":{\"@id\":\"https:\\\/\\\/www.iemj.org\\\/de\\\/#\\\/schema\\\/logo\\\/image\\\/\"},\"sameAs\":[\"https:\\\/\\\/www.facebook.com\\\/MusiquesJuives\\\/\",\"https:\\\/\\\/www.instagram.com\\\/musiquesjuives\\\/\",\"https:\\\/\\\/www.youtube.com\\\/user\\\/musiquesjuives\"]},{\"@type\":\"Person\",\"@id\":\"https:\\\/\\\/www.iemj.org\\\/de\\\/#\\\/schema\\\/person\\\/e2ad57f2c4be119c7ed8ab79036807a9\",\"name\":\"Lea Couderc\",\"image\":{\"@type\":\"ImageObject\",\"inLanguage\":\"de\",\"@id\":\"https:\\\/\\\/secure.gravatar.com\\\/avatar\\\/46ee021475d60aeff17a7e490b79dea5a5684bb392ab7fd1494027411df8ba23?s=96&d=mm&r=g\",\"url\":\"https:\\\/\\\/secure.gravatar.com\\\/avatar\\\/46ee021475d60aeff17a7e490b79dea5a5684bb392ab7fd1494027411df8ba23?s=96&d=mm&r=g\",\"contentUrl\":\"https:\\\/\\\/secure.gravatar.com\\\/avatar\\\/46ee021475d60aeff17a7e490b79dea5a5684bb392ab7fd1494027411df8ba23?s=96&d=mm&r=g\",\"caption\":\"Lea Couderc\"}}]}<\/script>\n<!-- \/ Yoast SEO plugin. -->","yoast_head_json":{"title":"Sabo, Hector - Institut Europ\u00e9en des Musiques Juives","robots":{"index":"index","follow":"follow","max-snippet":"max-snippet:-1","max-image-preview":"max-image-preview:large","max-video-preview":"max-video-preview:-1"},"canonical":"https:\/\/www.iemj.org\/de\/sabo-hector\/","og_locale":"de_DE","og_type":"article","og_title":"Sabo, Hector - Institut Europ\u00e9en des Musiques Juives","og_description":"Hector Sabo ist Musiker-Komponist (Klavier, Orgel, Cembalo) und Chorleiter, gerade f\u00fcr die musikalische Leitung der Ch\u00f6re der Gro\u00dfen Synagoge von Stra\u00dfburg verantwortlich. Er ist auch der Gr\u00fcnder von mehreren Vokal-","og_url":"https:\/\/www.iemj.org\/de\/sabo-hector\/","og_site_name":"Institut Europ\u00e9en des Musiques Juives","article_publisher":"https:\/\/www.facebook.com\/MusiquesJuives\/","article_published_time":"2018-10-02T13:10:13+00:00","article_modified_time":"2025-02-13T16:09:20+00:00","og_image":[{"width":164,"height":218,"url":"https:\/\/www.iemj.org\/wp-content\/uploads\/2018\/10\/arton3641-e1617023696838.jpg","type":"image\/jpeg"}],"author":"Lea Couderc","twitter_card":"summary_large_image","twitter_misc":{"Verfasst von":"Lea Couderc","Gesch\u00e4tzte Lesezeit":"4\u00a0Minuten"},"schema":{"@context":"https:\/\/schema.org","@graph":[{"@type":"Article","@id":"https:\/\/www.iemj.org\/de\/sabo-hector\/#article","isPartOf":{"@id":"https:\/\/www.iemj.org\/de\/sabo-hector\/"},"author":{"name":"Lea Couderc","@id":"https:\/\/www.iemj.org\/de\/#\/schema\/person\/e2ad57f2c4be119c7ed8ab79036807a9"},"headline":"Sabo, Hector","datePublished":"2018-10-02T13:10:13+00:00","dateModified":"2025-02-13T16:09:20+00:00","mainEntityOfPage":{"@id":"https:\/\/www.iemj.org\/de\/sabo-hector\/"},"wordCount":620,"publisher":{"@id":"https:\/\/www.iemj.org\/de\/#organization"},"image":{"@id":"https:\/\/www.iemj.org\/de\/sabo-hector\/#primaryimage"},"thumbnailUrl":"https:\/\/www.iemj.org\/wp-content\/uploads\/2018\/10\/arton3641-e1617023696838.jpg","articleSection":["Biografien"],"inLanguage":"de"},{"@type":"WebPage","@id":"https:\/\/www.iemj.org\/de\/sabo-hector\/","url":"https:\/\/www.iemj.org\/de\/sabo-hector\/","name":"Sabo, Hector - Institut Europ\u00e9en des Musiques Juives","isPartOf":{"@id":"https:\/\/www.iemj.org\/de\/#website"},"primaryImageOfPage":{"@id":"https:\/\/www.iemj.org\/de\/sabo-hector\/#primaryimage"},"image":{"@id":"https:\/\/www.iemj.org\/de\/sabo-hector\/#primaryimage"},"thumbnailUrl":"https:\/\/www.iemj.org\/wp-content\/uploads\/2018\/10\/arton3641-e1617023696838.jpg","datePublished":"2018-10-02T13:10:13+00:00","dateModified":"2025-02-13T16:09:20+00:00","breadcrumb":{"@id":"https:\/\/www.iemj.org\/de\/sabo-hector\/#breadcrumb"},"inLanguage":"de","potentialAction":[{"@type":"ReadAction","target":["https:\/\/www.iemj.org\/de\/sabo-hector\/"]}]},{"@type":"ImageObject","inLanguage":"de","@id":"https:\/\/www.iemj.org\/de\/sabo-hector\/#primaryimage","url":"https:\/\/www.iemj.org\/wp-content\/uploads\/2018\/10\/arton3641-e1617023696838.jpg","contentUrl":"https:\/\/www.iemj.org\/wp-content\/uploads\/2018\/10\/arton3641-e1617023696838.jpg","width":164,"height":218},{"@type":"BreadcrumbList","@id":"https:\/\/www.iemj.org\/de\/sabo-hector\/#breadcrumb","itemListElement":[{"@type":"ListItem","position":1,"name":"Accueil","item":"https:\/\/www.iemj.org\/de\/"},{"@type":"ListItem","position":2,"name":"Sabo, Hector"}]},{"@type":"WebSite","@id":"https:\/\/www.iemj.org\/de\/#website","url":"https:\/\/www.iemj.org\/de\/","name":"Institut Europ\u00e9en des Musiques Juives","description":"Des traditions musicales \u00e0 la port\u00e9e de tous","publisher":{"@id":"https:\/\/www.iemj.org\/de\/#organization"},"potentialAction":[{"@type":"SearchAction","target":{"@type":"EntryPoint","urlTemplate":"https:\/\/www.iemj.org\/de\/?s={search_term_string}"},"query-input":{"@type":"PropertyValueSpecification","valueRequired":true,"valueName":"search_term_string"}}],"inLanguage":"de"},{"@type":"Organization","@id":"https:\/\/www.iemj.org\/de\/#organization","name":"Institut Europ\u00e9en des Musiques Juives","url":"https:\/\/www.iemj.org\/de\/","logo":{"@type":"ImageObject","inLanguage":"de","@id":"https:\/\/www.iemj.org\/de\/#\/schema\/logo\/image\/","url":"https:\/\/www.iemj.org\/wp-content\/uploads\/2021\/09\/Logo-IEMJ-Paypal.jpg","contentUrl":"https:\/\/www.iemj.org\/wp-content\/uploads\/2021\/09\/Logo-IEMJ-Paypal.jpg","width":150,"height":50,"caption":"Institut Europ\u00e9en des Musiques Juives"},"image":{"@id":"https:\/\/www.iemj.org\/de\/#\/schema\/logo\/image\/"},"sameAs":["https:\/\/www.facebook.com\/MusiquesJuives\/","https:\/\/www.instagram.com\/musiquesjuives\/","https:\/\/www.youtube.com\/user\/musiquesjuives"]},{"@type":"Person","@id":"https:\/\/www.iemj.org\/de\/#\/schema\/person\/e2ad57f2c4be119c7ed8ab79036807a9","name":"Lea Couderc","image":{"@type":"ImageObject","inLanguage":"de","@id":"https:\/\/secure.gravatar.com\/avatar\/46ee021475d60aeff17a7e490b79dea5a5684bb392ab7fd1494027411df8ba23?s=96&d=mm&r=g","url":"https:\/\/secure.gravatar.com\/avatar\/46ee021475d60aeff17a7e490b79dea5a5684bb392ab7fd1494027411df8ba23?s=96&d=mm&r=g","contentUrl":"https:\/\/secure.gravatar.com\/avatar\/46ee021475d60aeff17a7e490b79dea5a5684bb392ab7fd1494027411df8ba23?s=96&d=mm&r=g","caption":"Lea Couderc"}}]}},"_links":{"self":[{"href":"https:\/\/www.iemj.org\/de\/wp-json\/wp\/v2\/posts\/89321","targetHints":{"allow":["GET"]}}],"collection":[{"href":"https:\/\/www.iemj.org\/de\/wp-json\/wp\/v2\/posts"}],"about":[{"href":"https:\/\/www.iemj.org\/de\/wp-json\/wp\/v2\/types\/post"}],"author":[{"embeddable":true,"href":"https:\/\/www.iemj.org\/de\/wp-json\/wp\/v2\/users\/1052"}],"replies":[{"embeddable":true,"href":"https:\/\/www.iemj.org\/de\/wp-json\/wp\/v2\/comments?post=89321"}],"version-history":[{"count":0,"href":"https:\/\/www.iemj.org\/de\/wp-json\/wp\/v2\/posts\/89321\/revisions"}],"wp:featuredmedia":[{"embeddable":true,"href":"https:\/\/www.iemj.org\/de\/wp-json\/wp\/v2\/media\/89322"}],"wp:attachment":[{"href":"https:\/\/www.iemj.org\/de\/wp-json\/wp\/v2\/media?parent=89321"}],"wp:term":[{"taxonomy":"category","embeddable":true,"href":"https:\/\/www.iemj.org\/de\/wp-json\/wp\/v2\/categories?post=89321"},{"taxonomy":"post_tag","embeddable":true,"href":"https:\/\/www.iemj.org\/de\/wp-json\/wp\/v2\/tags?post=89321"},{"taxonomy":"technique","embeddable":true,"href":"https:\/\/www.iemj.org\/de\/wp-json\/wp\/v2\/technique?post=89321"},{"taxonomy":"squelettes","embeddable":true,"href":"https:\/\/www.iemj.org\/de\/wp-json\/wp\/v2\/squelettes?post=89321"},{"taxonomy":"sujet","embeddable":true,"href":"https:\/\/www.iemj.org\/de\/wp-json\/wp\/v2\/sujet?post=89321"},{"taxonomy":"formation","embeddable":true,"href":"https:\/\/www.iemj.org\/de\/wp-json\/wp\/v2\/formation?post=89321"},{"taxonomy":"genre","embeddable":true,"href":"https:\/\/www.iemj.org\/de\/wp-json\/wp\/v2\/genre?post=89321"},{"taxonomy":"fonds","embeddable":true,"href":"https:\/\/www.iemj.org\/de\/wp-json\/wp\/v2\/fonds?post=89321"},{"taxonomy":"tradition","embeddable":true,"href":"https:\/\/www.iemj.org\/de\/wp-json\/wp\/v2\/tradition?post=89321"},{"taxonomy":"type-de-contenu","embeddable":true,"href":"https:\/\/www.iemj.org\/de\/wp-json\/wp\/v2\/type-de-contenu?post=89321"},{"taxonomy":"interprete-compositeur","embeddable":true,"href":"https:\/\/www.iemj.org\/de\/wp-json\/wp\/v2\/interprete-compositeur?post=89321"},{"taxonomy":"frise","embeddable":true,"href":"https:\/\/www.iemj.org\/de\/wp-json\/wp\/v2\/frise?post=89321"},{"taxonomy":"type-devenement","embeddable":true,"href":"https:\/\/www.iemj.org\/de\/wp-json\/wp\/v2\/type-devenement?post=89321"},{"taxonomy":"tableaux-liens-externes","embeddable":true,"href":"https:\/\/www.iemj.org\/de\/wp-json\/wp\/v2\/tableaux-liens-externes?post=89321"}],"curies":[{"name":"wp","href":"https:\/\/api.w.org\/{rel}","templated":true}]}}