{"id":89365,"date":"2019-06-18T18:03:00","date_gmt":"2019-06-18T16:03:00","guid":{"rendered":"https:\/\/www.iemj.org\/ozeri-ahuva-1948-2016\/"},"modified":"2022-10-27T16:39:27","modified_gmt":"2022-10-27T14:39:27","slug":"ozeri-ahuva-1948-2016","status":"publish","type":"post","link":"https:\/\/www.iemj.org\/de\/ozeri-ahuva-1948-2016\/","title":{"rendered":"Ozeri, Ahuva (1948-2016)"},"content":{"rendered":"<p>Ahuva Ozeri (\u05d0\u05d4\u05d5\u05d1\u05d4 \u05e2\u05d5\u05d6\u05e8\u05d9) wurde am 3. M\u00e4rz 1948 in Tel Aviv in einer jemenitischen j\u00fcdischen Familie geboren. Ihr Vater starb, als sie 4 Jahre alt war. Sie hatte sieben Geschwister.<\/p>\n<p>Sie begann ihre Karriere als S\u00e4ngerin in den 1960er Jahren. Ihre Besonderheit? Sie begleitet sich selbst auf dem Bulbultarang, einem indischen Zupf- und Tasteninstrument, das sie bei Ravi Shankar zu spielen gelernt hatte. 1975 ver\u00f6ffentlichte sie ihr erstes Album <em>Wo ist der Soldat?,<\/em> dessen Lieder vom Jom-Kippur-Krieg handelten. Das Deb\u00fctalbum war ein gro\u00dfer Erfolg und es folgten viele weitere.<\/p>\n<p><img decoding=\"async\" class=\" alignright size-full wp-image-24349\" src=\"https:\/\/www.iemj.org\/wp-content\/uploads\/2019\/06\/ahuva_ozeri_avec_son_bulbul_tarang_redim.jpg\" alt=\"ahuva_ozeri_avec_son_bulbul_tarang_redim.jpg\" width=\"270\" height=\"168\" align=\"right\" \/><\/p>\n<p>Als anerkannte K\u00fcnstlerin komponierte sie zahlreiche Lieder und arbeitete als Vocal Coach f\u00fcr ber\u00fchmte K\u00fcnstler wie Zohar Argov, Daklon, Yoav Itshak, die Gruppe Hadag Nahash oder zuletzt Saguiv Cohen, dem sie zum Durchbruch in der israelischen Musikszene verhilf.<\/p>\n<p>Zohar Argov hatte seinerzeit \u00fcber seine Ausbildung bei Ahuva Ozeri berichtet:<\/p>\n<p>\u201eAls ich meine Stimme entwickeln wollte, wollte ich von den Besten lernen, also klopfte ich an die T\u00fcr der ber\u00fchmten S\u00e4ngerin Ahuva Ozeri. Ich folgte ihr zu all ihren Konzerten, um von ihren B\u00fchnenauftritten zu lernen. Ich sang ihr nebenbei etwas vor und fragte sie, ob ich richtig singe. Sie fragte mich: Was willst du von mir? Ich antwortete ihr: Ich will, dass du mir das Singen beibringst&#8230;\u201c.<\/p>\n<p><img fetchpriority=\"high\" decoding=\"async\" class=\" alignleft size-full wp-image-24351\" src=\"https:\/\/www.iemj.org\/wp-content\/uploads\/2019\/06\/ahuva_ozeri_couv_recadree_redim.jpg\" alt=\"ahuva_ozeri_couv_recadree_redim.jpg\" width=\"230\" height=\"225\" align=\"left\" \/><\/p>\n<p>Im Jahr 2000 erkrankte Ahuva Ozeri an Kehlkopfkrebs. Sie unterzog sich daraufhin mehreren chirurgischen Eingriffen. Trotz des Verlusts ihrer Stimmb\u00e4nder ver\u00f6ffentlichte sie weiterhin Musik, darunter sechs neue Alben, darunter <em>Sticker Song<\/em> mit Hadag Nahash im Jahr 2008 und <em>Maalei Demama<\/em> (Aus der Stille heraus), ihr neuestes Werk aus dem Jahr 2013, f\u00fcr das sie Lieder schrieb und komponierte, die von K\u00fcnstlern wie Berry Sakharof, Ehud Banai und Chava Alberstein interpretiert wurden.<\/p>\n<p>Ahuva Ozeri starb am 13. Dezember 2016 im Alter von 68 Jahren im Cheva Medical Center in Ramat Gan, Israel, an Krebs. Nach ihrem Tod bezeichnete Premierminister Benjamin Netanjahu sie als \u201eS\u00e4ule der mediterranen Musik in Israel\u201c. Miri Regev, die israelische Ministerin f\u00fcr Kultur und Sport, twitterte: \u201eDie Krone einer erneuerten israelischen Kultur ist heute gefallen. Ahuva (hebr\u00e4isch f\u00fcr \u201evielgeliebt\u201c), ruhe in Frieden. Ich versichere Ihnen, dass Ihre Stimme nicht f\u00fcr immer zum Schweigen gebracht wird.\u201c<\/p>\n<p><img decoding=\"async\" class=\" alignright size-full wp-image-24353\" src=\"https:\/\/www.iemj.org\/wp-content\/uploads\/2019\/06\/ahuva_ozeri_redim.jpg\" alt=\"ahuva_ozeri_redim.jpg\" width=\"250\" height=\"187\" align=\"right\" \/><\/p>\n<p>Knessetpr\u00e4sident Yuli Edelstein bezeichnete sie als \u201eeinzigartige Figur, die in ihren Melodien und Texten auf erstaunliche Weise Ost und West vermischt hat\u201c, und f\u00fcgte hinzu: \u201eIhre Hingabe an ihre Arbeit trotz aller Herausforderungen ist eine Inspirationsquelle.\u201c<\/p>\n<p>2008 erhielt Ahuva Ozeri einen Preis von der Gesellschaft der Musikautoren, Komponisten und Verleger in Israel (ACUM). Laut dem Radiosender Arutz Cheva war sie \u201eeine Gr\u00fcndermutter der Mizrahi-Musik\u201c und laut der <em>Times of Israel<\/em> \u201eeine Pionierin der israelischen Musik\u201c. Der israelische Filmemacher Uri Barbash widmete ihr einen Dokumentarfilm.<\/p>\n<p><strong>Sources :<\/strong><br \/>\nWikipedia : <a href=\"https:\/\/en.wikipedia.org\/wiki\/Ahuva_Ozeri\">https:\/\/en.wikipedia.org\/wiki\/Ahuva_Ozeri<\/a><br \/>\nTimes of Israel:\u00a0<a href=\"https:\/\/fr.timesofisrael.com\/ahuva-ozeri-chanteuse-mizrahie-pionniere-est-morte-a-68-ans\/\">https:\/\/fr.timesofisrael.com\/ahuva-ozeri-chanteuse-mizrahie-pionniere-est-morte-a-68-ans\/<\/a><\/p>\n<p>Israel Hayom : <a href=\"http:\/\/www.israelhayom.com\/site\/newsletter_article.php?id=38771\">http:\/\/www.israelhayom.com\/site\/newsletter_article.php?id=38771<\/a><\/p>\n<p><a href=\"https:\/\/www.iemj.org\/de\/la-musique-de-la-legendaire-ahuva-ozeri\/\" target=\"_blank\" rel=\"noopener\">H\u00f6ren Sie sich die Playlist der sch\u00f6nsten Lieder von Ahuva Ozeri an<\/a><\/p>\n<p><iframe src=\"https:\/\/www.youtube.com\/embed\/oISiyEdnijc\" width=\"600\" height=\"350\" frameborder=\"0\" allowfullscreen=\"allowfullscreen\"><\/iframe><\/p>\n<p><strong>Radiosendung Studio Qualita unten<\/strong><iframe src=\"https:\/\/www.youtube.com\/embed\/DvAOvZT0KOU\" width=\"600\" height=\"300\" frameborder=\"0\" allowfullscreen=\"allowfullscreen\"><\/iframe><\/p>\n","protected":false},"excerpt":{"rendered":"<p>Ahuva Ozeri (\u05d0\u05d4\u05d5\u05d1\u05d4 \u05e2\u05d5\u05d6\u05e8\u05d9) wurde am 3. M\u00e4rz 1948 in Tel Aviv in einer jemenitischen j\u00fcdischen Familie geboren. Ihr Vater starb, als sie 4 Jahre alt war. Sie hatte sieben<\/p>\n","protected":false},"author":5,"featured_media":52371,"comment_status":"closed","ping_status":"open","sticky":false,"template":"","format":"standard","meta":{"_acf_changed":false,"footnotes":""},"categories":[1415],"tags":[],"technique":[],"squelettes":[],"sujet":[],"formation":[],"genre":[1914],"fonds":[],"tradition":[],"type-de-contenu":[],"interprete-compositeur":[],"frise":[],"type-devenement":[],"tableaux-liens-externes":[],"class_list":["post-89365","post","type-post","status-publish","format-standard","has-post-thumbnail","hentry","category-biografien-de","genre-oriental-de"],"acf":[],"yoast_head":"<!-- This site is optimized with the Yoast SEO plugin v27.3 - https:\/\/yoast.com\/product\/yoast-seo-wordpress\/ -->\n<title>Ozeri, Ahuva (1948-2016) - Institut Europ\u00e9en des Musiques Juives<\/title>\n<meta name=\"robots\" content=\"index, follow, max-snippet:-1, max-image-preview:large, max-video-preview:-1\" \/>\n<link rel=\"canonical\" href=\"https:\/\/www.iemj.org\/de\/ozeri-ahuva-1948-2016\/\" \/>\n<meta property=\"og:locale\" content=\"de_DE\" \/>\n<meta property=\"og:type\" content=\"article\" \/>\n<meta property=\"og:title\" content=\"Ozeri, Ahuva (1948-2016) - Institut Europ\u00e9en des Musiques Juives\" \/>\n<meta property=\"og:description\" content=\"Ahuva Ozeri (\u05d0\u05d4\u05d5\u05d1\u05d4 \u05e2\u05d5\u05d6\u05e8\u05d9) wurde am 3. M\u00e4rz 1948 in Tel Aviv in einer jemenitischen j\u00fcdischen Familie geboren. Ihr Vater starb, als sie 4 Jahre alt war. Sie hatte sieben\" \/>\n<meta property=\"og:url\" content=\"https:\/\/www.iemj.org\/de\/ozeri-ahuva-1948-2016\/\" \/>\n<meta property=\"og:site_name\" content=\"Institut Europ\u00e9en des Musiques Juives\" \/>\n<meta property=\"article:publisher\" content=\"https:\/\/www.facebook.com\/MusiquesJuives\/\" \/>\n<meta property=\"article:published_time\" content=\"2019-06-18T16:03:00+00:00\" \/>\n<meta property=\"article:modified_time\" content=\"2022-10-27T14:39:27+00:00\" \/>\n<meta property=\"og:image\" content=\"https:\/\/www.iemj.org\/wp-content\/uploads\/2019\/06\/arton4217-e1625062945479.jpg\" \/>\n\t<meta property=\"og:image:width\" content=\"271\" \/>\n\t<meta property=\"og:image:height\" content=\"218\" \/>\n\t<meta property=\"og:image:type\" content=\"image\/jpeg\" \/>\n<meta name=\"author\" content=\"Jacqueline ROTEN\" \/>\n<meta name=\"twitter:card\" content=\"summary_large_image\" \/>\n<meta name=\"twitter:label1\" content=\"Verfasst von\" \/>\n\t<meta name=\"twitter:data1\" content=\"Jacqueline ROTEN\" \/>\n\t<meta name=\"twitter:label2\" content=\"Gesch\u00e4tzte Lesezeit\" \/>\n\t<meta name=\"twitter:data2\" content=\"4\u00a0Minuten\" \/>\n<script type=\"application\/ld+json\" class=\"yoast-schema-graph\">{\"@context\":\"https:\\\/\\\/schema.org\",\"@graph\":[{\"@type\":\"Article\",\"@id\":\"https:\\\/\\\/www.iemj.org\\\/de\\\/ozeri-ahuva-1948-2016\\\/#article\",\"isPartOf\":{\"@id\":\"https:\\\/\\\/www.iemj.org\\\/de\\\/ozeri-ahuva-1948-2016\\\/\"},\"author\":{\"name\":\"Jacqueline ROTEN\",\"@id\":\"https:\\\/\\\/www.iemj.org\\\/de\\\/#\\\/schema\\\/person\\\/358e26c18aca017fcc4cc15437f7279c\"},\"headline\":\"Ozeri, Ahuva (1948-2016)\",\"datePublished\":\"2019-06-18T16:03:00+00:00\",\"dateModified\":\"2022-10-27T14:39:27+00:00\",\"mainEntityOfPage\":{\"@id\":\"https:\\\/\\\/www.iemj.org\\\/de\\\/ozeri-ahuva-1948-2016\\\/\"},\"wordCount\":501,\"publisher\":{\"@id\":\"https:\\\/\\\/www.iemj.org\\\/de\\\/#organization\"},\"image\":{\"@id\":\"https:\\\/\\\/www.iemj.org\\\/de\\\/ozeri-ahuva-1948-2016\\\/#primaryimage\"},\"thumbnailUrl\":\"https:\\\/\\\/www.iemj.org\\\/wp-content\\\/uploads\\\/2019\\\/06\\\/arton4217-e1625062945479.jpg\",\"articleSection\":[\"Biografien\"],\"inLanguage\":\"de\"},{\"@type\":\"WebPage\",\"@id\":\"https:\\\/\\\/www.iemj.org\\\/de\\\/ozeri-ahuva-1948-2016\\\/\",\"url\":\"https:\\\/\\\/www.iemj.org\\\/de\\\/ozeri-ahuva-1948-2016\\\/\",\"name\":\"Ozeri, Ahuva (1948-2016) - Institut Europ\u00e9en des Musiques Juives\",\"isPartOf\":{\"@id\":\"https:\\\/\\\/www.iemj.org\\\/de\\\/#website\"},\"primaryImageOfPage\":{\"@id\":\"https:\\\/\\\/www.iemj.org\\\/de\\\/ozeri-ahuva-1948-2016\\\/#primaryimage\"},\"image\":{\"@id\":\"https:\\\/\\\/www.iemj.org\\\/de\\\/ozeri-ahuva-1948-2016\\\/#primaryimage\"},\"thumbnailUrl\":\"https:\\\/\\\/www.iemj.org\\\/wp-content\\\/uploads\\\/2019\\\/06\\\/arton4217-e1625062945479.jpg\",\"datePublished\":\"2019-06-18T16:03:00+00:00\",\"dateModified\":\"2022-10-27T14:39:27+00:00\",\"breadcrumb\":{\"@id\":\"https:\\\/\\\/www.iemj.org\\\/de\\\/ozeri-ahuva-1948-2016\\\/#breadcrumb\"},\"inLanguage\":\"de\",\"potentialAction\":[{\"@type\":\"ReadAction\",\"target\":[\"https:\\\/\\\/www.iemj.org\\\/de\\\/ozeri-ahuva-1948-2016\\\/\"]}]},{\"@type\":\"ImageObject\",\"inLanguage\":\"de\",\"@id\":\"https:\\\/\\\/www.iemj.org\\\/de\\\/ozeri-ahuva-1948-2016\\\/#primaryimage\",\"url\":\"https:\\\/\\\/www.iemj.org\\\/wp-content\\\/uploads\\\/2019\\\/06\\\/arton4217-e1625062945479.jpg\",\"contentUrl\":\"https:\\\/\\\/www.iemj.org\\\/wp-content\\\/uploads\\\/2019\\\/06\\\/arton4217-e1625062945479.jpg\",\"width\":271,\"height\":218},{\"@type\":\"BreadcrumbList\",\"@id\":\"https:\\\/\\\/www.iemj.org\\\/de\\\/ozeri-ahuva-1948-2016\\\/#breadcrumb\",\"itemListElement\":[{\"@type\":\"ListItem\",\"position\":1,\"name\":\"Accueil\",\"item\":\"https:\\\/\\\/www.iemj.org\\\/de\\\/\"},{\"@type\":\"ListItem\",\"position\":2,\"name\":\"Ozeri, Ahuva (1948-2016)\"}]},{\"@type\":\"WebSite\",\"@id\":\"https:\\\/\\\/www.iemj.org\\\/de\\\/#website\",\"url\":\"https:\\\/\\\/www.iemj.org\\\/de\\\/\",\"name\":\"Institut Europ\u00e9en des Musiques Juives\",\"description\":\"Des traditions musicales \u00e0 la port\u00e9e de tous\",\"publisher\":{\"@id\":\"https:\\\/\\\/www.iemj.org\\\/de\\\/#organization\"},\"potentialAction\":[{\"@type\":\"SearchAction\",\"target\":{\"@type\":\"EntryPoint\",\"urlTemplate\":\"https:\\\/\\\/www.iemj.org\\\/de\\\/?s={search_term_string}\"},\"query-input\":{\"@type\":\"PropertyValueSpecification\",\"valueRequired\":true,\"valueName\":\"search_term_string\"}}],\"inLanguage\":\"de\"},{\"@type\":\"Organization\",\"@id\":\"https:\\\/\\\/www.iemj.org\\\/de\\\/#organization\",\"name\":\"Institut Europ\u00e9en des Musiques Juives\",\"url\":\"https:\\\/\\\/www.iemj.org\\\/de\\\/\",\"logo\":{\"@type\":\"ImageObject\",\"inLanguage\":\"de\",\"@id\":\"https:\\\/\\\/www.iemj.org\\\/de\\\/#\\\/schema\\\/logo\\\/image\\\/\",\"url\":\"https:\\\/\\\/www.iemj.org\\\/wp-content\\\/uploads\\\/2021\\\/09\\\/Logo-IEMJ-Paypal.jpg\",\"contentUrl\":\"https:\\\/\\\/www.iemj.org\\\/wp-content\\\/uploads\\\/2021\\\/09\\\/Logo-IEMJ-Paypal.jpg\",\"width\":150,\"height\":50,\"caption\":\"Institut Europ\u00e9en des Musiques Juives\"},\"image\":{\"@id\":\"https:\\\/\\\/www.iemj.org\\\/de\\\/#\\\/schema\\\/logo\\\/image\\\/\"},\"sameAs\":[\"https:\\\/\\\/www.facebook.com\\\/MusiquesJuives\\\/\",\"https:\\\/\\\/www.instagram.com\\\/musiquesjuives\\\/\",\"https:\\\/\\\/www.youtube.com\\\/user\\\/musiquesjuives\"]},{\"@type\":\"Person\",\"@id\":\"https:\\\/\\\/www.iemj.org\\\/de\\\/#\\\/schema\\\/person\\\/358e26c18aca017fcc4cc15437f7279c\",\"name\":\"Jacqueline ROTEN\",\"image\":{\"@type\":\"ImageObject\",\"inLanguage\":\"de\",\"@id\":\"https:\\\/\\\/secure.gravatar.com\\\/avatar\\\/5964256d6c6957de3a3505278957e0fb2a35119ac47ea41827a65301213c810b?s=96&d=mm&r=g\",\"url\":\"https:\\\/\\\/secure.gravatar.com\\\/avatar\\\/5964256d6c6957de3a3505278957e0fb2a35119ac47ea41827a65301213c810b?s=96&d=mm&r=g\",\"contentUrl\":\"https:\\\/\\\/secure.gravatar.com\\\/avatar\\\/5964256d6c6957de3a3505278957e0fb2a35119ac47ea41827a65301213c810b?s=96&d=mm&r=g\",\"caption\":\"Jacqueline ROTEN\"}}]}<\/script>\n<!-- \/ Yoast SEO plugin. -->","yoast_head_json":{"title":"Ozeri, Ahuva (1948-2016) - Institut Europ\u00e9en des Musiques Juives","robots":{"index":"index","follow":"follow","max-snippet":"max-snippet:-1","max-image-preview":"max-image-preview:large","max-video-preview":"max-video-preview:-1"},"canonical":"https:\/\/www.iemj.org\/de\/ozeri-ahuva-1948-2016\/","og_locale":"de_DE","og_type":"article","og_title":"Ozeri, Ahuva (1948-2016) - Institut Europ\u00e9en des Musiques Juives","og_description":"Ahuva Ozeri (\u05d0\u05d4\u05d5\u05d1\u05d4 \u05e2\u05d5\u05d6\u05e8\u05d9) wurde am 3. M\u00e4rz 1948 in Tel Aviv in einer jemenitischen j\u00fcdischen Familie geboren. Ihr Vater starb, als sie 4 Jahre alt war. Sie hatte sieben","og_url":"https:\/\/www.iemj.org\/de\/ozeri-ahuva-1948-2016\/","og_site_name":"Institut Europ\u00e9en des Musiques Juives","article_publisher":"https:\/\/www.facebook.com\/MusiquesJuives\/","article_published_time":"2019-06-18T16:03:00+00:00","article_modified_time":"2022-10-27T14:39:27+00:00","og_image":[{"width":271,"height":218,"url":"https:\/\/www.iemj.org\/wp-content\/uploads\/2019\/06\/arton4217-e1625062945479.jpg","type":"image\/jpeg"}],"author":"Jacqueline ROTEN","twitter_card":"summary_large_image","twitter_misc":{"Verfasst von":"Jacqueline ROTEN","Gesch\u00e4tzte Lesezeit":"4\u00a0Minuten"},"schema":{"@context":"https:\/\/schema.org","@graph":[{"@type":"Article","@id":"https:\/\/www.iemj.org\/de\/ozeri-ahuva-1948-2016\/#article","isPartOf":{"@id":"https:\/\/www.iemj.org\/de\/ozeri-ahuva-1948-2016\/"},"author":{"name":"Jacqueline ROTEN","@id":"https:\/\/www.iemj.org\/de\/#\/schema\/person\/358e26c18aca017fcc4cc15437f7279c"},"headline":"Ozeri, Ahuva (1948-2016)","datePublished":"2019-06-18T16:03:00+00:00","dateModified":"2022-10-27T14:39:27+00:00","mainEntityOfPage":{"@id":"https:\/\/www.iemj.org\/de\/ozeri-ahuva-1948-2016\/"},"wordCount":501,"publisher":{"@id":"https:\/\/www.iemj.org\/de\/#organization"},"image":{"@id":"https:\/\/www.iemj.org\/de\/ozeri-ahuva-1948-2016\/#primaryimage"},"thumbnailUrl":"https:\/\/www.iemj.org\/wp-content\/uploads\/2019\/06\/arton4217-e1625062945479.jpg","articleSection":["Biografien"],"inLanguage":"de"},{"@type":"WebPage","@id":"https:\/\/www.iemj.org\/de\/ozeri-ahuva-1948-2016\/","url":"https:\/\/www.iemj.org\/de\/ozeri-ahuva-1948-2016\/","name":"Ozeri, Ahuva (1948-2016) - Institut Europ\u00e9en des Musiques Juives","isPartOf":{"@id":"https:\/\/www.iemj.org\/de\/#website"},"primaryImageOfPage":{"@id":"https:\/\/www.iemj.org\/de\/ozeri-ahuva-1948-2016\/#primaryimage"},"image":{"@id":"https:\/\/www.iemj.org\/de\/ozeri-ahuva-1948-2016\/#primaryimage"},"thumbnailUrl":"https:\/\/www.iemj.org\/wp-content\/uploads\/2019\/06\/arton4217-e1625062945479.jpg","datePublished":"2019-06-18T16:03:00+00:00","dateModified":"2022-10-27T14:39:27+00:00","breadcrumb":{"@id":"https:\/\/www.iemj.org\/de\/ozeri-ahuva-1948-2016\/#breadcrumb"},"inLanguage":"de","potentialAction":[{"@type":"ReadAction","target":["https:\/\/www.iemj.org\/de\/ozeri-ahuva-1948-2016\/"]}]},{"@type":"ImageObject","inLanguage":"de","@id":"https:\/\/www.iemj.org\/de\/ozeri-ahuva-1948-2016\/#primaryimage","url":"https:\/\/www.iemj.org\/wp-content\/uploads\/2019\/06\/arton4217-e1625062945479.jpg","contentUrl":"https:\/\/www.iemj.org\/wp-content\/uploads\/2019\/06\/arton4217-e1625062945479.jpg","width":271,"height":218},{"@type":"BreadcrumbList","@id":"https:\/\/www.iemj.org\/de\/ozeri-ahuva-1948-2016\/#breadcrumb","itemListElement":[{"@type":"ListItem","position":1,"name":"Accueil","item":"https:\/\/www.iemj.org\/de\/"},{"@type":"ListItem","position":2,"name":"Ozeri, Ahuva (1948-2016)"}]},{"@type":"WebSite","@id":"https:\/\/www.iemj.org\/de\/#website","url":"https:\/\/www.iemj.org\/de\/","name":"Institut Europ\u00e9en des Musiques Juives","description":"Des traditions musicales \u00e0 la port\u00e9e de tous","publisher":{"@id":"https:\/\/www.iemj.org\/de\/#organization"},"potentialAction":[{"@type":"SearchAction","target":{"@type":"EntryPoint","urlTemplate":"https:\/\/www.iemj.org\/de\/?s={search_term_string}"},"query-input":{"@type":"PropertyValueSpecification","valueRequired":true,"valueName":"search_term_string"}}],"inLanguage":"de"},{"@type":"Organization","@id":"https:\/\/www.iemj.org\/de\/#organization","name":"Institut Europ\u00e9en des Musiques Juives","url":"https:\/\/www.iemj.org\/de\/","logo":{"@type":"ImageObject","inLanguage":"de","@id":"https:\/\/www.iemj.org\/de\/#\/schema\/logo\/image\/","url":"https:\/\/www.iemj.org\/wp-content\/uploads\/2021\/09\/Logo-IEMJ-Paypal.jpg","contentUrl":"https:\/\/www.iemj.org\/wp-content\/uploads\/2021\/09\/Logo-IEMJ-Paypal.jpg","width":150,"height":50,"caption":"Institut Europ\u00e9en des Musiques Juives"},"image":{"@id":"https:\/\/www.iemj.org\/de\/#\/schema\/logo\/image\/"},"sameAs":["https:\/\/www.facebook.com\/MusiquesJuives\/","https:\/\/www.instagram.com\/musiquesjuives\/","https:\/\/www.youtube.com\/user\/musiquesjuives"]},{"@type":"Person","@id":"https:\/\/www.iemj.org\/de\/#\/schema\/person\/358e26c18aca017fcc4cc15437f7279c","name":"Jacqueline ROTEN","image":{"@type":"ImageObject","inLanguage":"de","@id":"https:\/\/secure.gravatar.com\/avatar\/5964256d6c6957de3a3505278957e0fb2a35119ac47ea41827a65301213c810b?s=96&d=mm&r=g","url":"https:\/\/secure.gravatar.com\/avatar\/5964256d6c6957de3a3505278957e0fb2a35119ac47ea41827a65301213c810b?s=96&d=mm&r=g","contentUrl":"https:\/\/secure.gravatar.com\/avatar\/5964256d6c6957de3a3505278957e0fb2a35119ac47ea41827a65301213c810b?s=96&d=mm&r=g","caption":"Jacqueline ROTEN"}}]}},"_links":{"self":[{"href":"https:\/\/www.iemj.org\/de\/wp-json\/wp\/v2\/posts\/89365","targetHints":{"allow":["GET"]}}],"collection":[{"href":"https:\/\/www.iemj.org\/de\/wp-json\/wp\/v2\/posts"}],"about":[{"href":"https:\/\/www.iemj.org\/de\/wp-json\/wp\/v2\/types\/post"}],"author":[{"embeddable":true,"href":"https:\/\/www.iemj.org\/de\/wp-json\/wp\/v2\/users\/5"}],"replies":[{"embeddable":true,"href":"https:\/\/www.iemj.org\/de\/wp-json\/wp\/v2\/comments?post=89365"}],"version-history":[{"count":0,"href":"https:\/\/www.iemj.org\/de\/wp-json\/wp\/v2\/posts\/89365\/revisions"}],"wp:featuredmedia":[{"embeddable":true,"href":"https:\/\/www.iemj.org\/de\/wp-json\/wp\/v2\/media\/52371"}],"wp:attachment":[{"href":"https:\/\/www.iemj.org\/de\/wp-json\/wp\/v2\/media?parent=89365"}],"wp:term":[{"taxonomy":"category","embeddable":true,"href":"https:\/\/www.iemj.org\/de\/wp-json\/wp\/v2\/categories?post=89365"},{"taxonomy":"post_tag","embeddable":true,"href":"https:\/\/www.iemj.org\/de\/wp-json\/wp\/v2\/tags?post=89365"},{"taxonomy":"technique","embeddable":true,"href":"https:\/\/www.iemj.org\/de\/wp-json\/wp\/v2\/technique?post=89365"},{"taxonomy":"squelettes","embeddable":true,"href":"https:\/\/www.iemj.org\/de\/wp-json\/wp\/v2\/squelettes?post=89365"},{"taxonomy":"sujet","embeddable":true,"href":"https:\/\/www.iemj.org\/de\/wp-json\/wp\/v2\/sujet?post=89365"},{"taxonomy":"formation","embeddable":true,"href":"https:\/\/www.iemj.org\/de\/wp-json\/wp\/v2\/formation?post=89365"},{"taxonomy":"genre","embeddable":true,"href":"https:\/\/www.iemj.org\/de\/wp-json\/wp\/v2\/genre?post=89365"},{"taxonomy":"fonds","embeddable":true,"href":"https:\/\/www.iemj.org\/de\/wp-json\/wp\/v2\/fonds?post=89365"},{"taxonomy":"tradition","embeddable":true,"href":"https:\/\/www.iemj.org\/de\/wp-json\/wp\/v2\/tradition?post=89365"},{"taxonomy":"type-de-contenu","embeddable":true,"href":"https:\/\/www.iemj.org\/de\/wp-json\/wp\/v2\/type-de-contenu?post=89365"},{"taxonomy":"interprete-compositeur","embeddable":true,"href":"https:\/\/www.iemj.org\/de\/wp-json\/wp\/v2\/interprete-compositeur?post=89365"},{"taxonomy":"frise","embeddable":true,"href":"https:\/\/www.iemj.org\/de\/wp-json\/wp\/v2\/frise?post=89365"},{"taxonomy":"type-devenement","embeddable":true,"href":"https:\/\/www.iemj.org\/de\/wp-json\/wp\/v2\/type-devenement?post=89365"},{"taxonomy":"tableaux-liens-externes","embeddable":true,"href":"https:\/\/www.iemj.org\/de\/wp-json\/wp\/v2\/tableaux-liens-externes?post=89365"}],"curies":[{"name":"wp","href":"https:\/\/api.w.org\/{rel}","templated":true}]}}